{"id":44212,"date":"2025-08-14T13:00:05","date_gmt":"2025-08-14T16:00:05","guid":{"rendered":"https:\/\/newsinfoco.com.br\/inicio\/?p=44212"},"modified":"2025-08-14T13:00:05","modified_gmt":"2025-08-14T16:00:05","slug":"melhorias-na-avenida-luis-viana-avancam-com-acoes-de-zeladoria-em-alagoinhas","status":"publish","type":"post","link":"https:\/\/newsinfoco.com.br\/inicio\/melhorias-na-avenida-luis-viana-avancam-com-acoes-de-zeladoria-em-alagoinhas\/","title":{"rendered":"Melhorias na avenida Lu\u00eds Viana avan\u00e7am com a\u00e7\u00f5es de zeladoria em Alagoinhas"},"content":{"rendered":"<p>A Prefeitura de Alagoinhas, por meio do trabalho de zeladoria da Secretaria Municipal de Manuten\u00e7\u00e3o (Seman), realiza melhorias na regi\u00e3o da avenida Lu\u00eds Viana, com o intuito de facilitar a vida de pedestres e condutores que circulam pela regi\u00e3o. O trabalho de microrrevestimento compreende cerca de 800 metros, que receber\u00e3o, na sequ\u00eancia, a sinaliza\u00e7\u00e3o horizontal por parte das equipes da Superintend\u00eancia Municipal de Tr\u00e2nsito (SMT).<\/p>\n<p>\u201cAs a\u00e7\u00f5es de zeladoria de Alagoinhas est\u00e3o avan\u00e7ando. Estamos fazendo essa melhoria da Lu\u00eds Viana, local de grande movimento de tr\u00e2nsito, onde muitas pessoas praticam atividade f\u00edsica. Al\u00e9m dessa regi\u00e3o, outras \u00e1reas de nossa cidade est\u00e3o recebendo interven\u00e7\u00f5es, sejam de tapa-buraco, melhoria da ilumina\u00e7\u00e3o, mutir\u00f5es de limpeza e outras a\u00e7\u00f5es. \u00c9 assim, trabalhando juntos, que teremos uma cidade cada vez mais bonita\u201d, enfatiza o prefeito Gustavo Carmo, que esteve na \u00e1rea averiguando o trabalho dos t\u00e9cnicos da Seman.<\/p>\n<p>A ciclista Elizete de Santana Portugal, que diariamente circula pela avenida, reconhece que o trabalho de melhoria da cidade vem acontecendo em prol de facilitar o cotidiano das pessoas. \u201cEssas melhorias com certeza v\u00e3o contribuir para a mobilidade urbana. Essa quest\u00e3o da melhoria precisa acontecer com frequ\u00eancia, pois h\u00e1 v\u00e1rias demandas de acessibilidade nas proximidades dessa avenida como, por exemplo, col\u00e9gios em volta, muitos estudantes circulando, muito movimento de tr\u00e2nsito. Tanto a quest\u00e3o do revestimento quanto a sinaliza\u00e7\u00e3o aqui s\u00e3o essenciais, pois n\u00f3s andamos por toda a cidade e precisamos de um espa\u00e7o seguro\u201d, avalia.<\/p>\n<p>Segundo informa o assessor t\u00e9cnico da Seman, Raphael Ferr\u00e3o, a Seman trabalha com mapeamentos de todas as \u00e1reas de Alagoinhas, e realiza o planejamento tipo \u201cFCA\u201d (fato-causa-a\u00e7\u00e3o). \u201cIdentificamos o que \u00e9 o fato, analisamos a causa do problema e desempenhamos a a\u00e7\u00e3o para que aquele problema n\u00e3o volte a acontecer. Dessa forma conseguimos mirar na excel\u00eancia\u201d, pontua Raphael, que reitera ainda que a Seman vem atuando tamb\u00e9m em casos emergenciais.<\/p>\n<p>\u201cCaso ocorram alagamentos, desabamentos, n\u00f3s entramos, em parceria com a Defesa Civil, mobilizamos as equipes rapidamente. Dessa forma, a programa\u00e7\u00e3o das equipes n\u00e3o \u00e9 apenas reativa, mas tamb\u00e9m proativa, j\u00e1 que buscamos garantir um ambiente urbano mais limpo, seguro e agrad\u00e1vel para todos os nossos cidad\u00e3os\u201d.<\/p>\n<p>&nbsp;<\/p>\n<div class='share-to-whatsapp-wrapper'><div class='share-on-whsp'>Share on: <\/div><a data-text='Melhorias na avenida Lu\u00eds Viana avan\u00e7am com a\u00e7\u00f5es de zeladoria em Alagoinhas' data-link='https:\/\/newsinfoco.com.br\/inicio\/melhorias-na-avenida-luis-viana-avancam-com-acoes-de-zeladoria-em-alagoinhas\/' class='whatsapp-button whatsapp-share'>WhatsApp<\/a><div class='clear '><\/div><\/div>","protected":false},"excerpt":{"rendered":"<p>A Prefeitura de Alagoinhas, por meio do trabalho de zeladoria da Secretaria Municipal de Manuten\u00e7\u00e3o (Seman), realiza melhorias na regi\u00e3o da avenida Lu\u00eds Viana, com o intuito de facilitar a vida de pedestres e condutores que circulam pela regi\u00e3o. O trabalho de microrrevestimento compreende cerca de 800 metros, que receber\u00e3o, na sequ\u00eancia, a sinaliza\u00e7\u00e3o horizontal [&hellip;]<\/p>\n","protected":false},"author":1,"featured_media":44214,"comment_status":"closed","ping_status":"closed","sticky":false,"template":"","format":"standard","meta":{"om_disable_all_campaigns":false,"rop_custom_images_group":[],"rop_custom_messages_group":[],"rop_publish_now":"initial","rop_publish_now_accounts":[],"rop_publish_now_history":[],"rop_publish_now_status":"pending","_exactmetrics_skip_tracking":false,"footnotes":""},"categories":[38,167],"tags":[],"class_list":["post-44212","post","type-post","status-publish","format-standard","has-post-thumbnail","hentry","category-alagoinhas-e-regiao","category-exclusivas"],"aioseo_notices":[],"aioseo_head":"\n\t\t<!-- All in One SEO 4.9.10 - aioseo.com -->\n\t<meta name=\"description\" content=\"A Prefeitura de Alagoinhas, por meio do trabalho de zeladoria da Secretaria Municipal de Manuten\u00e7\u00e3o (Seman), realiza melhorias na regi\u00e3o da avenida Lu\u00eds Viana, com o intuito de facilitar a vida de pedestres e condutores que circulam pela regi\u00e3o. O trabalho de microrrevestimento compreende cerca de 800 metros, que receber\u00e3o, na sequ\u00eancia, a sinaliza\u00e7\u00e3o horizontal\" \/>\n\t<meta name=\"robots\" content=\"max-image-preview:large\" \/>\n\t<meta name=\"author\" content=\"administrador\"\/>\n\t<link rel=\"canonical\" href=\"https:\/\/newsinfoco.com.br\/inicio\/melhorias-na-avenida-luis-viana-avancam-com-acoes-de-zeladoria-em-alagoinhas\/\" \/>\n\t<meta name=\"generator\" content=\"All in One SEO (AIOSEO) 4.9.10\" \/>\n\t\t<meta property=\"og:locale\" content=\"pt_BR\" \/>\n\t\t<meta property=\"og:site_name\" content=\"News In Foco - Editado por Caio Pimenta - O principal site de noticias de Alagoinhas e regi\u00e3o\" \/>\n\t\t<meta property=\"og:type\" content=\"article\" \/>\n\t\t<meta property=\"og:title\" content=\"Melhorias na avenida Lu\u00eds Viana avan\u00e7am com a\u00e7\u00f5es de zeladoria em Alagoinhas - News In Foco - Editado por Caio Pimenta\" \/>\n\t\t<meta property=\"og:description\" content=\"A Prefeitura de Alagoinhas, por meio do trabalho de zeladoria da Secretaria Municipal de Manuten\u00e7\u00e3o (Seman), realiza melhorias na regi\u00e3o da avenida Lu\u00eds Viana, com o intuito de facilitar a vida de pedestres e condutores que circulam pela regi\u00e3o. O trabalho de microrrevestimento compreende cerca de 800 metros, que receber\u00e3o, na sequ\u00eancia, a sinaliza\u00e7\u00e3o horizontal\" \/>\n\t\t<meta property=\"og:url\" content=\"https:\/\/newsinfoco.com.br\/inicio\/melhorias-na-avenida-luis-viana-avancam-com-acoes-de-zeladoria-em-alagoinhas\/\" \/>\n\t\t<meta property=\"article:published_time\" content=\"2025-08-14T16:00:05+00:00\" \/>\n\t\t<meta property=\"article:modified_time\" content=\"2025-08-14T16:00:05+00:00\" \/>\n\t\t<meta name=\"twitter:card\" content=\"summary_large_image\" \/>\n\t\t<meta name=\"twitter:title\" content=\"Melhorias na avenida Lu\u00eds Viana avan\u00e7am com a\u00e7\u00f5es de zeladoria em Alagoinhas - News In Foco - Editado por Caio Pimenta\" \/>\n\t\t<meta name=\"twitter:description\" content=\"A Prefeitura de Alagoinhas, por meio do trabalho de zeladoria da Secretaria Municipal de Manuten\u00e7\u00e3o (Seman), realiza melhorias na regi\u00e3o da avenida Lu\u00eds Viana, com o intuito de facilitar a vida de pedestres e condutores que circulam pela regi\u00e3o. O trabalho de microrrevestimento compreende cerca de 800 metros, que receber\u00e3o, na sequ\u00eancia, a sinaliza\u00e7\u00e3o horizontal\" \/>\n\t\t<script type=\"application\/ld+json\" class=\"aioseo-schema\">\n\t\t\t{\"@context\":\"https:\\\/\\\/schema.org\",\"@graph\":[{\"@type\":\"BlogPosting\",\"@id\":\"https:\\\/\\\/newsinfoco.com.br\\\/inicio\\\/melhorias-na-avenida-luis-viana-avancam-com-acoes-de-zeladoria-em-alagoinhas\\\/#blogposting\",\"name\":\"Melhorias na avenida Lu\\u00eds Viana avan\\u00e7am com a\\u00e7\\u00f5es de zeladoria em Alagoinhas - News In Foco - Editado por Caio Pimenta\",\"headline\":\"Melhorias na avenida Lu\\u00eds Viana avan\\u00e7am com a\\u00e7\\u00f5es de zeladoria em Alagoinhas\",\"author\":{\"@id\":\"https:\\\/\\\/newsinfoco.com.br\\\/inicio\\\/author\\\/administrador\\\/#author\"},\"publisher\":{\"@id\":\"https:\\\/\\\/newsinfoco.com.br\\\/inicio\\\/#organization\"},\"image\":{\"@type\":\"ImageObject\",\"url\":\"https:\\\/\\\/newsinfoco.com.br\\\/inicio\\\/wp-content\\\/uploads\\\/2025\\\/08\\\/WhatsApp-Image-2025-08-13-at-10.58.02.jpeg\",\"width\":1280,\"height\":720},\"datePublished\":\"2025-08-14T13:00:05-03:00\",\"dateModified\":\"2025-08-14T13:00:05-03:00\",\"inLanguage\":\"pt-BR\",\"mainEntityOfPage\":{\"@id\":\"https:\\\/\\\/newsinfoco.com.br\\\/inicio\\\/melhorias-na-avenida-luis-viana-avancam-com-acoes-de-zeladoria-em-alagoinhas\\\/#webpage\"},\"isPartOf\":{\"@id\":\"https:\\\/\\\/newsinfoco.com.br\\\/inicio\\\/melhorias-na-avenida-luis-viana-avancam-com-acoes-de-zeladoria-em-alagoinhas\\\/#webpage\"},\"articleSection\":\"Alagoinhas e Regi\\u00e3o, Manchete\"},{\"@type\":\"BreadcrumbList\",\"@id\":\"https:\\\/\\\/newsinfoco.com.br\\\/inicio\\\/melhorias-na-avenida-luis-viana-avancam-com-acoes-de-zeladoria-em-alagoinhas\\\/#breadcrumblist\",\"itemListElement\":[{\"@type\":\"ListItem\",\"@id\":\"https:\\\/\\\/newsinfoco.com.br\\\/inicio#listItem\",\"position\":1,\"name\":\"In\\u00edcio\",\"item\":\"https:\\\/\\\/newsinfoco.com.br\\\/inicio\",\"nextItem\":{\"@type\":\"ListItem\",\"@id\":\"https:\\\/\\\/newsinfoco.com.br\\\/inicio\\\/category\\\/alagoinhas-e-regiao\\\/#listItem\",\"name\":\"Alagoinhas e Regi\\u00e3o\"}},{\"@type\":\"ListItem\",\"@id\":\"https:\\\/\\\/newsinfoco.com.br\\\/inicio\\\/category\\\/alagoinhas-e-regiao\\\/#listItem\",\"position\":2,\"name\":\"Alagoinhas e Regi\\u00e3o\",\"item\":\"https:\\\/\\\/newsinfoco.com.br\\\/inicio\\\/category\\\/alagoinhas-e-regiao\\\/\",\"nextItem\":{\"@type\":\"ListItem\",\"@id\":\"https:\\\/\\\/newsinfoco.com.br\\\/inicio\\\/melhorias-na-avenida-luis-viana-avancam-com-acoes-de-zeladoria-em-alagoinhas\\\/#listItem\",\"name\":\"Melhorias na avenida Lu\\u00eds Viana avan\\u00e7am com a\\u00e7\\u00f5es de zeladoria em Alagoinhas\"},\"previousItem\":{\"@type\":\"ListItem\",\"@id\":\"https:\\\/\\\/newsinfoco.com.br\\\/inicio#listItem\",\"name\":\"In\\u00edcio\"}},{\"@type\":\"ListItem\",\"@id\":\"https:\\\/\\\/newsinfoco.com.br\\\/inicio\\\/melhorias-na-avenida-luis-viana-avancam-com-acoes-de-zeladoria-em-alagoinhas\\\/#listItem\",\"position\":3,\"name\":\"Melhorias na avenida Lu\\u00eds Viana avan\\u00e7am com a\\u00e7\\u00f5es de zeladoria em Alagoinhas\",\"previousItem\":{\"@type\":\"ListItem\",\"@id\":\"https:\\\/\\\/newsinfoco.com.br\\\/inicio\\\/category\\\/alagoinhas-e-regiao\\\/#listItem\",\"name\":\"Alagoinhas e Regi\\u00e3o\"}}]},{\"@type\":\"Organization\",\"@id\":\"https:\\\/\\\/newsinfoco.com.br\\\/inicio\\\/#organization\",\"name\":\"News In Foco - Editado por Caio Pimenta\",\"description\":\"O principal site de noticias de Alagoinhas e regi\\u00e3o\",\"url\":\"https:\\\/\\\/newsinfoco.com.br\\\/inicio\\\/\"},{\"@type\":\"Person\",\"@id\":\"https:\\\/\\\/newsinfoco.com.br\\\/inicio\\\/author\\\/administrador\\\/#author\",\"url\":\"https:\\\/\\\/newsinfoco.com.br\\\/inicio\\\/author\\\/administrador\\\/\",\"name\":\"administrador\",\"image\":{\"@type\":\"ImageObject\",\"@id\":\"https:\\\/\\\/newsinfoco.com.br\\\/inicio\\\/melhorias-na-avenida-luis-viana-avancam-com-acoes-de-zeladoria-em-alagoinhas\\\/#authorImage\",\"url\":\"https:\\\/\\\/secure.gravatar.com\\\/avatar\\\/c17a617433de8c1dc9584bb79aab7563b46f5bb7e1728c9b17d9cc3ce6a08e49?s=96&d=mm&r=g\",\"width\":96,\"height\":96,\"caption\":\"administrador\"}},{\"@type\":\"WebPage\",\"@id\":\"https:\\\/\\\/newsinfoco.com.br\\\/inicio\\\/melhorias-na-avenida-luis-viana-avancam-com-acoes-de-zeladoria-em-alagoinhas\\\/#webpage\",\"url\":\"https:\\\/\\\/newsinfoco.com.br\\\/inicio\\\/melhorias-na-avenida-luis-viana-avancam-com-acoes-de-zeladoria-em-alagoinhas\\\/\",\"name\":\"Melhorias na avenida Lu\\u00eds Viana avan\\u00e7am com a\\u00e7\\u00f5es de zeladoria em Alagoinhas - News In Foco - Editado por Caio Pimenta\",\"description\":\"A Prefeitura de Alagoinhas, por meio do trabalho de zeladoria da Secretaria Municipal de Manuten\\u00e7\\u00e3o (Seman), realiza melhorias na regi\\u00e3o da avenida Lu\\u00eds Viana, com o intuito de facilitar a vida de pedestres e condutores que circulam pela regi\\u00e3o. O trabalho de microrrevestimento compreende cerca de 800 metros, que receber\\u00e3o, na sequ\\u00eancia, a sinaliza\\u00e7\\u00e3o horizontal\",\"inLanguage\":\"pt-BR\",\"isPartOf\":{\"@id\":\"https:\\\/\\\/newsinfoco.com.br\\\/inicio\\\/#website\"},\"breadcrumb\":{\"@id\":\"https:\\\/\\\/newsinfoco.com.br\\\/inicio\\\/melhorias-na-avenida-luis-viana-avancam-com-acoes-de-zeladoria-em-alagoinhas\\\/#breadcrumblist\"},\"author\":{\"@id\":\"https:\\\/\\\/newsinfoco.com.br\\\/inicio\\\/author\\\/administrador\\\/#author\"},\"creator\":{\"@id\":\"https:\\\/\\\/newsinfoco.com.br\\\/inicio\\\/author\\\/administrador\\\/#author\"},\"image\":{\"@type\":\"ImageObject\",\"url\":\"https:\\\/\\\/newsinfoco.com.br\\\/inicio\\\/wp-content\\\/uploads\\\/2025\\\/08\\\/WhatsApp-Image-2025-08-13-at-10.58.02.jpeg\",\"@id\":\"https:\\\/\\\/newsinfoco.com.br\\\/inicio\\\/melhorias-na-avenida-luis-viana-avancam-com-acoes-de-zeladoria-em-alagoinhas\\\/#mainImage\",\"width\":1280,\"height\":720},\"primaryImageOfPage\":{\"@id\":\"https:\\\/\\\/newsinfoco.com.br\\\/inicio\\\/melhorias-na-avenida-luis-viana-avancam-com-acoes-de-zeladoria-em-alagoinhas\\\/#mainImage\"},\"datePublished\":\"2025-08-14T13:00:05-03:00\",\"dateModified\":\"2025-08-14T13:00:05-03:00\"},{\"@type\":\"WebSite\",\"@id\":\"https:\\\/\\\/newsinfoco.com.br\\\/inicio\\\/#website\",\"url\":\"https:\\\/\\\/newsinfoco.com.br\\\/inicio\\\/\",\"name\":\"News In Foco - Editado por Caio Pimenta\",\"description\":\"O principal site de noticias de Alagoinhas e regi\\u00e3o\",\"inLanguage\":\"pt-BR\",\"publisher\":{\"@id\":\"https:\\\/\\\/newsinfoco.com.br\\\/inicio\\\/#organization\"}}]}\n\t\t<\/script>\n\t\t<!-- All in One SEO -->\n\n","aioseo_head_json":{"title":"Melhorias na avenida Lu\u00eds Viana avan\u00e7am com a\u00e7\u00f5es de zeladoria em Alagoinhas - News In Foco - Editado por Caio Pimenta","description":"A Prefeitura de Alagoinhas, por meio do trabalho de zeladoria da Secretaria Municipal de Manuten\u00e7\u00e3o (Seman), realiza melhorias na regi\u00e3o da avenida Lu\u00eds Viana, com o intuito de facilitar a vida de pedestres e condutores que circulam pela regi\u00e3o. O trabalho de microrrevestimento compreende cerca de 800 metros, que receber\u00e3o, na sequ\u00eancia, a sinaliza\u00e7\u00e3o horizontal","canonical_url":"https:\/\/newsinfoco.com.br\/inicio\/melhorias-na-avenida-luis-viana-avancam-com-acoes-de-zeladoria-em-alagoinhas\/","robots":"max-image-preview:large","keywords":"","webmasterTools":{"miscellaneous":""},"schema":{"@context":"https:\/\/schema.org","@graph":[{"@type":"BlogPosting","@id":"https:\/\/newsinfoco.com.br\/inicio\/melhorias-na-avenida-luis-viana-avancam-com-acoes-de-zeladoria-em-alagoinhas\/#blogposting","name":"Melhorias na avenida Lu\u00eds Viana avan\u00e7am com a\u00e7\u00f5es de zeladoria em Alagoinhas - News In Foco - Editado por Caio Pimenta","headline":"Melhorias na avenida Lu\u00eds Viana avan\u00e7am com a\u00e7\u00f5es de zeladoria em Alagoinhas","author":{"@id":"https:\/\/newsinfoco.com.br\/inicio\/author\/administrador\/#author"},"publisher":{"@id":"https:\/\/newsinfoco.com.br\/inicio\/#organization"},"image":{"@type":"ImageObject","url":"https:\/\/newsinfoco.com.br\/inicio\/wp-content\/uploads\/2025\/08\/WhatsApp-Image-2025-08-13-at-10.58.02.jpeg","width":1280,"height":720},"datePublished":"2025-08-14T13:00:05-03:00","dateModified":"2025-08-14T13:00:05-03:00","inLanguage":"pt-BR","mainEntityOfPage":{"@id":"https:\/\/newsinfoco.com.br\/inicio\/melhorias-na-avenida-luis-viana-avancam-com-acoes-de-zeladoria-em-alagoinhas\/#webpage"},"isPartOf":{"@id":"https:\/\/newsinfoco.com.br\/inicio\/melhorias-na-avenida-luis-viana-avancam-com-acoes-de-zeladoria-em-alagoinhas\/#webpage"},"articleSection":"Alagoinhas e Regi\u00e3o, Manchete"},{"@type":"BreadcrumbList","@id":"https:\/\/newsinfoco.com.br\/inicio\/melhorias-na-avenida-luis-viana-avancam-com-acoes-de-zeladoria-em-alagoinhas\/#breadcrumblist","itemListElement":[{"@type":"ListItem","@id":"https:\/\/newsinfoco.com.br\/inicio#listItem","position":1,"name":"In\u00edcio","item":"https:\/\/newsinfoco.com.br\/inicio","nextItem":{"@type":"ListItem","@id":"https:\/\/newsinfoco.com.br\/inicio\/category\/alagoinhas-e-regiao\/#listItem","name":"Alagoinhas e Regi\u00e3o"}},{"@type":"ListItem","@id":"https:\/\/newsinfoco.com.br\/inicio\/category\/alagoinhas-e-regiao\/#listItem","position":2,"name":"Alagoinhas e Regi\u00e3o","item":"https:\/\/newsinfoco.com.br\/inicio\/category\/alagoinhas-e-regiao\/","nextItem":{"@type":"ListItem","@id":"https:\/\/newsinfoco.com.br\/inicio\/melhorias-na-avenida-luis-viana-avancam-com-acoes-de-zeladoria-em-alagoinhas\/#listItem","name":"Melhorias na avenida Lu\u00eds Viana avan\u00e7am com a\u00e7\u00f5es de zeladoria em Alagoinhas"},"previousItem":{"@type":"ListItem","@id":"https:\/\/newsinfoco.com.br\/inicio#listItem","name":"In\u00edcio"}},{"@type":"ListItem","@id":"https:\/\/newsinfoco.com.br\/inicio\/melhorias-na-avenida-luis-viana-avancam-com-acoes-de-zeladoria-em-alagoinhas\/#listItem","position":3,"name":"Melhorias na avenida Lu\u00eds Viana avan\u00e7am com a\u00e7\u00f5es de zeladoria em Alagoinhas","previousItem":{"@type":"ListItem","@id":"https:\/\/newsinfoco.com.br\/inicio\/category\/alagoinhas-e-regiao\/#listItem","name":"Alagoinhas e Regi\u00e3o"}}]},{"@type":"Organization","@id":"https:\/\/newsinfoco.com.br\/inicio\/#organization","name":"News In Foco - Editado por Caio Pimenta","description":"O principal site de noticias de Alagoinhas e regi\u00e3o","url":"https:\/\/newsinfoco.com.br\/inicio\/"},{"@type":"Person","@id":"https:\/\/newsinfoco.com.br\/inicio\/author\/administrador\/#author","url":"https:\/\/newsinfoco.com.br\/inicio\/author\/administrador\/","name":"administrador","image":{"@type":"ImageObject","@id":"https:\/\/newsinfoco.com.br\/inicio\/melhorias-na-avenida-luis-viana-avancam-com-acoes-de-zeladoria-em-alagoinhas\/#authorImage","url":"https:\/\/secure.gravatar.com\/avatar\/c17a617433de8c1dc9584bb79aab7563b46f5bb7e1728c9b17d9cc3ce6a08e49?s=96&d=mm&r=g","width":96,"height":96,"caption":"administrador"}},{"@type":"WebPage","@id":"https:\/\/newsinfoco.com.br\/inicio\/melhorias-na-avenida-luis-viana-avancam-com-acoes-de-zeladoria-em-alagoinhas\/#webpage","url":"https:\/\/newsinfoco.com.br\/inicio\/melhorias-na-avenida-luis-viana-avancam-com-acoes-de-zeladoria-em-alagoinhas\/","name":"Melhorias na avenida Lu\u00eds Viana avan\u00e7am com a\u00e7\u00f5es de zeladoria em Alagoinhas - News In Foco - Editado por Caio Pimenta","description":"A Prefeitura de Alagoinhas, por meio do trabalho de zeladoria da Secretaria Municipal de Manuten\u00e7\u00e3o (Seman), realiza melhorias na regi\u00e3o da avenida Lu\u00eds Viana, com o intuito de facilitar a vida de pedestres e condutores que circulam pela regi\u00e3o. O trabalho de microrrevestimento compreende cerca de 800 metros, que receber\u00e3o, na sequ\u00eancia, a sinaliza\u00e7\u00e3o horizontal","inLanguage":"pt-BR","isPartOf":{"@id":"https:\/\/newsinfoco.com.br\/inicio\/#website"},"breadcrumb":{"@id":"https:\/\/newsinfoco.com.br\/inicio\/melhorias-na-avenida-luis-viana-avancam-com-acoes-de-zeladoria-em-alagoinhas\/#breadcrumblist"},"author":{"@id":"https:\/\/newsinfoco.com.br\/inicio\/author\/administrador\/#author"},"creator":{"@id":"https:\/\/newsinfoco.com.br\/inicio\/author\/administrador\/#author"},"image":{"@type":"ImageObject","url":"https:\/\/newsinfoco.com.br\/inicio\/wp-content\/uploads\/2025\/08\/WhatsApp-Image-2025-08-13-at-10.58.02.jpeg","@id":"https:\/\/newsinfoco.com.br\/inicio\/melhorias-na-avenida-luis-viana-avancam-com-acoes-de-zeladoria-em-alagoinhas\/#mainImage","width":1280,"height":720},"primaryImageOfPage":{"@id":"https:\/\/newsinfoco.com.br\/inicio\/melhorias-na-avenida-luis-viana-avancam-com-acoes-de-zeladoria-em-alagoinhas\/#mainImage"},"datePublished":"2025-08-14T13:00:05-03:00","dateModified":"2025-08-14T13:00:05-03:00"},{"@type":"WebSite","@id":"https:\/\/newsinfoco.com.br\/inicio\/#website","url":"https:\/\/newsinfoco.com.br\/inicio\/","name":"News In Foco - Editado por Caio Pimenta","description":"O principal site de noticias de Alagoinhas e regi\u00e3o","inLanguage":"pt-BR","publisher":{"@id":"https:\/\/newsinfoco.com.br\/inicio\/#organization"}}]},"og:locale":"pt_BR","og:site_name":"News In Foco - Editado por Caio Pimenta - O principal site de noticias de Alagoinhas e regi\u00e3o","og:type":"article","og:title":"Melhorias na avenida Lu\u00eds Viana avan\u00e7am com a\u00e7\u00f5es de zeladoria em Alagoinhas - News In Foco - Editado por Caio Pimenta","og:description":"A Prefeitura de Alagoinhas, por meio do trabalho de zeladoria da Secretaria Municipal de Manuten\u00e7\u00e3o (Seman), realiza melhorias na regi\u00e3o da avenida Lu\u00eds Viana, com o intuito de facilitar a vida de pedestres e condutores que circulam pela regi\u00e3o. O trabalho de microrrevestimento compreende cerca de 800 metros, que receber\u00e3o, na sequ\u00eancia, a sinaliza\u00e7\u00e3o horizontal","og:url":"https:\/\/newsinfoco.com.br\/inicio\/melhorias-na-avenida-luis-viana-avancam-com-acoes-de-zeladoria-em-alagoinhas\/","article:published_time":"2025-08-14T16:00:05+00:00","article:modified_time":"2025-08-14T16:00:05+00:00","twitter:card":"summary_large_image","twitter:title":"Melhorias na avenida Lu\u00eds Viana avan\u00e7am com a\u00e7\u00f5es de zeladoria em Alagoinhas - News In Foco - Editado por Caio Pimenta","twitter:description":"A Prefeitura de Alagoinhas, por meio do trabalho de zeladoria da Secretaria Municipal de Manuten\u00e7\u00e3o (Seman), realiza melhorias na regi\u00e3o da avenida Lu\u00eds Viana, com o intuito de facilitar a vida de pedestres e condutores que circulam pela regi\u00e3o. O trabalho de microrrevestimento compreende cerca de 800 metros, que receber\u00e3o, na sequ\u00eancia, a sinaliza\u00e7\u00e3o horizontal"},"aioseo_meta_data":{"post_id":"44212","title":null,"description":null,"keywords":null,"keyphrases":{"focus":{"keyphrase":"","score":0,"analysis":{"keyphraseInTitle":{"score":0,"maxScore":9,"error":1}}},"additional":[]},"primary_term":null,"canonical_url":null,"og_title":null,"og_description":null,"og_object_type":"default","og_image_type":"default","og_image_url":null,"og_image_width":null,"og_image_height":null,"og_image_custom_url":null,"og_image_custom_fields":null,"og_video":"","og_custom_url":null,"og_article_section":null,"og_article_tags":null,"twitter_use_og":false,"twitter_card":"default","twitter_image_type":"default","twitter_image_url":null,"twitter_image_custom_url":null,"twitter_image_custom_fields":null,"twitter_title":null,"twitter_description":null,"schema":{"blockGraphs":[],"customGraphs":[],"default":{"data":{"Article":[],"Course":[],"Dataset":[],"FAQPage":[],"Movie":[],"Person":[],"Product":[],"ProductReview":[],"Car":[],"Recipe":[],"Service":[],"SoftwareApplication":[],"WebPage":[]},"graphName":"BlogPosting","isEnabled":true},"graphs":[]},"schema_type":"default","schema_type_options":null,"pillar_content":false,"robots_default":true,"robots_noindex":false,"robots_noarchive":false,"robots_nosnippet":false,"robots_nofollow":false,"robots_noimageindex":false,"robots_noodp":false,"robots_notranslate":false,"robots_max_snippet":"-1","robots_max_videopreview":"-1","robots_max_imagepreview":"large","priority":null,"frequency":"default","local_seo":null,"breadcrumb_settings":null,"limit_modified_date":false,"ai":{"faqs":[],"keyPoints":[],"titles":[],"descriptions":[],"socialPosts":{"email":[],"linkedin":[],"twitter":[],"facebook":[],"instagram":[]}},"created":"2025-08-14 16:00:05","updated":"2025-08-14 16:10:25","seo_analyzer_scan_date":null},"aioseo_breadcrumb":"<div class=\"aioseo-breadcrumbs\"><span class=\"aioseo-breadcrumb\">\n\t\t\t<a href=\"https:\/\/newsinfoco.com.br\/inicio\" title=\"In\u00edcio\">In\u00edcio<\/a>\n\t\t<\/span><span class=\"aioseo-breadcrumb-separator\">&raquo;<\/span><span class=\"aioseo-breadcrumb\">\n\t\t\t<a href=\"https:\/\/newsinfoco.com.br\/inicio\/category\/alagoinhas-e-regiao\/\" title=\"Alagoinhas e Regi\u00e3o\">Alagoinhas e Regi\u00e3o<\/a>\n\t\t<\/span><span class=\"aioseo-breadcrumb-separator\">&raquo;<\/span><span class=\"aioseo-breadcrumb\">\n\t\t\tMelhorias na avenida Lu\u00eds Viana avan\u00e7am com a\u00e7\u00f5es de zeladoria em Alagoinhas\n\t\t<\/span><\/div>","aioseo_breadcrumb_json":[{"label":"In\u00edcio","link":"https:\/\/newsinfoco.com.br\/inicio"},{"label":"Alagoinhas e Regi\u00e3o","link":"https:\/\/newsinfoco.com.br\/inicio\/category\/alagoinhas-e-regiao\/"},{"label":"Melhorias na avenida Lu\u00eds Viana avan\u00e7am com a\u00e7\u00f5es de zeladoria em Alagoinhas","link":"https:\/\/newsinfoco.com.br\/inicio\/melhorias-na-avenida-luis-viana-avancam-com-acoes-de-zeladoria-em-alagoinhas\/"}],"_links":{"self":[{"href":"https:\/\/newsinfoco.com.br\/inicio\/wp-json\/wp\/v2\/posts\/44212","targetHints":{"allow":["GET"]}}],"collection":[{"href":"https:\/\/newsinfoco.com.br\/inicio\/wp-json\/wp\/v2\/posts"}],"about":[{"href":"https:\/\/newsinfoco.com.br\/inicio\/wp-json\/wp\/v2\/types\/post"}],"author":[{"embeddable":true,"href":"https:\/\/newsinfoco.com.br\/inicio\/wp-json\/wp\/v2\/users\/1"}],"replies":[{"embeddable":true,"href":"https:\/\/newsinfoco.com.br\/inicio\/wp-json\/wp\/v2\/comments?post=44212"}],"version-history":[{"count":1,"href":"https:\/\/newsinfoco.com.br\/inicio\/wp-json\/wp\/v2\/posts\/44212\/revisions"}],"predecessor-version":[{"id":44215,"href":"https:\/\/newsinfoco.com.br\/inicio\/wp-json\/wp\/v2\/posts\/44212\/revisions\/44215"}],"wp:featuredmedia":[{"embeddable":true,"href":"https:\/\/newsinfoco.com.br\/inicio\/wp-json\/wp\/v2\/media\/44214"}],"wp:attachment":[{"href":"https:\/\/newsinfoco.com.br\/inicio\/wp-json\/wp\/v2\/media?parent=44212"}],"wp:term":[{"taxonomy":"category","embeddable":true,"href":"https:\/\/newsinfoco.com.br\/inicio\/wp-json\/wp\/v2\/categories?post=44212"},{"taxonomy":"post_tag","embeddable":true,"href":"https:\/\/newsinfoco.com.br\/inicio\/wp-json\/wp\/v2\/tags?post=44212"}],"curies":[{"name":"wp","href":"https:\/\/api.w.org\/{rel}","templated":true}]}}