{"id":44219,"date":"2025-08-14T13:19:22","date_gmt":"2025-08-14T16:19:22","guid":{"rendered":"https:\/\/newsinfoco.com.br\/inicio\/?p=44219"},"modified":"2025-08-14T13:19:22","modified_gmt":"2025-08-14T16:19:22","slug":"brasil-divulga-pre-lista-de-filmes-para-disputa-do-oscar-2026","status":"publish","type":"post","link":"https:\/\/newsinfoco.com.br\/inicio\/brasil-divulga-pre-lista-de-filmes-para-disputa-do-oscar-2026\/","title":{"rendered":"Brasil divulga pr\u00e9-lista de filmes para disputa do Oscar 2026"},"content":{"rendered":"<div class=\"conteudo_post\">\n<p data-start=\"366\" data-end=\"685\">A Academia Brasileira de Cinema divulgou a lista dos 16 longas-metragens habilitados a disputar a indica\u00e7\u00e3o do Brasil ao Oscar 2026, na categoria Melhor Filme Internacional. A Comiss\u00e3o de Sele\u00e7\u00e3o vai anunciar, em 8 de setembro, uma pr\u00e9-lista com seis t\u00edtulos, e o filme escolhido ser\u00e1 revelado no dia 15 do mesmo m\u00eas.<\/p>\n<p data-start=\"798\" data-end=\"1165\">Entre os concorrentes deste ano, est\u00e3o produ\u00e7\u00f5es j\u00e1 premiadas em grandes festivais.\u00a0<em data-start=\"882\" data-end=\"900\">O Agente Secreto<\/em>, novo filme de Kleber Mendon\u00e7a Filho, rendeu a Wagner Moura a Palma de Ouro de Melhor Ator no Festival de Cannes. J\u00e1\u00a0<em data-start=\"1018\" data-end=\"1033\">O \u00daltimo Azul<\/em>, de Gabriel Mascaro, estrelado por Denise Weinberg e Rodrigo Santoro, conquistou o Urso de Prata no Festival de Cinema de Berlim.<\/p>\n<p data-start=\"798\" data-end=\"1165\">Importante lembrar que tanto o longa de KMF, como o de Mascaro, j\u00e1 t\u00eam\u00a0<a href=\"https:\/\/bahia.ba\/entretenimento\/produtora-neon-adquire-direitos-da-distribuicao-de-o-agente-secreto-nos-eua\/\" target=\"_blank\" rel=\"noopener\">distribui\u00e7\u00e3o internacional garantida<\/a>\u00a0ap\u00f3s o reconhecimento em festivais, o que \u00e9 um bom ind\u00edcio de campanhas fortes nos Estados Unidos e no mundo. Mas o pa\u00eds s\u00f3 pode selecionar um nome para enviar a candidatura oficial a concorrer a uma vaga no maior pr\u00eamio do cinema mundial.<\/p>\n<p data-start=\"798\" data-end=\"1165\">No Oscar 2025, o pa\u00eds conquistou pela primeira vez a estatueta na categoria com o longa\u00a0<em data-start=\"775\" data-end=\"793\">Ainda Estou Aqui<\/em>. Confira a lista abaixo.<\/p>\n<p data-start=\"1167\" data-end=\"1204\"><strong data-start=\"1167\" data-end=\"1202\">Lista completa dos habilitados:<\/strong><\/p>\n<ul data-start=\"1205\" data-end=\"1854\">\n<li data-start=\"1205\" data-end=\"1248\">\n<p data-start=\"1207\" data-end=\"1248\"><em data-start=\"1207\" data-end=\"1230\">A Melhor M\u00e3e do Mundo<\/em>\u00a0\u2013 Anna Muylaert<\/p>\n<\/li>\n<li data-start=\"1249\" data-end=\"1294\">\n<p data-start=\"1251\" data-end=\"1294\"><em data-start=\"1251\" data-end=\"1276\">A Praia do Fim do Mundo<\/em>\u00a0\u2013 Petrus Cariry<\/p>\n<\/li>\n<li data-start=\"1295\" data-end=\"1323\">\n<p data-start=\"1297\" data-end=\"1323\"><em data-start=\"1297\" data-end=\"1303\">Baby<\/em>\u00a0\u2013 Marcelo Caetano<\/p>\n<\/li>\n<li data-start=\"1324\" data-end=\"1355\">\n<p data-start=\"1326\" data-end=\"1355\"><em data-start=\"1326\" data-end=\"1339\">Homem com H<\/em>\u00a0\u2013 Esmir Filho<\/p>\n<\/li>\n<li data-start=\"1356\" data-end=\"1391\">\n<p data-start=\"1358\" data-end=\"1391\"><em data-start=\"1358\" data-end=\"1371\">Kasa Branca<\/em>\u00a0\u2013 Luciano Vidigal<\/p>\n<\/li>\n<li data-start=\"1392\" data-end=\"1417\">\n<p data-start=\"1394\" data-end=\"1417\"><em data-start=\"1394\" data-end=\"1400\">Malu<\/em>\u00a0\u2013 Pedro Freire<\/p>\n<\/li>\n<li data-start=\"1418\" data-end=\"1449\">\n<p data-start=\"1420\" data-end=\"1449\"><em data-start=\"1420\" data-end=\"1427\">Manas<\/em>\u00a0\u2013 Marianna Brennand<\/p>\n<\/li>\n<li data-start=\"1450\" data-end=\"1496\">\n<p data-start=\"1452\" data-end=\"1496\"><em data-start=\"1452\" data-end=\"1478\">Milton Bituca Nascimento<\/em>\u00a0\u2013 Flavia Moraes<\/p>\n<\/li>\n<li data-start=\"1497\" data-end=\"1543\">\n<p data-start=\"1499\" data-end=\"1543\"><em data-start=\"1499\" data-end=\"1517\">O Agente Secreto<\/em>\u00a0\u2013 Kleber Mendon\u00e7a Filho<\/p>\n<\/li>\n<li data-start=\"1544\" data-end=\"1588\">\n<p data-start=\"1546\" data-end=\"1588\"><em data-start=\"1546\" data-end=\"1569\">O Filho de Mil Homens<\/em>\u00a0\u2013 Daniel Rezende<\/p>\n<\/li>\n<li data-start=\"1589\" data-end=\"1626\">\n<p data-start=\"1591\" data-end=\"1626\"><em data-start=\"1591\" data-end=\"1606\">O \u00daltimo Azul<\/em>\u00a0\u2013 Gabriel Mascaro<\/p>\n<\/li>\n<li data-start=\"1627\" data-end=\"1662\">\n<p data-start=\"1629\" data-end=\"1662\"><em data-start=\"1629\" data-end=\"1646\">Oeste Outra Vez<\/em>\u00a0\u2013 Erico Rassi<\/p>\n<\/li>\n<li data-start=\"1663\" data-end=\"1701\">\n<p data-start=\"1665\" data-end=\"1701\"><em data-start=\"1665\" data-end=\"1680\">Os Enforcados<\/em>\u00a0\u2013 Fernando Coimbra<\/p>\n<\/li>\n<li data-start=\"1702\" data-end=\"1751\">\n<p data-start=\"1704\" data-end=\"1751\"><em data-start=\"1704\" data-end=\"1733\">Retrato de um Certo Oriente<\/em>\u00a0\u2013 Marcelo Gomes<\/p>\n<\/li>\n<li data-start=\"1752\" data-end=\"1818\">\n<p data-start=\"1754\" data-end=\"1818\"><em data-start=\"1754\" data-end=\"1779\">Um Lobo entre os Cisnes<\/em>\u00a0\u2013 Marcos Schechtman e Helena Varvaki<\/p>\n<\/li>\n<li data-start=\"1819\" data-end=\"1854\">\n<p data-start=\"1821\" data-end=\"1854\"><em data-start=\"1821\" data-end=\"1830\">Vit\u00f3ria<\/em>\u00a0\u2013 Andrucha Waddington<\/p>\n<\/li>\n<\/ul>\n<\/div>\n<div class=\"ui items\">\n<div class=\"item\">Bahia.Ba<\/div>\n<\/div>\n<div class='share-to-whatsapp-wrapper'><div class='share-on-whsp'>Share on: <\/div><a data-text='Brasil divulga pr\u00e9-lista de filmes para disputa do Oscar 2026' data-link='https:\/\/newsinfoco.com.br\/inicio\/brasil-divulga-pre-lista-de-filmes-para-disputa-do-oscar-2026\/' class='whatsapp-button whatsapp-share'>WhatsApp<\/a><div class='clear '><\/div><\/div>","protected":false},"excerpt":{"rendered":"<p>A Academia Brasileira de Cinema divulgou a lista dos 16 longas-metragens habilitados a disputar a indica\u00e7\u00e3o do Brasil ao Oscar 2026, na categoria Melhor Filme Internacional. A Comiss\u00e3o de Sele\u00e7\u00e3o vai anunciar, em 8 de setembro, uma pr\u00e9-lista com seis t\u00edtulos, e o filme escolhido ser\u00e1 revelado no dia 15 do mesmo m\u00eas. Entre os [&hellip;]<\/p>\n","protected":false},"author":1,"featured_media":44220,"comment_status":"closed","ping_status":"closed","sticky":false,"template":"","format":"standard","meta":{"om_disable_all_campaigns":false,"rop_custom_images_group":[],"rop_custom_messages_group":[],"rop_publish_now":"initial","rop_publish_now_accounts":[],"rop_publish_now_history":[],"rop_publish_now_status":"pending","_exactmetrics_skip_tracking":false,"footnotes":""},"categories":[21],"tags":[],"class_list":["post-44219","post","type-post","status-publish","format-standard","has-post-thumbnail","hentry","category-brasil"],"aioseo_notices":[],"aioseo_head":"\n\t\t<!-- All in One SEO 4.9.10 - aioseo.com -->\n\t<meta name=\"description\" content=\"A Academia Brasileira de Cinema divulgou a lista dos 16 longas-metragens habilitados a disputar a indica\u00e7\u00e3o do Brasil ao Oscar 2026, na categoria Melhor Filme Internacional. A Comiss\u00e3o de Sele\u00e7\u00e3o vai anunciar, em 8 de setembro, uma pr\u00e9-lista com seis t\u00edtulos, e o filme escolhido ser\u00e1 revelado no dia 15 do mesmo m\u00eas. Entre os\" \/>\n\t<meta name=\"robots\" content=\"max-image-preview:large\" \/>\n\t<meta name=\"author\" content=\"administrador\"\/>\n\t<link rel=\"canonical\" href=\"https:\/\/newsinfoco.com.br\/inicio\/brasil-divulga-pre-lista-de-filmes-para-disputa-do-oscar-2026\/\" \/>\n\t<meta name=\"generator\" content=\"All in One SEO (AIOSEO) 4.9.10\" \/>\n\t\t<meta property=\"og:locale\" content=\"pt_BR\" \/>\n\t\t<meta property=\"og:site_name\" content=\"News In Foco - Editado por Caio Pimenta - O principal site de noticias de Alagoinhas e regi\u00e3o\" \/>\n\t\t<meta property=\"og:type\" content=\"article\" \/>\n\t\t<meta property=\"og:title\" content=\"Brasil divulga pr\u00e9-lista de filmes para disputa do Oscar 2026 - News In Foco - Editado por Caio Pimenta\" \/>\n\t\t<meta property=\"og:description\" content=\"A Academia Brasileira de Cinema divulgou a lista dos 16 longas-metragens habilitados a disputar a indica\u00e7\u00e3o do Brasil ao Oscar 2026, na categoria Melhor Filme Internacional. A Comiss\u00e3o de Sele\u00e7\u00e3o vai anunciar, em 8 de setembro, uma pr\u00e9-lista com seis t\u00edtulos, e o filme escolhido ser\u00e1 revelado no dia 15 do mesmo m\u00eas. Entre os\" \/>\n\t\t<meta property=\"og:url\" content=\"https:\/\/newsinfoco.com.br\/inicio\/brasil-divulga-pre-lista-de-filmes-para-disputa-do-oscar-2026\/\" \/>\n\t\t<meta property=\"article:published_time\" content=\"2025-08-14T16:19:22+00:00\" \/>\n\t\t<meta property=\"article:modified_time\" content=\"2025-08-14T16:19:22+00:00\" \/>\n\t\t<meta name=\"twitter:card\" content=\"summary_large_image\" \/>\n\t\t<meta name=\"twitter:title\" content=\"Brasil divulga pr\u00e9-lista de filmes para disputa do Oscar 2026 - News In Foco - Editado por Caio Pimenta\" \/>\n\t\t<meta name=\"twitter:description\" content=\"A Academia Brasileira de Cinema divulgou a lista dos 16 longas-metragens habilitados a disputar a indica\u00e7\u00e3o do Brasil ao Oscar 2026, na categoria Melhor Filme Internacional. A Comiss\u00e3o de Sele\u00e7\u00e3o vai anunciar, em 8 de setembro, uma pr\u00e9-lista com seis t\u00edtulos, e o filme escolhido ser\u00e1 revelado no dia 15 do mesmo m\u00eas. Entre os\" \/>\n\t\t<script type=\"application\/ld+json\" class=\"aioseo-schema\">\n\t\t\t{\"@context\":\"https:\\\/\\\/schema.org\",\"@graph\":[{\"@type\":\"BlogPosting\",\"@id\":\"https:\\\/\\\/newsinfoco.com.br\\\/inicio\\\/brasil-divulga-pre-lista-de-filmes-para-disputa-do-oscar-2026\\\/#blogposting\",\"name\":\"Brasil divulga pr\\u00e9-lista de filmes para disputa do Oscar 2026 - News In Foco - Editado por Caio Pimenta\",\"headline\":\"Brasil divulga pr\\u00e9-lista de filmes para disputa do Oscar 2026\",\"author\":{\"@id\":\"https:\\\/\\\/newsinfoco.com.br\\\/inicio\\\/author\\\/administrador\\\/#author\"},\"publisher\":{\"@id\":\"https:\\\/\\\/newsinfoco.com.br\\\/inicio\\\/#organization\"},\"image\":{\"@type\":\"ImageObject\",\"url\":\"https:\\\/\\\/newsinfoco.com.br\\\/inicio\\\/wp-content\\\/uploads\\\/2025\\\/08\\\/Design-sem-nome-1-1.png\",\"width\":600,\"height\":420},\"datePublished\":\"2025-08-14T13:19:22-03:00\",\"dateModified\":\"2025-08-14T13:19:22-03:00\",\"inLanguage\":\"pt-BR\",\"mainEntityOfPage\":{\"@id\":\"https:\\\/\\\/newsinfoco.com.br\\\/inicio\\\/brasil-divulga-pre-lista-de-filmes-para-disputa-do-oscar-2026\\\/#webpage\"},\"isPartOf\":{\"@id\":\"https:\\\/\\\/newsinfoco.com.br\\\/inicio\\\/brasil-divulga-pre-lista-de-filmes-para-disputa-do-oscar-2026\\\/#webpage\"},\"articleSection\":\"Brasil\"},{\"@type\":\"BreadcrumbList\",\"@id\":\"https:\\\/\\\/newsinfoco.com.br\\\/inicio\\\/brasil-divulga-pre-lista-de-filmes-para-disputa-do-oscar-2026\\\/#breadcrumblist\",\"itemListElement\":[{\"@type\":\"ListItem\",\"@id\":\"https:\\\/\\\/newsinfoco.com.br\\\/inicio#listItem\",\"position\":1,\"name\":\"In\\u00edcio\",\"item\":\"https:\\\/\\\/newsinfoco.com.br\\\/inicio\",\"nextItem\":{\"@type\":\"ListItem\",\"@id\":\"https:\\\/\\\/newsinfoco.com.br\\\/inicio\\\/category\\\/brasil\\\/#listItem\",\"name\":\"Brasil\"}},{\"@type\":\"ListItem\",\"@id\":\"https:\\\/\\\/newsinfoco.com.br\\\/inicio\\\/category\\\/brasil\\\/#listItem\",\"position\":2,\"name\":\"Brasil\",\"item\":\"https:\\\/\\\/newsinfoco.com.br\\\/inicio\\\/category\\\/brasil\\\/\",\"nextItem\":{\"@type\":\"ListItem\",\"@id\":\"https:\\\/\\\/newsinfoco.com.br\\\/inicio\\\/brasil-divulga-pre-lista-de-filmes-para-disputa-do-oscar-2026\\\/#listItem\",\"name\":\"Brasil divulga pr\\u00e9-lista de filmes para disputa do Oscar 2026\"},\"previousItem\":{\"@type\":\"ListItem\",\"@id\":\"https:\\\/\\\/newsinfoco.com.br\\\/inicio#listItem\",\"name\":\"In\\u00edcio\"}},{\"@type\":\"ListItem\",\"@id\":\"https:\\\/\\\/newsinfoco.com.br\\\/inicio\\\/brasil-divulga-pre-lista-de-filmes-para-disputa-do-oscar-2026\\\/#listItem\",\"position\":3,\"name\":\"Brasil divulga pr\\u00e9-lista de filmes para disputa do Oscar 2026\",\"previousItem\":{\"@type\":\"ListItem\",\"@id\":\"https:\\\/\\\/newsinfoco.com.br\\\/inicio\\\/category\\\/brasil\\\/#listItem\",\"name\":\"Brasil\"}}]},{\"@type\":\"Organization\",\"@id\":\"https:\\\/\\\/newsinfoco.com.br\\\/inicio\\\/#organization\",\"name\":\"News In Foco - Editado por Caio Pimenta\",\"description\":\"O principal site de noticias de Alagoinhas e regi\\u00e3o\",\"url\":\"https:\\\/\\\/newsinfoco.com.br\\\/inicio\\\/\"},{\"@type\":\"Person\",\"@id\":\"https:\\\/\\\/newsinfoco.com.br\\\/inicio\\\/author\\\/administrador\\\/#author\",\"url\":\"https:\\\/\\\/newsinfoco.com.br\\\/inicio\\\/author\\\/administrador\\\/\",\"name\":\"administrador\",\"image\":{\"@type\":\"ImageObject\",\"@id\":\"https:\\\/\\\/newsinfoco.com.br\\\/inicio\\\/brasil-divulga-pre-lista-de-filmes-para-disputa-do-oscar-2026\\\/#authorImage\",\"url\":\"https:\\\/\\\/secure.gravatar.com\\\/avatar\\\/c17a617433de8c1dc9584bb79aab7563b46f5bb7e1728c9b17d9cc3ce6a08e49?s=96&d=mm&r=g\",\"width\":96,\"height\":96,\"caption\":\"administrador\"}},{\"@type\":\"WebPage\",\"@id\":\"https:\\\/\\\/newsinfoco.com.br\\\/inicio\\\/brasil-divulga-pre-lista-de-filmes-para-disputa-do-oscar-2026\\\/#webpage\",\"url\":\"https:\\\/\\\/newsinfoco.com.br\\\/inicio\\\/brasil-divulga-pre-lista-de-filmes-para-disputa-do-oscar-2026\\\/\",\"name\":\"Brasil divulga pr\\u00e9-lista de filmes para disputa do Oscar 2026 - News In Foco - Editado por Caio Pimenta\",\"description\":\"A Academia Brasileira de Cinema divulgou a lista dos 16 longas-metragens habilitados a disputar a indica\\u00e7\\u00e3o do Brasil ao Oscar 2026, na categoria Melhor Filme Internacional. A Comiss\\u00e3o de Sele\\u00e7\\u00e3o vai anunciar, em 8 de setembro, uma pr\\u00e9-lista com seis t\\u00edtulos, e o filme escolhido ser\\u00e1 revelado no dia 15 do mesmo m\\u00eas. Entre os\",\"inLanguage\":\"pt-BR\",\"isPartOf\":{\"@id\":\"https:\\\/\\\/newsinfoco.com.br\\\/inicio\\\/#website\"},\"breadcrumb\":{\"@id\":\"https:\\\/\\\/newsinfoco.com.br\\\/inicio\\\/brasil-divulga-pre-lista-de-filmes-para-disputa-do-oscar-2026\\\/#breadcrumblist\"},\"author\":{\"@id\":\"https:\\\/\\\/newsinfoco.com.br\\\/inicio\\\/author\\\/administrador\\\/#author\"},\"creator\":{\"@id\":\"https:\\\/\\\/newsinfoco.com.br\\\/inicio\\\/author\\\/administrador\\\/#author\"},\"image\":{\"@type\":\"ImageObject\",\"url\":\"https:\\\/\\\/newsinfoco.com.br\\\/inicio\\\/wp-content\\\/uploads\\\/2025\\\/08\\\/Design-sem-nome-1-1.png\",\"@id\":\"https:\\\/\\\/newsinfoco.com.br\\\/inicio\\\/brasil-divulga-pre-lista-de-filmes-para-disputa-do-oscar-2026\\\/#mainImage\",\"width\":600,\"height\":420},\"primaryImageOfPage\":{\"@id\":\"https:\\\/\\\/newsinfoco.com.br\\\/inicio\\\/brasil-divulga-pre-lista-de-filmes-para-disputa-do-oscar-2026\\\/#mainImage\"},\"datePublished\":\"2025-08-14T13:19:22-03:00\",\"dateModified\":\"2025-08-14T13:19:22-03:00\"},{\"@type\":\"WebSite\",\"@id\":\"https:\\\/\\\/newsinfoco.com.br\\\/inicio\\\/#website\",\"url\":\"https:\\\/\\\/newsinfoco.com.br\\\/inicio\\\/\",\"name\":\"News In Foco - Editado por Caio Pimenta\",\"description\":\"O principal site de noticias de Alagoinhas e regi\\u00e3o\",\"inLanguage\":\"pt-BR\",\"publisher\":{\"@id\":\"https:\\\/\\\/newsinfoco.com.br\\\/inicio\\\/#organization\"}}]}\n\t\t<\/script>\n\t\t<!-- All in One SEO -->\n\n","aioseo_head_json":{"title":"Brasil divulga pr\u00e9-lista de filmes para disputa do Oscar 2026 - News In Foco - Editado por Caio Pimenta","description":"A Academia Brasileira de Cinema divulgou a lista dos 16 longas-metragens habilitados a disputar a indica\u00e7\u00e3o do Brasil ao Oscar 2026, na categoria Melhor Filme Internacional. A Comiss\u00e3o de Sele\u00e7\u00e3o vai anunciar, em 8 de setembro, uma pr\u00e9-lista com seis t\u00edtulos, e o filme escolhido ser\u00e1 revelado no dia 15 do mesmo m\u00eas. Entre os","canonical_url":"https:\/\/newsinfoco.com.br\/inicio\/brasil-divulga-pre-lista-de-filmes-para-disputa-do-oscar-2026\/","robots":"max-image-preview:large","keywords":"","webmasterTools":{"miscellaneous":""},"schema":{"@context":"https:\/\/schema.org","@graph":[{"@type":"BlogPosting","@id":"https:\/\/newsinfoco.com.br\/inicio\/brasil-divulga-pre-lista-de-filmes-para-disputa-do-oscar-2026\/#blogposting","name":"Brasil divulga pr\u00e9-lista de filmes para disputa do Oscar 2026 - News In Foco - Editado por Caio Pimenta","headline":"Brasil divulga pr\u00e9-lista de filmes para disputa do Oscar 2026","author":{"@id":"https:\/\/newsinfoco.com.br\/inicio\/author\/administrador\/#author"},"publisher":{"@id":"https:\/\/newsinfoco.com.br\/inicio\/#organization"},"image":{"@type":"ImageObject","url":"https:\/\/newsinfoco.com.br\/inicio\/wp-content\/uploads\/2025\/08\/Design-sem-nome-1-1.png","width":600,"height":420},"datePublished":"2025-08-14T13:19:22-03:00","dateModified":"2025-08-14T13:19:22-03:00","inLanguage":"pt-BR","mainEntityOfPage":{"@id":"https:\/\/newsinfoco.com.br\/inicio\/brasil-divulga-pre-lista-de-filmes-para-disputa-do-oscar-2026\/#webpage"},"isPartOf":{"@id":"https:\/\/newsinfoco.com.br\/inicio\/brasil-divulga-pre-lista-de-filmes-para-disputa-do-oscar-2026\/#webpage"},"articleSection":"Brasil"},{"@type":"BreadcrumbList","@id":"https:\/\/newsinfoco.com.br\/inicio\/brasil-divulga-pre-lista-de-filmes-para-disputa-do-oscar-2026\/#breadcrumblist","itemListElement":[{"@type":"ListItem","@id":"https:\/\/newsinfoco.com.br\/inicio#listItem","position":1,"name":"In\u00edcio","item":"https:\/\/newsinfoco.com.br\/inicio","nextItem":{"@type":"ListItem","@id":"https:\/\/newsinfoco.com.br\/inicio\/category\/brasil\/#listItem","name":"Brasil"}},{"@type":"ListItem","@id":"https:\/\/newsinfoco.com.br\/inicio\/category\/brasil\/#listItem","position":2,"name":"Brasil","item":"https:\/\/newsinfoco.com.br\/inicio\/category\/brasil\/","nextItem":{"@type":"ListItem","@id":"https:\/\/newsinfoco.com.br\/inicio\/brasil-divulga-pre-lista-de-filmes-para-disputa-do-oscar-2026\/#listItem","name":"Brasil divulga pr\u00e9-lista de filmes para disputa do Oscar 2026"},"previousItem":{"@type":"ListItem","@id":"https:\/\/newsinfoco.com.br\/inicio#listItem","name":"In\u00edcio"}},{"@type":"ListItem","@id":"https:\/\/newsinfoco.com.br\/inicio\/brasil-divulga-pre-lista-de-filmes-para-disputa-do-oscar-2026\/#listItem","position":3,"name":"Brasil divulga pr\u00e9-lista de filmes para disputa do Oscar 2026","previousItem":{"@type":"ListItem","@id":"https:\/\/newsinfoco.com.br\/inicio\/category\/brasil\/#listItem","name":"Brasil"}}]},{"@type":"Organization","@id":"https:\/\/newsinfoco.com.br\/inicio\/#organization","name":"News In Foco - Editado por Caio Pimenta","description":"O principal site de noticias de Alagoinhas e regi\u00e3o","url":"https:\/\/newsinfoco.com.br\/inicio\/"},{"@type":"Person","@id":"https:\/\/newsinfoco.com.br\/inicio\/author\/administrador\/#author","url":"https:\/\/newsinfoco.com.br\/inicio\/author\/administrador\/","name":"administrador","image":{"@type":"ImageObject","@id":"https:\/\/newsinfoco.com.br\/inicio\/brasil-divulga-pre-lista-de-filmes-para-disputa-do-oscar-2026\/#authorImage","url":"https:\/\/secure.gravatar.com\/avatar\/c17a617433de8c1dc9584bb79aab7563b46f5bb7e1728c9b17d9cc3ce6a08e49?s=96&d=mm&r=g","width":96,"height":96,"caption":"administrador"}},{"@type":"WebPage","@id":"https:\/\/newsinfoco.com.br\/inicio\/brasil-divulga-pre-lista-de-filmes-para-disputa-do-oscar-2026\/#webpage","url":"https:\/\/newsinfoco.com.br\/inicio\/brasil-divulga-pre-lista-de-filmes-para-disputa-do-oscar-2026\/","name":"Brasil divulga pr\u00e9-lista de filmes para disputa do Oscar 2026 - News In Foco - Editado por Caio Pimenta","description":"A Academia Brasileira de Cinema divulgou a lista dos 16 longas-metragens habilitados a disputar a indica\u00e7\u00e3o do Brasil ao Oscar 2026, na categoria Melhor Filme Internacional. A Comiss\u00e3o de Sele\u00e7\u00e3o vai anunciar, em 8 de setembro, uma pr\u00e9-lista com seis t\u00edtulos, e o filme escolhido ser\u00e1 revelado no dia 15 do mesmo m\u00eas. Entre os","inLanguage":"pt-BR","isPartOf":{"@id":"https:\/\/newsinfoco.com.br\/inicio\/#website"},"breadcrumb":{"@id":"https:\/\/newsinfoco.com.br\/inicio\/brasil-divulga-pre-lista-de-filmes-para-disputa-do-oscar-2026\/#breadcrumblist"},"author":{"@id":"https:\/\/newsinfoco.com.br\/inicio\/author\/administrador\/#author"},"creator":{"@id":"https:\/\/newsinfoco.com.br\/inicio\/author\/administrador\/#author"},"image":{"@type":"ImageObject","url":"https:\/\/newsinfoco.com.br\/inicio\/wp-content\/uploads\/2025\/08\/Design-sem-nome-1-1.png","@id":"https:\/\/newsinfoco.com.br\/inicio\/brasil-divulga-pre-lista-de-filmes-para-disputa-do-oscar-2026\/#mainImage","width":600,"height":420},"primaryImageOfPage":{"@id":"https:\/\/newsinfoco.com.br\/inicio\/brasil-divulga-pre-lista-de-filmes-para-disputa-do-oscar-2026\/#mainImage"},"datePublished":"2025-08-14T13:19:22-03:00","dateModified":"2025-08-14T13:19:22-03:00"},{"@type":"WebSite","@id":"https:\/\/newsinfoco.com.br\/inicio\/#website","url":"https:\/\/newsinfoco.com.br\/inicio\/","name":"News In Foco - Editado por Caio Pimenta","description":"O principal site de noticias de Alagoinhas e regi\u00e3o","inLanguage":"pt-BR","publisher":{"@id":"https:\/\/newsinfoco.com.br\/inicio\/#organization"}}]},"og:locale":"pt_BR","og:site_name":"News In Foco - Editado por Caio Pimenta - O principal site de noticias de Alagoinhas e regi\u00e3o","og:type":"article","og:title":"Brasil divulga pr\u00e9-lista de filmes para disputa do Oscar 2026 - News In Foco - Editado por Caio Pimenta","og:description":"A Academia Brasileira de Cinema divulgou a lista dos 16 longas-metragens habilitados a disputar a indica\u00e7\u00e3o do Brasil ao Oscar 2026, na categoria Melhor Filme Internacional. A Comiss\u00e3o de Sele\u00e7\u00e3o vai anunciar, em 8 de setembro, uma pr\u00e9-lista com seis t\u00edtulos, e o filme escolhido ser\u00e1 revelado no dia 15 do mesmo m\u00eas. Entre os","og:url":"https:\/\/newsinfoco.com.br\/inicio\/brasil-divulga-pre-lista-de-filmes-para-disputa-do-oscar-2026\/","article:published_time":"2025-08-14T16:19:22+00:00","article:modified_time":"2025-08-14T16:19:22+00:00","twitter:card":"summary_large_image","twitter:title":"Brasil divulga pr\u00e9-lista de filmes para disputa do Oscar 2026 - News In Foco - Editado por Caio Pimenta","twitter:description":"A Academia Brasileira de Cinema divulgou a lista dos 16 longas-metragens habilitados a disputar a indica\u00e7\u00e3o do Brasil ao Oscar 2026, na categoria Melhor Filme Internacional. A Comiss\u00e3o de Sele\u00e7\u00e3o vai anunciar, em 8 de setembro, uma pr\u00e9-lista com seis t\u00edtulos, e o filme escolhido ser\u00e1 revelado no dia 15 do mesmo m\u00eas. Entre os"},"aioseo_meta_data":{"post_id":"44219","title":null,"description":null,"keywords":null,"keyphrases":{"focus":{"keyphrase":"","score":0,"analysis":{"keyphraseInTitle":{"score":0,"maxScore":9,"error":1}}},"additional":[]},"primary_term":null,"canonical_url":null,"og_title":null,"og_description":null,"og_object_type":"default","og_image_type":"default","og_image_url":null,"og_image_width":null,"og_image_height":null,"og_image_custom_url":null,"og_image_custom_fields":null,"og_video":"","og_custom_url":null,"og_article_section":null,"og_article_tags":null,"twitter_use_og":false,"twitter_card":"default","twitter_image_type":"default","twitter_image_url":null,"twitter_image_custom_url":null,"twitter_image_custom_fields":null,"twitter_title":null,"twitter_description":null,"schema":{"blockGraphs":[],"customGraphs":[],"default":{"data":{"Article":[],"Course":[],"Dataset":[],"FAQPage":[],"Movie":[],"Person":[],"Product":[],"ProductReview":[],"Car":[],"Recipe":[],"Service":[],"SoftwareApplication":[],"WebPage":[]},"graphName":"BlogPosting","isEnabled":true},"graphs":[]},"schema_type":"default","schema_type_options":null,"pillar_content":false,"robots_default":true,"robots_noindex":false,"robots_noarchive":false,"robots_nosnippet":false,"robots_nofollow":false,"robots_noimageindex":false,"robots_noodp":false,"robots_notranslate":false,"robots_max_snippet":"-1","robots_max_videopreview":"-1","robots_max_imagepreview":"large","priority":null,"frequency":"default","local_seo":null,"breadcrumb_settings":null,"limit_modified_date":false,"ai":{"faqs":[],"keyPoints":[],"titles":[],"descriptions":[],"socialPosts":{"email":[],"linkedin":[],"twitter":[],"facebook":[],"instagram":[]}},"created":"2025-08-14 16:19:22","updated":"2025-08-14 16:27:18","seo_analyzer_scan_date":null},"aioseo_breadcrumb":"<div class=\"aioseo-breadcrumbs\"><span class=\"aioseo-breadcrumb\">\n\t\t\t<a href=\"https:\/\/newsinfoco.com.br\/inicio\" title=\"In\u00edcio\">In\u00edcio<\/a>\n\t\t<\/span><span class=\"aioseo-breadcrumb-separator\">&raquo;<\/span><span class=\"aioseo-breadcrumb\">\n\t\t\t<a href=\"https:\/\/newsinfoco.com.br\/inicio\/category\/brasil\/\" title=\"Brasil\">Brasil<\/a>\n\t\t<\/span><span class=\"aioseo-breadcrumb-separator\">&raquo;<\/span><span class=\"aioseo-breadcrumb\">\n\t\t\tBrasil divulga pr\u00e9-lista de filmes para disputa do Oscar 2026\n\t\t<\/span><\/div>","aioseo_breadcrumb_json":[{"label":"In\u00edcio","link":"https:\/\/newsinfoco.com.br\/inicio"},{"label":"Brasil","link":"https:\/\/newsinfoco.com.br\/inicio\/category\/brasil\/"},{"label":"Brasil divulga pr\u00e9-lista de filmes para disputa do Oscar 2026","link":"https:\/\/newsinfoco.com.br\/inicio\/brasil-divulga-pre-lista-de-filmes-para-disputa-do-oscar-2026\/"}],"_links":{"self":[{"href":"https:\/\/newsinfoco.com.br\/inicio\/wp-json\/wp\/v2\/posts\/44219","targetHints":{"allow":["GET"]}}],"collection":[{"href":"https:\/\/newsinfoco.com.br\/inicio\/wp-json\/wp\/v2\/posts"}],"about":[{"href":"https:\/\/newsinfoco.com.br\/inicio\/wp-json\/wp\/v2\/types\/post"}],"author":[{"embeddable":true,"href":"https:\/\/newsinfoco.com.br\/inicio\/wp-json\/wp\/v2\/users\/1"}],"replies":[{"embeddable":true,"href":"https:\/\/newsinfoco.com.br\/inicio\/wp-json\/wp\/v2\/comments?post=44219"}],"version-history":[{"count":1,"href":"https:\/\/newsinfoco.com.br\/inicio\/wp-json\/wp\/v2\/posts\/44219\/revisions"}],"predecessor-version":[{"id":44221,"href":"https:\/\/newsinfoco.com.br\/inicio\/wp-json\/wp\/v2\/posts\/44219\/revisions\/44221"}],"wp:featuredmedia":[{"embeddable":true,"href":"https:\/\/newsinfoco.com.br\/inicio\/wp-json\/wp\/v2\/media\/44220"}],"wp:attachment":[{"href":"https:\/\/newsinfoco.com.br\/inicio\/wp-json\/wp\/v2\/media?parent=44219"}],"wp:term":[{"taxonomy":"category","embeddable":true,"href":"https:\/\/newsinfoco.com.br\/inicio\/wp-json\/wp\/v2\/categories?post=44219"},{"taxonomy":"post_tag","embeddable":true,"href":"https:\/\/newsinfoco.com.br\/inicio\/wp-json\/wp\/v2\/tags?post=44219"}],"curies":[{"name":"wp","href":"https:\/\/api.w.org\/{rel}","templated":true}]}}