{"id":44233,"date":"2025-08-14T14:18:06","date_gmt":"2025-08-14T17:18:06","guid":{"rendered":"https:\/\/newsinfoco.com.br\/inicio\/?p=44233"},"modified":"2025-08-14T14:18:06","modified_gmt":"2025-08-14T17:18:06","slug":"milhares-de-fieis-aproveitam-programacao-no-dia-de-santa-dulce","status":"publish","type":"post","link":"https:\/\/newsinfoco.com.br\/inicio\/milhares-de-fieis-aproveitam-programacao-no-dia-de-santa-dulce\/","title":{"rendered":"Milhares de fi\u00e9is aproveitam programa\u00e7\u00e3o no Dia de Santa Dulce"},"content":{"rendered":"<p>Milhares de fi\u00e9is aproveitaram a programa\u00e7\u00e3o especial no Dia de Santa Dulce dos Pobres, celebrado em 13 de agosto, no Santu\u00e1rio dedicado \u00e0 santa, localizado no bairro do Bonfim, em Salvador. A data marcou o encerramento da tradicional festa em homenagem \u00e0 primeira santa nascida no Brasil, com uma intensa agenda religiosa e cultural. A equipe do\u00a0<strong>bahia.ba<\/strong>\u00a0esteve no local e acompanhou a grande movimenta\u00e7\u00e3o de devotos.<\/p>\n<p>As homenagens come\u00e7aram logo cedo, com a Alvorada Festiva \u00e0s 5h30, seguida por missas ao longo do dia nos hor\u00e1rios das 6h, 7h, 8h30, 10h, 12h e 14h. O p\u00fablico tamb\u00e9m p\u00f4de participar da quermesse e de um show do Padre Ant\u00f4nio Maria, realizado \u00e0s 16h, na Pra\u00e7a Irm\u00e3 Dulce.<\/p>\n<p>Um dos momentos mais aguardados foi a Missa Campal, celebrada \u00e0s 17h pelo cardeal Dom S\u00e9rgio da Rocha, arcebispo de Salvador e primaz do Brasil. Em seguida, os fi\u00e9is acompanharam a Prociss\u00e3o Luminosa at\u00e9 a Igreja do Bonfim. O encerramento ficou por conta do show da cantora Faf\u00e1 de Bel\u00e9m, \u00e0s 20h30.<\/p>\n<p>A programa\u00e7\u00e3o fez parte da Festa de Santa Dulce, iniciada no dia 1\u00ba de agosto, que ao longo de quase duas semanas mobilizou milhares de pessoas com missas, prociss\u00f5es, carreata, passeio cicl\u00edstico, a\u00e7\u00f5es sociais, visitas da imagem peregrina e outras atividades.<\/p>\n<p>Canonizada em 2019 pelo Papa Francisco, Irm\u00e3 Dulce se tornou s\u00edmbolo de f\u00e9 e solidariedade. O sucesso da festa deste ano refor\u00e7ou a devo\u00e7\u00e3o \u00e0 santa baiana, que segue tocando o cora\u00e7\u00e3o de milhares de brasileiros com seu exemplo de amor ao pr\u00f3ximo.<\/p>\n<p>Bahia.Ba<\/p>\n<div>\n<div>\n<div class=\"trv-player-container\">\n<div class=\"trv-wrapper\">\n<div id=\"br_video_player_846697652557b616863d0868d33f7c9dc3c659f9\" class=\"trvd_video_player trvdinstream\">\n<div class=\"media-player\">\n<div class=\"trv-video\">\n<div id=\"truvid_ima_container44971\" class=\"truvid_ima_container\">\n<div>\n<div><\/div>\n<\/div>\n<\/div>\n<\/div>\n<\/div>\n<\/div>\n<\/div>\n<\/div>\n<\/div>\n<\/div>\n<div class='share-to-whatsapp-wrapper'><div class='share-on-whsp'>Share on: <\/div><a data-text='Milhares de fi\u00e9is aproveitam programa\u00e7\u00e3o no Dia de Santa Dulce' data-link='https:\/\/newsinfoco.com.br\/inicio\/milhares-de-fieis-aproveitam-programacao-no-dia-de-santa-dulce\/' class='whatsapp-button whatsapp-share'>WhatsApp<\/a><div class='clear '><\/div><\/div>","protected":false},"excerpt":{"rendered":"<p>Milhares de fi\u00e9is aproveitaram a programa\u00e7\u00e3o especial no Dia de Santa Dulce dos Pobres, celebrado em 13 de agosto, no Santu\u00e1rio dedicado \u00e0 santa, localizado no bairro do Bonfim, em Salvador. A data marcou o encerramento da tradicional festa em homenagem \u00e0 primeira santa nascida no Brasil, com uma intensa agenda religiosa e cultural. A [&hellip;]<\/p>\n","protected":false},"author":1,"featured_media":44234,"comment_status":"closed","ping_status":"closed","sticky":false,"template":"","format":"standard","meta":{"om_disable_all_campaigns":false,"rop_custom_images_group":[],"rop_custom_messages_group":[],"rop_publish_now":"initial","rop_publish_now_accounts":[],"rop_publish_now_history":[],"rop_publish_now_status":"pending","_exactmetrics_skip_tracking":false,"footnotes":""},"categories":[21],"tags":[],"class_list":["post-44233","post","type-post","status-publish","format-standard","has-post-thumbnail","hentry","category-brasil"],"aioseo_notices":[],"aioseo_head":"\n\t\t<!-- All in One SEO 4.9.10 - aioseo.com -->\n\t<meta name=\"description\" content=\"Milhares de fi\u00e9is aproveitaram a programa\u00e7\u00e3o especial no Dia de Santa Dulce dos Pobres, celebrado em 13 de agosto, no Santu\u00e1rio dedicado \u00e0 santa, localizado no bairro do Bonfim, em Salvador. A data marcou o encerramento da tradicional festa em homenagem \u00e0 primeira santa nascida no Brasil, com uma intensa agenda religiosa e cultural. A\" \/>\n\t<meta name=\"robots\" content=\"max-image-preview:large\" \/>\n\t<meta name=\"author\" content=\"administrador\"\/>\n\t<link rel=\"canonical\" href=\"https:\/\/newsinfoco.com.br\/inicio\/milhares-de-fieis-aproveitam-programacao-no-dia-de-santa-dulce\/\" \/>\n\t<meta name=\"generator\" content=\"All in One SEO (AIOSEO) 4.9.10\" \/>\n\t\t<meta property=\"og:locale\" content=\"pt_BR\" \/>\n\t\t<meta property=\"og:site_name\" content=\"News In Foco - Editado por Caio Pimenta - O principal site de noticias de Alagoinhas e regi\u00e3o\" \/>\n\t\t<meta property=\"og:type\" content=\"article\" \/>\n\t\t<meta property=\"og:title\" content=\"Milhares de fi\u00e9is aproveitam programa\u00e7\u00e3o no Dia de Santa Dulce - News In Foco - Editado por Caio Pimenta\" \/>\n\t\t<meta property=\"og:description\" content=\"Milhares de fi\u00e9is aproveitaram a programa\u00e7\u00e3o especial no Dia de Santa Dulce dos Pobres, celebrado em 13 de agosto, no Santu\u00e1rio dedicado \u00e0 santa, localizado no bairro do Bonfim, em Salvador. A data marcou o encerramento da tradicional festa em homenagem \u00e0 primeira santa nascida no Brasil, com uma intensa agenda religiosa e cultural. A\" \/>\n\t\t<meta property=\"og:url\" content=\"https:\/\/newsinfoco.com.br\/inicio\/milhares-de-fieis-aproveitam-programacao-no-dia-de-santa-dulce\/\" \/>\n\t\t<meta property=\"article:published_time\" content=\"2025-08-14T17:18:06+00:00\" \/>\n\t\t<meta property=\"article:modified_time\" content=\"2025-08-14T17:18:06+00:00\" \/>\n\t\t<meta name=\"twitter:card\" content=\"summary_large_image\" \/>\n\t\t<meta name=\"twitter:title\" content=\"Milhares de fi\u00e9is aproveitam programa\u00e7\u00e3o no Dia de Santa Dulce - News In Foco - Editado por Caio Pimenta\" \/>\n\t\t<meta name=\"twitter:description\" content=\"Milhares de fi\u00e9is aproveitaram a programa\u00e7\u00e3o especial no Dia de Santa Dulce dos Pobres, celebrado em 13 de agosto, no Santu\u00e1rio dedicado \u00e0 santa, localizado no bairro do Bonfim, em Salvador. A data marcou o encerramento da tradicional festa em homenagem \u00e0 primeira santa nascida no Brasil, com uma intensa agenda religiosa e cultural. A\" \/>\n\t\t<script type=\"application\/ld+json\" class=\"aioseo-schema\">\n\t\t\t{\"@context\":\"https:\\\/\\\/schema.org\",\"@graph\":[{\"@type\":\"BlogPosting\",\"@id\":\"https:\\\/\\\/newsinfoco.com.br\\\/inicio\\\/milhares-de-fieis-aproveitam-programacao-no-dia-de-santa-dulce\\\/#blogposting\",\"name\":\"Milhares de fi\\u00e9is aproveitam programa\\u00e7\\u00e3o no Dia de Santa Dulce - News In Foco - Editado por Caio Pimenta\",\"headline\":\"Milhares de fi\\u00e9is aproveitam programa\\u00e7\\u00e3o no Dia de Santa Dulce\",\"author\":{\"@id\":\"https:\\\/\\\/newsinfoco.com.br\\\/inicio\\\/author\\\/administrador\\\/#author\"},\"publisher\":{\"@id\":\"https:\\\/\\\/newsinfoco.com.br\\\/inicio\\\/#organization\"},\"image\":{\"@type\":\"ImageObject\",\"url\":\"https:\\\/\\\/newsinfoco.com.br\\\/inicio\\\/wp-content\\\/uploads\\\/2025\\\/08\\\/irma-dulce.jpg\",\"width\":600,\"height\":420},\"datePublished\":\"2025-08-14T14:18:06-03:00\",\"dateModified\":\"2025-08-14T14:18:06-03:00\",\"inLanguage\":\"pt-BR\",\"mainEntityOfPage\":{\"@id\":\"https:\\\/\\\/newsinfoco.com.br\\\/inicio\\\/milhares-de-fieis-aproveitam-programacao-no-dia-de-santa-dulce\\\/#webpage\"},\"isPartOf\":{\"@id\":\"https:\\\/\\\/newsinfoco.com.br\\\/inicio\\\/milhares-de-fieis-aproveitam-programacao-no-dia-de-santa-dulce\\\/#webpage\"},\"articleSection\":\"Brasil\"},{\"@type\":\"BreadcrumbList\",\"@id\":\"https:\\\/\\\/newsinfoco.com.br\\\/inicio\\\/milhares-de-fieis-aproveitam-programacao-no-dia-de-santa-dulce\\\/#breadcrumblist\",\"itemListElement\":[{\"@type\":\"ListItem\",\"@id\":\"https:\\\/\\\/newsinfoco.com.br\\\/inicio#listItem\",\"position\":1,\"name\":\"In\\u00edcio\",\"item\":\"https:\\\/\\\/newsinfoco.com.br\\\/inicio\",\"nextItem\":{\"@type\":\"ListItem\",\"@id\":\"https:\\\/\\\/newsinfoco.com.br\\\/inicio\\\/category\\\/brasil\\\/#listItem\",\"name\":\"Brasil\"}},{\"@type\":\"ListItem\",\"@id\":\"https:\\\/\\\/newsinfoco.com.br\\\/inicio\\\/category\\\/brasil\\\/#listItem\",\"position\":2,\"name\":\"Brasil\",\"item\":\"https:\\\/\\\/newsinfoco.com.br\\\/inicio\\\/category\\\/brasil\\\/\",\"nextItem\":{\"@type\":\"ListItem\",\"@id\":\"https:\\\/\\\/newsinfoco.com.br\\\/inicio\\\/milhares-de-fieis-aproveitam-programacao-no-dia-de-santa-dulce\\\/#listItem\",\"name\":\"Milhares de fi\\u00e9is aproveitam programa\\u00e7\\u00e3o no Dia de Santa Dulce\"},\"previousItem\":{\"@type\":\"ListItem\",\"@id\":\"https:\\\/\\\/newsinfoco.com.br\\\/inicio#listItem\",\"name\":\"In\\u00edcio\"}},{\"@type\":\"ListItem\",\"@id\":\"https:\\\/\\\/newsinfoco.com.br\\\/inicio\\\/milhares-de-fieis-aproveitam-programacao-no-dia-de-santa-dulce\\\/#listItem\",\"position\":3,\"name\":\"Milhares de fi\\u00e9is aproveitam programa\\u00e7\\u00e3o no Dia de Santa Dulce\",\"previousItem\":{\"@type\":\"ListItem\",\"@id\":\"https:\\\/\\\/newsinfoco.com.br\\\/inicio\\\/category\\\/brasil\\\/#listItem\",\"name\":\"Brasil\"}}]},{\"@type\":\"Organization\",\"@id\":\"https:\\\/\\\/newsinfoco.com.br\\\/inicio\\\/#organization\",\"name\":\"News In Foco - Editado por Caio Pimenta\",\"description\":\"O principal site de noticias de Alagoinhas e regi\\u00e3o\",\"url\":\"https:\\\/\\\/newsinfoco.com.br\\\/inicio\\\/\"},{\"@type\":\"Person\",\"@id\":\"https:\\\/\\\/newsinfoco.com.br\\\/inicio\\\/author\\\/administrador\\\/#author\",\"url\":\"https:\\\/\\\/newsinfoco.com.br\\\/inicio\\\/author\\\/administrador\\\/\",\"name\":\"administrador\",\"image\":{\"@type\":\"ImageObject\",\"@id\":\"https:\\\/\\\/newsinfoco.com.br\\\/inicio\\\/milhares-de-fieis-aproveitam-programacao-no-dia-de-santa-dulce\\\/#authorImage\",\"url\":\"https:\\\/\\\/secure.gravatar.com\\\/avatar\\\/c17a617433de8c1dc9584bb79aab7563b46f5bb7e1728c9b17d9cc3ce6a08e49?s=96&d=mm&r=g\",\"width\":96,\"height\":96,\"caption\":\"administrador\"}},{\"@type\":\"WebPage\",\"@id\":\"https:\\\/\\\/newsinfoco.com.br\\\/inicio\\\/milhares-de-fieis-aproveitam-programacao-no-dia-de-santa-dulce\\\/#webpage\",\"url\":\"https:\\\/\\\/newsinfoco.com.br\\\/inicio\\\/milhares-de-fieis-aproveitam-programacao-no-dia-de-santa-dulce\\\/\",\"name\":\"Milhares de fi\\u00e9is aproveitam programa\\u00e7\\u00e3o no Dia de Santa Dulce - News In Foco - Editado por Caio Pimenta\",\"description\":\"Milhares de fi\\u00e9is aproveitaram a programa\\u00e7\\u00e3o especial no Dia de Santa Dulce dos Pobres, celebrado em 13 de agosto, no Santu\\u00e1rio dedicado \\u00e0 santa, localizado no bairro do Bonfim, em Salvador. A data marcou o encerramento da tradicional festa em homenagem \\u00e0 primeira santa nascida no Brasil, com uma intensa agenda religiosa e cultural. A\",\"inLanguage\":\"pt-BR\",\"isPartOf\":{\"@id\":\"https:\\\/\\\/newsinfoco.com.br\\\/inicio\\\/#website\"},\"breadcrumb\":{\"@id\":\"https:\\\/\\\/newsinfoco.com.br\\\/inicio\\\/milhares-de-fieis-aproveitam-programacao-no-dia-de-santa-dulce\\\/#breadcrumblist\"},\"author\":{\"@id\":\"https:\\\/\\\/newsinfoco.com.br\\\/inicio\\\/author\\\/administrador\\\/#author\"},\"creator\":{\"@id\":\"https:\\\/\\\/newsinfoco.com.br\\\/inicio\\\/author\\\/administrador\\\/#author\"},\"image\":{\"@type\":\"ImageObject\",\"url\":\"https:\\\/\\\/newsinfoco.com.br\\\/inicio\\\/wp-content\\\/uploads\\\/2025\\\/08\\\/irma-dulce.jpg\",\"@id\":\"https:\\\/\\\/newsinfoco.com.br\\\/inicio\\\/milhares-de-fieis-aproveitam-programacao-no-dia-de-santa-dulce\\\/#mainImage\",\"width\":600,\"height\":420},\"primaryImageOfPage\":{\"@id\":\"https:\\\/\\\/newsinfoco.com.br\\\/inicio\\\/milhares-de-fieis-aproveitam-programacao-no-dia-de-santa-dulce\\\/#mainImage\"},\"datePublished\":\"2025-08-14T14:18:06-03:00\",\"dateModified\":\"2025-08-14T14:18:06-03:00\"},{\"@type\":\"WebSite\",\"@id\":\"https:\\\/\\\/newsinfoco.com.br\\\/inicio\\\/#website\",\"url\":\"https:\\\/\\\/newsinfoco.com.br\\\/inicio\\\/\",\"name\":\"News In Foco - Editado por Caio Pimenta\",\"description\":\"O principal site de noticias de Alagoinhas e regi\\u00e3o\",\"inLanguage\":\"pt-BR\",\"publisher\":{\"@id\":\"https:\\\/\\\/newsinfoco.com.br\\\/inicio\\\/#organization\"}}]}\n\t\t<\/script>\n\t\t<!-- All in One SEO -->\n\n","aioseo_head_json":{"title":"Milhares de fi\u00e9is aproveitam programa\u00e7\u00e3o no Dia de Santa Dulce - News In Foco - Editado por Caio Pimenta","description":"Milhares de fi\u00e9is aproveitaram a programa\u00e7\u00e3o especial no Dia de Santa Dulce dos Pobres, celebrado em 13 de agosto, no Santu\u00e1rio dedicado \u00e0 santa, localizado no bairro do Bonfim, em Salvador. A data marcou o encerramento da tradicional festa em homenagem \u00e0 primeira santa nascida no Brasil, com uma intensa agenda religiosa e cultural. A","canonical_url":"https:\/\/newsinfoco.com.br\/inicio\/milhares-de-fieis-aproveitam-programacao-no-dia-de-santa-dulce\/","robots":"max-image-preview:large","keywords":"","webmasterTools":{"miscellaneous":""},"schema":{"@context":"https:\/\/schema.org","@graph":[{"@type":"BlogPosting","@id":"https:\/\/newsinfoco.com.br\/inicio\/milhares-de-fieis-aproveitam-programacao-no-dia-de-santa-dulce\/#blogposting","name":"Milhares de fi\u00e9is aproveitam programa\u00e7\u00e3o no Dia de Santa Dulce - News In Foco - Editado por Caio Pimenta","headline":"Milhares de fi\u00e9is aproveitam programa\u00e7\u00e3o no Dia de Santa Dulce","author":{"@id":"https:\/\/newsinfoco.com.br\/inicio\/author\/administrador\/#author"},"publisher":{"@id":"https:\/\/newsinfoco.com.br\/inicio\/#organization"},"image":{"@type":"ImageObject","url":"https:\/\/newsinfoco.com.br\/inicio\/wp-content\/uploads\/2025\/08\/irma-dulce.jpg","width":600,"height":420},"datePublished":"2025-08-14T14:18:06-03:00","dateModified":"2025-08-14T14:18:06-03:00","inLanguage":"pt-BR","mainEntityOfPage":{"@id":"https:\/\/newsinfoco.com.br\/inicio\/milhares-de-fieis-aproveitam-programacao-no-dia-de-santa-dulce\/#webpage"},"isPartOf":{"@id":"https:\/\/newsinfoco.com.br\/inicio\/milhares-de-fieis-aproveitam-programacao-no-dia-de-santa-dulce\/#webpage"},"articleSection":"Brasil"},{"@type":"BreadcrumbList","@id":"https:\/\/newsinfoco.com.br\/inicio\/milhares-de-fieis-aproveitam-programacao-no-dia-de-santa-dulce\/#breadcrumblist","itemListElement":[{"@type":"ListItem","@id":"https:\/\/newsinfoco.com.br\/inicio#listItem","position":1,"name":"In\u00edcio","item":"https:\/\/newsinfoco.com.br\/inicio","nextItem":{"@type":"ListItem","@id":"https:\/\/newsinfoco.com.br\/inicio\/category\/brasil\/#listItem","name":"Brasil"}},{"@type":"ListItem","@id":"https:\/\/newsinfoco.com.br\/inicio\/category\/brasil\/#listItem","position":2,"name":"Brasil","item":"https:\/\/newsinfoco.com.br\/inicio\/category\/brasil\/","nextItem":{"@type":"ListItem","@id":"https:\/\/newsinfoco.com.br\/inicio\/milhares-de-fieis-aproveitam-programacao-no-dia-de-santa-dulce\/#listItem","name":"Milhares de fi\u00e9is aproveitam programa\u00e7\u00e3o no Dia de Santa Dulce"},"previousItem":{"@type":"ListItem","@id":"https:\/\/newsinfoco.com.br\/inicio#listItem","name":"In\u00edcio"}},{"@type":"ListItem","@id":"https:\/\/newsinfoco.com.br\/inicio\/milhares-de-fieis-aproveitam-programacao-no-dia-de-santa-dulce\/#listItem","position":3,"name":"Milhares de fi\u00e9is aproveitam programa\u00e7\u00e3o no Dia de Santa Dulce","previousItem":{"@type":"ListItem","@id":"https:\/\/newsinfoco.com.br\/inicio\/category\/brasil\/#listItem","name":"Brasil"}}]},{"@type":"Organization","@id":"https:\/\/newsinfoco.com.br\/inicio\/#organization","name":"News In Foco - Editado por Caio Pimenta","description":"O principal site de noticias de Alagoinhas e regi\u00e3o","url":"https:\/\/newsinfoco.com.br\/inicio\/"},{"@type":"Person","@id":"https:\/\/newsinfoco.com.br\/inicio\/author\/administrador\/#author","url":"https:\/\/newsinfoco.com.br\/inicio\/author\/administrador\/","name":"administrador","image":{"@type":"ImageObject","@id":"https:\/\/newsinfoco.com.br\/inicio\/milhares-de-fieis-aproveitam-programacao-no-dia-de-santa-dulce\/#authorImage","url":"https:\/\/secure.gravatar.com\/avatar\/c17a617433de8c1dc9584bb79aab7563b46f5bb7e1728c9b17d9cc3ce6a08e49?s=96&d=mm&r=g","width":96,"height":96,"caption":"administrador"}},{"@type":"WebPage","@id":"https:\/\/newsinfoco.com.br\/inicio\/milhares-de-fieis-aproveitam-programacao-no-dia-de-santa-dulce\/#webpage","url":"https:\/\/newsinfoco.com.br\/inicio\/milhares-de-fieis-aproveitam-programacao-no-dia-de-santa-dulce\/","name":"Milhares de fi\u00e9is aproveitam programa\u00e7\u00e3o no Dia de Santa Dulce - News In Foco - Editado por Caio Pimenta","description":"Milhares de fi\u00e9is aproveitaram a programa\u00e7\u00e3o especial no Dia de Santa Dulce dos Pobres, celebrado em 13 de agosto, no Santu\u00e1rio dedicado \u00e0 santa, localizado no bairro do Bonfim, em Salvador. A data marcou o encerramento da tradicional festa em homenagem \u00e0 primeira santa nascida no Brasil, com uma intensa agenda religiosa e cultural. A","inLanguage":"pt-BR","isPartOf":{"@id":"https:\/\/newsinfoco.com.br\/inicio\/#website"},"breadcrumb":{"@id":"https:\/\/newsinfoco.com.br\/inicio\/milhares-de-fieis-aproveitam-programacao-no-dia-de-santa-dulce\/#breadcrumblist"},"author":{"@id":"https:\/\/newsinfoco.com.br\/inicio\/author\/administrador\/#author"},"creator":{"@id":"https:\/\/newsinfoco.com.br\/inicio\/author\/administrador\/#author"},"image":{"@type":"ImageObject","url":"https:\/\/newsinfoco.com.br\/inicio\/wp-content\/uploads\/2025\/08\/irma-dulce.jpg","@id":"https:\/\/newsinfoco.com.br\/inicio\/milhares-de-fieis-aproveitam-programacao-no-dia-de-santa-dulce\/#mainImage","width":600,"height":420},"primaryImageOfPage":{"@id":"https:\/\/newsinfoco.com.br\/inicio\/milhares-de-fieis-aproveitam-programacao-no-dia-de-santa-dulce\/#mainImage"},"datePublished":"2025-08-14T14:18:06-03:00","dateModified":"2025-08-14T14:18:06-03:00"},{"@type":"WebSite","@id":"https:\/\/newsinfoco.com.br\/inicio\/#website","url":"https:\/\/newsinfoco.com.br\/inicio\/","name":"News In Foco - Editado por Caio Pimenta","description":"O principal site de noticias de Alagoinhas e regi\u00e3o","inLanguage":"pt-BR","publisher":{"@id":"https:\/\/newsinfoco.com.br\/inicio\/#organization"}}]},"og:locale":"pt_BR","og:site_name":"News In Foco - Editado por Caio Pimenta - O principal site de noticias de Alagoinhas e regi\u00e3o","og:type":"article","og:title":"Milhares de fi\u00e9is aproveitam programa\u00e7\u00e3o no Dia de Santa Dulce - News In Foco - Editado por Caio Pimenta","og:description":"Milhares de fi\u00e9is aproveitaram a programa\u00e7\u00e3o especial no Dia de Santa Dulce dos Pobres, celebrado em 13 de agosto, no Santu\u00e1rio dedicado \u00e0 santa, localizado no bairro do Bonfim, em Salvador. A data marcou o encerramento da tradicional festa em homenagem \u00e0 primeira santa nascida no Brasil, com uma intensa agenda religiosa e cultural. A","og:url":"https:\/\/newsinfoco.com.br\/inicio\/milhares-de-fieis-aproveitam-programacao-no-dia-de-santa-dulce\/","article:published_time":"2025-08-14T17:18:06+00:00","article:modified_time":"2025-08-14T17:18:06+00:00","twitter:card":"summary_large_image","twitter:title":"Milhares de fi\u00e9is aproveitam programa\u00e7\u00e3o no Dia de Santa Dulce - News In Foco - Editado por Caio Pimenta","twitter:description":"Milhares de fi\u00e9is aproveitaram a programa\u00e7\u00e3o especial no Dia de Santa Dulce dos Pobres, celebrado em 13 de agosto, no Santu\u00e1rio dedicado \u00e0 santa, localizado no bairro do Bonfim, em Salvador. A data marcou o encerramento da tradicional festa em homenagem \u00e0 primeira santa nascida no Brasil, com uma intensa agenda religiosa e cultural. A"},"aioseo_meta_data":{"post_id":"44233","title":null,"description":null,"keywords":null,"keyphrases":{"focus":{"keyphrase":"","score":0,"analysis":{"keyphraseInTitle":{"score":0,"maxScore":9,"error":1}}},"additional":[]},"primary_term":null,"canonical_url":null,"og_title":null,"og_description":null,"og_object_type":"default","og_image_type":"default","og_image_url":null,"og_image_width":null,"og_image_height":null,"og_image_custom_url":null,"og_image_custom_fields":null,"og_video":"","og_custom_url":null,"og_article_section":null,"og_article_tags":null,"twitter_use_og":false,"twitter_card":"default","twitter_image_type":"default","twitter_image_url":null,"twitter_image_custom_url":null,"twitter_image_custom_fields":null,"twitter_title":null,"twitter_description":null,"schema":{"blockGraphs":[],"customGraphs":[],"default":{"data":{"Article":[],"Course":[],"Dataset":[],"FAQPage":[],"Movie":[],"Person":[],"Product":[],"ProductReview":[],"Car":[],"Recipe":[],"Service":[],"SoftwareApplication":[],"WebPage":[]},"graphName":"BlogPosting","isEnabled":true},"graphs":[]},"schema_type":"default","schema_type_options":null,"pillar_content":false,"robots_default":true,"robots_noindex":false,"robots_noarchive":false,"robots_nosnippet":false,"robots_nofollow":false,"robots_noimageindex":false,"robots_noodp":false,"robots_notranslate":false,"robots_max_snippet":"-1","robots_max_videopreview":"-1","robots_max_imagepreview":"large","priority":null,"frequency":"default","local_seo":null,"breadcrumb_settings":null,"limit_modified_date":false,"ai":{"faqs":[],"keyPoints":[],"titles":[],"descriptions":[],"socialPosts":{"email":[],"linkedin":[],"twitter":[],"facebook":[],"instagram":[]}},"created":"2025-08-14 17:18:06","updated":"2025-08-14 17:18:07","seo_analyzer_scan_date":null},"aioseo_breadcrumb":"<div class=\"aioseo-breadcrumbs\"><span class=\"aioseo-breadcrumb\">\n\t\t\t<a href=\"https:\/\/newsinfoco.com.br\/inicio\" title=\"In\u00edcio\">In\u00edcio<\/a>\n\t\t<\/span><span class=\"aioseo-breadcrumb-separator\">&raquo;<\/span><span class=\"aioseo-breadcrumb\">\n\t\t\t<a href=\"https:\/\/newsinfoco.com.br\/inicio\/category\/brasil\/\" title=\"Brasil\">Brasil<\/a>\n\t\t<\/span><span class=\"aioseo-breadcrumb-separator\">&raquo;<\/span><span class=\"aioseo-breadcrumb\">\n\t\t\tMilhares de fi\u00e9is aproveitam programa\u00e7\u00e3o no Dia de Santa Dulce\n\t\t<\/span><\/div>","aioseo_breadcrumb_json":[{"label":"In\u00edcio","link":"https:\/\/newsinfoco.com.br\/inicio"},{"label":"Brasil","link":"https:\/\/newsinfoco.com.br\/inicio\/category\/brasil\/"},{"label":"Milhares de fi\u00e9is aproveitam programa\u00e7\u00e3o no Dia de Santa Dulce","link":"https:\/\/newsinfoco.com.br\/inicio\/milhares-de-fieis-aproveitam-programacao-no-dia-de-santa-dulce\/"}],"_links":{"self":[{"href":"https:\/\/newsinfoco.com.br\/inicio\/wp-json\/wp\/v2\/posts\/44233","targetHints":{"allow":["GET"]}}],"collection":[{"href":"https:\/\/newsinfoco.com.br\/inicio\/wp-json\/wp\/v2\/posts"}],"about":[{"href":"https:\/\/newsinfoco.com.br\/inicio\/wp-json\/wp\/v2\/types\/post"}],"author":[{"embeddable":true,"href":"https:\/\/newsinfoco.com.br\/inicio\/wp-json\/wp\/v2\/users\/1"}],"replies":[{"embeddable":true,"href":"https:\/\/newsinfoco.com.br\/inicio\/wp-json\/wp\/v2\/comments?post=44233"}],"version-history":[{"count":1,"href":"https:\/\/newsinfoco.com.br\/inicio\/wp-json\/wp\/v2\/posts\/44233\/revisions"}],"predecessor-version":[{"id":44235,"href":"https:\/\/newsinfoco.com.br\/inicio\/wp-json\/wp\/v2\/posts\/44233\/revisions\/44235"}],"wp:featuredmedia":[{"embeddable":true,"href":"https:\/\/newsinfoco.com.br\/inicio\/wp-json\/wp\/v2\/media\/44234"}],"wp:attachment":[{"href":"https:\/\/newsinfoco.com.br\/inicio\/wp-json\/wp\/v2\/media?parent=44233"}],"wp:term":[{"taxonomy":"category","embeddable":true,"href":"https:\/\/newsinfoco.com.br\/inicio\/wp-json\/wp\/v2\/categories?post=44233"},{"taxonomy":"post_tag","embeddable":true,"href":"https:\/\/newsinfoco.com.br\/inicio\/wp-json\/wp\/v2\/tags?post=44233"}],"curies":[{"name":"wp","href":"https:\/\/api.w.org\/{rel}","templated":true}]}}