{"id":44249,"date":"2025-08-15T12:27:01","date_gmt":"2025-08-15T15:27:01","guid":{"rendered":"https:\/\/newsinfoco.com.br\/inicio\/?p=44249"},"modified":"2025-08-15T12:27:01","modified_gmt":"2025-08-15T15:27:01","slug":"setur-promove-turismo-baiano-na-colombia","status":"publish","type":"post","link":"https:\/\/newsinfoco.com.br\/inicio\/setur-promove-turismo-baiano-na-colombia\/","title":{"rendered":"Setur promove turismo baiano na Col\u00f4mbia"},"content":{"rendered":"<div class=\"trv-player-container\">\n<div class=\"trv-wrapper\">\n<div id=\"br_video_player_8f0ca99dec91b04f14270868d33f7c9dc3c659f9\" class=\"trvd_video_player trvdfloater trv-right\">\n<div>Com a retomada do voo da Copa Airlines, da Cidade do Panam\u00e1, na Am\u00e9rica Central, para Salvador, a partir de 7 de janeiro, a Secretaria de Turismo da Bahia (Setur-BA) realizou, nesta semana, a promo\u00e7\u00e3o das 13 zonas tur\u00edsticas baianas, em Bogot\u00e1, na Col\u00f4mbia, para 120 profissionais do setor. A capital colombiana tem conex\u00e3o com o Hub (distribui\u00e7\u00e3o de voos) da companhia a\u00e9rea, na capital panamenha, que inclui mais 87 cidades das Am\u00e9ricas.<\/div>\n<div id=\"br_video_player_8f0ca99dec91b04f14270868d33f7c9dc3c659f9_close\" class=\"trv-close-container\">\n<p>A a\u00e7\u00e3o aconteceu no encerramento do Meeting Brasil \u2013 Latin America, evento itinerante que passou tamb\u00e9m por Assun\u00e7\u00e3o, no Paraguai, Montevid\u00e9u, no Uruguai, Santiago, no Chile e C\u00f3rdoba, na Argentina, com a capacita\u00e7\u00e3o de 1,5 mil agentes de viagens sobre os destinos baianos.<\/p>\n<p>\u201cA Bahia j\u00e1 recebe muitos turistas sul-americanos, mas a participa\u00e7\u00e3o dos colombianos ainda \u00e9 pequena. Como eles disp\u00f5em de voos diretos da Copa Airlines para a Cidade do Panam\u00e1, poder\u00e3o fazer a conex\u00e3o para Salvador, o que ir\u00e1 facilitar a visita \u00e0 capital baiana e seu entorno. Por isso, fizemos a a\u00e7\u00e3o promocional para atrair colombianos, que se soma \u00e0 capta\u00e7\u00e3o da retomada do voo entre o Panam\u00e1 e a Bahia, feita pelo Governo do Estado\u201d, explicou o gerente de Mercado Internacional da Setur-BA, Eduardo Koshima.<\/p>\n<div>\n<div class=\"trv-player-container\">\n<div class=\"trv-wrapper\">\n<div id=\"br_video_player_8f0ca99dec91b04f14270868d33f7c9dc3c659f9\" class=\"trvd_video_player trvdfloater trv-right\">\n<div class=\"media-player\"><\/div>\n<div>\n<div class=\"conteudo_post\">\n<p>\u201cCom a adi\u00e7\u00e3o da rota para Salvador, que ter\u00e1 quatro frequ\u00eancias semanais, e os voos a partir de 10 cidades colombianas, que j\u00e1 operamos, a Copa Airlines abre a conectividade entre esses destinos\u201d, completou a executiva da companhia a\u00e9rea, Aura Abdelnur L\u00e9on.<\/p>\n<p>Para a agente de viagens colombiana Heidi Salgado G\u00e1rces, \u201ca Bahia \u00e9 um dos destinos mais emblem\u00e1ticos do Brasil e item obrigat\u00f3rio no portf\u00f3lio de qualquer ag\u00eancia, pois re\u00fane riqueza cultural \u00edmpar, com uma diversidade de paisagens, que v\u00e3o de praias paradis\u00edacas ao charme do patrim\u00f4nio hist\u00f3rico\u201d.<\/p>\n<\/div>\n<div id=\"div-share\">Bahia.Ba<\/div>\n<\/div>\n<p><iframe loading=\"lazy\" id=\"truvid_cnt_prebid_trv_iframe10614\" src=\"about:blank\" width=\"1px\" height=\"1px\" frameborder=\"0\" marginwidth=\"0\" marginheight=\"0\" scrolling=\"NO\"><\/iframe><\/p>\n<div id=\"br_video_player_8f0ca99dec91b04f14270868d33f7c9dc3c659f9_close\" class=\"trv-close-container\"><\/div>\n<\/div>\n<\/div>\n<\/div>\n<\/div>\n<\/div>\n<\/div>\n<\/div>\n<\/div>\n<div class='share-to-whatsapp-wrapper'><div class='share-on-whsp'>Share on: <\/div><a data-text='Setur promove turismo baiano na Col\u00f4mbia' data-link='https:\/\/newsinfoco.com.br\/inicio\/setur-promove-turismo-baiano-na-colombia\/' class='whatsapp-button whatsapp-share'>WhatsApp<\/a><div class='clear '><\/div><\/div>","protected":false},"excerpt":{"rendered":"<p>Com a retomada do voo da Copa Airlines, da Cidade do Panam\u00e1, na Am\u00e9rica Central, para Salvador, a partir de 7 de janeiro, a Secretaria de Turismo da Bahia (Setur-BA) realizou, nesta semana, a promo\u00e7\u00e3o das 13 zonas tur\u00edsticas baianas, em Bogot\u00e1, na Col\u00f4mbia, para 120 profissionais do setor. A capital colombiana tem conex\u00e3o com [&hellip;]<\/p>\n","protected":false},"author":1,"featured_media":44250,"comment_status":"closed","ping_status":"closed","sticky":false,"template":"","format":"standard","meta":{"om_disable_all_campaigns":false,"rop_custom_images_group":[],"rop_custom_messages_group":[],"rop_publish_now":"initial","rop_publish_now_accounts":[],"rop_publish_now_history":[],"rop_publish_now_status":"pending","_exactmetrics_skip_tracking":false,"footnotes":""},"categories":[19],"tags":[],"class_list":["post-44249","post","type-post","status-publish","format-standard","has-post-thumbnail","hentry","category-bahia"],"aioseo_notices":[],"aioseo_head":"\n\t\t<!-- All in One SEO 4.9.10 - aioseo.com -->\n\t<meta name=\"description\" content=\"Com a retomada do voo da Copa Airlines, da Cidade do Panam\u00e1, na Am\u00e9rica Central, para Salvador, a partir de 7 de janeiro, a Secretaria de Turismo da Bahia (Setur-BA) realizou, nesta semana, a promo\u00e7\u00e3o das 13 zonas tur\u00edsticas baianas, em Bogot\u00e1, na Col\u00f4mbia, para 120 profissionais do setor. A capital colombiana tem conex\u00e3o com\" \/>\n\t<meta name=\"robots\" content=\"max-image-preview:large\" \/>\n\t<meta name=\"author\" content=\"administrador\"\/>\n\t<link rel=\"canonical\" href=\"https:\/\/newsinfoco.com.br\/inicio\/setur-promove-turismo-baiano-na-colombia\/\" \/>\n\t<meta name=\"generator\" content=\"All in One SEO (AIOSEO) 4.9.10\" \/>\n\t\t<meta property=\"og:locale\" content=\"pt_BR\" \/>\n\t\t<meta property=\"og:site_name\" content=\"News In Foco - Editado por Caio Pimenta - O principal site de noticias de Alagoinhas e regi\u00e3o\" \/>\n\t\t<meta property=\"og:type\" content=\"article\" \/>\n\t\t<meta property=\"og:title\" content=\"Setur promove turismo baiano na Col\u00f4mbia - News In Foco - Editado por Caio Pimenta\" \/>\n\t\t<meta property=\"og:description\" content=\"Com a retomada do voo da Copa Airlines, da Cidade do Panam\u00e1, na Am\u00e9rica Central, para Salvador, a partir de 7 de janeiro, a Secretaria de Turismo da Bahia (Setur-BA) realizou, nesta semana, a promo\u00e7\u00e3o das 13 zonas tur\u00edsticas baianas, em Bogot\u00e1, na Col\u00f4mbia, para 120 profissionais do setor. A capital colombiana tem conex\u00e3o com\" \/>\n\t\t<meta property=\"og:url\" content=\"https:\/\/newsinfoco.com.br\/inicio\/setur-promove-turismo-baiano-na-colombia\/\" \/>\n\t\t<meta property=\"article:published_time\" content=\"2025-08-15T15:27:01+00:00\" \/>\n\t\t<meta property=\"article:modified_time\" content=\"2025-08-15T15:27:01+00:00\" \/>\n\t\t<meta name=\"twitter:card\" content=\"summary_large_image\" \/>\n\t\t<meta name=\"twitter:title\" content=\"Setur promove turismo baiano na Col\u00f4mbia - News In Foco - Editado por Caio Pimenta\" \/>\n\t\t<meta name=\"twitter:description\" content=\"Com a retomada do voo da Copa Airlines, da Cidade do Panam\u00e1, na Am\u00e9rica Central, para Salvador, a partir de 7 de janeiro, a Secretaria de Turismo da Bahia (Setur-BA) realizou, nesta semana, a promo\u00e7\u00e3o das 13 zonas tur\u00edsticas baianas, em Bogot\u00e1, na Col\u00f4mbia, para 120 profissionais do setor. A capital colombiana tem conex\u00e3o com\" \/>\n\t\t<script type=\"application\/ld+json\" class=\"aioseo-schema\">\n\t\t\t{\"@context\":\"https:\\\/\\\/schema.org\",\"@graph\":[{\"@type\":\"BlogPosting\",\"@id\":\"https:\\\/\\\/newsinfoco.com.br\\\/inicio\\\/setur-promove-turismo-baiano-na-colombia\\\/#blogposting\",\"name\":\"Setur promove turismo baiano na Col\\u00f4mbia - News In Foco - Editado por Caio Pimenta\",\"headline\":\"Setur promove turismo baiano na Col\\u00f4mbia\",\"author\":{\"@id\":\"https:\\\/\\\/newsinfoco.com.br\\\/inicio\\\/author\\\/administrador\\\/#author\"},\"publisher\":{\"@id\":\"https:\\\/\\\/newsinfoco.com.br\\\/inicio\\\/#organization\"},\"image\":{\"@type\":\"ImageObject\",\"url\":\"https:\\\/\\\/newsinfoco.com.br\\\/inicio\\\/wp-content\\\/uploads\\\/2025\\\/08\\\/Setur-BA-na-Colombia.png\",\"width\":600,\"height\":420},\"datePublished\":\"2025-08-15T12:27:01-03:00\",\"dateModified\":\"2025-08-15T12:27:01-03:00\",\"inLanguage\":\"pt-BR\",\"mainEntityOfPage\":{\"@id\":\"https:\\\/\\\/newsinfoco.com.br\\\/inicio\\\/setur-promove-turismo-baiano-na-colombia\\\/#webpage\"},\"isPartOf\":{\"@id\":\"https:\\\/\\\/newsinfoco.com.br\\\/inicio\\\/setur-promove-turismo-baiano-na-colombia\\\/#webpage\"},\"articleSection\":\"Bahia\"},{\"@type\":\"BreadcrumbList\",\"@id\":\"https:\\\/\\\/newsinfoco.com.br\\\/inicio\\\/setur-promove-turismo-baiano-na-colombia\\\/#breadcrumblist\",\"itemListElement\":[{\"@type\":\"ListItem\",\"@id\":\"https:\\\/\\\/newsinfoco.com.br\\\/inicio#listItem\",\"position\":1,\"name\":\"In\\u00edcio\",\"item\":\"https:\\\/\\\/newsinfoco.com.br\\\/inicio\",\"nextItem\":{\"@type\":\"ListItem\",\"@id\":\"https:\\\/\\\/newsinfoco.com.br\\\/inicio\\\/category\\\/bahia\\\/#listItem\",\"name\":\"Bahia\"}},{\"@type\":\"ListItem\",\"@id\":\"https:\\\/\\\/newsinfoco.com.br\\\/inicio\\\/category\\\/bahia\\\/#listItem\",\"position\":2,\"name\":\"Bahia\",\"item\":\"https:\\\/\\\/newsinfoco.com.br\\\/inicio\\\/category\\\/bahia\\\/\",\"nextItem\":{\"@type\":\"ListItem\",\"@id\":\"https:\\\/\\\/newsinfoco.com.br\\\/inicio\\\/setur-promove-turismo-baiano-na-colombia\\\/#listItem\",\"name\":\"Setur promove turismo baiano na Col\\u00f4mbia\"},\"previousItem\":{\"@type\":\"ListItem\",\"@id\":\"https:\\\/\\\/newsinfoco.com.br\\\/inicio#listItem\",\"name\":\"In\\u00edcio\"}},{\"@type\":\"ListItem\",\"@id\":\"https:\\\/\\\/newsinfoco.com.br\\\/inicio\\\/setur-promove-turismo-baiano-na-colombia\\\/#listItem\",\"position\":3,\"name\":\"Setur promove turismo baiano na Col\\u00f4mbia\",\"previousItem\":{\"@type\":\"ListItem\",\"@id\":\"https:\\\/\\\/newsinfoco.com.br\\\/inicio\\\/category\\\/bahia\\\/#listItem\",\"name\":\"Bahia\"}}]},{\"@type\":\"Organization\",\"@id\":\"https:\\\/\\\/newsinfoco.com.br\\\/inicio\\\/#organization\",\"name\":\"News In Foco - Editado por Caio Pimenta\",\"description\":\"O principal site de noticias de Alagoinhas e regi\\u00e3o\",\"url\":\"https:\\\/\\\/newsinfoco.com.br\\\/inicio\\\/\"},{\"@type\":\"Person\",\"@id\":\"https:\\\/\\\/newsinfoco.com.br\\\/inicio\\\/author\\\/administrador\\\/#author\",\"url\":\"https:\\\/\\\/newsinfoco.com.br\\\/inicio\\\/author\\\/administrador\\\/\",\"name\":\"administrador\",\"image\":{\"@type\":\"ImageObject\",\"@id\":\"https:\\\/\\\/newsinfoco.com.br\\\/inicio\\\/setur-promove-turismo-baiano-na-colombia\\\/#authorImage\",\"url\":\"https:\\\/\\\/secure.gravatar.com\\\/avatar\\\/c17a617433de8c1dc9584bb79aab7563b46f5bb7e1728c9b17d9cc3ce6a08e49?s=96&d=mm&r=g\",\"width\":96,\"height\":96,\"caption\":\"administrador\"}},{\"@type\":\"WebPage\",\"@id\":\"https:\\\/\\\/newsinfoco.com.br\\\/inicio\\\/setur-promove-turismo-baiano-na-colombia\\\/#webpage\",\"url\":\"https:\\\/\\\/newsinfoco.com.br\\\/inicio\\\/setur-promove-turismo-baiano-na-colombia\\\/\",\"name\":\"Setur promove turismo baiano na Col\\u00f4mbia - News In Foco - Editado por Caio Pimenta\",\"description\":\"Com a retomada do voo da Copa Airlines, da Cidade do Panam\\u00e1, na Am\\u00e9rica Central, para Salvador, a partir de 7 de janeiro, a Secretaria de Turismo da Bahia (Setur-BA) realizou, nesta semana, a promo\\u00e7\\u00e3o das 13 zonas tur\\u00edsticas baianas, em Bogot\\u00e1, na Col\\u00f4mbia, para 120 profissionais do setor. A capital colombiana tem conex\\u00e3o com\",\"inLanguage\":\"pt-BR\",\"isPartOf\":{\"@id\":\"https:\\\/\\\/newsinfoco.com.br\\\/inicio\\\/#website\"},\"breadcrumb\":{\"@id\":\"https:\\\/\\\/newsinfoco.com.br\\\/inicio\\\/setur-promove-turismo-baiano-na-colombia\\\/#breadcrumblist\"},\"author\":{\"@id\":\"https:\\\/\\\/newsinfoco.com.br\\\/inicio\\\/author\\\/administrador\\\/#author\"},\"creator\":{\"@id\":\"https:\\\/\\\/newsinfoco.com.br\\\/inicio\\\/author\\\/administrador\\\/#author\"},\"image\":{\"@type\":\"ImageObject\",\"url\":\"https:\\\/\\\/newsinfoco.com.br\\\/inicio\\\/wp-content\\\/uploads\\\/2025\\\/08\\\/Setur-BA-na-Colombia.png\",\"@id\":\"https:\\\/\\\/newsinfoco.com.br\\\/inicio\\\/setur-promove-turismo-baiano-na-colombia\\\/#mainImage\",\"width\":600,\"height\":420},\"primaryImageOfPage\":{\"@id\":\"https:\\\/\\\/newsinfoco.com.br\\\/inicio\\\/setur-promove-turismo-baiano-na-colombia\\\/#mainImage\"},\"datePublished\":\"2025-08-15T12:27:01-03:00\",\"dateModified\":\"2025-08-15T12:27:01-03:00\"},{\"@type\":\"WebSite\",\"@id\":\"https:\\\/\\\/newsinfoco.com.br\\\/inicio\\\/#website\",\"url\":\"https:\\\/\\\/newsinfoco.com.br\\\/inicio\\\/\",\"name\":\"News In Foco - Editado por Caio Pimenta\",\"description\":\"O principal site de noticias de Alagoinhas e regi\\u00e3o\",\"inLanguage\":\"pt-BR\",\"publisher\":{\"@id\":\"https:\\\/\\\/newsinfoco.com.br\\\/inicio\\\/#organization\"}}]}\n\t\t<\/script>\n\t\t<!-- All in One SEO -->\n\n","aioseo_head_json":{"title":"Setur promove turismo baiano na Col\u00f4mbia - News In Foco - Editado por Caio Pimenta","description":"Com a retomada do voo da Copa Airlines, da Cidade do Panam\u00e1, na Am\u00e9rica Central, para Salvador, a partir de 7 de janeiro, a Secretaria de Turismo da Bahia (Setur-BA) realizou, nesta semana, a promo\u00e7\u00e3o das 13 zonas tur\u00edsticas baianas, em Bogot\u00e1, na Col\u00f4mbia, para 120 profissionais do setor. A capital colombiana tem conex\u00e3o com","canonical_url":"https:\/\/newsinfoco.com.br\/inicio\/setur-promove-turismo-baiano-na-colombia\/","robots":"max-image-preview:large","keywords":"","webmasterTools":{"miscellaneous":""},"schema":{"@context":"https:\/\/schema.org","@graph":[{"@type":"BlogPosting","@id":"https:\/\/newsinfoco.com.br\/inicio\/setur-promove-turismo-baiano-na-colombia\/#blogposting","name":"Setur promove turismo baiano na Col\u00f4mbia - News In Foco - Editado por Caio Pimenta","headline":"Setur promove turismo baiano na Col\u00f4mbia","author":{"@id":"https:\/\/newsinfoco.com.br\/inicio\/author\/administrador\/#author"},"publisher":{"@id":"https:\/\/newsinfoco.com.br\/inicio\/#organization"},"image":{"@type":"ImageObject","url":"https:\/\/newsinfoco.com.br\/inicio\/wp-content\/uploads\/2025\/08\/Setur-BA-na-Colombia.png","width":600,"height":420},"datePublished":"2025-08-15T12:27:01-03:00","dateModified":"2025-08-15T12:27:01-03:00","inLanguage":"pt-BR","mainEntityOfPage":{"@id":"https:\/\/newsinfoco.com.br\/inicio\/setur-promove-turismo-baiano-na-colombia\/#webpage"},"isPartOf":{"@id":"https:\/\/newsinfoco.com.br\/inicio\/setur-promove-turismo-baiano-na-colombia\/#webpage"},"articleSection":"Bahia"},{"@type":"BreadcrumbList","@id":"https:\/\/newsinfoco.com.br\/inicio\/setur-promove-turismo-baiano-na-colombia\/#breadcrumblist","itemListElement":[{"@type":"ListItem","@id":"https:\/\/newsinfoco.com.br\/inicio#listItem","position":1,"name":"In\u00edcio","item":"https:\/\/newsinfoco.com.br\/inicio","nextItem":{"@type":"ListItem","@id":"https:\/\/newsinfoco.com.br\/inicio\/category\/bahia\/#listItem","name":"Bahia"}},{"@type":"ListItem","@id":"https:\/\/newsinfoco.com.br\/inicio\/category\/bahia\/#listItem","position":2,"name":"Bahia","item":"https:\/\/newsinfoco.com.br\/inicio\/category\/bahia\/","nextItem":{"@type":"ListItem","@id":"https:\/\/newsinfoco.com.br\/inicio\/setur-promove-turismo-baiano-na-colombia\/#listItem","name":"Setur promove turismo baiano na Col\u00f4mbia"},"previousItem":{"@type":"ListItem","@id":"https:\/\/newsinfoco.com.br\/inicio#listItem","name":"In\u00edcio"}},{"@type":"ListItem","@id":"https:\/\/newsinfoco.com.br\/inicio\/setur-promove-turismo-baiano-na-colombia\/#listItem","position":3,"name":"Setur promove turismo baiano na Col\u00f4mbia","previousItem":{"@type":"ListItem","@id":"https:\/\/newsinfoco.com.br\/inicio\/category\/bahia\/#listItem","name":"Bahia"}}]},{"@type":"Organization","@id":"https:\/\/newsinfoco.com.br\/inicio\/#organization","name":"News In Foco - Editado por Caio Pimenta","description":"O principal site de noticias de Alagoinhas e regi\u00e3o","url":"https:\/\/newsinfoco.com.br\/inicio\/"},{"@type":"Person","@id":"https:\/\/newsinfoco.com.br\/inicio\/author\/administrador\/#author","url":"https:\/\/newsinfoco.com.br\/inicio\/author\/administrador\/","name":"administrador","image":{"@type":"ImageObject","@id":"https:\/\/newsinfoco.com.br\/inicio\/setur-promove-turismo-baiano-na-colombia\/#authorImage","url":"https:\/\/secure.gravatar.com\/avatar\/c17a617433de8c1dc9584bb79aab7563b46f5bb7e1728c9b17d9cc3ce6a08e49?s=96&d=mm&r=g","width":96,"height":96,"caption":"administrador"}},{"@type":"WebPage","@id":"https:\/\/newsinfoco.com.br\/inicio\/setur-promove-turismo-baiano-na-colombia\/#webpage","url":"https:\/\/newsinfoco.com.br\/inicio\/setur-promove-turismo-baiano-na-colombia\/","name":"Setur promove turismo baiano na Col\u00f4mbia - News In Foco - Editado por Caio Pimenta","description":"Com a retomada do voo da Copa Airlines, da Cidade do Panam\u00e1, na Am\u00e9rica Central, para Salvador, a partir de 7 de janeiro, a Secretaria de Turismo da Bahia (Setur-BA) realizou, nesta semana, a promo\u00e7\u00e3o das 13 zonas tur\u00edsticas baianas, em Bogot\u00e1, na Col\u00f4mbia, para 120 profissionais do setor. A capital colombiana tem conex\u00e3o com","inLanguage":"pt-BR","isPartOf":{"@id":"https:\/\/newsinfoco.com.br\/inicio\/#website"},"breadcrumb":{"@id":"https:\/\/newsinfoco.com.br\/inicio\/setur-promove-turismo-baiano-na-colombia\/#breadcrumblist"},"author":{"@id":"https:\/\/newsinfoco.com.br\/inicio\/author\/administrador\/#author"},"creator":{"@id":"https:\/\/newsinfoco.com.br\/inicio\/author\/administrador\/#author"},"image":{"@type":"ImageObject","url":"https:\/\/newsinfoco.com.br\/inicio\/wp-content\/uploads\/2025\/08\/Setur-BA-na-Colombia.png","@id":"https:\/\/newsinfoco.com.br\/inicio\/setur-promove-turismo-baiano-na-colombia\/#mainImage","width":600,"height":420},"primaryImageOfPage":{"@id":"https:\/\/newsinfoco.com.br\/inicio\/setur-promove-turismo-baiano-na-colombia\/#mainImage"},"datePublished":"2025-08-15T12:27:01-03:00","dateModified":"2025-08-15T12:27:01-03:00"},{"@type":"WebSite","@id":"https:\/\/newsinfoco.com.br\/inicio\/#website","url":"https:\/\/newsinfoco.com.br\/inicio\/","name":"News In Foco - Editado por Caio Pimenta","description":"O principal site de noticias de Alagoinhas e regi\u00e3o","inLanguage":"pt-BR","publisher":{"@id":"https:\/\/newsinfoco.com.br\/inicio\/#organization"}}]},"og:locale":"pt_BR","og:site_name":"News In Foco - Editado por Caio Pimenta - O principal site de noticias de Alagoinhas e regi\u00e3o","og:type":"article","og:title":"Setur promove turismo baiano na Col\u00f4mbia - News In Foco - Editado por Caio Pimenta","og:description":"Com a retomada do voo da Copa Airlines, da Cidade do Panam\u00e1, na Am\u00e9rica Central, para Salvador, a partir de 7 de janeiro, a Secretaria de Turismo da Bahia (Setur-BA) realizou, nesta semana, a promo\u00e7\u00e3o das 13 zonas tur\u00edsticas baianas, em Bogot\u00e1, na Col\u00f4mbia, para 120 profissionais do setor. A capital colombiana tem conex\u00e3o com","og:url":"https:\/\/newsinfoco.com.br\/inicio\/setur-promove-turismo-baiano-na-colombia\/","article:published_time":"2025-08-15T15:27:01+00:00","article:modified_time":"2025-08-15T15:27:01+00:00","twitter:card":"summary_large_image","twitter:title":"Setur promove turismo baiano na Col\u00f4mbia - News In Foco - Editado por Caio Pimenta","twitter:description":"Com a retomada do voo da Copa Airlines, da Cidade do Panam\u00e1, na Am\u00e9rica Central, para Salvador, a partir de 7 de janeiro, a Secretaria de Turismo da Bahia (Setur-BA) realizou, nesta semana, a promo\u00e7\u00e3o das 13 zonas tur\u00edsticas baianas, em Bogot\u00e1, na Col\u00f4mbia, para 120 profissionais do setor. A capital colombiana tem conex\u00e3o com"},"aioseo_meta_data":{"post_id":"44249","title":null,"description":null,"keywords":null,"keyphrases":{"focus":{"keyphrase":"","score":0,"analysis":{"keyphraseInTitle":{"score":0,"maxScore":9,"error":1}}},"additional":[]},"primary_term":null,"canonical_url":null,"og_title":null,"og_description":null,"og_object_type":"default","og_image_type":"default","og_image_url":null,"og_image_width":null,"og_image_height":null,"og_image_custom_url":null,"og_image_custom_fields":null,"og_video":"","og_custom_url":null,"og_article_section":null,"og_article_tags":null,"twitter_use_og":false,"twitter_card":"default","twitter_image_type":"default","twitter_image_url":null,"twitter_image_custom_url":null,"twitter_image_custom_fields":null,"twitter_title":null,"twitter_description":null,"schema":{"blockGraphs":[],"customGraphs":[],"default":{"data":{"Article":[],"Course":[],"Dataset":[],"FAQPage":[],"Movie":[],"Person":[],"Product":[],"ProductReview":[],"Car":[],"Recipe":[],"Service":[],"SoftwareApplication":[],"WebPage":[]},"graphName":"BlogPosting","isEnabled":true},"graphs":[]},"schema_type":"default","schema_type_options":null,"pillar_content":false,"robots_default":true,"robots_noindex":false,"robots_noarchive":false,"robots_nosnippet":false,"robots_nofollow":false,"robots_noimageindex":false,"robots_noodp":false,"robots_notranslate":false,"robots_max_snippet":"-1","robots_max_videopreview":"-1","robots_max_imagepreview":"large","priority":null,"frequency":"default","local_seo":null,"breadcrumb_settings":null,"limit_modified_date":false,"ai":{"faqs":[],"keyPoints":[],"titles":[],"descriptions":[],"socialPosts":{"email":[],"linkedin":[],"twitter":[],"facebook":[],"instagram":[]}},"created":"2025-08-15 15:27:01","updated":"2025-08-15 15:28:03","seo_analyzer_scan_date":null},"aioseo_breadcrumb":"<div class=\"aioseo-breadcrumbs\"><span class=\"aioseo-breadcrumb\">\n\t\t\t<a href=\"https:\/\/newsinfoco.com.br\/inicio\" title=\"In\u00edcio\">In\u00edcio<\/a>\n\t\t<\/span><span class=\"aioseo-breadcrumb-separator\">&raquo;<\/span><span class=\"aioseo-breadcrumb\">\n\t\t\t<a href=\"https:\/\/newsinfoco.com.br\/inicio\/category\/bahia\/\" title=\"Bahia\">Bahia<\/a>\n\t\t<\/span><span class=\"aioseo-breadcrumb-separator\">&raquo;<\/span><span class=\"aioseo-breadcrumb\">\n\t\t\tSetur promove turismo baiano na Col\u00f4mbia\n\t\t<\/span><\/div>","aioseo_breadcrumb_json":[{"label":"In\u00edcio","link":"https:\/\/newsinfoco.com.br\/inicio"},{"label":"Bahia","link":"https:\/\/newsinfoco.com.br\/inicio\/category\/bahia\/"},{"label":"Setur promove turismo baiano na Col\u00f4mbia","link":"https:\/\/newsinfoco.com.br\/inicio\/setur-promove-turismo-baiano-na-colombia\/"}],"_links":{"self":[{"href":"https:\/\/newsinfoco.com.br\/inicio\/wp-json\/wp\/v2\/posts\/44249","targetHints":{"allow":["GET"]}}],"collection":[{"href":"https:\/\/newsinfoco.com.br\/inicio\/wp-json\/wp\/v2\/posts"}],"about":[{"href":"https:\/\/newsinfoco.com.br\/inicio\/wp-json\/wp\/v2\/types\/post"}],"author":[{"embeddable":true,"href":"https:\/\/newsinfoco.com.br\/inicio\/wp-json\/wp\/v2\/users\/1"}],"replies":[{"embeddable":true,"href":"https:\/\/newsinfoco.com.br\/inicio\/wp-json\/wp\/v2\/comments?post=44249"}],"version-history":[{"count":1,"href":"https:\/\/newsinfoco.com.br\/inicio\/wp-json\/wp\/v2\/posts\/44249\/revisions"}],"predecessor-version":[{"id":44251,"href":"https:\/\/newsinfoco.com.br\/inicio\/wp-json\/wp\/v2\/posts\/44249\/revisions\/44251"}],"wp:featuredmedia":[{"embeddable":true,"href":"https:\/\/newsinfoco.com.br\/inicio\/wp-json\/wp\/v2\/media\/44250"}],"wp:attachment":[{"href":"https:\/\/newsinfoco.com.br\/inicio\/wp-json\/wp\/v2\/media?parent=44249"}],"wp:term":[{"taxonomy":"category","embeddable":true,"href":"https:\/\/newsinfoco.com.br\/inicio\/wp-json\/wp\/v2\/categories?post=44249"},{"taxonomy":"post_tag","embeddable":true,"href":"https:\/\/newsinfoco.com.br\/inicio\/wp-json\/wp\/v2\/tags?post=44249"}],"curies":[{"name":"wp","href":"https:\/\/api.w.org\/{rel}","templated":true}]}}