{"id":44258,"date":"2025-08-15T12:57:58","date_gmt":"2025-08-15T15:57:58","guid":{"rendered":"https:\/\/newsinfoco.com.br\/inicio\/?p=44258"},"modified":"2025-08-15T12:57:58","modified_gmt":"2025-08-15T15:57:58","slug":"trump-diz-que-vai-taxar-aco-e-semicondutores-nas-proximas-semanas","status":"publish","type":"post","link":"https:\/\/newsinfoco.com.br\/inicio\/trump-diz-que-vai-taxar-aco-e-semicondutores-nas-proximas-semanas\/","title":{"rendered":"Trump diz que vai taxar a\u00e7o e semicondutores nas pr\u00f3ximas semanas"},"content":{"rendered":"<p>O presidente dos Estados Unidos, Donald Trump, afirmou nesta sexta-feira (15) que vai estabelecer tarifas sobre importa\u00e7\u00f5es de a\u00e7o j\u00e1 na pr\u00f3xima semana. O republicano ainda pontuou que os chips semicondutores tamb\u00e9m ser\u00e3o alvos das tarifas, com as novas medidas para o produto previstas para serem anunciadas na semana seguinte ao a\u00e7o. As informa\u00e7\u00f5es s\u00e3o do portal InfoMoney e da ag\u00eancia brit\u00e2nica Reuters.<\/p>\n<p>\u201cEstabelecerei tarifas na semana que vem e na semana seguinte sobre o a\u00e7o e sobre, eu diria, chips\u201d, disse Trump, que detalhou ainda que as taxas ser\u00e3o inicialmente menores para permitir que as empresas venham e desenvolvam fabrica\u00e7\u00e3o dom\u00e9stica, e aumentar\u00e3o posteriormente. Ele n\u00e3o detalhou quais ser\u00e3o as taxas.<\/p>\n<p>Na \u00faltima semana, as tarifas de Trump sobre diversos pa\u00edses entraram em vigor, incluindo a taxa sobre produtos brasileiros, a maior imposta pelo presidente a um de seus parceiros comerciais, de 50%.<\/p>\n<div>\n<div class=\"trv-player-container\">\n<div class=\"trv-wrapper\">\n<div id=\"br_video_player_758eb48577adae98e8d50868d33f7c9dc3c659f9\" class=\"trvd_video_player trvdinstream\">\n<div class=\"media-player\">\n<div class=\"trv-video\">\n<div id=\"truvid_ima_container55467\" class=\"truvid_ima_container\">\n<div class=\"trv-player-container\">\n<div class=\"trv-wrapper\">\n<div id=\"br_video_player_758eb48577adae98e8d50868d33f7c9dc3c659f9\" class=\"trvd_video_player trvdinstream\">\n<div class=\"media-player\">\n<div class=\"trv-video\">\n<div id=\"truvid_ima_container55467\" class=\"truvid_ima_container\">\n<div class=\"trv-player-container\">\n<div class=\"trv-wrapper\">\n<div id=\"br_video_player_758eb48577adae98e8d50868d33f7c9dc3c659f9\" class=\"trvd_video_player trvdinstream\">\n<div class=\"media-player\">\n<div class=\"trv-video\">\n<div id=\"truvid_ima_container55467\" class=\"truvid_ima_container\">\n<div class=\"trv-player-container\">\n<div class=\"trv-wrapper\">\n<div id=\"br_video_player_758eb48577adae98e8d50868d33f7c9dc3c659f9\" class=\"trvd_video_player trvdinstream\">\n<div class=\"media-player\">\n<div class=\"trv-video\">\n<div id=\"truvid_ima_container55467\" class=\"truvid_ima_container\">\n<div class=\"trv-player-container\">\n<div class=\"trv-wrapper\">\n<div id=\"br_video_player_758eb48577adae98e8d50868d33f7c9dc3c659f9\" class=\"trvd_video_player trvdinstream\">\n<div class=\"media-player\">\n<div class=\"trv-video\">\n<div id=\"truvid_ima_container55467\" class=\"truvid_ima_container\">\n<div class=\"trv-player-container\">\n<div class=\"trv-wrapper\">\n<div id=\"br_video_player_758eb48577adae98e8d50868d33f7c9dc3c659f9\" class=\"trvd_video_player trvdinstream\">\n<div class=\"media-player\">\n<div class=\"trv-video\">\n<div id=\"truvid_ima_container55467\" class=\"truvid_ima_container\">\n<div class=\"trv-player-container\">\n<div class=\"trv-wrapper\">\n<div id=\"br_video_player_758eb48577adae98e8d50868d33f7c9dc3c659f9\" class=\"trvd_video_player trvdinstream\">\n<div class=\"media-player\">\n<div class=\"trv-video\">\n<div id=\"truvid_ima_container55467\" class=\"truvid_ima_container\">\n<p>A declara\u00e7\u00e3o de Trump foi dada aos jornalistas que o acompanham a bordo do avi\u00e3o presidencial Air Force One, que leva o presidente americano para o Alaska, onde ele se reunir\u00e1 com o presidente da R\u00fassia, Vladimir Putin para debater o fim da guerra na Ucr\u00e2nia.<\/p>\n<p>O encontro entre os presidentes ocorre em meio a guerra comercial travada por Trump, que chegou a amea\u00e7ar uma amplia\u00e7ao \u00e0s taxas impostas sobre produtos russos caso Putin n\u00e3o avance nas tratativas para encerrar o conflito com o pa\u00eds vizinho.<\/p>\n<p>&nbsp;<\/p>\n<p>Bahia.Ba<\/p>\n<\/div>\n<\/div>\n<\/div>\n<\/div>\n<\/div>\n<\/div>\n<\/div>\n<\/div>\n<\/div>\n<\/div>\n<\/div>\n<\/div>\n<\/div>\n<\/div>\n<\/div>\n<\/div>\n<\/div>\n<\/div>\n<\/div>\n<\/div>\n<\/div>\n<\/div>\n<\/div>\n<\/div>\n<\/div>\n<\/div>\n<\/div>\n<\/div>\n<\/div>\n<\/div>\n<\/div>\n<\/div>\n<\/div>\n<\/div>\n<\/div>\n<\/div>\n<\/div>\n<\/div>\n<\/div>\n<\/div>\n<\/div>\n<\/div>\n<\/div>\n<div class='share-to-whatsapp-wrapper'><div class='share-on-whsp'>Share on: <\/div><a data-text='Trump diz que vai taxar a\u00e7o e semicondutores nas pr\u00f3ximas semanas' data-link='https:\/\/newsinfoco.com.br\/inicio\/trump-diz-que-vai-taxar-aco-e-semicondutores-nas-proximas-semanas\/' class='whatsapp-button whatsapp-share'>WhatsApp<\/a><div class='clear '><\/div><\/div>","protected":false},"excerpt":{"rendered":"<p>O presidente dos Estados Unidos, Donald Trump, afirmou nesta sexta-feira (15) que vai estabelecer tarifas sobre importa\u00e7\u00f5es de a\u00e7o j\u00e1 na pr\u00f3xima semana. O republicano ainda pontuou que os chips semicondutores tamb\u00e9m ser\u00e3o alvos das tarifas, com as novas medidas para o produto previstas para serem anunciadas na semana seguinte ao a\u00e7o. As informa\u00e7\u00f5es s\u00e3o [&hellip;]<\/p>\n","protected":false},"author":1,"featured_media":44259,"comment_status":"closed","ping_status":"closed","sticky":false,"template":"","format":"standard","meta":{"om_disable_all_campaigns":false,"rop_custom_images_group":[],"rop_custom_messages_group":[],"rop_publish_now":"initial","rop_publish_now_accounts":[],"rop_publish_now_history":[],"rop_publish_now_status":"pending","_exactmetrics_skip_tracking":false,"footnotes":""},"categories":[21],"tags":[],"class_list":["post-44258","post","type-post","status-publish","format-standard","has-post-thumbnail","hentry","category-brasil"],"aioseo_notices":[],"aioseo_head":"\n\t\t<!-- All in One SEO 4.9.10 - aioseo.com -->\n\t<meta name=\"description\" content=\"O presidente dos Estados Unidos, Donald Trump, afirmou nesta sexta-feira (15) que vai estabelecer tarifas sobre importa\u00e7\u00f5es de a\u00e7o j\u00e1 na pr\u00f3xima semana. O republicano ainda pontuou que os chips semicondutores tamb\u00e9m ser\u00e3o alvos das tarifas, com as novas medidas para o produto previstas para serem anunciadas na semana seguinte ao a\u00e7o. As informa\u00e7\u00f5es s\u00e3o\" \/>\n\t<meta name=\"robots\" content=\"max-image-preview:large\" \/>\n\t<meta name=\"author\" content=\"administrador\"\/>\n\t<link rel=\"canonical\" href=\"https:\/\/newsinfoco.com.br\/inicio\/trump-diz-que-vai-taxar-aco-e-semicondutores-nas-proximas-semanas\/\" \/>\n\t<meta name=\"generator\" content=\"All in One SEO (AIOSEO) 4.9.10\" \/>\n\t\t<meta property=\"og:locale\" content=\"pt_BR\" \/>\n\t\t<meta property=\"og:site_name\" content=\"News In Foco - Editado por Caio Pimenta - O principal site de noticias de Alagoinhas e regi\u00e3o\" \/>\n\t\t<meta property=\"og:type\" content=\"article\" \/>\n\t\t<meta property=\"og:title\" content=\"Trump diz que vai taxar a\u00e7o e semicondutores nas pr\u00f3ximas semanas - News In Foco - Editado por Caio Pimenta\" \/>\n\t\t<meta property=\"og:description\" content=\"O presidente dos Estados Unidos, Donald Trump, afirmou nesta sexta-feira (15) que vai estabelecer tarifas sobre importa\u00e7\u00f5es de a\u00e7o j\u00e1 na pr\u00f3xima semana. O republicano ainda pontuou que os chips semicondutores tamb\u00e9m ser\u00e3o alvos das tarifas, com as novas medidas para o produto previstas para serem anunciadas na semana seguinte ao a\u00e7o. As informa\u00e7\u00f5es s\u00e3o\" \/>\n\t\t<meta property=\"og:url\" content=\"https:\/\/newsinfoco.com.br\/inicio\/trump-diz-que-vai-taxar-aco-e-semicondutores-nas-proximas-semanas\/\" \/>\n\t\t<meta property=\"article:published_time\" content=\"2025-08-15T15:57:58+00:00\" \/>\n\t\t<meta property=\"article:modified_time\" content=\"2025-08-15T15:57:58+00:00\" \/>\n\t\t<meta name=\"twitter:card\" content=\"summary_large_image\" \/>\n\t\t<meta name=\"twitter:title\" content=\"Trump diz que vai taxar a\u00e7o e semicondutores nas pr\u00f3ximas semanas - News In Foco - Editado por Caio Pimenta\" \/>\n\t\t<meta name=\"twitter:description\" content=\"O presidente dos Estados Unidos, Donald Trump, afirmou nesta sexta-feira (15) que vai estabelecer tarifas sobre importa\u00e7\u00f5es de a\u00e7o j\u00e1 na pr\u00f3xima semana. O republicano ainda pontuou que os chips semicondutores tamb\u00e9m ser\u00e3o alvos das tarifas, com as novas medidas para o produto previstas para serem anunciadas na semana seguinte ao a\u00e7o. As informa\u00e7\u00f5es s\u00e3o\" \/>\n\t\t<script type=\"application\/ld+json\" class=\"aioseo-schema\">\n\t\t\t{\"@context\":\"https:\\\/\\\/schema.org\",\"@graph\":[{\"@type\":\"BlogPosting\",\"@id\":\"https:\\\/\\\/newsinfoco.com.br\\\/inicio\\\/trump-diz-que-vai-taxar-aco-e-semicondutores-nas-proximas-semanas\\\/#blogposting\",\"name\":\"Trump diz que vai taxar a\\u00e7o e semicondutores nas pr\\u00f3ximas semanas - News In Foco - Editado por Caio Pimenta\",\"headline\":\"Trump diz que vai taxar a\\u00e7o e semicondutores nas pr\\u00f3ximas semanas\",\"author\":{\"@id\":\"https:\\\/\\\/newsinfoco.com.br\\\/inicio\\\/author\\\/administrador\\\/#author\"},\"publisher\":{\"@id\":\"https:\\\/\\\/newsinfoco.com.br\\\/inicio\\\/#organization\"},\"image\":{\"@type\":\"ImageObject\",\"url\":\"https:\\\/\\\/newsinfoco.com.br\\\/inicio\\\/wp-content\\\/uploads\\\/2025\\\/08\\\/Policia-Federal-2025-04-18T181753.634.png\",\"width\":600,\"height\":420},\"datePublished\":\"2025-08-15T12:57:58-03:00\",\"dateModified\":\"2025-08-15T12:57:58-03:00\",\"inLanguage\":\"pt-BR\",\"mainEntityOfPage\":{\"@id\":\"https:\\\/\\\/newsinfoco.com.br\\\/inicio\\\/trump-diz-que-vai-taxar-aco-e-semicondutores-nas-proximas-semanas\\\/#webpage\"},\"isPartOf\":{\"@id\":\"https:\\\/\\\/newsinfoco.com.br\\\/inicio\\\/trump-diz-que-vai-taxar-aco-e-semicondutores-nas-proximas-semanas\\\/#webpage\"},\"articleSection\":\"Brasil\"},{\"@type\":\"BreadcrumbList\",\"@id\":\"https:\\\/\\\/newsinfoco.com.br\\\/inicio\\\/trump-diz-que-vai-taxar-aco-e-semicondutores-nas-proximas-semanas\\\/#breadcrumblist\",\"itemListElement\":[{\"@type\":\"ListItem\",\"@id\":\"https:\\\/\\\/newsinfoco.com.br\\\/inicio#listItem\",\"position\":1,\"name\":\"In\\u00edcio\",\"item\":\"https:\\\/\\\/newsinfoco.com.br\\\/inicio\",\"nextItem\":{\"@type\":\"ListItem\",\"@id\":\"https:\\\/\\\/newsinfoco.com.br\\\/inicio\\\/category\\\/brasil\\\/#listItem\",\"name\":\"Brasil\"}},{\"@type\":\"ListItem\",\"@id\":\"https:\\\/\\\/newsinfoco.com.br\\\/inicio\\\/category\\\/brasil\\\/#listItem\",\"position\":2,\"name\":\"Brasil\",\"item\":\"https:\\\/\\\/newsinfoco.com.br\\\/inicio\\\/category\\\/brasil\\\/\",\"nextItem\":{\"@type\":\"ListItem\",\"@id\":\"https:\\\/\\\/newsinfoco.com.br\\\/inicio\\\/trump-diz-que-vai-taxar-aco-e-semicondutores-nas-proximas-semanas\\\/#listItem\",\"name\":\"Trump diz que vai taxar a\\u00e7o e semicondutores nas pr\\u00f3ximas semanas\"},\"previousItem\":{\"@type\":\"ListItem\",\"@id\":\"https:\\\/\\\/newsinfoco.com.br\\\/inicio#listItem\",\"name\":\"In\\u00edcio\"}},{\"@type\":\"ListItem\",\"@id\":\"https:\\\/\\\/newsinfoco.com.br\\\/inicio\\\/trump-diz-que-vai-taxar-aco-e-semicondutores-nas-proximas-semanas\\\/#listItem\",\"position\":3,\"name\":\"Trump diz que vai taxar a\\u00e7o e semicondutores nas pr\\u00f3ximas semanas\",\"previousItem\":{\"@type\":\"ListItem\",\"@id\":\"https:\\\/\\\/newsinfoco.com.br\\\/inicio\\\/category\\\/brasil\\\/#listItem\",\"name\":\"Brasil\"}}]},{\"@type\":\"Organization\",\"@id\":\"https:\\\/\\\/newsinfoco.com.br\\\/inicio\\\/#organization\",\"name\":\"News In Foco - Editado por Caio Pimenta\",\"description\":\"O principal site de noticias de Alagoinhas e regi\\u00e3o\",\"url\":\"https:\\\/\\\/newsinfoco.com.br\\\/inicio\\\/\"},{\"@type\":\"Person\",\"@id\":\"https:\\\/\\\/newsinfoco.com.br\\\/inicio\\\/author\\\/administrador\\\/#author\",\"url\":\"https:\\\/\\\/newsinfoco.com.br\\\/inicio\\\/author\\\/administrador\\\/\",\"name\":\"administrador\",\"image\":{\"@type\":\"ImageObject\",\"@id\":\"https:\\\/\\\/newsinfoco.com.br\\\/inicio\\\/trump-diz-que-vai-taxar-aco-e-semicondutores-nas-proximas-semanas\\\/#authorImage\",\"url\":\"https:\\\/\\\/secure.gravatar.com\\\/avatar\\\/c17a617433de8c1dc9584bb79aab7563b46f5bb7e1728c9b17d9cc3ce6a08e49?s=96&d=mm&r=g\",\"width\":96,\"height\":96,\"caption\":\"administrador\"}},{\"@type\":\"WebPage\",\"@id\":\"https:\\\/\\\/newsinfoco.com.br\\\/inicio\\\/trump-diz-que-vai-taxar-aco-e-semicondutores-nas-proximas-semanas\\\/#webpage\",\"url\":\"https:\\\/\\\/newsinfoco.com.br\\\/inicio\\\/trump-diz-que-vai-taxar-aco-e-semicondutores-nas-proximas-semanas\\\/\",\"name\":\"Trump diz que vai taxar a\\u00e7o e semicondutores nas pr\\u00f3ximas semanas - News In Foco - Editado por Caio Pimenta\",\"description\":\"O presidente dos Estados Unidos, Donald Trump, afirmou nesta sexta-feira (15) que vai estabelecer tarifas sobre importa\\u00e7\\u00f5es de a\\u00e7o j\\u00e1 na pr\\u00f3xima semana. O republicano ainda pontuou que os chips semicondutores tamb\\u00e9m ser\\u00e3o alvos das tarifas, com as novas medidas para o produto previstas para serem anunciadas na semana seguinte ao a\\u00e7o. As informa\\u00e7\\u00f5es s\\u00e3o\",\"inLanguage\":\"pt-BR\",\"isPartOf\":{\"@id\":\"https:\\\/\\\/newsinfoco.com.br\\\/inicio\\\/#website\"},\"breadcrumb\":{\"@id\":\"https:\\\/\\\/newsinfoco.com.br\\\/inicio\\\/trump-diz-que-vai-taxar-aco-e-semicondutores-nas-proximas-semanas\\\/#breadcrumblist\"},\"author\":{\"@id\":\"https:\\\/\\\/newsinfoco.com.br\\\/inicio\\\/author\\\/administrador\\\/#author\"},\"creator\":{\"@id\":\"https:\\\/\\\/newsinfoco.com.br\\\/inicio\\\/author\\\/administrador\\\/#author\"},\"image\":{\"@type\":\"ImageObject\",\"url\":\"https:\\\/\\\/newsinfoco.com.br\\\/inicio\\\/wp-content\\\/uploads\\\/2025\\\/08\\\/Policia-Federal-2025-04-18T181753.634.png\",\"@id\":\"https:\\\/\\\/newsinfoco.com.br\\\/inicio\\\/trump-diz-que-vai-taxar-aco-e-semicondutores-nas-proximas-semanas\\\/#mainImage\",\"width\":600,\"height\":420},\"primaryImageOfPage\":{\"@id\":\"https:\\\/\\\/newsinfoco.com.br\\\/inicio\\\/trump-diz-que-vai-taxar-aco-e-semicondutores-nas-proximas-semanas\\\/#mainImage\"},\"datePublished\":\"2025-08-15T12:57:58-03:00\",\"dateModified\":\"2025-08-15T12:57:58-03:00\"},{\"@type\":\"WebSite\",\"@id\":\"https:\\\/\\\/newsinfoco.com.br\\\/inicio\\\/#website\",\"url\":\"https:\\\/\\\/newsinfoco.com.br\\\/inicio\\\/\",\"name\":\"News In Foco - Editado por Caio Pimenta\",\"description\":\"O principal site de noticias de Alagoinhas e regi\\u00e3o\",\"inLanguage\":\"pt-BR\",\"publisher\":{\"@id\":\"https:\\\/\\\/newsinfoco.com.br\\\/inicio\\\/#organization\"}}]}\n\t\t<\/script>\n\t\t<!-- All in One SEO -->\n\n","aioseo_head_json":{"title":"Trump diz que vai taxar a\u00e7o e semicondutores nas pr\u00f3ximas semanas - News In Foco - Editado por Caio Pimenta","description":"O presidente dos Estados Unidos, Donald Trump, afirmou nesta sexta-feira (15) que vai estabelecer tarifas sobre importa\u00e7\u00f5es de a\u00e7o j\u00e1 na pr\u00f3xima semana. O republicano ainda pontuou que os chips semicondutores tamb\u00e9m ser\u00e3o alvos das tarifas, com as novas medidas para o produto previstas para serem anunciadas na semana seguinte ao a\u00e7o. As informa\u00e7\u00f5es s\u00e3o","canonical_url":"https:\/\/newsinfoco.com.br\/inicio\/trump-diz-que-vai-taxar-aco-e-semicondutores-nas-proximas-semanas\/","robots":"max-image-preview:large","keywords":"","webmasterTools":{"miscellaneous":""},"schema":{"@context":"https:\/\/schema.org","@graph":[{"@type":"BlogPosting","@id":"https:\/\/newsinfoco.com.br\/inicio\/trump-diz-que-vai-taxar-aco-e-semicondutores-nas-proximas-semanas\/#blogposting","name":"Trump diz que vai taxar a\u00e7o e semicondutores nas pr\u00f3ximas semanas - News In Foco - Editado por Caio Pimenta","headline":"Trump diz que vai taxar a\u00e7o e semicondutores nas pr\u00f3ximas semanas","author":{"@id":"https:\/\/newsinfoco.com.br\/inicio\/author\/administrador\/#author"},"publisher":{"@id":"https:\/\/newsinfoco.com.br\/inicio\/#organization"},"image":{"@type":"ImageObject","url":"https:\/\/newsinfoco.com.br\/inicio\/wp-content\/uploads\/2025\/08\/Policia-Federal-2025-04-18T181753.634.png","width":600,"height":420},"datePublished":"2025-08-15T12:57:58-03:00","dateModified":"2025-08-15T12:57:58-03:00","inLanguage":"pt-BR","mainEntityOfPage":{"@id":"https:\/\/newsinfoco.com.br\/inicio\/trump-diz-que-vai-taxar-aco-e-semicondutores-nas-proximas-semanas\/#webpage"},"isPartOf":{"@id":"https:\/\/newsinfoco.com.br\/inicio\/trump-diz-que-vai-taxar-aco-e-semicondutores-nas-proximas-semanas\/#webpage"},"articleSection":"Brasil"},{"@type":"BreadcrumbList","@id":"https:\/\/newsinfoco.com.br\/inicio\/trump-diz-que-vai-taxar-aco-e-semicondutores-nas-proximas-semanas\/#breadcrumblist","itemListElement":[{"@type":"ListItem","@id":"https:\/\/newsinfoco.com.br\/inicio#listItem","position":1,"name":"In\u00edcio","item":"https:\/\/newsinfoco.com.br\/inicio","nextItem":{"@type":"ListItem","@id":"https:\/\/newsinfoco.com.br\/inicio\/category\/brasil\/#listItem","name":"Brasil"}},{"@type":"ListItem","@id":"https:\/\/newsinfoco.com.br\/inicio\/category\/brasil\/#listItem","position":2,"name":"Brasil","item":"https:\/\/newsinfoco.com.br\/inicio\/category\/brasil\/","nextItem":{"@type":"ListItem","@id":"https:\/\/newsinfoco.com.br\/inicio\/trump-diz-que-vai-taxar-aco-e-semicondutores-nas-proximas-semanas\/#listItem","name":"Trump diz que vai taxar a\u00e7o e semicondutores nas pr\u00f3ximas semanas"},"previousItem":{"@type":"ListItem","@id":"https:\/\/newsinfoco.com.br\/inicio#listItem","name":"In\u00edcio"}},{"@type":"ListItem","@id":"https:\/\/newsinfoco.com.br\/inicio\/trump-diz-que-vai-taxar-aco-e-semicondutores-nas-proximas-semanas\/#listItem","position":3,"name":"Trump diz que vai taxar a\u00e7o e semicondutores nas pr\u00f3ximas semanas","previousItem":{"@type":"ListItem","@id":"https:\/\/newsinfoco.com.br\/inicio\/category\/brasil\/#listItem","name":"Brasil"}}]},{"@type":"Organization","@id":"https:\/\/newsinfoco.com.br\/inicio\/#organization","name":"News In Foco - Editado por Caio Pimenta","description":"O principal site de noticias de Alagoinhas e regi\u00e3o","url":"https:\/\/newsinfoco.com.br\/inicio\/"},{"@type":"Person","@id":"https:\/\/newsinfoco.com.br\/inicio\/author\/administrador\/#author","url":"https:\/\/newsinfoco.com.br\/inicio\/author\/administrador\/","name":"administrador","image":{"@type":"ImageObject","@id":"https:\/\/newsinfoco.com.br\/inicio\/trump-diz-que-vai-taxar-aco-e-semicondutores-nas-proximas-semanas\/#authorImage","url":"https:\/\/secure.gravatar.com\/avatar\/c17a617433de8c1dc9584bb79aab7563b46f5bb7e1728c9b17d9cc3ce6a08e49?s=96&d=mm&r=g","width":96,"height":96,"caption":"administrador"}},{"@type":"WebPage","@id":"https:\/\/newsinfoco.com.br\/inicio\/trump-diz-que-vai-taxar-aco-e-semicondutores-nas-proximas-semanas\/#webpage","url":"https:\/\/newsinfoco.com.br\/inicio\/trump-diz-que-vai-taxar-aco-e-semicondutores-nas-proximas-semanas\/","name":"Trump diz que vai taxar a\u00e7o e semicondutores nas pr\u00f3ximas semanas - News In Foco - Editado por Caio Pimenta","description":"O presidente dos Estados Unidos, Donald Trump, afirmou nesta sexta-feira (15) que vai estabelecer tarifas sobre importa\u00e7\u00f5es de a\u00e7o j\u00e1 na pr\u00f3xima semana. O republicano ainda pontuou que os chips semicondutores tamb\u00e9m ser\u00e3o alvos das tarifas, com as novas medidas para o produto previstas para serem anunciadas na semana seguinte ao a\u00e7o. As informa\u00e7\u00f5es s\u00e3o","inLanguage":"pt-BR","isPartOf":{"@id":"https:\/\/newsinfoco.com.br\/inicio\/#website"},"breadcrumb":{"@id":"https:\/\/newsinfoco.com.br\/inicio\/trump-diz-que-vai-taxar-aco-e-semicondutores-nas-proximas-semanas\/#breadcrumblist"},"author":{"@id":"https:\/\/newsinfoco.com.br\/inicio\/author\/administrador\/#author"},"creator":{"@id":"https:\/\/newsinfoco.com.br\/inicio\/author\/administrador\/#author"},"image":{"@type":"ImageObject","url":"https:\/\/newsinfoco.com.br\/inicio\/wp-content\/uploads\/2025\/08\/Policia-Federal-2025-04-18T181753.634.png","@id":"https:\/\/newsinfoco.com.br\/inicio\/trump-diz-que-vai-taxar-aco-e-semicondutores-nas-proximas-semanas\/#mainImage","width":600,"height":420},"primaryImageOfPage":{"@id":"https:\/\/newsinfoco.com.br\/inicio\/trump-diz-que-vai-taxar-aco-e-semicondutores-nas-proximas-semanas\/#mainImage"},"datePublished":"2025-08-15T12:57:58-03:00","dateModified":"2025-08-15T12:57:58-03:00"},{"@type":"WebSite","@id":"https:\/\/newsinfoco.com.br\/inicio\/#website","url":"https:\/\/newsinfoco.com.br\/inicio\/","name":"News In Foco - Editado por Caio Pimenta","description":"O principal site de noticias de Alagoinhas e regi\u00e3o","inLanguage":"pt-BR","publisher":{"@id":"https:\/\/newsinfoco.com.br\/inicio\/#organization"}}]},"og:locale":"pt_BR","og:site_name":"News In Foco - Editado por Caio Pimenta - O principal site de noticias de Alagoinhas e regi\u00e3o","og:type":"article","og:title":"Trump diz que vai taxar a\u00e7o e semicondutores nas pr\u00f3ximas semanas - News In Foco - Editado por Caio Pimenta","og:description":"O presidente dos Estados Unidos, Donald Trump, afirmou nesta sexta-feira (15) que vai estabelecer tarifas sobre importa\u00e7\u00f5es de a\u00e7o j\u00e1 na pr\u00f3xima semana. O republicano ainda pontuou que os chips semicondutores tamb\u00e9m ser\u00e3o alvos das tarifas, com as novas medidas para o produto previstas para serem anunciadas na semana seguinte ao a\u00e7o. As informa\u00e7\u00f5es s\u00e3o","og:url":"https:\/\/newsinfoco.com.br\/inicio\/trump-diz-que-vai-taxar-aco-e-semicondutores-nas-proximas-semanas\/","article:published_time":"2025-08-15T15:57:58+00:00","article:modified_time":"2025-08-15T15:57:58+00:00","twitter:card":"summary_large_image","twitter:title":"Trump diz que vai taxar a\u00e7o e semicondutores nas pr\u00f3ximas semanas - News In Foco - Editado por Caio Pimenta","twitter:description":"O presidente dos Estados Unidos, Donald Trump, afirmou nesta sexta-feira (15) que vai estabelecer tarifas sobre importa\u00e7\u00f5es de a\u00e7o j\u00e1 na pr\u00f3xima semana. O republicano ainda pontuou que os chips semicondutores tamb\u00e9m ser\u00e3o alvos das tarifas, com as novas medidas para o produto previstas para serem anunciadas na semana seguinte ao a\u00e7o. As informa\u00e7\u00f5es s\u00e3o"},"aioseo_meta_data":{"post_id":"44258","title":null,"description":null,"keywords":null,"keyphrases":{"focus":{"keyphrase":"","score":0,"analysis":{"keyphraseInTitle":{"score":0,"maxScore":9,"error":1}}},"additional":[]},"primary_term":null,"canonical_url":null,"og_title":null,"og_description":null,"og_object_type":"default","og_image_type":"default","og_image_url":null,"og_image_width":null,"og_image_height":null,"og_image_custom_url":null,"og_image_custom_fields":null,"og_video":"","og_custom_url":null,"og_article_section":null,"og_article_tags":null,"twitter_use_og":false,"twitter_card":"default","twitter_image_type":"default","twitter_image_url":null,"twitter_image_custom_url":null,"twitter_image_custom_fields":null,"twitter_title":null,"twitter_description":null,"schema":{"blockGraphs":[],"customGraphs":[],"default":{"data":{"Article":[],"Course":[],"Dataset":[],"FAQPage":[],"Movie":[],"Person":[],"Product":[],"ProductReview":[],"Car":[],"Recipe":[],"Service":[],"SoftwareApplication":[],"WebPage":[]},"graphName":"BlogPosting","isEnabled":true},"graphs":[]},"schema_type":"default","schema_type_options":null,"pillar_content":false,"robots_default":true,"robots_noindex":false,"robots_noarchive":false,"robots_nosnippet":false,"robots_nofollow":false,"robots_noimageindex":false,"robots_noodp":false,"robots_notranslate":false,"robots_max_snippet":"-1","robots_max_videopreview":"-1","robots_max_imagepreview":"large","priority":null,"frequency":"default","local_seo":null,"breadcrumb_settings":null,"limit_modified_date":false,"ai":{"faqs":[],"keyPoints":[],"titles":[],"descriptions":[],"socialPosts":{"email":[],"linkedin":[],"twitter":[],"facebook":[],"instagram":[]}},"created":"2025-08-15 15:57:58","updated":"2025-08-15 16:01:19","seo_analyzer_scan_date":null},"aioseo_breadcrumb":"<div class=\"aioseo-breadcrumbs\"><span class=\"aioseo-breadcrumb\">\n\t\t\t<a href=\"https:\/\/newsinfoco.com.br\/inicio\" title=\"In\u00edcio\">In\u00edcio<\/a>\n\t\t<\/span><span class=\"aioseo-breadcrumb-separator\">&raquo;<\/span><span class=\"aioseo-breadcrumb\">\n\t\t\t<a href=\"https:\/\/newsinfoco.com.br\/inicio\/category\/brasil\/\" title=\"Brasil\">Brasil<\/a>\n\t\t<\/span><span class=\"aioseo-breadcrumb-separator\">&raquo;<\/span><span class=\"aioseo-breadcrumb\">\n\t\t\tTrump diz que vai taxar a\u00e7o e semicondutores nas pr\u00f3ximas semanas\n\t\t<\/span><\/div>","aioseo_breadcrumb_json":[{"label":"In\u00edcio","link":"https:\/\/newsinfoco.com.br\/inicio"},{"label":"Brasil","link":"https:\/\/newsinfoco.com.br\/inicio\/category\/brasil\/"},{"label":"Trump diz que vai taxar a\u00e7o e semicondutores nas pr\u00f3ximas semanas","link":"https:\/\/newsinfoco.com.br\/inicio\/trump-diz-que-vai-taxar-aco-e-semicondutores-nas-proximas-semanas\/"}],"_links":{"self":[{"href":"https:\/\/newsinfoco.com.br\/inicio\/wp-json\/wp\/v2\/posts\/44258","targetHints":{"allow":["GET"]}}],"collection":[{"href":"https:\/\/newsinfoco.com.br\/inicio\/wp-json\/wp\/v2\/posts"}],"about":[{"href":"https:\/\/newsinfoco.com.br\/inicio\/wp-json\/wp\/v2\/types\/post"}],"author":[{"embeddable":true,"href":"https:\/\/newsinfoco.com.br\/inicio\/wp-json\/wp\/v2\/users\/1"}],"replies":[{"embeddable":true,"href":"https:\/\/newsinfoco.com.br\/inicio\/wp-json\/wp\/v2\/comments?post=44258"}],"version-history":[{"count":1,"href":"https:\/\/newsinfoco.com.br\/inicio\/wp-json\/wp\/v2\/posts\/44258\/revisions"}],"predecessor-version":[{"id":44260,"href":"https:\/\/newsinfoco.com.br\/inicio\/wp-json\/wp\/v2\/posts\/44258\/revisions\/44260"}],"wp:featuredmedia":[{"embeddable":true,"href":"https:\/\/newsinfoco.com.br\/inicio\/wp-json\/wp\/v2\/media\/44259"}],"wp:attachment":[{"href":"https:\/\/newsinfoco.com.br\/inicio\/wp-json\/wp\/v2\/media?parent=44258"}],"wp:term":[{"taxonomy":"category","embeddable":true,"href":"https:\/\/newsinfoco.com.br\/inicio\/wp-json\/wp\/v2\/categories?post=44258"},{"taxonomy":"post_tag","embeddable":true,"href":"https:\/\/newsinfoco.com.br\/inicio\/wp-json\/wp\/v2\/tags?post=44258"}],"curies":[{"name":"wp","href":"https:\/\/api.w.org\/{rel}","templated":true}]}}