{"id":44264,"date":"2025-08-15T13:14:17","date_gmt":"2025-08-15T16:14:17","guid":{"rendered":"https:\/\/newsinfoco.com.br\/inicio\/?p=44264"},"modified":"2025-08-15T13:14:17","modified_gmt":"2025-08-15T16:14:17","slug":"governo-pauta-projeto-que-proibe-uso-de-redes-sociais-sem-supervisao-para-menores-de-16","status":"publish","type":"post","link":"https:\/\/newsinfoco.com.br\/inicio\/governo-pauta-projeto-que-proibe-uso-de-redes-sociais-sem-supervisao-para-menores-de-16\/","title":{"rendered":"Governo pauta projeto que pro\u00edbe uso de redes sociais sem supervis\u00e3o para menores de 16"},"content":{"rendered":"<p>O projeto de lei do governo do presidente Luiz In\u00e1cio Lula da Silva (PT) para a regula\u00e7\u00e3o das big techs prev\u00ea que crian\u00e7as e adolescentes de at\u00e9 16 anos devem ter suas contas em redes sociais vinculadas \u00e0s de adultos respons\u00e1veis. A proposta, elaborada pelo Minist\u00e9rio da Justi\u00e7a, foi debatida pelo presidente com oito ministros durante reuni\u00e3o no Pal\u00e1cio do Planalto na quarta-feira (13). As informa\u00e7\u00f5es s\u00e3o do jornal Folha de S. Paulo.<\/p>\n<p>Segundo a reportagem, a regulamenta\u00e7\u00e3o das big techs \u00e9 uma das principais pautas do presidente Lula desde o in\u00edcio de seu terceiro mandato, mas ganhou for\u00e7a em Bras\u00edlia ap\u00f3s o tarifa\u00e7o imposto aos produtos brasileiros pelo presidente dos Estados Unidos, Donald Trump, e o v\u00eddeo viral do youtuber Felca, que denuncia a explora\u00e7\u00e3o de crian\u00e7as e adolescentes por influenciadores que promovem a \u201cadultiza\u00e7\u00e3o\u201d desses menores de idade.<\/p>\n<p>Uma minuta \u00e0 qual o jornal Folha obteve acesso detalha que a inclus\u00e3o de ferramentas que permitam a media\u00e7\u00e3o e supervis\u00e3o dos pais \u00e9 tratada com car\u00e1ter obrigat\u00f3rio no projeto do governo Lula. O texto prev\u00ea ainda possibilitar que os adultos possam bloquear conte\u00fados ou funcionalidades nas contas dos filhos, supervisionando a intera\u00e7\u00e3o com outros usu\u00e1rios e restringindo seu tempo de uso.<\/p>\n<p>O texto diz que \u201ccontas de adolescentes com idade inferior a 16 (dezesseis) anos ou associadas a crian\u00e7as ou adolescentes devem ser vinculadas nestes servi\u00e7os a um adulto respons\u00e1vel\u201d e que os servi\u00e7os \u201cdevem disponibilizar ferramentas de media\u00e7\u00e3o parental que limitam ou suprimam a capacidade de outros usu\u00e1rios se comunicarem com crian\u00e7as e adolescentes\u201d.<\/p>\n<p>Pela proposta, as redes tamb\u00e9m passariam a ser obrigadas a verificar a idade dos usu\u00e1rios. O Minist\u00e9rio da Justi\u00e7a j\u00e1 realiza a revis\u00e3o da classifica\u00e7\u00e3o indicativa nas redes, mas, na pr\u00e1tica, ainda n\u00e3o existem medidas concretas que impe\u00e7am o acesso de crian\u00e7as e jovens de idades inferiores \u00e0s sugeridas.<\/p>\n<p>Em junho, a pasta aumentou a classifica\u00e7\u00e3o indicativa do Instagram de 14 para 16 anos. O TikTok, o Kwai e o YouTube s\u00e3o recomendados hoje pelo governo para maiores de 14 anos; o Facebook para maiores de 16; e o X (antigo Twitter) e o Discord para maiores de 18.<\/p>\n<p>O projeto do governo Lula \u00e9 abrangente, propondo normas que v\u00e3o desde a remunera\u00e7\u00e3o de criadores de conte\u00fado at\u00e9 a puni\u00e7\u00e3o para as pr\u00f3prias plataformas, mas h\u00e1 um cap\u00edtulo exclusivo sobre a prote\u00e7\u00e3o de crian\u00e7as no ambiente digital.<\/p>\n<p>\u201c\u00c9 importante destacar que a presente proposi\u00e7\u00e3o estabelece relevantes salvaguardas espec\u00edficas para crian\u00e7as e adolescentes, que respeitam tanto o poder familiar quanto a progressiva autonomia de crian\u00e7as e adolescentes, reconhecendo sua condi\u00e7\u00e3o de maior vulnerabilidade no ambiente digital e alinhando-se aos princ\u00edpios do Estatuto da Crian\u00e7a e do Adolescente\u201d, escreveu o Minist\u00e9rio da Justi\u00e7a na justificativa do texto.<\/p>\n<div>\n<div class=\"trv-player-container\">\n<div class=\"trv-wrapper\">\n<div id=\"br_video_player_5b5f3b5aab03fcaf0af40868d33f7c9dc3c659f9\" class=\"trvd_video_player trvdinstream\">\n<div class=\"media-player\">\n<div class=\"trv-video\">\n<div id=\"truvid_ima_container41514\" class=\"truvid_ima_container\">\n<div class=\"conteudo_post\">\n<p>A proposta ainda prev\u00ea a proibi\u00e7\u00e3o de direcionamento de propaganda para crian\u00e7as e adolescentes a partir dos dados de uso \u201ccom o objetivo de definir o seu perfil, com a inten\u00e7\u00e3o de persuadi-la para o consumo de qualquer produto ou servi\u00e7o\u201d, pr\u00e1tica comum das big techs com todos seus usu\u00e1rios.<\/p>\n<\/div>\n<div id=\"div-share\">\n<div class=\"conteudo_post\">\n<p>As redes sociais ficam proibidas ainda de exibir publicidade de armas, bebidas alc\u00f3olicas, cigarro, pornografia e jogos de apostas.<\/p>\n<\/div>\n<div id=\"div-share\">\n<div class=\"conteudo_post\">\n<p>.Bahia.Ba<\/p>\n<\/div>\n<\/div>\n<\/div>\n<\/div>\n<\/div>\n<\/div>\n<\/div>\n<\/div>\n<\/div>\n<\/div>\n<div class='share-to-whatsapp-wrapper'><div class='share-on-whsp'>Share on: <\/div><a data-text='Governo pauta projeto que pro\u00edbe uso de redes sociais sem supervis\u00e3o para menores de 16' data-link='https:\/\/newsinfoco.com.br\/inicio\/governo-pauta-projeto-que-proibe-uso-de-redes-sociais-sem-supervisao-para-menores-de-16\/' class='whatsapp-button whatsapp-share'>WhatsApp<\/a><div class='clear '><\/div><\/div>","protected":false},"excerpt":{"rendered":"<p>O projeto de lei do governo do presidente Luiz In\u00e1cio Lula da Silva (PT) para a regula\u00e7\u00e3o das big techs prev\u00ea que crian\u00e7as e adolescentes de at\u00e9 16 anos devem ter suas contas em redes sociais vinculadas \u00e0s de adultos respons\u00e1veis. A proposta, elaborada pelo Minist\u00e9rio da Justi\u00e7a, foi debatida pelo presidente com oito ministros [&hellip;]<\/p>\n","protected":false},"author":1,"featured_media":44265,"comment_status":"closed","ping_status":"closed","sticky":false,"template":"","format":"standard","meta":{"om_disable_all_campaigns":false,"rop_custom_images_group":[],"rop_custom_messages_group":[],"rop_publish_now":"initial","rop_publish_now_accounts":[],"rop_publish_now_history":[],"rop_publish_now_status":"pending","_exactmetrics_skip_tracking":false,"footnotes":""},"categories":[21],"tags":[],"class_list":["post-44264","post","type-post","status-publish","format-standard","has-post-thumbnail","hentry","category-brasil"],"aioseo_notices":[],"aioseo_head":"\n\t\t<!-- All in One SEO 4.9.10 - aioseo.com -->\n\t<meta name=\"description\" content=\"O projeto de lei do governo do presidente Luiz In\u00e1cio Lula da Silva (PT) para a regula\u00e7\u00e3o das big techs prev\u00ea que crian\u00e7as e adolescentes de at\u00e9 16 anos devem ter suas contas em redes sociais vinculadas \u00e0s de adultos respons\u00e1veis. A proposta, elaborada pelo Minist\u00e9rio da Justi\u00e7a, foi debatida pelo presidente com oito ministros\" \/>\n\t<meta name=\"robots\" content=\"max-image-preview:large\" \/>\n\t<meta name=\"author\" content=\"administrador\"\/>\n\t<link rel=\"canonical\" href=\"https:\/\/newsinfoco.com.br\/inicio\/governo-pauta-projeto-que-proibe-uso-de-redes-sociais-sem-supervisao-para-menores-de-16\/\" \/>\n\t<meta name=\"generator\" content=\"All in One SEO (AIOSEO) 4.9.10\" \/>\n\t\t<meta property=\"og:locale\" content=\"pt_BR\" \/>\n\t\t<meta property=\"og:site_name\" content=\"News In Foco - Editado por Caio Pimenta - O principal site de noticias de Alagoinhas e regi\u00e3o\" \/>\n\t\t<meta property=\"og:type\" content=\"article\" \/>\n\t\t<meta property=\"og:title\" content=\"Governo pauta projeto que pro\u00edbe uso de redes sociais sem supervis\u00e3o para menores de 16 - News In Foco - Editado por Caio Pimenta\" \/>\n\t\t<meta property=\"og:description\" content=\"O projeto de lei do governo do presidente Luiz In\u00e1cio Lula da Silva (PT) para a regula\u00e7\u00e3o das big techs prev\u00ea que crian\u00e7as e adolescentes de at\u00e9 16 anos devem ter suas contas em redes sociais vinculadas \u00e0s de adultos respons\u00e1veis. A proposta, elaborada pelo Minist\u00e9rio da Justi\u00e7a, foi debatida pelo presidente com oito ministros\" \/>\n\t\t<meta property=\"og:url\" content=\"https:\/\/newsinfoco.com.br\/inicio\/governo-pauta-projeto-que-proibe-uso-de-redes-sociais-sem-supervisao-para-menores-de-16\/\" \/>\n\t\t<meta property=\"article:published_time\" content=\"2025-08-15T16:14:17+00:00\" \/>\n\t\t<meta property=\"article:modified_time\" content=\"2025-08-15T16:14:17+00:00\" \/>\n\t\t<meta name=\"twitter:card\" content=\"summary_large_image\" \/>\n\t\t<meta name=\"twitter:title\" content=\"Governo pauta projeto que pro\u00edbe uso de redes sociais sem supervis\u00e3o para menores de 16 - News In Foco - Editado por Caio Pimenta\" \/>\n\t\t<meta name=\"twitter:description\" content=\"O projeto de lei do governo do presidente Luiz In\u00e1cio Lula da Silva (PT) para a regula\u00e7\u00e3o das big techs prev\u00ea que crian\u00e7as e adolescentes de at\u00e9 16 anos devem ter suas contas em redes sociais vinculadas \u00e0s de adultos respons\u00e1veis. A proposta, elaborada pelo Minist\u00e9rio da Justi\u00e7a, foi debatida pelo presidente com oito ministros\" \/>\n\t\t<script type=\"application\/ld+json\" class=\"aioseo-schema\">\n\t\t\t{\"@context\":\"https:\\\/\\\/schema.org\",\"@graph\":[{\"@type\":\"BlogPosting\",\"@id\":\"https:\\\/\\\/newsinfoco.com.br\\\/inicio\\\/governo-pauta-projeto-que-proibe-uso-de-redes-sociais-sem-supervisao-para-menores-de-16\\\/#blogposting\",\"name\":\"Governo pauta projeto que pro\\u00edbe uso de redes sociais sem supervis\\u00e3o para menores de 16 - News In Foco - Editado por Caio Pimenta\",\"headline\":\"Governo pauta projeto que pro\\u00edbe uso de redes sociais sem supervis\\u00e3o para menores de 16\",\"author\":{\"@id\":\"https:\\\/\\\/newsinfoco.com.br\\\/inicio\\\/author\\\/administrador\\\/#author\"},\"publisher\":{\"@id\":\"https:\\\/\\\/newsinfoco.com.br\\\/inicio\\\/#organization\"},\"image\":{\"@type\":\"ImageObject\",\"url\":\"https:\\\/\\\/newsinfoco.com.br\\\/inicio\\\/wp-content\\\/uploads\\\/2025\\\/08\\\/Congresso-Nacional.jpg\",\"width\":600,\"height\":420},\"datePublished\":\"2025-08-15T13:14:17-03:00\",\"dateModified\":\"2025-08-15T13:14:17-03:00\",\"inLanguage\":\"pt-BR\",\"mainEntityOfPage\":{\"@id\":\"https:\\\/\\\/newsinfoco.com.br\\\/inicio\\\/governo-pauta-projeto-que-proibe-uso-de-redes-sociais-sem-supervisao-para-menores-de-16\\\/#webpage\"},\"isPartOf\":{\"@id\":\"https:\\\/\\\/newsinfoco.com.br\\\/inicio\\\/governo-pauta-projeto-que-proibe-uso-de-redes-sociais-sem-supervisao-para-menores-de-16\\\/#webpage\"},\"articleSection\":\"Brasil\"},{\"@type\":\"BreadcrumbList\",\"@id\":\"https:\\\/\\\/newsinfoco.com.br\\\/inicio\\\/governo-pauta-projeto-que-proibe-uso-de-redes-sociais-sem-supervisao-para-menores-de-16\\\/#breadcrumblist\",\"itemListElement\":[{\"@type\":\"ListItem\",\"@id\":\"https:\\\/\\\/newsinfoco.com.br\\\/inicio#listItem\",\"position\":1,\"name\":\"In\\u00edcio\",\"item\":\"https:\\\/\\\/newsinfoco.com.br\\\/inicio\",\"nextItem\":{\"@type\":\"ListItem\",\"@id\":\"https:\\\/\\\/newsinfoco.com.br\\\/inicio\\\/category\\\/brasil\\\/#listItem\",\"name\":\"Brasil\"}},{\"@type\":\"ListItem\",\"@id\":\"https:\\\/\\\/newsinfoco.com.br\\\/inicio\\\/category\\\/brasil\\\/#listItem\",\"position\":2,\"name\":\"Brasil\",\"item\":\"https:\\\/\\\/newsinfoco.com.br\\\/inicio\\\/category\\\/brasil\\\/\",\"nextItem\":{\"@type\":\"ListItem\",\"@id\":\"https:\\\/\\\/newsinfoco.com.br\\\/inicio\\\/governo-pauta-projeto-que-proibe-uso-de-redes-sociais-sem-supervisao-para-menores-de-16\\\/#listItem\",\"name\":\"Governo pauta projeto que pro\\u00edbe uso de redes sociais sem supervis\\u00e3o para menores de 16\"},\"previousItem\":{\"@type\":\"ListItem\",\"@id\":\"https:\\\/\\\/newsinfoco.com.br\\\/inicio#listItem\",\"name\":\"In\\u00edcio\"}},{\"@type\":\"ListItem\",\"@id\":\"https:\\\/\\\/newsinfoco.com.br\\\/inicio\\\/governo-pauta-projeto-que-proibe-uso-de-redes-sociais-sem-supervisao-para-menores-de-16\\\/#listItem\",\"position\":3,\"name\":\"Governo pauta projeto que pro\\u00edbe uso de redes sociais sem supervis\\u00e3o para menores de 16\",\"previousItem\":{\"@type\":\"ListItem\",\"@id\":\"https:\\\/\\\/newsinfoco.com.br\\\/inicio\\\/category\\\/brasil\\\/#listItem\",\"name\":\"Brasil\"}}]},{\"@type\":\"Organization\",\"@id\":\"https:\\\/\\\/newsinfoco.com.br\\\/inicio\\\/#organization\",\"name\":\"News In Foco - Editado por Caio Pimenta\",\"description\":\"O principal site de noticias de Alagoinhas e regi\\u00e3o\",\"url\":\"https:\\\/\\\/newsinfoco.com.br\\\/inicio\\\/\"},{\"@type\":\"Person\",\"@id\":\"https:\\\/\\\/newsinfoco.com.br\\\/inicio\\\/author\\\/administrador\\\/#author\",\"url\":\"https:\\\/\\\/newsinfoco.com.br\\\/inicio\\\/author\\\/administrador\\\/\",\"name\":\"administrador\",\"image\":{\"@type\":\"ImageObject\",\"@id\":\"https:\\\/\\\/newsinfoco.com.br\\\/inicio\\\/governo-pauta-projeto-que-proibe-uso-de-redes-sociais-sem-supervisao-para-menores-de-16\\\/#authorImage\",\"url\":\"https:\\\/\\\/secure.gravatar.com\\\/avatar\\\/c17a617433de8c1dc9584bb79aab7563b46f5bb7e1728c9b17d9cc3ce6a08e49?s=96&d=mm&r=g\",\"width\":96,\"height\":96,\"caption\":\"administrador\"}},{\"@type\":\"WebPage\",\"@id\":\"https:\\\/\\\/newsinfoco.com.br\\\/inicio\\\/governo-pauta-projeto-que-proibe-uso-de-redes-sociais-sem-supervisao-para-menores-de-16\\\/#webpage\",\"url\":\"https:\\\/\\\/newsinfoco.com.br\\\/inicio\\\/governo-pauta-projeto-que-proibe-uso-de-redes-sociais-sem-supervisao-para-menores-de-16\\\/\",\"name\":\"Governo pauta projeto que pro\\u00edbe uso de redes sociais sem supervis\\u00e3o para menores de 16 - News In Foco - Editado por Caio Pimenta\",\"description\":\"O projeto de lei do governo do presidente Luiz In\\u00e1cio Lula da Silva (PT) para a regula\\u00e7\\u00e3o das big techs prev\\u00ea que crian\\u00e7as e adolescentes de at\\u00e9 16 anos devem ter suas contas em redes sociais vinculadas \\u00e0s de adultos respons\\u00e1veis. A proposta, elaborada pelo Minist\\u00e9rio da Justi\\u00e7a, foi debatida pelo presidente com oito ministros\",\"inLanguage\":\"pt-BR\",\"isPartOf\":{\"@id\":\"https:\\\/\\\/newsinfoco.com.br\\\/inicio\\\/#website\"},\"breadcrumb\":{\"@id\":\"https:\\\/\\\/newsinfoco.com.br\\\/inicio\\\/governo-pauta-projeto-que-proibe-uso-de-redes-sociais-sem-supervisao-para-menores-de-16\\\/#breadcrumblist\"},\"author\":{\"@id\":\"https:\\\/\\\/newsinfoco.com.br\\\/inicio\\\/author\\\/administrador\\\/#author\"},\"creator\":{\"@id\":\"https:\\\/\\\/newsinfoco.com.br\\\/inicio\\\/author\\\/administrador\\\/#author\"},\"image\":{\"@type\":\"ImageObject\",\"url\":\"https:\\\/\\\/newsinfoco.com.br\\\/inicio\\\/wp-content\\\/uploads\\\/2025\\\/08\\\/Congresso-Nacional.jpg\",\"@id\":\"https:\\\/\\\/newsinfoco.com.br\\\/inicio\\\/governo-pauta-projeto-que-proibe-uso-de-redes-sociais-sem-supervisao-para-menores-de-16\\\/#mainImage\",\"width\":600,\"height\":420},\"primaryImageOfPage\":{\"@id\":\"https:\\\/\\\/newsinfoco.com.br\\\/inicio\\\/governo-pauta-projeto-que-proibe-uso-de-redes-sociais-sem-supervisao-para-menores-de-16\\\/#mainImage\"},\"datePublished\":\"2025-08-15T13:14:17-03:00\",\"dateModified\":\"2025-08-15T13:14:17-03:00\"},{\"@type\":\"WebSite\",\"@id\":\"https:\\\/\\\/newsinfoco.com.br\\\/inicio\\\/#website\",\"url\":\"https:\\\/\\\/newsinfoco.com.br\\\/inicio\\\/\",\"name\":\"News In Foco - Editado por Caio Pimenta\",\"description\":\"O principal site de noticias de Alagoinhas e regi\\u00e3o\",\"inLanguage\":\"pt-BR\",\"publisher\":{\"@id\":\"https:\\\/\\\/newsinfoco.com.br\\\/inicio\\\/#organization\"}}]}\n\t\t<\/script>\n\t\t<!-- All in One SEO -->\n\n","aioseo_head_json":{"title":"Governo pauta projeto que pro\u00edbe uso de redes sociais sem supervis\u00e3o para menores de 16 - News In Foco - Editado por Caio Pimenta","description":"O projeto de lei do governo do presidente Luiz In\u00e1cio Lula da Silva (PT) para a regula\u00e7\u00e3o das big techs prev\u00ea que crian\u00e7as e adolescentes de at\u00e9 16 anos devem ter suas contas em redes sociais vinculadas \u00e0s de adultos respons\u00e1veis. A proposta, elaborada pelo Minist\u00e9rio da Justi\u00e7a, foi debatida pelo presidente com oito ministros","canonical_url":"https:\/\/newsinfoco.com.br\/inicio\/governo-pauta-projeto-que-proibe-uso-de-redes-sociais-sem-supervisao-para-menores-de-16\/","robots":"max-image-preview:large","keywords":"","webmasterTools":{"miscellaneous":""},"schema":{"@context":"https:\/\/schema.org","@graph":[{"@type":"BlogPosting","@id":"https:\/\/newsinfoco.com.br\/inicio\/governo-pauta-projeto-que-proibe-uso-de-redes-sociais-sem-supervisao-para-menores-de-16\/#blogposting","name":"Governo pauta projeto que pro\u00edbe uso de redes sociais sem supervis\u00e3o para menores de 16 - News In Foco - Editado por Caio Pimenta","headline":"Governo pauta projeto que pro\u00edbe uso de redes sociais sem supervis\u00e3o para menores de 16","author":{"@id":"https:\/\/newsinfoco.com.br\/inicio\/author\/administrador\/#author"},"publisher":{"@id":"https:\/\/newsinfoco.com.br\/inicio\/#organization"},"image":{"@type":"ImageObject","url":"https:\/\/newsinfoco.com.br\/inicio\/wp-content\/uploads\/2025\/08\/Congresso-Nacional.jpg","width":600,"height":420},"datePublished":"2025-08-15T13:14:17-03:00","dateModified":"2025-08-15T13:14:17-03:00","inLanguage":"pt-BR","mainEntityOfPage":{"@id":"https:\/\/newsinfoco.com.br\/inicio\/governo-pauta-projeto-que-proibe-uso-de-redes-sociais-sem-supervisao-para-menores-de-16\/#webpage"},"isPartOf":{"@id":"https:\/\/newsinfoco.com.br\/inicio\/governo-pauta-projeto-que-proibe-uso-de-redes-sociais-sem-supervisao-para-menores-de-16\/#webpage"},"articleSection":"Brasil"},{"@type":"BreadcrumbList","@id":"https:\/\/newsinfoco.com.br\/inicio\/governo-pauta-projeto-que-proibe-uso-de-redes-sociais-sem-supervisao-para-menores-de-16\/#breadcrumblist","itemListElement":[{"@type":"ListItem","@id":"https:\/\/newsinfoco.com.br\/inicio#listItem","position":1,"name":"In\u00edcio","item":"https:\/\/newsinfoco.com.br\/inicio","nextItem":{"@type":"ListItem","@id":"https:\/\/newsinfoco.com.br\/inicio\/category\/brasil\/#listItem","name":"Brasil"}},{"@type":"ListItem","@id":"https:\/\/newsinfoco.com.br\/inicio\/category\/brasil\/#listItem","position":2,"name":"Brasil","item":"https:\/\/newsinfoco.com.br\/inicio\/category\/brasil\/","nextItem":{"@type":"ListItem","@id":"https:\/\/newsinfoco.com.br\/inicio\/governo-pauta-projeto-que-proibe-uso-de-redes-sociais-sem-supervisao-para-menores-de-16\/#listItem","name":"Governo pauta projeto que pro\u00edbe uso de redes sociais sem supervis\u00e3o para menores de 16"},"previousItem":{"@type":"ListItem","@id":"https:\/\/newsinfoco.com.br\/inicio#listItem","name":"In\u00edcio"}},{"@type":"ListItem","@id":"https:\/\/newsinfoco.com.br\/inicio\/governo-pauta-projeto-que-proibe-uso-de-redes-sociais-sem-supervisao-para-menores-de-16\/#listItem","position":3,"name":"Governo pauta projeto que pro\u00edbe uso de redes sociais sem supervis\u00e3o para menores de 16","previousItem":{"@type":"ListItem","@id":"https:\/\/newsinfoco.com.br\/inicio\/category\/brasil\/#listItem","name":"Brasil"}}]},{"@type":"Organization","@id":"https:\/\/newsinfoco.com.br\/inicio\/#organization","name":"News In Foco - Editado por Caio Pimenta","description":"O principal site de noticias de Alagoinhas e regi\u00e3o","url":"https:\/\/newsinfoco.com.br\/inicio\/"},{"@type":"Person","@id":"https:\/\/newsinfoco.com.br\/inicio\/author\/administrador\/#author","url":"https:\/\/newsinfoco.com.br\/inicio\/author\/administrador\/","name":"administrador","image":{"@type":"ImageObject","@id":"https:\/\/newsinfoco.com.br\/inicio\/governo-pauta-projeto-que-proibe-uso-de-redes-sociais-sem-supervisao-para-menores-de-16\/#authorImage","url":"https:\/\/secure.gravatar.com\/avatar\/c17a617433de8c1dc9584bb79aab7563b46f5bb7e1728c9b17d9cc3ce6a08e49?s=96&d=mm&r=g","width":96,"height":96,"caption":"administrador"}},{"@type":"WebPage","@id":"https:\/\/newsinfoco.com.br\/inicio\/governo-pauta-projeto-que-proibe-uso-de-redes-sociais-sem-supervisao-para-menores-de-16\/#webpage","url":"https:\/\/newsinfoco.com.br\/inicio\/governo-pauta-projeto-que-proibe-uso-de-redes-sociais-sem-supervisao-para-menores-de-16\/","name":"Governo pauta projeto que pro\u00edbe uso de redes sociais sem supervis\u00e3o para menores de 16 - News In Foco - Editado por Caio Pimenta","description":"O projeto de lei do governo do presidente Luiz In\u00e1cio Lula da Silva (PT) para a regula\u00e7\u00e3o das big techs prev\u00ea que crian\u00e7as e adolescentes de at\u00e9 16 anos devem ter suas contas em redes sociais vinculadas \u00e0s de adultos respons\u00e1veis. A proposta, elaborada pelo Minist\u00e9rio da Justi\u00e7a, foi debatida pelo presidente com oito ministros","inLanguage":"pt-BR","isPartOf":{"@id":"https:\/\/newsinfoco.com.br\/inicio\/#website"},"breadcrumb":{"@id":"https:\/\/newsinfoco.com.br\/inicio\/governo-pauta-projeto-que-proibe-uso-de-redes-sociais-sem-supervisao-para-menores-de-16\/#breadcrumblist"},"author":{"@id":"https:\/\/newsinfoco.com.br\/inicio\/author\/administrador\/#author"},"creator":{"@id":"https:\/\/newsinfoco.com.br\/inicio\/author\/administrador\/#author"},"image":{"@type":"ImageObject","url":"https:\/\/newsinfoco.com.br\/inicio\/wp-content\/uploads\/2025\/08\/Congresso-Nacional.jpg","@id":"https:\/\/newsinfoco.com.br\/inicio\/governo-pauta-projeto-que-proibe-uso-de-redes-sociais-sem-supervisao-para-menores-de-16\/#mainImage","width":600,"height":420},"primaryImageOfPage":{"@id":"https:\/\/newsinfoco.com.br\/inicio\/governo-pauta-projeto-que-proibe-uso-de-redes-sociais-sem-supervisao-para-menores-de-16\/#mainImage"},"datePublished":"2025-08-15T13:14:17-03:00","dateModified":"2025-08-15T13:14:17-03:00"},{"@type":"WebSite","@id":"https:\/\/newsinfoco.com.br\/inicio\/#website","url":"https:\/\/newsinfoco.com.br\/inicio\/","name":"News In Foco - Editado por Caio Pimenta","description":"O principal site de noticias de Alagoinhas e regi\u00e3o","inLanguage":"pt-BR","publisher":{"@id":"https:\/\/newsinfoco.com.br\/inicio\/#organization"}}]},"og:locale":"pt_BR","og:site_name":"News In Foco - Editado por Caio Pimenta - O principal site de noticias de Alagoinhas e regi\u00e3o","og:type":"article","og:title":"Governo pauta projeto que pro\u00edbe uso de redes sociais sem supervis\u00e3o para menores de 16 - News In Foco - Editado por Caio Pimenta","og:description":"O projeto de lei do governo do presidente Luiz In\u00e1cio Lula da Silva (PT) para a regula\u00e7\u00e3o das big techs prev\u00ea que crian\u00e7as e adolescentes de at\u00e9 16 anos devem ter suas contas em redes sociais vinculadas \u00e0s de adultos respons\u00e1veis. A proposta, elaborada pelo Minist\u00e9rio da Justi\u00e7a, foi debatida pelo presidente com oito ministros","og:url":"https:\/\/newsinfoco.com.br\/inicio\/governo-pauta-projeto-que-proibe-uso-de-redes-sociais-sem-supervisao-para-menores-de-16\/","article:published_time":"2025-08-15T16:14:17+00:00","article:modified_time":"2025-08-15T16:14:17+00:00","twitter:card":"summary_large_image","twitter:title":"Governo pauta projeto que pro\u00edbe uso de redes sociais sem supervis\u00e3o para menores de 16 - News In Foco - Editado por Caio Pimenta","twitter:description":"O projeto de lei do governo do presidente Luiz In\u00e1cio Lula da Silva (PT) para a regula\u00e7\u00e3o das big techs prev\u00ea que crian\u00e7as e adolescentes de at\u00e9 16 anos devem ter suas contas em redes sociais vinculadas \u00e0s de adultos respons\u00e1veis. A proposta, elaborada pelo Minist\u00e9rio da Justi\u00e7a, foi debatida pelo presidente com oito ministros"},"aioseo_meta_data":{"post_id":"44264","title":null,"description":null,"keywords":null,"keyphrases":{"focus":{"keyphrase":"","score":0,"analysis":{"keyphraseInTitle":{"score":0,"maxScore":9,"error":1}}},"additional":[]},"primary_term":null,"canonical_url":null,"og_title":null,"og_description":null,"og_object_type":"default","og_image_type":"default","og_image_url":null,"og_image_width":null,"og_image_height":null,"og_image_custom_url":null,"og_image_custom_fields":null,"og_video":"","og_custom_url":null,"og_article_section":null,"og_article_tags":null,"twitter_use_og":false,"twitter_card":"default","twitter_image_type":"default","twitter_image_url":null,"twitter_image_custom_url":null,"twitter_image_custom_fields":null,"twitter_title":null,"twitter_description":null,"schema":{"blockGraphs":[],"customGraphs":[],"default":{"data":{"Article":[],"Course":[],"Dataset":[],"FAQPage":[],"Movie":[],"Person":[],"Product":[],"ProductReview":[],"Car":[],"Recipe":[],"Service":[],"SoftwareApplication":[],"WebPage":[]},"graphName":"BlogPosting","isEnabled":true},"graphs":[]},"schema_type":"default","schema_type_options":null,"pillar_content":false,"robots_default":true,"robots_noindex":false,"robots_noarchive":false,"robots_nosnippet":false,"robots_nofollow":false,"robots_noimageindex":false,"robots_noodp":false,"robots_notranslate":false,"robots_max_snippet":"-1","robots_max_videopreview":"-1","robots_max_imagepreview":"large","priority":null,"frequency":"default","local_seo":null,"breadcrumb_settings":null,"limit_modified_date":false,"ai":{"faqs":[],"keyPoints":[],"titles":[],"descriptions":[],"socialPosts":{"email":[],"linkedin":[],"twitter":[],"facebook":[],"instagram":[]}},"created":"2025-08-15 16:14:17","updated":"2025-08-15 16:17:42","seo_analyzer_scan_date":null},"aioseo_breadcrumb":"<div class=\"aioseo-breadcrumbs\"><span class=\"aioseo-breadcrumb\">\n\t\t\t<a href=\"https:\/\/newsinfoco.com.br\/inicio\" title=\"In\u00edcio\">In\u00edcio<\/a>\n\t\t<\/span><span class=\"aioseo-breadcrumb-separator\">&raquo;<\/span><span class=\"aioseo-breadcrumb\">\n\t\t\t<a href=\"https:\/\/newsinfoco.com.br\/inicio\/category\/brasil\/\" title=\"Brasil\">Brasil<\/a>\n\t\t<\/span><span class=\"aioseo-breadcrumb-separator\">&raquo;<\/span><span class=\"aioseo-breadcrumb\">\n\t\t\tGoverno pauta projeto que pro\u00edbe uso de redes sociais sem supervis\u00e3o para menores de 16\n\t\t<\/span><\/div>","aioseo_breadcrumb_json":[{"label":"In\u00edcio","link":"https:\/\/newsinfoco.com.br\/inicio"},{"label":"Brasil","link":"https:\/\/newsinfoco.com.br\/inicio\/category\/brasil\/"},{"label":"Governo pauta projeto que pro\u00edbe uso de redes sociais sem supervis\u00e3o para menores de 16","link":"https:\/\/newsinfoco.com.br\/inicio\/governo-pauta-projeto-que-proibe-uso-de-redes-sociais-sem-supervisao-para-menores-de-16\/"}],"_links":{"self":[{"href":"https:\/\/newsinfoco.com.br\/inicio\/wp-json\/wp\/v2\/posts\/44264","targetHints":{"allow":["GET"]}}],"collection":[{"href":"https:\/\/newsinfoco.com.br\/inicio\/wp-json\/wp\/v2\/posts"}],"about":[{"href":"https:\/\/newsinfoco.com.br\/inicio\/wp-json\/wp\/v2\/types\/post"}],"author":[{"embeddable":true,"href":"https:\/\/newsinfoco.com.br\/inicio\/wp-json\/wp\/v2\/users\/1"}],"replies":[{"embeddable":true,"href":"https:\/\/newsinfoco.com.br\/inicio\/wp-json\/wp\/v2\/comments?post=44264"}],"version-history":[{"count":1,"href":"https:\/\/newsinfoco.com.br\/inicio\/wp-json\/wp\/v2\/posts\/44264\/revisions"}],"predecessor-version":[{"id":44266,"href":"https:\/\/newsinfoco.com.br\/inicio\/wp-json\/wp\/v2\/posts\/44264\/revisions\/44266"}],"wp:featuredmedia":[{"embeddable":true,"href":"https:\/\/newsinfoco.com.br\/inicio\/wp-json\/wp\/v2\/media\/44265"}],"wp:attachment":[{"href":"https:\/\/newsinfoco.com.br\/inicio\/wp-json\/wp\/v2\/media?parent=44264"}],"wp:term":[{"taxonomy":"category","embeddable":true,"href":"https:\/\/newsinfoco.com.br\/inicio\/wp-json\/wp\/v2\/categories?post=44264"},{"taxonomy":"post_tag","embeddable":true,"href":"https:\/\/newsinfoco.com.br\/inicio\/wp-json\/wp\/v2\/tags?post=44264"}],"curies":[{"name":"wp","href":"https:\/\/api.w.org\/{rel}","templated":true}]}}