{"id":44276,"date":"2025-08-15T14:03:56","date_gmt":"2025-08-15T17:03:56","guid":{"rendered":"https:\/\/newsinfoco.com.br\/inicio\/?p=44276"},"modified":"2025-08-15T14:09:46","modified_gmt":"2025-08-15T17:09:46","slug":"camara-de-alagoinhas-se-solidariza-com-portugal-por-tragedia-ocorrida-em-1908","status":"publish","type":"post","link":"https:\/\/newsinfoco.com.br\/inicio\/camara-de-alagoinhas-se-solidariza-com-portugal-por-tragedia-ocorrida-em-1908\/","title":{"rendered":"C\u00e2mara de Alagoinhas se solidariza com Portugal por trag\u00e9dia ocorrida em 1908"},"content":{"rendered":"<p>Preocupada com quest\u00f5es internacionais e por n\u00e3o se sentir uma ilha em meio aos acontecimentos no mundo, a C\u00e2mara Municipal de Alagoinhas aprovou, em fevereiro de 1908, uma Mo\u00e7\u00e3o de Luto e Pesar pela trag\u00e9dia ocorrida em Portugal naquele ano.<\/p>\n<p>Em 1908, Portugal foi assolado pelo Regic\u00eddio, um atentado que vitimou o rei D. Carlos I e o pr\u00edncipe herdeiro Lu\u00eds Filipe, ocorrido em Lisboa, no Terreiro do Pa\u00e7o, no dia 1 de fevereiro. O crime foi cometido por membros da Carbon\u00e1ria e republicanos, chocando profundamente a sociedade portuguesa e marcando o in\u00edcio de um per\u00edodo de grande instabilidade pol\u00edtica.<\/p>\n<p>O Legislativo enviou a Mo\u00e7\u00e3o de Luto e Pesar ao Consulado de Portugal, no Brasil, e recebeu, no mesmo m\u00eas, uma carta escrita a m\u00e3o, e com o carimbo da institui\u00e7\u00e3o, agradecendo o gesto humanit\u00e1rio de Alagoinhas, ao salidarizar-se com os patr\u00edcios, diante de tamanhas perdas.<\/p>\n<p>A Mo\u00e7\u00e3o est\u00e1 registrado num livro de posse do Memorial da C\u00e2mara Municipal de Alagoinhas, bem como o livro de correspond\u00eancias recebidas em 1908, ano da trag\u00e9dia vivida por Portugal.<\/p>\n<div class=\"wp-block-image\">\n<div class=\"elementor-column elementor-col-50 elementor-top-column elementor-element elementor-element-166fa74c\" data-id=\"166fa74c\" data-element_type=\"column\">\n<div class=\"elementor-widget-wrap elementor-element-populated\">\n<div class=\"elementor-element elementor-element-8956c80 elementor-widget elementor-widget-theme-post-content\" data-id=\"8956c80\" data-element_type=\"widget\" data-widget_type=\"theme-post-content.default\">\n<div class=\"elementor-widget-container\">\n<p>O trabalho do Memorial \u00e9 fazer esses recortes hist\u00f3ricos e torn\u00e1-los acess\u00edveis \u00e0 comunidade, disponibilizando todo o acervo recuperado pela UNEB atrav\u00e9s do Departamento de p\u00f3s-cr\u00edtica, al\u00e9m de public\u00e1-los no Totem e no computador da Escola do Legislativo.<\/p>\n<p><strong>Ascom \u2013 C\u00e2mara Municipal de Alagoinhas<\/strong><\/p>\n<p><strong>Fotos \u2013 Vanderley Soares<\/strong><\/p>\n<\/div>\n<\/div>\n<\/div>\n<\/div>\n<div class=\"elementor-column elementor-col-50 elementor-top-column elementor-element elementor-element-263f143b\" data-id=\"263f143b\" data-element_type=\"column\">\n<div class=\"elementor-widget-wrap elementor-element-populated\">\n<div class=\"elementor-element elementor-element-19118fd7 elementor-widget elementor-widget-heading\" data-id=\"19118fd7\" data-element_type=\"widget\" data-widget_type=\"heading.default\">\n<div class=\"elementor-widget-container\"><\/div>\n<\/div>\n<\/div>\n<\/div>\n<\/div>\n<div class='share-to-whatsapp-wrapper'><div class='share-on-whsp'>Share on: <\/div><a data-text='C\u00e2mara de Alagoinhas se solidariza com Portugal por trag\u00e9dia ocorrida em 1908' data-link='https:\/\/newsinfoco.com.br\/inicio\/camara-de-alagoinhas-se-solidariza-com-portugal-por-tragedia-ocorrida-em-1908\/' class='whatsapp-button whatsapp-share'>WhatsApp<\/a><div class='clear '><\/div><\/div>","protected":false},"excerpt":{"rendered":"<p>Preocupada com quest\u00f5es internacionais e por n\u00e3o se sentir uma ilha em meio aos acontecimentos no mundo, a C\u00e2mara Municipal de Alagoinhas aprovou, em fevereiro de 1908, uma Mo\u00e7\u00e3o de Luto e Pesar pela trag\u00e9dia ocorrida em Portugal naquele ano. Em 1908, Portugal foi assolado pelo Regic\u00eddio, um atentado que vitimou o rei D. Carlos [&hellip;]<\/p>\n","protected":false},"author":1,"featured_media":44277,"comment_status":"closed","ping_status":"closed","sticky":false,"template":"","format":"standard","meta":{"om_disable_all_campaigns":false,"rop_custom_images_group":[],"rop_custom_messages_group":[],"rop_publish_now":"initial","rop_publish_now_accounts":[],"rop_publish_now_history":[],"rop_publish_now_status":"pending","_exactmetrics_skip_tracking":false,"footnotes":""},"categories":[38,167],"tags":[],"class_list":["post-44276","post","type-post","status-publish","format-standard","has-post-thumbnail","hentry","category-alagoinhas-e-regiao","category-exclusivas"],"aioseo_notices":[],"aioseo_head":"\n\t\t<!-- All in One SEO 4.9.10 - aioseo.com -->\n\t<meta name=\"description\" content=\"Preocupada com quest\u00f5es internacionais e por n\u00e3o se sentir uma ilha em meio aos acontecimentos no mundo, a C\u00e2mara Municipal de Alagoinhas aprovou, em fevereiro de 1908, uma Mo\u00e7\u00e3o de Luto e Pesar pela trag\u00e9dia ocorrida em Portugal naquele ano. Em 1908, Portugal foi assolado pelo Regic\u00eddio, um atentado que vitimou o rei D. Carlos\" \/>\n\t<meta name=\"robots\" content=\"max-image-preview:large\" \/>\n\t<meta name=\"author\" content=\"administrador\"\/>\n\t<link rel=\"canonical\" href=\"https:\/\/newsinfoco.com.br\/inicio\/camara-de-alagoinhas-se-solidariza-com-portugal-por-tragedia-ocorrida-em-1908\/\" \/>\n\t<meta name=\"generator\" content=\"All in One SEO (AIOSEO) 4.9.10\" \/>\n\t\t<meta property=\"og:locale\" content=\"pt_BR\" \/>\n\t\t<meta property=\"og:site_name\" content=\"News In Foco - Editado por Caio Pimenta - O principal site de noticias de Alagoinhas e regi\u00e3o\" \/>\n\t\t<meta property=\"og:type\" content=\"article\" \/>\n\t\t<meta property=\"og:title\" content=\"C\u00e2mara de Alagoinhas se solidariza com Portugal por trag\u00e9dia ocorrida em 1908 - News In Foco - Editado por Caio Pimenta\" \/>\n\t\t<meta property=\"og:description\" content=\"Preocupada com quest\u00f5es internacionais e por n\u00e3o se sentir uma ilha em meio aos acontecimentos no mundo, a C\u00e2mara Municipal de Alagoinhas aprovou, em fevereiro de 1908, uma Mo\u00e7\u00e3o de Luto e Pesar pela trag\u00e9dia ocorrida em Portugal naquele ano. Em 1908, Portugal foi assolado pelo Regic\u00eddio, um atentado que vitimou o rei D. Carlos\" \/>\n\t\t<meta property=\"og:url\" content=\"https:\/\/newsinfoco.com.br\/inicio\/camara-de-alagoinhas-se-solidariza-com-portugal-por-tragedia-ocorrida-em-1908\/\" \/>\n\t\t<meta property=\"article:published_time\" content=\"2025-08-15T17:03:56+00:00\" \/>\n\t\t<meta property=\"article:modified_time\" content=\"2025-08-15T17:09:46+00:00\" \/>\n\t\t<meta name=\"twitter:card\" content=\"summary_large_image\" \/>\n\t\t<meta name=\"twitter:title\" content=\"C\u00e2mara de Alagoinhas se solidariza com Portugal por trag\u00e9dia ocorrida em 1908 - News In Foco - Editado por Caio Pimenta\" \/>\n\t\t<meta name=\"twitter:description\" content=\"Preocupada com quest\u00f5es internacionais e por n\u00e3o se sentir uma ilha em meio aos acontecimentos no mundo, a C\u00e2mara Municipal de Alagoinhas aprovou, em fevereiro de 1908, uma Mo\u00e7\u00e3o de Luto e Pesar pela trag\u00e9dia ocorrida em Portugal naquele ano. Em 1908, Portugal foi assolado pelo Regic\u00eddio, um atentado que vitimou o rei D. Carlos\" \/>\n\t\t<script type=\"application\/ld+json\" class=\"aioseo-schema\">\n\t\t\t{\"@context\":\"https:\\\/\\\/schema.org\",\"@graph\":[{\"@type\":\"BlogPosting\",\"@id\":\"https:\\\/\\\/newsinfoco.com.br\\\/inicio\\\/camara-de-alagoinhas-se-solidariza-com-portugal-por-tragedia-ocorrida-em-1908\\\/#blogposting\",\"name\":\"C\\u00e2mara de Alagoinhas se solidariza com Portugal por trag\\u00e9dia ocorrida em 1908 - News In Foco - Editado por Caio Pimenta\",\"headline\":\"C\\u00e2mara de Alagoinhas se solidariza com Portugal por trag\\u00e9dia ocorrida em 1908\",\"author\":{\"@id\":\"https:\\\/\\\/newsinfoco.com.br\\\/inicio\\\/author\\\/administrador\\\/#author\"},\"publisher\":{\"@id\":\"https:\\\/\\\/newsinfoco.com.br\\\/inicio\\\/#organization\"},\"image\":{\"@type\":\"ImageObject\",\"url\":\"https:\\\/\\\/newsinfoco.com.br\\\/inicio\\\/wp-content\\\/uploads\\\/2025\\\/08\\\/ebec69a3-bb98-4953-b14b-e608a810995c-rotated-1.jpg\",\"width\":1279,\"height\":960},\"datePublished\":\"2025-08-15T14:03:56-03:00\",\"dateModified\":\"2025-08-15T14:09:46-03:00\",\"inLanguage\":\"pt-BR\",\"mainEntityOfPage\":{\"@id\":\"https:\\\/\\\/newsinfoco.com.br\\\/inicio\\\/camara-de-alagoinhas-se-solidariza-com-portugal-por-tragedia-ocorrida-em-1908\\\/#webpage\"},\"isPartOf\":{\"@id\":\"https:\\\/\\\/newsinfoco.com.br\\\/inicio\\\/camara-de-alagoinhas-se-solidariza-com-portugal-por-tragedia-ocorrida-em-1908\\\/#webpage\"},\"articleSection\":\"Alagoinhas e Regi\\u00e3o, Manchete\"},{\"@type\":\"BreadcrumbList\",\"@id\":\"https:\\\/\\\/newsinfoco.com.br\\\/inicio\\\/camara-de-alagoinhas-se-solidariza-com-portugal-por-tragedia-ocorrida-em-1908\\\/#breadcrumblist\",\"itemListElement\":[{\"@type\":\"ListItem\",\"@id\":\"https:\\\/\\\/newsinfoco.com.br\\\/inicio#listItem\",\"position\":1,\"name\":\"In\\u00edcio\",\"item\":\"https:\\\/\\\/newsinfoco.com.br\\\/inicio\",\"nextItem\":{\"@type\":\"ListItem\",\"@id\":\"https:\\\/\\\/newsinfoco.com.br\\\/inicio\\\/category\\\/alagoinhas-e-regiao\\\/#listItem\",\"name\":\"Alagoinhas e Regi\\u00e3o\"}},{\"@type\":\"ListItem\",\"@id\":\"https:\\\/\\\/newsinfoco.com.br\\\/inicio\\\/category\\\/alagoinhas-e-regiao\\\/#listItem\",\"position\":2,\"name\":\"Alagoinhas e Regi\\u00e3o\",\"item\":\"https:\\\/\\\/newsinfoco.com.br\\\/inicio\\\/category\\\/alagoinhas-e-regiao\\\/\",\"nextItem\":{\"@type\":\"ListItem\",\"@id\":\"https:\\\/\\\/newsinfoco.com.br\\\/inicio\\\/camara-de-alagoinhas-se-solidariza-com-portugal-por-tragedia-ocorrida-em-1908\\\/#listItem\",\"name\":\"C\\u00e2mara de Alagoinhas se solidariza com Portugal por trag\\u00e9dia ocorrida em 1908\"},\"previousItem\":{\"@type\":\"ListItem\",\"@id\":\"https:\\\/\\\/newsinfoco.com.br\\\/inicio#listItem\",\"name\":\"In\\u00edcio\"}},{\"@type\":\"ListItem\",\"@id\":\"https:\\\/\\\/newsinfoco.com.br\\\/inicio\\\/camara-de-alagoinhas-se-solidariza-com-portugal-por-tragedia-ocorrida-em-1908\\\/#listItem\",\"position\":3,\"name\":\"C\\u00e2mara de Alagoinhas se solidariza com Portugal por trag\\u00e9dia ocorrida em 1908\",\"previousItem\":{\"@type\":\"ListItem\",\"@id\":\"https:\\\/\\\/newsinfoco.com.br\\\/inicio\\\/category\\\/alagoinhas-e-regiao\\\/#listItem\",\"name\":\"Alagoinhas e Regi\\u00e3o\"}}]},{\"@type\":\"Organization\",\"@id\":\"https:\\\/\\\/newsinfoco.com.br\\\/inicio\\\/#organization\",\"name\":\"News In Foco - Editado por Caio Pimenta\",\"description\":\"O principal site de noticias de Alagoinhas e regi\\u00e3o\",\"url\":\"https:\\\/\\\/newsinfoco.com.br\\\/inicio\\\/\"},{\"@type\":\"Person\",\"@id\":\"https:\\\/\\\/newsinfoco.com.br\\\/inicio\\\/author\\\/administrador\\\/#author\",\"url\":\"https:\\\/\\\/newsinfoco.com.br\\\/inicio\\\/author\\\/administrador\\\/\",\"name\":\"administrador\",\"image\":{\"@type\":\"ImageObject\",\"@id\":\"https:\\\/\\\/newsinfoco.com.br\\\/inicio\\\/camara-de-alagoinhas-se-solidariza-com-portugal-por-tragedia-ocorrida-em-1908\\\/#authorImage\",\"url\":\"https:\\\/\\\/secure.gravatar.com\\\/avatar\\\/c17a617433de8c1dc9584bb79aab7563b46f5bb7e1728c9b17d9cc3ce6a08e49?s=96&d=mm&r=g\",\"width\":96,\"height\":96,\"caption\":\"administrador\"}},{\"@type\":\"WebPage\",\"@id\":\"https:\\\/\\\/newsinfoco.com.br\\\/inicio\\\/camara-de-alagoinhas-se-solidariza-com-portugal-por-tragedia-ocorrida-em-1908\\\/#webpage\",\"url\":\"https:\\\/\\\/newsinfoco.com.br\\\/inicio\\\/camara-de-alagoinhas-se-solidariza-com-portugal-por-tragedia-ocorrida-em-1908\\\/\",\"name\":\"C\\u00e2mara de Alagoinhas se solidariza com Portugal por trag\\u00e9dia ocorrida em 1908 - News In Foco - Editado por Caio Pimenta\",\"description\":\"Preocupada com quest\\u00f5es internacionais e por n\\u00e3o se sentir uma ilha em meio aos acontecimentos no mundo, a C\\u00e2mara Municipal de Alagoinhas aprovou, em fevereiro de 1908, uma Mo\\u00e7\\u00e3o de Luto e Pesar pela trag\\u00e9dia ocorrida em Portugal naquele ano. Em 1908, Portugal foi assolado pelo Regic\\u00eddio, um atentado que vitimou o rei D. Carlos\",\"inLanguage\":\"pt-BR\",\"isPartOf\":{\"@id\":\"https:\\\/\\\/newsinfoco.com.br\\\/inicio\\\/#website\"},\"breadcrumb\":{\"@id\":\"https:\\\/\\\/newsinfoco.com.br\\\/inicio\\\/camara-de-alagoinhas-se-solidariza-com-portugal-por-tragedia-ocorrida-em-1908\\\/#breadcrumblist\"},\"author\":{\"@id\":\"https:\\\/\\\/newsinfoco.com.br\\\/inicio\\\/author\\\/administrador\\\/#author\"},\"creator\":{\"@id\":\"https:\\\/\\\/newsinfoco.com.br\\\/inicio\\\/author\\\/administrador\\\/#author\"},\"image\":{\"@type\":\"ImageObject\",\"url\":\"https:\\\/\\\/newsinfoco.com.br\\\/inicio\\\/wp-content\\\/uploads\\\/2025\\\/08\\\/ebec69a3-bb98-4953-b14b-e608a810995c-rotated-1.jpg\",\"@id\":\"https:\\\/\\\/newsinfoco.com.br\\\/inicio\\\/camara-de-alagoinhas-se-solidariza-com-portugal-por-tragedia-ocorrida-em-1908\\\/#mainImage\",\"width\":1279,\"height\":960},\"primaryImageOfPage\":{\"@id\":\"https:\\\/\\\/newsinfoco.com.br\\\/inicio\\\/camara-de-alagoinhas-se-solidariza-com-portugal-por-tragedia-ocorrida-em-1908\\\/#mainImage\"},\"datePublished\":\"2025-08-15T14:03:56-03:00\",\"dateModified\":\"2025-08-15T14:09:46-03:00\"},{\"@type\":\"WebSite\",\"@id\":\"https:\\\/\\\/newsinfoco.com.br\\\/inicio\\\/#website\",\"url\":\"https:\\\/\\\/newsinfoco.com.br\\\/inicio\\\/\",\"name\":\"News In Foco - Editado por Caio Pimenta\",\"description\":\"O principal site de noticias de Alagoinhas e regi\\u00e3o\",\"inLanguage\":\"pt-BR\",\"publisher\":{\"@id\":\"https:\\\/\\\/newsinfoco.com.br\\\/inicio\\\/#organization\"}}]}\n\t\t<\/script>\n\t\t<!-- All in One SEO -->\n\n","aioseo_head_json":{"title":"C\u00e2mara de Alagoinhas se solidariza com Portugal por trag\u00e9dia ocorrida em 1908 - News In Foco - Editado por Caio Pimenta","description":"Preocupada com quest\u00f5es internacionais e por n\u00e3o se sentir uma ilha em meio aos acontecimentos no mundo, a C\u00e2mara Municipal de Alagoinhas aprovou, em fevereiro de 1908, uma Mo\u00e7\u00e3o de Luto e Pesar pela trag\u00e9dia ocorrida em Portugal naquele ano. Em 1908, Portugal foi assolado pelo Regic\u00eddio, um atentado que vitimou o rei D. Carlos","canonical_url":"https:\/\/newsinfoco.com.br\/inicio\/camara-de-alagoinhas-se-solidariza-com-portugal-por-tragedia-ocorrida-em-1908\/","robots":"max-image-preview:large","keywords":"","webmasterTools":{"miscellaneous":""},"schema":{"@context":"https:\/\/schema.org","@graph":[{"@type":"BlogPosting","@id":"https:\/\/newsinfoco.com.br\/inicio\/camara-de-alagoinhas-se-solidariza-com-portugal-por-tragedia-ocorrida-em-1908\/#blogposting","name":"C\u00e2mara de Alagoinhas se solidariza com Portugal por trag\u00e9dia ocorrida em 1908 - News In Foco - Editado por Caio Pimenta","headline":"C\u00e2mara de Alagoinhas se solidariza com Portugal por trag\u00e9dia ocorrida em 1908","author":{"@id":"https:\/\/newsinfoco.com.br\/inicio\/author\/administrador\/#author"},"publisher":{"@id":"https:\/\/newsinfoco.com.br\/inicio\/#organization"},"image":{"@type":"ImageObject","url":"https:\/\/newsinfoco.com.br\/inicio\/wp-content\/uploads\/2025\/08\/ebec69a3-bb98-4953-b14b-e608a810995c-rotated-1.jpg","width":1279,"height":960},"datePublished":"2025-08-15T14:03:56-03:00","dateModified":"2025-08-15T14:09:46-03:00","inLanguage":"pt-BR","mainEntityOfPage":{"@id":"https:\/\/newsinfoco.com.br\/inicio\/camara-de-alagoinhas-se-solidariza-com-portugal-por-tragedia-ocorrida-em-1908\/#webpage"},"isPartOf":{"@id":"https:\/\/newsinfoco.com.br\/inicio\/camara-de-alagoinhas-se-solidariza-com-portugal-por-tragedia-ocorrida-em-1908\/#webpage"},"articleSection":"Alagoinhas e Regi\u00e3o, Manchete"},{"@type":"BreadcrumbList","@id":"https:\/\/newsinfoco.com.br\/inicio\/camara-de-alagoinhas-se-solidariza-com-portugal-por-tragedia-ocorrida-em-1908\/#breadcrumblist","itemListElement":[{"@type":"ListItem","@id":"https:\/\/newsinfoco.com.br\/inicio#listItem","position":1,"name":"In\u00edcio","item":"https:\/\/newsinfoco.com.br\/inicio","nextItem":{"@type":"ListItem","@id":"https:\/\/newsinfoco.com.br\/inicio\/category\/alagoinhas-e-regiao\/#listItem","name":"Alagoinhas e Regi\u00e3o"}},{"@type":"ListItem","@id":"https:\/\/newsinfoco.com.br\/inicio\/category\/alagoinhas-e-regiao\/#listItem","position":2,"name":"Alagoinhas e Regi\u00e3o","item":"https:\/\/newsinfoco.com.br\/inicio\/category\/alagoinhas-e-regiao\/","nextItem":{"@type":"ListItem","@id":"https:\/\/newsinfoco.com.br\/inicio\/camara-de-alagoinhas-se-solidariza-com-portugal-por-tragedia-ocorrida-em-1908\/#listItem","name":"C\u00e2mara de Alagoinhas se solidariza com Portugal por trag\u00e9dia ocorrida em 1908"},"previousItem":{"@type":"ListItem","@id":"https:\/\/newsinfoco.com.br\/inicio#listItem","name":"In\u00edcio"}},{"@type":"ListItem","@id":"https:\/\/newsinfoco.com.br\/inicio\/camara-de-alagoinhas-se-solidariza-com-portugal-por-tragedia-ocorrida-em-1908\/#listItem","position":3,"name":"C\u00e2mara de Alagoinhas se solidariza com Portugal por trag\u00e9dia ocorrida em 1908","previousItem":{"@type":"ListItem","@id":"https:\/\/newsinfoco.com.br\/inicio\/category\/alagoinhas-e-regiao\/#listItem","name":"Alagoinhas e Regi\u00e3o"}}]},{"@type":"Organization","@id":"https:\/\/newsinfoco.com.br\/inicio\/#organization","name":"News In Foco - Editado por Caio Pimenta","description":"O principal site de noticias de Alagoinhas e regi\u00e3o","url":"https:\/\/newsinfoco.com.br\/inicio\/"},{"@type":"Person","@id":"https:\/\/newsinfoco.com.br\/inicio\/author\/administrador\/#author","url":"https:\/\/newsinfoco.com.br\/inicio\/author\/administrador\/","name":"administrador","image":{"@type":"ImageObject","@id":"https:\/\/newsinfoco.com.br\/inicio\/camara-de-alagoinhas-se-solidariza-com-portugal-por-tragedia-ocorrida-em-1908\/#authorImage","url":"https:\/\/secure.gravatar.com\/avatar\/c17a617433de8c1dc9584bb79aab7563b46f5bb7e1728c9b17d9cc3ce6a08e49?s=96&d=mm&r=g","width":96,"height":96,"caption":"administrador"}},{"@type":"WebPage","@id":"https:\/\/newsinfoco.com.br\/inicio\/camara-de-alagoinhas-se-solidariza-com-portugal-por-tragedia-ocorrida-em-1908\/#webpage","url":"https:\/\/newsinfoco.com.br\/inicio\/camara-de-alagoinhas-se-solidariza-com-portugal-por-tragedia-ocorrida-em-1908\/","name":"C\u00e2mara de Alagoinhas se solidariza com Portugal por trag\u00e9dia ocorrida em 1908 - News In Foco - Editado por Caio Pimenta","description":"Preocupada com quest\u00f5es internacionais e por n\u00e3o se sentir uma ilha em meio aos acontecimentos no mundo, a C\u00e2mara Municipal de Alagoinhas aprovou, em fevereiro de 1908, uma Mo\u00e7\u00e3o de Luto e Pesar pela trag\u00e9dia ocorrida em Portugal naquele ano. Em 1908, Portugal foi assolado pelo Regic\u00eddio, um atentado que vitimou o rei D. Carlos","inLanguage":"pt-BR","isPartOf":{"@id":"https:\/\/newsinfoco.com.br\/inicio\/#website"},"breadcrumb":{"@id":"https:\/\/newsinfoco.com.br\/inicio\/camara-de-alagoinhas-se-solidariza-com-portugal-por-tragedia-ocorrida-em-1908\/#breadcrumblist"},"author":{"@id":"https:\/\/newsinfoco.com.br\/inicio\/author\/administrador\/#author"},"creator":{"@id":"https:\/\/newsinfoco.com.br\/inicio\/author\/administrador\/#author"},"image":{"@type":"ImageObject","url":"https:\/\/newsinfoco.com.br\/inicio\/wp-content\/uploads\/2025\/08\/ebec69a3-bb98-4953-b14b-e608a810995c-rotated-1.jpg","@id":"https:\/\/newsinfoco.com.br\/inicio\/camara-de-alagoinhas-se-solidariza-com-portugal-por-tragedia-ocorrida-em-1908\/#mainImage","width":1279,"height":960},"primaryImageOfPage":{"@id":"https:\/\/newsinfoco.com.br\/inicio\/camara-de-alagoinhas-se-solidariza-com-portugal-por-tragedia-ocorrida-em-1908\/#mainImage"},"datePublished":"2025-08-15T14:03:56-03:00","dateModified":"2025-08-15T14:09:46-03:00"},{"@type":"WebSite","@id":"https:\/\/newsinfoco.com.br\/inicio\/#website","url":"https:\/\/newsinfoco.com.br\/inicio\/","name":"News In Foco - Editado por Caio Pimenta","description":"O principal site de noticias de Alagoinhas e regi\u00e3o","inLanguage":"pt-BR","publisher":{"@id":"https:\/\/newsinfoco.com.br\/inicio\/#organization"}}]},"og:locale":"pt_BR","og:site_name":"News In Foco - Editado por Caio Pimenta - O principal site de noticias de Alagoinhas e regi\u00e3o","og:type":"article","og:title":"C\u00e2mara de Alagoinhas se solidariza com Portugal por trag\u00e9dia ocorrida em 1908 - News In Foco - Editado por Caio Pimenta","og:description":"Preocupada com quest\u00f5es internacionais e por n\u00e3o se sentir uma ilha em meio aos acontecimentos no mundo, a C\u00e2mara Municipal de Alagoinhas aprovou, em fevereiro de 1908, uma Mo\u00e7\u00e3o de Luto e Pesar pela trag\u00e9dia ocorrida em Portugal naquele ano. Em 1908, Portugal foi assolado pelo Regic\u00eddio, um atentado que vitimou o rei D. Carlos","og:url":"https:\/\/newsinfoco.com.br\/inicio\/camara-de-alagoinhas-se-solidariza-com-portugal-por-tragedia-ocorrida-em-1908\/","article:published_time":"2025-08-15T17:03:56+00:00","article:modified_time":"2025-08-15T17:09:46+00:00","twitter:card":"summary_large_image","twitter:title":"C\u00e2mara de Alagoinhas se solidariza com Portugal por trag\u00e9dia ocorrida em 1908 - News In Foco - Editado por Caio Pimenta","twitter:description":"Preocupada com quest\u00f5es internacionais e por n\u00e3o se sentir uma ilha em meio aos acontecimentos no mundo, a C\u00e2mara Municipal de Alagoinhas aprovou, em fevereiro de 1908, uma Mo\u00e7\u00e3o de Luto e Pesar pela trag\u00e9dia ocorrida em Portugal naquele ano. Em 1908, Portugal foi assolado pelo Regic\u00eddio, um atentado que vitimou o rei D. Carlos"},"aioseo_meta_data":{"post_id":"44276","title":null,"description":null,"keywords":null,"keyphrases":{"focus":{"keyphrase":"","score":0,"analysis":{"keyphraseInTitle":{"score":0,"maxScore":9,"error":1}}},"additional":[]},"primary_term":null,"canonical_url":null,"og_title":null,"og_description":null,"og_object_type":"default","og_image_type":"default","og_image_url":null,"og_image_width":null,"og_image_height":null,"og_image_custom_url":null,"og_image_custom_fields":null,"og_video":"","og_custom_url":null,"og_article_section":null,"og_article_tags":null,"twitter_use_og":false,"twitter_card":"default","twitter_image_type":"default","twitter_image_url":null,"twitter_image_custom_url":null,"twitter_image_custom_fields":null,"twitter_title":null,"twitter_description":null,"schema":{"blockGraphs":[],"customGraphs":[],"default":{"data":{"Article":[],"Course":[],"Dataset":[],"FAQPage":[],"Movie":[],"Person":[],"Product":[],"ProductReview":[],"Car":[],"Recipe":[],"Service":[],"SoftwareApplication":[],"WebPage":[]},"graphName":"BlogPosting","isEnabled":true},"graphs":[]},"schema_type":"default","schema_type_options":null,"pillar_content":false,"robots_default":true,"robots_noindex":false,"robots_noarchive":false,"robots_nosnippet":false,"robots_nofollow":false,"robots_noimageindex":false,"robots_noodp":false,"robots_notranslate":false,"robots_max_snippet":"-1","robots_max_videopreview":"-1","robots_max_imagepreview":"large","priority":null,"frequency":"default","local_seo":null,"breadcrumb_settings":null,"limit_modified_date":false,"ai":{"faqs":[],"keyPoints":[],"titles":[],"descriptions":[],"socialPosts":{"email":[],"linkedin":[],"twitter":[],"facebook":[],"instagram":[]}},"created":"2025-08-15 17:03:56","updated":"2025-08-15 17:24:00","seo_analyzer_scan_date":null},"aioseo_breadcrumb":"<div class=\"aioseo-breadcrumbs\"><span class=\"aioseo-breadcrumb\">\n\t\t\t<a href=\"https:\/\/newsinfoco.com.br\/inicio\" title=\"In\u00edcio\">In\u00edcio<\/a>\n\t\t<\/span><span class=\"aioseo-breadcrumb-separator\">&raquo;<\/span><span class=\"aioseo-breadcrumb\">\n\t\t\t<a href=\"https:\/\/newsinfoco.com.br\/inicio\/category\/alagoinhas-e-regiao\/\" title=\"Alagoinhas e Regi\u00e3o\">Alagoinhas e Regi\u00e3o<\/a>\n\t\t<\/span><span class=\"aioseo-breadcrumb-separator\">&raquo;<\/span><span class=\"aioseo-breadcrumb\">\n\t\t\tC\u00e2mara de Alagoinhas se solidariza com Portugal por trag\u00e9dia ocorrida em 1908\n\t\t<\/span><\/div>","aioseo_breadcrumb_json":[{"label":"In\u00edcio","link":"https:\/\/newsinfoco.com.br\/inicio"},{"label":"Alagoinhas e Regi\u00e3o","link":"https:\/\/newsinfoco.com.br\/inicio\/category\/alagoinhas-e-regiao\/"},{"label":"C\u00e2mara de Alagoinhas se solidariza com Portugal por trag\u00e9dia ocorrida em 1908","link":"https:\/\/newsinfoco.com.br\/inicio\/camara-de-alagoinhas-se-solidariza-com-portugal-por-tragedia-ocorrida-em-1908\/"}],"_links":{"self":[{"href":"https:\/\/newsinfoco.com.br\/inicio\/wp-json\/wp\/v2\/posts\/44276","targetHints":{"allow":["GET"]}}],"collection":[{"href":"https:\/\/newsinfoco.com.br\/inicio\/wp-json\/wp\/v2\/posts"}],"about":[{"href":"https:\/\/newsinfoco.com.br\/inicio\/wp-json\/wp\/v2\/types\/post"}],"author":[{"embeddable":true,"href":"https:\/\/newsinfoco.com.br\/inicio\/wp-json\/wp\/v2\/users\/1"}],"replies":[{"embeddable":true,"href":"https:\/\/newsinfoco.com.br\/inicio\/wp-json\/wp\/v2\/comments?post=44276"}],"version-history":[{"count":2,"href":"https:\/\/newsinfoco.com.br\/inicio\/wp-json\/wp\/v2\/posts\/44276\/revisions"}],"predecessor-version":[{"id":44279,"href":"https:\/\/newsinfoco.com.br\/inicio\/wp-json\/wp\/v2\/posts\/44276\/revisions\/44279"}],"wp:featuredmedia":[{"embeddable":true,"href":"https:\/\/newsinfoco.com.br\/inicio\/wp-json\/wp\/v2\/media\/44277"}],"wp:attachment":[{"href":"https:\/\/newsinfoco.com.br\/inicio\/wp-json\/wp\/v2\/media?parent=44276"}],"wp:term":[{"taxonomy":"category","embeddable":true,"href":"https:\/\/newsinfoco.com.br\/inicio\/wp-json\/wp\/v2\/categories?post=44276"},{"taxonomy":"post_tag","embeddable":true,"href":"https:\/\/newsinfoco.com.br\/inicio\/wp-json\/wp\/v2\/tags?post=44276"}],"curies":[{"name":"wp","href":"https:\/\/api.w.org\/{rel}","templated":true}]}}