{"id":44307,"date":"2025-08-18T12:05:02","date_gmt":"2025-08-18T15:05:02","guid":{"rendered":"https:\/\/newsinfoco.com.br\/inicio\/?p=44307"},"modified":"2025-08-18T12:05:02","modified_gmt":"2025-08-18T15:05:02","slug":"2a-edicao-do-alagoinhas-moto-fest-agitou-a-cidade-no-fim-de-semana","status":"publish","type":"post","link":"https:\/\/newsinfoco.com.br\/inicio\/2a-edicao-do-alagoinhas-moto-fest-agitou-a-cidade-no-fim-de-semana\/","title":{"rendered":"2\u00aa edi\u00e7\u00e3o do Alagoinhas Moto Fest agitou a cidade no fim de semana"},"content":{"rendered":"<p>No \u00faltimo fim de semana, Alagoinhas foi palco de um dos maiores encontros da cultura motocicl\u00edstica da Bahia: o Alagoinhas Moto Fest, que est\u00e1 em sua segunda edi\u00e7\u00e3o. Realizado na Avenida Lu\u00eds Viana, o evento teve in\u00edcio na sexta-feira (15) e seguiu at\u00e9 domingo (17), reunindo milhares de participantes.<\/p>\n<p>A programa\u00e7\u00e3o conta com o apoio da Prefeitura Municipal, por meio da Secretaria de Cultura, Esporte e Turismo (Secet), e recursos provenientes de emendas parlamentares destinadas pelos vereadores Thor de Ninha, Jaldice Nunes e Luciano Almeida. O festival reuniu m\u00fasica, apresenta\u00e7\u00f5es culturais, desfiles de motos, espa\u00e7o para troca de experi\u00eancias e atividades voltadas n\u00e3o apenas para os apaixonados pelo motociclismo, mas, tamb\u00e9m, para toda a fam\u00edlia.<\/p>\n<p>O s\u00e1bado (16) foi marcado pela anima\u00e7\u00e3o com grandes shows musicais. A banda Supernova abriu a programa\u00e7\u00e3o \u00e0s 17h, seguida pelo grupo Lage Door, e encerramento com a banda Tessera, que levantou o p\u00fablico \u00e0s 23h.<\/p>\n<p>Para o organizador do evento, Cl\u00e9ber Andrade, o Moto Fest vai al\u00e9m do entretenimento, gerando integra\u00e7\u00e3o cultural e movimentando a economia local. \u201c\u00c9 muito satisfat\u00f3rio promover esse evento, que valoriza a cultura motocicl\u00edstica e cria oportunidades de encontro entre os irm\u00e3os de estrada, al\u00e9m de proporcionar a troca de experi\u00eancias com motociclistas de v\u00e1rias regi\u00f5es. Agrade\u00e7o \u00e0 Prefeitura de Alagoinhas pelo apoio, pois o Moto Fest tamb\u00e9m movimenta a cidade, os hot\u00e9is, o com\u00e9rcio e os restaurantes\u201d, destacou.<\/p>\n<p>O participante Marcos Ant\u00f4nio celebrou a experi\u00eancia de fazer parte do encontro. \u201cFiquei muito feliz em participar. Sou amante de motos e, quando soube do evento, n\u00e3o pensei duas vezes em comparecer. Vim sozinho e sa\u00ed daqui com v\u00e1rias novas amizades. Me senti em casa\u201d, expressou.<\/p>\n<p>Foto: Roberto Fonseca<\/p>\n<div class='share-to-whatsapp-wrapper'><div class='share-on-whsp'>Share on: <\/div><a data-text='2\u00aa edi\u00e7\u00e3o do Alagoinhas Moto Fest agitou a cidade no fim de semana' data-link='https:\/\/newsinfoco.com.br\/inicio\/2a-edicao-do-alagoinhas-moto-fest-agitou-a-cidade-no-fim-de-semana\/' class='whatsapp-button whatsapp-share'>WhatsApp<\/a><div class='clear '><\/div><\/div>","protected":false},"excerpt":{"rendered":"<p>No \u00faltimo fim de semana, Alagoinhas foi palco de um dos maiores encontros da cultura motocicl\u00edstica da Bahia: o Alagoinhas Moto Fest, que est\u00e1 em sua segunda edi\u00e7\u00e3o. Realizado na Avenida Lu\u00eds Viana, o evento teve in\u00edcio na sexta-feira (15) e seguiu at\u00e9 domingo (17), reunindo milhares de participantes. A programa\u00e7\u00e3o conta com o apoio [&hellip;]<\/p>\n","protected":false},"author":1,"featured_media":44308,"comment_status":"closed","ping_status":"closed","sticky":false,"template":"","format":"standard","meta":{"om_disable_all_campaigns":false,"rop_custom_images_group":[],"rop_custom_messages_group":[],"rop_publish_now":"initial","rop_publish_now_accounts":[],"rop_publish_now_history":[],"rop_publish_now_status":"pending","_exactmetrics_skip_tracking":false,"footnotes":""},"categories":[38,167],"tags":[],"class_list":["post-44307","post","type-post","status-publish","format-standard","has-post-thumbnail","hentry","category-alagoinhas-e-regiao","category-exclusivas"],"aioseo_notices":[],"aioseo_head":"\n\t\t<!-- All in One SEO 4.9.10 - aioseo.com -->\n\t<meta name=\"description\" content=\"No \u00faltimo fim de semana, Alagoinhas foi palco de um dos maiores encontros da cultura motocicl\u00edstica da Bahia: o Alagoinhas Moto Fest, que est\u00e1 em sua segunda edi\u00e7\u00e3o. Realizado na Avenida Lu\u00eds Viana, o evento teve in\u00edcio na sexta-feira (15) e seguiu at\u00e9 domingo (17), reunindo milhares de participantes. A programa\u00e7\u00e3o conta com o apoio\" \/>\n\t<meta name=\"robots\" content=\"max-image-preview:large\" \/>\n\t<meta name=\"author\" content=\"administrador\"\/>\n\t<link rel=\"canonical\" href=\"https:\/\/newsinfoco.com.br\/inicio\/2a-edicao-do-alagoinhas-moto-fest-agitou-a-cidade-no-fim-de-semana\/\" \/>\n\t<meta name=\"generator\" content=\"All in One SEO (AIOSEO) 4.9.10\" \/>\n\t\t<meta property=\"og:locale\" content=\"pt_BR\" \/>\n\t\t<meta property=\"og:site_name\" content=\"News In Foco - Editado por Caio Pimenta - O principal site de noticias de Alagoinhas e regi\u00e3o\" \/>\n\t\t<meta property=\"og:type\" content=\"article\" \/>\n\t\t<meta property=\"og:title\" content=\"2\u00aa edi\u00e7\u00e3o do Alagoinhas Moto Fest agitou a cidade no fim de semana - News In Foco - Editado por Caio Pimenta\" \/>\n\t\t<meta property=\"og:description\" content=\"No \u00faltimo fim de semana, Alagoinhas foi palco de um dos maiores encontros da cultura motocicl\u00edstica da Bahia: o Alagoinhas Moto Fest, que est\u00e1 em sua segunda edi\u00e7\u00e3o. Realizado na Avenida Lu\u00eds Viana, o evento teve in\u00edcio na sexta-feira (15) e seguiu at\u00e9 domingo (17), reunindo milhares de participantes. A programa\u00e7\u00e3o conta com o apoio\" \/>\n\t\t<meta property=\"og:url\" content=\"https:\/\/newsinfoco.com.br\/inicio\/2a-edicao-do-alagoinhas-moto-fest-agitou-a-cidade-no-fim-de-semana\/\" \/>\n\t\t<meta property=\"article:published_time\" content=\"2025-08-18T15:05:02+00:00\" \/>\n\t\t<meta property=\"article:modified_time\" content=\"2025-08-18T15:05:02+00:00\" \/>\n\t\t<meta name=\"twitter:card\" content=\"summary_large_image\" \/>\n\t\t<meta name=\"twitter:title\" content=\"2\u00aa edi\u00e7\u00e3o do Alagoinhas Moto Fest agitou a cidade no fim de semana - News In Foco - Editado por Caio Pimenta\" \/>\n\t\t<meta name=\"twitter:description\" content=\"No \u00faltimo fim de semana, Alagoinhas foi palco de um dos maiores encontros da cultura motocicl\u00edstica da Bahia: o Alagoinhas Moto Fest, que est\u00e1 em sua segunda edi\u00e7\u00e3o. Realizado na Avenida Lu\u00eds Viana, o evento teve in\u00edcio na sexta-feira (15) e seguiu at\u00e9 domingo (17), reunindo milhares de participantes. A programa\u00e7\u00e3o conta com o apoio\" \/>\n\t\t<script type=\"application\/ld+json\" class=\"aioseo-schema\">\n\t\t\t{\"@context\":\"https:\\\/\\\/schema.org\",\"@graph\":[{\"@type\":\"BlogPosting\",\"@id\":\"https:\\\/\\\/newsinfoco.com.br\\\/inicio\\\/2a-edicao-do-alagoinhas-moto-fest-agitou-a-cidade-no-fim-de-semana\\\/#blogposting\",\"name\":\"2\\u00aa edi\\u00e7\\u00e3o do Alagoinhas Moto Fest agitou a cidade no fim de semana - News In Foco - Editado por Caio Pimenta\",\"headline\":\"2\\u00aa edi\\u00e7\\u00e3o do Alagoinhas Moto Fest agitou a cidade no fim de semana\",\"author\":{\"@id\":\"https:\\\/\\\/newsinfoco.com.br\\\/inicio\\\/author\\\/administrador\\\/#author\"},\"publisher\":{\"@id\":\"https:\\\/\\\/newsinfoco.com.br\\\/inicio\\\/#organization\"},\"image\":{\"@type\":\"ImageObject\",\"url\":\"https:\\\/\\\/newsinfoco.com.br\\\/inicio\\\/wp-content\\\/uploads\\\/2025\\\/08\\\/WhatsApp-Image-2025-08-17-at-08.51.51-2.jpeg\",\"width\":1600,\"height\":1066},\"datePublished\":\"2025-08-18T12:05:02-03:00\",\"dateModified\":\"2025-08-18T12:05:02-03:00\",\"inLanguage\":\"pt-BR\",\"mainEntityOfPage\":{\"@id\":\"https:\\\/\\\/newsinfoco.com.br\\\/inicio\\\/2a-edicao-do-alagoinhas-moto-fest-agitou-a-cidade-no-fim-de-semana\\\/#webpage\"},\"isPartOf\":{\"@id\":\"https:\\\/\\\/newsinfoco.com.br\\\/inicio\\\/2a-edicao-do-alagoinhas-moto-fest-agitou-a-cidade-no-fim-de-semana\\\/#webpage\"},\"articleSection\":\"Alagoinhas e Regi\\u00e3o, Manchete\"},{\"@type\":\"BreadcrumbList\",\"@id\":\"https:\\\/\\\/newsinfoco.com.br\\\/inicio\\\/2a-edicao-do-alagoinhas-moto-fest-agitou-a-cidade-no-fim-de-semana\\\/#breadcrumblist\",\"itemListElement\":[{\"@type\":\"ListItem\",\"@id\":\"https:\\\/\\\/newsinfoco.com.br\\\/inicio#listItem\",\"position\":1,\"name\":\"In\\u00edcio\",\"item\":\"https:\\\/\\\/newsinfoco.com.br\\\/inicio\",\"nextItem\":{\"@type\":\"ListItem\",\"@id\":\"https:\\\/\\\/newsinfoco.com.br\\\/inicio\\\/category\\\/alagoinhas-e-regiao\\\/#listItem\",\"name\":\"Alagoinhas e Regi\\u00e3o\"}},{\"@type\":\"ListItem\",\"@id\":\"https:\\\/\\\/newsinfoco.com.br\\\/inicio\\\/category\\\/alagoinhas-e-regiao\\\/#listItem\",\"position\":2,\"name\":\"Alagoinhas e Regi\\u00e3o\",\"item\":\"https:\\\/\\\/newsinfoco.com.br\\\/inicio\\\/category\\\/alagoinhas-e-regiao\\\/\",\"nextItem\":{\"@type\":\"ListItem\",\"@id\":\"https:\\\/\\\/newsinfoco.com.br\\\/inicio\\\/2a-edicao-do-alagoinhas-moto-fest-agitou-a-cidade-no-fim-de-semana\\\/#listItem\",\"name\":\"2\\u00aa edi\\u00e7\\u00e3o do Alagoinhas Moto Fest agitou a cidade no fim de semana\"},\"previousItem\":{\"@type\":\"ListItem\",\"@id\":\"https:\\\/\\\/newsinfoco.com.br\\\/inicio#listItem\",\"name\":\"In\\u00edcio\"}},{\"@type\":\"ListItem\",\"@id\":\"https:\\\/\\\/newsinfoco.com.br\\\/inicio\\\/2a-edicao-do-alagoinhas-moto-fest-agitou-a-cidade-no-fim-de-semana\\\/#listItem\",\"position\":3,\"name\":\"2\\u00aa edi\\u00e7\\u00e3o do Alagoinhas Moto Fest agitou a cidade no fim de semana\",\"previousItem\":{\"@type\":\"ListItem\",\"@id\":\"https:\\\/\\\/newsinfoco.com.br\\\/inicio\\\/category\\\/alagoinhas-e-regiao\\\/#listItem\",\"name\":\"Alagoinhas e Regi\\u00e3o\"}}]},{\"@type\":\"Organization\",\"@id\":\"https:\\\/\\\/newsinfoco.com.br\\\/inicio\\\/#organization\",\"name\":\"News In Foco - Editado por Caio Pimenta\",\"description\":\"O principal site de noticias de Alagoinhas e regi\\u00e3o\",\"url\":\"https:\\\/\\\/newsinfoco.com.br\\\/inicio\\\/\"},{\"@type\":\"Person\",\"@id\":\"https:\\\/\\\/newsinfoco.com.br\\\/inicio\\\/author\\\/administrador\\\/#author\",\"url\":\"https:\\\/\\\/newsinfoco.com.br\\\/inicio\\\/author\\\/administrador\\\/\",\"name\":\"administrador\",\"image\":{\"@type\":\"ImageObject\",\"@id\":\"https:\\\/\\\/newsinfoco.com.br\\\/inicio\\\/2a-edicao-do-alagoinhas-moto-fest-agitou-a-cidade-no-fim-de-semana\\\/#authorImage\",\"url\":\"https:\\\/\\\/secure.gravatar.com\\\/avatar\\\/c17a617433de8c1dc9584bb79aab7563b46f5bb7e1728c9b17d9cc3ce6a08e49?s=96&d=mm&r=g\",\"width\":96,\"height\":96,\"caption\":\"administrador\"}},{\"@type\":\"WebPage\",\"@id\":\"https:\\\/\\\/newsinfoco.com.br\\\/inicio\\\/2a-edicao-do-alagoinhas-moto-fest-agitou-a-cidade-no-fim-de-semana\\\/#webpage\",\"url\":\"https:\\\/\\\/newsinfoco.com.br\\\/inicio\\\/2a-edicao-do-alagoinhas-moto-fest-agitou-a-cidade-no-fim-de-semana\\\/\",\"name\":\"2\\u00aa edi\\u00e7\\u00e3o do Alagoinhas Moto Fest agitou a cidade no fim de semana - News In Foco - Editado por Caio Pimenta\",\"description\":\"No \\u00faltimo fim de semana, Alagoinhas foi palco de um dos maiores encontros da cultura motocicl\\u00edstica da Bahia: o Alagoinhas Moto Fest, que est\\u00e1 em sua segunda edi\\u00e7\\u00e3o. Realizado na Avenida Lu\\u00eds Viana, o evento teve in\\u00edcio na sexta-feira (15) e seguiu at\\u00e9 domingo (17), reunindo milhares de participantes. A programa\\u00e7\\u00e3o conta com o apoio\",\"inLanguage\":\"pt-BR\",\"isPartOf\":{\"@id\":\"https:\\\/\\\/newsinfoco.com.br\\\/inicio\\\/#website\"},\"breadcrumb\":{\"@id\":\"https:\\\/\\\/newsinfoco.com.br\\\/inicio\\\/2a-edicao-do-alagoinhas-moto-fest-agitou-a-cidade-no-fim-de-semana\\\/#breadcrumblist\"},\"author\":{\"@id\":\"https:\\\/\\\/newsinfoco.com.br\\\/inicio\\\/author\\\/administrador\\\/#author\"},\"creator\":{\"@id\":\"https:\\\/\\\/newsinfoco.com.br\\\/inicio\\\/author\\\/administrador\\\/#author\"},\"image\":{\"@type\":\"ImageObject\",\"url\":\"https:\\\/\\\/newsinfoco.com.br\\\/inicio\\\/wp-content\\\/uploads\\\/2025\\\/08\\\/WhatsApp-Image-2025-08-17-at-08.51.51-2.jpeg\",\"@id\":\"https:\\\/\\\/newsinfoco.com.br\\\/inicio\\\/2a-edicao-do-alagoinhas-moto-fest-agitou-a-cidade-no-fim-de-semana\\\/#mainImage\",\"width\":1600,\"height\":1066},\"primaryImageOfPage\":{\"@id\":\"https:\\\/\\\/newsinfoco.com.br\\\/inicio\\\/2a-edicao-do-alagoinhas-moto-fest-agitou-a-cidade-no-fim-de-semana\\\/#mainImage\"},\"datePublished\":\"2025-08-18T12:05:02-03:00\",\"dateModified\":\"2025-08-18T12:05:02-03:00\"},{\"@type\":\"WebSite\",\"@id\":\"https:\\\/\\\/newsinfoco.com.br\\\/inicio\\\/#website\",\"url\":\"https:\\\/\\\/newsinfoco.com.br\\\/inicio\\\/\",\"name\":\"News In Foco - Editado por Caio Pimenta\",\"description\":\"O principal site de noticias de Alagoinhas e regi\\u00e3o\",\"inLanguage\":\"pt-BR\",\"publisher\":{\"@id\":\"https:\\\/\\\/newsinfoco.com.br\\\/inicio\\\/#organization\"}}]}\n\t\t<\/script>\n\t\t<!-- All in One SEO -->\n\n","aioseo_head_json":{"title":"2\u00aa edi\u00e7\u00e3o do Alagoinhas Moto Fest agitou a cidade no fim de semana - News In Foco - Editado por Caio Pimenta","description":"No \u00faltimo fim de semana, Alagoinhas foi palco de um dos maiores encontros da cultura motocicl\u00edstica da Bahia: o Alagoinhas Moto Fest, que est\u00e1 em sua segunda edi\u00e7\u00e3o. Realizado na Avenida Lu\u00eds Viana, o evento teve in\u00edcio na sexta-feira (15) e seguiu at\u00e9 domingo (17), reunindo milhares de participantes. A programa\u00e7\u00e3o conta com o apoio","canonical_url":"https:\/\/newsinfoco.com.br\/inicio\/2a-edicao-do-alagoinhas-moto-fest-agitou-a-cidade-no-fim-de-semana\/","robots":"max-image-preview:large","keywords":"","webmasterTools":{"miscellaneous":""},"schema":{"@context":"https:\/\/schema.org","@graph":[{"@type":"BlogPosting","@id":"https:\/\/newsinfoco.com.br\/inicio\/2a-edicao-do-alagoinhas-moto-fest-agitou-a-cidade-no-fim-de-semana\/#blogposting","name":"2\u00aa edi\u00e7\u00e3o do Alagoinhas Moto Fest agitou a cidade no fim de semana - News In Foco - Editado por Caio Pimenta","headline":"2\u00aa edi\u00e7\u00e3o do Alagoinhas Moto Fest agitou a cidade no fim de semana","author":{"@id":"https:\/\/newsinfoco.com.br\/inicio\/author\/administrador\/#author"},"publisher":{"@id":"https:\/\/newsinfoco.com.br\/inicio\/#organization"},"image":{"@type":"ImageObject","url":"https:\/\/newsinfoco.com.br\/inicio\/wp-content\/uploads\/2025\/08\/WhatsApp-Image-2025-08-17-at-08.51.51-2.jpeg","width":1600,"height":1066},"datePublished":"2025-08-18T12:05:02-03:00","dateModified":"2025-08-18T12:05:02-03:00","inLanguage":"pt-BR","mainEntityOfPage":{"@id":"https:\/\/newsinfoco.com.br\/inicio\/2a-edicao-do-alagoinhas-moto-fest-agitou-a-cidade-no-fim-de-semana\/#webpage"},"isPartOf":{"@id":"https:\/\/newsinfoco.com.br\/inicio\/2a-edicao-do-alagoinhas-moto-fest-agitou-a-cidade-no-fim-de-semana\/#webpage"},"articleSection":"Alagoinhas e Regi\u00e3o, Manchete"},{"@type":"BreadcrumbList","@id":"https:\/\/newsinfoco.com.br\/inicio\/2a-edicao-do-alagoinhas-moto-fest-agitou-a-cidade-no-fim-de-semana\/#breadcrumblist","itemListElement":[{"@type":"ListItem","@id":"https:\/\/newsinfoco.com.br\/inicio#listItem","position":1,"name":"In\u00edcio","item":"https:\/\/newsinfoco.com.br\/inicio","nextItem":{"@type":"ListItem","@id":"https:\/\/newsinfoco.com.br\/inicio\/category\/alagoinhas-e-regiao\/#listItem","name":"Alagoinhas e Regi\u00e3o"}},{"@type":"ListItem","@id":"https:\/\/newsinfoco.com.br\/inicio\/category\/alagoinhas-e-regiao\/#listItem","position":2,"name":"Alagoinhas e Regi\u00e3o","item":"https:\/\/newsinfoco.com.br\/inicio\/category\/alagoinhas-e-regiao\/","nextItem":{"@type":"ListItem","@id":"https:\/\/newsinfoco.com.br\/inicio\/2a-edicao-do-alagoinhas-moto-fest-agitou-a-cidade-no-fim-de-semana\/#listItem","name":"2\u00aa edi\u00e7\u00e3o do Alagoinhas Moto Fest agitou a cidade no fim de semana"},"previousItem":{"@type":"ListItem","@id":"https:\/\/newsinfoco.com.br\/inicio#listItem","name":"In\u00edcio"}},{"@type":"ListItem","@id":"https:\/\/newsinfoco.com.br\/inicio\/2a-edicao-do-alagoinhas-moto-fest-agitou-a-cidade-no-fim-de-semana\/#listItem","position":3,"name":"2\u00aa edi\u00e7\u00e3o do Alagoinhas Moto Fest agitou a cidade no fim de semana","previousItem":{"@type":"ListItem","@id":"https:\/\/newsinfoco.com.br\/inicio\/category\/alagoinhas-e-regiao\/#listItem","name":"Alagoinhas e Regi\u00e3o"}}]},{"@type":"Organization","@id":"https:\/\/newsinfoco.com.br\/inicio\/#organization","name":"News In Foco - Editado por Caio Pimenta","description":"O principal site de noticias de Alagoinhas e regi\u00e3o","url":"https:\/\/newsinfoco.com.br\/inicio\/"},{"@type":"Person","@id":"https:\/\/newsinfoco.com.br\/inicio\/author\/administrador\/#author","url":"https:\/\/newsinfoco.com.br\/inicio\/author\/administrador\/","name":"administrador","image":{"@type":"ImageObject","@id":"https:\/\/newsinfoco.com.br\/inicio\/2a-edicao-do-alagoinhas-moto-fest-agitou-a-cidade-no-fim-de-semana\/#authorImage","url":"https:\/\/secure.gravatar.com\/avatar\/c17a617433de8c1dc9584bb79aab7563b46f5bb7e1728c9b17d9cc3ce6a08e49?s=96&d=mm&r=g","width":96,"height":96,"caption":"administrador"}},{"@type":"WebPage","@id":"https:\/\/newsinfoco.com.br\/inicio\/2a-edicao-do-alagoinhas-moto-fest-agitou-a-cidade-no-fim-de-semana\/#webpage","url":"https:\/\/newsinfoco.com.br\/inicio\/2a-edicao-do-alagoinhas-moto-fest-agitou-a-cidade-no-fim-de-semana\/","name":"2\u00aa edi\u00e7\u00e3o do Alagoinhas Moto Fest agitou a cidade no fim de semana - News In Foco - Editado por Caio Pimenta","description":"No \u00faltimo fim de semana, Alagoinhas foi palco de um dos maiores encontros da cultura motocicl\u00edstica da Bahia: o Alagoinhas Moto Fest, que est\u00e1 em sua segunda edi\u00e7\u00e3o. Realizado na Avenida Lu\u00eds Viana, o evento teve in\u00edcio na sexta-feira (15) e seguiu at\u00e9 domingo (17), reunindo milhares de participantes. A programa\u00e7\u00e3o conta com o apoio","inLanguage":"pt-BR","isPartOf":{"@id":"https:\/\/newsinfoco.com.br\/inicio\/#website"},"breadcrumb":{"@id":"https:\/\/newsinfoco.com.br\/inicio\/2a-edicao-do-alagoinhas-moto-fest-agitou-a-cidade-no-fim-de-semana\/#breadcrumblist"},"author":{"@id":"https:\/\/newsinfoco.com.br\/inicio\/author\/administrador\/#author"},"creator":{"@id":"https:\/\/newsinfoco.com.br\/inicio\/author\/administrador\/#author"},"image":{"@type":"ImageObject","url":"https:\/\/newsinfoco.com.br\/inicio\/wp-content\/uploads\/2025\/08\/WhatsApp-Image-2025-08-17-at-08.51.51-2.jpeg","@id":"https:\/\/newsinfoco.com.br\/inicio\/2a-edicao-do-alagoinhas-moto-fest-agitou-a-cidade-no-fim-de-semana\/#mainImage","width":1600,"height":1066},"primaryImageOfPage":{"@id":"https:\/\/newsinfoco.com.br\/inicio\/2a-edicao-do-alagoinhas-moto-fest-agitou-a-cidade-no-fim-de-semana\/#mainImage"},"datePublished":"2025-08-18T12:05:02-03:00","dateModified":"2025-08-18T12:05:02-03:00"},{"@type":"WebSite","@id":"https:\/\/newsinfoco.com.br\/inicio\/#website","url":"https:\/\/newsinfoco.com.br\/inicio\/","name":"News In Foco - Editado por Caio Pimenta","description":"O principal site de noticias de Alagoinhas e regi\u00e3o","inLanguage":"pt-BR","publisher":{"@id":"https:\/\/newsinfoco.com.br\/inicio\/#organization"}}]},"og:locale":"pt_BR","og:site_name":"News In Foco - Editado por Caio Pimenta - O principal site de noticias de Alagoinhas e regi\u00e3o","og:type":"article","og:title":"2\u00aa edi\u00e7\u00e3o do Alagoinhas Moto Fest agitou a cidade no fim de semana - News In Foco - Editado por Caio Pimenta","og:description":"No \u00faltimo fim de semana, Alagoinhas foi palco de um dos maiores encontros da cultura motocicl\u00edstica da Bahia: o Alagoinhas Moto Fest, que est\u00e1 em sua segunda edi\u00e7\u00e3o. Realizado na Avenida Lu\u00eds Viana, o evento teve in\u00edcio na sexta-feira (15) e seguiu at\u00e9 domingo (17), reunindo milhares de participantes. A programa\u00e7\u00e3o conta com o apoio","og:url":"https:\/\/newsinfoco.com.br\/inicio\/2a-edicao-do-alagoinhas-moto-fest-agitou-a-cidade-no-fim-de-semana\/","article:published_time":"2025-08-18T15:05:02+00:00","article:modified_time":"2025-08-18T15:05:02+00:00","twitter:card":"summary_large_image","twitter:title":"2\u00aa edi\u00e7\u00e3o do Alagoinhas Moto Fest agitou a cidade no fim de semana - News In Foco - Editado por Caio Pimenta","twitter:description":"No \u00faltimo fim de semana, Alagoinhas foi palco de um dos maiores encontros da cultura motocicl\u00edstica da Bahia: o Alagoinhas Moto Fest, que est\u00e1 em sua segunda edi\u00e7\u00e3o. Realizado na Avenida Lu\u00eds Viana, o evento teve in\u00edcio na sexta-feira (15) e seguiu at\u00e9 domingo (17), reunindo milhares de participantes. A programa\u00e7\u00e3o conta com o apoio"},"aioseo_meta_data":{"post_id":"44307","title":null,"description":null,"keywords":null,"keyphrases":{"focus":{"keyphrase":"","score":0,"analysis":{"keyphraseInTitle":{"score":0,"maxScore":9,"error":1}}},"additional":[]},"primary_term":null,"canonical_url":null,"og_title":null,"og_description":null,"og_object_type":"default","og_image_type":"default","og_image_url":null,"og_image_width":null,"og_image_height":null,"og_image_custom_url":null,"og_image_custom_fields":null,"og_video":"","og_custom_url":null,"og_article_section":null,"og_article_tags":null,"twitter_use_og":false,"twitter_card":"default","twitter_image_type":"default","twitter_image_url":null,"twitter_image_custom_url":null,"twitter_image_custom_fields":null,"twitter_title":null,"twitter_description":null,"schema":{"blockGraphs":[],"customGraphs":[],"default":{"data":{"Article":[],"Course":[],"Dataset":[],"FAQPage":[],"Movie":[],"Person":[],"Product":[],"ProductReview":[],"Car":[],"Recipe":[],"Service":[],"SoftwareApplication":[],"WebPage":[]},"graphName":"BlogPosting","isEnabled":true},"graphs":[]},"schema_type":"default","schema_type_options":null,"pillar_content":false,"robots_default":true,"robots_noindex":false,"robots_noarchive":false,"robots_nosnippet":false,"robots_nofollow":false,"robots_noimageindex":false,"robots_noodp":false,"robots_notranslate":false,"robots_max_snippet":"-1","robots_max_videopreview":"-1","robots_max_imagepreview":"large","priority":null,"frequency":"default","local_seo":null,"breadcrumb_settings":null,"limit_modified_date":false,"ai":{"faqs":[],"keyPoints":[],"titles":[],"descriptions":[],"socialPosts":{"email":[],"linkedin":[],"twitter":[],"facebook":[],"instagram":[]}},"created":"2025-08-18 15:05:02","updated":"2025-08-18 15:08:19","seo_analyzer_scan_date":null},"aioseo_breadcrumb":"<div class=\"aioseo-breadcrumbs\"><span class=\"aioseo-breadcrumb\">\n\t\t\t<a href=\"https:\/\/newsinfoco.com.br\/inicio\" title=\"In\u00edcio\">In\u00edcio<\/a>\n\t\t<\/span><span class=\"aioseo-breadcrumb-separator\">&raquo;<\/span><span class=\"aioseo-breadcrumb\">\n\t\t\t<a href=\"https:\/\/newsinfoco.com.br\/inicio\/category\/alagoinhas-e-regiao\/\" title=\"Alagoinhas e Regi\u00e3o\">Alagoinhas e Regi\u00e3o<\/a>\n\t\t<\/span><span class=\"aioseo-breadcrumb-separator\">&raquo;<\/span><span class=\"aioseo-breadcrumb\">\n\t\t\t2\u00aa edi\u00e7\u00e3o do Alagoinhas Moto Fest agitou a cidade no fim de semana\n\t\t<\/span><\/div>","aioseo_breadcrumb_json":[{"label":"In\u00edcio","link":"https:\/\/newsinfoco.com.br\/inicio"},{"label":"Alagoinhas e Regi\u00e3o","link":"https:\/\/newsinfoco.com.br\/inicio\/category\/alagoinhas-e-regiao\/"},{"label":"2\u00aa edi\u00e7\u00e3o do Alagoinhas Moto Fest agitou a cidade no fim de semana","link":"https:\/\/newsinfoco.com.br\/inicio\/2a-edicao-do-alagoinhas-moto-fest-agitou-a-cidade-no-fim-de-semana\/"}],"_links":{"self":[{"href":"https:\/\/newsinfoco.com.br\/inicio\/wp-json\/wp\/v2\/posts\/44307","targetHints":{"allow":["GET"]}}],"collection":[{"href":"https:\/\/newsinfoco.com.br\/inicio\/wp-json\/wp\/v2\/posts"}],"about":[{"href":"https:\/\/newsinfoco.com.br\/inicio\/wp-json\/wp\/v2\/types\/post"}],"author":[{"embeddable":true,"href":"https:\/\/newsinfoco.com.br\/inicio\/wp-json\/wp\/v2\/users\/1"}],"replies":[{"embeddable":true,"href":"https:\/\/newsinfoco.com.br\/inicio\/wp-json\/wp\/v2\/comments?post=44307"}],"version-history":[{"count":1,"href":"https:\/\/newsinfoco.com.br\/inicio\/wp-json\/wp\/v2\/posts\/44307\/revisions"}],"predecessor-version":[{"id":44309,"href":"https:\/\/newsinfoco.com.br\/inicio\/wp-json\/wp\/v2\/posts\/44307\/revisions\/44309"}],"wp:featuredmedia":[{"embeddable":true,"href":"https:\/\/newsinfoco.com.br\/inicio\/wp-json\/wp\/v2\/media\/44308"}],"wp:attachment":[{"href":"https:\/\/newsinfoco.com.br\/inicio\/wp-json\/wp\/v2\/media?parent=44307"}],"wp:term":[{"taxonomy":"category","embeddable":true,"href":"https:\/\/newsinfoco.com.br\/inicio\/wp-json\/wp\/v2\/categories?post=44307"},{"taxonomy":"post_tag","embeddable":true,"href":"https:\/\/newsinfoco.com.br\/inicio\/wp-json\/wp\/v2\/tags?post=44307"}],"curies":[{"name":"wp","href":"https:\/\/api.w.org\/{rel}","templated":true}]}}