{"id":44310,"date":"2025-08-18T12:14:03","date_gmt":"2025-08-18T15:14:03","guid":{"rendered":"https:\/\/newsinfoco.com.br\/inicio\/?p=44310"},"modified":"2025-08-18T12:14:03","modified_gmt":"2025-08-18T15:14:03","slug":"jornada-governar-promove-aprendizado-e-desenvolvimento-pessoal-em-alagoinhas","status":"publish","type":"post","link":"https:\/\/newsinfoco.com.br\/inicio\/jornada-governar-promove-aprendizado-e-desenvolvimento-pessoal-em-alagoinhas\/","title":{"rendered":"Jornada Governar promove aprendizado e desenvolvimento pessoal em Alagoinhas"},"content":{"rendered":"<p>Acon<\/p>\n<p>Aconteceu em Alagoinhas, nos dias 16 e 17 de agosto, no Hotel \u00c1ster, a quinta edi\u00e7\u00e3o da Jornada Governar. O evento \u00e9 um treinamento em Intelig\u00eancia Emocional voltado a impulsionar o desempenho profissional e pessoal dos participantes, fortalecendo compet\u00eancias t\u00e9cnicas e emocionais.<\/p>\n<p>A iniciativa contou com o apoio da Prefeitura de Alagoinhas, por meio da Secretaria de Cultura, Esporte e Turismo (Secet), em parceria com a Ag\u00eancia de Recursos Humanos (SSRH), e trouxe uma programa\u00e7\u00e3o diversificada que uniu conhecimento, pr\u00e1tica e experi\u00eancias transformadoras.<\/p>\n<p>Entre os destaques, estiveram o Desfile de Moda da Via de Uso, que abordou a autoestima feminina e masculina como pilares da intelig\u00eancia emocional, um talk show com l\u00edderes empresariais, gestores pol\u00edticos e representantes da ind\u00fastria, que debateram sobre governan\u00e7a, que contou com a presen\u00e7a da controladora do munic\u00edpio, Menara\u00a0 Dami\u00e3o. Houve tamb\u00e9m palestras sobre intelig\u00eancia financeira, an\u00e1lise de perfil comportamental e desenvolvimento de habilidades socioemocionais. Os participantes receberam certifica\u00e7\u00e3o ao final da jornada.<\/p>\n<p>O prefeito Gustavo Carmo marcou presen\u00e7a e destacou a import\u00e2ncia da iniciativa. \u201cA Prefeitura \u00e9 parceira da SSRH na constru\u00e7\u00e3o desse evento, que consideramos fundamental porque trabalha n\u00e3o apenas o lado t\u00e9cnico, mas, principalmente, o emocional e estrat\u00e9gico dos profissionais que fazem o dia a dia da nossa cidade acontecer: os liberais, os aut\u00f4nomos, os empres\u00e1rios. A Jornada Governar leva conhecimento, fortalece estrat\u00e9gias e, com essa parceria, queremos contribuir para que os profissionais de Alagoinhas estejam cada vez mais preparados para o mercado de trabalho, em todos os n\u00edveis\u201d, afirmou.<\/p>\n<p>A idealizadora da Jornada, Sheila Souza Dami\u00e3o, l\u00edder da SSRH, tamb\u00e9m ressaltou a relev\u00e2ncia da parceria com o munic\u00edpio. \u201cTemos um prefeito que conduz uma gest\u00e3o pautada n\u00e3o apenas na administra\u00e7\u00e3o p\u00fablica, mas em uma melhoria cont\u00ednua, inova\u00e7\u00e3o e evolu\u00e7\u00e3o da nossa cidade. Esse olhar se conecta ao nosso prop\u00f3sito, que \u00e9 transformar a vida dos profissionais. Estou muito satisfeita com essa parceria\u201d, destacou.<\/p>\n<p>O evento contou ainda com a presen\u00e7a do deputado federal Cl\u00e1udio Cajado, convidado para o talk show. Ele parabenizou a iniciativa. \u201cEsse projeto est\u00e1 de parab\u00e9ns e demonstra que Alagoinhas se preocupa n\u00e3o apenas em formar profissionais, mas em preparar pessoas para alcan\u00e7arem sua melhor performance, equilibrando t\u00e9cnica e intelig\u00eancia emocional. Fiquei feliz em compartilhar minha experi\u00eancia e mostrar que, atr\u00e1s de um pol\u00edtico, tamb\u00e9m existe um ser humano, que precisa desse equil\u00edbrio\u201d, disse.<\/p>\n<p>Mois\u00e9s Lima, um dos participantes, \u00e9 propriet\u00e1rio de uma barbearia no munic\u00edpio e avaliou o impacto do evento: \u201cEstou achando o evento extraordin\u00e1rio. Tem muito a agregar, porque conhecimento \u00e9 tudo. Vai fazer a diferen\u00e7a n\u00e3o s\u00f3 na forma como cuido da minha empresa, mas tamb\u00e9m no meu dia a dia\u201d, contou.<\/p>\n<p>Bahia.Ba<\/p>\n<div class='share-to-whatsapp-wrapper'><div class='share-on-whsp'>Share on: <\/div><a data-text='Jornada Governar promove aprendizado e desenvolvimento pessoal em Alagoinhas' data-link='https:\/\/newsinfoco.com.br\/inicio\/jornada-governar-promove-aprendizado-e-desenvolvimento-pessoal-em-alagoinhas\/' class='whatsapp-button whatsapp-share'>WhatsApp<\/a><div class='clear '><\/div><\/div>","protected":false},"excerpt":{"rendered":"<p>Acon Aconteceu em Alagoinhas, nos dias 16 e 17 de agosto, no Hotel \u00c1ster, a quinta edi\u00e7\u00e3o da Jornada Governar. O evento \u00e9 um treinamento em Intelig\u00eancia Emocional voltado a impulsionar o desempenho profissional e pessoal dos participantes, fortalecendo compet\u00eancias t\u00e9cnicas e emocionais. A iniciativa contou com o apoio da Prefeitura de Alagoinhas, por meio [&hellip;]<\/p>\n","protected":false},"author":1,"featured_media":44311,"comment_status":"closed","ping_status":"closed","sticky":false,"template":"","format":"standard","meta":{"om_disable_all_campaigns":false,"rop_custom_images_group":[],"rop_custom_messages_group":[],"rop_publish_now":"initial","rop_publish_now_accounts":[],"rop_publish_now_history":[],"rop_publish_now_status":"pending","_exactmetrics_skip_tracking":false,"footnotes":""},"categories":[38,167],"tags":[],"class_list":["post-44310","post","type-post","status-publish","format-standard","has-post-thumbnail","hentry","category-alagoinhas-e-regiao","category-exclusivas"],"aioseo_notices":[],"aioseo_head":"\n\t\t<!-- All in One SEO 4.9.10 - aioseo.com -->\n\t<meta name=\"description\" content=\"Acon Aconteceu em Alagoinhas, nos dias 16 e 17 de agosto, no Hotel \u00c1ster, a quinta edi\u00e7\u00e3o da Jornada Governar. O evento \u00e9 um treinamento em Intelig\u00eancia Emocional voltado a impulsionar o desempenho profissional e pessoal dos participantes, fortalecendo compet\u00eancias t\u00e9cnicas e emocionais. A iniciativa contou com o apoio da Prefeitura de Alagoinhas, por meio\" \/>\n\t<meta name=\"robots\" content=\"max-image-preview:large\" \/>\n\t<meta name=\"author\" content=\"administrador\"\/>\n\t<link rel=\"canonical\" href=\"https:\/\/newsinfoco.com.br\/inicio\/jornada-governar-promove-aprendizado-e-desenvolvimento-pessoal-em-alagoinhas\/\" \/>\n\t<meta name=\"generator\" content=\"All in One SEO (AIOSEO) 4.9.10\" \/>\n\t\t<meta property=\"og:locale\" content=\"pt_BR\" \/>\n\t\t<meta property=\"og:site_name\" content=\"News In Foco - Editado por Caio Pimenta - O principal site de noticias de Alagoinhas e regi\u00e3o\" \/>\n\t\t<meta property=\"og:type\" content=\"article\" \/>\n\t\t<meta property=\"og:title\" content=\"Jornada Governar promove aprendizado e desenvolvimento pessoal em Alagoinhas - News In Foco - Editado por Caio Pimenta\" \/>\n\t\t<meta property=\"og:description\" content=\"Acon Aconteceu em Alagoinhas, nos dias 16 e 17 de agosto, no Hotel \u00c1ster, a quinta edi\u00e7\u00e3o da Jornada Governar. O evento \u00e9 um treinamento em Intelig\u00eancia Emocional voltado a impulsionar o desempenho profissional e pessoal dos participantes, fortalecendo compet\u00eancias t\u00e9cnicas e emocionais. A iniciativa contou com o apoio da Prefeitura de Alagoinhas, por meio\" \/>\n\t\t<meta property=\"og:url\" content=\"https:\/\/newsinfoco.com.br\/inicio\/jornada-governar-promove-aprendizado-e-desenvolvimento-pessoal-em-alagoinhas\/\" \/>\n\t\t<meta property=\"article:published_time\" content=\"2025-08-18T15:14:03+00:00\" \/>\n\t\t<meta property=\"article:modified_time\" content=\"2025-08-18T15:14:03+00:00\" \/>\n\t\t<meta name=\"twitter:card\" content=\"summary_large_image\" \/>\n\t\t<meta name=\"twitter:title\" content=\"Jornada Governar promove aprendizado e desenvolvimento pessoal em Alagoinhas - News In Foco - Editado por Caio Pimenta\" \/>\n\t\t<meta name=\"twitter:description\" content=\"Acon Aconteceu em Alagoinhas, nos dias 16 e 17 de agosto, no Hotel \u00c1ster, a quinta edi\u00e7\u00e3o da Jornada Governar. O evento \u00e9 um treinamento em Intelig\u00eancia Emocional voltado a impulsionar o desempenho profissional e pessoal dos participantes, fortalecendo compet\u00eancias t\u00e9cnicas e emocionais. A iniciativa contou com o apoio da Prefeitura de Alagoinhas, por meio\" \/>\n\t\t<script type=\"application\/ld+json\" class=\"aioseo-schema\">\n\t\t\t{\"@context\":\"https:\\\/\\\/schema.org\",\"@graph\":[{\"@type\":\"BlogPosting\",\"@id\":\"https:\\\/\\\/newsinfoco.com.br\\\/inicio\\\/jornada-governar-promove-aprendizado-e-desenvolvimento-pessoal-em-alagoinhas\\\/#blogposting\",\"name\":\"Jornada Governar promove aprendizado e desenvolvimento pessoal em Alagoinhas - News In Foco - Editado por Caio Pimenta\",\"headline\":\"Jornada Governar promove aprendizado e desenvolvimento pessoal em Alagoinhas\",\"author\":{\"@id\":\"https:\\\/\\\/newsinfoco.com.br\\\/inicio\\\/author\\\/administrador\\\/#author\"},\"publisher\":{\"@id\":\"https:\\\/\\\/newsinfoco.com.br\\\/inicio\\\/#organization\"},\"image\":{\"@type\":\"ImageObject\",\"url\":\"https:\\\/\\\/newsinfoco.com.br\\\/inicio\\\/wp-content\\\/uploads\\\/2025\\\/08\\\/WhatsApp-Image-2025-08-17-at-15.51.30-1.jpeg\",\"width\":1600,\"height\":1067},\"datePublished\":\"2025-08-18T12:14:03-03:00\",\"dateModified\":\"2025-08-18T12:14:03-03:00\",\"inLanguage\":\"pt-BR\",\"mainEntityOfPage\":{\"@id\":\"https:\\\/\\\/newsinfoco.com.br\\\/inicio\\\/jornada-governar-promove-aprendizado-e-desenvolvimento-pessoal-em-alagoinhas\\\/#webpage\"},\"isPartOf\":{\"@id\":\"https:\\\/\\\/newsinfoco.com.br\\\/inicio\\\/jornada-governar-promove-aprendizado-e-desenvolvimento-pessoal-em-alagoinhas\\\/#webpage\"},\"articleSection\":\"Alagoinhas e Regi\\u00e3o, Manchete\"},{\"@type\":\"BreadcrumbList\",\"@id\":\"https:\\\/\\\/newsinfoco.com.br\\\/inicio\\\/jornada-governar-promove-aprendizado-e-desenvolvimento-pessoal-em-alagoinhas\\\/#breadcrumblist\",\"itemListElement\":[{\"@type\":\"ListItem\",\"@id\":\"https:\\\/\\\/newsinfoco.com.br\\\/inicio#listItem\",\"position\":1,\"name\":\"In\\u00edcio\",\"item\":\"https:\\\/\\\/newsinfoco.com.br\\\/inicio\",\"nextItem\":{\"@type\":\"ListItem\",\"@id\":\"https:\\\/\\\/newsinfoco.com.br\\\/inicio\\\/category\\\/alagoinhas-e-regiao\\\/#listItem\",\"name\":\"Alagoinhas e Regi\\u00e3o\"}},{\"@type\":\"ListItem\",\"@id\":\"https:\\\/\\\/newsinfoco.com.br\\\/inicio\\\/category\\\/alagoinhas-e-regiao\\\/#listItem\",\"position\":2,\"name\":\"Alagoinhas e Regi\\u00e3o\",\"item\":\"https:\\\/\\\/newsinfoco.com.br\\\/inicio\\\/category\\\/alagoinhas-e-regiao\\\/\",\"nextItem\":{\"@type\":\"ListItem\",\"@id\":\"https:\\\/\\\/newsinfoco.com.br\\\/inicio\\\/jornada-governar-promove-aprendizado-e-desenvolvimento-pessoal-em-alagoinhas\\\/#listItem\",\"name\":\"Jornada Governar promove aprendizado e desenvolvimento pessoal em Alagoinhas\"},\"previousItem\":{\"@type\":\"ListItem\",\"@id\":\"https:\\\/\\\/newsinfoco.com.br\\\/inicio#listItem\",\"name\":\"In\\u00edcio\"}},{\"@type\":\"ListItem\",\"@id\":\"https:\\\/\\\/newsinfoco.com.br\\\/inicio\\\/jornada-governar-promove-aprendizado-e-desenvolvimento-pessoal-em-alagoinhas\\\/#listItem\",\"position\":3,\"name\":\"Jornada Governar promove aprendizado e desenvolvimento pessoal em Alagoinhas\",\"previousItem\":{\"@type\":\"ListItem\",\"@id\":\"https:\\\/\\\/newsinfoco.com.br\\\/inicio\\\/category\\\/alagoinhas-e-regiao\\\/#listItem\",\"name\":\"Alagoinhas e Regi\\u00e3o\"}}]},{\"@type\":\"Organization\",\"@id\":\"https:\\\/\\\/newsinfoco.com.br\\\/inicio\\\/#organization\",\"name\":\"News In Foco - Editado por Caio Pimenta\",\"description\":\"O principal site de noticias de Alagoinhas e regi\\u00e3o\",\"url\":\"https:\\\/\\\/newsinfoco.com.br\\\/inicio\\\/\"},{\"@type\":\"Person\",\"@id\":\"https:\\\/\\\/newsinfoco.com.br\\\/inicio\\\/author\\\/administrador\\\/#author\",\"url\":\"https:\\\/\\\/newsinfoco.com.br\\\/inicio\\\/author\\\/administrador\\\/\",\"name\":\"administrador\",\"image\":{\"@type\":\"ImageObject\",\"@id\":\"https:\\\/\\\/newsinfoco.com.br\\\/inicio\\\/jornada-governar-promove-aprendizado-e-desenvolvimento-pessoal-em-alagoinhas\\\/#authorImage\",\"url\":\"https:\\\/\\\/secure.gravatar.com\\\/avatar\\\/c17a617433de8c1dc9584bb79aab7563b46f5bb7e1728c9b17d9cc3ce6a08e49?s=96&d=mm&r=g\",\"width\":96,\"height\":96,\"caption\":\"administrador\"}},{\"@type\":\"WebPage\",\"@id\":\"https:\\\/\\\/newsinfoco.com.br\\\/inicio\\\/jornada-governar-promove-aprendizado-e-desenvolvimento-pessoal-em-alagoinhas\\\/#webpage\",\"url\":\"https:\\\/\\\/newsinfoco.com.br\\\/inicio\\\/jornada-governar-promove-aprendizado-e-desenvolvimento-pessoal-em-alagoinhas\\\/\",\"name\":\"Jornada Governar promove aprendizado e desenvolvimento pessoal em Alagoinhas - News In Foco - Editado por Caio Pimenta\",\"description\":\"Acon Aconteceu em Alagoinhas, nos dias 16 e 17 de agosto, no Hotel \\u00c1ster, a quinta edi\\u00e7\\u00e3o da Jornada Governar. O evento \\u00e9 um treinamento em Intelig\\u00eancia Emocional voltado a impulsionar o desempenho profissional e pessoal dos participantes, fortalecendo compet\\u00eancias t\\u00e9cnicas e emocionais. A iniciativa contou com o apoio da Prefeitura de Alagoinhas, por meio\",\"inLanguage\":\"pt-BR\",\"isPartOf\":{\"@id\":\"https:\\\/\\\/newsinfoco.com.br\\\/inicio\\\/#website\"},\"breadcrumb\":{\"@id\":\"https:\\\/\\\/newsinfoco.com.br\\\/inicio\\\/jornada-governar-promove-aprendizado-e-desenvolvimento-pessoal-em-alagoinhas\\\/#breadcrumblist\"},\"author\":{\"@id\":\"https:\\\/\\\/newsinfoco.com.br\\\/inicio\\\/author\\\/administrador\\\/#author\"},\"creator\":{\"@id\":\"https:\\\/\\\/newsinfoco.com.br\\\/inicio\\\/author\\\/administrador\\\/#author\"},\"image\":{\"@type\":\"ImageObject\",\"url\":\"https:\\\/\\\/newsinfoco.com.br\\\/inicio\\\/wp-content\\\/uploads\\\/2025\\\/08\\\/WhatsApp-Image-2025-08-17-at-15.51.30-1.jpeg\",\"@id\":\"https:\\\/\\\/newsinfoco.com.br\\\/inicio\\\/jornada-governar-promove-aprendizado-e-desenvolvimento-pessoal-em-alagoinhas\\\/#mainImage\",\"width\":1600,\"height\":1067},\"primaryImageOfPage\":{\"@id\":\"https:\\\/\\\/newsinfoco.com.br\\\/inicio\\\/jornada-governar-promove-aprendizado-e-desenvolvimento-pessoal-em-alagoinhas\\\/#mainImage\"},\"datePublished\":\"2025-08-18T12:14:03-03:00\",\"dateModified\":\"2025-08-18T12:14:03-03:00\"},{\"@type\":\"WebSite\",\"@id\":\"https:\\\/\\\/newsinfoco.com.br\\\/inicio\\\/#website\",\"url\":\"https:\\\/\\\/newsinfoco.com.br\\\/inicio\\\/\",\"name\":\"News In Foco - Editado por Caio Pimenta\",\"description\":\"O principal site de noticias de Alagoinhas e regi\\u00e3o\",\"inLanguage\":\"pt-BR\",\"publisher\":{\"@id\":\"https:\\\/\\\/newsinfoco.com.br\\\/inicio\\\/#organization\"}}]}\n\t\t<\/script>\n\t\t<!-- All in One SEO -->\n\n","aioseo_head_json":{"title":"Jornada Governar promove aprendizado e desenvolvimento pessoal em Alagoinhas - News In Foco - Editado por Caio Pimenta","description":"Acon Aconteceu em Alagoinhas, nos dias 16 e 17 de agosto, no Hotel \u00c1ster, a quinta edi\u00e7\u00e3o da Jornada Governar. O evento \u00e9 um treinamento em Intelig\u00eancia Emocional voltado a impulsionar o desempenho profissional e pessoal dos participantes, fortalecendo compet\u00eancias t\u00e9cnicas e emocionais. A iniciativa contou com o apoio da Prefeitura de Alagoinhas, por meio","canonical_url":"https:\/\/newsinfoco.com.br\/inicio\/jornada-governar-promove-aprendizado-e-desenvolvimento-pessoal-em-alagoinhas\/","robots":"max-image-preview:large","keywords":"","webmasterTools":{"miscellaneous":""},"schema":{"@context":"https:\/\/schema.org","@graph":[{"@type":"BlogPosting","@id":"https:\/\/newsinfoco.com.br\/inicio\/jornada-governar-promove-aprendizado-e-desenvolvimento-pessoal-em-alagoinhas\/#blogposting","name":"Jornada Governar promove aprendizado e desenvolvimento pessoal em Alagoinhas - News In Foco - Editado por Caio Pimenta","headline":"Jornada Governar promove aprendizado e desenvolvimento pessoal em Alagoinhas","author":{"@id":"https:\/\/newsinfoco.com.br\/inicio\/author\/administrador\/#author"},"publisher":{"@id":"https:\/\/newsinfoco.com.br\/inicio\/#organization"},"image":{"@type":"ImageObject","url":"https:\/\/newsinfoco.com.br\/inicio\/wp-content\/uploads\/2025\/08\/WhatsApp-Image-2025-08-17-at-15.51.30-1.jpeg","width":1600,"height":1067},"datePublished":"2025-08-18T12:14:03-03:00","dateModified":"2025-08-18T12:14:03-03:00","inLanguage":"pt-BR","mainEntityOfPage":{"@id":"https:\/\/newsinfoco.com.br\/inicio\/jornada-governar-promove-aprendizado-e-desenvolvimento-pessoal-em-alagoinhas\/#webpage"},"isPartOf":{"@id":"https:\/\/newsinfoco.com.br\/inicio\/jornada-governar-promove-aprendizado-e-desenvolvimento-pessoal-em-alagoinhas\/#webpage"},"articleSection":"Alagoinhas e Regi\u00e3o, Manchete"},{"@type":"BreadcrumbList","@id":"https:\/\/newsinfoco.com.br\/inicio\/jornada-governar-promove-aprendizado-e-desenvolvimento-pessoal-em-alagoinhas\/#breadcrumblist","itemListElement":[{"@type":"ListItem","@id":"https:\/\/newsinfoco.com.br\/inicio#listItem","position":1,"name":"In\u00edcio","item":"https:\/\/newsinfoco.com.br\/inicio","nextItem":{"@type":"ListItem","@id":"https:\/\/newsinfoco.com.br\/inicio\/category\/alagoinhas-e-regiao\/#listItem","name":"Alagoinhas e Regi\u00e3o"}},{"@type":"ListItem","@id":"https:\/\/newsinfoco.com.br\/inicio\/category\/alagoinhas-e-regiao\/#listItem","position":2,"name":"Alagoinhas e Regi\u00e3o","item":"https:\/\/newsinfoco.com.br\/inicio\/category\/alagoinhas-e-regiao\/","nextItem":{"@type":"ListItem","@id":"https:\/\/newsinfoco.com.br\/inicio\/jornada-governar-promove-aprendizado-e-desenvolvimento-pessoal-em-alagoinhas\/#listItem","name":"Jornada Governar promove aprendizado e desenvolvimento pessoal em Alagoinhas"},"previousItem":{"@type":"ListItem","@id":"https:\/\/newsinfoco.com.br\/inicio#listItem","name":"In\u00edcio"}},{"@type":"ListItem","@id":"https:\/\/newsinfoco.com.br\/inicio\/jornada-governar-promove-aprendizado-e-desenvolvimento-pessoal-em-alagoinhas\/#listItem","position":3,"name":"Jornada Governar promove aprendizado e desenvolvimento pessoal em Alagoinhas","previousItem":{"@type":"ListItem","@id":"https:\/\/newsinfoco.com.br\/inicio\/category\/alagoinhas-e-regiao\/#listItem","name":"Alagoinhas e Regi\u00e3o"}}]},{"@type":"Organization","@id":"https:\/\/newsinfoco.com.br\/inicio\/#organization","name":"News In Foco - Editado por Caio Pimenta","description":"O principal site de noticias de Alagoinhas e regi\u00e3o","url":"https:\/\/newsinfoco.com.br\/inicio\/"},{"@type":"Person","@id":"https:\/\/newsinfoco.com.br\/inicio\/author\/administrador\/#author","url":"https:\/\/newsinfoco.com.br\/inicio\/author\/administrador\/","name":"administrador","image":{"@type":"ImageObject","@id":"https:\/\/newsinfoco.com.br\/inicio\/jornada-governar-promove-aprendizado-e-desenvolvimento-pessoal-em-alagoinhas\/#authorImage","url":"https:\/\/secure.gravatar.com\/avatar\/c17a617433de8c1dc9584bb79aab7563b46f5bb7e1728c9b17d9cc3ce6a08e49?s=96&d=mm&r=g","width":96,"height":96,"caption":"administrador"}},{"@type":"WebPage","@id":"https:\/\/newsinfoco.com.br\/inicio\/jornada-governar-promove-aprendizado-e-desenvolvimento-pessoal-em-alagoinhas\/#webpage","url":"https:\/\/newsinfoco.com.br\/inicio\/jornada-governar-promove-aprendizado-e-desenvolvimento-pessoal-em-alagoinhas\/","name":"Jornada Governar promove aprendizado e desenvolvimento pessoal em Alagoinhas - News In Foco - Editado por Caio Pimenta","description":"Acon Aconteceu em Alagoinhas, nos dias 16 e 17 de agosto, no Hotel \u00c1ster, a quinta edi\u00e7\u00e3o da Jornada Governar. O evento \u00e9 um treinamento em Intelig\u00eancia Emocional voltado a impulsionar o desempenho profissional e pessoal dos participantes, fortalecendo compet\u00eancias t\u00e9cnicas e emocionais. A iniciativa contou com o apoio da Prefeitura de Alagoinhas, por meio","inLanguage":"pt-BR","isPartOf":{"@id":"https:\/\/newsinfoco.com.br\/inicio\/#website"},"breadcrumb":{"@id":"https:\/\/newsinfoco.com.br\/inicio\/jornada-governar-promove-aprendizado-e-desenvolvimento-pessoal-em-alagoinhas\/#breadcrumblist"},"author":{"@id":"https:\/\/newsinfoco.com.br\/inicio\/author\/administrador\/#author"},"creator":{"@id":"https:\/\/newsinfoco.com.br\/inicio\/author\/administrador\/#author"},"image":{"@type":"ImageObject","url":"https:\/\/newsinfoco.com.br\/inicio\/wp-content\/uploads\/2025\/08\/WhatsApp-Image-2025-08-17-at-15.51.30-1.jpeg","@id":"https:\/\/newsinfoco.com.br\/inicio\/jornada-governar-promove-aprendizado-e-desenvolvimento-pessoal-em-alagoinhas\/#mainImage","width":1600,"height":1067},"primaryImageOfPage":{"@id":"https:\/\/newsinfoco.com.br\/inicio\/jornada-governar-promove-aprendizado-e-desenvolvimento-pessoal-em-alagoinhas\/#mainImage"},"datePublished":"2025-08-18T12:14:03-03:00","dateModified":"2025-08-18T12:14:03-03:00"},{"@type":"WebSite","@id":"https:\/\/newsinfoco.com.br\/inicio\/#website","url":"https:\/\/newsinfoco.com.br\/inicio\/","name":"News In Foco - Editado por Caio Pimenta","description":"O principal site de noticias de Alagoinhas e regi\u00e3o","inLanguage":"pt-BR","publisher":{"@id":"https:\/\/newsinfoco.com.br\/inicio\/#organization"}}]},"og:locale":"pt_BR","og:site_name":"News In Foco - Editado por Caio Pimenta - O principal site de noticias de Alagoinhas e regi\u00e3o","og:type":"article","og:title":"Jornada Governar promove aprendizado e desenvolvimento pessoal em Alagoinhas - News In Foco - Editado por Caio Pimenta","og:description":"Acon Aconteceu em Alagoinhas, nos dias 16 e 17 de agosto, no Hotel \u00c1ster, a quinta edi\u00e7\u00e3o da Jornada Governar. O evento \u00e9 um treinamento em Intelig\u00eancia Emocional voltado a impulsionar o desempenho profissional e pessoal dos participantes, fortalecendo compet\u00eancias t\u00e9cnicas e emocionais. A iniciativa contou com o apoio da Prefeitura de Alagoinhas, por meio","og:url":"https:\/\/newsinfoco.com.br\/inicio\/jornada-governar-promove-aprendizado-e-desenvolvimento-pessoal-em-alagoinhas\/","article:published_time":"2025-08-18T15:14:03+00:00","article:modified_time":"2025-08-18T15:14:03+00:00","twitter:card":"summary_large_image","twitter:title":"Jornada Governar promove aprendizado e desenvolvimento pessoal em Alagoinhas - News In Foco - Editado por Caio Pimenta","twitter:description":"Acon Aconteceu em Alagoinhas, nos dias 16 e 17 de agosto, no Hotel \u00c1ster, a quinta edi\u00e7\u00e3o da Jornada Governar. O evento \u00e9 um treinamento em Intelig\u00eancia Emocional voltado a impulsionar o desempenho profissional e pessoal dos participantes, fortalecendo compet\u00eancias t\u00e9cnicas e emocionais. A iniciativa contou com o apoio da Prefeitura de Alagoinhas, por meio"},"aioseo_meta_data":{"post_id":"44310","title":null,"description":null,"keywords":null,"keyphrases":{"focus":{"keyphrase":"","score":0,"analysis":{"keyphraseInTitle":{"score":0,"maxScore":9,"error":1}}},"additional":[]},"primary_term":null,"canonical_url":null,"og_title":null,"og_description":null,"og_object_type":"default","og_image_type":"default","og_image_url":null,"og_image_width":null,"og_image_height":null,"og_image_custom_url":null,"og_image_custom_fields":null,"og_video":"","og_custom_url":null,"og_article_section":null,"og_article_tags":null,"twitter_use_og":false,"twitter_card":"default","twitter_image_type":"default","twitter_image_url":null,"twitter_image_custom_url":null,"twitter_image_custom_fields":null,"twitter_title":null,"twitter_description":null,"schema":{"blockGraphs":[],"customGraphs":[],"default":{"data":{"Article":[],"Course":[],"Dataset":[],"FAQPage":[],"Movie":[],"Person":[],"Product":[],"ProductReview":[],"Car":[],"Recipe":[],"Service":[],"SoftwareApplication":[],"WebPage":[]},"graphName":"BlogPosting","isEnabled":true},"graphs":[]},"schema_type":"default","schema_type_options":null,"pillar_content":false,"robots_default":true,"robots_noindex":false,"robots_noarchive":false,"robots_nosnippet":false,"robots_nofollow":false,"robots_noimageindex":false,"robots_noodp":false,"robots_notranslate":false,"robots_max_snippet":"-1","robots_max_videopreview":"-1","robots_max_imagepreview":"large","priority":null,"frequency":"default","local_seo":null,"breadcrumb_settings":null,"limit_modified_date":false,"ai":{"faqs":[],"keyPoints":[],"titles":[],"descriptions":[],"socialPosts":{"email":[],"linkedin":[],"twitter":[],"facebook":[],"instagram":[]}},"created":"2025-08-18 15:14:03","updated":"2025-08-18 15:25:14","seo_analyzer_scan_date":null},"aioseo_breadcrumb":"<div class=\"aioseo-breadcrumbs\"><span class=\"aioseo-breadcrumb\">\n\t\t\t<a href=\"https:\/\/newsinfoco.com.br\/inicio\" title=\"In\u00edcio\">In\u00edcio<\/a>\n\t\t<\/span><span class=\"aioseo-breadcrumb-separator\">&raquo;<\/span><span class=\"aioseo-breadcrumb\">\n\t\t\t<a href=\"https:\/\/newsinfoco.com.br\/inicio\/category\/alagoinhas-e-regiao\/\" title=\"Alagoinhas e Regi\u00e3o\">Alagoinhas e Regi\u00e3o<\/a>\n\t\t<\/span><span class=\"aioseo-breadcrumb-separator\">&raquo;<\/span><span class=\"aioseo-breadcrumb\">\n\t\t\tJornada Governar promove aprendizado e desenvolvimento pessoal em Alagoinhas\n\t\t<\/span><\/div>","aioseo_breadcrumb_json":[{"label":"In\u00edcio","link":"https:\/\/newsinfoco.com.br\/inicio"},{"label":"Alagoinhas e Regi\u00e3o","link":"https:\/\/newsinfoco.com.br\/inicio\/category\/alagoinhas-e-regiao\/"},{"label":"Jornada Governar promove aprendizado e desenvolvimento pessoal em Alagoinhas","link":"https:\/\/newsinfoco.com.br\/inicio\/jornada-governar-promove-aprendizado-e-desenvolvimento-pessoal-em-alagoinhas\/"}],"_links":{"self":[{"href":"https:\/\/newsinfoco.com.br\/inicio\/wp-json\/wp\/v2\/posts\/44310","targetHints":{"allow":["GET"]}}],"collection":[{"href":"https:\/\/newsinfoco.com.br\/inicio\/wp-json\/wp\/v2\/posts"}],"about":[{"href":"https:\/\/newsinfoco.com.br\/inicio\/wp-json\/wp\/v2\/types\/post"}],"author":[{"embeddable":true,"href":"https:\/\/newsinfoco.com.br\/inicio\/wp-json\/wp\/v2\/users\/1"}],"replies":[{"embeddable":true,"href":"https:\/\/newsinfoco.com.br\/inicio\/wp-json\/wp\/v2\/comments?post=44310"}],"version-history":[{"count":1,"href":"https:\/\/newsinfoco.com.br\/inicio\/wp-json\/wp\/v2\/posts\/44310\/revisions"}],"predecessor-version":[{"id":44312,"href":"https:\/\/newsinfoco.com.br\/inicio\/wp-json\/wp\/v2\/posts\/44310\/revisions\/44312"}],"wp:featuredmedia":[{"embeddable":true,"href":"https:\/\/newsinfoco.com.br\/inicio\/wp-json\/wp\/v2\/media\/44311"}],"wp:attachment":[{"href":"https:\/\/newsinfoco.com.br\/inicio\/wp-json\/wp\/v2\/media?parent=44310"}],"wp:term":[{"taxonomy":"category","embeddable":true,"href":"https:\/\/newsinfoco.com.br\/inicio\/wp-json\/wp\/v2\/categories?post=44310"},{"taxonomy":"post_tag","embeddable":true,"href":"https:\/\/newsinfoco.com.br\/inicio\/wp-json\/wp\/v2\/tags?post=44310"}],"curies":[{"name":"wp","href":"https:\/\/api.w.org\/{rel}","templated":true}]}}