{"id":44314,"date":"2025-08-18T12:26:08","date_gmt":"2025-08-18T15:26:08","guid":{"rendered":"https:\/\/newsinfoco.com.br\/inicio\/?p=44314"},"modified":"2025-08-18T12:26:08","modified_gmt":"2025-08-18T15:26:08","slug":"festa-da-mocidade-celebra-43-anos-com-musica-cultura-e-novos-talentos-em-alagoinhas","status":"publish","type":"post","link":"https:\/\/newsinfoco.com.br\/inicio\/festa-da-mocidade-celebra-43-anos-com-musica-cultura-e-novos-talentos-em-alagoinhas\/","title":{"rendered":"Festa da Mocidade celebra 43 anos com m\u00fasica, cultura e novos talentos em Alagoinhas"},"content":{"rendered":"<p>A tradicional Festa da Mocidade voltou a movimentar a Pra\u00e7a Santa Isabel, em Alagoinhas, neste fim de semana. O evento, que completou 43 anos de exist\u00eancia, contou com o apoio da Prefeitura Municipal, por meio da destina\u00e7\u00e3o de recurso de emenda parlamentar, e reuniu p\u00fablico diverso em duas noites de programa\u00e7\u00e3o musical.<\/p>\n<p>Neilton Santos, um dos organizadores do evento, conta que a festa foi criada na d\u00e9cada de 1980, por M\u00e1rio Boa Morte, e se consolidou como espa\u00e7o de revela\u00e7\u00e3o de artistas locais para a Bahia e para o Brasil. Depois de um per\u00edodo suspensa, o Projeto da Revitaliza\u00e7\u00e3o da Festa da Mocidade da Santa Isabel surgiu para resgatar sua import\u00e2ncia para a cena cultural da cidade. \u201cO objetivo da revitaliza\u00e7\u00e3o da Festa da Mocidade da Santa Isabel \u00e9 trazer bons eventos para nossa cidade e revelar novos artistas, como sempre fez nos anos 80. Buscamos abrir portas para novos talentos, gerar emprego e renda para a comunidade e enriquecer culturalmente Alagoinhas\u201d, destacou o organizador, lembrando nomes revelados no passado, como Tina Ramos, Controle Remoto, Caciques e Valneijos.<\/p>\n<p>No s\u00e1bado, 16, cerca de mil pessoas prestigiaram as apresenta\u00e7\u00f5es da banda Oxi Mainha, trazendo o ax\u00e9 music, de M\u00e1rcio Brandon, com piseiro e forr\u00f3, al\u00e9m da seresta de Jadson Muniz e sua orquestra. A noite foi encerrada ao som da banda Xotemania. No domingo, 17, a festa levou ainda mais pessoas \u00e0 pra\u00e7a. A noite come\u00e7ou com um show de talentos e seguiu com o pagode rom\u00e2ntico do grupo Resenha do Betto, o arrocha de Mauro Rocha e o cantor Andresson Costa, sucesso das ruas de Alagoinhas. \u201cAs atra\u00e7\u00f5es foram escolhidas para agradar a todos os g\u00eaneros, reunindo pais, filhos, av\u00f3s e av\u00f4s, tendo de volta o prazer de escutar e dan\u00e7ar boa m\u00fasica\u201d, explicou Neilton.<\/p>\n<p>O organizador destacou ainda a import\u00e2ncia do apoio do poder p\u00fablico para manter viva a tradi\u00e7\u00e3o. \u201cCom a Prefeitura apoiando eventos como esse, em que podemos trazer a participa\u00e7\u00e3o dos novos artistas da cidade e promover um giro cultural e musical, Alagoinhas voltar\u00e1 a ser reconhecida como a cidade dos artistas na Bahia\u201d, concluiu.<\/p>\n<p>&nbsp;<\/p>\n<div align=\"right\"><\/div>\n<div class='share-to-whatsapp-wrapper'><div class='share-on-whsp'>Share on: <\/div><a data-text='Festa da Mocidade celebra 43 anos com m\u00fasica, cultura e novos talentos em Alagoinhas' data-link='https:\/\/newsinfoco.com.br\/inicio\/festa-da-mocidade-celebra-43-anos-com-musica-cultura-e-novos-talentos-em-alagoinhas\/' class='whatsapp-button whatsapp-share'>WhatsApp<\/a><div class='clear '><\/div><\/div>","protected":false},"excerpt":{"rendered":"<p>A tradicional Festa da Mocidade voltou a movimentar a Pra\u00e7a Santa Isabel, em Alagoinhas, neste fim de semana. O evento, que completou 43 anos de exist\u00eancia, contou com o apoio da Prefeitura Municipal, por meio da destina\u00e7\u00e3o de recurso de emenda parlamentar, e reuniu p\u00fablico diverso em duas noites de programa\u00e7\u00e3o musical. Neilton Santos, um [&hellip;]<\/p>\n","protected":false},"author":1,"featured_media":44315,"comment_status":"closed","ping_status":"closed","sticky":false,"template":"","format":"standard","meta":{"om_disable_all_campaigns":false,"rop_custom_images_group":[],"rop_custom_messages_group":[],"rop_publish_now":"initial","rop_publish_now_accounts":[],"rop_publish_now_history":[],"rop_publish_now_status":"pending","_exactmetrics_skip_tracking":false,"footnotes":""},"categories":[38,167],"tags":[],"class_list":["post-44314","post","type-post","status-publish","format-standard","has-post-thumbnail","hentry","category-alagoinhas-e-regiao","category-exclusivas"],"aioseo_notices":[],"aioseo_head":"\n\t\t<!-- All in One SEO 4.9.10 - aioseo.com -->\n\t<meta name=\"description\" content=\"A tradicional Festa da Mocidade voltou a movimentar a Pra\u00e7a Santa Isabel, em Alagoinhas, neste fim de semana. O evento, que completou 43 anos de exist\u00eancia, contou com o apoio da Prefeitura Municipal, por meio da destina\u00e7\u00e3o de recurso de emenda parlamentar, e reuniu p\u00fablico diverso em duas noites de programa\u00e7\u00e3o musical. Neilton Santos, um\" \/>\n\t<meta name=\"robots\" content=\"max-image-preview:large\" \/>\n\t<meta name=\"author\" content=\"administrador\"\/>\n\t<link rel=\"canonical\" href=\"https:\/\/newsinfoco.com.br\/inicio\/festa-da-mocidade-celebra-43-anos-com-musica-cultura-e-novos-talentos-em-alagoinhas\/\" \/>\n\t<meta name=\"generator\" content=\"All in One SEO (AIOSEO) 4.9.10\" \/>\n\t\t<meta property=\"og:locale\" content=\"pt_BR\" \/>\n\t\t<meta property=\"og:site_name\" content=\"News In Foco - Editado por Caio Pimenta - O principal site de noticias de Alagoinhas e regi\u00e3o\" \/>\n\t\t<meta property=\"og:type\" content=\"article\" \/>\n\t\t<meta property=\"og:title\" content=\"Festa da Mocidade celebra 43 anos com m\u00fasica, cultura e novos talentos em Alagoinhas - News In Foco - Editado por Caio Pimenta\" \/>\n\t\t<meta property=\"og:description\" content=\"A tradicional Festa da Mocidade voltou a movimentar a Pra\u00e7a Santa Isabel, em Alagoinhas, neste fim de semana. O evento, que completou 43 anos de exist\u00eancia, contou com o apoio da Prefeitura Municipal, por meio da destina\u00e7\u00e3o de recurso de emenda parlamentar, e reuniu p\u00fablico diverso em duas noites de programa\u00e7\u00e3o musical. Neilton Santos, um\" \/>\n\t\t<meta property=\"og:url\" content=\"https:\/\/newsinfoco.com.br\/inicio\/festa-da-mocidade-celebra-43-anos-com-musica-cultura-e-novos-talentos-em-alagoinhas\/\" \/>\n\t\t<meta property=\"article:published_time\" content=\"2025-08-18T15:26:08+00:00\" \/>\n\t\t<meta property=\"article:modified_time\" content=\"2025-08-18T15:26:08+00:00\" \/>\n\t\t<meta name=\"twitter:card\" content=\"summary_large_image\" \/>\n\t\t<meta name=\"twitter:title\" content=\"Festa da Mocidade celebra 43 anos com m\u00fasica, cultura e novos talentos em Alagoinhas - News In Foco - Editado por Caio Pimenta\" \/>\n\t\t<meta name=\"twitter:description\" content=\"A tradicional Festa da Mocidade voltou a movimentar a Pra\u00e7a Santa Isabel, em Alagoinhas, neste fim de semana. O evento, que completou 43 anos de exist\u00eancia, contou com o apoio da Prefeitura Municipal, por meio da destina\u00e7\u00e3o de recurso de emenda parlamentar, e reuniu p\u00fablico diverso em duas noites de programa\u00e7\u00e3o musical. Neilton Santos, um\" \/>\n\t\t<script type=\"application\/ld+json\" class=\"aioseo-schema\">\n\t\t\t{\"@context\":\"https:\\\/\\\/schema.org\",\"@graph\":[{\"@type\":\"BlogPosting\",\"@id\":\"https:\\\/\\\/newsinfoco.com.br\\\/inicio\\\/festa-da-mocidade-celebra-43-anos-com-musica-cultura-e-novos-talentos-em-alagoinhas\\\/#blogposting\",\"name\":\"Festa da Mocidade celebra 43 anos com m\\u00fasica, cultura e novos talentos em Alagoinhas - News In Foco - Editado por Caio Pimenta\",\"headline\":\"Festa da Mocidade celebra 43 anos com m\\u00fasica, cultura e novos talentos em Alagoinhas\",\"author\":{\"@id\":\"https:\\\/\\\/newsinfoco.com.br\\\/inicio\\\/author\\\/administrador\\\/#author\"},\"publisher\":{\"@id\":\"https:\\\/\\\/newsinfoco.com.br\\\/inicio\\\/#organization\"},\"image\":{\"@type\":\"ImageObject\",\"url\":\"https:\\\/\\\/newsinfoco.com.br\\\/inicio\\\/wp-content\\\/uploads\\\/2025\\\/08\\\/WhatsApp-Image-2025-08-18-at-08.26.26.jpeg\",\"width\":1600,\"height\":1066},\"datePublished\":\"2025-08-18T12:26:08-03:00\",\"dateModified\":\"2025-08-18T12:26:08-03:00\",\"inLanguage\":\"pt-BR\",\"mainEntityOfPage\":{\"@id\":\"https:\\\/\\\/newsinfoco.com.br\\\/inicio\\\/festa-da-mocidade-celebra-43-anos-com-musica-cultura-e-novos-talentos-em-alagoinhas\\\/#webpage\"},\"isPartOf\":{\"@id\":\"https:\\\/\\\/newsinfoco.com.br\\\/inicio\\\/festa-da-mocidade-celebra-43-anos-com-musica-cultura-e-novos-talentos-em-alagoinhas\\\/#webpage\"},\"articleSection\":\"Alagoinhas e Regi\\u00e3o, Manchete\"},{\"@type\":\"BreadcrumbList\",\"@id\":\"https:\\\/\\\/newsinfoco.com.br\\\/inicio\\\/festa-da-mocidade-celebra-43-anos-com-musica-cultura-e-novos-talentos-em-alagoinhas\\\/#breadcrumblist\",\"itemListElement\":[{\"@type\":\"ListItem\",\"@id\":\"https:\\\/\\\/newsinfoco.com.br\\\/inicio#listItem\",\"position\":1,\"name\":\"In\\u00edcio\",\"item\":\"https:\\\/\\\/newsinfoco.com.br\\\/inicio\",\"nextItem\":{\"@type\":\"ListItem\",\"@id\":\"https:\\\/\\\/newsinfoco.com.br\\\/inicio\\\/category\\\/alagoinhas-e-regiao\\\/#listItem\",\"name\":\"Alagoinhas e Regi\\u00e3o\"}},{\"@type\":\"ListItem\",\"@id\":\"https:\\\/\\\/newsinfoco.com.br\\\/inicio\\\/category\\\/alagoinhas-e-regiao\\\/#listItem\",\"position\":2,\"name\":\"Alagoinhas e Regi\\u00e3o\",\"item\":\"https:\\\/\\\/newsinfoco.com.br\\\/inicio\\\/category\\\/alagoinhas-e-regiao\\\/\",\"nextItem\":{\"@type\":\"ListItem\",\"@id\":\"https:\\\/\\\/newsinfoco.com.br\\\/inicio\\\/festa-da-mocidade-celebra-43-anos-com-musica-cultura-e-novos-talentos-em-alagoinhas\\\/#listItem\",\"name\":\"Festa da Mocidade celebra 43 anos com m\\u00fasica, cultura e novos talentos em Alagoinhas\"},\"previousItem\":{\"@type\":\"ListItem\",\"@id\":\"https:\\\/\\\/newsinfoco.com.br\\\/inicio#listItem\",\"name\":\"In\\u00edcio\"}},{\"@type\":\"ListItem\",\"@id\":\"https:\\\/\\\/newsinfoco.com.br\\\/inicio\\\/festa-da-mocidade-celebra-43-anos-com-musica-cultura-e-novos-talentos-em-alagoinhas\\\/#listItem\",\"position\":3,\"name\":\"Festa da Mocidade celebra 43 anos com m\\u00fasica, cultura e novos talentos em Alagoinhas\",\"previousItem\":{\"@type\":\"ListItem\",\"@id\":\"https:\\\/\\\/newsinfoco.com.br\\\/inicio\\\/category\\\/alagoinhas-e-regiao\\\/#listItem\",\"name\":\"Alagoinhas e Regi\\u00e3o\"}}]},{\"@type\":\"Organization\",\"@id\":\"https:\\\/\\\/newsinfoco.com.br\\\/inicio\\\/#organization\",\"name\":\"News In Foco - Editado por Caio Pimenta\",\"description\":\"O principal site de noticias de Alagoinhas e regi\\u00e3o\",\"url\":\"https:\\\/\\\/newsinfoco.com.br\\\/inicio\\\/\"},{\"@type\":\"Person\",\"@id\":\"https:\\\/\\\/newsinfoco.com.br\\\/inicio\\\/author\\\/administrador\\\/#author\",\"url\":\"https:\\\/\\\/newsinfoco.com.br\\\/inicio\\\/author\\\/administrador\\\/\",\"name\":\"administrador\",\"image\":{\"@type\":\"ImageObject\",\"@id\":\"https:\\\/\\\/newsinfoco.com.br\\\/inicio\\\/festa-da-mocidade-celebra-43-anos-com-musica-cultura-e-novos-talentos-em-alagoinhas\\\/#authorImage\",\"url\":\"https:\\\/\\\/secure.gravatar.com\\\/avatar\\\/c17a617433de8c1dc9584bb79aab7563b46f5bb7e1728c9b17d9cc3ce6a08e49?s=96&d=mm&r=g\",\"width\":96,\"height\":96,\"caption\":\"administrador\"}},{\"@type\":\"WebPage\",\"@id\":\"https:\\\/\\\/newsinfoco.com.br\\\/inicio\\\/festa-da-mocidade-celebra-43-anos-com-musica-cultura-e-novos-talentos-em-alagoinhas\\\/#webpage\",\"url\":\"https:\\\/\\\/newsinfoco.com.br\\\/inicio\\\/festa-da-mocidade-celebra-43-anos-com-musica-cultura-e-novos-talentos-em-alagoinhas\\\/\",\"name\":\"Festa da Mocidade celebra 43 anos com m\\u00fasica, cultura e novos talentos em Alagoinhas - News In Foco - Editado por Caio Pimenta\",\"description\":\"A tradicional Festa da Mocidade voltou a movimentar a Pra\\u00e7a Santa Isabel, em Alagoinhas, neste fim de semana. O evento, que completou 43 anos de exist\\u00eancia, contou com o apoio da Prefeitura Municipal, por meio da destina\\u00e7\\u00e3o de recurso de emenda parlamentar, e reuniu p\\u00fablico diverso em duas noites de programa\\u00e7\\u00e3o musical. Neilton Santos, um\",\"inLanguage\":\"pt-BR\",\"isPartOf\":{\"@id\":\"https:\\\/\\\/newsinfoco.com.br\\\/inicio\\\/#website\"},\"breadcrumb\":{\"@id\":\"https:\\\/\\\/newsinfoco.com.br\\\/inicio\\\/festa-da-mocidade-celebra-43-anos-com-musica-cultura-e-novos-talentos-em-alagoinhas\\\/#breadcrumblist\"},\"author\":{\"@id\":\"https:\\\/\\\/newsinfoco.com.br\\\/inicio\\\/author\\\/administrador\\\/#author\"},\"creator\":{\"@id\":\"https:\\\/\\\/newsinfoco.com.br\\\/inicio\\\/author\\\/administrador\\\/#author\"},\"image\":{\"@type\":\"ImageObject\",\"url\":\"https:\\\/\\\/newsinfoco.com.br\\\/inicio\\\/wp-content\\\/uploads\\\/2025\\\/08\\\/WhatsApp-Image-2025-08-18-at-08.26.26.jpeg\",\"@id\":\"https:\\\/\\\/newsinfoco.com.br\\\/inicio\\\/festa-da-mocidade-celebra-43-anos-com-musica-cultura-e-novos-talentos-em-alagoinhas\\\/#mainImage\",\"width\":1600,\"height\":1066},\"primaryImageOfPage\":{\"@id\":\"https:\\\/\\\/newsinfoco.com.br\\\/inicio\\\/festa-da-mocidade-celebra-43-anos-com-musica-cultura-e-novos-talentos-em-alagoinhas\\\/#mainImage\"},\"datePublished\":\"2025-08-18T12:26:08-03:00\",\"dateModified\":\"2025-08-18T12:26:08-03:00\"},{\"@type\":\"WebSite\",\"@id\":\"https:\\\/\\\/newsinfoco.com.br\\\/inicio\\\/#website\",\"url\":\"https:\\\/\\\/newsinfoco.com.br\\\/inicio\\\/\",\"name\":\"News In Foco - Editado por Caio Pimenta\",\"description\":\"O principal site de noticias de Alagoinhas e regi\\u00e3o\",\"inLanguage\":\"pt-BR\",\"publisher\":{\"@id\":\"https:\\\/\\\/newsinfoco.com.br\\\/inicio\\\/#organization\"}}]}\n\t\t<\/script>\n\t\t<!-- All in One SEO -->\n\n","aioseo_head_json":{"title":"Festa da Mocidade celebra 43 anos com m\u00fasica, cultura e novos talentos em Alagoinhas - News In Foco - Editado por Caio Pimenta","description":"A tradicional Festa da Mocidade voltou a movimentar a Pra\u00e7a Santa Isabel, em Alagoinhas, neste fim de semana. O evento, que completou 43 anos de exist\u00eancia, contou com o apoio da Prefeitura Municipal, por meio da destina\u00e7\u00e3o de recurso de emenda parlamentar, e reuniu p\u00fablico diverso em duas noites de programa\u00e7\u00e3o musical. Neilton Santos, um","canonical_url":"https:\/\/newsinfoco.com.br\/inicio\/festa-da-mocidade-celebra-43-anos-com-musica-cultura-e-novos-talentos-em-alagoinhas\/","robots":"max-image-preview:large","keywords":"","webmasterTools":{"miscellaneous":""},"schema":{"@context":"https:\/\/schema.org","@graph":[{"@type":"BlogPosting","@id":"https:\/\/newsinfoco.com.br\/inicio\/festa-da-mocidade-celebra-43-anos-com-musica-cultura-e-novos-talentos-em-alagoinhas\/#blogposting","name":"Festa da Mocidade celebra 43 anos com m\u00fasica, cultura e novos talentos em Alagoinhas - News In Foco - Editado por Caio Pimenta","headline":"Festa da Mocidade celebra 43 anos com m\u00fasica, cultura e novos talentos em Alagoinhas","author":{"@id":"https:\/\/newsinfoco.com.br\/inicio\/author\/administrador\/#author"},"publisher":{"@id":"https:\/\/newsinfoco.com.br\/inicio\/#organization"},"image":{"@type":"ImageObject","url":"https:\/\/newsinfoco.com.br\/inicio\/wp-content\/uploads\/2025\/08\/WhatsApp-Image-2025-08-18-at-08.26.26.jpeg","width":1600,"height":1066},"datePublished":"2025-08-18T12:26:08-03:00","dateModified":"2025-08-18T12:26:08-03:00","inLanguage":"pt-BR","mainEntityOfPage":{"@id":"https:\/\/newsinfoco.com.br\/inicio\/festa-da-mocidade-celebra-43-anos-com-musica-cultura-e-novos-talentos-em-alagoinhas\/#webpage"},"isPartOf":{"@id":"https:\/\/newsinfoco.com.br\/inicio\/festa-da-mocidade-celebra-43-anos-com-musica-cultura-e-novos-talentos-em-alagoinhas\/#webpage"},"articleSection":"Alagoinhas e Regi\u00e3o, Manchete"},{"@type":"BreadcrumbList","@id":"https:\/\/newsinfoco.com.br\/inicio\/festa-da-mocidade-celebra-43-anos-com-musica-cultura-e-novos-talentos-em-alagoinhas\/#breadcrumblist","itemListElement":[{"@type":"ListItem","@id":"https:\/\/newsinfoco.com.br\/inicio#listItem","position":1,"name":"In\u00edcio","item":"https:\/\/newsinfoco.com.br\/inicio","nextItem":{"@type":"ListItem","@id":"https:\/\/newsinfoco.com.br\/inicio\/category\/alagoinhas-e-regiao\/#listItem","name":"Alagoinhas e Regi\u00e3o"}},{"@type":"ListItem","@id":"https:\/\/newsinfoco.com.br\/inicio\/category\/alagoinhas-e-regiao\/#listItem","position":2,"name":"Alagoinhas e Regi\u00e3o","item":"https:\/\/newsinfoco.com.br\/inicio\/category\/alagoinhas-e-regiao\/","nextItem":{"@type":"ListItem","@id":"https:\/\/newsinfoco.com.br\/inicio\/festa-da-mocidade-celebra-43-anos-com-musica-cultura-e-novos-talentos-em-alagoinhas\/#listItem","name":"Festa da Mocidade celebra 43 anos com m\u00fasica, cultura e novos talentos em Alagoinhas"},"previousItem":{"@type":"ListItem","@id":"https:\/\/newsinfoco.com.br\/inicio#listItem","name":"In\u00edcio"}},{"@type":"ListItem","@id":"https:\/\/newsinfoco.com.br\/inicio\/festa-da-mocidade-celebra-43-anos-com-musica-cultura-e-novos-talentos-em-alagoinhas\/#listItem","position":3,"name":"Festa da Mocidade celebra 43 anos com m\u00fasica, cultura e novos talentos em Alagoinhas","previousItem":{"@type":"ListItem","@id":"https:\/\/newsinfoco.com.br\/inicio\/category\/alagoinhas-e-regiao\/#listItem","name":"Alagoinhas e Regi\u00e3o"}}]},{"@type":"Organization","@id":"https:\/\/newsinfoco.com.br\/inicio\/#organization","name":"News In Foco - Editado por Caio Pimenta","description":"O principal site de noticias de Alagoinhas e regi\u00e3o","url":"https:\/\/newsinfoco.com.br\/inicio\/"},{"@type":"Person","@id":"https:\/\/newsinfoco.com.br\/inicio\/author\/administrador\/#author","url":"https:\/\/newsinfoco.com.br\/inicio\/author\/administrador\/","name":"administrador","image":{"@type":"ImageObject","@id":"https:\/\/newsinfoco.com.br\/inicio\/festa-da-mocidade-celebra-43-anos-com-musica-cultura-e-novos-talentos-em-alagoinhas\/#authorImage","url":"https:\/\/secure.gravatar.com\/avatar\/c17a617433de8c1dc9584bb79aab7563b46f5bb7e1728c9b17d9cc3ce6a08e49?s=96&d=mm&r=g","width":96,"height":96,"caption":"administrador"}},{"@type":"WebPage","@id":"https:\/\/newsinfoco.com.br\/inicio\/festa-da-mocidade-celebra-43-anos-com-musica-cultura-e-novos-talentos-em-alagoinhas\/#webpage","url":"https:\/\/newsinfoco.com.br\/inicio\/festa-da-mocidade-celebra-43-anos-com-musica-cultura-e-novos-talentos-em-alagoinhas\/","name":"Festa da Mocidade celebra 43 anos com m\u00fasica, cultura e novos talentos em Alagoinhas - News In Foco - Editado por Caio Pimenta","description":"A tradicional Festa da Mocidade voltou a movimentar a Pra\u00e7a Santa Isabel, em Alagoinhas, neste fim de semana. O evento, que completou 43 anos de exist\u00eancia, contou com o apoio da Prefeitura Municipal, por meio da destina\u00e7\u00e3o de recurso de emenda parlamentar, e reuniu p\u00fablico diverso em duas noites de programa\u00e7\u00e3o musical. Neilton Santos, um","inLanguage":"pt-BR","isPartOf":{"@id":"https:\/\/newsinfoco.com.br\/inicio\/#website"},"breadcrumb":{"@id":"https:\/\/newsinfoco.com.br\/inicio\/festa-da-mocidade-celebra-43-anos-com-musica-cultura-e-novos-talentos-em-alagoinhas\/#breadcrumblist"},"author":{"@id":"https:\/\/newsinfoco.com.br\/inicio\/author\/administrador\/#author"},"creator":{"@id":"https:\/\/newsinfoco.com.br\/inicio\/author\/administrador\/#author"},"image":{"@type":"ImageObject","url":"https:\/\/newsinfoco.com.br\/inicio\/wp-content\/uploads\/2025\/08\/WhatsApp-Image-2025-08-18-at-08.26.26.jpeg","@id":"https:\/\/newsinfoco.com.br\/inicio\/festa-da-mocidade-celebra-43-anos-com-musica-cultura-e-novos-talentos-em-alagoinhas\/#mainImage","width":1600,"height":1066},"primaryImageOfPage":{"@id":"https:\/\/newsinfoco.com.br\/inicio\/festa-da-mocidade-celebra-43-anos-com-musica-cultura-e-novos-talentos-em-alagoinhas\/#mainImage"},"datePublished":"2025-08-18T12:26:08-03:00","dateModified":"2025-08-18T12:26:08-03:00"},{"@type":"WebSite","@id":"https:\/\/newsinfoco.com.br\/inicio\/#website","url":"https:\/\/newsinfoco.com.br\/inicio\/","name":"News In Foco - Editado por Caio Pimenta","description":"O principal site de noticias de Alagoinhas e regi\u00e3o","inLanguage":"pt-BR","publisher":{"@id":"https:\/\/newsinfoco.com.br\/inicio\/#organization"}}]},"og:locale":"pt_BR","og:site_name":"News In Foco - Editado por Caio Pimenta - O principal site de noticias de Alagoinhas e regi\u00e3o","og:type":"article","og:title":"Festa da Mocidade celebra 43 anos com m\u00fasica, cultura e novos talentos em Alagoinhas - News In Foco - Editado por Caio Pimenta","og:description":"A tradicional Festa da Mocidade voltou a movimentar a Pra\u00e7a Santa Isabel, em Alagoinhas, neste fim de semana. O evento, que completou 43 anos de exist\u00eancia, contou com o apoio da Prefeitura Municipal, por meio da destina\u00e7\u00e3o de recurso de emenda parlamentar, e reuniu p\u00fablico diverso em duas noites de programa\u00e7\u00e3o musical. Neilton Santos, um","og:url":"https:\/\/newsinfoco.com.br\/inicio\/festa-da-mocidade-celebra-43-anos-com-musica-cultura-e-novos-talentos-em-alagoinhas\/","article:published_time":"2025-08-18T15:26:08+00:00","article:modified_time":"2025-08-18T15:26:08+00:00","twitter:card":"summary_large_image","twitter:title":"Festa da Mocidade celebra 43 anos com m\u00fasica, cultura e novos talentos em Alagoinhas - News In Foco - Editado por Caio Pimenta","twitter:description":"A tradicional Festa da Mocidade voltou a movimentar a Pra\u00e7a Santa Isabel, em Alagoinhas, neste fim de semana. O evento, que completou 43 anos de exist\u00eancia, contou com o apoio da Prefeitura Municipal, por meio da destina\u00e7\u00e3o de recurso de emenda parlamentar, e reuniu p\u00fablico diverso em duas noites de programa\u00e7\u00e3o musical. Neilton Santos, um"},"aioseo_meta_data":{"post_id":"44314","title":null,"description":null,"keywords":null,"keyphrases":{"focus":{"keyphrase":"","score":0,"analysis":{"keyphraseInTitle":{"score":0,"maxScore":9,"error":1}}},"additional":[]},"primary_term":null,"canonical_url":null,"og_title":null,"og_description":null,"og_object_type":"default","og_image_type":"default","og_image_url":null,"og_image_width":null,"og_image_height":null,"og_image_custom_url":null,"og_image_custom_fields":null,"og_video":"","og_custom_url":null,"og_article_section":null,"og_article_tags":null,"twitter_use_og":false,"twitter_card":"default","twitter_image_type":"default","twitter_image_url":null,"twitter_image_custom_url":null,"twitter_image_custom_fields":null,"twitter_title":null,"twitter_description":null,"schema":{"blockGraphs":[],"customGraphs":[],"default":{"data":{"Article":[],"Course":[],"Dataset":[],"FAQPage":[],"Movie":[],"Person":[],"Product":[],"ProductReview":[],"Car":[],"Recipe":[],"Service":[],"SoftwareApplication":[],"WebPage":[]},"graphName":"BlogPosting","isEnabled":true},"graphs":[]},"schema_type":"default","schema_type_options":null,"pillar_content":false,"robots_default":true,"robots_noindex":false,"robots_noarchive":false,"robots_nosnippet":false,"robots_nofollow":false,"robots_noimageindex":false,"robots_noodp":false,"robots_notranslate":false,"robots_max_snippet":"-1","robots_max_videopreview":"-1","robots_max_imagepreview":"large","priority":null,"frequency":"default","local_seo":null,"breadcrumb_settings":null,"limit_modified_date":false,"ai":{"faqs":[],"keyPoints":[],"titles":[],"descriptions":[],"socialPosts":{"email":[],"linkedin":[],"twitter":[],"facebook":[],"instagram":[]}},"created":"2025-08-18 15:26:08","updated":"2025-08-18 15:28:15","seo_analyzer_scan_date":null},"aioseo_breadcrumb":"<div class=\"aioseo-breadcrumbs\"><span class=\"aioseo-breadcrumb\">\n\t\t\t<a href=\"https:\/\/newsinfoco.com.br\/inicio\" title=\"In\u00edcio\">In\u00edcio<\/a>\n\t\t<\/span><span class=\"aioseo-breadcrumb-separator\">&raquo;<\/span><span class=\"aioseo-breadcrumb\">\n\t\t\t<a href=\"https:\/\/newsinfoco.com.br\/inicio\/category\/alagoinhas-e-regiao\/\" title=\"Alagoinhas e Regi\u00e3o\">Alagoinhas e Regi\u00e3o<\/a>\n\t\t<\/span><span class=\"aioseo-breadcrumb-separator\">&raquo;<\/span><span class=\"aioseo-breadcrumb\">\n\t\t\tFesta da Mocidade celebra 43 anos com m\u00fasica, cultura e novos talentos em Alagoinhas\n\t\t<\/span><\/div>","aioseo_breadcrumb_json":[{"label":"In\u00edcio","link":"https:\/\/newsinfoco.com.br\/inicio"},{"label":"Alagoinhas e Regi\u00e3o","link":"https:\/\/newsinfoco.com.br\/inicio\/category\/alagoinhas-e-regiao\/"},{"label":"Festa da Mocidade celebra 43 anos com m\u00fasica, cultura e novos talentos em Alagoinhas","link":"https:\/\/newsinfoco.com.br\/inicio\/festa-da-mocidade-celebra-43-anos-com-musica-cultura-e-novos-talentos-em-alagoinhas\/"}],"_links":{"self":[{"href":"https:\/\/newsinfoco.com.br\/inicio\/wp-json\/wp\/v2\/posts\/44314","targetHints":{"allow":["GET"]}}],"collection":[{"href":"https:\/\/newsinfoco.com.br\/inicio\/wp-json\/wp\/v2\/posts"}],"about":[{"href":"https:\/\/newsinfoco.com.br\/inicio\/wp-json\/wp\/v2\/types\/post"}],"author":[{"embeddable":true,"href":"https:\/\/newsinfoco.com.br\/inicio\/wp-json\/wp\/v2\/users\/1"}],"replies":[{"embeddable":true,"href":"https:\/\/newsinfoco.com.br\/inicio\/wp-json\/wp\/v2\/comments?post=44314"}],"version-history":[{"count":1,"href":"https:\/\/newsinfoco.com.br\/inicio\/wp-json\/wp\/v2\/posts\/44314\/revisions"}],"predecessor-version":[{"id":44316,"href":"https:\/\/newsinfoco.com.br\/inicio\/wp-json\/wp\/v2\/posts\/44314\/revisions\/44316"}],"wp:featuredmedia":[{"embeddable":true,"href":"https:\/\/newsinfoco.com.br\/inicio\/wp-json\/wp\/v2\/media\/44315"}],"wp:attachment":[{"href":"https:\/\/newsinfoco.com.br\/inicio\/wp-json\/wp\/v2\/media?parent=44314"}],"wp:term":[{"taxonomy":"category","embeddable":true,"href":"https:\/\/newsinfoco.com.br\/inicio\/wp-json\/wp\/v2\/categories?post=44314"},{"taxonomy":"post_tag","embeddable":true,"href":"https:\/\/newsinfoco.com.br\/inicio\/wp-json\/wp\/v2\/tags?post=44314"}],"curies":[{"name":"wp","href":"https:\/\/api.w.org\/{rel}","templated":true}]}}