{"id":44320,"date":"2025-08-18T12:39:44","date_gmt":"2025-08-18T15:39:44","guid":{"rendered":"https:\/\/newsinfoco.com.br\/inicio\/?p=44320"},"modified":"2025-08-18T12:39:44","modified_gmt":"2025-08-18T15:39:44","slug":"jambreiro-e-outras-regioes-recebem-acoes-da-prefeitura-de-alagoinhas","status":"publish","type":"post","link":"https:\/\/newsinfoco.com.br\/inicio\/jambreiro-e-outras-regioes-recebem-acoes-da-prefeitura-de-alagoinhas\/","title":{"rendered":"Jambreiro e outras regi\u00f5es recebem a\u00e7\u00f5es da Prefeitura de Alagoinhas"},"content":{"rendered":"<p>Dando sequ\u00eancia \u00e0s a\u00e7\u00f5es de manuten\u00e7\u00e3o e revitaliza\u00e7\u00e3o da cidade, a Prefeitura de Alagoinhas, por meio da Secretaria Municipal de Manuten\u00e7\u00e3o (Seman), iniciou nesta sexta-feira, 15, um servi\u00e7o de nivelamento, aplica\u00e7\u00e3o de brita e microrrevestimento asf\u00e1ltico na regi\u00e3o do Jambreiro, nas proximidades do Hospital Materno Infantil de Alagoinhas.<\/p>\n<p>\u201cS\u00e3o cerca de 150 metros de via que receber\u00e3o o microrrevestimento asf\u00e1ltico, em uma interven\u00e7\u00e3o que trar\u00e1 benef\u00edcios significativos para os moradores\u201d, explica o diretor de Vias P\u00fablicas e Vicinais da Seman, Renato Mascarenhas, que tamb\u00e9m destaca uma s\u00e9rie de trabalhos executados recentemente pela pasta.<\/p>\n<p>\u201cDentro das iniciativas da Diretoria de Vias P\u00fablicas e Vicinais, temos equipes atuando com drenagem no Mangal\u00f4, no Conjunto Novo Horizonte e nas ruas Darcy Ribeiro e Thompsom Flores. Al\u00e9m disso, nossos servidores est\u00e3o realizando servi\u00e7os na rua S\u00e3o Isidoro, no bairro Santa Terezinha, e no Parque Vit\u00f3ria, na rua Sim\u00f5es Filho.\u201d<\/p>\n<p>Morador da localidade, Wilson Ferreira relata que o grande problema di\u00e1rio \u00e9 a poeira e, no per\u00edodo chuvoso, a lama, que inviabiliza a passagem. \u201cEstamos contentes que o prefeito Gustavo Carmo enviou a equipe para melhorar nossa rua. A expectativa \u00e9 que agora tudo fique melhor, que possamos entrar e sair de casa com mais facilidade. O servi\u00e7o iniciado hoje j\u00e1 mudou a apar\u00eancia do lugar\u201d, afirma.<\/p>\n<p>Al\u00e9m do Jambreiro, a Seman est\u00e1 aplicando cobertura asf\u00e1ltica na rua S\u00e3o L\u00e1zaro, travessa Paulo Afonso e na rua Conselheiro Dantas. J\u00e1 as obras de recupera\u00e7\u00e3o de estrada vicinal acontecem no Papagaio 2. O trabalho com o caminh\u00e3o vacall est\u00e1 sendo realizado na Central de Abastecimento, com apoio da equipe de drenagem.<\/p>\n<p>Foto: Roberto Fonseca<\/p>\n<div class='share-to-whatsapp-wrapper'><div class='share-on-whsp'>Share on: <\/div><a data-text='Jambreiro e outras regi\u00f5es recebem a\u00e7\u00f5es da Prefeitura de Alagoinhas' data-link='https:\/\/newsinfoco.com.br\/inicio\/jambreiro-e-outras-regioes-recebem-acoes-da-prefeitura-de-alagoinhas\/' class='whatsapp-button whatsapp-share'>WhatsApp<\/a><div class='clear '><\/div><\/div>","protected":false},"excerpt":{"rendered":"<p>Dando sequ\u00eancia \u00e0s a\u00e7\u00f5es de manuten\u00e7\u00e3o e revitaliza\u00e7\u00e3o da cidade, a Prefeitura de Alagoinhas, por meio da Secretaria Municipal de Manuten\u00e7\u00e3o (Seman), iniciou nesta sexta-feira, 15, um servi\u00e7o de nivelamento, aplica\u00e7\u00e3o de brita e microrrevestimento asf\u00e1ltico na regi\u00e3o do Jambreiro, nas proximidades do Hospital Materno Infantil de Alagoinhas. \u201cS\u00e3o cerca de 150 metros de via [&hellip;]<\/p>\n","protected":false},"author":1,"featured_media":44321,"comment_status":"closed","ping_status":"closed","sticky":false,"template":"","format":"standard","meta":{"om_disable_all_campaigns":false,"rop_custom_images_group":[],"rop_custom_messages_group":[],"rop_publish_now":"initial","rop_publish_now_accounts":[],"rop_publish_now_history":[],"rop_publish_now_status":"pending","_exactmetrics_skip_tracking":false,"footnotes":""},"categories":[38,167],"tags":[],"class_list":["post-44320","post","type-post","status-publish","format-standard","has-post-thumbnail","hentry","category-alagoinhas-e-regiao","category-exclusivas"],"aioseo_notices":[],"aioseo_head":"\n\t\t<!-- All in One SEO 4.9.10 - aioseo.com -->\n\t<meta name=\"description\" content=\"Dando sequ\u00eancia \u00e0s a\u00e7\u00f5es de manuten\u00e7\u00e3o e revitaliza\u00e7\u00e3o da cidade, a Prefeitura de Alagoinhas, por meio da Secretaria Municipal de Manuten\u00e7\u00e3o (Seman), iniciou nesta sexta-feira, 15, um servi\u00e7o de nivelamento, aplica\u00e7\u00e3o de brita e microrrevestimento asf\u00e1ltico na regi\u00e3o do Jambreiro, nas proximidades do Hospital Materno Infantil de Alagoinhas. \u201cS\u00e3o cerca de 150 metros de via\" \/>\n\t<meta name=\"robots\" content=\"max-image-preview:large\" \/>\n\t<meta name=\"author\" content=\"administrador\"\/>\n\t<link rel=\"canonical\" href=\"https:\/\/newsinfoco.com.br\/inicio\/jambreiro-e-outras-regioes-recebem-acoes-da-prefeitura-de-alagoinhas\/\" \/>\n\t<meta name=\"generator\" content=\"All in One SEO (AIOSEO) 4.9.10\" \/>\n\t\t<meta property=\"og:locale\" content=\"pt_BR\" \/>\n\t\t<meta property=\"og:site_name\" content=\"News In Foco - Editado por Caio Pimenta - O principal site de noticias de Alagoinhas e regi\u00e3o\" \/>\n\t\t<meta property=\"og:type\" content=\"article\" \/>\n\t\t<meta property=\"og:title\" content=\"Jambreiro e outras regi\u00f5es recebem a\u00e7\u00f5es da Prefeitura de Alagoinhas - News In Foco - Editado por Caio Pimenta\" \/>\n\t\t<meta property=\"og:description\" content=\"Dando sequ\u00eancia \u00e0s a\u00e7\u00f5es de manuten\u00e7\u00e3o e revitaliza\u00e7\u00e3o da cidade, a Prefeitura de Alagoinhas, por meio da Secretaria Municipal de Manuten\u00e7\u00e3o (Seman), iniciou nesta sexta-feira, 15, um servi\u00e7o de nivelamento, aplica\u00e7\u00e3o de brita e microrrevestimento asf\u00e1ltico na regi\u00e3o do Jambreiro, nas proximidades do Hospital Materno Infantil de Alagoinhas. \u201cS\u00e3o cerca de 150 metros de via\" \/>\n\t\t<meta property=\"og:url\" content=\"https:\/\/newsinfoco.com.br\/inicio\/jambreiro-e-outras-regioes-recebem-acoes-da-prefeitura-de-alagoinhas\/\" \/>\n\t\t<meta property=\"article:published_time\" content=\"2025-08-18T15:39:44+00:00\" \/>\n\t\t<meta property=\"article:modified_time\" content=\"2025-08-18T15:39:44+00:00\" \/>\n\t\t<meta name=\"twitter:card\" content=\"summary_large_image\" \/>\n\t\t<meta name=\"twitter:title\" content=\"Jambreiro e outras regi\u00f5es recebem a\u00e7\u00f5es da Prefeitura de Alagoinhas - News In Foco - Editado por Caio Pimenta\" \/>\n\t\t<meta name=\"twitter:description\" content=\"Dando sequ\u00eancia \u00e0s a\u00e7\u00f5es de manuten\u00e7\u00e3o e revitaliza\u00e7\u00e3o da cidade, a Prefeitura de Alagoinhas, por meio da Secretaria Municipal de Manuten\u00e7\u00e3o (Seman), iniciou nesta sexta-feira, 15, um servi\u00e7o de nivelamento, aplica\u00e7\u00e3o de brita e microrrevestimento asf\u00e1ltico na regi\u00e3o do Jambreiro, nas proximidades do Hospital Materno Infantil de Alagoinhas. \u201cS\u00e3o cerca de 150 metros de via\" \/>\n\t\t<script type=\"application\/ld+json\" class=\"aioseo-schema\">\n\t\t\t{\"@context\":\"https:\\\/\\\/schema.org\",\"@graph\":[{\"@type\":\"BlogPosting\",\"@id\":\"https:\\\/\\\/newsinfoco.com.br\\\/inicio\\\/jambreiro-e-outras-regioes-recebem-acoes-da-prefeitura-de-alagoinhas\\\/#blogposting\",\"name\":\"Jambreiro e outras regi\\u00f5es recebem a\\u00e7\\u00f5es da Prefeitura de Alagoinhas - News In Foco - Editado por Caio Pimenta\",\"headline\":\"Jambreiro e outras regi\\u00f5es recebem a\\u00e7\\u00f5es da Prefeitura de Alagoinhas\",\"author\":{\"@id\":\"https:\\\/\\\/newsinfoco.com.br\\\/inicio\\\/author\\\/administrador\\\/#author\"},\"publisher\":{\"@id\":\"https:\\\/\\\/newsinfoco.com.br\\\/inicio\\\/#organization\"},\"image\":{\"@type\":\"ImageObject\",\"url\":\"https:\\\/\\\/newsinfoco.com.br\\\/inicio\\\/wp-content\\\/uploads\\\/2025\\\/08\\\/WhatsApp-Image-2025-08-15-at-14.29.54-scaled.jpeg\",\"width\":2560,\"height\":1920},\"datePublished\":\"2025-08-18T12:39:44-03:00\",\"dateModified\":\"2025-08-18T12:39:44-03:00\",\"inLanguage\":\"pt-BR\",\"mainEntityOfPage\":{\"@id\":\"https:\\\/\\\/newsinfoco.com.br\\\/inicio\\\/jambreiro-e-outras-regioes-recebem-acoes-da-prefeitura-de-alagoinhas\\\/#webpage\"},\"isPartOf\":{\"@id\":\"https:\\\/\\\/newsinfoco.com.br\\\/inicio\\\/jambreiro-e-outras-regioes-recebem-acoes-da-prefeitura-de-alagoinhas\\\/#webpage\"},\"articleSection\":\"Alagoinhas e Regi\\u00e3o, Manchete\"},{\"@type\":\"BreadcrumbList\",\"@id\":\"https:\\\/\\\/newsinfoco.com.br\\\/inicio\\\/jambreiro-e-outras-regioes-recebem-acoes-da-prefeitura-de-alagoinhas\\\/#breadcrumblist\",\"itemListElement\":[{\"@type\":\"ListItem\",\"@id\":\"https:\\\/\\\/newsinfoco.com.br\\\/inicio#listItem\",\"position\":1,\"name\":\"In\\u00edcio\",\"item\":\"https:\\\/\\\/newsinfoco.com.br\\\/inicio\",\"nextItem\":{\"@type\":\"ListItem\",\"@id\":\"https:\\\/\\\/newsinfoco.com.br\\\/inicio\\\/category\\\/alagoinhas-e-regiao\\\/#listItem\",\"name\":\"Alagoinhas e Regi\\u00e3o\"}},{\"@type\":\"ListItem\",\"@id\":\"https:\\\/\\\/newsinfoco.com.br\\\/inicio\\\/category\\\/alagoinhas-e-regiao\\\/#listItem\",\"position\":2,\"name\":\"Alagoinhas e Regi\\u00e3o\",\"item\":\"https:\\\/\\\/newsinfoco.com.br\\\/inicio\\\/category\\\/alagoinhas-e-regiao\\\/\",\"nextItem\":{\"@type\":\"ListItem\",\"@id\":\"https:\\\/\\\/newsinfoco.com.br\\\/inicio\\\/jambreiro-e-outras-regioes-recebem-acoes-da-prefeitura-de-alagoinhas\\\/#listItem\",\"name\":\"Jambreiro e outras regi\\u00f5es recebem a\\u00e7\\u00f5es da Prefeitura de Alagoinhas\"},\"previousItem\":{\"@type\":\"ListItem\",\"@id\":\"https:\\\/\\\/newsinfoco.com.br\\\/inicio#listItem\",\"name\":\"In\\u00edcio\"}},{\"@type\":\"ListItem\",\"@id\":\"https:\\\/\\\/newsinfoco.com.br\\\/inicio\\\/jambreiro-e-outras-regioes-recebem-acoes-da-prefeitura-de-alagoinhas\\\/#listItem\",\"position\":3,\"name\":\"Jambreiro e outras regi\\u00f5es recebem a\\u00e7\\u00f5es da Prefeitura de Alagoinhas\",\"previousItem\":{\"@type\":\"ListItem\",\"@id\":\"https:\\\/\\\/newsinfoco.com.br\\\/inicio\\\/category\\\/alagoinhas-e-regiao\\\/#listItem\",\"name\":\"Alagoinhas e Regi\\u00e3o\"}}]},{\"@type\":\"Organization\",\"@id\":\"https:\\\/\\\/newsinfoco.com.br\\\/inicio\\\/#organization\",\"name\":\"News In Foco - Editado por Caio Pimenta\",\"description\":\"O principal site de noticias de Alagoinhas e regi\\u00e3o\",\"url\":\"https:\\\/\\\/newsinfoco.com.br\\\/inicio\\\/\"},{\"@type\":\"Person\",\"@id\":\"https:\\\/\\\/newsinfoco.com.br\\\/inicio\\\/author\\\/administrador\\\/#author\",\"url\":\"https:\\\/\\\/newsinfoco.com.br\\\/inicio\\\/author\\\/administrador\\\/\",\"name\":\"administrador\",\"image\":{\"@type\":\"ImageObject\",\"@id\":\"https:\\\/\\\/newsinfoco.com.br\\\/inicio\\\/jambreiro-e-outras-regioes-recebem-acoes-da-prefeitura-de-alagoinhas\\\/#authorImage\",\"url\":\"https:\\\/\\\/secure.gravatar.com\\\/avatar\\\/c17a617433de8c1dc9584bb79aab7563b46f5bb7e1728c9b17d9cc3ce6a08e49?s=96&d=mm&r=g\",\"width\":96,\"height\":96,\"caption\":\"administrador\"}},{\"@type\":\"WebPage\",\"@id\":\"https:\\\/\\\/newsinfoco.com.br\\\/inicio\\\/jambreiro-e-outras-regioes-recebem-acoes-da-prefeitura-de-alagoinhas\\\/#webpage\",\"url\":\"https:\\\/\\\/newsinfoco.com.br\\\/inicio\\\/jambreiro-e-outras-regioes-recebem-acoes-da-prefeitura-de-alagoinhas\\\/\",\"name\":\"Jambreiro e outras regi\\u00f5es recebem a\\u00e7\\u00f5es da Prefeitura de Alagoinhas - News In Foco - Editado por Caio Pimenta\",\"description\":\"Dando sequ\\u00eancia \\u00e0s a\\u00e7\\u00f5es de manuten\\u00e7\\u00e3o e revitaliza\\u00e7\\u00e3o da cidade, a Prefeitura de Alagoinhas, por meio da Secretaria Municipal de Manuten\\u00e7\\u00e3o (Seman), iniciou nesta sexta-feira, 15, um servi\\u00e7o de nivelamento, aplica\\u00e7\\u00e3o de brita e microrrevestimento asf\\u00e1ltico na regi\\u00e3o do Jambreiro, nas proximidades do Hospital Materno Infantil de Alagoinhas. \\u201cS\\u00e3o cerca de 150 metros de via\",\"inLanguage\":\"pt-BR\",\"isPartOf\":{\"@id\":\"https:\\\/\\\/newsinfoco.com.br\\\/inicio\\\/#website\"},\"breadcrumb\":{\"@id\":\"https:\\\/\\\/newsinfoco.com.br\\\/inicio\\\/jambreiro-e-outras-regioes-recebem-acoes-da-prefeitura-de-alagoinhas\\\/#breadcrumblist\"},\"author\":{\"@id\":\"https:\\\/\\\/newsinfoco.com.br\\\/inicio\\\/author\\\/administrador\\\/#author\"},\"creator\":{\"@id\":\"https:\\\/\\\/newsinfoco.com.br\\\/inicio\\\/author\\\/administrador\\\/#author\"},\"image\":{\"@type\":\"ImageObject\",\"url\":\"https:\\\/\\\/newsinfoco.com.br\\\/inicio\\\/wp-content\\\/uploads\\\/2025\\\/08\\\/WhatsApp-Image-2025-08-15-at-14.29.54-scaled.jpeg\",\"@id\":\"https:\\\/\\\/newsinfoco.com.br\\\/inicio\\\/jambreiro-e-outras-regioes-recebem-acoes-da-prefeitura-de-alagoinhas\\\/#mainImage\",\"width\":2560,\"height\":1920},\"primaryImageOfPage\":{\"@id\":\"https:\\\/\\\/newsinfoco.com.br\\\/inicio\\\/jambreiro-e-outras-regioes-recebem-acoes-da-prefeitura-de-alagoinhas\\\/#mainImage\"},\"datePublished\":\"2025-08-18T12:39:44-03:00\",\"dateModified\":\"2025-08-18T12:39:44-03:00\"},{\"@type\":\"WebSite\",\"@id\":\"https:\\\/\\\/newsinfoco.com.br\\\/inicio\\\/#website\",\"url\":\"https:\\\/\\\/newsinfoco.com.br\\\/inicio\\\/\",\"name\":\"News In Foco - Editado por Caio Pimenta\",\"description\":\"O principal site de noticias de Alagoinhas e regi\\u00e3o\",\"inLanguage\":\"pt-BR\",\"publisher\":{\"@id\":\"https:\\\/\\\/newsinfoco.com.br\\\/inicio\\\/#organization\"}}]}\n\t\t<\/script>\n\t\t<!-- All in One SEO -->\n\n","aioseo_head_json":{"title":"Jambreiro e outras regi\u00f5es recebem a\u00e7\u00f5es da Prefeitura de Alagoinhas - News In Foco - Editado por Caio Pimenta","description":"Dando sequ\u00eancia \u00e0s a\u00e7\u00f5es de manuten\u00e7\u00e3o e revitaliza\u00e7\u00e3o da cidade, a Prefeitura de Alagoinhas, por meio da Secretaria Municipal de Manuten\u00e7\u00e3o (Seman), iniciou nesta sexta-feira, 15, um servi\u00e7o de nivelamento, aplica\u00e7\u00e3o de brita e microrrevestimento asf\u00e1ltico na regi\u00e3o do Jambreiro, nas proximidades do Hospital Materno Infantil de Alagoinhas. \u201cS\u00e3o cerca de 150 metros de via","canonical_url":"https:\/\/newsinfoco.com.br\/inicio\/jambreiro-e-outras-regioes-recebem-acoes-da-prefeitura-de-alagoinhas\/","robots":"max-image-preview:large","keywords":"","webmasterTools":{"miscellaneous":""},"schema":{"@context":"https:\/\/schema.org","@graph":[{"@type":"BlogPosting","@id":"https:\/\/newsinfoco.com.br\/inicio\/jambreiro-e-outras-regioes-recebem-acoes-da-prefeitura-de-alagoinhas\/#blogposting","name":"Jambreiro e outras regi\u00f5es recebem a\u00e7\u00f5es da Prefeitura de Alagoinhas - News In Foco - Editado por Caio Pimenta","headline":"Jambreiro e outras regi\u00f5es recebem a\u00e7\u00f5es da Prefeitura de Alagoinhas","author":{"@id":"https:\/\/newsinfoco.com.br\/inicio\/author\/administrador\/#author"},"publisher":{"@id":"https:\/\/newsinfoco.com.br\/inicio\/#organization"},"image":{"@type":"ImageObject","url":"https:\/\/newsinfoco.com.br\/inicio\/wp-content\/uploads\/2025\/08\/WhatsApp-Image-2025-08-15-at-14.29.54-scaled.jpeg","width":2560,"height":1920},"datePublished":"2025-08-18T12:39:44-03:00","dateModified":"2025-08-18T12:39:44-03:00","inLanguage":"pt-BR","mainEntityOfPage":{"@id":"https:\/\/newsinfoco.com.br\/inicio\/jambreiro-e-outras-regioes-recebem-acoes-da-prefeitura-de-alagoinhas\/#webpage"},"isPartOf":{"@id":"https:\/\/newsinfoco.com.br\/inicio\/jambreiro-e-outras-regioes-recebem-acoes-da-prefeitura-de-alagoinhas\/#webpage"},"articleSection":"Alagoinhas e Regi\u00e3o, Manchete"},{"@type":"BreadcrumbList","@id":"https:\/\/newsinfoco.com.br\/inicio\/jambreiro-e-outras-regioes-recebem-acoes-da-prefeitura-de-alagoinhas\/#breadcrumblist","itemListElement":[{"@type":"ListItem","@id":"https:\/\/newsinfoco.com.br\/inicio#listItem","position":1,"name":"In\u00edcio","item":"https:\/\/newsinfoco.com.br\/inicio","nextItem":{"@type":"ListItem","@id":"https:\/\/newsinfoco.com.br\/inicio\/category\/alagoinhas-e-regiao\/#listItem","name":"Alagoinhas e Regi\u00e3o"}},{"@type":"ListItem","@id":"https:\/\/newsinfoco.com.br\/inicio\/category\/alagoinhas-e-regiao\/#listItem","position":2,"name":"Alagoinhas e Regi\u00e3o","item":"https:\/\/newsinfoco.com.br\/inicio\/category\/alagoinhas-e-regiao\/","nextItem":{"@type":"ListItem","@id":"https:\/\/newsinfoco.com.br\/inicio\/jambreiro-e-outras-regioes-recebem-acoes-da-prefeitura-de-alagoinhas\/#listItem","name":"Jambreiro e outras regi\u00f5es recebem a\u00e7\u00f5es da Prefeitura de Alagoinhas"},"previousItem":{"@type":"ListItem","@id":"https:\/\/newsinfoco.com.br\/inicio#listItem","name":"In\u00edcio"}},{"@type":"ListItem","@id":"https:\/\/newsinfoco.com.br\/inicio\/jambreiro-e-outras-regioes-recebem-acoes-da-prefeitura-de-alagoinhas\/#listItem","position":3,"name":"Jambreiro e outras regi\u00f5es recebem a\u00e7\u00f5es da Prefeitura de Alagoinhas","previousItem":{"@type":"ListItem","@id":"https:\/\/newsinfoco.com.br\/inicio\/category\/alagoinhas-e-regiao\/#listItem","name":"Alagoinhas e Regi\u00e3o"}}]},{"@type":"Organization","@id":"https:\/\/newsinfoco.com.br\/inicio\/#organization","name":"News In Foco - Editado por Caio Pimenta","description":"O principal site de noticias de Alagoinhas e regi\u00e3o","url":"https:\/\/newsinfoco.com.br\/inicio\/"},{"@type":"Person","@id":"https:\/\/newsinfoco.com.br\/inicio\/author\/administrador\/#author","url":"https:\/\/newsinfoco.com.br\/inicio\/author\/administrador\/","name":"administrador","image":{"@type":"ImageObject","@id":"https:\/\/newsinfoco.com.br\/inicio\/jambreiro-e-outras-regioes-recebem-acoes-da-prefeitura-de-alagoinhas\/#authorImage","url":"https:\/\/secure.gravatar.com\/avatar\/c17a617433de8c1dc9584bb79aab7563b46f5bb7e1728c9b17d9cc3ce6a08e49?s=96&d=mm&r=g","width":96,"height":96,"caption":"administrador"}},{"@type":"WebPage","@id":"https:\/\/newsinfoco.com.br\/inicio\/jambreiro-e-outras-regioes-recebem-acoes-da-prefeitura-de-alagoinhas\/#webpage","url":"https:\/\/newsinfoco.com.br\/inicio\/jambreiro-e-outras-regioes-recebem-acoes-da-prefeitura-de-alagoinhas\/","name":"Jambreiro e outras regi\u00f5es recebem a\u00e7\u00f5es da Prefeitura de Alagoinhas - News In Foco - Editado por Caio Pimenta","description":"Dando sequ\u00eancia \u00e0s a\u00e7\u00f5es de manuten\u00e7\u00e3o e revitaliza\u00e7\u00e3o da cidade, a Prefeitura de Alagoinhas, por meio da Secretaria Municipal de Manuten\u00e7\u00e3o (Seman), iniciou nesta sexta-feira, 15, um servi\u00e7o de nivelamento, aplica\u00e7\u00e3o de brita e microrrevestimento asf\u00e1ltico na regi\u00e3o do Jambreiro, nas proximidades do Hospital Materno Infantil de Alagoinhas. \u201cS\u00e3o cerca de 150 metros de via","inLanguage":"pt-BR","isPartOf":{"@id":"https:\/\/newsinfoco.com.br\/inicio\/#website"},"breadcrumb":{"@id":"https:\/\/newsinfoco.com.br\/inicio\/jambreiro-e-outras-regioes-recebem-acoes-da-prefeitura-de-alagoinhas\/#breadcrumblist"},"author":{"@id":"https:\/\/newsinfoco.com.br\/inicio\/author\/administrador\/#author"},"creator":{"@id":"https:\/\/newsinfoco.com.br\/inicio\/author\/administrador\/#author"},"image":{"@type":"ImageObject","url":"https:\/\/newsinfoco.com.br\/inicio\/wp-content\/uploads\/2025\/08\/WhatsApp-Image-2025-08-15-at-14.29.54-scaled.jpeg","@id":"https:\/\/newsinfoco.com.br\/inicio\/jambreiro-e-outras-regioes-recebem-acoes-da-prefeitura-de-alagoinhas\/#mainImage","width":2560,"height":1920},"primaryImageOfPage":{"@id":"https:\/\/newsinfoco.com.br\/inicio\/jambreiro-e-outras-regioes-recebem-acoes-da-prefeitura-de-alagoinhas\/#mainImage"},"datePublished":"2025-08-18T12:39:44-03:00","dateModified":"2025-08-18T12:39:44-03:00"},{"@type":"WebSite","@id":"https:\/\/newsinfoco.com.br\/inicio\/#website","url":"https:\/\/newsinfoco.com.br\/inicio\/","name":"News In Foco - Editado por Caio Pimenta","description":"O principal site de noticias de Alagoinhas e regi\u00e3o","inLanguage":"pt-BR","publisher":{"@id":"https:\/\/newsinfoco.com.br\/inicio\/#organization"}}]},"og:locale":"pt_BR","og:site_name":"News In Foco - Editado por Caio Pimenta - O principal site de noticias de Alagoinhas e regi\u00e3o","og:type":"article","og:title":"Jambreiro e outras regi\u00f5es recebem a\u00e7\u00f5es da Prefeitura de Alagoinhas - News In Foco - Editado por Caio Pimenta","og:description":"Dando sequ\u00eancia \u00e0s a\u00e7\u00f5es de manuten\u00e7\u00e3o e revitaliza\u00e7\u00e3o da cidade, a Prefeitura de Alagoinhas, por meio da Secretaria Municipal de Manuten\u00e7\u00e3o (Seman), iniciou nesta sexta-feira, 15, um servi\u00e7o de nivelamento, aplica\u00e7\u00e3o de brita e microrrevestimento asf\u00e1ltico na regi\u00e3o do Jambreiro, nas proximidades do Hospital Materno Infantil de Alagoinhas. \u201cS\u00e3o cerca de 150 metros de via","og:url":"https:\/\/newsinfoco.com.br\/inicio\/jambreiro-e-outras-regioes-recebem-acoes-da-prefeitura-de-alagoinhas\/","article:published_time":"2025-08-18T15:39:44+00:00","article:modified_time":"2025-08-18T15:39:44+00:00","twitter:card":"summary_large_image","twitter:title":"Jambreiro e outras regi\u00f5es recebem a\u00e7\u00f5es da Prefeitura de Alagoinhas - News In Foco - Editado por Caio Pimenta","twitter:description":"Dando sequ\u00eancia \u00e0s a\u00e7\u00f5es de manuten\u00e7\u00e3o e revitaliza\u00e7\u00e3o da cidade, a Prefeitura de Alagoinhas, por meio da Secretaria Municipal de Manuten\u00e7\u00e3o (Seman), iniciou nesta sexta-feira, 15, um servi\u00e7o de nivelamento, aplica\u00e7\u00e3o de brita e microrrevestimento asf\u00e1ltico na regi\u00e3o do Jambreiro, nas proximidades do Hospital Materno Infantil de Alagoinhas. \u201cS\u00e3o cerca de 150 metros de via"},"aioseo_meta_data":{"post_id":"44320","title":null,"description":null,"keywords":null,"keyphrases":{"focus":{"keyphrase":"","score":0,"analysis":{"keyphraseInTitle":{"score":0,"maxScore":9,"error":1}}},"additional":[]},"primary_term":null,"canonical_url":null,"og_title":null,"og_description":null,"og_object_type":"default","og_image_type":"default","og_image_url":null,"og_image_width":null,"og_image_height":null,"og_image_custom_url":null,"og_image_custom_fields":null,"og_video":"","og_custom_url":null,"og_article_section":null,"og_article_tags":null,"twitter_use_og":false,"twitter_card":"default","twitter_image_type":"default","twitter_image_url":null,"twitter_image_custom_url":null,"twitter_image_custom_fields":null,"twitter_title":null,"twitter_description":null,"schema":{"blockGraphs":[],"customGraphs":[],"default":{"data":{"Article":[],"Course":[],"Dataset":[],"FAQPage":[],"Movie":[],"Person":[],"Product":[],"ProductReview":[],"Car":[],"Recipe":[],"Service":[],"SoftwareApplication":[],"WebPage":[]},"graphName":"BlogPosting","isEnabled":true},"graphs":[]},"schema_type":"default","schema_type_options":null,"pillar_content":false,"robots_default":true,"robots_noindex":false,"robots_noarchive":false,"robots_nosnippet":false,"robots_nofollow":false,"robots_noimageindex":false,"robots_noodp":false,"robots_notranslate":false,"robots_max_snippet":"-1","robots_max_videopreview":"-1","robots_max_imagepreview":"large","priority":null,"frequency":"default","local_seo":null,"breadcrumb_settings":null,"limit_modified_date":false,"ai":{"faqs":[],"keyPoints":[],"titles":[],"descriptions":[],"socialPosts":{"email":[],"linkedin":[],"twitter":[],"facebook":[],"instagram":[]}},"created":"2025-08-18 15:39:44","updated":"2025-08-18 15:46:02","seo_analyzer_scan_date":null},"aioseo_breadcrumb":"<div class=\"aioseo-breadcrumbs\"><span class=\"aioseo-breadcrumb\">\n\t\t\t<a href=\"https:\/\/newsinfoco.com.br\/inicio\" title=\"In\u00edcio\">In\u00edcio<\/a>\n\t\t<\/span><span class=\"aioseo-breadcrumb-separator\">&raquo;<\/span><span class=\"aioseo-breadcrumb\">\n\t\t\t<a href=\"https:\/\/newsinfoco.com.br\/inicio\/category\/alagoinhas-e-regiao\/\" title=\"Alagoinhas e Regi\u00e3o\">Alagoinhas e Regi\u00e3o<\/a>\n\t\t<\/span><span class=\"aioseo-breadcrumb-separator\">&raquo;<\/span><span class=\"aioseo-breadcrumb\">\n\t\t\tJambreiro e outras regi\u00f5es recebem a\u00e7\u00f5es da Prefeitura de Alagoinhas\n\t\t<\/span><\/div>","aioseo_breadcrumb_json":[{"label":"In\u00edcio","link":"https:\/\/newsinfoco.com.br\/inicio"},{"label":"Alagoinhas e Regi\u00e3o","link":"https:\/\/newsinfoco.com.br\/inicio\/category\/alagoinhas-e-regiao\/"},{"label":"Jambreiro e outras regi\u00f5es recebem a\u00e7\u00f5es da Prefeitura de Alagoinhas","link":"https:\/\/newsinfoco.com.br\/inicio\/jambreiro-e-outras-regioes-recebem-acoes-da-prefeitura-de-alagoinhas\/"}],"_links":{"self":[{"href":"https:\/\/newsinfoco.com.br\/inicio\/wp-json\/wp\/v2\/posts\/44320","targetHints":{"allow":["GET"]}}],"collection":[{"href":"https:\/\/newsinfoco.com.br\/inicio\/wp-json\/wp\/v2\/posts"}],"about":[{"href":"https:\/\/newsinfoco.com.br\/inicio\/wp-json\/wp\/v2\/types\/post"}],"author":[{"embeddable":true,"href":"https:\/\/newsinfoco.com.br\/inicio\/wp-json\/wp\/v2\/users\/1"}],"replies":[{"embeddable":true,"href":"https:\/\/newsinfoco.com.br\/inicio\/wp-json\/wp\/v2\/comments?post=44320"}],"version-history":[{"count":1,"href":"https:\/\/newsinfoco.com.br\/inicio\/wp-json\/wp\/v2\/posts\/44320\/revisions"}],"predecessor-version":[{"id":44322,"href":"https:\/\/newsinfoco.com.br\/inicio\/wp-json\/wp\/v2\/posts\/44320\/revisions\/44322"}],"wp:featuredmedia":[{"embeddable":true,"href":"https:\/\/newsinfoco.com.br\/inicio\/wp-json\/wp\/v2\/media\/44321"}],"wp:attachment":[{"href":"https:\/\/newsinfoco.com.br\/inicio\/wp-json\/wp\/v2\/media?parent=44320"}],"wp:term":[{"taxonomy":"category","embeddable":true,"href":"https:\/\/newsinfoco.com.br\/inicio\/wp-json\/wp\/v2\/categories?post=44320"},{"taxonomy":"post_tag","embeddable":true,"href":"https:\/\/newsinfoco.com.br\/inicio\/wp-json\/wp\/v2\/tags?post=44320"}],"curies":[{"name":"wp","href":"https:\/\/api.w.org\/{rel}","templated":true}]}}