{"id":44372,"date":"2025-08-19T13:02:55","date_gmt":"2025-08-19T16:02:55","guid":{"rendered":"https:\/\/newsinfoco.com.br\/inicio\/?p=44372"},"modified":"2025-08-19T13:02:55","modified_gmt":"2025-08-19T16:02:55","slug":"mesmo-com-decisao-de-dino-ministros-do-stf-ainda-avaliam-debater-sancoes-a-moraes","status":"publish","type":"post","link":"https:\/\/newsinfoco.com.br\/inicio\/mesmo-com-decisao-de-dino-ministros-do-stf-ainda-avaliam-debater-sancoes-a-moraes\/","title":{"rendered":"Mesmo com decis\u00e3o de Dino, ministros do STF ainda avaliam debater san\u00e7\u00f5es a Moraes"},"content":{"rendered":"<p>Ministros do Supremo Tribunal Federal (STF) avaliam que a decis\u00e3o do magistrado Fl\u00e1vio Dino, que comp\u00f5e a Corte, sobre o alcance de leis estrangeiras \u00e9 um recado claro, mas n\u00e3o encerra o debate sobre as san\u00e7\u00f5es impostas a Alexandre de Moraes. As informa\u00e7\u00f5es s\u00e3o do jornal O Globo e do portal InfoMoney.<\/p>\n<p>A decis\u00e3o de Dino, divulgada na segunda-feira (18), esclarece que leis e medidas judiciais de outros pa\u00edses s\u00f3 podem ser aplicadas em territ\u00f3rio nacional ap\u00f3s serem validadas pela Justi\u00e7a brasileira. Na avalia\u00e7\u00e3o dos colegas da Corte, a medida funciona como uma importante sinaliza\u00e7\u00e3o pol\u00edtica e institucional. O gesto do ministro foi visto como uma forma de demonstrar que o tribunal tem acompanhado o tema e supervisionado poss\u00edveis controv\u00e9rsias que venham a surgir, sem ter entrado no m\u00e9rito da norma.<\/p>\n<p>Nos bastidores do STF, uma ala entende que a a\u00e7\u00e3o est\u00e1 nas m\u00e3os do ministro Cristiano Zanin, que trata do fato objetivo \u2014 ou seja, a aplica\u00e7\u00e3o direta da Lei Magnitsky no Brasil \u2014 ainda exigir\u00e1 um debate mais aprofundado no plen\u00e1rio do Supremo.<\/p>\n<p>Zanin \u00e9 relator de uma a\u00e7\u00e3o do PT que pede ao STF a proibi\u00e7\u00e3o dos bancos de aplicarem a Lei Magnitsky no Brasil. Apresentada pelo deputado federal Lindbergh Farias (PT-RJ), a a\u00e7\u00e3o busca impedir que as san\u00e7\u00f5es atinjam Moraes. No entanto, Zanin n\u00e3o deve decidir sobre o tema por enquanto, pretendendo ouvir todas as partes envolvidas antes de se manifestar.<\/p>\n<div>\n<div>\n<div class=\"trv-player-container\">\n<div class=\"trv-wrapper\">\n<div id=\"br_video_player_eb2140e3470c108b6f110868d33f7c9dc3c659f9\" class=\"trvd_video_player trvdinstream\">\n<div class=\"conteudo_post\">\n<p>Embora os bancos brasileiros, em sua maioria, entendam que podem manter rela\u00e7\u00f5es com Moraes em opera\u00e7\u00f5es em reais, h\u00e1 institui\u00e7\u00f5es que temem multas das autoridades americanas por descumprimento da norma. O ministro \u00e9 alvo de san\u00e7\u00f5es impostas pelo presidente dos Estados Unidos, Donald Trump, que o inclui na lista da Lei Magnitsky.<\/p>\n<p>A expectativa nos bastidores da Corte \u00e9 que, apesar do movimento de Dino, a quest\u00e3o ainda precise ser abordada em um julgamento mais aprofundado, que definir\u00e1 o limite da influ\u00eancia externa nas decis\u00f5es judiciais brasileiras e o posicionamento do STF como institui\u00e7\u00e3o.<\/p>\n<\/div>\n<div id=\"div-share\">Bahia.Ba<\/div>\n<\/div>\n<\/div>\n<\/div>\n<\/div>\n<\/div>\n<div class='share-to-whatsapp-wrapper'><div class='share-on-whsp'>Share on: <\/div><a data-text='Mesmo com decis\u00e3o de Dino, ministros do STF ainda avaliam debater san\u00e7\u00f5es a Moraes' data-link='https:\/\/newsinfoco.com.br\/inicio\/mesmo-com-decisao-de-dino-ministros-do-stf-ainda-avaliam-debater-sancoes-a-moraes\/' class='whatsapp-button whatsapp-share'>WhatsApp<\/a><div class='clear '><\/div><\/div>","protected":false},"excerpt":{"rendered":"<p>Ministros do Supremo Tribunal Federal (STF) avaliam que a decis\u00e3o do magistrado Fl\u00e1vio Dino, que comp\u00f5e a Corte, sobre o alcance de leis estrangeiras \u00e9 um recado claro, mas n\u00e3o encerra o debate sobre as san\u00e7\u00f5es impostas a Alexandre de Moraes. As informa\u00e7\u00f5es s\u00e3o do jornal O Globo e do portal InfoMoney. A decis\u00e3o de [&hellip;]<\/p>\n","protected":false},"author":1,"featured_media":44373,"comment_status":"closed","ping_status":"closed","sticky":false,"template":"","format":"standard","meta":{"om_disable_all_campaigns":false,"rop_custom_images_group":[],"rop_custom_messages_group":[],"rop_publish_now":"initial","rop_publish_now_accounts":[],"rop_publish_now_history":[],"rop_publish_now_status":"pending","_exactmetrics_skip_tracking":false,"footnotes":""},"categories":[21],"tags":[],"class_list":["post-44372","post","type-post","status-publish","format-standard","has-post-thumbnail","hentry","category-brasil"],"aioseo_notices":[],"aioseo_head":"\n\t\t<!-- All in One SEO 4.9.10 - aioseo.com -->\n\t<meta name=\"description\" content=\"Ministros do Supremo Tribunal Federal (STF) avaliam que a decis\u00e3o do magistrado Fl\u00e1vio Dino, que comp\u00f5e a Corte, sobre o alcance de leis estrangeiras \u00e9 um recado claro, mas n\u00e3o encerra o debate sobre as san\u00e7\u00f5es impostas a Alexandre de Moraes. As informa\u00e7\u00f5es s\u00e3o do jornal O Globo e do portal InfoMoney. A decis\u00e3o de\" \/>\n\t<meta name=\"robots\" content=\"max-image-preview:large\" \/>\n\t<meta name=\"author\" content=\"administrador\"\/>\n\t<link rel=\"canonical\" href=\"https:\/\/newsinfoco.com.br\/inicio\/mesmo-com-decisao-de-dino-ministros-do-stf-ainda-avaliam-debater-sancoes-a-moraes\/\" \/>\n\t<meta name=\"generator\" content=\"All in One SEO (AIOSEO) 4.9.10\" \/>\n\t\t<meta property=\"og:locale\" content=\"pt_BR\" \/>\n\t\t<meta property=\"og:site_name\" content=\"News In Foco - Editado por Caio Pimenta - O principal site de noticias de Alagoinhas e regi\u00e3o\" \/>\n\t\t<meta property=\"og:type\" content=\"article\" \/>\n\t\t<meta property=\"og:title\" content=\"Mesmo com decis\u00e3o de Dino, ministros do STF ainda avaliam debater san\u00e7\u00f5es a Moraes - News In Foco - Editado por Caio Pimenta\" \/>\n\t\t<meta property=\"og:description\" content=\"Ministros do Supremo Tribunal Federal (STF) avaliam que a decis\u00e3o do magistrado Fl\u00e1vio Dino, que comp\u00f5e a Corte, sobre o alcance de leis estrangeiras \u00e9 um recado claro, mas n\u00e3o encerra o debate sobre as san\u00e7\u00f5es impostas a Alexandre de Moraes. As informa\u00e7\u00f5es s\u00e3o do jornal O Globo e do portal InfoMoney. A decis\u00e3o de\" \/>\n\t\t<meta property=\"og:url\" content=\"https:\/\/newsinfoco.com.br\/inicio\/mesmo-com-decisao-de-dino-ministros-do-stf-ainda-avaliam-debater-sancoes-a-moraes\/\" \/>\n\t\t<meta property=\"article:published_time\" content=\"2025-08-19T16:02:55+00:00\" \/>\n\t\t<meta property=\"article:modified_time\" content=\"2025-08-19T16:02:55+00:00\" \/>\n\t\t<meta name=\"twitter:card\" content=\"summary_large_image\" \/>\n\t\t<meta name=\"twitter:title\" content=\"Mesmo com decis\u00e3o de Dino, ministros do STF ainda avaliam debater san\u00e7\u00f5es a Moraes - News In Foco - Editado por Caio Pimenta\" \/>\n\t\t<meta name=\"twitter:description\" content=\"Ministros do Supremo Tribunal Federal (STF) avaliam que a decis\u00e3o do magistrado Fl\u00e1vio Dino, que comp\u00f5e a Corte, sobre o alcance de leis estrangeiras \u00e9 um recado claro, mas n\u00e3o encerra o debate sobre as san\u00e7\u00f5es impostas a Alexandre de Moraes. As informa\u00e7\u00f5es s\u00e3o do jornal O Globo e do portal InfoMoney. A decis\u00e3o de\" \/>\n\t\t<script type=\"application\/ld+json\" class=\"aioseo-schema\">\n\t\t\t{\"@context\":\"https:\\\/\\\/schema.org\",\"@graph\":[{\"@type\":\"BlogPosting\",\"@id\":\"https:\\\/\\\/newsinfoco.com.br\\\/inicio\\\/mesmo-com-decisao-de-dino-ministros-do-stf-ainda-avaliam-debater-sancoes-a-moraes\\\/#blogposting\",\"name\":\"Mesmo com decis\\u00e3o de Dino, ministros do STF ainda avaliam debater san\\u00e7\\u00f5es a Moraes - News In Foco - Editado por Caio Pimenta\",\"headline\":\"Mesmo com decis\\u00e3o de Dino, ministros do STF ainda avaliam debater san\\u00e7\\u00f5es a Moraes\",\"author\":{\"@id\":\"https:\\\/\\\/newsinfoco.com.br\\\/inicio\\\/author\\\/administrador\\\/#author\"},\"publisher\":{\"@id\":\"https:\\\/\\\/newsinfoco.com.br\\\/inicio\\\/#organization\"},\"image\":{\"@type\":\"ImageObject\",\"url\":\"https:\\\/\\\/newsinfoco.com.br\\\/inicio\\\/wp-content\\\/uploads\\\/2025\\\/08\\\/Policia-Federal-2025-02-22T105243.644-2.png\",\"width\":600,\"height\":420},\"datePublished\":\"2025-08-19T13:02:55-03:00\",\"dateModified\":\"2025-08-19T13:02:55-03:00\",\"inLanguage\":\"pt-BR\",\"mainEntityOfPage\":{\"@id\":\"https:\\\/\\\/newsinfoco.com.br\\\/inicio\\\/mesmo-com-decisao-de-dino-ministros-do-stf-ainda-avaliam-debater-sancoes-a-moraes\\\/#webpage\"},\"isPartOf\":{\"@id\":\"https:\\\/\\\/newsinfoco.com.br\\\/inicio\\\/mesmo-com-decisao-de-dino-ministros-do-stf-ainda-avaliam-debater-sancoes-a-moraes\\\/#webpage\"},\"articleSection\":\"Brasil\"},{\"@type\":\"BreadcrumbList\",\"@id\":\"https:\\\/\\\/newsinfoco.com.br\\\/inicio\\\/mesmo-com-decisao-de-dino-ministros-do-stf-ainda-avaliam-debater-sancoes-a-moraes\\\/#breadcrumblist\",\"itemListElement\":[{\"@type\":\"ListItem\",\"@id\":\"https:\\\/\\\/newsinfoco.com.br\\\/inicio#listItem\",\"position\":1,\"name\":\"In\\u00edcio\",\"item\":\"https:\\\/\\\/newsinfoco.com.br\\\/inicio\",\"nextItem\":{\"@type\":\"ListItem\",\"@id\":\"https:\\\/\\\/newsinfoco.com.br\\\/inicio\\\/category\\\/brasil\\\/#listItem\",\"name\":\"Brasil\"}},{\"@type\":\"ListItem\",\"@id\":\"https:\\\/\\\/newsinfoco.com.br\\\/inicio\\\/category\\\/brasil\\\/#listItem\",\"position\":2,\"name\":\"Brasil\",\"item\":\"https:\\\/\\\/newsinfoco.com.br\\\/inicio\\\/category\\\/brasil\\\/\",\"nextItem\":{\"@type\":\"ListItem\",\"@id\":\"https:\\\/\\\/newsinfoco.com.br\\\/inicio\\\/mesmo-com-decisao-de-dino-ministros-do-stf-ainda-avaliam-debater-sancoes-a-moraes\\\/#listItem\",\"name\":\"Mesmo com decis\\u00e3o de Dino, ministros do STF ainda avaliam debater san\\u00e7\\u00f5es a Moraes\"},\"previousItem\":{\"@type\":\"ListItem\",\"@id\":\"https:\\\/\\\/newsinfoco.com.br\\\/inicio#listItem\",\"name\":\"In\\u00edcio\"}},{\"@type\":\"ListItem\",\"@id\":\"https:\\\/\\\/newsinfoco.com.br\\\/inicio\\\/mesmo-com-decisao-de-dino-ministros-do-stf-ainda-avaliam-debater-sancoes-a-moraes\\\/#listItem\",\"position\":3,\"name\":\"Mesmo com decis\\u00e3o de Dino, ministros do STF ainda avaliam debater san\\u00e7\\u00f5es a Moraes\",\"previousItem\":{\"@type\":\"ListItem\",\"@id\":\"https:\\\/\\\/newsinfoco.com.br\\\/inicio\\\/category\\\/brasil\\\/#listItem\",\"name\":\"Brasil\"}}]},{\"@type\":\"Organization\",\"@id\":\"https:\\\/\\\/newsinfoco.com.br\\\/inicio\\\/#organization\",\"name\":\"News In Foco - Editado por Caio Pimenta\",\"description\":\"O principal site de noticias de Alagoinhas e regi\\u00e3o\",\"url\":\"https:\\\/\\\/newsinfoco.com.br\\\/inicio\\\/\"},{\"@type\":\"Person\",\"@id\":\"https:\\\/\\\/newsinfoco.com.br\\\/inicio\\\/author\\\/administrador\\\/#author\",\"url\":\"https:\\\/\\\/newsinfoco.com.br\\\/inicio\\\/author\\\/administrador\\\/\",\"name\":\"administrador\",\"image\":{\"@type\":\"ImageObject\",\"@id\":\"https:\\\/\\\/newsinfoco.com.br\\\/inicio\\\/mesmo-com-decisao-de-dino-ministros-do-stf-ainda-avaliam-debater-sancoes-a-moraes\\\/#authorImage\",\"url\":\"https:\\\/\\\/secure.gravatar.com\\\/avatar\\\/c17a617433de8c1dc9584bb79aab7563b46f5bb7e1728c9b17d9cc3ce6a08e49?s=96&d=mm&r=g\",\"width\":96,\"height\":96,\"caption\":\"administrador\"}},{\"@type\":\"WebPage\",\"@id\":\"https:\\\/\\\/newsinfoco.com.br\\\/inicio\\\/mesmo-com-decisao-de-dino-ministros-do-stf-ainda-avaliam-debater-sancoes-a-moraes\\\/#webpage\",\"url\":\"https:\\\/\\\/newsinfoco.com.br\\\/inicio\\\/mesmo-com-decisao-de-dino-ministros-do-stf-ainda-avaliam-debater-sancoes-a-moraes\\\/\",\"name\":\"Mesmo com decis\\u00e3o de Dino, ministros do STF ainda avaliam debater san\\u00e7\\u00f5es a Moraes - News In Foco - Editado por Caio Pimenta\",\"description\":\"Ministros do Supremo Tribunal Federal (STF) avaliam que a decis\\u00e3o do magistrado Fl\\u00e1vio Dino, que comp\\u00f5e a Corte, sobre o alcance de leis estrangeiras \\u00e9 um recado claro, mas n\\u00e3o encerra o debate sobre as san\\u00e7\\u00f5es impostas a Alexandre de Moraes. As informa\\u00e7\\u00f5es s\\u00e3o do jornal O Globo e do portal InfoMoney. A decis\\u00e3o de\",\"inLanguage\":\"pt-BR\",\"isPartOf\":{\"@id\":\"https:\\\/\\\/newsinfoco.com.br\\\/inicio\\\/#website\"},\"breadcrumb\":{\"@id\":\"https:\\\/\\\/newsinfoco.com.br\\\/inicio\\\/mesmo-com-decisao-de-dino-ministros-do-stf-ainda-avaliam-debater-sancoes-a-moraes\\\/#breadcrumblist\"},\"author\":{\"@id\":\"https:\\\/\\\/newsinfoco.com.br\\\/inicio\\\/author\\\/administrador\\\/#author\"},\"creator\":{\"@id\":\"https:\\\/\\\/newsinfoco.com.br\\\/inicio\\\/author\\\/administrador\\\/#author\"},\"image\":{\"@type\":\"ImageObject\",\"url\":\"https:\\\/\\\/newsinfoco.com.br\\\/inicio\\\/wp-content\\\/uploads\\\/2025\\\/08\\\/Policia-Federal-2025-02-22T105243.644-2.png\",\"@id\":\"https:\\\/\\\/newsinfoco.com.br\\\/inicio\\\/mesmo-com-decisao-de-dino-ministros-do-stf-ainda-avaliam-debater-sancoes-a-moraes\\\/#mainImage\",\"width\":600,\"height\":420},\"primaryImageOfPage\":{\"@id\":\"https:\\\/\\\/newsinfoco.com.br\\\/inicio\\\/mesmo-com-decisao-de-dino-ministros-do-stf-ainda-avaliam-debater-sancoes-a-moraes\\\/#mainImage\"},\"datePublished\":\"2025-08-19T13:02:55-03:00\",\"dateModified\":\"2025-08-19T13:02:55-03:00\"},{\"@type\":\"WebSite\",\"@id\":\"https:\\\/\\\/newsinfoco.com.br\\\/inicio\\\/#website\",\"url\":\"https:\\\/\\\/newsinfoco.com.br\\\/inicio\\\/\",\"name\":\"News In Foco - Editado por Caio Pimenta\",\"description\":\"O principal site de noticias de Alagoinhas e regi\\u00e3o\",\"inLanguage\":\"pt-BR\",\"publisher\":{\"@id\":\"https:\\\/\\\/newsinfoco.com.br\\\/inicio\\\/#organization\"}}]}\n\t\t<\/script>\n\t\t<!-- All in One SEO -->\n\n","aioseo_head_json":{"title":"Mesmo com decis\u00e3o de Dino, ministros do STF ainda avaliam debater san\u00e7\u00f5es a Moraes - News In Foco - Editado por Caio Pimenta","description":"Ministros do Supremo Tribunal Federal (STF) avaliam que a decis\u00e3o do magistrado Fl\u00e1vio Dino, que comp\u00f5e a Corte, sobre o alcance de leis estrangeiras \u00e9 um recado claro, mas n\u00e3o encerra o debate sobre as san\u00e7\u00f5es impostas a Alexandre de Moraes. As informa\u00e7\u00f5es s\u00e3o do jornal O Globo e do portal InfoMoney. A decis\u00e3o de","canonical_url":"https:\/\/newsinfoco.com.br\/inicio\/mesmo-com-decisao-de-dino-ministros-do-stf-ainda-avaliam-debater-sancoes-a-moraes\/","robots":"max-image-preview:large","keywords":"","webmasterTools":{"miscellaneous":""},"schema":{"@context":"https:\/\/schema.org","@graph":[{"@type":"BlogPosting","@id":"https:\/\/newsinfoco.com.br\/inicio\/mesmo-com-decisao-de-dino-ministros-do-stf-ainda-avaliam-debater-sancoes-a-moraes\/#blogposting","name":"Mesmo com decis\u00e3o de Dino, ministros do STF ainda avaliam debater san\u00e7\u00f5es a Moraes - News In Foco - Editado por Caio Pimenta","headline":"Mesmo com decis\u00e3o de Dino, ministros do STF ainda avaliam debater san\u00e7\u00f5es a Moraes","author":{"@id":"https:\/\/newsinfoco.com.br\/inicio\/author\/administrador\/#author"},"publisher":{"@id":"https:\/\/newsinfoco.com.br\/inicio\/#organization"},"image":{"@type":"ImageObject","url":"https:\/\/newsinfoco.com.br\/inicio\/wp-content\/uploads\/2025\/08\/Policia-Federal-2025-02-22T105243.644-2.png","width":600,"height":420},"datePublished":"2025-08-19T13:02:55-03:00","dateModified":"2025-08-19T13:02:55-03:00","inLanguage":"pt-BR","mainEntityOfPage":{"@id":"https:\/\/newsinfoco.com.br\/inicio\/mesmo-com-decisao-de-dino-ministros-do-stf-ainda-avaliam-debater-sancoes-a-moraes\/#webpage"},"isPartOf":{"@id":"https:\/\/newsinfoco.com.br\/inicio\/mesmo-com-decisao-de-dino-ministros-do-stf-ainda-avaliam-debater-sancoes-a-moraes\/#webpage"},"articleSection":"Brasil"},{"@type":"BreadcrumbList","@id":"https:\/\/newsinfoco.com.br\/inicio\/mesmo-com-decisao-de-dino-ministros-do-stf-ainda-avaliam-debater-sancoes-a-moraes\/#breadcrumblist","itemListElement":[{"@type":"ListItem","@id":"https:\/\/newsinfoco.com.br\/inicio#listItem","position":1,"name":"In\u00edcio","item":"https:\/\/newsinfoco.com.br\/inicio","nextItem":{"@type":"ListItem","@id":"https:\/\/newsinfoco.com.br\/inicio\/category\/brasil\/#listItem","name":"Brasil"}},{"@type":"ListItem","@id":"https:\/\/newsinfoco.com.br\/inicio\/category\/brasil\/#listItem","position":2,"name":"Brasil","item":"https:\/\/newsinfoco.com.br\/inicio\/category\/brasil\/","nextItem":{"@type":"ListItem","@id":"https:\/\/newsinfoco.com.br\/inicio\/mesmo-com-decisao-de-dino-ministros-do-stf-ainda-avaliam-debater-sancoes-a-moraes\/#listItem","name":"Mesmo com decis\u00e3o de Dino, ministros do STF ainda avaliam debater san\u00e7\u00f5es a Moraes"},"previousItem":{"@type":"ListItem","@id":"https:\/\/newsinfoco.com.br\/inicio#listItem","name":"In\u00edcio"}},{"@type":"ListItem","@id":"https:\/\/newsinfoco.com.br\/inicio\/mesmo-com-decisao-de-dino-ministros-do-stf-ainda-avaliam-debater-sancoes-a-moraes\/#listItem","position":3,"name":"Mesmo com decis\u00e3o de Dino, ministros do STF ainda avaliam debater san\u00e7\u00f5es a Moraes","previousItem":{"@type":"ListItem","@id":"https:\/\/newsinfoco.com.br\/inicio\/category\/brasil\/#listItem","name":"Brasil"}}]},{"@type":"Organization","@id":"https:\/\/newsinfoco.com.br\/inicio\/#organization","name":"News In Foco - Editado por Caio Pimenta","description":"O principal site de noticias de Alagoinhas e regi\u00e3o","url":"https:\/\/newsinfoco.com.br\/inicio\/"},{"@type":"Person","@id":"https:\/\/newsinfoco.com.br\/inicio\/author\/administrador\/#author","url":"https:\/\/newsinfoco.com.br\/inicio\/author\/administrador\/","name":"administrador","image":{"@type":"ImageObject","@id":"https:\/\/newsinfoco.com.br\/inicio\/mesmo-com-decisao-de-dino-ministros-do-stf-ainda-avaliam-debater-sancoes-a-moraes\/#authorImage","url":"https:\/\/secure.gravatar.com\/avatar\/c17a617433de8c1dc9584bb79aab7563b46f5bb7e1728c9b17d9cc3ce6a08e49?s=96&d=mm&r=g","width":96,"height":96,"caption":"administrador"}},{"@type":"WebPage","@id":"https:\/\/newsinfoco.com.br\/inicio\/mesmo-com-decisao-de-dino-ministros-do-stf-ainda-avaliam-debater-sancoes-a-moraes\/#webpage","url":"https:\/\/newsinfoco.com.br\/inicio\/mesmo-com-decisao-de-dino-ministros-do-stf-ainda-avaliam-debater-sancoes-a-moraes\/","name":"Mesmo com decis\u00e3o de Dino, ministros do STF ainda avaliam debater san\u00e7\u00f5es a Moraes - News In Foco - Editado por Caio Pimenta","description":"Ministros do Supremo Tribunal Federal (STF) avaliam que a decis\u00e3o do magistrado Fl\u00e1vio Dino, que comp\u00f5e a Corte, sobre o alcance de leis estrangeiras \u00e9 um recado claro, mas n\u00e3o encerra o debate sobre as san\u00e7\u00f5es impostas a Alexandre de Moraes. As informa\u00e7\u00f5es s\u00e3o do jornal O Globo e do portal InfoMoney. A decis\u00e3o de","inLanguage":"pt-BR","isPartOf":{"@id":"https:\/\/newsinfoco.com.br\/inicio\/#website"},"breadcrumb":{"@id":"https:\/\/newsinfoco.com.br\/inicio\/mesmo-com-decisao-de-dino-ministros-do-stf-ainda-avaliam-debater-sancoes-a-moraes\/#breadcrumblist"},"author":{"@id":"https:\/\/newsinfoco.com.br\/inicio\/author\/administrador\/#author"},"creator":{"@id":"https:\/\/newsinfoco.com.br\/inicio\/author\/administrador\/#author"},"image":{"@type":"ImageObject","url":"https:\/\/newsinfoco.com.br\/inicio\/wp-content\/uploads\/2025\/08\/Policia-Federal-2025-02-22T105243.644-2.png","@id":"https:\/\/newsinfoco.com.br\/inicio\/mesmo-com-decisao-de-dino-ministros-do-stf-ainda-avaliam-debater-sancoes-a-moraes\/#mainImage","width":600,"height":420},"primaryImageOfPage":{"@id":"https:\/\/newsinfoco.com.br\/inicio\/mesmo-com-decisao-de-dino-ministros-do-stf-ainda-avaliam-debater-sancoes-a-moraes\/#mainImage"},"datePublished":"2025-08-19T13:02:55-03:00","dateModified":"2025-08-19T13:02:55-03:00"},{"@type":"WebSite","@id":"https:\/\/newsinfoco.com.br\/inicio\/#website","url":"https:\/\/newsinfoco.com.br\/inicio\/","name":"News In Foco - Editado por Caio Pimenta","description":"O principal site de noticias de Alagoinhas e regi\u00e3o","inLanguage":"pt-BR","publisher":{"@id":"https:\/\/newsinfoco.com.br\/inicio\/#organization"}}]},"og:locale":"pt_BR","og:site_name":"News In Foco - Editado por Caio Pimenta - O principal site de noticias de Alagoinhas e regi\u00e3o","og:type":"article","og:title":"Mesmo com decis\u00e3o de Dino, ministros do STF ainda avaliam debater san\u00e7\u00f5es a Moraes - News In Foco - Editado por Caio Pimenta","og:description":"Ministros do Supremo Tribunal Federal (STF) avaliam que a decis\u00e3o do magistrado Fl\u00e1vio Dino, que comp\u00f5e a Corte, sobre o alcance de leis estrangeiras \u00e9 um recado claro, mas n\u00e3o encerra o debate sobre as san\u00e7\u00f5es impostas a Alexandre de Moraes. As informa\u00e7\u00f5es s\u00e3o do jornal O Globo e do portal InfoMoney. A decis\u00e3o de","og:url":"https:\/\/newsinfoco.com.br\/inicio\/mesmo-com-decisao-de-dino-ministros-do-stf-ainda-avaliam-debater-sancoes-a-moraes\/","article:published_time":"2025-08-19T16:02:55+00:00","article:modified_time":"2025-08-19T16:02:55+00:00","twitter:card":"summary_large_image","twitter:title":"Mesmo com decis\u00e3o de Dino, ministros do STF ainda avaliam debater san\u00e7\u00f5es a Moraes - News In Foco - Editado por Caio Pimenta","twitter:description":"Ministros do Supremo Tribunal Federal (STF) avaliam que a decis\u00e3o do magistrado Fl\u00e1vio Dino, que comp\u00f5e a Corte, sobre o alcance de leis estrangeiras \u00e9 um recado claro, mas n\u00e3o encerra o debate sobre as san\u00e7\u00f5es impostas a Alexandre de Moraes. As informa\u00e7\u00f5es s\u00e3o do jornal O Globo e do portal InfoMoney. A decis\u00e3o de"},"aioseo_meta_data":{"post_id":"44372","title":null,"description":null,"keywords":null,"keyphrases":{"focus":{"keyphrase":"","score":0,"analysis":{"keyphraseInTitle":{"score":0,"maxScore":9,"error":1}}},"additional":[]},"primary_term":null,"canonical_url":null,"og_title":null,"og_description":null,"og_object_type":"default","og_image_type":"default","og_image_url":null,"og_image_width":null,"og_image_height":null,"og_image_custom_url":null,"og_image_custom_fields":null,"og_video":"","og_custom_url":null,"og_article_section":null,"og_article_tags":null,"twitter_use_og":false,"twitter_card":"default","twitter_image_type":"default","twitter_image_url":null,"twitter_image_custom_url":null,"twitter_image_custom_fields":null,"twitter_title":null,"twitter_description":null,"schema":{"blockGraphs":[],"customGraphs":[],"default":{"data":{"Article":[],"Course":[],"Dataset":[],"FAQPage":[],"Movie":[],"Person":[],"Product":[],"ProductReview":[],"Car":[],"Recipe":[],"Service":[],"SoftwareApplication":[],"WebPage":[]},"graphName":"BlogPosting","isEnabled":true},"graphs":[]},"schema_type":"default","schema_type_options":null,"pillar_content":false,"robots_default":true,"robots_noindex":false,"robots_noarchive":false,"robots_nosnippet":false,"robots_nofollow":false,"robots_noimageindex":false,"robots_noodp":false,"robots_notranslate":false,"robots_max_snippet":"-1","robots_max_videopreview":"-1","robots_max_imagepreview":"large","priority":null,"frequency":"default","local_seo":null,"breadcrumb_settings":null,"limit_modified_date":false,"ai":{"faqs":[],"keyPoints":[],"titles":[],"descriptions":[],"socialPosts":{"email":[],"linkedin":[],"twitter":[],"facebook":[],"instagram":[]}},"created":"2025-08-19 16:02:55","updated":"2025-08-19 16:08:52","seo_analyzer_scan_date":null},"aioseo_breadcrumb":"<div class=\"aioseo-breadcrumbs\"><span class=\"aioseo-breadcrumb\">\n\t\t\t<a href=\"https:\/\/newsinfoco.com.br\/inicio\" title=\"In\u00edcio\">In\u00edcio<\/a>\n\t\t<\/span><span class=\"aioseo-breadcrumb-separator\">&raquo;<\/span><span class=\"aioseo-breadcrumb\">\n\t\t\t<a href=\"https:\/\/newsinfoco.com.br\/inicio\/category\/brasil\/\" title=\"Brasil\">Brasil<\/a>\n\t\t<\/span><span class=\"aioseo-breadcrumb-separator\">&raquo;<\/span><span class=\"aioseo-breadcrumb\">\n\t\t\tMesmo com decis\u00e3o de Dino, ministros do STF ainda avaliam debater san\u00e7\u00f5es a Moraes\n\t\t<\/span><\/div>","aioseo_breadcrumb_json":[{"label":"In\u00edcio","link":"https:\/\/newsinfoco.com.br\/inicio"},{"label":"Brasil","link":"https:\/\/newsinfoco.com.br\/inicio\/category\/brasil\/"},{"label":"Mesmo com decis\u00e3o de Dino, ministros do STF ainda avaliam debater san\u00e7\u00f5es a Moraes","link":"https:\/\/newsinfoco.com.br\/inicio\/mesmo-com-decisao-de-dino-ministros-do-stf-ainda-avaliam-debater-sancoes-a-moraes\/"}],"_links":{"self":[{"href":"https:\/\/newsinfoco.com.br\/inicio\/wp-json\/wp\/v2\/posts\/44372","targetHints":{"allow":["GET"]}}],"collection":[{"href":"https:\/\/newsinfoco.com.br\/inicio\/wp-json\/wp\/v2\/posts"}],"about":[{"href":"https:\/\/newsinfoco.com.br\/inicio\/wp-json\/wp\/v2\/types\/post"}],"author":[{"embeddable":true,"href":"https:\/\/newsinfoco.com.br\/inicio\/wp-json\/wp\/v2\/users\/1"}],"replies":[{"embeddable":true,"href":"https:\/\/newsinfoco.com.br\/inicio\/wp-json\/wp\/v2\/comments?post=44372"}],"version-history":[{"count":1,"href":"https:\/\/newsinfoco.com.br\/inicio\/wp-json\/wp\/v2\/posts\/44372\/revisions"}],"predecessor-version":[{"id":44374,"href":"https:\/\/newsinfoco.com.br\/inicio\/wp-json\/wp\/v2\/posts\/44372\/revisions\/44374"}],"wp:featuredmedia":[{"embeddable":true,"href":"https:\/\/newsinfoco.com.br\/inicio\/wp-json\/wp\/v2\/media\/44373"}],"wp:attachment":[{"href":"https:\/\/newsinfoco.com.br\/inicio\/wp-json\/wp\/v2\/media?parent=44372"}],"wp:term":[{"taxonomy":"category","embeddable":true,"href":"https:\/\/newsinfoco.com.br\/inicio\/wp-json\/wp\/v2\/categories?post=44372"},{"taxonomy":"post_tag","embeddable":true,"href":"https:\/\/newsinfoco.com.br\/inicio\/wp-json\/wp\/v2\/tags?post=44372"}],"curies":[{"name":"wp","href":"https:\/\/api.w.org\/{rel}","templated":true}]}}