{"id":44375,"date":"2025-08-19T13:09:07","date_gmt":"2025-08-19T16:09:07","guid":{"rendered":"https:\/\/newsinfoco.com.br\/inicio\/?p=44375"},"modified":"2025-08-19T13:09:07","modified_gmt":"2025-08-19T16:09:07","slug":"juiza-determina-reativacao-de-radares-em-rodovias-de-todo-pais","status":"publish","type":"post","link":"https:\/\/newsinfoco.com.br\/inicio\/juiza-determina-reativacao-de-radares-em-rodovias-de-todo-pais\/","title":{"rendered":"Ju\u00edza determina reativa\u00e7\u00e3o de radares em rodovias de todo pa\u00eds"},"content":{"rendered":"<p>A ju\u00edza substituta Diana Wanderlei, da 5\u00aa Vara Federal de Bras\u00edlia, determinou, na noite dessa segunda-feira (18), que o governo mantenha \u201cem pleno funcionamento\u201d os radares de velocidade que pararam de operar devido \u00e0 falta de recursos para manuten\u00e7\u00e3o. Cabe recurso.<\/p>\n<p>Pela decis\u00e3o, o Departamento Nacional de Infraestrutura de Transportes (Dnit) tem 24 horas para notificar todas as concession\u00e1rias de radares de rodovias federais a manter os equipamentos em opera\u00e7\u00e3o.<\/p>\n<p>Segundo mat\u00e9ria da Ag\u00eancia Brasil, a magistrada estipulou multa di\u00e1ria de R$ 50 mil por radar que n\u00e3o estiver em pleno funcionamento, a ser aplicada sobre a empresa respons\u00e1vel pela manuten\u00e7\u00e3o dos equipamentos. O mesmo valor de multa deve ser aplicado ao Dnit, caso demore a notificar as concession\u00e1rias.<\/p>\n<p>A decis\u00e3o foi proferida numa a\u00e7\u00e3o popular aberta em 2019 contra o governo do ent\u00e3o presidente Jair Bolsonaro, que, \u00e0 \u00e9poca, havia amea\u00e7ado desligar milhares de radares em rodovias federais.<\/p>\n<p>Na ocasi\u00e3o, o governo firmou Acordo Nacional de Radares, comprometendo-se a manter ligados e em opera\u00e7\u00e3o 100% dos equipamentos instalados em locais com n\u00edveis de criatividade m\u00e9dio, alto e alt\u00edssimo, tendo como base em an\u00e1lises de acidentes e mortalidades nas rodovias federais.<\/p>\n<p><strong>Contratos suspensos<\/strong><\/p>\n<p>Neste ano, contudo, o Dnit informou \u00e0 Justi\u00e7a Federal a suspens\u00e3o dos contratos para a manuten\u00e7\u00e3o dos radares, em fun\u00e7\u00e3o de falta de previs\u00e3o de recursos na Lei Or\u00e7ament\u00e1ria Anual (LOA) de 2025.<\/p>\n<p>A Associa\u00e7\u00e3o Brasileira das Empresas de Engenharia de Tr\u00e2nsito (Abeetrans) tamb\u00e9m informou \u00e0 Justi\u00e7a que as concession\u00e1rias n\u00e3o conseguiriam mais manter 100% dos radares funcionando devido \u00e0 suspens\u00e3o dos contratos pelo Dnit.<\/p>\n<p>Segundo o Dnit, s\u00e3o necess\u00e1rios R$ 364,1 milh\u00f5es para manter o sistema nacional de radares em pleno funcionamento, mas o Or\u00e7amento da Uni\u00e3o prev\u00ea apenas R$ 43,36 milh\u00f5es para os contratos de manuten\u00e7\u00e3o.<\/p>\n<p>A Associa\u00e7\u00e3o Brasileira das Empresas de Engenharia de Tr\u00e2nsito (Abeetrans) destacou, ainda, que a arrecada\u00e7\u00e3o federal com multas aplicadas pelos radares de velocidade supera R$ 1 bilh\u00e3o por ano. Sendo assim, ao suspender os contratos, na pr\u00e1tica o governo abre m\u00e3o mais de R$ 500 mil em receita, uma vez descontados os custos com a manuten\u00e7\u00e3o dos equipamentos.<\/p>\n<p>\u201cOu seja, em dose dupla, a Uni\u00e3o est\u00e1 abrindo m\u00e3o de receitas e comprometendo a seguran\u00e7a vi\u00e1ria, incentivando as altas velocidades nas rodovias e, por conseguinte, as mortes no tr\u00e2nsito j\u00e1 aumentaram\u201d, escreveu a ju\u00edza Diana Wanderlei.<\/p>\n<p><strong>Prazo<\/strong><\/p>\n<p>Ela deu cinco dias para que o governo federal \u201capresente o planejamento de recursos or\u00e7ament\u00e1rios para imediato pagamento dos investimentos realizados para o fiel cumprimento do Acordo Nacional dos Radares, em at\u00e9 cinco dias\u201d.<\/p>\n<div>\n<div>\n<div class=\"trv-player-container\">\n<div class=\"trv-wrapper\">\n<div id=\"br_video_player_829f8cf67b4b174091a70868d33f7c9dc3c659f9\" class=\"trvd_video_player trvdinstream\">\n<div class=\"media-player\">\n<div class=\"trv-video\">\n<div id=\"truvid_ima_container87470\" class=\"truvid_ima_container\">\n<div>\n<div>\n<div>\n<div class=\"conteudo_post\">\n<p>A magistrada ordenou, ainda, que o Dnit informe em 72h as consequ\u00eancias do apag\u00e3o de radares em rodovias federais e o valor exato necess\u00e1rio para o cumprimento do acordo judicial sobre radares.<\/p>\n<p>A Ag\u00eancia Brasil entrou em contato com a Advocacia-Geral da Uni\u00e3o (AGU), questionando sobre eventual recurso contra a decis\u00e3o, mas n\u00e3o obteve retorno at\u00e9 a publica\u00e7\u00e3o da reportagem.<\/p>\n<\/div>\n<div id=\"div-share\">Bahia.Ba<\/div>\n<\/div>\n<\/div>\n<\/div>\n<\/div>\n<\/div>\n<\/div>\n<\/div>\n<\/div>\n<\/div>\n<\/div>\n<\/div>\n<div class='share-to-whatsapp-wrapper'><div class='share-on-whsp'>Share on: <\/div><a data-text='Ju\u00edza determina reativa\u00e7\u00e3o de radares em rodovias de todo pa\u00eds' data-link='https:\/\/newsinfoco.com.br\/inicio\/juiza-determina-reativacao-de-radares-em-rodovias-de-todo-pais\/' class='whatsapp-button whatsapp-share'>WhatsApp<\/a><div class='clear '><\/div><\/div>","protected":false},"excerpt":{"rendered":"<p>A ju\u00edza substituta Diana Wanderlei, da 5\u00aa Vara Federal de Bras\u00edlia, determinou, na noite dessa segunda-feira (18), que o governo mantenha \u201cem pleno funcionamento\u201d os radares de velocidade que pararam de operar devido \u00e0 falta de recursos para manuten\u00e7\u00e3o. Cabe recurso. Pela decis\u00e3o, o Departamento Nacional de Infraestrutura de Transportes (Dnit) tem 24 horas para [&hellip;]<\/p>\n","protected":false},"author":1,"featured_media":44376,"comment_status":"closed","ping_status":"closed","sticky":false,"template":"","format":"standard","meta":{"om_disable_all_campaigns":false,"rop_custom_images_group":[],"rop_custom_messages_group":[],"rop_publish_now":"initial","rop_publish_now_accounts":[],"rop_publish_now_history":[],"rop_publish_now_status":"pending","_exactmetrics_skip_tracking":false,"footnotes":""},"categories":[21],"tags":[],"class_list":["post-44375","post","type-post","status-publish","format-standard","has-post-thumbnail","hentry","category-brasil"],"aioseo_notices":[],"aioseo_head":"\n\t\t<!-- All in One SEO 4.9.10 - aioseo.com -->\n\t<meta name=\"description\" content=\"A ju\u00edza substituta Diana Wanderlei, da 5\u00aa Vara Federal de Bras\u00edlia, determinou, na noite dessa segunda-feira (18), que o governo mantenha \u201cem pleno funcionamento\u201d os radares de velocidade que pararam de operar devido \u00e0 falta de recursos para manuten\u00e7\u00e3o. Cabe recurso. Pela decis\u00e3o, o Departamento Nacional de Infraestrutura de Transportes (Dnit) tem 24 horas para\" \/>\n\t<meta name=\"robots\" content=\"max-image-preview:large\" \/>\n\t<meta name=\"author\" content=\"administrador\"\/>\n\t<link rel=\"canonical\" href=\"https:\/\/newsinfoco.com.br\/inicio\/juiza-determina-reativacao-de-radares-em-rodovias-de-todo-pais\/\" \/>\n\t<meta name=\"generator\" content=\"All in One SEO (AIOSEO) 4.9.10\" \/>\n\t\t<meta property=\"og:locale\" content=\"pt_BR\" \/>\n\t\t<meta property=\"og:site_name\" content=\"News In Foco - Editado por Caio Pimenta - O principal site de noticias de Alagoinhas e regi\u00e3o\" \/>\n\t\t<meta property=\"og:type\" content=\"article\" \/>\n\t\t<meta property=\"og:title\" content=\"Ju\u00edza determina reativa\u00e7\u00e3o de radares em rodovias de todo pa\u00eds - News In Foco - Editado por Caio Pimenta\" \/>\n\t\t<meta property=\"og:description\" content=\"A ju\u00edza substituta Diana Wanderlei, da 5\u00aa Vara Federal de Bras\u00edlia, determinou, na noite dessa segunda-feira (18), que o governo mantenha \u201cem pleno funcionamento\u201d os radares de velocidade que pararam de operar devido \u00e0 falta de recursos para manuten\u00e7\u00e3o. Cabe recurso. Pela decis\u00e3o, o Departamento Nacional de Infraestrutura de Transportes (Dnit) tem 24 horas para\" \/>\n\t\t<meta property=\"og:url\" content=\"https:\/\/newsinfoco.com.br\/inicio\/juiza-determina-reativacao-de-radares-em-rodovias-de-todo-pais\/\" \/>\n\t\t<meta property=\"article:published_time\" content=\"2025-08-19T16:09:07+00:00\" \/>\n\t\t<meta property=\"article:modified_time\" content=\"2025-08-19T16:09:07+00:00\" \/>\n\t\t<meta name=\"twitter:card\" content=\"summary_large_image\" \/>\n\t\t<meta name=\"twitter:title\" content=\"Ju\u00edza determina reativa\u00e7\u00e3o de radares em rodovias de todo pa\u00eds - News In Foco - Editado por Caio Pimenta\" \/>\n\t\t<meta name=\"twitter:description\" content=\"A ju\u00edza substituta Diana Wanderlei, da 5\u00aa Vara Federal de Bras\u00edlia, determinou, na noite dessa segunda-feira (18), que o governo mantenha \u201cem pleno funcionamento\u201d os radares de velocidade que pararam de operar devido \u00e0 falta de recursos para manuten\u00e7\u00e3o. Cabe recurso. Pela decis\u00e3o, o Departamento Nacional de Infraestrutura de Transportes (Dnit) tem 24 horas para\" \/>\n\t\t<script type=\"application\/ld+json\" class=\"aioseo-schema\">\n\t\t\t{\"@context\":\"https:\\\/\\\/schema.org\",\"@graph\":[{\"@type\":\"BlogPosting\",\"@id\":\"https:\\\/\\\/newsinfoco.com.br\\\/inicio\\\/juiza-determina-reativacao-de-radares-em-rodovias-de-todo-pais\\\/#blogposting\",\"name\":\"Ju\\u00edza determina reativa\\u00e7\\u00e3o de radares em rodovias de todo pa\\u00eds - News In Foco - Editado por Caio Pimenta\",\"headline\":\"Ju\\u00edza determina reativa\\u00e7\\u00e3o de radares em rodovias de todo pa\\u00eds\",\"author\":{\"@id\":\"https:\\\/\\\/newsinfoco.com.br\\\/inicio\\\/author\\\/administrador\\\/#author\"},\"publisher\":{\"@id\":\"https:\\\/\\\/newsinfoco.com.br\\\/inicio\\\/#organization\"},\"image\":{\"@type\":\"ImageObject\",\"url\":\"https:\\\/\\\/newsinfoco.com.br\\\/inicio\\\/wp-content\\\/uploads\\\/2025\\\/08\\\/radar-transito_abr.jpg\",\"width\":600,\"height\":420},\"datePublished\":\"2025-08-19T13:09:07-03:00\",\"dateModified\":\"2025-08-19T13:09:07-03:00\",\"inLanguage\":\"pt-BR\",\"mainEntityOfPage\":{\"@id\":\"https:\\\/\\\/newsinfoco.com.br\\\/inicio\\\/juiza-determina-reativacao-de-radares-em-rodovias-de-todo-pais\\\/#webpage\"},\"isPartOf\":{\"@id\":\"https:\\\/\\\/newsinfoco.com.br\\\/inicio\\\/juiza-determina-reativacao-de-radares-em-rodovias-de-todo-pais\\\/#webpage\"},\"articleSection\":\"Brasil\"},{\"@type\":\"BreadcrumbList\",\"@id\":\"https:\\\/\\\/newsinfoco.com.br\\\/inicio\\\/juiza-determina-reativacao-de-radares-em-rodovias-de-todo-pais\\\/#breadcrumblist\",\"itemListElement\":[{\"@type\":\"ListItem\",\"@id\":\"https:\\\/\\\/newsinfoco.com.br\\\/inicio#listItem\",\"position\":1,\"name\":\"In\\u00edcio\",\"item\":\"https:\\\/\\\/newsinfoco.com.br\\\/inicio\",\"nextItem\":{\"@type\":\"ListItem\",\"@id\":\"https:\\\/\\\/newsinfoco.com.br\\\/inicio\\\/category\\\/brasil\\\/#listItem\",\"name\":\"Brasil\"}},{\"@type\":\"ListItem\",\"@id\":\"https:\\\/\\\/newsinfoco.com.br\\\/inicio\\\/category\\\/brasil\\\/#listItem\",\"position\":2,\"name\":\"Brasil\",\"item\":\"https:\\\/\\\/newsinfoco.com.br\\\/inicio\\\/category\\\/brasil\\\/\",\"nextItem\":{\"@type\":\"ListItem\",\"@id\":\"https:\\\/\\\/newsinfoco.com.br\\\/inicio\\\/juiza-determina-reativacao-de-radares-em-rodovias-de-todo-pais\\\/#listItem\",\"name\":\"Ju\\u00edza determina reativa\\u00e7\\u00e3o de radares em rodovias de todo pa\\u00eds\"},\"previousItem\":{\"@type\":\"ListItem\",\"@id\":\"https:\\\/\\\/newsinfoco.com.br\\\/inicio#listItem\",\"name\":\"In\\u00edcio\"}},{\"@type\":\"ListItem\",\"@id\":\"https:\\\/\\\/newsinfoco.com.br\\\/inicio\\\/juiza-determina-reativacao-de-radares-em-rodovias-de-todo-pais\\\/#listItem\",\"position\":3,\"name\":\"Ju\\u00edza determina reativa\\u00e7\\u00e3o de radares em rodovias de todo pa\\u00eds\",\"previousItem\":{\"@type\":\"ListItem\",\"@id\":\"https:\\\/\\\/newsinfoco.com.br\\\/inicio\\\/category\\\/brasil\\\/#listItem\",\"name\":\"Brasil\"}}]},{\"@type\":\"Organization\",\"@id\":\"https:\\\/\\\/newsinfoco.com.br\\\/inicio\\\/#organization\",\"name\":\"News In Foco - Editado por Caio Pimenta\",\"description\":\"O principal site de noticias de Alagoinhas e regi\\u00e3o\",\"url\":\"https:\\\/\\\/newsinfoco.com.br\\\/inicio\\\/\"},{\"@type\":\"Person\",\"@id\":\"https:\\\/\\\/newsinfoco.com.br\\\/inicio\\\/author\\\/administrador\\\/#author\",\"url\":\"https:\\\/\\\/newsinfoco.com.br\\\/inicio\\\/author\\\/administrador\\\/\",\"name\":\"administrador\",\"image\":{\"@type\":\"ImageObject\",\"@id\":\"https:\\\/\\\/newsinfoco.com.br\\\/inicio\\\/juiza-determina-reativacao-de-radares-em-rodovias-de-todo-pais\\\/#authorImage\",\"url\":\"https:\\\/\\\/secure.gravatar.com\\\/avatar\\\/c17a617433de8c1dc9584bb79aab7563b46f5bb7e1728c9b17d9cc3ce6a08e49?s=96&d=mm&r=g\",\"width\":96,\"height\":96,\"caption\":\"administrador\"}},{\"@type\":\"WebPage\",\"@id\":\"https:\\\/\\\/newsinfoco.com.br\\\/inicio\\\/juiza-determina-reativacao-de-radares-em-rodovias-de-todo-pais\\\/#webpage\",\"url\":\"https:\\\/\\\/newsinfoco.com.br\\\/inicio\\\/juiza-determina-reativacao-de-radares-em-rodovias-de-todo-pais\\\/\",\"name\":\"Ju\\u00edza determina reativa\\u00e7\\u00e3o de radares em rodovias de todo pa\\u00eds - News In Foco - Editado por Caio Pimenta\",\"description\":\"A ju\\u00edza substituta Diana Wanderlei, da 5\\u00aa Vara Federal de Bras\\u00edlia, determinou, na noite dessa segunda-feira (18), que o governo mantenha \\u201cem pleno funcionamento\\u201d os radares de velocidade que pararam de operar devido \\u00e0 falta de recursos para manuten\\u00e7\\u00e3o. Cabe recurso. Pela decis\\u00e3o, o Departamento Nacional de Infraestrutura de Transportes (Dnit) tem 24 horas para\",\"inLanguage\":\"pt-BR\",\"isPartOf\":{\"@id\":\"https:\\\/\\\/newsinfoco.com.br\\\/inicio\\\/#website\"},\"breadcrumb\":{\"@id\":\"https:\\\/\\\/newsinfoco.com.br\\\/inicio\\\/juiza-determina-reativacao-de-radares-em-rodovias-de-todo-pais\\\/#breadcrumblist\"},\"author\":{\"@id\":\"https:\\\/\\\/newsinfoco.com.br\\\/inicio\\\/author\\\/administrador\\\/#author\"},\"creator\":{\"@id\":\"https:\\\/\\\/newsinfoco.com.br\\\/inicio\\\/author\\\/administrador\\\/#author\"},\"image\":{\"@type\":\"ImageObject\",\"url\":\"https:\\\/\\\/newsinfoco.com.br\\\/inicio\\\/wp-content\\\/uploads\\\/2025\\\/08\\\/radar-transito_abr.jpg\",\"@id\":\"https:\\\/\\\/newsinfoco.com.br\\\/inicio\\\/juiza-determina-reativacao-de-radares-em-rodovias-de-todo-pais\\\/#mainImage\",\"width\":600,\"height\":420},\"primaryImageOfPage\":{\"@id\":\"https:\\\/\\\/newsinfoco.com.br\\\/inicio\\\/juiza-determina-reativacao-de-radares-em-rodovias-de-todo-pais\\\/#mainImage\"},\"datePublished\":\"2025-08-19T13:09:07-03:00\",\"dateModified\":\"2025-08-19T13:09:07-03:00\"},{\"@type\":\"WebSite\",\"@id\":\"https:\\\/\\\/newsinfoco.com.br\\\/inicio\\\/#website\",\"url\":\"https:\\\/\\\/newsinfoco.com.br\\\/inicio\\\/\",\"name\":\"News In Foco - Editado por Caio Pimenta\",\"description\":\"O principal site de noticias de Alagoinhas e regi\\u00e3o\",\"inLanguage\":\"pt-BR\",\"publisher\":{\"@id\":\"https:\\\/\\\/newsinfoco.com.br\\\/inicio\\\/#organization\"}}]}\n\t\t<\/script>\n\t\t<!-- All in One SEO -->\n\n","aioseo_head_json":{"title":"Ju\u00edza determina reativa\u00e7\u00e3o de radares em rodovias de todo pa\u00eds - News In Foco - Editado por Caio Pimenta","description":"A ju\u00edza substituta Diana Wanderlei, da 5\u00aa Vara Federal de Bras\u00edlia, determinou, na noite dessa segunda-feira (18), que o governo mantenha \u201cem pleno funcionamento\u201d os radares de velocidade que pararam de operar devido \u00e0 falta de recursos para manuten\u00e7\u00e3o. Cabe recurso. Pela decis\u00e3o, o Departamento Nacional de Infraestrutura de Transportes (Dnit) tem 24 horas para","canonical_url":"https:\/\/newsinfoco.com.br\/inicio\/juiza-determina-reativacao-de-radares-em-rodovias-de-todo-pais\/","robots":"max-image-preview:large","keywords":"","webmasterTools":{"miscellaneous":""},"schema":{"@context":"https:\/\/schema.org","@graph":[{"@type":"BlogPosting","@id":"https:\/\/newsinfoco.com.br\/inicio\/juiza-determina-reativacao-de-radares-em-rodovias-de-todo-pais\/#blogposting","name":"Ju\u00edza determina reativa\u00e7\u00e3o de radares em rodovias de todo pa\u00eds - News In Foco - Editado por Caio Pimenta","headline":"Ju\u00edza determina reativa\u00e7\u00e3o de radares em rodovias de todo pa\u00eds","author":{"@id":"https:\/\/newsinfoco.com.br\/inicio\/author\/administrador\/#author"},"publisher":{"@id":"https:\/\/newsinfoco.com.br\/inicio\/#organization"},"image":{"@type":"ImageObject","url":"https:\/\/newsinfoco.com.br\/inicio\/wp-content\/uploads\/2025\/08\/radar-transito_abr.jpg","width":600,"height":420},"datePublished":"2025-08-19T13:09:07-03:00","dateModified":"2025-08-19T13:09:07-03:00","inLanguage":"pt-BR","mainEntityOfPage":{"@id":"https:\/\/newsinfoco.com.br\/inicio\/juiza-determina-reativacao-de-radares-em-rodovias-de-todo-pais\/#webpage"},"isPartOf":{"@id":"https:\/\/newsinfoco.com.br\/inicio\/juiza-determina-reativacao-de-radares-em-rodovias-de-todo-pais\/#webpage"},"articleSection":"Brasil"},{"@type":"BreadcrumbList","@id":"https:\/\/newsinfoco.com.br\/inicio\/juiza-determina-reativacao-de-radares-em-rodovias-de-todo-pais\/#breadcrumblist","itemListElement":[{"@type":"ListItem","@id":"https:\/\/newsinfoco.com.br\/inicio#listItem","position":1,"name":"In\u00edcio","item":"https:\/\/newsinfoco.com.br\/inicio","nextItem":{"@type":"ListItem","@id":"https:\/\/newsinfoco.com.br\/inicio\/category\/brasil\/#listItem","name":"Brasil"}},{"@type":"ListItem","@id":"https:\/\/newsinfoco.com.br\/inicio\/category\/brasil\/#listItem","position":2,"name":"Brasil","item":"https:\/\/newsinfoco.com.br\/inicio\/category\/brasil\/","nextItem":{"@type":"ListItem","@id":"https:\/\/newsinfoco.com.br\/inicio\/juiza-determina-reativacao-de-radares-em-rodovias-de-todo-pais\/#listItem","name":"Ju\u00edza determina reativa\u00e7\u00e3o de radares em rodovias de todo pa\u00eds"},"previousItem":{"@type":"ListItem","@id":"https:\/\/newsinfoco.com.br\/inicio#listItem","name":"In\u00edcio"}},{"@type":"ListItem","@id":"https:\/\/newsinfoco.com.br\/inicio\/juiza-determina-reativacao-de-radares-em-rodovias-de-todo-pais\/#listItem","position":3,"name":"Ju\u00edza determina reativa\u00e7\u00e3o de radares em rodovias de todo pa\u00eds","previousItem":{"@type":"ListItem","@id":"https:\/\/newsinfoco.com.br\/inicio\/category\/brasil\/#listItem","name":"Brasil"}}]},{"@type":"Organization","@id":"https:\/\/newsinfoco.com.br\/inicio\/#organization","name":"News In Foco - Editado por Caio Pimenta","description":"O principal site de noticias de Alagoinhas e regi\u00e3o","url":"https:\/\/newsinfoco.com.br\/inicio\/"},{"@type":"Person","@id":"https:\/\/newsinfoco.com.br\/inicio\/author\/administrador\/#author","url":"https:\/\/newsinfoco.com.br\/inicio\/author\/administrador\/","name":"administrador","image":{"@type":"ImageObject","@id":"https:\/\/newsinfoco.com.br\/inicio\/juiza-determina-reativacao-de-radares-em-rodovias-de-todo-pais\/#authorImage","url":"https:\/\/secure.gravatar.com\/avatar\/c17a617433de8c1dc9584bb79aab7563b46f5bb7e1728c9b17d9cc3ce6a08e49?s=96&d=mm&r=g","width":96,"height":96,"caption":"administrador"}},{"@type":"WebPage","@id":"https:\/\/newsinfoco.com.br\/inicio\/juiza-determina-reativacao-de-radares-em-rodovias-de-todo-pais\/#webpage","url":"https:\/\/newsinfoco.com.br\/inicio\/juiza-determina-reativacao-de-radares-em-rodovias-de-todo-pais\/","name":"Ju\u00edza determina reativa\u00e7\u00e3o de radares em rodovias de todo pa\u00eds - News In Foco - Editado por Caio Pimenta","description":"A ju\u00edza substituta Diana Wanderlei, da 5\u00aa Vara Federal de Bras\u00edlia, determinou, na noite dessa segunda-feira (18), que o governo mantenha \u201cem pleno funcionamento\u201d os radares de velocidade que pararam de operar devido \u00e0 falta de recursos para manuten\u00e7\u00e3o. Cabe recurso. Pela decis\u00e3o, o Departamento Nacional de Infraestrutura de Transportes (Dnit) tem 24 horas para","inLanguage":"pt-BR","isPartOf":{"@id":"https:\/\/newsinfoco.com.br\/inicio\/#website"},"breadcrumb":{"@id":"https:\/\/newsinfoco.com.br\/inicio\/juiza-determina-reativacao-de-radares-em-rodovias-de-todo-pais\/#breadcrumblist"},"author":{"@id":"https:\/\/newsinfoco.com.br\/inicio\/author\/administrador\/#author"},"creator":{"@id":"https:\/\/newsinfoco.com.br\/inicio\/author\/administrador\/#author"},"image":{"@type":"ImageObject","url":"https:\/\/newsinfoco.com.br\/inicio\/wp-content\/uploads\/2025\/08\/radar-transito_abr.jpg","@id":"https:\/\/newsinfoco.com.br\/inicio\/juiza-determina-reativacao-de-radares-em-rodovias-de-todo-pais\/#mainImage","width":600,"height":420},"primaryImageOfPage":{"@id":"https:\/\/newsinfoco.com.br\/inicio\/juiza-determina-reativacao-de-radares-em-rodovias-de-todo-pais\/#mainImage"},"datePublished":"2025-08-19T13:09:07-03:00","dateModified":"2025-08-19T13:09:07-03:00"},{"@type":"WebSite","@id":"https:\/\/newsinfoco.com.br\/inicio\/#website","url":"https:\/\/newsinfoco.com.br\/inicio\/","name":"News In Foco - Editado por Caio Pimenta","description":"O principal site de noticias de Alagoinhas e regi\u00e3o","inLanguage":"pt-BR","publisher":{"@id":"https:\/\/newsinfoco.com.br\/inicio\/#organization"}}]},"og:locale":"pt_BR","og:site_name":"News In Foco - Editado por Caio Pimenta - O principal site de noticias de Alagoinhas e regi\u00e3o","og:type":"article","og:title":"Ju\u00edza determina reativa\u00e7\u00e3o de radares em rodovias de todo pa\u00eds - News In Foco - Editado por Caio Pimenta","og:description":"A ju\u00edza substituta Diana Wanderlei, da 5\u00aa Vara Federal de Bras\u00edlia, determinou, na noite dessa segunda-feira (18), que o governo mantenha \u201cem pleno funcionamento\u201d os radares de velocidade que pararam de operar devido \u00e0 falta de recursos para manuten\u00e7\u00e3o. Cabe recurso. Pela decis\u00e3o, o Departamento Nacional de Infraestrutura de Transportes (Dnit) tem 24 horas para","og:url":"https:\/\/newsinfoco.com.br\/inicio\/juiza-determina-reativacao-de-radares-em-rodovias-de-todo-pais\/","article:published_time":"2025-08-19T16:09:07+00:00","article:modified_time":"2025-08-19T16:09:07+00:00","twitter:card":"summary_large_image","twitter:title":"Ju\u00edza determina reativa\u00e7\u00e3o de radares em rodovias de todo pa\u00eds - News In Foco - Editado por Caio Pimenta","twitter:description":"A ju\u00edza substituta Diana Wanderlei, da 5\u00aa Vara Federal de Bras\u00edlia, determinou, na noite dessa segunda-feira (18), que o governo mantenha \u201cem pleno funcionamento\u201d os radares de velocidade que pararam de operar devido \u00e0 falta de recursos para manuten\u00e7\u00e3o. Cabe recurso. Pela decis\u00e3o, o Departamento Nacional de Infraestrutura de Transportes (Dnit) tem 24 horas para"},"aioseo_meta_data":{"post_id":"44375","title":null,"description":null,"keywords":null,"keyphrases":{"focus":{"keyphrase":"","score":0,"analysis":{"keyphraseInTitle":{"score":0,"maxScore":9,"error":1}}},"additional":[]},"primary_term":null,"canonical_url":null,"og_title":null,"og_description":null,"og_object_type":"default","og_image_type":"default","og_image_url":null,"og_image_width":null,"og_image_height":null,"og_image_custom_url":null,"og_image_custom_fields":null,"og_video":"","og_custom_url":null,"og_article_section":null,"og_article_tags":null,"twitter_use_og":false,"twitter_card":"default","twitter_image_type":"default","twitter_image_url":null,"twitter_image_custom_url":null,"twitter_image_custom_fields":null,"twitter_title":null,"twitter_description":null,"schema":{"blockGraphs":[],"customGraphs":[],"default":{"data":{"Article":[],"Course":[],"Dataset":[],"FAQPage":[],"Movie":[],"Person":[],"Product":[],"ProductReview":[],"Car":[],"Recipe":[],"Service":[],"SoftwareApplication":[],"WebPage":[]},"graphName":"BlogPosting","isEnabled":true},"graphs":[]},"schema_type":"default","schema_type_options":null,"pillar_content":false,"robots_default":true,"robots_noindex":false,"robots_noarchive":false,"robots_nosnippet":false,"robots_nofollow":false,"robots_noimageindex":false,"robots_noodp":false,"robots_notranslate":false,"robots_max_snippet":"-1","robots_max_videopreview":"-1","robots_max_imagepreview":"large","priority":null,"frequency":"default","local_seo":null,"breadcrumb_settings":null,"limit_modified_date":false,"ai":{"faqs":[],"keyPoints":[],"titles":[],"descriptions":[],"socialPosts":{"email":[],"linkedin":[],"twitter":[],"facebook":[],"instagram":[]}},"created":"2025-08-19 16:09:07","updated":"2025-08-19 16:10:12","seo_analyzer_scan_date":null},"aioseo_breadcrumb":"<div class=\"aioseo-breadcrumbs\"><span class=\"aioseo-breadcrumb\">\n\t\t\t<a href=\"https:\/\/newsinfoco.com.br\/inicio\" title=\"In\u00edcio\">In\u00edcio<\/a>\n\t\t<\/span><span class=\"aioseo-breadcrumb-separator\">&raquo;<\/span><span class=\"aioseo-breadcrumb\">\n\t\t\t<a href=\"https:\/\/newsinfoco.com.br\/inicio\/category\/brasil\/\" title=\"Brasil\">Brasil<\/a>\n\t\t<\/span><span class=\"aioseo-breadcrumb-separator\">&raquo;<\/span><span class=\"aioseo-breadcrumb\">\n\t\t\tJu\u00edza determina reativa\u00e7\u00e3o de radares em rodovias de todo pa\u00eds\n\t\t<\/span><\/div>","aioseo_breadcrumb_json":[{"label":"In\u00edcio","link":"https:\/\/newsinfoco.com.br\/inicio"},{"label":"Brasil","link":"https:\/\/newsinfoco.com.br\/inicio\/category\/brasil\/"},{"label":"Ju\u00edza determina reativa\u00e7\u00e3o de radares em rodovias de todo pa\u00eds","link":"https:\/\/newsinfoco.com.br\/inicio\/juiza-determina-reativacao-de-radares-em-rodovias-de-todo-pais\/"}],"_links":{"self":[{"href":"https:\/\/newsinfoco.com.br\/inicio\/wp-json\/wp\/v2\/posts\/44375","targetHints":{"allow":["GET"]}}],"collection":[{"href":"https:\/\/newsinfoco.com.br\/inicio\/wp-json\/wp\/v2\/posts"}],"about":[{"href":"https:\/\/newsinfoco.com.br\/inicio\/wp-json\/wp\/v2\/types\/post"}],"author":[{"embeddable":true,"href":"https:\/\/newsinfoco.com.br\/inicio\/wp-json\/wp\/v2\/users\/1"}],"replies":[{"embeddable":true,"href":"https:\/\/newsinfoco.com.br\/inicio\/wp-json\/wp\/v2\/comments?post=44375"}],"version-history":[{"count":1,"href":"https:\/\/newsinfoco.com.br\/inicio\/wp-json\/wp\/v2\/posts\/44375\/revisions"}],"predecessor-version":[{"id":44377,"href":"https:\/\/newsinfoco.com.br\/inicio\/wp-json\/wp\/v2\/posts\/44375\/revisions\/44377"}],"wp:featuredmedia":[{"embeddable":true,"href":"https:\/\/newsinfoco.com.br\/inicio\/wp-json\/wp\/v2\/media\/44376"}],"wp:attachment":[{"href":"https:\/\/newsinfoco.com.br\/inicio\/wp-json\/wp\/v2\/media?parent=44375"}],"wp:term":[{"taxonomy":"category","embeddable":true,"href":"https:\/\/newsinfoco.com.br\/inicio\/wp-json\/wp\/v2\/categories?post=44375"},{"taxonomy":"post_tag","embeddable":true,"href":"https:\/\/newsinfoco.com.br\/inicio\/wp-json\/wp\/v2\/tags?post=44375"}],"curies":[{"name":"wp","href":"https:\/\/api.w.org\/{rel}","templated":true}]}}