{"id":44378,"date":"2025-08-19T13:15:35","date_gmt":"2025-08-19T16:15:35","guid":{"rendered":"https:\/\/newsinfoco.com.br\/inicio\/?p=44378"},"modified":"2025-08-19T13:54:35","modified_gmt":"2025-08-19T16:54:35","slug":"pastor-isidoro-e-internado-por-mal-estar-generalizado","status":"publish","type":"post","link":"https:\/\/newsinfoco.com.br\/inicio\/pastor-isidoro-e-internado-por-mal-estar-generalizado\/","title":{"rendered":"Pastor Isidoro \u00e9 internado por mal estar generalizado"},"content":{"rendered":"<p>O\u00a0<a href=\"https:\/\/bahia.ba\/politica\/deputado-critica-apego-a-bebes-reborn-e-pede-que-pratica-nao-envolva-sus-nem-lideres-religiosos\/\" target=\"_blank\" rel=\"noopener\"><strong>deputado federal Pastor Sargento Isid\u00f3rio (Avante)<\/strong><\/a>\u00a0deu entrada no Hospital do Sub\u00farbio, em Salvador, ap\u00f3s sentir fortes dores no peito. A informa\u00e7\u00e3o foi confirmada pela assessoria do parlamentar por meio das suas redes sociais.<\/p>\n<p>Em seu perfil oficial do Instagram, o parlamentar aparece deitado em uma maca da unidade de sa\u00fade e de m\u00e1scara na tarde de segunda-feira, 18. A causa para o internamento, segundo a equipe do legislador, deve-se a uma nasofaringite.<\/p>\n<p>\u201cProvavelmente de origem viral, apresentando sintomas como tosse persistente, prostra\u00e7\u00e3o e perda tempor\u00e1ria de voz\u201d, afirma a assessoria.<\/p>\n<p>Bahia.Ba<\/p>\n<div class='share-to-whatsapp-wrapper'><div class='share-on-whsp'>Share on: <\/div><a data-text='Pastor Isidoro \u00e9 internado por mal estar generalizado' data-link='https:\/\/newsinfoco.com.br\/inicio\/pastor-isidoro-e-internado-por-mal-estar-generalizado\/' class='whatsapp-button whatsapp-share'>WhatsApp<\/a><div class='clear '><\/div><\/div>","protected":false},"excerpt":{"rendered":"<p>O\u00a0deputado federal Pastor Sargento Isid\u00f3rio (Avante)\u00a0deu entrada no Hospital do Sub\u00farbio, em Salvador, ap\u00f3s sentir fortes dores no peito. A informa\u00e7\u00e3o foi confirmada pela assessoria do parlamentar por meio das suas redes sociais. Em seu perfil oficial do Instagram, o parlamentar aparece deitado em uma maca da unidade de sa\u00fade e de m\u00e1scara na tarde [&hellip;]<\/p>\n","protected":false},"author":1,"featured_media":44379,"comment_status":"closed","ping_status":"closed","sticky":false,"template":"","format":"standard","meta":{"om_disable_all_campaigns":false,"rop_custom_images_group":[],"rop_custom_messages_group":[],"rop_publish_now":"initial","rop_publish_now_accounts":[],"rop_publish_now_history":[],"rop_publish_now_status":"pending","_exactmetrics_skip_tracking":false,"footnotes":""},"categories":[19],"tags":[],"class_list":["post-44378","post","type-post","status-publish","format-standard","has-post-thumbnail","hentry","category-bahia"],"aioseo_notices":[],"aioseo_head":"\n\t\t<!-- All in One SEO 4.9.10 - aioseo.com -->\n\t<meta name=\"description\" content=\"O deputado federal Pastor Sargento Isid\u00f3rio (Avante) deu entrada no Hospital do Sub\u00farbio, em Salvador, ap\u00f3s sentir fortes dores no peito. A informa\u00e7\u00e3o foi confirmada pela assessoria do parlamentar por meio das suas redes sociais. Em seu perfil oficial do Instagram, o parlamentar aparece deitado em uma maca da unidade de sa\u00fade e de m\u00e1scara na tarde\" \/>\n\t<meta name=\"robots\" content=\"max-image-preview:large\" \/>\n\t<meta name=\"author\" content=\"administrador\"\/>\n\t<link rel=\"canonical\" href=\"https:\/\/newsinfoco.com.br\/inicio\/pastor-isidoro-e-internado-por-mal-estar-generalizado\/\" \/>\n\t<meta name=\"generator\" content=\"All in One SEO (AIOSEO) 4.9.10\" \/>\n\t\t<meta property=\"og:locale\" content=\"pt_BR\" \/>\n\t\t<meta property=\"og:site_name\" content=\"News In Foco - Editado por Caio Pimenta - O principal site de noticias de Alagoinhas e regi\u00e3o\" \/>\n\t\t<meta property=\"og:type\" content=\"article\" \/>\n\t\t<meta property=\"og:title\" content=\"Pastor Isidoro \u00e9 internado por mal estar generalizado - News In Foco - Editado por Caio Pimenta\" \/>\n\t\t<meta property=\"og:description\" content=\"O deputado federal Pastor Sargento Isid\u00f3rio (Avante) deu entrada no Hospital do Sub\u00farbio, em Salvador, ap\u00f3s sentir fortes dores no peito. A informa\u00e7\u00e3o foi confirmada pela assessoria do parlamentar por meio das suas redes sociais. Em seu perfil oficial do Instagram, o parlamentar aparece deitado em uma maca da unidade de sa\u00fade e de m\u00e1scara na tarde\" \/>\n\t\t<meta property=\"og:url\" content=\"https:\/\/newsinfoco.com.br\/inicio\/pastor-isidoro-e-internado-por-mal-estar-generalizado\/\" \/>\n\t\t<meta property=\"article:published_time\" content=\"2025-08-19T16:15:35+00:00\" \/>\n\t\t<meta property=\"article:modified_time\" content=\"2025-08-19T16:54:35+00:00\" \/>\n\t\t<meta name=\"twitter:card\" content=\"summary_large_image\" \/>\n\t\t<meta name=\"twitter:title\" content=\"Pastor Isidoro \u00e9 internado por mal estar generalizado - News In Foco - Editado por Caio Pimenta\" \/>\n\t\t<meta name=\"twitter:description\" content=\"O deputado federal Pastor Sargento Isid\u00f3rio (Avante) deu entrada no Hospital do Sub\u00farbio, em Salvador, ap\u00f3s sentir fortes dores no peito. A informa\u00e7\u00e3o foi confirmada pela assessoria do parlamentar por meio das suas redes sociais. Em seu perfil oficial do Instagram, o parlamentar aparece deitado em uma maca da unidade de sa\u00fade e de m\u00e1scara na tarde\" \/>\n\t\t<script type=\"application\/ld+json\" class=\"aioseo-schema\">\n\t\t\t{\"@context\":\"https:\\\/\\\/schema.org\",\"@graph\":[{\"@type\":\"BlogPosting\",\"@id\":\"https:\\\/\\\/newsinfoco.com.br\\\/inicio\\\/pastor-isidoro-e-internado-por-mal-estar-generalizado\\\/#blogposting\",\"name\":\"Pastor Isidoro \\u00e9 internado por mal estar generalizado - News In Foco - Editado por Caio Pimenta\",\"headline\":\"Pastor Isidoro \\u00e9 internado por mal estar generalizado\",\"author\":{\"@id\":\"https:\\\/\\\/newsinfoco.com.br\\\/inicio\\\/author\\\/administrador\\\/#author\"},\"publisher\":{\"@id\":\"https:\\\/\\\/newsinfoco.com.br\\\/inicio\\\/#organization\"},\"image\":{\"@type\":\"ImageObject\",\"url\":\"https:\\\/\\\/newsinfoco.com.br\\\/inicio\\\/wp-content\\\/uploads\\\/2025\\\/08\\\/Pastor-Isidorio.jpg\",\"width\":600,\"height\":420},\"datePublished\":\"2025-08-19T13:15:35-03:00\",\"dateModified\":\"2025-08-19T13:54:35-03:00\",\"inLanguage\":\"pt-BR\",\"mainEntityOfPage\":{\"@id\":\"https:\\\/\\\/newsinfoco.com.br\\\/inicio\\\/pastor-isidoro-e-internado-por-mal-estar-generalizado\\\/#webpage\"},\"isPartOf\":{\"@id\":\"https:\\\/\\\/newsinfoco.com.br\\\/inicio\\\/pastor-isidoro-e-internado-por-mal-estar-generalizado\\\/#webpage\"},\"articleSection\":\"Bahia\"},{\"@type\":\"BreadcrumbList\",\"@id\":\"https:\\\/\\\/newsinfoco.com.br\\\/inicio\\\/pastor-isidoro-e-internado-por-mal-estar-generalizado\\\/#breadcrumblist\",\"itemListElement\":[{\"@type\":\"ListItem\",\"@id\":\"https:\\\/\\\/newsinfoco.com.br\\\/inicio#listItem\",\"position\":1,\"name\":\"In\\u00edcio\",\"item\":\"https:\\\/\\\/newsinfoco.com.br\\\/inicio\",\"nextItem\":{\"@type\":\"ListItem\",\"@id\":\"https:\\\/\\\/newsinfoco.com.br\\\/inicio\\\/category\\\/bahia\\\/#listItem\",\"name\":\"Bahia\"}},{\"@type\":\"ListItem\",\"@id\":\"https:\\\/\\\/newsinfoco.com.br\\\/inicio\\\/category\\\/bahia\\\/#listItem\",\"position\":2,\"name\":\"Bahia\",\"item\":\"https:\\\/\\\/newsinfoco.com.br\\\/inicio\\\/category\\\/bahia\\\/\",\"nextItem\":{\"@type\":\"ListItem\",\"@id\":\"https:\\\/\\\/newsinfoco.com.br\\\/inicio\\\/pastor-isidoro-e-internado-por-mal-estar-generalizado\\\/#listItem\",\"name\":\"Pastor Isidoro \\u00e9 internado por mal estar generalizado\"},\"previousItem\":{\"@type\":\"ListItem\",\"@id\":\"https:\\\/\\\/newsinfoco.com.br\\\/inicio#listItem\",\"name\":\"In\\u00edcio\"}},{\"@type\":\"ListItem\",\"@id\":\"https:\\\/\\\/newsinfoco.com.br\\\/inicio\\\/pastor-isidoro-e-internado-por-mal-estar-generalizado\\\/#listItem\",\"position\":3,\"name\":\"Pastor Isidoro \\u00e9 internado por mal estar generalizado\",\"previousItem\":{\"@type\":\"ListItem\",\"@id\":\"https:\\\/\\\/newsinfoco.com.br\\\/inicio\\\/category\\\/bahia\\\/#listItem\",\"name\":\"Bahia\"}}]},{\"@type\":\"Organization\",\"@id\":\"https:\\\/\\\/newsinfoco.com.br\\\/inicio\\\/#organization\",\"name\":\"News In Foco - Editado por Caio Pimenta\",\"description\":\"O principal site de noticias de Alagoinhas e regi\\u00e3o\",\"url\":\"https:\\\/\\\/newsinfoco.com.br\\\/inicio\\\/\"},{\"@type\":\"Person\",\"@id\":\"https:\\\/\\\/newsinfoco.com.br\\\/inicio\\\/author\\\/administrador\\\/#author\",\"url\":\"https:\\\/\\\/newsinfoco.com.br\\\/inicio\\\/author\\\/administrador\\\/\",\"name\":\"administrador\",\"image\":{\"@type\":\"ImageObject\",\"@id\":\"https:\\\/\\\/newsinfoco.com.br\\\/inicio\\\/pastor-isidoro-e-internado-por-mal-estar-generalizado\\\/#authorImage\",\"url\":\"https:\\\/\\\/secure.gravatar.com\\\/avatar\\\/c17a617433de8c1dc9584bb79aab7563b46f5bb7e1728c9b17d9cc3ce6a08e49?s=96&d=mm&r=g\",\"width\":96,\"height\":96,\"caption\":\"administrador\"}},{\"@type\":\"WebPage\",\"@id\":\"https:\\\/\\\/newsinfoco.com.br\\\/inicio\\\/pastor-isidoro-e-internado-por-mal-estar-generalizado\\\/#webpage\",\"url\":\"https:\\\/\\\/newsinfoco.com.br\\\/inicio\\\/pastor-isidoro-e-internado-por-mal-estar-generalizado\\\/\",\"name\":\"Pastor Isidoro \\u00e9 internado por mal estar generalizado - News In Foco - Editado por Caio Pimenta\",\"description\":\"O deputado federal Pastor Sargento Isid\\u00f3rio (Avante) deu entrada no Hospital do Sub\\u00farbio, em Salvador, ap\\u00f3s sentir fortes dores no peito. A informa\\u00e7\\u00e3o foi confirmada pela assessoria do parlamentar por meio das suas redes sociais. Em seu perfil oficial do Instagram, o parlamentar aparece deitado em uma maca da unidade de sa\\u00fade e de m\\u00e1scara na tarde\",\"inLanguage\":\"pt-BR\",\"isPartOf\":{\"@id\":\"https:\\\/\\\/newsinfoco.com.br\\\/inicio\\\/#website\"},\"breadcrumb\":{\"@id\":\"https:\\\/\\\/newsinfoco.com.br\\\/inicio\\\/pastor-isidoro-e-internado-por-mal-estar-generalizado\\\/#breadcrumblist\"},\"author\":{\"@id\":\"https:\\\/\\\/newsinfoco.com.br\\\/inicio\\\/author\\\/administrador\\\/#author\"},\"creator\":{\"@id\":\"https:\\\/\\\/newsinfoco.com.br\\\/inicio\\\/author\\\/administrador\\\/#author\"},\"image\":{\"@type\":\"ImageObject\",\"url\":\"https:\\\/\\\/newsinfoco.com.br\\\/inicio\\\/wp-content\\\/uploads\\\/2025\\\/08\\\/Pastor-Isidorio.jpg\",\"@id\":\"https:\\\/\\\/newsinfoco.com.br\\\/inicio\\\/pastor-isidoro-e-internado-por-mal-estar-generalizado\\\/#mainImage\",\"width\":600,\"height\":420},\"primaryImageOfPage\":{\"@id\":\"https:\\\/\\\/newsinfoco.com.br\\\/inicio\\\/pastor-isidoro-e-internado-por-mal-estar-generalizado\\\/#mainImage\"},\"datePublished\":\"2025-08-19T13:15:35-03:00\",\"dateModified\":\"2025-08-19T13:54:35-03:00\"},{\"@type\":\"WebSite\",\"@id\":\"https:\\\/\\\/newsinfoco.com.br\\\/inicio\\\/#website\",\"url\":\"https:\\\/\\\/newsinfoco.com.br\\\/inicio\\\/\",\"name\":\"News In Foco - Editado por Caio Pimenta\",\"description\":\"O principal site de noticias de Alagoinhas e regi\\u00e3o\",\"inLanguage\":\"pt-BR\",\"publisher\":{\"@id\":\"https:\\\/\\\/newsinfoco.com.br\\\/inicio\\\/#organization\"}}]}\n\t\t<\/script>\n\t\t<!-- All in One SEO -->\n\n","aioseo_head_json":{"title":"Pastor Isidoro \u00e9 internado por mal estar generalizado - News In Foco - Editado por Caio Pimenta","description":"O deputado federal Pastor Sargento Isid\u00f3rio (Avante) deu entrada no Hospital do Sub\u00farbio, em Salvador, ap\u00f3s sentir fortes dores no peito. A informa\u00e7\u00e3o foi confirmada pela assessoria do parlamentar por meio das suas redes sociais. Em seu perfil oficial do Instagram, o parlamentar aparece deitado em uma maca da unidade de sa\u00fade e de m\u00e1scara na tarde","canonical_url":"https:\/\/newsinfoco.com.br\/inicio\/pastor-isidoro-e-internado-por-mal-estar-generalizado\/","robots":"max-image-preview:large","keywords":"","webmasterTools":{"miscellaneous":""},"schema":{"@context":"https:\/\/schema.org","@graph":[{"@type":"BlogPosting","@id":"https:\/\/newsinfoco.com.br\/inicio\/pastor-isidoro-e-internado-por-mal-estar-generalizado\/#blogposting","name":"Pastor Isidoro \u00e9 internado por mal estar generalizado - News In Foco - Editado por Caio Pimenta","headline":"Pastor Isidoro \u00e9 internado por mal estar generalizado","author":{"@id":"https:\/\/newsinfoco.com.br\/inicio\/author\/administrador\/#author"},"publisher":{"@id":"https:\/\/newsinfoco.com.br\/inicio\/#organization"},"image":{"@type":"ImageObject","url":"https:\/\/newsinfoco.com.br\/inicio\/wp-content\/uploads\/2025\/08\/Pastor-Isidorio.jpg","width":600,"height":420},"datePublished":"2025-08-19T13:15:35-03:00","dateModified":"2025-08-19T13:54:35-03:00","inLanguage":"pt-BR","mainEntityOfPage":{"@id":"https:\/\/newsinfoco.com.br\/inicio\/pastor-isidoro-e-internado-por-mal-estar-generalizado\/#webpage"},"isPartOf":{"@id":"https:\/\/newsinfoco.com.br\/inicio\/pastor-isidoro-e-internado-por-mal-estar-generalizado\/#webpage"},"articleSection":"Bahia"},{"@type":"BreadcrumbList","@id":"https:\/\/newsinfoco.com.br\/inicio\/pastor-isidoro-e-internado-por-mal-estar-generalizado\/#breadcrumblist","itemListElement":[{"@type":"ListItem","@id":"https:\/\/newsinfoco.com.br\/inicio#listItem","position":1,"name":"In\u00edcio","item":"https:\/\/newsinfoco.com.br\/inicio","nextItem":{"@type":"ListItem","@id":"https:\/\/newsinfoco.com.br\/inicio\/category\/bahia\/#listItem","name":"Bahia"}},{"@type":"ListItem","@id":"https:\/\/newsinfoco.com.br\/inicio\/category\/bahia\/#listItem","position":2,"name":"Bahia","item":"https:\/\/newsinfoco.com.br\/inicio\/category\/bahia\/","nextItem":{"@type":"ListItem","@id":"https:\/\/newsinfoco.com.br\/inicio\/pastor-isidoro-e-internado-por-mal-estar-generalizado\/#listItem","name":"Pastor Isidoro \u00e9 internado por mal estar generalizado"},"previousItem":{"@type":"ListItem","@id":"https:\/\/newsinfoco.com.br\/inicio#listItem","name":"In\u00edcio"}},{"@type":"ListItem","@id":"https:\/\/newsinfoco.com.br\/inicio\/pastor-isidoro-e-internado-por-mal-estar-generalizado\/#listItem","position":3,"name":"Pastor Isidoro \u00e9 internado por mal estar generalizado","previousItem":{"@type":"ListItem","@id":"https:\/\/newsinfoco.com.br\/inicio\/category\/bahia\/#listItem","name":"Bahia"}}]},{"@type":"Organization","@id":"https:\/\/newsinfoco.com.br\/inicio\/#organization","name":"News In Foco - Editado por Caio Pimenta","description":"O principal site de noticias de Alagoinhas e regi\u00e3o","url":"https:\/\/newsinfoco.com.br\/inicio\/"},{"@type":"Person","@id":"https:\/\/newsinfoco.com.br\/inicio\/author\/administrador\/#author","url":"https:\/\/newsinfoco.com.br\/inicio\/author\/administrador\/","name":"administrador","image":{"@type":"ImageObject","@id":"https:\/\/newsinfoco.com.br\/inicio\/pastor-isidoro-e-internado-por-mal-estar-generalizado\/#authorImage","url":"https:\/\/secure.gravatar.com\/avatar\/c17a617433de8c1dc9584bb79aab7563b46f5bb7e1728c9b17d9cc3ce6a08e49?s=96&d=mm&r=g","width":96,"height":96,"caption":"administrador"}},{"@type":"WebPage","@id":"https:\/\/newsinfoco.com.br\/inicio\/pastor-isidoro-e-internado-por-mal-estar-generalizado\/#webpage","url":"https:\/\/newsinfoco.com.br\/inicio\/pastor-isidoro-e-internado-por-mal-estar-generalizado\/","name":"Pastor Isidoro \u00e9 internado por mal estar generalizado - News In Foco - Editado por Caio Pimenta","description":"O deputado federal Pastor Sargento Isid\u00f3rio (Avante) deu entrada no Hospital do Sub\u00farbio, em Salvador, ap\u00f3s sentir fortes dores no peito. A informa\u00e7\u00e3o foi confirmada pela assessoria do parlamentar por meio das suas redes sociais. Em seu perfil oficial do Instagram, o parlamentar aparece deitado em uma maca da unidade de sa\u00fade e de m\u00e1scara na tarde","inLanguage":"pt-BR","isPartOf":{"@id":"https:\/\/newsinfoco.com.br\/inicio\/#website"},"breadcrumb":{"@id":"https:\/\/newsinfoco.com.br\/inicio\/pastor-isidoro-e-internado-por-mal-estar-generalizado\/#breadcrumblist"},"author":{"@id":"https:\/\/newsinfoco.com.br\/inicio\/author\/administrador\/#author"},"creator":{"@id":"https:\/\/newsinfoco.com.br\/inicio\/author\/administrador\/#author"},"image":{"@type":"ImageObject","url":"https:\/\/newsinfoco.com.br\/inicio\/wp-content\/uploads\/2025\/08\/Pastor-Isidorio.jpg","@id":"https:\/\/newsinfoco.com.br\/inicio\/pastor-isidoro-e-internado-por-mal-estar-generalizado\/#mainImage","width":600,"height":420},"primaryImageOfPage":{"@id":"https:\/\/newsinfoco.com.br\/inicio\/pastor-isidoro-e-internado-por-mal-estar-generalizado\/#mainImage"},"datePublished":"2025-08-19T13:15:35-03:00","dateModified":"2025-08-19T13:54:35-03:00"},{"@type":"WebSite","@id":"https:\/\/newsinfoco.com.br\/inicio\/#website","url":"https:\/\/newsinfoco.com.br\/inicio\/","name":"News In Foco - Editado por Caio Pimenta","description":"O principal site de noticias de Alagoinhas e regi\u00e3o","inLanguage":"pt-BR","publisher":{"@id":"https:\/\/newsinfoco.com.br\/inicio\/#organization"}}]},"og:locale":"pt_BR","og:site_name":"News In Foco - Editado por Caio Pimenta - O principal site de noticias de Alagoinhas e regi\u00e3o","og:type":"article","og:title":"Pastor Isidoro \u00e9 internado por mal estar generalizado - News In Foco - Editado por Caio Pimenta","og:description":"O deputado federal Pastor Sargento Isid\u00f3rio (Avante) deu entrada no Hospital do Sub\u00farbio, em Salvador, ap\u00f3s sentir fortes dores no peito. A informa\u00e7\u00e3o foi confirmada pela assessoria do parlamentar por meio das suas redes sociais. Em seu perfil oficial do Instagram, o parlamentar aparece deitado em uma maca da unidade de sa\u00fade e de m\u00e1scara na tarde","og:url":"https:\/\/newsinfoco.com.br\/inicio\/pastor-isidoro-e-internado-por-mal-estar-generalizado\/","article:published_time":"2025-08-19T16:15:35+00:00","article:modified_time":"2025-08-19T16:54:35+00:00","twitter:card":"summary_large_image","twitter:title":"Pastor Isidoro \u00e9 internado por mal estar generalizado - News In Foco - Editado por Caio Pimenta","twitter:description":"O deputado federal Pastor Sargento Isid\u00f3rio (Avante) deu entrada no Hospital do Sub\u00farbio, em Salvador, ap\u00f3s sentir fortes dores no peito. A informa\u00e7\u00e3o foi confirmada pela assessoria do parlamentar por meio das suas redes sociais. Em seu perfil oficial do Instagram, o parlamentar aparece deitado em uma maca da unidade de sa\u00fade e de m\u00e1scara na tarde"},"aioseo_meta_data":{"post_id":"44378","title":null,"description":null,"keywords":null,"keyphrases":{"focus":{"keyphrase":"","score":0,"analysis":{"keyphraseInTitle":{"score":0,"maxScore":9,"error":1}}},"additional":[]},"primary_term":null,"canonical_url":null,"og_title":null,"og_description":null,"og_object_type":"default","og_image_type":"default","og_image_url":null,"og_image_width":null,"og_image_height":null,"og_image_custom_url":null,"og_image_custom_fields":null,"og_video":"","og_custom_url":null,"og_article_section":null,"og_article_tags":null,"twitter_use_og":false,"twitter_card":"default","twitter_image_type":"default","twitter_image_url":null,"twitter_image_custom_url":null,"twitter_image_custom_fields":null,"twitter_title":null,"twitter_description":null,"schema":{"blockGraphs":[],"customGraphs":[],"default":{"data":{"Article":[],"Course":[],"Dataset":[],"FAQPage":[],"Movie":[],"Person":[],"Product":[],"ProductReview":[],"Car":[],"Recipe":[],"Service":[],"SoftwareApplication":[],"WebPage":[]},"graphName":"BlogPosting","isEnabled":true},"graphs":[]},"schema_type":"default","schema_type_options":null,"pillar_content":false,"robots_default":true,"robots_noindex":false,"robots_noarchive":false,"robots_nosnippet":false,"robots_nofollow":false,"robots_noimageindex":false,"robots_noodp":false,"robots_notranslate":false,"robots_max_snippet":"-1","robots_max_videopreview":"-1","robots_max_imagepreview":"large","priority":null,"frequency":"default","local_seo":null,"breadcrumb_settings":null,"limit_modified_date":false,"ai":{"faqs":[],"keyPoints":[],"titles":[],"descriptions":[],"socialPosts":{"email":[],"linkedin":[],"twitter":[],"facebook":[],"instagram":[]}},"created":"2025-08-19 16:15:35","updated":"2025-08-19 16:59:02","seo_analyzer_scan_date":null},"aioseo_breadcrumb":"<div class=\"aioseo-breadcrumbs\"><span class=\"aioseo-breadcrumb\">\n\t\t\t<a href=\"https:\/\/newsinfoco.com.br\/inicio\" title=\"In\u00edcio\">In\u00edcio<\/a>\n\t\t<\/span><span class=\"aioseo-breadcrumb-separator\">&raquo;<\/span><span class=\"aioseo-breadcrumb\">\n\t\t\t<a href=\"https:\/\/newsinfoco.com.br\/inicio\/category\/bahia\/\" title=\"Bahia\">Bahia<\/a>\n\t\t<\/span><span class=\"aioseo-breadcrumb-separator\">&raquo;<\/span><span class=\"aioseo-breadcrumb\">\n\t\t\tPastor Isidoro \u00e9 internado por mal estar generalizado\n\t\t<\/span><\/div>","aioseo_breadcrumb_json":[{"label":"In\u00edcio","link":"https:\/\/newsinfoco.com.br\/inicio"},{"label":"Bahia","link":"https:\/\/newsinfoco.com.br\/inicio\/category\/bahia\/"},{"label":"Pastor Isidoro \u00e9 internado por mal estar generalizado","link":"https:\/\/newsinfoco.com.br\/inicio\/pastor-isidoro-e-internado-por-mal-estar-generalizado\/"}],"_links":{"self":[{"href":"https:\/\/newsinfoco.com.br\/inicio\/wp-json\/wp\/v2\/posts\/44378","targetHints":{"allow":["GET"]}}],"collection":[{"href":"https:\/\/newsinfoco.com.br\/inicio\/wp-json\/wp\/v2\/posts"}],"about":[{"href":"https:\/\/newsinfoco.com.br\/inicio\/wp-json\/wp\/v2\/types\/post"}],"author":[{"embeddable":true,"href":"https:\/\/newsinfoco.com.br\/inicio\/wp-json\/wp\/v2\/users\/1"}],"replies":[{"embeddable":true,"href":"https:\/\/newsinfoco.com.br\/inicio\/wp-json\/wp\/v2\/comments?post=44378"}],"version-history":[{"count":3,"href":"https:\/\/newsinfoco.com.br\/inicio\/wp-json\/wp\/v2\/posts\/44378\/revisions"}],"predecessor-version":[{"id":44394,"href":"https:\/\/newsinfoco.com.br\/inicio\/wp-json\/wp\/v2\/posts\/44378\/revisions\/44394"}],"wp:featuredmedia":[{"embeddable":true,"href":"https:\/\/newsinfoco.com.br\/inicio\/wp-json\/wp\/v2\/media\/44379"}],"wp:attachment":[{"href":"https:\/\/newsinfoco.com.br\/inicio\/wp-json\/wp\/v2\/media?parent=44378"}],"wp:term":[{"taxonomy":"category","embeddable":true,"href":"https:\/\/newsinfoco.com.br\/inicio\/wp-json\/wp\/v2\/categories?post=44378"},{"taxonomy":"post_tag","embeddable":true,"href":"https:\/\/newsinfoco.com.br\/inicio\/wp-json\/wp\/v2\/tags?post=44378"}],"curies":[{"name":"wp","href":"https:\/\/api.w.org\/{rel}","templated":true}]}}