{"id":44384,"date":"2025-08-19T13:33:27","date_gmt":"2025-08-19T16:33:27","guid":{"rendered":"https:\/\/newsinfoco.com.br\/inicio\/?p=44384"},"modified":"2025-08-19T13:33:27","modified_gmt":"2025-08-19T16:33:27","slug":"djavan-celebra-50-anos-de-carreira-com-novo-album-e-turne-especial","status":"publish","type":"post","link":"https:\/\/newsinfoco.com.br\/inicio\/djavan-celebra-50-anos-de-carreira-com-novo-album-e-turne-especial\/","title":{"rendered":"Djavan celebra 50 anos de carreira com novo \u00e1lbum e turn\u00ea especial"},"content":{"rendered":"<p data-start=\"223\" data-end=\"366\">Djavan anunciou novidades para celebrar seus 50 anos de carreira: o lan\u00e7amento de seu 26\u00ba \u00e1lbum de m\u00fasicas in\u00e9ditas e uma turn\u00ea comemorativa.<\/p>\n<p data-start=\"368\" data-end=\"731\">Em publica\u00e7\u00e3o nas redes sociais, o cantor revelou que far\u00e1 uma turn\u00ea \u201csuper especial\u201d para marcar o quinquag\u00e9simo anivers\u00e1rio do \u00e1lbum\u00a0<em data-start=\"503\" data-end=\"540\">A Voz, o Viol\u00e3o, a M\u00fasica de Djavan<\/em>, de 1976, que apresentou ao p\u00fablico sucessos como\u00a0<em data-start=\"591\" data-end=\"604\">Flor de Lis<\/em>\u00a0e\u00a0<em data-start=\"607\" data-end=\"623\">Fato Consumado<\/em>. A agenda completa de shows ainda n\u00e3o foi divulgada, mas novas informa\u00e7\u00f5es devem ser anunciadas em breve.<\/p>\n<div>\n<div class=\"trv-player-container\">\n<div class=\"trv-wrapper\">\n<div id=\"br_video_player_adb8f0dccfbbb62ab6d30868d33f7c9dc3c659f9\" class=\"trvd_video_player trvdinstream\">\n<div class=\"media-player\">\n<div class=\"trv-video\">\n<div id=\"truvid_ima_container15969\" class=\"truvid_ima_container\">\n<div class=\"conteudo_post\">\n<p data-start=\"733\" data-end=\"951\">A turn\u00ea coincidir\u00e1 com o lan\u00e7amento do disco\u00a0<em data-start=\"778\" data-end=\"789\">Improviso<\/em>, previsto para 13 de novembro, com doze faixas in\u00e9ditas. \u201cNosso alagoano preferido est\u00e1 dando os \u00faltimos retoques no seu 26\u00ba disco de in\u00e9ditas\u201d, diz o an\u00fancio.<\/p>\n<p data-start=\"953\" data-end=\"1260\" data-is-last-node=\"\" data-is-only-node=\"\">Desde sua estreia, Djavan construiu uma carreira prol\u00edfica, com quase 40 \u00e1lbuns, entre grava\u00e7\u00f5es de est\u00fadio e registros ao vivo, e obras marcantes para a m\u00fasica brasileira. Entre elas,\u00a0<em data-start=\"1138\" data-end=\"1143\">Luz<\/em>\u00a0(1982), que traz a parceria com Stevie Wonder em\u00a0<em data-start=\"1193\" data-end=\"1202\">Samurai<\/em>\u00a0e\u00a0<em data-start=\"1205\" data-end=\"1211\">Sina<\/em>;\u00a0<em data-start=\"1213\" data-end=\"1221\">Djavan<\/em>\u00a0(1989); e\u00a0<em data-start=\"1232\" data-end=\"1250\">Coisa de Acender<\/em>\u00a0(1992).<\/p>\n<\/div>\n<div class=\"ui items\">\n<div class=\"item\">\n<div class=\"conteudo_post\">\n<p data-start=\"953\" data-end=\"1260\" data-is-last-node=\"\" data-is-only-node=\"\">Bahia.Ba<\/p>\n<\/div>\n<\/div>\n<\/div>\n<\/div>\n<\/div>\n<\/div>\n<\/div>\n<\/div>\n<\/div>\n<\/div>\n<div class='share-to-whatsapp-wrapper'><div class='share-on-whsp'>Share on: <\/div><a data-text='Djavan celebra 50 anos de carreira com novo \u00e1lbum e turn\u00ea especial' data-link='https:\/\/newsinfoco.com.br\/inicio\/djavan-celebra-50-anos-de-carreira-com-novo-album-e-turne-especial\/' class='whatsapp-button whatsapp-share'>WhatsApp<\/a><div class='clear '><\/div><\/div>","protected":false},"excerpt":{"rendered":"<p>Djavan anunciou novidades para celebrar seus 50 anos de carreira: o lan\u00e7amento de seu 26\u00ba \u00e1lbum de m\u00fasicas in\u00e9ditas e uma turn\u00ea comemorativa. Em publica\u00e7\u00e3o nas redes sociais, o cantor revelou que far\u00e1 uma turn\u00ea \u201csuper especial\u201d para marcar o quinquag\u00e9simo anivers\u00e1rio do \u00e1lbum\u00a0A Voz, o Viol\u00e3o, a M\u00fasica de Djavan, de 1976, que apresentou [&hellip;]<\/p>\n","protected":false},"author":1,"featured_media":44385,"comment_status":"closed","ping_status":"closed","sticky":false,"template":"","format":"standard","meta":{"om_disable_all_campaigns":false,"rop_custom_images_group":[],"rop_custom_messages_group":[],"rop_publish_now":"initial","rop_publish_now_accounts":[],"rop_publish_now_history":[],"rop_publish_now_status":"pending","_exactmetrics_skip_tracking":false,"footnotes":""},"categories":[21],"tags":[],"class_list":["post-44384","post","type-post","status-publish","format-standard","has-post-thumbnail","hentry","category-brasil"],"aioseo_notices":[],"aioseo_head":"\n\t\t<!-- All in One SEO 4.9.10 - aioseo.com -->\n\t<meta name=\"description\" content=\"Djavan anunciou novidades para celebrar seus 50 anos de carreira: o lan\u00e7amento de seu 26\u00ba \u00e1lbum de m\u00fasicas in\u00e9ditas e uma turn\u00ea comemorativa. Em publica\u00e7\u00e3o nas redes sociais, o cantor revelou que far\u00e1 uma turn\u00ea \u201csuper especial\u201d para marcar o quinquag\u00e9simo anivers\u00e1rio do \u00e1lbum A Voz, o Viol\u00e3o, a M\u00fasica de Djavan, de 1976, que apresentou\" \/>\n\t<meta name=\"robots\" content=\"max-image-preview:large\" \/>\n\t<meta name=\"author\" content=\"administrador\"\/>\n\t<link rel=\"canonical\" href=\"https:\/\/newsinfoco.com.br\/inicio\/djavan-celebra-50-anos-de-carreira-com-novo-album-e-turne-especial\/\" \/>\n\t<meta name=\"generator\" content=\"All in One SEO (AIOSEO) 4.9.10\" \/>\n\t\t<meta property=\"og:locale\" content=\"pt_BR\" \/>\n\t\t<meta property=\"og:site_name\" content=\"News In Foco - Editado por Caio Pimenta - O principal site de noticias de Alagoinhas e regi\u00e3o\" \/>\n\t\t<meta property=\"og:type\" content=\"article\" \/>\n\t\t<meta property=\"og:title\" content=\"Djavan celebra 50 anos de carreira com novo \u00e1lbum e turn\u00ea especial - News In Foco - Editado por Caio Pimenta\" \/>\n\t\t<meta property=\"og:description\" content=\"Djavan anunciou novidades para celebrar seus 50 anos de carreira: o lan\u00e7amento de seu 26\u00ba \u00e1lbum de m\u00fasicas in\u00e9ditas e uma turn\u00ea comemorativa. Em publica\u00e7\u00e3o nas redes sociais, o cantor revelou que far\u00e1 uma turn\u00ea \u201csuper especial\u201d para marcar o quinquag\u00e9simo anivers\u00e1rio do \u00e1lbum A Voz, o Viol\u00e3o, a M\u00fasica de Djavan, de 1976, que apresentou\" \/>\n\t\t<meta property=\"og:url\" content=\"https:\/\/newsinfoco.com.br\/inicio\/djavan-celebra-50-anos-de-carreira-com-novo-album-e-turne-especial\/\" \/>\n\t\t<meta property=\"article:published_time\" content=\"2025-08-19T16:33:27+00:00\" \/>\n\t\t<meta property=\"article:modified_time\" content=\"2025-08-19T16:33:27+00:00\" \/>\n\t\t<meta name=\"twitter:card\" content=\"summary_large_image\" \/>\n\t\t<meta name=\"twitter:title\" content=\"Djavan celebra 50 anos de carreira com novo \u00e1lbum e turn\u00ea especial - News In Foco - Editado por Caio Pimenta\" \/>\n\t\t<meta name=\"twitter:description\" content=\"Djavan anunciou novidades para celebrar seus 50 anos de carreira: o lan\u00e7amento de seu 26\u00ba \u00e1lbum de m\u00fasicas in\u00e9ditas e uma turn\u00ea comemorativa. Em publica\u00e7\u00e3o nas redes sociais, o cantor revelou que far\u00e1 uma turn\u00ea \u201csuper especial\u201d para marcar o quinquag\u00e9simo anivers\u00e1rio do \u00e1lbum A Voz, o Viol\u00e3o, a M\u00fasica de Djavan, de 1976, que apresentou\" \/>\n\t\t<script type=\"application\/ld+json\" class=\"aioseo-schema\">\n\t\t\t{\"@context\":\"https:\\\/\\\/schema.org\",\"@graph\":[{\"@type\":\"BlogPosting\",\"@id\":\"https:\\\/\\\/newsinfoco.com.br\\\/inicio\\\/djavan-celebra-50-anos-de-carreira-com-novo-album-e-turne-especial\\\/#blogposting\",\"name\":\"Djavan celebra 50 anos de carreira com novo \\u00e1lbum e turn\\u00ea especial - News In Foco - Editado por Caio Pimenta\",\"headline\":\"Djavan celebra 50 anos de carreira com novo \\u00e1lbum e turn\\u00ea especial\",\"author\":{\"@id\":\"https:\\\/\\\/newsinfoco.com.br\\\/inicio\\\/author\\\/administrador\\\/#author\"},\"publisher\":{\"@id\":\"https:\\\/\\\/newsinfoco.com.br\\\/inicio\\\/#organization\"},\"image\":{\"@type\":\"ImageObject\",\"url\":\"https:\\\/\\\/newsinfoco.com.br\\\/inicio\\\/wp-content\\\/uploads\\\/2025\\\/08\\\/Design-sem-nome-11-1.png\",\"width\":600,\"height\":420},\"datePublished\":\"2025-08-19T13:33:27-03:00\",\"dateModified\":\"2025-08-19T13:33:27-03:00\",\"inLanguage\":\"pt-BR\",\"mainEntityOfPage\":{\"@id\":\"https:\\\/\\\/newsinfoco.com.br\\\/inicio\\\/djavan-celebra-50-anos-de-carreira-com-novo-album-e-turne-especial\\\/#webpage\"},\"isPartOf\":{\"@id\":\"https:\\\/\\\/newsinfoco.com.br\\\/inicio\\\/djavan-celebra-50-anos-de-carreira-com-novo-album-e-turne-especial\\\/#webpage\"},\"articleSection\":\"Brasil\"},{\"@type\":\"BreadcrumbList\",\"@id\":\"https:\\\/\\\/newsinfoco.com.br\\\/inicio\\\/djavan-celebra-50-anos-de-carreira-com-novo-album-e-turne-especial\\\/#breadcrumblist\",\"itemListElement\":[{\"@type\":\"ListItem\",\"@id\":\"https:\\\/\\\/newsinfoco.com.br\\\/inicio#listItem\",\"position\":1,\"name\":\"In\\u00edcio\",\"item\":\"https:\\\/\\\/newsinfoco.com.br\\\/inicio\",\"nextItem\":{\"@type\":\"ListItem\",\"@id\":\"https:\\\/\\\/newsinfoco.com.br\\\/inicio\\\/category\\\/brasil\\\/#listItem\",\"name\":\"Brasil\"}},{\"@type\":\"ListItem\",\"@id\":\"https:\\\/\\\/newsinfoco.com.br\\\/inicio\\\/category\\\/brasil\\\/#listItem\",\"position\":2,\"name\":\"Brasil\",\"item\":\"https:\\\/\\\/newsinfoco.com.br\\\/inicio\\\/category\\\/brasil\\\/\",\"nextItem\":{\"@type\":\"ListItem\",\"@id\":\"https:\\\/\\\/newsinfoco.com.br\\\/inicio\\\/djavan-celebra-50-anos-de-carreira-com-novo-album-e-turne-especial\\\/#listItem\",\"name\":\"Djavan celebra 50 anos de carreira com novo \\u00e1lbum e turn\\u00ea especial\"},\"previousItem\":{\"@type\":\"ListItem\",\"@id\":\"https:\\\/\\\/newsinfoco.com.br\\\/inicio#listItem\",\"name\":\"In\\u00edcio\"}},{\"@type\":\"ListItem\",\"@id\":\"https:\\\/\\\/newsinfoco.com.br\\\/inicio\\\/djavan-celebra-50-anos-de-carreira-com-novo-album-e-turne-especial\\\/#listItem\",\"position\":3,\"name\":\"Djavan celebra 50 anos de carreira com novo \\u00e1lbum e turn\\u00ea especial\",\"previousItem\":{\"@type\":\"ListItem\",\"@id\":\"https:\\\/\\\/newsinfoco.com.br\\\/inicio\\\/category\\\/brasil\\\/#listItem\",\"name\":\"Brasil\"}}]},{\"@type\":\"Organization\",\"@id\":\"https:\\\/\\\/newsinfoco.com.br\\\/inicio\\\/#organization\",\"name\":\"News In Foco - Editado por Caio Pimenta\",\"description\":\"O principal site de noticias de Alagoinhas e regi\\u00e3o\",\"url\":\"https:\\\/\\\/newsinfoco.com.br\\\/inicio\\\/\"},{\"@type\":\"Person\",\"@id\":\"https:\\\/\\\/newsinfoco.com.br\\\/inicio\\\/author\\\/administrador\\\/#author\",\"url\":\"https:\\\/\\\/newsinfoco.com.br\\\/inicio\\\/author\\\/administrador\\\/\",\"name\":\"administrador\",\"image\":{\"@type\":\"ImageObject\",\"@id\":\"https:\\\/\\\/newsinfoco.com.br\\\/inicio\\\/djavan-celebra-50-anos-de-carreira-com-novo-album-e-turne-especial\\\/#authorImage\",\"url\":\"https:\\\/\\\/secure.gravatar.com\\\/avatar\\\/c17a617433de8c1dc9584bb79aab7563b46f5bb7e1728c9b17d9cc3ce6a08e49?s=96&d=mm&r=g\",\"width\":96,\"height\":96,\"caption\":\"administrador\"}},{\"@type\":\"WebPage\",\"@id\":\"https:\\\/\\\/newsinfoco.com.br\\\/inicio\\\/djavan-celebra-50-anos-de-carreira-com-novo-album-e-turne-especial\\\/#webpage\",\"url\":\"https:\\\/\\\/newsinfoco.com.br\\\/inicio\\\/djavan-celebra-50-anos-de-carreira-com-novo-album-e-turne-especial\\\/\",\"name\":\"Djavan celebra 50 anos de carreira com novo \\u00e1lbum e turn\\u00ea especial - News In Foco - Editado por Caio Pimenta\",\"description\":\"Djavan anunciou novidades para celebrar seus 50 anos de carreira: o lan\\u00e7amento de seu 26\\u00ba \\u00e1lbum de m\\u00fasicas in\\u00e9ditas e uma turn\\u00ea comemorativa. Em publica\\u00e7\\u00e3o nas redes sociais, o cantor revelou que far\\u00e1 uma turn\\u00ea \\u201csuper especial\\u201d para marcar o quinquag\\u00e9simo anivers\\u00e1rio do \\u00e1lbum A Voz, o Viol\\u00e3o, a M\\u00fasica de Djavan, de 1976, que apresentou\",\"inLanguage\":\"pt-BR\",\"isPartOf\":{\"@id\":\"https:\\\/\\\/newsinfoco.com.br\\\/inicio\\\/#website\"},\"breadcrumb\":{\"@id\":\"https:\\\/\\\/newsinfoco.com.br\\\/inicio\\\/djavan-celebra-50-anos-de-carreira-com-novo-album-e-turne-especial\\\/#breadcrumblist\"},\"author\":{\"@id\":\"https:\\\/\\\/newsinfoco.com.br\\\/inicio\\\/author\\\/administrador\\\/#author\"},\"creator\":{\"@id\":\"https:\\\/\\\/newsinfoco.com.br\\\/inicio\\\/author\\\/administrador\\\/#author\"},\"image\":{\"@type\":\"ImageObject\",\"url\":\"https:\\\/\\\/newsinfoco.com.br\\\/inicio\\\/wp-content\\\/uploads\\\/2025\\\/08\\\/Design-sem-nome-11-1.png\",\"@id\":\"https:\\\/\\\/newsinfoco.com.br\\\/inicio\\\/djavan-celebra-50-anos-de-carreira-com-novo-album-e-turne-especial\\\/#mainImage\",\"width\":600,\"height\":420},\"primaryImageOfPage\":{\"@id\":\"https:\\\/\\\/newsinfoco.com.br\\\/inicio\\\/djavan-celebra-50-anos-de-carreira-com-novo-album-e-turne-especial\\\/#mainImage\"},\"datePublished\":\"2025-08-19T13:33:27-03:00\",\"dateModified\":\"2025-08-19T13:33:27-03:00\"},{\"@type\":\"WebSite\",\"@id\":\"https:\\\/\\\/newsinfoco.com.br\\\/inicio\\\/#website\",\"url\":\"https:\\\/\\\/newsinfoco.com.br\\\/inicio\\\/\",\"name\":\"News In Foco - Editado por Caio Pimenta\",\"description\":\"O principal site de noticias de Alagoinhas e regi\\u00e3o\",\"inLanguage\":\"pt-BR\",\"publisher\":{\"@id\":\"https:\\\/\\\/newsinfoco.com.br\\\/inicio\\\/#organization\"}}]}\n\t\t<\/script>\n\t\t<!-- All in One SEO -->\n\n","aioseo_head_json":{"title":"Djavan celebra 50 anos de carreira com novo \u00e1lbum e turn\u00ea especial - News In Foco - Editado por Caio Pimenta","description":"Djavan anunciou novidades para celebrar seus 50 anos de carreira: o lan\u00e7amento de seu 26\u00ba \u00e1lbum de m\u00fasicas in\u00e9ditas e uma turn\u00ea comemorativa. Em publica\u00e7\u00e3o nas redes sociais, o cantor revelou que far\u00e1 uma turn\u00ea \u201csuper especial\u201d para marcar o quinquag\u00e9simo anivers\u00e1rio do \u00e1lbum A Voz, o Viol\u00e3o, a M\u00fasica de Djavan, de 1976, que apresentou","canonical_url":"https:\/\/newsinfoco.com.br\/inicio\/djavan-celebra-50-anos-de-carreira-com-novo-album-e-turne-especial\/","robots":"max-image-preview:large","keywords":"","webmasterTools":{"miscellaneous":""},"schema":{"@context":"https:\/\/schema.org","@graph":[{"@type":"BlogPosting","@id":"https:\/\/newsinfoco.com.br\/inicio\/djavan-celebra-50-anos-de-carreira-com-novo-album-e-turne-especial\/#blogposting","name":"Djavan celebra 50 anos de carreira com novo \u00e1lbum e turn\u00ea especial - News In Foco - Editado por Caio Pimenta","headline":"Djavan celebra 50 anos de carreira com novo \u00e1lbum e turn\u00ea especial","author":{"@id":"https:\/\/newsinfoco.com.br\/inicio\/author\/administrador\/#author"},"publisher":{"@id":"https:\/\/newsinfoco.com.br\/inicio\/#organization"},"image":{"@type":"ImageObject","url":"https:\/\/newsinfoco.com.br\/inicio\/wp-content\/uploads\/2025\/08\/Design-sem-nome-11-1.png","width":600,"height":420},"datePublished":"2025-08-19T13:33:27-03:00","dateModified":"2025-08-19T13:33:27-03:00","inLanguage":"pt-BR","mainEntityOfPage":{"@id":"https:\/\/newsinfoco.com.br\/inicio\/djavan-celebra-50-anos-de-carreira-com-novo-album-e-turne-especial\/#webpage"},"isPartOf":{"@id":"https:\/\/newsinfoco.com.br\/inicio\/djavan-celebra-50-anos-de-carreira-com-novo-album-e-turne-especial\/#webpage"},"articleSection":"Brasil"},{"@type":"BreadcrumbList","@id":"https:\/\/newsinfoco.com.br\/inicio\/djavan-celebra-50-anos-de-carreira-com-novo-album-e-turne-especial\/#breadcrumblist","itemListElement":[{"@type":"ListItem","@id":"https:\/\/newsinfoco.com.br\/inicio#listItem","position":1,"name":"In\u00edcio","item":"https:\/\/newsinfoco.com.br\/inicio","nextItem":{"@type":"ListItem","@id":"https:\/\/newsinfoco.com.br\/inicio\/category\/brasil\/#listItem","name":"Brasil"}},{"@type":"ListItem","@id":"https:\/\/newsinfoco.com.br\/inicio\/category\/brasil\/#listItem","position":2,"name":"Brasil","item":"https:\/\/newsinfoco.com.br\/inicio\/category\/brasil\/","nextItem":{"@type":"ListItem","@id":"https:\/\/newsinfoco.com.br\/inicio\/djavan-celebra-50-anos-de-carreira-com-novo-album-e-turne-especial\/#listItem","name":"Djavan celebra 50 anos de carreira com novo \u00e1lbum e turn\u00ea especial"},"previousItem":{"@type":"ListItem","@id":"https:\/\/newsinfoco.com.br\/inicio#listItem","name":"In\u00edcio"}},{"@type":"ListItem","@id":"https:\/\/newsinfoco.com.br\/inicio\/djavan-celebra-50-anos-de-carreira-com-novo-album-e-turne-especial\/#listItem","position":3,"name":"Djavan celebra 50 anos de carreira com novo \u00e1lbum e turn\u00ea especial","previousItem":{"@type":"ListItem","@id":"https:\/\/newsinfoco.com.br\/inicio\/category\/brasil\/#listItem","name":"Brasil"}}]},{"@type":"Organization","@id":"https:\/\/newsinfoco.com.br\/inicio\/#organization","name":"News In Foco - Editado por Caio Pimenta","description":"O principal site de noticias de Alagoinhas e regi\u00e3o","url":"https:\/\/newsinfoco.com.br\/inicio\/"},{"@type":"Person","@id":"https:\/\/newsinfoco.com.br\/inicio\/author\/administrador\/#author","url":"https:\/\/newsinfoco.com.br\/inicio\/author\/administrador\/","name":"administrador","image":{"@type":"ImageObject","@id":"https:\/\/newsinfoco.com.br\/inicio\/djavan-celebra-50-anos-de-carreira-com-novo-album-e-turne-especial\/#authorImage","url":"https:\/\/secure.gravatar.com\/avatar\/c17a617433de8c1dc9584bb79aab7563b46f5bb7e1728c9b17d9cc3ce6a08e49?s=96&d=mm&r=g","width":96,"height":96,"caption":"administrador"}},{"@type":"WebPage","@id":"https:\/\/newsinfoco.com.br\/inicio\/djavan-celebra-50-anos-de-carreira-com-novo-album-e-turne-especial\/#webpage","url":"https:\/\/newsinfoco.com.br\/inicio\/djavan-celebra-50-anos-de-carreira-com-novo-album-e-turne-especial\/","name":"Djavan celebra 50 anos de carreira com novo \u00e1lbum e turn\u00ea especial - News In Foco - Editado por Caio Pimenta","description":"Djavan anunciou novidades para celebrar seus 50 anos de carreira: o lan\u00e7amento de seu 26\u00ba \u00e1lbum de m\u00fasicas in\u00e9ditas e uma turn\u00ea comemorativa. Em publica\u00e7\u00e3o nas redes sociais, o cantor revelou que far\u00e1 uma turn\u00ea \u201csuper especial\u201d para marcar o quinquag\u00e9simo anivers\u00e1rio do \u00e1lbum A Voz, o Viol\u00e3o, a M\u00fasica de Djavan, de 1976, que apresentou","inLanguage":"pt-BR","isPartOf":{"@id":"https:\/\/newsinfoco.com.br\/inicio\/#website"},"breadcrumb":{"@id":"https:\/\/newsinfoco.com.br\/inicio\/djavan-celebra-50-anos-de-carreira-com-novo-album-e-turne-especial\/#breadcrumblist"},"author":{"@id":"https:\/\/newsinfoco.com.br\/inicio\/author\/administrador\/#author"},"creator":{"@id":"https:\/\/newsinfoco.com.br\/inicio\/author\/administrador\/#author"},"image":{"@type":"ImageObject","url":"https:\/\/newsinfoco.com.br\/inicio\/wp-content\/uploads\/2025\/08\/Design-sem-nome-11-1.png","@id":"https:\/\/newsinfoco.com.br\/inicio\/djavan-celebra-50-anos-de-carreira-com-novo-album-e-turne-especial\/#mainImage","width":600,"height":420},"primaryImageOfPage":{"@id":"https:\/\/newsinfoco.com.br\/inicio\/djavan-celebra-50-anos-de-carreira-com-novo-album-e-turne-especial\/#mainImage"},"datePublished":"2025-08-19T13:33:27-03:00","dateModified":"2025-08-19T13:33:27-03:00"},{"@type":"WebSite","@id":"https:\/\/newsinfoco.com.br\/inicio\/#website","url":"https:\/\/newsinfoco.com.br\/inicio\/","name":"News In Foco - Editado por Caio Pimenta","description":"O principal site de noticias de Alagoinhas e regi\u00e3o","inLanguage":"pt-BR","publisher":{"@id":"https:\/\/newsinfoco.com.br\/inicio\/#organization"}}]},"og:locale":"pt_BR","og:site_name":"News In Foco - Editado por Caio Pimenta - O principal site de noticias de Alagoinhas e regi\u00e3o","og:type":"article","og:title":"Djavan celebra 50 anos de carreira com novo \u00e1lbum e turn\u00ea especial - News In Foco - Editado por Caio Pimenta","og:description":"Djavan anunciou novidades para celebrar seus 50 anos de carreira: o lan\u00e7amento de seu 26\u00ba \u00e1lbum de m\u00fasicas in\u00e9ditas e uma turn\u00ea comemorativa. Em publica\u00e7\u00e3o nas redes sociais, o cantor revelou que far\u00e1 uma turn\u00ea \u201csuper especial\u201d para marcar o quinquag\u00e9simo anivers\u00e1rio do \u00e1lbum A Voz, o Viol\u00e3o, a M\u00fasica de Djavan, de 1976, que apresentou","og:url":"https:\/\/newsinfoco.com.br\/inicio\/djavan-celebra-50-anos-de-carreira-com-novo-album-e-turne-especial\/","article:published_time":"2025-08-19T16:33:27+00:00","article:modified_time":"2025-08-19T16:33:27+00:00","twitter:card":"summary_large_image","twitter:title":"Djavan celebra 50 anos de carreira com novo \u00e1lbum e turn\u00ea especial - News In Foco - Editado por Caio Pimenta","twitter:description":"Djavan anunciou novidades para celebrar seus 50 anos de carreira: o lan\u00e7amento de seu 26\u00ba \u00e1lbum de m\u00fasicas in\u00e9ditas e uma turn\u00ea comemorativa. Em publica\u00e7\u00e3o nas redes sociais, o cantor revelou que far\u00e1 uma turn\u00ea \u201csuper especial\u201d para marcar o quinquag\u00e9simo anivers\u00e1rio do \u00e1lbum A Voz, o Viol\u00e3o, a M\u00fasica de Djavan, de 1976, que apresentou"},"aioseo_meta_data":{"post_id":"44384","title":null,"description":null,"keywords":null,"keyphrases":{"focus":{"keyphrase":"","score":0,"analysis":{"keyphraseInTitle":{"score":0,"maxScore":9,"error":1}}},"additional":[]},"primary_term":null,"canonical_url":null,"og_title":null,"og_description":null,"og_object_type":"default","og_image_type":"default","og_image_url":null,"og_image_width":null,"og_image_height":null,"og_image_custom_url":null,"og_image_custom_fields":null,"og_video":"","og_custom_url":null,"og_article_section":null,"og_article_tags":null,"twitter_use_og":false,"twitter_card":"default","twitter_image_type":"default","twitter_image_url":null,"twitter_image_custom_url":null,"twitter_image_custom_fields":null,"twitter_title":null,"twitter_description":null,"schema":{"blockGraphs":[],"customGraphs":[],"default":{"data":{"Article":[],"Course":[],"Dataset":[],"FAQPage":[],"Movie":[],"Person":[],"Product":[],"ProductReview":[],"Car":[],"Recipe":[],"Service":[],"SoftwareApplication":[],"WebPage":[]},"graphName":"BlogPosting","isEnabled":true},"graphs":[]},"schema_type":"default","schema_type_options":null,"pillar_content":false,"robots_default":true,"robots_noindex":false,"robots_noarchive":false,"robots_nosnippet":false,"robots_nofollow":false,"robots_noimageindex":false,"robots_noodp":false,"robots_notranslate":false,"robots_max_snippet":"-1","robots_max_videopreview":"-1","robots_max_imagepreview":"large","priority":null,"frequency":"default","local_seo":null,"breadcrumb_settings":null,"limit_modified_date":false,"ai":{"faqs":[],"keyPoints":[],"titles":[],"descriptions":[],"socialPosts":{"email":[],"linkedin":[],"twitter":[],"facebook":[],"instagram":[]}},"created":"2025-08-19 16:33:27","updated":"2025-08-19 16:42:51","seo_analyzer_scan_date":null},"aioseo_breadcrumb":"<div class=\"aioseo-breadcrumbs\"><span class=\"aioseo-breadcrumb\">\n\t\t\t<a href=\"https:\/\/newsinfoco.com.br\/inicio\" title=\"In\u00edcio\">In\u00edcio<\/a>\n\t\t<\/span><span class=\"aioseo-breadcrumb-separator\">&raquo;<\/span><span class=\"aioseo-breadcrumb\">\n\t\t\t<a href=\"https:\/\/newsinfoco.com.br\/inicio\/category\/brasil\/\" title=\"Brasil\">Brasil<\/a>\n\t\t<\/span><span class=\"aioseo-breadcrumb-separator\">&raquo;<\/span><span class=\"aioseo-breadcrumb\">\n\t\t\tDjavan celebra 50 anos de carreira com novo \u00e1lbum e turn\u00ea especial\n\t\t<\/span><\/div>","aioseo_breadcrumb_json":[{"label":"In\u00edcio","link":"https:\/\/newsinfoco.com.br\/inicio"},{"label":"Brasil","link":"https:\/\/newsinfoco.com.br\/inicio\/category\/brasil\/"},{"label":"Djavan celebra 50 anos de carreira com novo \u00e1lbum e turn\u00ea especial","link":"https:\/\/newsinfoco.com.br\/inicio\/djavan-celebra-50-anos-de-carreira-com-novo-album-e-turne-especial\/"}],"_links":{"self":[{"href":"https:\/\/newsinfoco.com.br\/inicio\/wp-json\/wp\/v2\/posts\/44384","targetHints":{"allow":["GET"]}}],"collection":[{"href":"https:\/\/newsinfoco.com.br\/inicio\/wp-json\/wp\/v2\/posts"}],"about":[{"href":"https:\/\/newsinfoco.com.br\/inicio\/wp-json\/wp\/v2\/types\/post"}],"author":[{"embeddable":true,"href":"https:\/\/newsinfoco.com.br\/inicio\/wp-json\/wp\/v2\/users\/1"}],"replies":[{"embeddable":true,"href":"https:\/\/newsinfoco.com.br\/inicio\/wp-json\/wp\/v2\/comments?post=44384"}],"version-history":[{"count":1,"href":"https:\/\/newsinfoco.com.br\/inicio\/wp-json\/wp\/v2\/posts\/44384\/revisions"}],"predecessor-version":[{"id":44386,"href":"https:\/\/newsinfoco.com.br\/inicio\/wp-json\/wp\/v2\/posts\/44384\/revisions\/44386"}],"wp:featuredmedia":[{"embeddable":true,"href":"https:\/\/newsinfoco.com.br\/inicio\/wp-json\/wp\/v2\/media\/44385"}],"wp:attachment":[{"href":"https:\/\/newsinfoco.com.br\/inicio\/wp-json\/wp\/v2\/media?parent=44384"}],"wp:term":[{"taxonomy":"category","embeddable":true,"href":"https:\/\/newsinfoco.com.br\/inicio\/wp-json\/wp\/v2\/categories?post=44384"},{"taxonomy":"post_tag","embeddable":true,"href":"https:\/\/newsinfoco.com.br\/inicio\/wp-json\/wp\/v2\/tags?post=44384"}],"curies":[{"name":"wp","href":"https:\/\/api.w.org\/{rel}","templated":true}]}}