{"id":44396,"date":"2025-08-19T18:27:24","date_gmt":"2025-08-19T21:27:24","guid":{"rendered":"https:\/\/newsinfoco.com.br\/inicio\/?p=44396"},"modified":"2025-08-19T18:33:02","modified_gmt":"2025-08-19T21:33:02","slug":"camara-municipal-de-alagoinhas-ainda-nao-foi-notificada-oficialmente-pela-justica-sobre-afastamento-de-presidente-cleto-da-banana-aguarda-citacao-para-se-pronunciar","status":"publish","type":"post","link":"https:\/\/newsinfoco.com.br\/inicio\/camara-municipal-de-alagoinhas-ainda-nao-foi-notificada-oficialmente-pela-justica-sobre-afastamento-de-presidente-cleto-da-banana-aguarda-citacao-para-se-pronunciar\/","title":{"rendered":"C\u00e2mara Municipal de Alagoinhas ainda n\u00e3o foi notificada oficialmente pela Justi\u00e7a sobre afastamento de presidente; Cleto da Banana aguarda cita\u00e7\u00e3o para se pronunciar"},"content":{"rendered":"<p>A C\u00e2mara Municipal de Alagoinhas ainda n\u00e3o foi notificada oficialmente pela Justi\u00e7a sobre a decis\u00e3o da 1\u00aa Vara da Fazenda P\u00fablica de Alagoinhas que determinou o afastamento cautelar imediato do vereador Cleto da Banana da presid\u00eancia da Casa Legislativa.<\/p>\n<p>A decis\u00e3o proferida pelo juiz Ant\u00f4nio de P\u00e1dua de Alencar foi assinada ontem(18) e j\u00e1 foi divulgada pela imprensa. Apesar disso, a C\u00e2mara n\u00e3o recebeu oficialmente a cita\u00e7\u00e3o. Com isso, Cleto da Banana segue ainda na presid\u00eancia da Casa Legislativa.<\/p>\n<p>Em conversa na tarde de hoje com o jornalista Caio Pimenta, diretor deste site News Infoco, o vereador Cleto da Banana apresentou tranquilidade, disse que ordem judicial se cumpre e que aguarda a cita\u00e7\u00e3o oficial da Justi\u00e7a para se pronunciar nos autos do processo.<\/p>\n<p>O processo em quest\u00e3o \u00e9 a a\u00e7\u00e3o popular protocolada por integrantes do partido Novo de Alagoinhas que pedem a invalida\u00e7\u00e3o do processo eleitoral que elegeu a atual mesa diretora da C\u00e2mara e uma liminar pedindo o afastamento cautelar do vereador Cleto da Banana da presid\u00eancia da Casa, at\u00e9 a resolu\u00e7\u00e3o do m\u00e9rito.<\/p>\n<p>Assinam a a\u00e7\u00e3o popular os integrantes do partido Novo: Leandro Sanson, Joseildo Santos, Jardel Barros e Jean Santos. Eles apontam inconstitucionalidade na elei\u00e7\u00e3o que concedeu a Cleto o terceiro mandato consecutivo como presidente da Casa Legislativa.<\/p>\n<p>Na oportunidade todos os vereadores da base e da oposi\u00e7\u00e3o votaram pela manuten\u00e7\u00e3o da presid\u00eancia de Cleto que n\u00e3o teve concorrente e foi eleito por aclama\u00e7\u00e3o.<\/p>\n<p>Os pedidos formulados pelos integrantes do partido Novo foram posteriormente endossados pelo Minist\u00e9rio P\u00fablico que tamb\u00e9m pede a destitui\u00e7\u00e3o da atual mesa diretora da C\u00e2mara.<\/p>\n<p>Por News Infoco<\/p>\n<div class='share-to-whatsapp-wrapper'><div class='share-on-whsp'>Share on: <\/div><a data-text='C\u00e2mara Municipal de Alagoinhas ainda n\u00e3o foi notificada oficialmente pela Justi\u00e7a sobre afastamento de presidente; Cleto da Banana aguarda cita\u00e7\u00e3o para se pronunciar' data-link='https:\/\/newsinfoco.com.br\/inicio\/camara-municipal-de-alagoinhas-ainda-nao-foi-notificada-oficialmente-pela-justica-sobre-afastamento-de-presidente-cleto-da-banana-aguarda-citacao-para-se-pronunciar\/' class='whatsapp-button whatsapp-share'>WhatsApp<\/a><div class='clear '><\/div><\/div>","protected":false},"excerpt":{"rendered":"<p>A C\u00e2mara Municipal de Alagoinhas ainda n\u00e3o foi notificada oficialmente pela Justi\u00e7a sobre a decis\u00e3o da 1\u00aa Vara da Fazenda P\u00fablica de Alagoinhas que determinou o afastamento cautelar imediato do vereador Cleto da Banana da presid\u00eancia da Casa Legislativa. A decis\u00e3o proferida pelo juiz Ant\u00f4nio de P\u00e1dua de Alencar foi assinada ontem(18) e j\u00e1 foi [&hellip;]<\/p>\n","protected":false},"author":1,"featured_media":41103,"comment_status":"closed","ping_status":"closed","sticky":false,"template":"","format":"standard","meta":{"om_disable_all_campaigns":false,"rop_custom_images_group":[],"rop_custom_messages_group":[],"rop_publish_now":"initial","rop_publish_now_accounts":[],"rop_publish_now_history":[],"rop_publish_now_status":"pending","_exactmetrics_skip_tracking":false,"footnotes":""},"categories":[38,30,167],"tags":[],"class_list":["post-44396","post","type-post","status-publish","format-standard","has-post-thumbnail","hentry","category-alagoinhas-e-regiao","category-destaque","category-exclusivas"],"aioseo_notices":[],"aioseo_head":"\n\t\t<!-- All in One SEO 4.9.10 - aioseo.com -->\n\t<meta name=\"description\" content=\"A C\u00e2mara Municipal de Alagoinhas ainda n\u00e3o foi notificada oficialmente pela Justi\u00e7a sobre a decis\u00e3o da 1\u00aa Vara da Fazenda P\u00fablica de Alagoinhas que determinou o afastamento cautelar imediato do vereador Cleto da Banana da presid\u00eancia da Casa Legislativa. A decis\u00e3o proferida pelo juiz Ant\u00f4nio de P\u00e1dua de Alencar foi assinada ontem(18) e j\u00e1 foi\" \/>\n\t<meta name=\"robots\" content=\"max-image-preview:large\" \/>\n\t<meta name=\"author\" content=\"administrador\"\/>\n\t<link rel=\"canonical\" href=\"https:\/\/newsinfoco.com.br\/inicio\/camara-municipal-de-alagoinhas-ainda-nao-foi-notificada-oficialmente-pela-justica-sobre-afastamento-de-presidente-cleto-da-banana-aguarda-citacao-para-se-pronunciar\/\" \/>\n\t<meta name=\"generator\" content=\"All in One SEO (AIOSEO) 4.9.10\" \/>\n\t\t<meta property=\"og:locale\" content=\"pt_BR\" \/>\n\t\t<meta property=\"og:site_name\" content=\"News In Foco - Editado por Caio Pimenta - O principal site de noticias de Alagoinhas e regi\u00e3o\" \/>\n\t\t<meta property=\"og:type\" content=\"article\" \/>\n\t\t<meta property=\"og:title\" content=\"C\u00e2mara Municipal de Alagoinhas ainda n\u00e3o foi notificada oficialmente pela Justi\u00e7a sobre afastamento de presidente; Cleto da Banana aguarda cita\u00e7\u00e3o para se pronunciar - News In Foco - Editado por Caio Pimenta\" \/>\n\t\t<meta property=\"og:description\" content=\"A C\u00e2mara Municipal de Alagoinhas ainda n\u00e3o foi notificada oficialmente pela Justi\u00e7a sobre a decis\u00e3o da 1\u00aa Vara da Fazenda P\u00fablica de Alagoinhas que determinou o afastamento cautelar imediato do vereador Cleto da Banana da presid\u00eancia da Casa Legislativa. A decis\u00e3o proferida pelo juiz Ant\u00f4nio de P\u00e1dua de Alencar foi assinada ontem(18) e j\u00e1 foi\" \/>\n\t\t<meta property=\"og:url\" content=\"https:\/\/newsinfoco.com.br\/inicio\/camara-municipal-de-alagoinhas-ainda-nao-foi-notificada-oficialmente-pela-justica-sobre-afastamento-de-presidente-cleto-da-banana-aguarda-citacao-para-se-pronunciar\/\" \/>\n\t\t<meta property=\"article:published_time\" content=\"2025-08-19T21:27:24+00:00\" \/>\n\t\t<meta property=\"article:modified_time\" content=\"2025-08-19T21:33:02+00:00\" \/>\n\t\t<meta name=\"twitter:card\" content=\"summary_large_image\" \/>\n\t\t<meta name=\"twitter:title\" content=\"C\u00e2mara Municipal de Alagoinhas ainda n\u00e3o foi notificada oficialmente pela Justi\u00e7a sobre afastamento de presidente; Cleto da Banana aguarda cita\u00e7\u00e3o para se pronunciar - News In Foco - Editado por Caio Pimenta\" \/>\n\t\t<meta name=\"twitter:description\" content=\"A C\u00e2mara Municipal de Alagoinhas ainda n\u00e3o foi notificada oficialmente pela Justi\u00e7a sobre a decis\u00e3o da 1\u00aa Vara da Fazenda P\u00fablica de Alagoinhas que determinou o afastamento cautelar imediato do vereador Cleto da Banana da presid\u00eancia da Casa Legislativa. A decis\u00e3o proferida pelo juiz Ant\u00f4nio de P\u00e1dua de Alencar foi assinada ontem(18) e j\u00e1 foi\" \/>\n\t\t<script type=\"application\/ld+json\" class=\"aioseo-schema\">\n\t\t\t{\"@context\":\"https:\\\/\\\/schema.org\",\"@graph\":[{\"@type\":\"BlogPosting\",\"@id\":\"https:\\\/\\\/newsinfoco.com.br\\\/inicio\\\/camara-municipal-de-alagoinhas-ainda-nao-foi-notificada-oficialmente-pela-justica-sobre-afastamento-de-presidente-cleto-da-banana-aguarda-citacao-para-se-pronunciar\\\/#blogposting\",\"name\":\"C\\u00e2mara Municipal de Alagoinhas ainda n\\u00e3o foi notificada oficialmente pela Justi\\u00e7a sobre afastamento de presidente; Cleto da Banana aguarda cita\\u00e7\\u00e3o para se pronunciar - News In Foco - Editado por Caio Pimenta\",\"headline\":\"C\\u00e2mara Municipal de Alagoinhas ainda n\\u00e3o foi notificada oficialmente pela Justi\\u00e7a sobre afastamento de presidente; Cleto da Banana aguarda cita\\u00e7\\u00e3o para se pronunciar\",\"author\":{\"@id\":\"https:\\\/\\\/newsinfoco.com.br\\\/inicio\\\/author\\\/administrador\\\/#author\"},\"publisher\":{\"@id\":\"https:\\\/\\\/newsinfoco.com.br\\\/inicio\\\/#organization\"},\"image\":{\"@type\":\"ImageObject\",\"url\":\"https:\\\/\\\/newsinfoco.com.br\\\/inicio\\\/wp-content\\\/uploads\\\/2025\\\/04\\\/Acontece-na-Camara-2048x1094-1.jpg\",\"width\":2048,\"height\":1094},\"datePublished\":\"2025-08-19T18:27:24-03:00\",\"dateModified\":\"2025-08-19T18:33:02-03:00\",\"inLanguage\":\"pt-BR\",\"mainEntityOfPage\":{\"@id\":\"https:\\\/\\\/newsinfoco.com.br\\\/inicio\\\/camara-municipal-de-alagoinhas-ainda-nao-foi-notificada-oficialmente-pela-justica-sobre-afastamento-de-presidente-cleto-da-banana-aguarda-citacao-para-se-pronunciar\\\/#webpage\"},\"isPartOf\":{\"@id\":\"https:\\\/\\\/newsinfoco.com.br\\\/inicio\\\/camara-municipal-de-alagoinhas-ainda-nao-foi-notificada-oficialmente-pela-justica-sobre-afastamento-de-presidente-cleto-da-banana-aguarda-citacao-para-se-pronunciar\\\/#webpage\"},\"articleSection\":\"Alagoinhas e Regi\\u00e3o, Destaque, Manchete\"},{\"@type\":\"BreadcrumbList\",\"@id\":\"https:\\\/\\\/newsinfoco.com.br\\\/inicio\\\/camara-municipal-de-alagoinhas-ainda-nao-foi-notificada-oficialmente-pela-justica-sobre-afastamento-de-presidente-cleto-da-banana-aguarda-citacao-para-se-pronunciar\\\/#breadcrumblist\",\"itemListElement\":[{\"@type\":\"ListItem\",\"@id\":\"https:\\\/\\\/newsinfoco.com.br\\\/inicio#listItem\",\"position\":1,\"name\":\"In\\u00edcio\",\"item\":\"https:\\\/\\\/newsinfoco.com.br\\\/inicio\",\"nextItem\":{\"@type\":\"ListItem\",\"@id\":\"https:\\\/\\\/newsinfoco.com.br\\\/inicio\\\/category\\\/destaque\\\/#listItem\",\"name\":\"Destaque\"}},{\"@type\":\"ListItem\",\"@id\":\"https:\\\/\\\/newsinfoco.com.br\\\/inicio\\\/category\\\/destaque\\\/#listItem\",\"position\":2,\"name\":\"Destaque\",\"item\":\"https:\\\/\\\/newsinfoco.com.br\\\/inicio\\\/category\\\/destaque\\\/\",\"nextItem\":{\"@type\":\"ListItem\",\"@id\":\"https:\\\/\\\/newsinfoco.com.br\\\/inicio\\\/camara-municipal-de-alagoinhas-ainda-nao-foi-notificada-oficialmente-pela-justica-sobre-afastamento-de-presidente-cleto-da-banana-aguarda-citacao-para-se-pronunciar\\\/#listItem\",\"name\":\"C\\u00e2mara Municipal de Alagoinhas ainda n\\u00e3o foi notificada oficialmente pela Justi\\u00e7a sobre afastamento de presidente; Cleto da Banana aguarda cita\\u00e7\\u00e3o para se pronunciar\"},\"previousItem\":{\"@type\":\"ListItem\",\"@id\":\"https:\\\/\\\/newsinfoco.com.br\\\/inicio#listItem\",\"name\":\"In\\u00edcio\"}},{\"@type\":\"ListItem\",\"@id\":\"https:\\\/\\\/newsinfoco.com.br\\\/inicio\\\/camara-municipal-de-alagoinhas-ainda-nao-foi-notificada-oficialmente-pela-justica-sobre-afastamento-de-presidente-cleto-da-banana-aguarda-citacao-para-se-pronunciar\\\/#listItem\",\"position\":3,\"name\":\"C\\u00e2mara Municipal de Alagoinhas ainda n\\u00e3o foi notificada oficialmente pela Justi\\u00e7a sobre afastamento de presidente; Cleto da Banana aguarda cita\\u00e7\\u00e3o para se pronunciar\",\"previousItem\":{\"@type\":\"ListItem\",\"@id\":\"https:\\\/\\\/newsinfoco.com.br\\\/inicio\\\/category\\\/destaque\\\/#listItem\",\"name\":\"Destaque\"}}]},{\"@type\":\"Organization\",\"@id\":\"https:\\\/\\\/newsinfoco.com.br\\\/inicio\\\/#organization\",\"name\":\"News In Foco - Editado por Caio Pimenta\",\"description\":\"O principal site de noticias de Alagoinhas e regi\\u00e3o\",\"url\":\"https:\\\/\\\/newsinfoco.com.br\\\/inicio\\\/\"},{\"@type\":\"Person\",\"@id\":\"https:\\\/\\\/newsinfoco.com.br\\\/inicio\\\/author\\\/administrador\\\/#author\",\"url\":\"https:\\\/\\\/newsinfoco.com.br\\\/inicio\\\/author\\\/administrador\\\/\",\"name\":\"administrador\",\"image\":{\"@type\":\"ImageObject\",\"@id\":\"https:\\\/\\\/newsinfoco.com.br\\\/inicio\\\/camara-municipal-de-alagoinhas-ainda-nao-foi-notificada-oficialmente-pela-justica-sobre-afastamento-de-presidente-cleto-da-banana-aguarda-citacao-para-se-pronunciar\\\/#authorImage\",\"url\":\"https:\\\/\\\/secure.gravatar.com\\\/avatar\\\/c17a617433de8c1dc9584bb79aab7563b46f5bb7e1728c9b17d9cc3ce6a08e49?s=96&d=mm&r=g\",\"width\":96,\"height\":96,\"caption\":\"administrador\"}},{\"@type\":\"WebPage\",\"@id\":\"https:\\\/\\\/newsinfoco.com.br\\\/inicio\\\/camara-municipal-de-alagoinhas-ainda-nao-foi-notificada-oficialmente-pela-justica-sobre-afastamento-de-presidente-cleto-da-banana-aguarda-citacao-para-se-pronunciar\\\/#webpage\",\"url\":\"https:\\\/\\\/newsinfoco.com.br\\\/inicio\\\/camara-municipal-de-alagoinhas-ainda-nao-foi-notificada-oficialmente-pela-justica-sobre-afastamento-de-presidente-cleto-da-banana-aguarda-citacao-para-se-pronunciar\\\/\",\"name\":\"C\\u00e2mara Municipal de Alagoinhas ainda n\\u00e3o foi notificada oficialmente pela Justi\\u00e7a sobre afastamento de presidente; Cleto da Banana aguarda cita\\u00e7\\u00e3o para se pronunciar - News In Foco - Editado por Caio Pimenta\",\"description\":\"A C\\u00e2mara Municipal de Alagoinhas ainda n\\u00e3o foi notificada oficialmente pela Justi\\u00e7a sobre a decis\\u00e3o da 1\\u00aa Vara da Fazenda P\\u00fablica de Alagoinhas que determinou o afastamento cautelar imediato do vereador Cleto da Banana da presid\\u00eancia da Casa Legislativa. A decis\\u00e3o proferida pelo juiz Ant\\u00f4nio de P\\u00e1dua de Alencar foi assinada ontem(18) e j\\u00e1 foi\",\"inLanguage\":\"pt-BR\",\"isPartOf\":{\"@id\":\"https:\\\/\\\/newsinfoco.com.br\\\/inicio\\\/#website\"},\"breadcrumb\":{\"@id\":\"https:\\\/\\\/newsinfoco.com.br\\\/inicio\\\/camara-municipal-de-alagoinhas-ainda-nao-foi-notificada-oficialmente-pela-justica-sobre-afastamento-de-presidente-cleto-da-banana-aguarda-citacao-para-se-pronunciar\\\/#breadcrumblist\"},\"author\":{\"@id\":\"https:\\\/\\\/newsinfoco.com.br\\\/inicio\\\/author\\\/administrador\\\/#author\"},\"creator\":{\"@id\":\"https:\\\/\\\/newsinfoco.com.br\\\/inicio\\\/author\\\/administrador\\\/#author\"},\"image\":{\"@type\":\"ImageObject\",\"url\":\"https:\\\/\\\/newsinfoco.com.br\\\/inicio\\\/wp-content\\\/uploads\\\/2025\\\/04\\\/Acontece-na-Camara-2048x1094-1.jpg\",\"@id\":\"https:\\\/\\\/newsinfoco.com.br\\\/inicio\\\/camara-municipal-de-alagoinhas-ainda-nao-foi-notificada-oficialmente-pela-justica-sobre-afastamento-de-presidente-cleto-da-banana-aguarda-citacao-para-se-pronunciar\\\/#mainImage\",\"width\":2048,\"height\":1094},\"primaryImageOfPage\":{\"@id\":\"https:\\\/\\\/newsinfoco.com.br\\\/inicio\\\/camara-municipal-de-alagoinhas-ainda-nao-foi-notificada-oficialmente-pela-justica-sobre-afastamento-de-presidente-cleto-da-banana-aguarda-citacao-para-se-pronunciar\\\/#mainImage\"},\"datePublished\":\"2025-08-19T18:27:24-03:00\",\"dateModified\":\"2025-08-19T18:33:02-03:00\"},{\"@type\":\"WebSite\",\"@id\":\"https:\\\/\\\/newsinfoco.com.br\\\/inicio\\\/#website\",\"url\":\"https:\\\/\\\/newsinfoco.com.br\\\/inicio\\\/\",\"name\":\"News In Foco - Editado por Caio Pimenta\",\"description\":\"O principal site de noticias de Alagoinhas e regi\\u00e3o\",\"inLanguage\":\"pt-BR\",\"publisher\":{\"@id\":\"https:\\\/\\\/newsinfoco.com.br\\\/inicio\\\/#organization\"}}]}\n\t\t<\/script>\n\t\t<!-- All in One SEO -->\n\n","aioseo_head_json":{"title":"C\u00e2mara Municipal de Alagoinhas ainda n\u00e3o foi notificada oficialmente pela Justi\u00e7a sobre afastamento de presidente; Cleto da Banana aguarda cita\u00e7\u00e3o para se pronunciar - News In Foco - Editado por Caio Pimenta","description":"A C\u00e2mara Municipal de Alagoinhas ainda n\u00e3o foi notificada oficialmente pela Justi\u00e7a sobre a decis\u00e3o da 1\u00aa Vara da Fazenda P\u00fablica de Alagoinhas que determinou o afastamento cautelar imediato do vereador Cleto da Banana da presid\u00eancia da Casa Legislativa. A decis\u00e3o proferida pelo juiz Ant\u00f4nio de P\u00e1dua de Alencar foi assinada ontem(18) e j\u00e1 foi","canonical_url":"https:\/\/newsinfoco.com.br\/inicio\/camara-municipal-de-alagoinhas-ainda-nao-foi-notificada-oficialmente-pela-justica-sobre-afastamento-de-presidente-cleto-da-banana-aguarda-citacao-para-se-pronunciar\/","robots":"max-image-preview:large","keywords":"","webmasterTools":{"miscellaneous":""},"schema":{"@context":"https:\/\/schema.org","@graph":[{"@type":"BlogPosting","@id":"https:\/\/newsinfoco.com.br\/inicio\/camara-municipal-de-alagoinhas-ainda-nao-foi-notificada-oficialmente-pela-justica-sobre-afastamento-de-presidente-cleto-da-banana-aguarda-citacao-para-se-pronunciar\/#blogposting","name":"C\u00e2mara Municipal de Alagoinhas ainda n\u00e3o foi notificada oficialmente pela Justi\u00e7a sobre afastamento de presidente; Cleto da Banana aguarda cita\u00e7\u00e3o para se pronunciar - News In Foco - Editado por Caio Pimenta","headline":"C\u00e2mara Municipal de Alagoinhas ainda n\u00e3o foi notificada oficialmente pela Justi\u00e7a sobre afastamento de presidente; Cleto da Banana aguarda cita\u00e7\u00e3o para se pronunciar","author":{"@id":"https:\/\/newsinfoco.com.br\/inicio\/author\/administrador\/#author"},"publisher":{"@id":"https:\/\/newsinfoco.com.br\/inicio\/#organization"},"image":{"@type":"ImageObject","url":"https:\/\/newsinfoco.com.br\/inicio\/wp-content\/uploads\/2025\/04\/Acontece-na-Camara-2048x1094-1.jpg","width":2048,"height":1094},"datePublished":"2025-08-19T18:27:24-03:00","dateModified":"2025-08-19T18:33:02-03:00","inLanguage":"pt-BR","mainEntityOfPage":{"@id":"https:\/\/newsinfoco.com.br\/inicio\/camara-municipal-de-alagoinhas-ainda-nao-foi-notificada-oficialmente-pela-justica-sobre-afastamento-de-presidente-cleto-da-banana-aguarda-citacao-para-se-pronunciar\/#webpage"},"isPartOf":{"@id":"https:\/\/newsinfoco.com.br\/inicio\/camara-municipal-de-alagoinhas-ainda-nao-foi-notificada-oficialmente-pela-justica-sobre-afastamento-de-presidente-cleto-da-banana-aguarda-citacao-para-se-pronunciar\/#webpage"},"articleSection":"Alagoinhas e Regi\u00e3o, Destaque, Manchete"},{"@type":"BreadcrumbList","@id":"https:\/\/newsinfoco.com.br\/inicio\/camara-municipal-de-alagoinhas-ainda-nao-foi-notificada-oficialmente-pela-justica-sobre-afastamento-de-presidente-cleto-da-banana-aguarda-citacao-para-se-pronunciar\/#breadcrumblist","itemListElement":[{"@type":"ListItem","@id":"https:\/\/newsinfoco.com.br\/inicio#listItem","position":1,"name":"In\u00edcio","item":"https:\/\/newsinfoco.com.br\/inicio","nextItem":{"@type":"ListItem","@id":"https:\/\/newsinfoco.com.br\/inicio\/category\/destaque\/#listItem","name":"Destaque"}},{"@type":"ListItem","@id":"https:\/\/newsinfoco.com.br\/inicio\/category\/destaque\/#listItem","position":2,"name":"Destaque","item":"https:\/\/newsinfoco.com.br\/inicio\/category\/destaque\/","nextItem":{"@type":"ListItem","@id":"https:\/\/newsinfoco.com.br\/inicio\/camara-municipal-de-alagoinhas-ainda-nao-foi-notificada-oficialmente-pela-justica-sobre-afastamento-de-presidente-cleto-da-banana-aguarda-citacao-para-se-pronunciar\/#listItem","name":"C\u00e2mara Municipal de Alagoinhas ainda n\u00e3o foi notificada oficialmente pela Justi\u00e7a sobre afastamento de presidente; Cleto da Banana aguarda cita\u00e7\u00e3o para se pronunciar"},"previousItem":{"@type":"ListItem","@id":"https:\/\/newsinfoco.com.br\/inicio#listItem","name":"In\u00edcio"}},{"@type":"ListItem","@id":"https:\/\/newsinfoco.com.br\/inicio\/camara-municipal-de-alagoinhas-ainda-nao-foi-notificada-oficialmente-pela-justica-sobre-afastamento-de-presidente-cleto-da-banana-aguarda-citacao-para-se-pronunciar\/#listItem","position":3,"name":"C\u00e2mara Municipal de Alagoinhas ainda n\u00e3o foi notificada oficialmente pela Justi\u00e7a sobre afastamento de presidente; Cleto da Banana aguarda cita\u00e7\u00e3o para se pronunciar","previousItem":{"@type":"ListItem","@id":"https:\/\/newsinfoco.com.br\/inicio\/category\/destaque\/#listItem","name":"Destaque"}}]},{"@type":"Organization","@id":"https:\/\/newsinfoco.com.br\/inicio\/#organization","name":"News In Foco - Editado por Caio Pimenta","description":"O principal site de noticias de Alagoinhas e regi\u00e3o","url":"https:\/\/newsinfoco.com.br\/inicio\/"},{"@type":"Person","@id":"https:\/\/newsinfoco.com.br\/inicio\/author\/administrador\/#author","url":"https:\/\/newsinfoco.com.br\/inicio\/author\/administrador\/","name":"administrador","image":{"@type":"ImageObject","@id":"https:\/\/newsinfoco.com.br\/inicio\/camara-municipal-de-alagoinhas-ainda-nao-foi-notificada-oficialmente-pela-justica-sobre-afastamento-de-presidente-cleto-da-banana-aguarda-citacao-para-se-pronunciar\/#authorImage","url":"https:\/\/secure.gravatar.com\/avatar\/c17a617433de8c1dc9584bb79aab7563b46f5bb7e1728c9b17d9cc3ce6a08e49?s=96&d=mm&r=g","width":96,"height":96,"caption":"administrador"}},{"@type":"WebPage","@id":"https:\/\/newsinfoco.com.br\/inicio\/camara-municipal-de-alagoinhas-ainda-nao-foi-notificada-oficialmente-pela-justica-sobre-afastamento-de-presidente-cleto-da-banana-aguarda-citacao-para-se-pronunciar\/#webpage","url":"https:\/\/newsinfoco.com.br\/inicio\/camara-municipal-de-alagoinhas-ainda-nao-foi-notificada-oficialmente-pela-justica-sobre-afastamento-de-presidente-cleto-da-banana-aguarda-citacao-para-se-pronunciar\/","name":"C\u00e2mara Municipal de Alagoinhas ainda n\u00e3o foi notificada oficialmente pela Justi\u00e7a sobre afastamento de presidente; Cleto da Banana aguarda cita\u00e7\u00e3o para se pronunciar - News In Foco - Editado por Caio Pimenta","description":"A C\u00e2mara Municipal de Alagoinhas ainda n\u00e3o foi notificada oficialmente pela Justi\u00e7a sobre a decis\u00e3o da 1\u00aa Vara da Fazenda P\u00fablica de Alagoinhas que determinou o afastamento cautelar imediato do vereador Cleto da Banana da presid\u00eancia da Casa Legislativa. A decis\u00e3o proferida pelo juiz Ant\u00f4nio de P\u00e1dua de Alencar foi assinada ontem(18) e j\u00e1 foi","inLanguage":"pt-BR","isPartOf":{"@id":"https:\/\/newsinfoco.com.br\/inicio\/#website"},"breadcrumb":{"@id":"https:\/\/newsinfoco.com.br\/inicio\/camara-municipal-de-alagoinhas-ainda-nao-foi-notificada-oficialmente-pela-justica-sobre-afastamento-de-presidente-cleto-da-banana-aguarda-citacao-para-se-pronunciar\/#breadcrumblist"},"author":{"@id":"https:\/\/newsinfoco.com.br\/inicio\/author\/administrador\/#author"},"creator":{"@id":"https:\/\/newsinfoco.com.br\/inicio\/author\/administrador\/#author"},"image":{"@type":"ImageObject","url":"https:\/\/newsinfoco.com.br\/inicio\/wp-content\/uploads\/2025\/04\/Acontece-na-Camara-2048x1094-1.jpg","@id":"https:\/\/newsinfoco.com.br\/inicio\/camara-municipal-de-alagoinhas-ainda-nao-foi-notificada-oficialmente-pela-justica-sobre-afastamento-de-presidente-cleto-da-banana-aguarda-citacao-para-se-pronunciar\/#mainImage","width":2048,"height":1094},"primaryImageOfPage":{"@id":"https:\/\/newsinfoco.com.br\/inicio\/camara-municipal-de-alagoinhas-ainda-nao-foi-notificada-oficialmente-pela-justica-sobre-afastamento-de-presidente-cleto-da-banana-aguarda-citacao-para-se-pronunciar\/#mainImage"},"datePublished":"2025-08-19T18:27:24-03:00","dateModified":"2025-08-19T18:33:02-03:00"},{"@type":"WebSite","@id":"https:\/\/newsinfoco.com.br\/inicio\/#website","url":"https:\/\/newsinfoco.com.br\/inicio\/","name":"News In Foco - Editado por Caio Pimenta","description":"O principal site de noticias de Alagoinhas e regi\u00e3o","inLanguage":"pt-BR","publisher":{"@id":"https:\/\/newsinfoco.com.br\/inicio\/#organization"}}]},"og:locale":"pt_BR","og:site_name":"News In Foco - Editado por Caio Pimenta - O principal site de noticias de Alagoinhas e regi\u00e3o","og:type":"article","og:title":"C\u00e2mara Municipal de Alagoinhas ainda n\u00e3o foi notificada oficialmente pela Justi\u00e7a sobre afastamento de presidente; Cleto da Banana aguarda cita\u00e7\u00e3o para se pronunciar - News In Foco - Editado por Caio Pimenta","og:description":"A C\u00e2mara Municipal de Alagoinhas ainda n\u00e3o foi notificada oficialmente pela Justi\u00e7a sobre a decis\u00e3o da 1\u00aa Vara da Fazenda P\u00fablica de Alagoinhas que determinou o afastamento cautelar imediato do vereador Cleto da Banana da presid\u00eancia da Casa Legislativa. A decis\u00e3o proferida pelo juiz Ant\u00f4nio de P\u00e1dua de Alencar foi assinada ontem(18) e j\u00e1 foi","og:url":"https:\/\/newsinfoco.com.br\/inicio\/camara-municipal-de-alagoinhas-ainda-nao-foi-notificada-oficialmente-pela-justica-sobre-afastamento-de-presidente-cleto-da-banana-aguarda-citacao-para-se-pronunciar\/","article:published_time":"2025-08-19T21:27:24+00:00","article:modified_time":"2025-08-19T21:33:02+00:00","twitter:card":"summary_large_image","twitter:title":"C\u00e2mara Municipal de Alagoinhas ainda n\u00e3o foi notificada oficialmente pela Justi\u00e7a sobre afastamento de presidente; Cleto da Banana aguarda cita\u00e7\u00e3o para se pronunciar - News In Foco - Editado por Caio Pimenta","twitter:description":"A C\u00e2mara Municipal de Alagoinhas ainda n\u00e3o foi notificada oficialmente pela Justi\u00e7a sobre a decis\u00e3o da 1\u00aa Vara da Fazenda P\u00fablica de Alagoinhas que determinou o afastamento cautelar imediato do vereador Cleto da Banana da presid\u00eancia da Casa Legislativa. A decis\u00e3o proferida pelo juiz Ant\u00f4nio de P\u00e1dua de Alencar foi assinada ontem(18) e j\u00e1 foi"},"aioseo_meta_data":{"post_id":"44396","title":null,"description":null,"keywords":null,"keyphrases":{"focus":{"keyphrase":"","score":0,"analysis":{"keyphraseInTitle":{"score":0,"maxScore":9,"error":1}}},"additional":[]},"primary_term":null,"canonical_url":null,"og_title":null,"og_description":null,"og_object_type":"default","og_image_type":"default","og_image_url":null,"og_image_width":null,"og_image_height":null,"og_image_custom_url":null,"og_image_custom_fields":null,"og_video":"","og_custom_url":null,"og_article_section":null,"og_article_tags":null,"twitter_use_og":false,"twitter_card":"default","twitter_image_type":"default","twitter_image_url":null,"twitter_image_custom_url":null,"twitter_image_custom_fields":null,"twitter_title":null,"twitter_description":null,"schema":{"blockGraphs":[],"customGraphs":[],"default":{"data":{"Article":[],"Course":[],"Dataset":[],"FAQPage":[],"Movie":[],"Person":[],"Product":[],"ProductReview":[],"Car":[],"Recipe":[],"Service":[],"SoftwareApplication":[],"WebPage":[]},"graphName":"BlogPosting","isEnabled":true},"graphs":[]},"schema_type":"default","schema_type_options":null,"pillar_content":false,"robots_default":true,"robots_noindex":false,"robots_noarchive":false,"robots_nosnippet":false,"robots_nofollow":false,"robots_noimageindex":false,"robots_noodp":false,"robots_notranslate":false,"robots_max_snippet":"-1","robots_max_videopreview":"-1","robots_max_imagepreview":"large","priority":null,"frequency":"default","local_seo":null,"breadcrumb_settings":null,"limit_modified_date":false,"ai":{"faqs":[],"keyPoints":[],"titles":[],"descriptions":[],"socialPosts":{"email":[],"linkedin":[],"twitter":[],"facebook":[],"instagram":[]}},"created":"2025-08-19 21:27:25","updated":"2025-08-19 21:37:50","seo_analyzer_scan_date":null},"aioseo_breadcrumb":"<div class=\"aioseo-breadcrumbs\"><span class=\"aioseo-breadcrumb\">\n\t\t\t<a href=\"https:\/\/newsinfoco.com.br\/inicio\" title=\"In\u00edcio\">In\u00edcio<\/a>\n\t\t<\/span><span class=\"aioseo-breadcrumb-separator\">&raquo;<\/span><span class=\"aioseo-breadcrumb\">\n\t\t\t<a href=\"https:\/\/newsinfoco.com.br\/inicio\/category\/destaque\/\" title=\"Destaque\">Destaque<\/a>\n\t\t<\/span><span class=\"aioseo-breadcrumb-separator\">&raquo;<\/span><span class=\"aioseo-breadcrumb\">\n\t\t\tC\u00e2mara Municipal de Alagoinhas ainda n\u00e3o foi notificada oficialmente pela Justi\u00e7a sobre afastamento de presidente; Cleto da Banana aguarda cita\u00e7\u00e3o para se pronunciar\n\t\t<\/span><\/div>","aioseo_breadcrumb_json":[{"label":"In\u00edcio","link":"https:\/\/newsinfoco.com.br\/inicio"},{"label":"Destaque","link":"https:\/\/newsinfoco.com.br\/inicio\/category\/destaque\/"},{"label":"C\u00e2mara Municipal de Alagoinhas ainda n\u00e3o foi notificada oficialmente pela Justi\u00e7a sobre afastamento de presidente; Cleto da Banana aguarda cita\u00e7\u00e3o para se pronunciar","link":"https:\/\/newsinfoco.com.br\/inicio\/camara-municipal-de-alagoinhas-ainda-nao-foi-notificada-oficialmente-pela-justica-sobre-afastamento-de-presidente-cleto-da-banana-aguarda-citacao-para-se-pronunciar\/"}],"_links":{"self":[{"href":"https:\/\/newsinfoco.com.br\/inicio\/wp-json\/wp\/v2\/posts\/44396","targetHints":{"allow":["GET"]}}],"collection":[{"href":"https:\/\/newsinfoco.com.br\/inicio\/wp-json\/wp\/v2\/posts"}],"about":[{"href":"https:\/\/newsinfoco.com.br\/inicio\/wp-json\/wp\/v2\/types\/post"}],"author":[{"embeddable":true,"href":"https:\/\/newsinfoco.com.br\/inicio\/wp-json\/wp\/v2\/users\/1"}],"replies":[{"embeddable":true,"href":"https:\/\/newsinfoco.com.br\/inicio\/wp-json\/wp\/v2\/comments?post=44396"}],"version-history":[{"count":2,"href":"https:\/\/newsinfoco.com.br\/inicio\/wp-json\/wp\/v2\/posts\/44396\/revisions"}],"predecessor-version":[{"id":44398,"href":"https:\/\/newsinfoco.com.br\/inicio\/wp-json\/wp\/v2\/posts\/44396\/revisions\/44398"}],"wp:featuredmedia":[{"embeddable":true,"href":"https:\/\/newsinfoco.com.br\/inicio\/wp-json\/wp\/v2\/media\/41103"}],"wp:attachment":[{"href":"https:\/\/newsinfoco.com.br\/inicio\/wp-json\/wp\/v2\/media?parent=44396"}],"wp:term":[{"taxonomy":"category","embeddable":true,"href":"https:\/\/newsinfoco.com.br\/inicio\/wp-json\/wp\/v2\/categories?post=44396"},{"taxonomy":"post_tag","embeddable":true,"href":"https:\/\/newsinfoco.com.br\/inicio\/wp-json\/wp\/v2\/tags?post=44396"}],"curies":[{"name":"wp","href":"https:\/\/api.w.org\/{rel}","templated":true}]}}