{"id":44407,"date":"2025-08-20T11:08:09","date_gmt":"2025-08-20T14:08:09","guid":{"rendered":"https:\/\/newsinfoco.com.br\/inicio\/?p=44407"},"modified":"2025-08-20T11:12:38","modified_gmt":"2025-08-20T14:12:38","slug":"lula-volta-a-se-reunir-com-ministros-e-presidentes-de-bancos-nesta-quarta","status":"publish","type":"post","link":"https:\/\/newsinfoco.com.br\/inicio\/lula-volta-a-se-reunir-com-ministros-e-presidentes-de-bancos-nesta-quarta\/","title":{"rendered":"Lula volta a se reunir com ministros e presidentes de bancos nesta quarta"},"content":{"rendered":"<div class=\"trv-player-container\">\n<div class=\"trv-wrapper\">\n<div id=\"br_video_player_2b8292d84bf9af56a1f80868d33f7c9dc3c659f9\" class=\"trvd_video_player trvdinstream\">\n<div class=\"media-player\">\n<div class=\"trv-video\">\n<div id=\"truvid_ima_container10751\" class=\"truvid_ima_container\">\n<div>\n<div class=\"trv-player-container\">\n<div class=\"trv-wrapper\">\n<div id=\"br_video_player_2b8292d84bf9af56a1f80868d33f7c9dc3c659f9\" class=\"trvd_video_player trvdinstream\">\n<div class=\"media-player\">\n<div class=\"trv-video\">\n<div id=\"truvid_ima_container10751\" class=\"truvid_ima_container\">\n<div>\n<div>\n<div class=\"trv-player-container\">\n<div class=\"trv-wrapper\">\n<div id=\"br_video_player_2b8292d84bf9af56a1f80868d33f7c9dc3c659f9\" class=\"trvd_video_player trvdinstream\">\n<div class=\"media-player\">\n<div class=\"trv-video\">\n<div id=\"truvid_ima_container10751\" class=\"truvid_ima_container\">\n<div>\n<div>\n<p>O presidente Luiz In\u00e1cio Lula da Silva (PT) volta a se reunir com seus ministros e com presidentes de bancos p\u00fablicos no Pal\u00e1cio da Alvorada na manh\u00e3 desta quarta-feira (20), um dia ap\u00f3s o petista ter seu primeiro encontro para debater o uso do cr\u00e9dito imobili\u00e1rio para reforma de casas. O programa \u00e9 um dos principais objetivos do governo na reta final do terceiro mandato de Lula.<\/p>\n<p>Segundo mat\u00e9ria do InfoMoney, a reuni\u00e3o desta quarta ter\u00e1 in\u00edcio \u00e0s 9h30 e contar\u00e1 com a participa\u00e7\u00e3o dos ministros Alexandre Silveira (Minas e Energia), Fernando Haddad (Fazenda), Gleisi Hoffmann (Rela\u00e7\u00f5es Institucionais) e Rui Costa (Casa Civil). J\u00e1 os presidentes de bancos ser\u00e3o Alo\u00edzio Mercadante (BNDES) e Tarciana Medeiros (Banco do Brasil). A presidente da Petrobras, Magda Chambriard, tamb\u00e9m estar\u00e1 na Alvorada.<\/p>\n<p>J\u00e1 \u00e0 tarde, por volta das 15 horas, Lula possui um encontro marcado com a ministra da Gest\u00e3o e Inova\u00e7\u00e3o, Esther Dweck. A \u00faltima agenda do presidente no dia ser\u00e1 uma reuni\u00e3o com o novo secret\u00e1rio de Assuntos Jur\u00eddicos da Casa Civil, Marcelo Weick Pogliese.<\/p>\n<div>\n<div>\n<div class=\"trv-player-container\">\n<div class=\"trv-wrapper\">\n<div id=\"br_video_player_2b8292d84bf9af56a1f80868d33f7c9dc3c659f9\" class=\"trvd_video_player trvdinstream\">\n<div class=\"media-player\">\n<div class=\"trv-video\">\n<div id=\"truvid_ima_container10751\" class=\"truvid_ima_container\">\n<div>\n<div>\n<div class=\"conteudo_post\">\n<p>A reuni\u00e3o de Lula na ter\u00e7a-feira (19), contou com a presen\u00e7a de Haddad e Costa, tamb\u00e9m convocados para o encontro desta quarta, mas tamb\u00e9m teve a participa\u00e7\u00e3o de nomes como Jader Barbalho, ministro das Cidades, e Carlos Vieira, presidente da Caixa Econ\u00f4mica Federal.<\/p>\n<p>A pauta do encontro foi o lan\u00e7amento de um programa de cr\u00e9dito para reforma de casas de pessoas de baixa renda. O programa \u00e9 defendido por Lula, que j\u00e1 argumentou, em diversas ocasi\u00f5es, sobre sua import\u00e2ncia, devido a enorme quantidade de resid\u00eancias no Brasil sem estrutura b\u00e1sica.<\/p>\n<\/div>\n<div id=\"div-share\">Bahia.Ba<\/div>\n<\/div>\n<\/div>\n<\/div>\n<\/div>\n<\/div>\n<\/div>\n<\/div>\n<\/div>\n<\/div>\n<\/div>\n<\/div>\n<\/div>\n<\/div>\n<\/div>\n<\/div>\n<\/div>\n<\/div>\n<\/div>\n<\/div>\n<\/div>\n<\/div>\n<\/div>\n<\/div>\n<\/div>\n<\/div>\n<\/div>\n<\/div>\n<\/div>\n<\/div>\n<\/div>\n<\/div>\n<\/div>\n<\/div>\n<div class='share-to-whatsapp-wrapper'><div class='share-on-whsp'>Share on: <\/div><a data-text='Lula volta a se reunir com ministros e presidentes de bancos nesta quarta' data-link='https:\/\/newsinfoco.com.br\/inicio\/lula-volta-a-se-reunir-com-ministros-e-presidentes-de-bancos-nesta-quarta\/' class='whatsapp-button whatsapp-share'>WhatsApp<\/a><div class='clear '><\/div><\/div>","protected":false},"excerpt":{"rendered":"<p>O presidente Luiz In\u00e1cio Lula da Silva (PT) volta a se reunir com seus ministros e com presidentes de bancos p\u00fablicos no Pal\u00e1cio da Alvorada na manh\u00e3 desta quarta-feira (20), um dia ap\u00f3s o petista ter seu primeiro encontro para debater o uso do cr\u00e9dito imobili\u00e1rio para reforma de casas. O programa \u00e9 um dos [&hellip;]<\/p>\n","protected":false},"author":1,"featured_media":44409,"comment_status":"closed","ping_status":"closed","sticky":false,"template":"","format":"standard","meta":{"om_disable_all_campaigns":false,"rop_custom_images_group":[],"rop_custom_messages_group":[],"rop_publish_now":"initial","rop_publish_now_accounts":[],"rop_publish_now_history":[],"rop_publish_now_status":"pending","_exactmetrics_skip_tracking":false,"footnotes":""},"categories":[21],"tags":[],"class_list":["post-44407","post","type-post","status-publish","format-standard","has-post-thumbnail","hentry","category-brasil"],"aioseo_notices":[],"aioseo_head":"\n\t\t<!-- All in One SEO 4.9.10 - aioseo.com -->\n\t<meta name=\"description\" content=\"O presidente Luiz In\u00e1cio Lula da Silva (PT) volta a se reunir com seus ministros e com presidentes de bancos p\u00fablicos no Pal\u00e1cio da Alvorada na manh\u00e3 desta quarta-feira (20), um dia ap\u00f3s o petista ter seu primeiro encontro para debater o uso do cr\u00e9dito imobili\u00e1rio para reforma de casas. O programa \u00e9 um dos\" \/>\n\t<meta name=\"robots\" content=\"max-image-preview:large\" \/>\n\t<meta name=\"author\" content=\"administrador\"\/>\n\t<link rel=\"canonical\" href=\"https:\/\/newsinfoco.com.br\/inicio\/lula-volta-a-se-reunir-com-ministros-e-presidentes-de-bancos-nesta-quarta\/\" \/>\n\t<meta name=\"generator\" content=\"All in One SEO (AIOSEO) 4.9.10\" \/>\n\t\t<meta property=\"og:locale\" content=\"pt_BR\" \/>\n\t\t<meta property=\"og:site_name\" content=\"News In Foco - Editado por Caio Pimenta - O principal site de noticias de Alagoinhas e regi\u00e3o\" \/>\n\t\t<meta property=\"og:type\" content=\"article\" \/>\n\t\t<meta property=\"og:title\" content=\"Lula volta a se reunir com ministros e presidentes de bancos nesta quarta - News In Foco - Editado por Caio Pimenta\" \/>\n\t\t<meta property=\"og:description\" content=\"O presidente Luiz In\u00e1cio Lula da Silva (PT) volta a se reunir com seus ministros e com presidentes de bancos p\u00fablicos no Pal\u00e1cio da Alvorada na manh\u00e3 desta quarta-feira (20), um dia ap\u00f3s o petista ter seu primeiro encontro para debater o uso do cr\u00e9dito imobili\u00e1rio para reforma de casas. O programa \u00e9 um dos\" \/>\n\t\t<meta property=\"og:url\" content=\"https:\/\/newsinfoco.com.br\/inicio\/lula-volta-a-se-reunir-com-ministros-e-presidentes-de-bancos-nesta-quarta\/\" \/>\n\t\t<meta property=\"article:published_time\" content=\"2025-08-20T14:08:09+00:00\" \/>\n\t\t<meta property=\"article:modified_time\" content=\"2025-08-20T14:12:38+00:00\" \/>\n\t\t<meta name=\"twitter:card\" content=\"summary_large_image\" \/>\n\t\t<meta name=\"twitter:title\" content=\"Lula volta a se reunir com ministros e presidentes de bancos nesta quarta - News In Foco - Editado por Caio Pimenta\" \/>\n\t\t<meta name=\"twitter:description\" content=\"O presidente Luiz In\u00e1cio Lula da Silva (PT) volta a se reunir com seus ministros e com presidentes de bancos p\u00fablicos no Pal\u00e1cio da Alvorada na manh\u00e3 desta quarta-feira (20), um dia ap\u00f3s o petista ter seu primeiro encontro para debater o uso do cr\u00e9dito imobili\u00e1rio para reforma de casas. O programa \u00e9 um dos\" \/>\n\t\t<script type=\"application\/ld+json\" class=\"aioseo-schema\">\n\t\t\t{\"@context\":\"https:\\\/\\\/schema.org\",\"@graph\":[{\"@type\":\"BlogPosting\",\"@id\":\"https:\\\/\\\/newsinfoco.com.br\\\/inicio\\\/lula-volta-a-se-reunir-com-ministros-e-presidentes-de-bancos-nesta-quarta\\\/#blogposting\",\"name\":\"Lula volta a se reunir com ministros e presidentes de bancos nesta quarta - News In Foco - Editado por Caio Pimenta\",\"headline\":\"Lula volta a se reunir com ministros e presidentes de bancos nesta quarta\",\"author\":{\"@id\":\"https:\\\/\\\/newsinfoco.com.br\\\/inicio\\\/author\\\/administrador\\\/#author\"},\"publisher\":{\"@id\":\"https:\\\/\\\/newsinfoco.com.br\\\/inicio\\\/#organization\"},\"image\":{\"@type\":\"ImageObject\",\"url\":\"https:\\\/\\\/newsinfoco.com.br\\\/inicio\\\/wp-content\\\/uploads\\\/2025\\\/08\\\/Lula-e-ministros.png\",\"width\":600,\"height\":420},\"datePublished\":\"2025-08-20T11:08:09-03:00\",\"dateModified\":\"2025-08-20T11:12:38-03:00\",\"inLanguage\":\"pt-BR\",\"mainEntityOfPage\":{\"@id\":\"https:\\\/\\\/newsinfoco.com.br\\\/inicio\\\/lula-volta-a-se-reunir-com-ministros-e-presidentes-de-bancos-nesta-quarta\\\/#webpage\"},\"isPartOf\":{\"@id\":\"https:\\\/\\\/newsinfoco.com.br\\\/inicio\\\/lula-volta-a-se-reunir-com-ministros-e-presidentes-de-bancos-nesta-quarta\\\/#webpage\"},\"articleSection\":\"Brasil\"},{\"@type\":\"BreadcrumbList\",\"@id\":\"https:\\\/\\\/newsinfoco.com.br\\\/inicio\\\/lula-volta-a-se-reunir-com-ministros-e-presidentes-de-bancos-nesta-quarta\\\/#breadcrumblist\",\"itemListElement\":[{\"@type\":\"ListItem\",\"@id\":\"https:\\\/\\\/newsinfoco.com.br\\\/inicio#listItem\",\"position\":1,\"name\":\"In\\u00edcio\",\"item\":\"https:\\\/\\\/newsinfoco.com.br\\\/inicio\",\"nextItem\":{\"@type\":\"ListItem\",\"@id\":\"https:\\\/\\\/newsinfoco.com.br\\\/inicio\\\/category\\\/brasil\\\/#listItem\",\"name\":\"Brasil\"}},{\"@type\":\"ListItem\",\"@id\":\"https:\\\/\\\/newsinfoco.com.br\\\/inicio\\\/category\\\/brasil\\\/#listItem\",\"position\":2,\"name\":\"Brasil\",\"item\":\"https:\\\/\\\/newsinfoco.com.br\\\/inicio\\\/category\\\/brasil\\\/\",\"nextItem\":{\"@type\":\"ListItem\",\"@id\":\"https:\\\/\\\/newsinfoco.com.br\\\/inicio\\\/lula-volta-a-se-reunir-com-ministros-e-presidentes-de-bancos-nesta-quarta\\\/#listItem\",\"name\":\"Lula volta a se reunir com ministros e presidentes de bancos nesta quarta\"},\"previousItem\":{\"@type\":\"ListItem\",\"@id\":\"https:\\\/\\\/newsinfoco.com.br\\\/inicio#listItem\",\"name\":\"In\\u00edcio\"}},{\"@type\":\"ListItem\",\"@id\":\"https:\\\/\\\/newsinfoco.com.br\\\/inicio\\\/lula-volta-a-se-reunir-com-ministros-e-presidentes-de-bancos-nesta-quarta\\\/#listItem\",\"position\":3,\"name\":\"Lula volta a se reunir com ministros e presidentes de bancos nesta quarta\",\"previousItem\":{\"@type\":\"ListItem\",\"@id\":\"https:\\\/\\\/newsinfoco.com.br\\\/inicio\\\/category\\\/brasil\\\/#listItem\",\"name\":\"Brasil\"}}]},{\"@type\":\"Organization\",\"@id\":\"https:\\\/\\\/newsinfoco.com.br\\\/inicio\\\/#organization\",\"name\":\"News In Foco - Editado por Caio Pimenta\",\"description\":\"O principal site de noticias de Alagoinhas e regi\\u00e3o\",\"url\":\"https:\\\/\\\/newsinfoco.com.br\\\/inicio\\\/\"},{\"@type\":\"Person\",\"@id\":\"https:\\\/\\\/newsinfoco.com.br\\\/inicio\\\/author\\\/administrador\\\/#author\",\"url\":\"https:\\\/\\\/newsinfoco.com.br\\\/inicio\\\/author\\\/administrador\\\/\",\"name\":\"administrador\",\"image\":{\"@type\":\"ImageObject\",\"@id\":\"https:\\\/\\\/newsinfoco.com.br\\\/inicio\\\/lula-volta-a-se-reunir-com-ministros-e-presidentes-de-bancos-nesta-quarta\\\/#authorImage\",\"url\":\"https:\\\/\\\/secure.gravatar.com\\\/avatar\\\/c17a617433de8c1dc9584bb79aab7563b46f5bb7e1728c9b17d9cc3ce6a08e49?s=96&d=mm&r=g\",\"width\":96,\"height\":96,\"caption\":\"administrador\"}},{\"@type\":\"WebPage\",\"@id\":\"https:\\\/\\\/newsinfoco.com.br\\\/inicio\\\/lula-volta-a-se-reunir-com-ministros-e-presidentes-de-bancos-nesta-quarta\\\/#webpage\",\"url\":\"https:\\\/\\\/newsinfoco.com.br\\\/inicio\\\/lula-volta-a-se-reunir-com-ministros-e-presidentes-de-bancos-nesta-quarta\\\/\",\"name\":\"Lula volta a se reunir com ministros e presidentes de bancos nesta quarta - News In Foco - Editado por Caio Pimenta\",\"description\":\"O presidente Luiz In\\u00e1cio Lula da Silva (PT) volta a se reunir com seus ministros e com presidentes de bancos p\\u00fablicos no Pal\\u00e1cio da Alvorada na manh\\u00e3 desta quarta-feira (20), um dia ap\\u00f3s o petista ter seu primeiro encontro para debater o uso do cr\\u00e9dito imobili\\u00e1rio para reforma de casas. O programa \\u00e9 um dos\",\"inLanguage\":\"pt-BR\",\"isPartOf\":{\"@id\":\"https:\\\/\\\/newsinfoco.com.br\\\/inicio\\\/#website\"},\"breadcrumb\":{\"@id\":\"https:\\\/\\\/newsinfoco.com.br\\\/inicio\\\/lula-volta-a-se-reunir-com-ministros-e-presidentes-de-bancos-nesta-quarta\\\/#breadcrumblist\"},\"author\":{\"@id\":\"https:\\\/\\\/newsinfoco.com.br\\\/inicio\\\/author\\\/administrador\\\/#author\"},\"creator\":{\"@id\":\"https:\\\/\\\/newsinfoco.com.br\\\/inicio\\\/author\\\/administrador\\\/#author\"},\"image\":{\"@type\":\"ImageObject\",\"url\":\"https:\\\/\\\/newsinfoco.com.br\\\/inicio\\\/wp-content\\\/uploads\\\/2025\\\/08\\\/Lula-e-ministros.png\",\"@id\":\"https:\\\/\\\/newsinfoco.com.br\\\/inicio\\\/lula-volta-a-se-reunir-com-ministros-e-presidentes-de-bancos-nesta-quarta\\\/#mainImage\",\"width\":600,\"height\":420},\"primaryImageOfPage\":{\"@id\":\"https:\\\/\\\/newsinfoco.com.br\\\/inicio\\\/lula-volta-a-se-reunir-com-ministros-e-presidentes-de-bancos-nesta-quarta\\\/#mainImage\"},\"datePublished\":\"2025-08-20T11:08:09-03:00\",\"dateModified\":\"2025-08-20T11:12:38-03:00\"},{\"@type\":\"WebSite\",\"@id\":\"https:\\\/\\\/newsinfoco.com.br\\\/inicio\\\/#website\",\"url\":\"https:\\\/\\\/newsinfoco.com.br\\\/inicio\\\/\",\"name\":\"News In Foco - Editado por Caio Pimenta\",\"description\":\"O principal site de noticias de Alagoinhas e regi\\u00e3o\",\"inLanguage\":\"pt-BR\",\"publisher\":{\"@id\":\"https:\\\/\\\/newsinfoco.com.br\\\/inicio\\\/#organization\"}}]}\n\t\t<\/script>\n\t\t<!-- All in One SEO -->\n\n","aioseo_head_json":{"title":"Lula volta a se reunir com ministros e presidentes de bancos nesta quarta - News In Foco - Editado por Caio Pimenta","description":"O presidente Luiz In\u00e1cio Lula da Silva (PT) volta a se reunir com seus ministros e com presidentes de bancos p\u00fablicos no Pal\u00e1cio da Alvorada na manh\u00e3 desta quarta-feira (20), um dia ap\u00f3s o petista ter seu primeiro encontro para debater o uso do cr\u00e9dito imobili\u00e1rio para reforma de casas. O programa \u00e9 um dos","canonical_url":"https:\/\/newsinfoco.com.br\/inicio\/lula-volta-a-se-reunir-com-ministros-e-presidentes-de-bancos-nesta-quarta\/","robots":"max-image-preview:large","keywords":"","webmasterTools":{"miscellaneous":""},"schema":{"@context":"https:\/\/schema.org","@graph":[{"@type":"BlogPosting","@id":"https:\/\/newsinfoco.com.br\/inicio\/lula-volta-a-se-reunir-com-ministros-e-presidentes-de-bancos-nesta-quarta\/#blogposting","name":"Lula volta a se reunir com ministros e presidentes de bancos nesta quarta - News In Foco - Editado por Caio Pimenta","headline":"Lula volta a se reunir com ministros e presidentes de bancos nesta quarta","author":{"@id":"https:\/\/newsinfoco.com.br\/inicio\/author\/administrador\/#author"},"publisher":{"@id":"https:\/\/newsinfoco.com.br\/inicio\/#organization"},"image":{"@type":"ImageObject","url":"https:\/\/newsinfoco.com.br\/inicio\/wp-content\/uploads\/2025\/08\/Lula-e-ministros.png","width":600,"height":420},"datePublished":"2025-08-20T11:08:09-03:00","dateModified":"2025-08-20T11:12:38-03:00","inLanguage":"pt-BR","mainEntityOfPage":{"@id":"https:\/\/newsinfoco.com.br\/inicio\/lula-volta-a-se-reunir-com-ministros-e-presidentes-de-bancos-nesta-quarta\/#webpage"},"isPartOf":{"@id":"https:\/\/newsinfoco.com.br\/inicio\/lula-volta-a-se-reunir-com-ministros-e-presidentes-de-bancos-nesta-quarta\/#webpage"},"articleSection":"Brasil"},{"@type":"BreadcrumbList","@id":"https:\/\/newsinfoco.com.br\/inicio\/lula-volta-a-se-reunir-com-ministros-e-presidentes-de-bancos-nesta-quarta\/#breadcrumblist","itemListElement":[{"@type":"ListItem","@id":"https:\/\/newsinfoco.com.br\/inicio#listItem","position":1,"name":"In\u00edcio","item":"https:\/\/newsinfoco.com.br\/inicio","nextItem":{"@type":"ListItem","@id":"https:\/\/newsinfoco.com.br\/inicio\/category\/brasil\/#listItem","name":"Brasil"}},{"@type":"ListItem","@id":"https:\/\/newsinfoco.com.br\/inicio\/category\/brasil\/#listItem","position":2,"name":"Brasil","item":"https:\/\/newsinfoco.com.br\/inicio\/category\/brasil\/","nextItem":{"@type":"ListItem","@id":"https:\/\/newsinfoco.com.br\/inicio\/lula-volta-a-se-reunir-com-ministros-e-presidentes-de-bancos-nesta-quarta\/#listItem","name":"Lula volta a se reunir com ministros e presidentes de bancos nesta quarta"},"previousItem":{"@type":"ListItem","@id":"https:\/\/newsinfoco.com.br\/inicio#listItem","name":"In\u00edcio"}},{"@type":"ListItem","@id":"https:\/\/newsinfoco.com.br\/inicio\/lula-volta-a-se-reunir-com-ministros-e-presidentes-de-bancos-nesta-quarta\/#listItem","position":3,"name":"Lula volta a se reunir com ministros e presidentes de bancos nesta quarta","previousItem":{"@type":"ListItem","@id":"https:\/\/newsinfoco.com.br\/inicio\/category\/brasil\/#listItem","name":"Brasil"}}]},{"@type":"Organization","@id":"https:\/\/newsinfoco.com.br\/inicio\/#organization","name":"News In Foco - Editado por Caio Pimenta","description":"O principal site de noticias de Alagoinhas e regi\u00e3o","url":"https:\/\/newsinfoco.com.br\/inicio\/"},{"@type":"Person","@id":"https:\/\/newsinfoco.com.br\/inicio\/author\/administrador\/#author","url":"https:\/\/newsinfoco.com.br\/inicio\/author\/administrador\/","name":"administrador","image":{"@type":"ImageObject","@id":"https:\/\/newsinfoco.com.br\/inicio\/lula-volta-a-se-reunir-com-ministros-e-presidentes-de-bancos-nesta-quarta\/#authorImage","url":"https:\/\/secure.gravatar.com\/avatar\/c17a617433de8c1dc9584bb79aab7563b46f5bb7e1728c9b17d9cc3ce6a08e49?s=96&d=mm&r=g","width":96,"height":96,"caption":"administrador"}},{"@type":"WebPage","@id":"https:\/\/newsinfoco.com.br\/inicio\/lula-volta-a-se-reunir-com-ministros-e-presidentes-de-bancos-nesta-quarta\/#webpage","url":"https:\/\/newsinfoco.com.br\/inicio\/lula-volta-a-se-reunir-com-ministros-e-presidentes-de-bancos-nesta-quarta\/","name":"Lula volta a se reunir com ministros e presidentes de bancos nesta quarta - News In Foco - Editado por Caio Pimenta","description":"O presidente Luiz In\u00e1cio Lula da Silva (PT) volta a se reunir com seus ministros e com presidentes de bancos p\u00fablicos no Pal\u00e1cio da Alvorada na manh\u00e3 desta quarta-feira (20), um dia ap\u00f3s o petista ter seu primeiro encontro para debater o uso do cr\u00e9dito imobili\u00e1rio para reforma de casas. O programa \u00e9 um dos","inLanguage":"pt-BR","isPartOf":{"@id":"https:\/\/newsinfoco.com.br\/inicio\/#website"},"breadcrumb":{"@id":"https:\/\/newsinfoco.com.br\/inicio\/lula-volta-a-se-reunir-com-ministros-e-presidentes-de-bancos-nesta-quarta\/#breadcrumblist"},"author":{"@id":"https:\/\/newsinfoco.com.br\/inicio\/author\/administrador\/#author"},"creator":{"@id":"https:\/\/newsinfoco.com.br\/inicio\/author\/administrador\/#author"},"image":{"@type":"ImageObject","url":"https:\/\/newsinfoco.com.br\/inicio\/wp-content\/uploads\/2025\/08\/Lula-e-ministros.png","@id":"https:\/\/newsinfoco.com.br\/inicio\/lula-volta-a-se-reunir-com-ministros-e-presidentes-de-bancos-nesta-quarta\/#mainImage","width":600,"height":420},"primaryImageOfPage":{"@id":"https:\/\/newsinfoco.com.br\/inicio\/lula-volta-a-se-reunir-com-ministros-e-presidentes-de-bancos-nesta-quarta\/#mainImage"},"datePublished":"2025-08-20T11:08:09-03:00","dateModified":"2025-08-20T11:12:38-03:00"},{"@type":"WebSite","@id":"https:\/\/newsinfoco.com.br\/inicio\/#website","url":"https:\/\/newsinfoco.com.br\/inicio\/","name":"News In Foco - Editado por Caio Pimenta","description":"O principal site de noticias de Alagoinhas e regi\u00e3o","inLanguage":"pt-BR","publisher":{"@id":"https:\/\/newsinfoco.com.br\/inicio\/#organization"}}]},"og:locale":"pt_BR","og:site_name":"News In Foco - Editado por Caio Pimenta - O principal site de noticias de Alagoinhas e regi\u00e3o","og:type":"article","og:title":"Lula volta a se reunir com ministros e presidentes de bancos nesta quarta - News In Foco - Editado por Caio Pimenta","og:description":"O presidente Luiz In\u00e1cio Lula da Silva (PT) volta a se reunir com seus ministros e com presidentes de bancos p\u00fablicos no Pal\u00e1cio da Alvorada na manh\u00e3 desta quarta-feira (20), um dia ap\u00f3s o petista ter seu primeiro encontro para debater o uso do cr\u00e9dito imobili\u00e1rio para reforma de casas. O programa \u00e9 um dos","og:url":"https:\/\/newsinfoco.com.br\/inicio\/lula-volta-a-se-reunir-com-ministros-e-presidentes-de-bancos-nesta-quarta\/","article:published_time":"2025-08-20T14:08:09+00:00","article:modified_time":"2025-08-20T14:12:38+00:00","twitter:card":"summary_large_image","twitter:title":"Lula volta a se reunir com ministros e presidentes de bancos nesta quarta - News In Foco - Editado por Caio Pimenta","twitter:description":"O presidente Luiz In\u00e1cio Lula da Silva (PT) volta a se reunir com seus ministros e com presidentes de bancos p\u00fablicos no Pal\u00e1cio da Alvorada na manh\u00e3 desta quarta-feira (20), um dia ap\u00f3s o petista ter seu primeiro encontro para debater o uso do cr\u00e9dito imobili\u00e1rio para reforma de casas. O programa \u00e9 um dos"},"aioseo_meta_data":{"post_id":"44407","title":null,"description":null,"keywords":null,"keyphrases":{"focus":{"keyphrase":"","score":0,"analysis":{"keyphraseInTitle":{"score":0,"maxScore":9,"error":1}}},"additional":[]},"primary_term":null,"canonical_url":null,"og_title":null,"og_description":null,"og_object_type":"default","og_image_type":"default","og_image_url":null,"og_image_width":null,"og_image_height":null,"og_image_custom_url":null,"og_image_custom_fields":null,"og_video":"","og_custom_url":null,"og_article_section":null,"og_article_tags":null,"twitter_use_og":false,"twitter_card":"default","twitter_image_type":"default","twitter_image_url":null,"twitter_image_custom_url":null,"twitter_image_custom_fields":null,"twitter_title":null,"twitter_description":null,"schema":{"blockGraphs":[],"customGraphs":[],"default":{"data":{"Article":[],"Course":[],"Dataset":[],"FAQPage":[],"Movie":[],"Person":[],"Product":[],"ProductReview":[],"Car":[],"Recipe":[],"Service":[],"SoftwareApplication":[],"WebPage":[]},"graphName":"BlogPosting","isEnabled":true},"graphs":[]},"schema_type":"default","schema_type_options":null,"pillar_content":false,"robots_default":true,"robots_noindex":false,"robots_noarchive":false,"robots_nosnippet":false,"robots_nofollow":false,"robots_noimageindex":false,"robots_noodp":false,"robots_notranslate":false,"robots_max_snippet":"-1","robots_max_videopreview":"-1","robots_max_imagepreview":"large","priority":null,"frequency":"default","local_seo":null,"breadcrumb_settings":null,"limit_modified_date":false,"ai":{"faqs":[],"keyPoints":[],"titles":[],"descriptions":[],"socialPosts":{"email":[],"linkedin":[],"twitter":[],"facebook":[],"instagram":[]}},"created":"2025-08-20 14:08:09","updated":"2025-08-20 14:18:42","seo_analyzer_scan_date":null},"aioseo_breadcrumb":"<div class=\"aioseo-breadcrumbs\"><span class=\"aioseo-breadcrumb\">\n\t\t\t<a href=\"https:\/\/newsinfoco.com.br\/inicio\" title=\"In\u00edcio\">In\u00edcio<\/a>\n\t\t<\/span><span class=\"aioseo-breadcrumb-separator\">&raquo;<\/span><span class=\"aioseo-breadcrumb\">\n\t\t\t<a href=\"https:\/\/newsinfoco.com.br\/inicio\/category\/brasil\/\" title=\"Brasil\">Brasil<\/a>\n\t\t<\/span><span class=\"aioseo-breadcrumb-separator\">&raquo;<\/span><span class=\"aioseo-breadcrumb\">\n\t\t\tLula volta a se reunir com ministros e presidentes de bancos nesta quarta\n\t\t<\/span><\/div>","aioseo_breadcrumb_json":[{"label":"In\u00edcio","link":"https:\/\/newsinfoco.com.br\/inicio"},{"label":"Brasil","link":"https:\/\/newsinfoco.com.br\/inicio\/category\/brasil\/"},{"label":"Lula volta a se reunir com ministros e presidentes de bancos nesta quarta","link":"https:\/\/newsinfoco.com.br\/inicio\/lula-volta-a-se-reunir-com-ministros-e-presidentes-de-bancos-nesta-quarta\/"}],"_links":{"self":[{"href":"https:\/\/newsinfoco.com.br\/inicio\/wp-json\/wp\/v2\/posts\/44407","targetHints":{"allow":["GET"]}}],"collection":[{"href":"https:\/\/newsinfoco.com.br\/inicio\/wp-json\/wp\/v2\/posts"}],"about":[{"href":"https:\/\/newsinfoco.com.br\/inicio\/wp-json\/wp\/v2\/types\/post"}],"author":[{"embeddable":true,"href":"https:\/\/newsinfoco.com.br\/inicio\/wp-json\/wp\/v2\/users\/1"}],"replies":[{"embeddable":true,"href":"https:\/\/newsinfoco.com.br\/inicio\/wp-json\/wp\/v2\/comments?post=44407"}],"version-history":[{"count":3,"href":"https:\/\/newsinfoco.com.br\/inicio\/wp-json\/wp\/v2\/posts\/44407\/revisions"}],"predecessor-version":[{"id":44412,"href":"https:\/\/newsinfoco.com.br\/inicio\/wp-json\/wp\/v2\/posts\/44407\/revisions\/44412"}],"wp:featuredmedia":[{"embeddable":true,"href":"https:\/\/newsinfoco.com.br\/inicio\/wp-json\/wp\/v2\/media\/44409"}],"wp:attachment":[{"href":"https:\/\/newsinfoco.com.br\/inicio\/wp-json\/wp\/v2\/media?parent=44407"}],"wp:term":[{"taxonomy":"category","embeddable":true,"href":"https:\/\/newsinfoco.com.br\/inicio\/wp-json\/wp\/v2\/categories?post=44407"},{"taxonomy":"post_tag","embeddable":true,"href":"https:\/\/newsinfoco.com.br\/inicio\/wp-json\/wp\/v2\/tags?post=44407"}],"curies":[{"name":"wp","href":"https:\/\/api.w.org\/{rel}","templated":true}]}}