{"id":44413,"date":"2025-08-20T11:23:34","date_gmt":"2025-08-20T14:23:34","guid":{"rendered":"https:\/\/newsinfoco.com.br\/inicio\/?p=44413"},"modified":"2025-08-20T11:23:34","modified_gmt":"2025-08-20T14:23:34","slug":"feminicidios-por-arma-de-fogo-dobram-em-salvador-e-rms-em-2025","status":"publish","type":"post","link":"https:\/\/newsinfoco.com.br\/inicio\/feminicidios-por-arma-de-fogo-dobram-em-salvador-e-rms-em-2025\/","title":{"rendered":"Feminic\u00eddios por arma de fogo dobram em Salvador e RMS em 2025"},"content":{"rendered":"<p>O n\u00famero de mulheres mortas por feminic\u00eddio com uso de arma de fogo em Salvador e Regi\u00e3o Metropolitana (RMS) dobrou em 2025. Segundo dados divulgados nesta ter\u00e7a-feira (19) pelo Instituto Fogo Cruzado, entre 1\u00ba de janeiro e 14 de agosto deste ano foram registradas quatro v\u00edtimas, contra duas no mesmo per\u00edodo de 2024.<\/p>\n<p>Embora o total de casos tenha se mantido em quatro ocorr\u00eancias, houve altera\u00e7\u00e3o no perfil das v\u00edtimas. Em 2024, duas mulheres foram mortas e outras duas ficaram feridas. J\u00e1 em 2025, todas as quatro v\u00edtimas n\u00e3o resistiram aos disparos. Os registros foram feitos em Cama\u00e7ari (2) e Sim\u00f5es Filho (2).<\/p>\n<p><strong>Avan\u00e7o em toda a regi\u00e3o monitorada<\/strong><\/p>\n<p>Nos 57 munic\u00edpios monitorados pelo Instituto Fogo Cruzado, foram contabilizados 29 casos de feminic\u00eddio ou tentativa de feminic\u00eddio com arma de fogo em 2025. O aumento representa 45% em rela\u00e7\u00e3o ao mesmo per\u00edodo de 2024, quando houve 20 ocorr\u00eancias.<\/p>\n<div class=\"conteudo_post\">\n<p>A letalidade tamb\u00e9m cresceu. Este ano, 76% das v\u00edtimas n\u00e3o sobreviveram, totalizando 22 mulheres mortas e sete feridas. Em 2024, das 20 mulheres baleadas, 12 foram mortas (60%) e oito resistiram aos ferimentos.<\/p>\n<p>Outro dado que chama a aten\u00e7\u00e3o \u00e9 o envolvimento de agentes de seguran\u00e7a nos crimes. Das 29 mulheres baleadas em 2025, sete foram v\u00edtimas de ataques praticados por policiais ou militares, o que representa 25% do total.<\/p>\n<\/div>\n<div class=\"ui items\">\n<div class=\"item\">Bahia.Ba<\/div>\n<\/div>\n<div>\n<div>\n<div class=\"trv-player-container\">\n<div class=\"trv-wrapper\">\n<div id=\"br_video_player_af626ca01f680aa2b1320868d33f7c9dc3c659f9\" class=\"trvd_video_player trvdinstream\"><\/div>\n<\/div>\n<\/div>\n<\/div>\n<\/div>\n<div class='share-to-whatsapp-wrapper'><div class='share-on-whsp'>Share on: <\/div><a data-text='Feminic\u00eddios por arma de fogo dobram em Salvador e RMS em 2025' data-link='https:\/\/newsinfoco.com.br\/inicio\/feminicidios-por-arma-de-fogo-dobram-em-salvador-e-rms-em-2025\/' class='whatsapp-button whatsapp-share'>WhatsApp<\/a><div class='clear '><\/div><\/div>","protected":false},"excerpt":{"rendered":"<p>O n\u00famero de mulheres mortas por feminic\u00eddio com uso de arma de fogo em Salvador e Regi\u00e3o Metropolitana (RMS) dobrou em 2025. Segundo dados divulgados nesta ter\u00e7a-feira (19) pelo Instituto Fogo Cruzado, entre 1\u00ba de janeiro e 14 de agosto deste ano foram registradas quatro v\u00edtimas, contra duas no mesmo per\u00edodo de 2024. Embora o [&hellip;]<\/p>\n","protected":false},"author":1,"featured_media":44414,"comment_status":"closed","ping_status":"closed","sticky":false,"template":"","format":"standard","meta":{"om_disable_all_campaigns":false,"rop_custom_images_group":[],"rop_custom_messages_group":[],"rop_publish_now":"initial","rop_publish_now_accounts":[],"rop_publish_now_history":[],"rop_publish_now_status":"pending","_exactmetrics_skip_tracking":false,"footnotes":""},"categories":[19],"tags":[],"class_list":["post-44413","post","type-post","status-publish","format-standard","has-post-thumbnail","hentry","category-bahia"],"aioseo_notices":[],"aioseo_head":"\n\t\t<!-- All in One SEO 4.9.10 - aioseo.com -->\n\t<meta name=\"description\" content=\"O n\u00famero de mulheres mortas por feminic\u00eddio com uso de arma de fogo em Salvador e Regi\u00e3o Metropolitana (RMS) dobrou em 2025. Segundo dados divulgados nesta ter\u00e7a-feira (19) pelo Instituto Fogo Cruzado, entre 1\u00ba de janeiro e 14 de agosto deste ano foram registradas quatro v\u00edtimas, contra duas no mesmo per\u00edodo de 2024. Embora o\" \/>\n\t<meta name=\"robots\" content=\"max-image-preview:large\" \/>\n\t<meta name=\"author\" content=\"administrador\"\/>\n\t<link rel=\"canonical\" href=\"https:\/\/newsinfoco.com.br\/inicio\/feminicidios-por-arma-de-fogo-dobram-em-salvador-e-rms-em-2025\/\" \/>\n\t<meta name=\"generator\" content=\"All in One SEO (AIOSEO) 4.9.10\" \/>\n\t\t<meta property=\"og:locale\" content=\"pt_BR\" \/>\n\t\t<meta property=\"og:site_name\" content=\"News In Foco - Editado por Caio Pimenta - O principal site de noticias de Alagoinhas e regi\u00e3o\" \/>\n\t\t<meta property=\"og:type\" content=\"article\" \/>\n\t\t<meta property=\"og:title\" content=\"Feminic\u00eddios por arma de fogo dobram em Salvador e RMS em 2025 - News In Foco - Editado por Caio Pimenta\" \/>\n\t\t<meta property=\"og:description\" content=\"O n\u00famero de mulheres mortas por feminic\u00eddio com uso de arma de fogo em Salvador e Regi\u00e3o Metropolitana (RMS) dobrou em 2025. Segundo dados divulgados nesta ter\u00e7a-feira (19) pelo Instituto Fogo Cruzado, entre 1\u00ba de janeiro e 14 de agosto deste ano foram registradas quatro v\u00edtimas, contra duas no mesmo per\u00edodo de 2024. Embora o\" \/>\n\t\t<meta property=\"og:url\" content=\"https:\/\/newsinfoco.com.br\/inicio\/feminicidios-por-arma-de-fogo-dobram-em-salvador-e-rms-em-2025\/\" \/>\n\t\t<meta property=\"article:published_time\" content=\"2025-08-20T14:23:34+00:00\" \/>\n\t\t<meta property=\"article:modified_time\" content=\"2025-08-20T14:23:34+00:00\" \/>\n\t\t<meta name=\"twitter:card\" content=\"summary_large_image\" \/>\n\t\t<meta name=\"twitter:title\" content=\"Feminic\u00eddios por arma de fogo dobram em Salvador e RMS em 2025 - News In Foco - Editado por Caio Pimenta\" \/>\n\t\t<meta name=\"twitter:description\" content=\"O n\u00famero de mulheres mortas por feminic\u00eddio com uso de arma de fogo em Salvador e Regi\u00e3o Metropolitana (RMS) dobrou em 2025. Segundo dados divulgados nesta ter\u00e7a-feira (19) pelo Instituto Fogo Cruzado, entre 1\u00ba de janeiro e 14 de agosto deste ano foram registradas quatro v\u00edtimas, contra duas no mesmo per\u00edodo de 2024. Embora o\" \/>\n\t\t<script type=\"application\/ld+json\" class=\"aioseo-schema\">\n\t\t\t{\"@context\":\"https:\\\/\\\/schema.org\",\"@graph\":[{\"@type\":\"BlogPosting\",\"@id\":\"https:\\\/\\\/newsinfoco.com.br\\\/inicio\\\/feminicidios-por-arma-de-fogo-dobram-em-salvador-e-rms-em-2025\\\/#blogposting\",\"name\":\"Feminic\\u00eddios por arma de fogo dobram em Salvador e RMS em 2025 - News In Foco - Editado por Caio Pimenta\",\"headline\":\"Feminic\\u00eddios por arma de fogo dobram em Salvador e RMS em 2025\",\"author\":{\"@id\":\"https:\\\/\\\/newsinfoco.com.br\\\/inicio\\\/author\\\/administrador\\\/#author\"},\"publisher\":{\"@id\":\"https:\\\/\\\/newsinfoco.com.br\\\/inicio\\\/#organization\"},\"image\":{\"@type\":\"ImageObject\",\"url\":\"https:\\\/\\\/newsinfoco.com.br\\\/inicio\\\/wp-content\\\/uploads\\\/2025\\\/08\\\/feminicidio.jpg\",\"width\":600,\"height\":420},\"datePublished\":\"2025-08-20T11:23:34-03:00\",\"dateModified\":\"2025-08-20T11:23:34-03:00\",\"inLanguage\":\"pt-BR\",\"mainEntityOfPage\":{\"@id\":\"https:\\\/\\\/newsinfoco.com.br\\\/inicio\\\/feminicidios-por-arma-de-fogo-dobram-em-salvador-e-rms-em-2025\\\/#webpage\"},\"isPartOf\":{\"@id\":\"https:\\\/\\\/newsinfoco.com.br\\\/inicio\\\/feminicidios-por-arma-de-fogo-dobram-em-salvador-e-rms-em-2025\\\/#webpage\"},\"articleSection\":\"Bahia\"},{\"@type\":\"BreadcrumbList\",\"@id\":\"https:\\\/\\\/newsinfoco.com.br\\\/inicio\\\/feminicidios-por-arma-de-fogo-dobram-em-salvador-e-rms-em-2025\\\/#breadcrumblist\",\"itemListElement\":[{\"@type\":\"ListItem\",\"@id\":\"https:\\\/\\\/newsinfoco.com.br\\\/inicio#listItem\",\"position\":1,\"name\":\"In\\u00edcio\",\"item\":\"https:\\\/\\\/newsinfoco.com.br\\\/inicio\",\"nextItem\":{\"@type\":\"ListItem\",\"@id\":\"https:\\\/\\\/newsinfoco.com.br\\\/inicio\\\/category\\\/bahia\\\/#listItem\",\"name\":\"Bahia\"}},{\"@type\":\"ListItem\",\"@id\":\"https:\\\/\\\/newsinfoco.com.br\\\/inicio\\\/category\\\/bahia\\\/#listItem\",\"position\":2,\"name\":\"Bahia\",\"item\":\"https:\\\/\\\/newsinfoco.com.br\\\/inicio\\\/category\\\/bahia\\\/\",\"nextItem\":{\"@type\":\"ListItem\",\"@id\":\"https:\\\/\\\/newsinfoco.com.br\\\/inicio\\\/feminicidios-por-arma-de-fogo-dobram-em-salvador-e-rms-em-2025\\\/#listItem\",\"name\":\"Feminic\\u00eddios por arma de fogo dobram em Salvador e RMS em 2025\"},\"previousItem\":{\"@type\":\"ListItem\",\"@id\":\"https:\\\/\\\/newsinfoco.com.br\\\/inicio#listItem\",\"name\":\"In\\u00edcio\"}},{\"@type\":\"ListItem\",\"@id\":\"https:\\\/\\\/newsinfoco.com.br\\\/inicio\\\/feminicidios-por-arma-de-fogo-dobram-em-salvador-e-rms-em-2025\\\/#listItem\",\"position\":3,\"name\":\"Feminic\\u00eddios por arma de fogo dobram em Salvador e RMS em 2025\",\"previousItem\":{\"@type\":\"ListItem\",\"@id\":\"https:\\\/\\\/newsinfoco.com.br\\\/inicio\\\/category\\\/bahia\\\/#listItem\",\"name\":\"Bahia\"}}]},{\"@type\":\"Organization\",\"@id\":\"https:\\\/\\\/newsinfoco.com.br\\\/inicio\\\/#organization\",\"name\":\"News In Foco - Editado por Caio Pimenta\",\"description\":\"O principal site de noticias de Alagoinhas e regi\\u00e3o\",\"url\":\"https:\\\/\\\/newsinfoco.com.br\\\/inicio\\\/\"},{\"@type\":\"Person\",\"@id\":\"https:\\\/\\\/newsinfoco.com.br\\\/inicio\\\/author\\\/administrador\\\/#author\",\"url\":\"https:\\\/\\\/newsinfoco.com.br\\\/inicio\\\/author\\\/administrador\\\/\",\"name\":\"administrador\",\"image\":{\"@type\":\"ImageObject\",\"@id\":\"https:\\\/\\\/newsinfoco.com.br\\\/inicio\\\/feminicidios-por-arma-de-fogo-dobram-em-salvador-e-rms-em-2025\\\/#authorImage\",\"url\":\"https:\\\/\\\/secure.gravatar.com\\\/avatar\\\/c17a617433de8c1dc9584bb79aab7563b46f5bb7e1728c9b17d9cc3ce6a08e49?s=96&d=mm&r=g\",\"width\":96,\"height\":96,\"caption\":\"administrador\"}},{\"@type\":\"WebPage\",\"@id\":\"https:\\\/\\\/newsinfoco.com.br\\\/inicio\\\/feminicidios-por-arma-de-fogo-dobram-em-salvador-e-rms-em-2025\\\/#webpage\",\"url\":\"https:\\\/\\\/newsinfoco.com.br\\\/inicio\\\/feminicidios-por-arma-de-fogo-dobram-em-salvador-e-rms-em-2025\\\/\",\"name\":\"Feminic\\u00eddios por arma de fogo dobram em Salvador e RMS em 2025 - News In Foco - Editado por Caio Pimenta\",\"description\":\"O n\\u00famero de mulheres mortas por feminic\\u00eddio com uso de arma de fogo em Salvador e Regi\\u00e3o Metropolitana (RMS) dobrou em 2025. Segundo dados divulgados nesta ter\\u00e7a-feira (19) pelo Instituto Fogo Cruzado, entre 1\\u00ba de janeiro e 14 de agosto deste ano foram registradas quatro v\\u00edtimas, contra duas no mesmo per\\u00edodo de 2024. Embora o\",\"inLanguage\":\"pt-BR\",\"isPartOf\":{\"@id\":\"https:\\\/\\\/newsinfoco.com.br\\\/inicio\\\/#website\"},\"breadcrumb\":{\"@id\":\"https:\\\/\\\/newsinfoco.com.br\\\/inicio\\\/feminicidios-por-arma-de-fogo-dobram-em-salvador-e-rms-em-2025\\\/#breadcrumblist\"},\"author\":{\"@id\":\"https:\\\/\\\/newsinfoco.com.br\\\/inicio\\\/author\\\/administrador\\\/#author\"},\"creator\":{\"@id\":\"https:\\\/\\\/newsinfoco.com.br\\\/inicio\\\/author\\\/administrador\\\/#author\"},\"image\":{\"@type\":\"ImageObject\",\"url\":\"https:\\\/\\\/newsinfoco.com.br\\\/inicio\\\/wp-content\\\/uploads\\\/2025\\\/08\\\/feminicidio.jpg\",\"@id\":\"https:\\\/\\\/newsinfoco.com.br\\\/inicio\\\/feminicidios-por-arma-de-fogo-dobram-em-salvador-e-rms-em-2025\\\/#mainImage\",\"width\":600,\"height\":420},\"primaryImageOfPage\":{\"@id\":\"https:\\\/\\\/newsinfoco.com.br\\\/inicio\\\/feminicidios-por-arma-de-fogo-dobram-em-salvador-e-rms-em-2025\\\/#mainImage\"},\"datePublished\":\"2025-08-20T11:23:34-03:00\",\"dateModified\":\"2025-08-20T11:23:34-03:00\"},{\"@type\":\"WebSite\",\"@id\":\"https:\\\/\\\/newsinfoco.com.br\\\/inicio\\\/#website\",\"url\":\"https:\\\/\\\/newsinfoco.com.br\\\/inicio\\\/\",\"name\":\"News In Foco - Editado por Caio Pimenta\",\"description\":\"O principal site de noticias de Alagoinhas e regi\\u00e3o\",\"inLanguage\":\"pt-BR\",\"publisher\":{\"@id\":\"https:\\\/\\\/newsinfoco.com.br\\\/inicio\\\/#organization\"}}]}\n\t\t<\/script>\n\t\t<!-- All in One SEO -->\n\n","aioseo_head_json":{"title":"Feminic\u00eddios por arma de fogo dobram em Salvador e RMS em 2025 - News In Foco - Editado por Caio Pimenta","description":"O n\u00famero de mulheres mortas por feminic\u00eddio com uso de arma de fogo em Salvador e Regi\u00e3o Metropolitana (RMS) dobrou em 2025. Segundo dados divulgados nesta ter\u00e7a-feira (19) pelo Instituto Fogo Cruzado, entre 1\u00ba de janeiro e 14 de agosto deste ano foram registradas quatro v\u00edtimas, contra duas no mesmo per\u00edodo de 2024. Embora o","canonical_url":"https:\/\/newsinfoco.com.br\/inicio\/feminicidios-por-arma-de-fogo-dobram-em-salvador-e-rms-em-2025\/","robots":"max-image-preview:large","keywords":"","webmasterTools":{"miscellaneous":""},"schema":{"@context":"https:\/\/schema.org","@graph":[{"@type":"BlogPosting","@id":"https:\/\/newsinfoco.com.br\/inicio\/feminicidios-por-arma-de-fogo-dobram-em-salvador-e-rms-em-2025\/#blogposting","name":"Feminic\u00eddios por arma de fogo dobram em Salvador e RMS em 2025 - News In Foco - Editado por Caio Pimenta","headline":"Feminic\u00eddios por arma de fogo dobram em Salvador e RMS em 2025","author":{"@id":"https:\/\/newsinfoco.com.br\/inicio\/author\/administrador\/#author"},"publisher":{"@id":"https:\/\/newsinfoco.com.br\/inicio\/#organization"},"image":{"@type":"ImageObject","url":"https:\/\/newsinfoco.com.br\/inicio\/wp-content\/uploads\/2025\/08\/feminicidio.jpg","width":600,"height":420},"datePublished":"2025-08-20T11:23:34-03:00","dateModified":"2025-08-20T11:23:34-03:00","inLanguage":"pt-BR","mainEntityOfPage":{"@id":"https:\/\/newsinfoco.com.br\/inicio\/feminicidios-por-arma-de-fogo-dobram-em-salvador-e-rms-em-2025\/#webpage"},"isPartOf":{"@id":"https:\/\/newsinfoco.com.br\/inicio\/feminicidios-por-arma-de-fogo-dobram-em-salvador-e-rms-em-2025\/#webpage"},"articleSection":"Bahia"},{"@type":"BreadcrumbList","@id":"https:\/\/newsinfoco.com.br\/inicio\/feminicidios-por-arma-de-fogo-dobram-em-salvador-e-rms-em-2025\/#breadcrumblist","itemListElement":[{"@type":"ListItem","@id":"https:\/\/newsinfoco.com.br\/inicio#listItem","position":1,"name":"In\u00edcio","item":"https:\/\/newsinfoco.com.br\/inicio","nextItem":{"@type":"ListItem","@id":"https:\/\/newsinfoco.com.br\/inicio\/category\/bahia\/#listItem","name":"Bahia"}},{"@type":"ListItem","@id":"https:\/\/newsinfoco.com.br\/inicio\/category\/bahia\/#listItem","position":2,"name":"Bahia","item":"https:\/\/newsinfoco.com.br\/inicio\/category\/bahia\/","nextItem":{"@type":"ListItem","@id":"https:\/\/newsinfoco.com.br\/inicio\/feminicidios-por-arma-de-fogo-dobram-em-salvador-e-rms-em-2025\/#listItem","name":"Feminic\u00eddios por arma de fogo dobram em Salvador e RMS em 2025"},"previousItem":{"@type":"ListItem","@id":"https:\/\/newsinfoco.com.br\/inicio#listItem","name":"In\u00edcio"}},{"@type":"ListItem","@id":"https:\/\/newsinfoco.com.br\/inicio\/feminicidios-por-arma-de-fogo-dobram-em-salvador-e-rms-em-2025\/#listItem","position":3,"name":"Feminic\u00eddios por arma de fogo dobram em Salvador e RMS em 2025","previousItem":{"@type":"ListItem","@id":"https:\/\/newsinfoco.com.br\/inicio\/category\/bahia\/#listItem","name":"Bahia"}}]},{"@type":"Organization","@id":"https:\/\/newsinfoco.com.br\/inicio\/#organization","name":"News In Foco - Editado por Caio Pimenta","description":"O principal site de noticias de Alagoinhas e regi\u00e3o","url":"https:\/\/newsinfoco.com.br\/inicio\/"},{"@type":"Person","@id":"https:\/\/newsinfoco.com.br\/inicio\/author\/administrador\/#author","url":"https:\/\/newsinfoco.com.br\/inicio\/author\/administrador\/","name":"administrador","image":{"@type":"ImageObject","@id":"https:\/\/newsinfoco.com.br\/inicio\/feminicidios-por-arma-de-fogo-dobram-em-salvador-e-rms-em-2025\/#authorImage","url":"https:\/\/secure.gravatar.com\/avatar\/c17a617433de8c1dc9584bb79aab7563b46f5bb7e1728c9b17d9cc3ce6a08e49?s=96&d=mm&r=g","width":96,"height":96,"caption":"administrador"}},{"@type":"WebPage","@id":"https:\/\/newsinfoco.com.br\/inicio\/feminicidios-por-arma-de-fogo-dobram-em-salvador-e-rms-em-2025\/#webpage","url":"https:\/\/newsinfoco.com.br\/inicio\/feminicidios-por-arma-de-fogo-dobram-em-salvador-e-rms-em-2025\/","name":"Feminic\u00eddios por arma de fogo dobram em Salvador e RMS em 2025 - News In Foco - Editado por Caio Pimenta","description":"O n\u00famero de mulheres mortas por feminic\u00eddio com uso de arma de fogo em Salvador e Regi\u00e3o Metropolitana (RMS) dobrou em 2025. Segundo dados divulgados nesta ter\u00e7a-feira (19) pelo Instituto Fogo Cruzado, entre 1\u00ba de janeiro e 14 de agosto deste ano foram registradas quatro v\u00edtimas, contra duas no mesmo per\u00edodo de 2024. Embora o","inLanguage":"pt-BR","isPartOf":{"@id":"https:\/\/newsinfoco.com.br\/inicio\/#website"},"breadcrumb":{"@id":"https:\/\/newsinfoco.com.br\/inicio\/feminicidios-por-arma-de-fogo-dobram-em-salvador-e-rms-em-2025\/#breadcrumblist"},"author":{"@id":"https:\/\/newsinfoco.com.br\/inicio\/author\/administrador\/#author"},"creator":{"@id":"https:\/\/newsinfoco.com.br\/inicio\/author\/administrador\/#author"},"image":{"@type":"ImageObject","url":"https:\/\/newsinfoco.com.br\/inicio\/wp-content\/uploads\/2025\/08\/feminicidio.jpg","@id":"https:\/\/newsinfoco.com.br\/inicio\/feminicidios-por-arma-de-fogo-dobram-em-salvador-e-rms-em-2025\/#mainImage","width":600,"height":420},"primaryImageOfPage":{"@id":"https:\/\/newsinfoco.com.br\/inicio\/feminicidios-por-arma-de-fogo-dobram-em-salvador-e-rms-em-2025\/#mainImage"},"datePublished":"2025-08-20T11:23:34-03:00","dateModified":"2025-08-20T11:23:34-03:00"},{"@type":"WebSite","@id":"https:\/\/newsinfoco.com.br\/inicio\/#website","url":"https:\/\/newsinfoco.com.br\/inicio\/","name":"News In Foco - Editado por Caio Pimenta","description":"O principal site de noticias de Alagoinhas e regi\u00e3o","inLanguage":"pt-BR","publisher":{"@id":"https:\/\/newsinfoco.com.br\/inicio\/#organization"}}]},"og:locale":"pt_BR","og:site_name":"News In Foco - Editado por Caio Pimenta - O principal site de noticias de Alagoinhas e regi\u00e3o","og:type":"article","og:title":"Feminic\u00eddios por arma de fogo dobram em Salvador e RMS em 2025 - News In Foco - Editado por Caio Pimenta","og:description":"O n\u00famero de mulheres mortas por feminic\u00eddio com uso de arma de fogo em Salvador e Regi\u00e3o Metropolitana (RMS) dobrou em 2025. Segundo dados divulgados nesta ter\u00e7a-feira (19) pelo Instituto Fogo Cruzado, entre 1\u00ba de janeiro e 14 de agosto deste ano foram registradas quatro v\u00edtimas, contra duas no mesmo per\u00edodo de 2024. Embora o","og:url":"https:\/\/newsinfoco.com.br\/inicio\/feminicidios-por-arma-de-fogo-dobram-em-salvador-e-rms-em-2025\/","article:published_time":"2025-08-20T14:23:34+00:00","article:modified_time":"2025-08-20T14:23:34+00:00","twitter:card":"summary_large_image","twitter:title":"Feminic\u00eddios por arma de fogo dobram em Salvador e RMS em 2025 - News In Foco - Editado por Caio Pimenta","twitter:description":"O n\u00famero de mulheres mortas por feminic\u00eddio com uso de arma de fogo em Salvador e Regi\u00e3o Metropolitana (RMS) dobrou em 2025. Segundo dados divulgados nesta ter\u00e7a-feira (19) pelo Instituto Fogo Cruzado, entre 1\u00ba de janeiro e 14 de agosto deste ano foram registradas quatro v\u00edtimas, contra duas no mesmo per\u00edodo de 2024. Embora o"},"aioseo_meta_data":{"post_id":"44413","title":null,"description":null,"keywords":null,"keyphrases":{"focus":{"keyphrase":"","score":0,"analysis":{"keyphraseInTitle":{"score":0,"maxScore":9,"error":1}}},"additional":[]},"primary_term":null,"canonical_url":null,"og_title":null,"og_description":null,"og_object_type":"default","og_image_type":"default","og_image_url":null,"og_image_width":null,"og_image_height":null,"og_image_custom_url":null,"og_image_custom_fields":null,"og_video":"","og_custom_url":null,"og_article_section":null,"og_article_tags":null,"twitter_use_og":false,"twitter_card":"default","twitter_image_type":"default","twitter_image_url":null,"twitter_image_custom_url":null,"twitter_image_custom_fields":null,"twitter_title":null,"twitter_description":null,"schema":{"blockGraphs":[],"customGraphs":[],"default":{"data":{"Article":[],"Course":[],"Dataset":[],"FAQPage":[],"Movie":[],"Person":[],"Product":[],"ProductReview":[],"Car":[],"Recipe":[],"Service":[],"SoftwareApplication":[],"WebPage":[]},"graphName":"BlogPosting","isEnabled":true},"graphs":[]},"schema_type":"default","schema_type_options":null,"pillar_content":false,"robots_default":true,"robots_noindex":false,"robots_noarchive":false,"robots_nosnippet":false,"robots_nofollow":false,"robots_noimageindex":false,"robots_noodp":false,"robots_notranslate":false,"robots_max_snippet":"-1","robots_max_videopreview":"-1","robots_max_imagepreview":"large","priority":null,"frequency":"default","local_seo":null,"breadcrumb_settings":null,"limit_modified_date":false,"ai":{"faqs":[],"keyPoints":[],"titles":[],"descriptions":[],"socialPosts":{"email":[],"linkedin":[],"twitter":[],"facebook":[],"instagram":[]}},"created":"2025-08-20 14:23:34","updated":"2025-08-20 14:34:52","seo_analyzer_scan_date":null},"aioseo_breadcrumb":"<div class=\"aioseo-breadcrumbs\"><span class=\"aioseo-breadcrumb\">\n\t\t\t<a href=\"https:\/\/newsinfoco.com.br\/inicio\" title=\"In\u00edcio\">In\u00edcio<\/a>\n\t\t<\/span><span class=\"aioseo-breadcrumb-separator\">&raquo;<\/span><span class=\"aioseo-breadcrumb\">\n\t\t\t<a href=\"https:\/\/newsinfoco.com.br\/inicio\/category\/bahia\/\" title=\"Bahia\">Bahia<\/a>\n\t\t<\/span><span class=\"aioseo-breadcrumb-separator\">&raquo;<\/span><span class=\"aioseo-breadcrumb\">\n\t\t\tFeminic\u00eddios por arma de fogo dobram em Salvador e RMS em 2025\n\t\t<\/span><\/div>","aioseo_breadcrumb_json":[{"label":"In\u00edcio","link":"https:\/\/newsinfoco.com.br\/inicio"},{"label":"Bahia","link":"https:\/\/newsinfoco.com.br\/inicio\/category\/bahia\/"},{"label":"Feminic\u00eddios por arma de fogo dobram em Salvador e RMS em 2025","link":"https:\/\/newsinfoco.com.br\/inicio\/feminicidios-por-arma-de-fogo-dobram-em-salvador-e-rms-em-2025\/"}],"_links":{"self":[{"href":"https:\/\/newsinfoco.com.br\/inicio\/wp-json\/wp\/v2\/posts\/44413","targetHints":{"allow":["GET"]}}],"collection":[{"href":"https:\/\/newsinfoco.com.br\/inicio\/wp-json\/wp\/v2\/posts"}],"about":[{"href":"https:\/\/newsinfoco.com.br\/inicio\/wp-json\/wp\/v2\/types\/post"}],"author":[{"embeddable":true,"href":"https:\/\/newsinfoco.com.br\/inicio\/wp-json\/wp\/v2\/users\/1"}],"replies":[{"embeddable":true,"href":"https:\/\/newsinfoco.com.br\/inicio\/wp-json\/wp\/v2\/comments?post=44413"}],"version-history":[{"count":1,"href":"https:\/\/newsinfoco.com.br\/inicio\/wp-json\/wp\/v2\/posts\/44413\/revisions"}],"predecessor-version":[{"id":44415,"href":"https:\/\/newsinfoco.com.br\/inicio\/wp-json\/wp\/v2\/posts\/44413\/revisions\/44415"}],"wp:featuredmedia":[{"embeddable":true,"href":"https:\/\/newsinfoco.com.br\/inicio\/wp-json\/wp\/v2\/media\/44414"}],"wp:attachment":[{"href":"https:\/\/newsinfoco.com.br\/inicio\/wp-json\/wp\/v2\/media?parent=44413"}],"wp:term":[{"taxonomy":"category","embeddable":true,"href":"https:\/\/newsinfoco.com.br\/inicio\/wp-json\/wp\/v2\/categories?post=44413"},{"taxonomy":"post_tag","embeddable":true,"href":"https:\/\/newsinfoco.com.br\/inicio\/wp-json\/wp\/v2\/tags?post=44413"}],"curies":[{"name":"wp","href":"https:\/\/api.w.org\/{rel}","templated":true}]}}