{"id":44426,"date":"2025-08-20T12:02:07","date_gmt":"2025-08-20T15:02:07","guid":{"rendered":"https:\/\/newsinfoco.com.br\/inicio\/?p=44426"},"modified":"2025-08-20T12:02:07","modified_gmt":"2025-08-20T15:02:07","slug":"agosto-lilas-prefeitura-de-alagoinhas-participa-de-roda-de-conversa-na-embasa","status":"publish","type":"post","link":"https:\/\/newsinfoco.com.br\/inicio\/agosto-lilas-prefeitura-de-alagoinhas-participa-de-roda-de-conversa-na-embasa\/","title":{"rendered":"Agosto Lil\u00e1s: Prefeitura de Alagoinhas participa de roda de conversa na Embasa"},"content":{"rendered":"<p>Para fortalecer as a\u00e7\u00f5es educativas e de conscientiza\u00e7\u00e3o no munic\u00edpio, institui\u00e7\u00f5es da Prefeitura de Alagoinhas participaram de uma roda de conversa sobre o enfrentamento \u00e0 viol\u00eancia contra a mulher, realizada a convite do setor de Recursos Humanos da Embasa, nesta quarta-feira, 20. A atividade integra a campanha Agosto Lil\u00e1s, que refor\u00e7a a import\u00e2ncia da conscientiza\u00e7\u00e3o e do combate a todas as formas de viol\u00eancia de g\u00eanero.<\/p>\n<p>O encontro contou com a participa\u00e7\u00e3o de agentes da Patrulha Maria da Penha, da Guarda Civil Municipal, do Centro de Refer\u00eancia de Atendimento \u00e0 Mulher (CRAM) e do Grupo Reflexivo para Homens Autores de Viol\u00eancia do munic\u00edpio, que atuaram como facilitadores da roda.<\/p>\n<p>Andrea Meira, assistente de saneamento da Embasa, explica que o objetivo do encontro \u00e9 sensibilizar os colaboradores da Embasa sobre o tema, para que todos tenham cuidado com as mulheres, sejam de suas fam\u00edlias ou de qualquer espa\u00e7o social. \u201cN\u00f3s convidamos essas pessoas para trabalhar conosco essas quest\u00f5es porque s\u00e3o capacitadas para isso e podem nos mostrar a realidade do problema, trazendo exemplos concretos\u201d, completa.<br \/>\nPriscila Ribeiro, coordenadora da Patrulha Maria da Penha, falou sobre a atua\u00e7\u00e3o da patrulha no munic\u00edpio. \u201c\u00c9 importante trazer essa reflex\u00e3o e colocar o tema em evid\u00eancia, inclusive nos espa\u00e7os privados\u201d, ressaltou.<\/p>\n<p>J\u00e1 a coordenadora do CRAM, Rhane Paula, apresentou os servi\u00e7os oferecidos pelo centro e explicou o uso do violent\u00f4metro, instrumento que ilustra os tipos e a escalada da viol\u00eancia contra a mulher. O psic\u00f3logo da Policl\u00ednica Municipal, Itamar Carneiro, tamb\u00e9m contribuiu com a discuss\u00e3o, destacando a necessidade da participa\u00e7\u00e3o masculina no enfrentamento. \u201cSe a viol\u00eancia \u00e9 cometida pelos homens, eles devem ser parte da solu\u00e7\u00e3o desse problema\u201d, afirmou.<\/p>\n<p>De acordo com Lucicleide Dias, do setor de Recursos Humanos da Embasa, cerca de 70 colaboradores participaram presencialmente da a\u00e7\u00e3o. Al\u00e9m disso, o evento foi transmitido virtualmente para outras 17 cidades, como Ribeira do Pombal, Ipir\u00e1 e Tucano, ampliando o alcance da discuss\u00e3o.<\/p>\n<h5><strong>Fotos: Roberto Fonseca\/Secom\/Alagoinhas<\/strong><\/h5>\n<div align=\"right\"><\/div>\n<div class='share-to-whatsapp-wrapper'><div class='share-on-whsp'>Share on: <\/div><a data-text='Agosto Lil\u00e1s: Prefeitura de Alagoinhas participa de roda de conversa na Embasa' data-link='https:\/\/newsinfoco.com.br\/inicio\/agosto-lilas-prefeitura-de-alagoinhas-participa-de-roda-de-conversa-na-embasa\/' class='whatsapp-button whatsapp-share'>WhatsApp<\/a><div class='clear '><\/div><\/div>","protected":false},"excerpt":{"rendered":"<p>Para fortalecer as a\u00e7\u00f5es educativas e de conscientiza\u00e7\u00e3o no munic\u00edpio, institui\u00e7\u00f5es da Prefeitura de Alagoinhas participaram de uma roda de conversa sobre o enfrentamento \u00e0 viol\u00eancia contra a mulher, realizada a convite do setor de Recursos Humanos da Embasa, nesta quarta-feira, 20. A atividade integra a campanha Agosto Lil\u00e1s, que refor\u00e7a a import\u00e2ncia da conscientiza\u00e7\u00e3o [&hellip;]<\/p>\n","protected":false},"author":1,"featured_media":44427,"comment_status":"closed","ping_status":"closed","sticky":false,"template":"","format":"standard","meta":{"om_disable_all_campaigns":false,"rop_custom_images_group":[],"rop_custom_messages_group":[],"rop_publish_now":"initial","rop_publish_now_accounts":[],"rop_publish_now_history":[],"rop_publish_now_status":"pending","_exactmetrics_skip_tracking":false,"footnotes":""},"categories":[38,167],"tags":[],"class_list":["post-44426","post","type-post","status-publish","format-standard","has-post-thumbnail","hentry","category-alagoinhas-e-regiao","category-exclusivas"],"aioseo_notices":[],"aioseo_head":"\n\t\t<!-- All in One SEO 4.9.10 - aioseo.com -->\n\t<meta name=\"description\" content=\"Para fortalecer as a\u00e7\u00f5es educativas e de conscientiza\u00e7\u00e3o no munic\u00edpio, institui\u00e7\u00f5es da Prefeitura de Alagoinhas participaram de uma roda de conversa sobre o enfrentamento \u00e0 viol\u00eancia contra a mulher, realizada a convite do setor de Recursos Humanos da Embasa, nesta quarta-feira, 20. A atividade integra a campanha Agosto Lil\u00e1s, que refor\u00e7a a import\u00e2ncia da conscientiza\u00e7\u00e3o\" \/>\n\t<meta name=\"robots\" content=\"max-image-preview:large\" \/>\n\t<meta name=\"author\" content=\"administrador\"\/>\n\t<link rel=\"canonical\" href=\"https:\/\/newsinfoco.com.br\/inicio\/agosto-lilas-prefeitura-de-alagoinhas-participa-de-roda-de-conversa-na-embasa\/\" \/>\n\t<meta name=\"generator\" content=\"All in One SEO (AIOSEO) 4.9.10\" \/>\n\t\t<meta property=\"og:locale\" content=\"pt_BR\" \/>\n\t\t<meta property=\"og:site_name\" content=\"News In Foco - Editado por Caio Pimenta - O principal site de noticias de Alagoinhas e regi\u00e3o\" \/>\n\t\t<meta property=\"og:type\" content=\"article\" \/>\n\t\t<meta property=\"og:title\" content=\"Agosto Lil\u00e1s: Prefeitura de Alagoinhas participa de roda de conversa na Embasa - News In Foco - Editado por Caio Pimenta\" \/>\n\t\t<meta property=\"og:description\" content=\"Para fortalecer as a\u00e7\u00f5es educativas e de conscientiza\u00e7\u00e3o no munic\u00edpio, institui\u00e7\u00f5es da Prefeitura de Alagoinhas participaram de uma roda de conversa sobre o enfrentamento \u00e0 viol\u00eancia contra a mulher, realizada a convite do setor de Recursos Humanos da Embasa, nesta quarta-feira, 20. A atividade integra a campanha Agosto Lil\u00e1s, que refor\u00e7a a import\u00e2ncia da conscientiza\u00e7\u00e3o\" \/>\n\t\t<meta property=\"og:url\" content=\"https:\/\/newsinfoco.com.br\/inicio\/agosto-lilas-prefeitura-de-alagoinhas-participa-de-roda-de-conversa-na-embasa\/\" \/>\n\t\t<meta property=\"article:published_time\" content=\"2025-08-20T15:02:07+00:00\" \/>\n\t\t<meta property=\"article:modified_time\" content=\"2025-08-20T15:02:07+00:00\" \/>\n\t\t<meta name=\"twitter:card\" content=\"summary_large_image\" \/>\n\t\t<meta name=\"twitter:title\" content=\"Agosto Lil\u00e1s: Prefeitura de Alagoinhas participa de roda de conversa na Embasa - News In Foco - Editado por Caio Pimenta\" \/>\n\t\t<meta name=\"twitter:description\" content=\"Para fortalecer as a\u00e7\u00f5es educativas e de conscientiza\u00e7\u00e3o no munic\u00edpio, institui\u00e7\u00f5es da Prefeitura de Alagoinhas participaram de uma roda de conversa sobre o enfrentamento \u00e0 viol\u00eancia contra a mulher, realizada a convite do setor de Recursos Humanos da Embasa, nesta quarta-feira, 20. A atividade integra a campanha Agosto Lil\u00e1s, que refor\u00e7a a import\u00e2ncia da conscientiza\u00e7\u00e3o\" \/>\n\t\t<script type=\"application\/ld+json\" class=\"aioseo-schema\">\n\t\t\t{\"@context\":\"https:\\\/\\\/schema.org\",\"@graph\":[{\"@type\":\"BlogPosting\",\"@id\":\"https:\\\/\\\/newsinfoco.com.br\\\/inicio\\\/agosto-lilas-prefeitura-de-alagoinhas-participa-de-roda-de-conversa-na-embasa\\\/#blogposting\",\"name\":\"Agosto Lil\\u00e1s: Prefeitura de Alagoinhas participa de roda de conversa na Embasa - News In Foco - Editado por Caio Pimenta\",\"headline\":\"Agosto Lil\\u00e1s: Prefeitura de Alagoinhas participa de roda de conversa na Embasa\",\"author\":{\"@id\":\"https:\\\/\\\/newsinfoco.com.br\\\/inicio\\\/author\\\/administrador\\\/#author\"},\"publisher\":{\"@id\":\"https:\\\/\\\/newsinfoco.com.br\\\/inicio\\\/#organization\"},\"image\":{\"@type\":\"ImageObject\",\"url\":\"https:\\\/\\\/newsinfoco.com.br\\\/inicio\\\/wp-content\\\/uploads\\\/2025\\\/08\\\/WhatsApp-Image-2025-08-20-at-11.33.56.jpeg\",\"width\":1600,\"height\":1066},\"datePublished\":\"2025-08-20T12:02:07-03:00\",\"dateModified\":\"2025-08-20T12:02:07-03:00\",\"inLanguage\":\"pt-BR\",\"mainEntityOfPage\":{\"@id\":\"https:\\\/\\\/newsinfoco.com.br\\\/inicio\\\/agosto-lilas-prefeitura-de-alagoinhas-participa-de-roda-de-conversa-na-embasa\\\/#webpage\"},\"isPartOf\":{\"@id\":\"https:\\\/\\\/newsinfoco.com.br\\\/inicio\\\/agosto-lilas-prefeitura-de-alagoinhas-participa-de-roda-de-conversa-na-embasa\\\/#webpage\"},\"articleSection\":\"Alagoinhas e Regi\\u00e3o, Manchete\"},{\"@type\":\"BreadcrumbList\",\"@id\":\"https:\\\/\\\/newsinfoco.com.br\\\/inicio\\\/agosto-lilas-prefeitura-de-alagoinhas-participa-de-roda-de-conversa-na-embasa\\\/#breadcrumblist\",\"itemListElement\":[{\"@type\":\"ListItem\",\"@id\":\"https:\\\/\\\/newsinfoco.com.br\\\/inicio#listItem\",\"position\":1,\"name\":\"In\\u00edcio\",\"item\":\"https:\\\/\\\/newsinfoco.com.br\\\/inicio\",\"nextItem\":{\"@type\":\"ListItem\",\"@id\":\"https:\\\/\\\/newsinfoco.com.br\\\/inicio\\\/category\\\/alagoinhas-e-regiao\\\/#listItem\",\"name\":\"Alagoinhas e Regi\\u00e3o\"}},{\"@type\":\"ListItem\",\"@id\":\"https:\\\/\\\/newsinfoco.com.br\\\/inicio\\\/category\\\/alagoinhas-e-regiao\\\/#listItem\",\"position\":2,\"name\":\"Alagoinhas e Regi\\u00e3o\",\"item\":\"https:\\\/\\\/newsinfoco.com.br\\\/inicio\\\/category\\\/alagoinhas-e-regiao\\\/\",\"nextItem\":{\"@type\":\"ListItem\",\"@id\":\"https:\\\/\\\/newsinfoco.com.br\\\/inicio\\\/agosto-lilas-prefeitura-de-alagoinhas-participa-de-roda-de-conversa-na-embasa\\\/#listItem\",\"name\":\"Agosto Lil\\u00e1s: Prefeitura de Alagoinhas participa de roda de conversa na Embasa\"},\"previousItem\":{\"@type\":\"ListItem\",\"@id\":\"https:\\\/\\\/newsinfoco.com.br\\\/inicio#listItem\",\"name\":\"In\\u00edcio\"}},{\"@type\":\"ListItem\",\"@id\":\"https:\\\/\\\/newsinfoco.com.br\\\/inicio\\\/agosto-lilas-prefeitura-de-alagoinhas-participa-de-roda-de-conversa-na-embasa\\\/#listItem\",\"position\":3,\"name\":\"Agosto Lil\\u00e1s: Prefeitura de Alagoinhas participa de roda de conversa na Embasa\",\"previousItem\":{\"@type\":\"ListItem\",\"@id\":\"https:\\\/\\\/newsinfoco.com.br\\\/inicio\\\/category\\\/alagoinhas-e-regiao\\\/#listItem\",\"name\":\"Alagoinhas e Regi\\u00e3o\"}}]},{\"@type\":\"Organization\",\"@id\":\"https:\\\/\\\/newsinfoco.com.br\\\/inicio\\\/#organization\",\"name\":\"News In Foco - Editado por Caio Pimenta\",\"description\":\"O principal site de noticias de Alagoinhas e regi\\u00e3o\",\"url\":\"https:\\\/\\\/newsinfoco.com.br\\\/inicio\\\/\"},{\"@type\":\"Person\",\"@id\":\"https:\\\/\\\/newsinfoco.com.br\\\/inicio\\\/author\\\/administrador\\\/#author\",\"url\":\"https:\\\/\\\/newsinfoco.com.br\\\/inicio\\\/author\\\/administrador\\\/\",\"name\":\"administrador\",\"image\":{\"@type\":\"ImageObject\",\"@id\":\"https:\\\/\\\/newsinfoco.com.br\\\/inicio\\\/agosto-lilas-prefeitura-de-alagoinhas-participa-de-roda-de-conversa-na-embasa\\\/#authorImage\",\"url\":\"https:\\\/\\\/secure.gravatar.com\\\/avatar\\\/c17a617433de8c1dc9584bb79aab7563b46f5bb7e1728c9b17d9cc3ce6a08e49?s=96&d=mm&r=g\",\"width\":96,\"height\":96,\"caption\":\"administrador\"}},{\"@type\":\"WebPage\",\"@id\":\"https:\\\/\\\/newsinfoco.com.br\\\/inicio\\\/agosto-lilas-prefeitura-de-alagoinhas-participa-de-roda-de-conversa-na-embasa\\\/#webpage\",\"url\":\"https:\\\/\\\/newsinfoco.com.br\\\/inicio\\\/agosto-lilas-prefeitura-de-alagoinhas-participa-de-roda-de-conversa-na-embasa\\\/\",\"name\":\"Agosto Lil\\u00e1s: Prefeitura de Alagoinhas participa de roda de conversa na Embasa - News In Foco - Editado por Caio Pimenta\",\"description\":\"Para fortalecer as a\\u00e7\\u00f5es educativas e de conscientiza\\u00e7\\u00e3o no munic\\u00edpio, institui\\u00e7\\u00f5es da Prefeitura de Alagoinhas participaram de uma roda de conversa sobre o enfrentamento \\u00e0 viol\\u00eancia contra a mulher, realizada a convite do setor de Recursos Humanos da Embasa, nesta quarta-feira, 20. A atividade integra a campanha Agosto Lil\\u00e1s, que refor\\u00e7a a import\\u00e2ncia da conscientiza\\u00e7\\u00e3o\",\"inLanguage\":\"pt-BR\",\"isPartOf\":{\"@id\":\"https:\\\/\\\/newsinfoco.com.br\\\/inicio\\\/#website\"},\"breadcrumb\":{\"@id\":\"https:\\\/\\\/newsinfoco.com.br\\\/inicio\\\/agosto-lilas-prefeitura-de-alagoinhas-participa-de-roda-de-conversa-na-embasa\\\/#breadcrumblist\"},\"author\":{\"@id\":\"https:\\\/\\\/newsinfoco.com.br\\\/inicio\\\/author\\\/administrador\\\/#author\"},\"creator\":{\"@id\":\"https:\\\/\\\/newsinfoco.com.br\\\/inicio\\\/author\\\/administrador\\\/#author\"},\"image\":{\"@type\":\"ImageObject\",\"url\":\"https:\\\/\\\/newsinfoco.com.br\\\/inicio\\\/wp-content\\\/uploads\\\/2025\\\/08\\\/WhatsApp-Image-2025-08-20-at-11.33.56.jpeg\",\"@id\":\"https:\\\/\\\/newsinfoco.com.br\\\/inicio\\\/agosto-lilas-prefeitura-de-alagoinhas-participa-de-roda-de-conversa-na-embasa\\\/#mainImage\",\"width\":1600,\"height\":1066},\"primaryImageOfPage\":{\"@id\":\"https:\\\/\\\/newsinfoco.com.br\\\/inicio\\\/agosto-lilas-prefeitura-de-alagoinhas-participa-de-roda-de-conversa-na-embasa\\\/#mainImage\"},\"datePublished\":\"2025-08-20T12:02:07-03:00\",\"dateModified\":\"2025-08-20T12:02:07-03:00\"},{\"@type\":\"WebSite\",\"@id\":\"https:\\\/\\\/newsinfoco.com.br\\\/inicio\\\/#website\",\"url\":\"https:\\\/\\\/newsinfoco.com.br\\\/inicio\\\/\",\"name\":\"News In Foco - Editado por Caio Pimenta\",\"description\":\"O principal site de noticias de Alagoinhas e regi\\u00e3o\",\"inLanguage\":\"pt-BR\",\"publisher\":{\"@id\":\"https:\\\/\\\/newsinfoco.com.br\\\/inicio\\\/#organization\"}}]}\n\t\t<\/script>\n\t\t<!-- All in One SEO -->\n\n","aioseo_head_json":{"title":"Agosto Lil\u00e1s: Prefeitura de Alagoinhas participa de roda de conversa na Embasa - News In Foco - Editado por Caio Pimenta","description":"Para fortalecer as a\u00e7\u00f5es educativas e de conscientiza\u00e7\u00e3o no munic\u00edpio, institui\u00e7\u00f5es da Prefeitura de Alagoinhas participaram de uma roda de conversa sobre o enfrentamento \u00e0 viol\u00eancia contra a mulher, realizada a convite do setor de Recursos Humanos da Embasa, nesta quarta-feira, 20. A atividade integra a campanha Agosto Lil\u00e1s, que refor\u00e7a a import\u00e2ncia da conscientiza\u00e7\u00e3o","canonical_url":"https:\/\/newsinfoco.com.br\/inicio\/agosto-lilas-prefeitura-de-alagoinhas-participa-de-roda-de-conversa-na-embasa\/","robots":"max-image-preview:large","keywords":"","webmasterTools":{"miscellaneous":""},"schema":{"@context":"https:\/\/schema.org","@graph":[{"@type":"BlogPosting","@id":"https:\/\/newsinfoco.com.br\/inicio\/agosto-lilas-prefeitura-de-alagoinhas-participa-de-roda-de-conversa-na-embasa\/#blogposting","name":"Agosto Lil\u00e1s: Prefeitura de Alagoinhas participa de roda de conversa na Embasa - News In Foco - Editado por Caio Pimenta","headline":"Agosto Lil\u00e1s: Prefeitura de Alagoinhas participa de roda de conversa na Embasa","author":{"@id":"https:\/\/newsinfoco.com.br\/inicio\/author\/administrador\/#author"},"publisher":{"@id":"https:\/\/newsinfoco.com.br\/inicio\/#organization"},"image":{"@type":"ImageObject","url":"https:\/\/newsinfoco.com.br\/inicio\/wp-content\/uploads\/2025\/08\/WhatsApp-Image-2025-08-20-at-11.33.56.jpeg","width":1600,"height":1066},"datePublished":"2025-08-20T12:02:07-03:00","dateModified":"2025-08-20T12:02:07-03:00","inLanguage":"pt-BR","mainEntityOfPage":{"@id":"https:\/\/newsinfoco.com.br\/inicio\/agosto-lilas-prefeitura-de-alagoinhas-participa-de-roda-de-conversa-na-embasa\/#webpage"},"isPartOf":{"@id":"https:\/\/newsinfoco.com.br\/inicio\/agosto-lilas-prefeitura-de-alagoinhas-participa-de-roda-de-conversa-na-embasa\/#webpage"},"articleSection":"Alagoinhas e Regi\u00e3o, Manchete"},{"@type":"BreadcrumbList","@id":"https:\/\/newsinfoco.com.br\/inicio\/agosto-lilas-prefeitura-de-alagoinhas-participa-de-roda-de-conversa-na-embasa\/#breadcrumblist","itemListElement":[{"@type":"ListItem","@id":"https:\/\/newsinfoco.com.br\/inicio#listItem","position":1,"name":"In\u00edcio","item":"https:\/\/newsinfoco.com.br\/inicio","nextItem":{"@type":"ListItem","@id":"https:\/\/newsinfoco.com.br\/inicio\/category\/alagoinhas-e-regiao\/#listItem","name":"Alagoinhas e Regi\u00e3o"}},{"@type":"ListItem","@id":"https:\/\/newsinfoco.com.br\/inicio\/category\/alagoinhas-e-regiao\/#listItem","position":2,"name":"Alagoinhas e Regi\u00e3o","item":"https:\/\/newsinfoco.com.br\/inicio\/category\/alagoinhas-e-regiao\/","nextItem":{"@type":"ListItem","@id":"https:\/\/newsinfoco.com.br\/inicio\/agosto-lilas-prefeitura-de-alagoinhas-participa-de-roda-de-conversa-na-embasa\/#listItem","name":"Agosto Lil\u00e1s: Prefeitura de Alagoinhas participa de roda de conversa na Embasa"},"previousItem":{"@type":"ListItem","@id":"https:\/\/newsinfoco.com.br\/inicio#listItem","name":"In\u00edcio"}},{"@type":"ListItem","@id":"https:\/\/newsinfoco.com.br\/inicio\/agosto-lilas-prefeitura-de-alagoinhas-participa-de-roda-de-conversa-na-embasa\/#listItem","position":3,"name":"Agosto Lil\u00e1s: Prefeitura de Alagoinhas participa de roda de conversa na Embasa","previousItem":{"@type":"ListItem","@id":"https:\/\/newsinfoco.com.br\/inicio\/category\/alagoinhas-e-regiao\/#listItem","name":"Alagoinhas e Regi\u00e3o"}}]},{"@type":"Organization","@id":"https:\/\/newsinfoco.com.br\/inicio\/#organization","name":"News In Foco - Editado por Caio Pimenta","description":"O principal site de noticias de Alagoinhas e regi\u00e3o","url":"https:\/\/newsinfoco.com.br\/inicio\/"},{"@type":"Person","@id":"https:\/\/newsinfoco.com.br\/inicio\/author\/administrador\/#author","url":"https:\/\/newsinfoco.com.br\/inicio\/author\/administrador\/","name":"administrador","image":{"@type":"ImageObject","@id":"https:\/\/newsinfoco.com.br\/inicio\/agosto-lilas-prefeitura-de-alagoinhas-participa-de-roda-de-conversa-na-embasa\/#authorImage","url":"https:\/\/secure.gravatar.com\/avatar\/c17a617433de8c1dc9584bb79aab7563b46f5bb7e1728c9b17d9cc3ce6a08e49?s=96&d=mm&r=g","width":96,"height":96,"caption":"administrador"}},{"@type":"WebPage","@id":"https:\/\/newsinfoco.com.br\/inicio\/agosto-lilas-prefeitura-de-alagoinhas-participa-de-roda-de-conversa-na-embasa\/#webpage","url":"https:\/\/newsinfoco.com.br\/inicio\/agosto-lilas-prefeitura-de-alagoinhas-participa-de-roda-de-conversa-na-embasa\/","name":"Agosto Lil\u00e1s: Prefeitura de Alagoinhas participa de roda de conversa na Embasa - News In Foco - Editado por Caio Pimenta","description":"Para fortalecer as a\u00e7\u00f5es educativas e de conscientiza\u00e7\u00e3o no munic\u00edpio, institui\u00e7\u00f5es da Prefeitura de Alagoinhas participaram de uma roda de conversa sobre o enfrentamento \u00e0 viol\u00eancia contra a mulher, realizada a convite do setor de Recursos Humanos da Embasa, nesta quarta-feira, 20. A atividade integra a campanha Agosto Lil\u00e1s, que refor\u00e7a a import\u00e2ncia da conscientiza\u00e7\u00e3o","inLanguage":"pt-BR","isPartOf":{"@id":"https:\/\/newsinfoco.com.br\/inicio\/#website"},"breadcrumb":{"@id":"https:\/\/newsinfoco.com.br\/inicio\/agosto-lilas-prefeitura-de-alagoinhas-participa-de-roda-de-conversa-na-embasa\/#breadcrumblist"},"author":{"@id":"https:\/\/newsinfoco.com.br\/inicio\/author\/administrador\/#author"},"creator":{"@id":"https:\/\/newsinfoco.com.br\/inicio\/author\/administrador\/#author"},"image":{"@type":"ImageObject","url":"https:\/\/newsinfoco.com.br\/inicio\/wp-content\/uploads\/2025\/08\/WhatsApp-Image-2025-08-20-at-11.33.56.jpeg","@id":"https:\/\/newsinfoco.com.br\/inicio\/agosto-lilas-prefeitura-de-alagoinhas-participa-de-roda-de-conversa-na-embasa\/#mainImage","width":1600,"height":1066},"primaryImageOfPage":{"@id":"https:\/\/newsinfoco.com.br\/inicio\/agosto-lilas-prefeitura-de-alagoinhas-participa-de-roda-de-conversa-na-embasa\/#mainImage"},"datePublished":"2025-08-20T12:02:07-03:00","dateModified":"2025-08-20T12:02:07-03:00"},{"@type":"WebSite","@id":"https:\/\/newsinfoco.com.br\/inicio\/#website","url":"https:\/\/newsinfoco.com.br\/inicio\/","name":"News In Foco - Editado por Caio Pimenta","description":"O principal site de noticias de Alagoinhas e regi\u00e3o","inLanguage":"pt-BR","publisher":{"@id":"https:\/\/newsinfoco.com.br\/inicio\/#organization"}}]},"og:locale":"pt_BR","og:site_name":"News In Foco - Editado por Caio Pimenta - O principal site de noticias de Alagoinhas e regi\u00e3o","og:type":"article","og:title":"Agosto Lil\u00e1s: Prefeitura de Alagoinhas participa de roda de conversa na Embasa - News In Foco - Editado por Caio Pimenta","og:description":"Para fortalecer as a\u00e7\u00f5es educativas e de conscientiza\u00e7\u00e3o no munic\u00edpio, institui\u00e7\u00f5es da Prefeitura de Alagoinhas participaram de uma roda de conversa sobre o enfrentamento \u00e0 viol\u00eancia contra a mulher, realizada a convite do setor de Recursos Humanos da Embasa, nesta quarta-feira, 20. A atividade integra a campanha Agosto Lil\u00e1s, que refor\u00e7a a import\u00e2ncia da conscientiza\u00e7\u00e3o","og:url":"https:\/\/newsinfoco.com.br\/inicio\/agosto-lilas-prefeitura-de-alagoinhas-participa-de-roda-de-conversa-na-embasa\/","article:published_time":"2025-08-20T15:02:07+00:00","article:modified_time":"2025-08-20T15:02:07+00:00","twitter:card":"summary_large_image","twitter:title":"Agosto Lil\u00e1s: Prefeitura de Alagoinhas participa de roda de conversa na Embasa - News In Foco - Editado por Caio Pimenta","twitter:description":"Para fortalecer as a\u00e7\u00f5es educativas e de conscientiza\u00e7\u00e3o no munic\u00edpio, institui\u00e7\u00f5es da Prefeitura de Alagoinhas participaram de uma roda de conversa sobre o enfrentamento \u00e0 viol\u00eancia contra a mulher, realizada a convite do setor de Recursos Humanos da Embasa, nesta quarta-feira, 20. A atividade integra a campanha Agosto Lil\u00e1s, que refor\u00e7a a import\u00e2ncia da conscientiza\u00e7\u00e3o"},"aioseo_meta_data":{"post_id":"44426","title":null,"description":null,"keywords":null,"keyphrases":{"focus":{"keyphrase":"","score":0,"analysis":{"keyphraseInTitle":{"score":0,"maxScore":9,"error":1}}},"additional":[]},"primary_term":null,"canonical_url":null,"og_title":null,"og_description":null,"og_object_type":"default","og_image_type":"default","og_image_url":null,"og_image_width":null,"og_image_height":null,"og_image_custom_url":null,"og_image_custom_fields":null,"og_video":"","og_custom_url":null,"og_article_section":null,"og_article_tags":null,"twitter_use_og":false,"twitter_card":"default","twitter_image_type":"default","twitter_image_url":null,"twitter_image_custom_url":null,"twitter_image_custom_fields":null,"twitter_title":null,"twitter_description":null,"schema":{"blockGraphs":[],"customGraphs":[],"default":{"data":{"Article":[],"Course":[],"Dataset":[],"FAQPage":[],"Movie":[],"Person":[],"Product":[],"ProductReview":[],"Car":[],"Recipe":[],"Service":[],"SoftwareApplication":[],"WebPage":[]},"graphName":"BlogPosting","isEnabled":true},"graphs":[]},"schema_type":"default","schema_type_options":null,"pillar_content":false,"robots_default":true,"robots_noindex":false,"robots_noarchive":false,"robots_nosnippet":false,"robots_nofollow":false,"robots_noimageindex":false,"robots_noodp":false,"robots_notranslate":false,"robots_max_snippet":"-1","robots_max_videopreview":"-1","robots_max_imagepreview":"large","priority":null,"frequency":"default","local_seo":null,"breadcrumb_settings":null,"limit_modified_date":false,"ai":{"faqs":[],"keyPoints":[],"titles":[],"descriptions":[],"socialPosts":{"email":[],"linkedin":[],"twitter":[],"facebook":[],"instagram":[]}},"created":"2025-08-20 15:02:07","updated":"2025-08-20 15:07:43","seo_analyzer_scan_date":null},"aioseo_breadcrumb":"<div class=\"aioseo-breadcrumbs\"><span class=\"aioseo-breadcrumb\">\n\t\t\t<a href=\"https:\/\/newsinfoco.com.br\/inicio\" title=\"In\u00edcio\">In\u00edcio<\/a>\n\t\t<\/span><span class=\"aioseo-breadcrumb-separator\">&raquo;<\/span><span class=\"aioseo-breadcrumb\">\n\t\t\t<a href=\"https:\/\/newsinfoco.com.br\/inicio\/category\/alagoinhas-e-regiao\/\" title=\"Alagoinhas e Regi\u00e3o\">Alagoinhas e Regi\u00e3o<\/a>\n\t\t<\/span><span class=\"aioseo-breadcrumb-separator\">&raquo;<\/span><span class=\"aioseo-breadcrumb\">\n\t\t\tAgosto Lil\u00e1s: Prefeitura de Alagoinhas participa de roda de conversa na Embasa\n\t\t<\/span><\/div>","aioseo_breadcrumb_json":[{"label":"In\u00edcio","link":"https:\/\/newsinfoco.com.br\/inicio"},{"label":"Alagoinhas e Regi\u00e3o","link":"https:\/\/newsinfoco.com.br\/inicio\/category\/alagoinhas-e-regiao\/"},{"label":"Agosto Lil\u00e1s: Prefeitura de Alagoinhas participa de roda de conversa na Embasa","link":"https:\/\/newsinfoco.com.br\/inicio\/agosto-lilas-prefeitura-de-alagoinhas-participa-de-roda-de-conversa-na-embasa\/"}],"_links":{"self":[{"href":"https:\/\/newsinfoco.com.br\/inicio\/wp-json\/wp\/v2\/posts\/44426","targetHints":{"allow":["GET"]}}],"collection":[{"href":"https:\/\/newsinfoco.com.br\/inicio\/wp-json\/wp\/v2\/posts"}],"about":[{"href":"https:\/\/newsinfoco.com.br\/inicio\/wp-json\/wp\/v2\/types\/post"}],"author":[{"embeddable":true,"href":"https:\/\/newsinfoco.com.br\/inicio\/wp-json\/wp\/v2\/users\/1"}],"replies":[{"embeddable":true,"href":"https:\/\/newsinfoco.com.br\/inicio\/wp-json\/wp\/v2\/comments?post=44426"}],"version-history":[{"count":1,"href":"https:\/\/newsinfoco.com.br\/inicio\/wp-json\/wp\/v2\/posts\/44426\/revisions"}],"predecessor-version":[{"id":44428,"href":"https:\/\/newsinfoco.com.br\/inicio\/wp-json\/wp\/v2\/posts\/44426\/revisions\/44428"}],"wp:featuredmedia":[{"embeddable":true,"href":"https:\/\/newsinfoco.com.br\/inicio\/wp-json\/wp\/v2\/media\/44427"}],"wp:attachment":[{"href":"https:\/\/newsinfoco.com.br\/inicio\/wp-json\/wp\/v2\/media?parent=44426"}],"wp:term":[{"taxonomy":"category","embeddable":true,"href":"https:\/\/newsinfoco.com.br\/inicio\/wp-json\/wp\/v2\/categories?post=44426"},{"taxonomy":"post_tag","embeddable":true,"href":"https:\/\/newsinfoco.com.br\/inicio\/wp-json\/wp\/v2\/tags?post=44426"}],"curies":[{"name":"wp","href":"https:\/\/api.w.org\/{rel}","templated":true}]}}