{"id":44443,"date":"2025-08-20T13:02:27","date_gmt":"2025-08-20T16:02:27","guid":{"rendered":"https:\/\/newsinfoco.com.br\/inicio\/?p=44443"},"modified":"2025-08-20T13:02:27","modified_gmt":"2025-08-20T16:02:27","slug":"vereador-luciano-almeida-cobra-liberacao-de-recursos-para-extensao-de-rede-de-agua-e-critica-ausencia-de-licitacao-para-cestas-basicas","status":"publish","type":"post","link":"https:\/\/newsinfoco.com.br\/inicio\/vereador-luciano-almeida-cobra-liberacao-de-recursos-para-extensao-de-rede-de-agua-e-critica-ausencia-de-licitacao-para-cestas-basicas\/","title":{"rendered":"Vereador Luciano Almeida cobra libera\u00e7\u00e3o de recursos para extens\u00e3o de rede de \u00e1gua e critica aus\u00eancia de licita\u00e7\u00e3o para cestas b\u00e1sicas"},"content":{"rendered":"<div class=\"elementor-column elementor-col-50 elementor-top-column elementor-element elementor-element-166fa74c\" data-id=\"166fa74c\" data-element_type=\"column\">\n<div class=\"elementor-widget-wrap elementor-element-populated\">\n<div class=\"elementor-element elementor-element-8956c80 elementor-widget elementor-widget-theme-post-content\" data-id=\"8956c80\" data-element_type=\"widget\" data-widget_type=\"theme-post-content.default\">\n<div class=\"elementor-widget-container\">\n<p>Na sess\u00e3o ordin\u00e1ria desta ter\u00e7a-feira (19), o vereador Luciano Almeida utilizou a tribuna para refor\u00e7ar o pedido de libera\u00e7\u00e3o de recursos destinados \u00e0 extens\u00e3o da rede de \u00e1gua na localidade do Formig\u00e3o, pr\u00f3xima \u00e0 Serra do Ouro. Segundo o parlamentar, a obra foi prometida durante o per\u00edodo eleitoral, mas parte da comunidade ainda n\u00e3o foi contemplada.<\/p>\n<p>O vereador relatou que destinou R$ 10 mil em emenda parlamentar para a execu\u00e7\u00e3o do servi\u00e7o, valor j\u00e1 desbloqueado pela Secretaria de Planejamento e Capta\u00e7\u00e3o de Recursos, mas que permanece retido na Secretaria Municipal da Fazenda. \u201cAcesso a \u00e1gua e luz \u00e9 essencial para garantir dignidade. O recurso j\u00e1 est\u00e1 aportado e autorizado, mas ainda n\u00e3o foi repassado ao Servi\u00e7o Aut\u00f4nomo de \u00c1gua e Esgoto (SAAE). Fa\u00e7o aqui um apelo para que a secretaria realize o remanejamento e atenda \u00e0quela popula\u00e7\u00e3o\u201d, afirmou.<\/p>\n<p>Tamb\u00e9m criticou a aus\u00eancia de prioridade da gest\u00e3o municipal na realiza\u00e7\u00e3o da licita\u00e7\u00e3o para a aquisi\u00e7\u00e3o de cestas b\u00e1sicas. Ele lembrou que mais de 40 mil pessoas em Alagoinhas s\u00e3o benefici\u00e1rias do Bolsa Fam\u00edlia, o que representa quase um ter\u00e7o da popula\u00e7\u00e3o vivendo em situa\u00e7\u00e3o de pobreza.<\/p>\n<p>\u201cO munic\u00edpio tem realizado diversos contratos vultuosos em outras \u00e1reas, mas at\u00e9 hoje a licita\u00e7\u00e3o das cestas b\u00e1sicas n\u00e3o saiu. Quem nunca passou fome n\u00e3o entende a import\u00e2ncia desse benef\u00edcio. Eu sei o que \u00e9 passar necessidade e, por isso, insisto nesse tema\u201d, declarou.<\/p>\n<p>O vereador ainda apontou supostas irregularidades em processos licitat\u00f3rios e alertou que situa\u00e7\u00f5es de favorecimento podem resultar em responsabiliza\u00e7\u00f5es futuras. \u201c\u00c9 triste ver recursos sendo direcionados para interesses particulares enquanto o b\u00e1sico \u00e9 negligenciado. A m\u00e3o da Justi\u00e7a um dia pesar\u00e1 sobre aqueles que tiram da boca do povo\u201d, concluiu.<\/p>\n<p><strong>Para assistir a sess\u00e3o na \u00edntegra, clique no link:\u00a0<\/strong><a href=\"https:\/\/www.youtube.com\/watch?v=9Wkjr2YhCZU&amp;t=4279s\" target=\"_blank\" rel=\"noreferrer noopener\"><strong>TV C\u00e2mara Alagoinhas<\/strong><\/a><\/p>\n<p><strong>Ascom \u2013 C\u00e2mara Municipal de Alagoinhas<\/strong><\/p>\n<p><strong>Fotos \u2013 Jh\u00f4 Paz<\/strong><\/p>\n<\/div>\n<\/div>\n<\/div>\n<\/div>\n<div class=\"elementor-column elementor-col-50 elementor-top-column elementor-element elementor-element-263f143b\" data-id=\"263f143b\" data-element_type=\"column\">\n<div class=\"elementor-widget-wrap elementor-element-populated\">\n<div class=\"elementor-element elementor-element-19118fd7 elementor-widget elementor-widget-heading\" data-id=\"19118fd7\" data-element_type=\"widget\" data-widget_type=\"heading.default\">\n<div class=\"elementor-widget-container\">\n<h2 class=\"elementor-heading-title elementor-size-default\"><\/h2>\n<\/div>\n<\/div>\n<\/div>\n<\/div>\n<div class='share-to-whatsapp-wrapper'><div class='share-on-whsp'>Share on: <\/div><a data-text='Vereador Luciano Almeida cobra libera\u00e7\u00e3o de recursos para extens\u00e3o de rede de \u00e1gua e critica aus\u00eancia de licita\u00e7\u00e3o para cestas b\u00e1sicas' data-link='https:\/\/newsinfoco.com.br\/inicio\/vereador-luciano-almeida-cobra-liberacao-de-recursos-para-extensao-de-rede-de-agua-e-critica-ausencia-de-licitacao-para-cestas-basicas\/' class='whatsapp-button whatsapp-share'>WhatsApp<\/a><div class='clear '><\/div><\/div>","protected":false},"excerpt":{"rendered":"<p>Na sess\u00e3o ordin\u00e1ria desta ter\u00e7a-feira (19), o vereador Luciano Almeida utilizou a tribuna para refor\u00e7ar o pedido de libera\u00e7\u00e3o de recursos destinados \u00e0 extens\u00e3o da rede de \u00e1gua na localidade do Formig\u00e3o, pr\u00f3xima \u00e0 Serra do Ouro. Segundo o parlamentar, a obra foi prometida durante o per\u00edodo eleitoral, mas parte da comunidade ainda n\u00e3o foi [&hellip;]<\/p>\n","protected":false},"author":1,"featured_media":44444,"comment_status":"closed","ping_status":"closed","sticky":false,"template":"","format":"standard","meta":{"om_disable_all_campaigns":false,"rop_custom_images_group":[],"rop_custom_messages_group":[],"rop_publish_now":"initial","rop_publish_now_accounts":[],"rop_publish_now_history":[],"rop_publish_now_status":"pending","_exactmetrics_skip_tracking":false,"footnotes":""},"categories":[19],"tags":[],"class_list":["post-44443","post","type-post","status-publish","format-standard","has-post-thumbnail","hentry","category-bahia"],"aioseo_notices":[],"aioseo_head":"\n\t\t<!-- All in One SEO 4.9.10 - aioseo.com -->\n\t<meta name=\"description\" content=\"Na sess\u00e3o ordin\u00e1ria desta ter\u00e7a-feira (19), o vereador Luciano Almeida utilizou a tribuna para refor\u00e7ar o pedido de libera\u00e7\u00e3o de recursos destinados \u00e0 extens\u00e3o da rede de \u00e1gua na localidade do Formig\u00e3o, pr\u00f3xima \u00e0 Serra do Ouro. Segundo o parlamentar, a obra foi prometida durante o per\u00edodo eleitoral, mas parte da comunidade ainda n\u00e3o foi\" \/>\n\t<meta name=\"robots\" content=\"max-image-preview:large\" \/>\n\t<meta name=\"author\" content=\"administrador\"\/>\n\t<link rel=\"canonical\" href=\"https:\/\/newsinfoco.com.br\/inicio\/vereador-luciano-almeida-cobra-liberacao-de-recursos-para-extensao-de-rede-de-agua-e-critica-ausencia-de-licitacao-para-cestas-basicas\/\" \/>\n\t<meta name=\"generator\" content=\"All in One SEO (AIOSEO) 4.9.10\" \/>\n\t\t<meta property=\"og:locale\" content=\"pt_BR\" \/>\n\t\t<meta property=\"og:site_name\" content=\"News In Foco - Editado por Caio Pimenta - O principal site de noticias de Alagoinhas e regi\u00e3o\" \/>\n\t\t<meta property=\"og:type\" content=\"article\" \/>\n\t\t<meta property=\"og:title\" content=\"Vereador Luciano Almeida cobra libera\u00e7\u00e3o de recursos para extens\u00e3o de rede de \u00e1gua e critica aus\u00eancia de licita\u00e7\u00e3o para cestas b\u00e1sicas - News In Foco - Editado por Caio Pimenta\" \/>\n\t\t<meta property=\"og:description\" content=\"Na sess\u00e3o ordin\u00e1ria desta ter\u00e7a-feira (19), o vereador Luciano Almeida utilizou a tribuna para refor\u00e7ar o pedido de libera\u00e7\u00e3o de recursos destinados \u00e0 extens\u00e3o da rede de \u00e1gua na localidade do Formig\u00e3o, pr\u00f3xima \u00e0 Serra do Ouro. Segundo o parlamentar, a obra foi prometida durante o per\u00edodo eleitoral, mas parte da comunidade ainda n\u00e3o foi\" \/>\n\t\t<meta property=\"og:url\" content=\"https:\/\/newsinfoco.com.br\/inicio\/vereador-luciano-almeida-cobra-liberacao-de-recursos-para-extensao-de-rede-de-agua-e-critica-ausencia-de-licitacao-para-cestas-basicas\/\" \/>\n\t\t<meta property=\"article:published_time\" content=\"2025-08-20T16:02:27+00:00\" \/>\n\t\t<meta property=\"article:modified_time\" content=\"2025-08-20T16:02:27+00:00\" \/>\n\t\t<meta name=\"twitter:card\" content=\"summary_large_image\" \/>\n\t\t<meta name=\"twitter:title\" content=\"Vereador Luciano Almeida cobra libera\u00e7\u00e3o de recursos para extens\u00e3o de rede de \u00e1gua e critica aus\u00eancia de licita\u00e7\u00e3o para cestas b\u00e1sicas - News In Foco - Editado por Caio Pimenta\" \/>\n\t\t<meta name=\"twitter:description\" content=\"Na sess\u00e3o ordin\u00e1ria desta ter\u00e7a-feira (19), o vereador Luciano Almeida utilizou a tribuna para refor\u00e7ar o pedido de libera\u00e7\u00e3o de recursos destinados \u00e0 extens\u00e3o da rede de \u00e1gua na localidade do Formig\u00e3o, pr\u00f3xima \u00e0 Serra do Ouro. Segundo o parlamentar, a obra foi prometida durante o per\u00edodo eleitoral, mas parte da comunidade ainda n\u00e3o foi\" \/>\n\t\t<script type=\"application\/ld+json\" class=\"aioseo-schema\">\n\t\t\t{\"@context\":\"https:\\\/\\\/schema.org\",\"@graph\":[{\"@type\":\"BlogPosting\",\"@id\":\"https:\\\/\\\/newsinfoco.com.br\\\/inicio\\\/vereador-luciano-almeida-cobra-liberacao-de-recursos-para-extensao-de-rede-de-agua-e-critica-ausencia-de-licitacao-para-cestas-basicas\\\/#blogposting\",\"name\":\"Vereador Luciano Almeida cobra libera\\u00e7\\u00e3o de recursos para extens\\u00e3o de rede de \\u00e1gua e critica aus\\u00eancia de licita\\u00e7\\u00e3o para cestas b\\u00e1sicas - News In Foco - Editado por Caio Pimenta\",\"headline\":\"Vereador Luciano Almeida cobra libera\\u00e7\\u00e3o de recursos para extens\\u00e3o de rede de \\u00e1gua e critica aus\\u00eancia de licita\\u00e7\\u00e3o para cestas b\\u00e1sicas\",\"author\":{\"@id\":\"https:\\\/\\\/newsinfoco.com.br\\\/inicio\\\/author\\\/administrador\\\/#author\"},\"publisher\":{\"@id\":\"https:\\\/\\\/newsinfoco.com.br\\\/inicio\\\/#organization\"},\"image\":{\"@type\":\"ImageObject\",\"url\":\"https:\\\/\\\/newsinfoco.com.br\\\/inicio\\\/wp-content\\\/uploads\\\/2025\\\/08\\\/Luciano-2.jpg\",\"width\":1195,\"height\":672},\"datePublished\":\"2025-08-20T13:02:27-03:00\",\"dateModified\":\"2025-08-20T13:02:27-03:00\",\"inLanguage\":\"pt-BR\",\"mainEntityOfPage\":{\"@id\":\"https:\\\/\\\/newsinfoco.com.br\\\/inicio\\\/vereador-luciano-almeida-cobra-liberacao-de-recursos-para-extensao-de-rede-de-agua-e-critica-ausencia-de-licitacao-para-cestas-basicas\\\/#webpage\"},\"isPartOf\":{\"@id\":\"https:\\\/\\\/newsinfoco.com.br\\\/inicio\\\/vereador-luciano-almeida-cobra-liberacao-de-recursos-para-extensao-de-rede-de-agua-e-critica-ausencia-de-licitacao-para-cestas-basicas\\\/#webpage\"},\"articleSection\":\"Bahia\"},{\"@type\":\"BreadcrumbList\",\"@id\":\"https:\\\/\\\/newsinfoco.com.br\\\/inicio\\\/vereador-luciano-almeida-cobra-liberacao-de-recursos-para-extensao-de-rede-de-agua-e-critica-ausencia-de-licitacao-para-cestas-basicas\\\/#breadcrumblist\",\"itemListElement\":[{\"@type\":\"ListItem\",\"@id\":\"https:\\\/\\\/newsinfoco.com.br\\\/inicio#listItem\",\"position\":1,\"name\":\"In\\u00edcio\",\"item\":\"https:\\\/\\\/newsinfoco.com.br\\\/inicio\",\"nextItem\":{\"@type\":\"ListItem\",\"@id\":\"https:\\\/\\\/newsinfoco.com.br\\\/inicio\\\/category\\\/bahia\\\/#listItem\",\"name\":\"Bahia\"}},{\"@type\":\"ListItem\",\"@id\":\"https:\\\/\\\/newsinfoco.com.br\\\/inicio\\\/category\\\/bahia\\\/#listItem\",\"position\":2,\"name\":\"Bahia\",\"item\":\"https:\\\/\\\/newsinfoco.com.br\\\/inicio\\\/category\\\/bahia\\\/\",\"nextItem\":{\"@type\":\"ListItem\",\"@id\":\"https:\\\/\\\/newsinfoco.com.br\\\/inicio\\\/vereador-luciano-almeida-cobra-liberacao-de-recursos-para-extensao-de-rede-de-agua-e-critica-ausencia-de-licitacao-para-cestas-basicas\\\/#listItem\",\"name\":\"Vereador Luciano Almeida cobra libera\\u00e7\\u00e3o de recursos para extens\\u00e3o de rede de \\u00e1gua e critica aus\\u00eancia de licita\\u00e7\\u00e3o para cestas b\\u00e1sicas\"},\"previousItem\":{\"@type\":\"ListItem\",\"@id\":\"https:\\\/\\\/newsinfoco.com.br\\\/inicio#listItem\",\"name\":\"In\\u00edcio\"}},{\"@type\":\"ListItem\",\"@id\":\"https:\\\/\\\/newsinfoco.com.br\\\/inicio\\\/vereador-luciano-almeida-cobra-liberacao-de-recursos-para-extensao-de-rede-de-agua-e-critica-ausencia-de-licitacao-para-cestas-basicas\\\/#listItem\",\"position\":3,\"name\":\"Vereador Luciano Almeida cobra libera\\u00e7\\u00e3o de recursos para extens\\u00e3o de rede de \\u00e1gua e critica aus\\u00eancia de licita\\u00e7\\u00e3o para cestas b\\u00e1sicas\",\"previousItem\":{\"@type\":\"ListItem\",\"@id\":\"https:\\\/\\\/newsinfoco.com.br\\\/inicio\\\/category\\\/bahia\\\/#listItem\",\"name\":\"Bahia\"}}]},{\"@type\":\"Organization\",\"@id\":\"https:\\\/\\\/newsinfoco.com.br\\\/inicio\\\/#organization\",\"name\":\"News In Foco - Editado por Caio Pimenta\",\"description\":\"O principal site de noticias de Alagoinhas e regi\\u00e3o\",\"url\":\"https:\\\/\\\/newsinfoco.com.br\\\/inicio\\\/\"},{\"@type\":\"Person\",\"@id\":\"https:\\\/\\\/newsinfoco.com.br\\\/inicio\\\/author\\\/administrador\\\/#author\",\"url\":\"https:\\\/\\\/newsinfoco.com.br\\\/inicio\\\/author\\\/administrador\\\/\",\"name\":\"administrador\",\"image\":{\"@type\":\"ImageObject\",\"@id\":\"https:\\\/\\\/newsinfoco.com.br\\\/inicio\\\/vereador-luciano-almeida-cobra-liberacao-de-recursos-para-extensao-de-rede-de-agua-e-critica-ausencia-de-licitacao-para-cestas-basicas\\\/#authorImage\",\"url\":\"https:\\\/\\\/secure.gravatar.com\\\/avatar\\\/c17a617433de8c1dc9584bb79aab7563b46f5bb7e1728c9b17d9cc3ce6a08e49?s=96&d=mm&r=g\",\"width\":96,\"height\":96,\"caption\":\"administrador\"}},{\"@type\":\"WebPage\",\"@id\":\"https:\\\/\\\/newsinfoco.com.br\\\/inicio\\\/vereador-luciano-almeida-cobra-liberacao-de-recursos-para-extensao-de-rede-de-agua-e-critica-ausencia-de-licitacao-para-cestas-basicas\\\/#webpage\",\"url\":\"https:\\\/\\\/newsinfoco.com.br\\\/inicio\\\/vereador-luciano-almeida-cobra-liberacao-de-recursos-para-extensao-de-rede-de-agua-e-critica-ausencia-de-licitacao-para-cestas-basicas\\\/\",\"name\":\"Vereador Luciano Almeida cobra libera\\u00e7\\u00e3o de recursos para extens\\u00e3o de rede de \\u00e1gua e critica aus\\u00eancia de licita\\u00e7\\u00e3o para cestas b\\u00e1sicas - News In Foco - Editado por Caio Pimenta\",\"description\":\"Na sess\\u00e3o ordin\\u00e1ria desta ter\\u00e7a-feira (19), o vereador Luciano Almeida utilizou a tribuna para refor\\u00e7ar o pedido de libera\\u00e7\\u00e3o de recursos destinados \\u00e0 extens\\u00e3o da rede de \\u00e1gua na localidade do Formig\\u00e3o, pr\\u00f3xima \\u00e0 Serra do Ouro. Segundo o parlamentar, a obra foi prometida durante o per\\u00edodo eleitoral, mas parte da comunidade ainda n\\u00e3o foi\",\"inLanguage\":\"pt-BR\",\"isPartOf\":{\"@id\":\"https:\\\/\\\/newsinfoco.com.br\\\/inicio\\\/#website\"},\"breadcrumb\":{\"@id\":\"https:\\\/\\\/newsinfoco.com.br\\\/inicio\\\/vereador-luciano-almeida-cobra-liberacao-de-recursos-para-extensao-de-rede-de-agua-e-critica-ausencia-de-licitacao-para-cestas-basicas\\\/#breadcrumblist\"},\"author\":{\"@id\":\"https:\\\/\\\/newsinfoco.com.br\\\/inicio\\\/author\\\/administrador\\\/#author\"},\"creator\":{\"@id\":\"https:\\\/\\\/newsinfoco.com.br\\\/inicio\\\/author\\\/administrador\\\/#author\"},\"image\":{\"@type\":\"ImageObject\",\"url\":\"https:\\\/\\\/newsinfoco.com.br\\\/inicio\\\/wp-content\\\/uploads\\\/2025\\\/08\\\/Luciano-2.jpg\",\"@id\":\"https:\\\/\\\/newsinfoco.com.br\\\/inicio\\\/vereador-luciano-almeida-cobra-liberacao-de-recursos-para-extensao-de-rede-de-agua-e-critica-ausencia-de-licitacao-para-cestas-basicas\\\/#mainImage\",\"width\":1195,\"height\":672},\"primaryImageOfPage\":{\"@id\":\"https:\\\/\\\/newsinfoco.com.br\\\/inicio\\\/vereador-luciano-almeida-cobra-liberacao-de-recursos-para-extensao-de-rede-de-agua-e-critica-ausencia-de-licitacao-para-cestas-basicas\\\/#mainImage\"},\"datePublished\":\"2025-08-20T13:02:27-03:00\",\"dateModified\":\"2025-08-20T13:02:27-03:00\"},{\"@type\":\"WebSite\",\"@id\":\"https:\\\/\\\/newsinfoco.com.br\\\/inicio\\\/#website\",\"url\":\"https:\\\/\\\/newsinfoco.com.br\\\/inicio\\\/\",\"name\":\"News In Foco - Editado por Caio Pimenta\",\"description\":\"O principal site de noticias de Alagoinhas e regi\\u00e3o\",\"inLanguage\":\"pt-BR\",\"publisher\":{\"@id\":\"https:\\\/\\\/newsinfoco.com.br\\\/inicio\\\/#organization\"}}]}\n\t\t<\/script>\n\t\t<!-- All in One SEO -->\n\n","aioseo_head_json":{"title":"Vereador Luciano Almeida cobra libera\u00e7\u00e3o de recursos para extens\u00e3o de rede de \u00e1gua e critica aus\u00eancia de licita\u00e7\u00e3o para cestas b\u00e1sicas - News In Foco - Editado por Caio Pimenta","description":"Na sess\u00e3o ordin\u00e1ria desta ter\u00e7a-feira (19), o vereador Luciano Almeida utilizou a tribuna para refor\u00e7ar o pedido de libera\u00e7\u00e3o de recursos destinados \u00e0 extens\u00e3o da rede de \u00e1gua na localidade do Formig\u00e3o, pr\u00f3xima \u00e0 Serra do Ouro. Segundo o parlamentar, a obra foi prometida durante o per\u00edodo eleitoral, mas parte da comunidade ainda n\u00e3o foi","canonical_url":"https:\/\/newsinfoco.com.br\/inicio\/vereador-luciano-almeida-cobra-liberacao-de-recursos-para-extensao-de-rede-de-agua-e-critica-ausencia-de-licitacao-para-cestas-basicas\/","robots":"max-image-preview:large","keywords":"","webmasterTools":{"miscellaneous":""},"schema":{"@context":"https:\/\/schema.org","@graph":[{"@type":"BlogPosting","@id":"https:\/\/newsinfoco.com.br\/inicio\/vereador-luciano-almeida-cobra-liberacao-de-recursos-para-extensao-de-rede-de-agua-e-critica-ausencia-de-licitacao-para-cestas-basicas\/#blogposting","name":"Vereador Luciano Almeida cobra libera\u00e7\u00e3o de recursos para extens\u00e3o de rede de \u00e1gua e critica aus\u00eancia de licita\u00e7\u00e3o para cestas b\u00e1sicas - News In Foco - Editado por Caio Pimenta","headline":"Vereador Luciano Almeida cobra libera\u00e7\u00e3o de recursos para extens\u00e3o de rede de \u00e1gua e critica aus\u00eancia de licita\u00e7\u00e3o para cestas b\u00e1sicas","author":{"@id":"https:\/\/newsinfoco.com.br\/inicio\/author\/administrador\/#author"},"publisher":{"@id":"https:\/\/newsinfoco.com.br\/inicio\/#organization"},"image":{"@type":"ImageObject","url":"https:\/\/newsinfoco.com.br\/inicio\/wp-content\/uploads\/2025\/08\/Luciano-2.jpg","width":1195,"height":672},"datePublished":"2025-08-20T13:02:27-03:00","dateModified":"2025-08-20T13:02:27-03:00","inLanguage":"pt-BR","mainEntityOfPage":{"@id":"https:\/\/newsinfoco.com.br\/inicio\/vereador-luciano-almeida-cobra-liberacao-de-recursos-para-extensao-de-rede-de-agua-e-critica-ausencia-de-licitacao-para-cestas-basicas\/#webpage"},"isPartOf":{"@id":"https:\/\/newsinfoco.com.br\/inicio\/vereador-luciano-almeida-cobra-liberacao-de-recursos-para-extensao-de-rede-de-agua-e-critica-ausencia-de-licitacao-para-cestas-basicas\/#webpage"},"articleSection":"Bahia"},{"@type":"BreadcrumbList","@id":"https:\/\/newsinfoco.com.br\/inicio\/vereador-luciano-almeida-cobra-liberacao-de-recursos-para-extensao-de-rede-de-agua-e-critica-ausencia-de-licitacao-para-cestas-basicas\/#breadcrumblist","itemListElement":[{"@type":"ListItem","@id":"https:\/\/newsinfoco.com.br\/inicio#listItem","position":1,"name":"In\u00edcio","item":"https:\/\/newsinfoco.com.br\/inicio","nextItem":{"@type":"ListItem","@id":"https:\/\/newsinfoco.com.br\/inicio\/category\/bahia\/#listItem","name":"Bahia"}},{"@type":"ListItem","@id":"https:\/\/newsinfoco.com.br\/inicio\/category\/bahia\/#listItem","position":2,"name":"Bahia","item":"https:\/\/newsinfoco.com.br\/inicio\/category\/bahia\/","nextItem":{"@type":"ListItem","@id":"https:\/\/newsinfoco.com.br\/inicio\/vereador-luciano-almeida-cobra-liberacao-de-recursos-para-extensao-de-rede-de-agua-e-critica-ausencia-de-licitacao-para-cestas-basicas\/#listItem","name":"Vereador Luciano Almeida cobra libera\u00e7\u00e3o de recursos para extens\u00e3o de rede de \u00e1gua e critica aus\u00eancia de licita\u00e7\u00e3o para cestas b\u00e1sicas"},"previousItem":{"@type":"ListItem","@id":"https:\/\/newsinfoco.com.br\/inicio#listItem","name":"In\u00edcio"}},{"@type":"ListItem","@id":"https:\/\/newsinfoco.com.br\/inicio\/vereador-luciano-almeida-cobra-liberacao-de-recursos-para-extensao-de-rede-de-agua-e-critica-ausencia-de-licitacao-para-cestas-basicas\/#listItem","position":3,"name":"Vereador Luciano Almeida cobra libera\u00e7\u00e3o de recursos para extens\u00e3o de rede de \u00e1gua e critica aus\u00eancia de licita\u00e7\u00e3o para cestas b\u00e1sicas","previousItem":{"@type":"ListItem","@id":"https:\/\/newsinfoco.com.br\/inicio\/category\/bahia\/#listItem","name":"Bahia"}}]},{"@type":"Organization","@id":"https:\/\/newsinfoco.com.br\/inicio\/#organization","name":"News In Foco - Editado por Caio Pimenta","description":"O principal site de noticias de Alagoinhas e regi\u00e3o","url":"https:\/\/newsinfoco.com.br\/inicio\/"},{"@type":"Person","@id":"https:\/\/newsinfoco.com.br\/inicio\/author\/administrador\/#author","url":"https:\/\/newsinfoco.com.br\/inicio\/author\/administrador\/","name":"administrador","image":{"@type":"ImageObject","@id":"https:\/\/newsinfoco.com.br\/inicio\/vereador-luciano-almeida-cobra-liberacao-de-recursos-para-extensao-de-rede-de-agua-e-critica-ausencia-de-licitacao-para-cestas-basicas\/#authorImage","url":"https:\/\/secure.gravatar.com\/avatar\/c17a617433de8c1dc9584bb79aab7563b46f5bb7e1728c9b17d9cc3ce6a08e49?s=96&d=mm&r=g","width":96,"height":96,"caption":"administrador"}},{"@type":"WebPage","@id":"https:\/\/newsinfoco.com.br\/inicio\/vereador-luciano-almeida-cobra-liberacao-de-recursos-para-extensao-de-rede-de-agua-e-critica-ausencia-de-licitacao-para-cestas-basicas\/#webpage","url":"https:\/\/newsinfoco.com.br\/inicio\/vereador-luciano-almeida-cobra-liberacao-de-recursos-para-extensao-de-rede-de-agua-e-critica-ausencia-de-licitacao-para-cestas-basicas\/","name":"Vereador Luciano Almeida cobra libera\u00e7\u00e3o de recursos para extens\u00e3o de rede de \u00e1gua e critica aus\u00eancia de licita\u00e7\u00e3o para cestas b\u00e1sicas - News In Foco - Editado por Caio Pimenta","description":"Na sess\u00e3o ordin\u00e1ria desta ter\u00e7a-feira (19), o vereador Luciano Almeida utilizou a tribuna para refor\u00e7ar o pedido de libera\u00e7\u00e3o de recursos destinados \u00e0 extens\u00e3o da rede de \u00e1gua na localidade do Formig\u00e3o, pr\u00f3xima \u00e0 Serra do Ouro. Segundo o parlamentar, a obra foi prometida durante o per\u00edodo eleitoral, mas parte da comunidade ainda n\u00e3o foi","inLanguage":"pt-BR","isPartOf":{"@id":"https:\/\/newsinfoco.com.br\/inicio\/#website"},"breadcrumb":{"@id":"https:\/\/newsinfoco.com.br\/inicio\/vereador-luciano-almeida-cobra-liberacao-de-recursos-para-extensao-de-rede-de-agua-e-critica-ausencia-de-licitacao-para-cestas-basicas\/#breadcrumblist"},"author":{"@id":"https:\/\/newsinfoco.com.br\/inicio\/author\/administrador\/#author"},"creator":{"@id":"https:\/\/newsinfoco.com.br\/inicio\/author\/administrador\/#author"},"image":{"@type":"ImageObject","url":"https:\/\/newsinfoco.com.br\/inicio\/wp-content\/uploads\/2025\/08\/Luciano-2.jpg","@id":"https:\/\/newsinfoco.com.br\/inicio\/vereador-luciano-almeida-cobra-liberacao-de-recursos-para-extensao-de-rede-de-agua-e-critica-ausencia-de-licitacao-para-cestas-basicas\/#mainImage","width":1195,"height":672},"primaryImageOfPage":{"@id":"https:\/\/newsinfoco.com.br\/inicio\/vereador-luciano-almeida-cobra-liberacao-de-recursos-para-extensao-de-rede-de-agua-e-critica-ausencia-de-licitacao-para-cestas-basicas\/#mainImage"},"datePublished":"2025-08-20T13:02:27-03:00","dateModified":"2025-08-20T13:02:27-03:00"},{"@type":"WebSite","@id":"https:\/\/newsinfoco.com.br\/inicio\/#website","url":"https:\/\/newsinfoco.com.br\/inicio\/","name":"News In Foco - Editado por Caio Pimenta","description":"O principal site de noticias de Alagoinhas e regi\u00e3o","inLanguage":"pt-BR","publisher":{"@id":"https:\/\/newsinfoco.com.br\/inicio\/#organization"}}]},"og:locale":"pt_BR","og:site_name":"News In Foco - Editado por Caio Pimenta - O principal site de noticias de Alagoinhas e regi\u00e3o","og:type":"article","og:title":"Vereador Luciano Almeida cobra libera\u00e7\u00e3o de recursos para extens\u00e3o de rede de \u00e1gua e critica aus\u00eancia de licita\u00e7\u00e3o para cestas b\u00e1sicas - News In Foco - Editado por Caio Pimenta","og:description":"Na sess\u00e3o ordin\u00e1ria desta ter\u00e7a-feira (19), o vereador Luciano Almeida utilizou a tribuna para refor\u00e7ar o pedido de libera\u00e7\u00e3o de recursos destinados \u00e0 extens\u00e3o da rede de \u00e1gua na localidade do Formig\u00e3o, pr\u00f3xima \u00e0 Serra do Ouro. Segundo o parlamentar, a obra foi prometida durante o per\u00edodo eleitoral, mas parte da comunidade ainda n\u00e3o foi","og:url":"https:\/\/newsinfoco.com.br\/inicio\/vereador-luciano-almeida-cobra-liberacao-de-recursos-para-extensao-de-rede-de-agua-e-critica-ausencia-de-licitacao-para-cestas-basicas\/","article:published_time":"2025-08-20T16:02:27+00:00","article:modified_time":"2025-08-20T16:02:27+00:00","twitter:card":"summary_large_image","twitter:title":"Vereador Luciano Almeida cobra libera\u00e7\u00e3o de recursos para extens\u00e3o de rede de \u00e1gua e critica aus\u00eancia de licita\u00e7\u00e3o para cestas b\u00e1sicas - News In Foco - Editado por Caio Pimenta","twitter:description":"Na sess\u00e3o ordin\u00e1ria desta ter\u00e7a-feira (19), o vereador Luciano Almeida utilizou a tribuna para refor\u00e7ar o pedido de libera\u00e7\u00e3o de recursos destinados \u00e0 extens\u00e3o da rede de \u00e1gua na localidade do Formig\u00e3o, pr\u00f3xima \u00e0 Serra do Ouro. Segundo o parlamentar, a obra foi prometida durante o per\u00edodo eleitoral, mas parte da comunidade ainda n\u00e3o foi"},"aioseo_meta_data":{"post_id":"44443","title":null,"description":null,"keywords":null,"keyphrases":{"focus":{"keyphrase":"","score":0,"analysis":{"keyphraseInTitle":{"score":0,"maxScore":9,"error":1}}},"additional":[]},"primary_term":null,"canonical_url":null,"og_title":null,"og_description":null,"og_object_type":"default","og_image_type":"default","og_image_url":null,"og_image_width":null,"og_image_height":null,"og_image_custom_url":null,"og_image_custom_fields":null,"og_video":"","og_custom_url":null,"og_article_section":null,"og_article_tags":null,"twitter_use_og":false,"twitter_card":"default","twitter_image_type":"default","twitter_image_url":null,"twitter_image_custom_url":null,"twitter_image_custom_fields":null,"twitter_title":null,"twitter_description":null,"schema":{"blockGraphs":[],"customGraphs":[],"default":{"data":{"Article":[],"Course":[],"Dataset":[],"FAQPage":[],"Movie":[],"Person":[],"Product":[],"ProductReview":[],"Car":[],"Recipe":[],"Service":[],"SoftwareApplication":[],"WebPage":[]},"graphName":"BlogPosting","isEnabled":true},"graphs":[]},"schema_type":"default","schema_type_options":null,"pillar_content":false,"robots_default":true,"robots_noindex":false,"robots_noarchive":false,"robots_nosnippet":false,"robots_nofollow":false,"robots_noimageindex":false,"robots_noodp":false,"robots_notranslate":false,"robots_max_snippet":"-1","robots_max_videopreview":"-1","robots_max_imagepreview":"large","priority":null,"frequency":"default","local_seo":null,"breadcrumb_settings":null,"limit_modified_date":false,"ai":{"faqs":[],"keyPoints":[],"titles":[],"descriptions":[],"socialPosts":{"email":[],"linkedin":[],"twitter":[],"facebook":[],"instagram":[]}},"created":"2025-08-20 16:02:27","updated":"2025-08-20 16:13:48","seo_analyzer_scan_date":null},"aioseo_breadcrumb":"<div class=\"aioseo-breadcrumbs\"><span class=\"aioseo-breadcrumb\">\n\t\t\t<a href=\"https:\/\/newsinfoco.com.br\/inicio\" title=\"In\u00edcio\">In\u00edcio<\/a>\n\t\t<\/span><span class=\"aioseo-breadcrumb-separator\">&raquo;<\/span><span class=\"aioseo-breadcrumb\">\n\t\t\t<a href=\"https:\/\/newsinfoco.com.br\/inicio\/category\/bahia\/\" title=\"Bahia\">Bahia<\/a>\n\t\t<\/span><span class=\"aioseo-breadcrumb-separator\">&raquo;<\/span><span class=\"aioseo-breadcrumb\">\n\t\t\tVereador Luciano Almeida cobra libera\u00e7\u00e3o de recursos para extens\u00e3o de rede de \u00e1gua e critica aus\u00eancia de licita\u00e7\u00e3o para cestas b\u00e1sicas\n\t\t<\/span><\/div>","aioseo_breadcrumb_json":[{"label":"In\u00edcio","link":"https:\/\/newsinfoco.com.br\/inicio"},{"label":"Bahia","link":"https:\/\/newsinfoco.com.br\/inicio\/category\/bahia\/"},{"label":"Vereador Luciano Almeida cobra libera\u00e7\u00e3o de recursos para extens\u00e3o de rede de \u00e1gua e critica aus\u00eancia de licita\u00e7\u00e3o para cestas b\u00e1sicas","link":"https:\/\/newsinfoco.com.br\/inicio\/vereador-luciano-almeida-cobra-liberacao-de-recursos-para-extensao-de-rede-de-agua-e-critica-ausencia-de-licitacao-para-cestas-basicas\/"}],"_links":{"self":[{"href":"https:\/\/newsinfoco.com.br\/inicio\/wp-json\/wp\/v2\/posts\/44443","targetHints":{"allow":["GET"]}}],"collection":[{"href":"https:\/\/newsinfoco.com.br\/inicio\/wp-json\/wp\/v2\/posts"}],"about":[{"href":"https:\/\/newsinfoco.com.br\/inicio\/wp-json\/wp\/v2\/types\/post"}],"author":[{"embeddable":true,"href":"https:\/\/newsinfoco.com.br\/inicio\/wp-json\/wp\/v2\/users\/1"}],"replies":[{"embeddable":true,"href":"https:\/\/newsinfoco.com.br\/inicio\/wp-json\/wp\/v2\/comments?post=44443"}],"version-history":[{"count":1,"href":"https:\/\/newsinfoco.com.br\/inicio\/wp-json\/wp\/v2\/posts\/44443\/revisions"}],"predecessor-version":[{"id":44445,"href":"https:\/\/newsinfoco.com.br\/inicio\/wp-json\/wp\/v2\/posts\/44443\/revisions\/44445"}],"wp:featuredmedia":[{"embeddable":true,"href":"https:\/\/newsinfoco.com.br\/inicio\/wp-json\/wp\/v2\/media\/44444"}],"wp:attachment":[{"href":"https:\/\/newsinfoco.com.br\/inicio\/wp-json\/wp\/v2\/media?parent=44443"}],"wp:term":[{"taxonomy":"category","embeddable":true,"href":"https:\/\/newsinfoco.com.br\/inicio\/wp-json\/wp\/v2\/categories?post=44443"},{"taxonomy":"post_tag","embeddable":true,"href":"https:\/\/newsinfoco.com.br\/inicio\/wp-json\/wp\/v2\/tags?post=44443"}],"curies":[{"name":"wp","href":"https:\/\/api.w.org\/{rel}","templated":true}]}}