{"id":44454,"date":"2025-08-20T14:51:57","date_gmt":"2025-08-20T17:51:57","guid":{"rendered":"https:\/\/newsinfoco.com.br\/inicio\/?p=44454"},"modified":"2025-08-20T16:35:32","modified_gmt":"2025-08-20T19:35:32","slug":"aguardarei-com-resiliencia-diz-vereador-cleto-da-banana-sobre-acao-popular-que-pede-nova-eleicao-para-mesa-diretora-da-camara-de-alagoinhas","status":"publish","type":"post","link":"https:\/\/newsinfoco.com.br\/inicio\/aguardarei-com-resiliencia-diz-vereador-cleto-da-banana-sobre-acao-popular-que-pede-nova-eleicao-para-mesa-diretora-da-camara-de-alagoinhas\/","title":{"rendered":"&#8220;Aguardarei com resili\u00eancia&#8221;, diz vereador Cleto da Banana sobre a\u00e7\u00e3o popular que pede nova elei\u00e7\u00e3o para mesa diretora da C\u00e2mara de Alagoinhas"},"content":{"rendered":"<p>O vereador Cleto da Banana acaba de se manifestar sobre seu afastamento cautelar da presid\u00eancia da C\u00e2mara de Vereadores de Alagoinhas, determinado pela 1\u00aa Vara da Fazenda P\u00fablica de Alagoinhas.<\/p>\n<p>A decis\u00e3o assinada pelo juiz Ant\u00f4nio de P\u00e1dua atende a um pedido constante na a\u00e7\u00e3o popular protocolada por integrantes do partido Novo que questionam a legalidade do terceiro mandato consecutivo de Cleto da Banana na presid\u00eancia da Casa Legislativa. A ordem judicial abre uma crise sem precedente no legislativo municipal que assegurou o question\u00e1vel terceiro mandato a Cleto por unanimidade. O debate remete a preceitos constitucionais, que v\u00eam sendo interpretados por v\u00e1rias casas legislativas, inclusive na Bahia.<\/p>\n<p>Segundo integrantes do Novo, que criticaram a tripla sucess\u00e3o, a perpetua\u00e7\u00e3o no cargo ap\u00f3s um eventual segundo mandato \u00e9 vedada pela Constitui\u00e7\u00e3o. De acordo com a nota de Cleto, h\u00e1 precedentes pautados em uma hermen\u00eautica contr\u00e1ria ao veto. Sabe-se que \u00e9 princ\u00edpio constitucional a altern\u00e2ncia de poder, como base do regime democr\u00e1tico que vigora no pa\u00eds. O sil\u00eancio impera entre os vereadores que o apoiaram na \u00faltima reelei\u00e7\u00e3o.<\/p>\n<p>O partido Novo teve grande coragem ao quebrar o sil\u00eancio conivente de toda a classe pol\u00edtica alagoinhense. Sequer o Executivo estar\u00e1 isento dessa crise institucional, pois sua bancada de apoio ratificou os acordos internos que levaram ao impasse, assim como a oposi\u00e7\u00e3o. A casa ficar\u00e1 com sua credibilidade arranhada caso uma decis\u00e3o ortodoxa advenha. Bom lembrar que estas interpreta\u00e7\u00f5es da lei maior j\u00e1 v\u00eam produzindo inseguran\u00e7a jur\u00eddica em \u00e2mbito nacional. O pa\u00eds caminha por vias perigosas, a presente judicializa\u00e7\u00e3o serve como um momento de reflex\u00e3o sobre este horizonte de incertezas.<\/p>\n<div id=\"newsi-2775794794\" class=\"newsi-conteudo_19 newsi-highlight-wrapper\" data-title=\"Placement name: Conte\u00fado 19; Ads: propaganda\">\n<p>Com a decis\u00e3o da Justi\u00e7a,\u00a0 o substituto legal assume interinamente o comando da Casa, at\u00e9 a resolu\u00e7\u00e3o do m\u00e9rito, ou melhor dizendo, at\u00e9 o julgamento do processo. Nesse caso, trata-se do vice presidente da Casa, o vereador Caio Ramos.<\/p>\n<p>Leia abaixo a nota de Cleto da Banana:<\/p>\n<p>NOTA \u00c0 IMPRENSA<\/p>\n<p>Com absoluta tranquilidade recebi a decis\u00e3o da Justi\u00e7a e atuo para que a transi\u00e7\u00e3o seja pac\u00edfica e dentro dos tr\u00e2mites legais e democr\u00e1ticos.<\/p>\n<p>No atual colegiado da C\u00e2mara Municipal reina o mais absoluto respeito entre vereadoras e vereadores e nada mudar\u00e1 o bom relacionamento que mantemos.<\/p>\n<p>Decis\u00e3o judicial deve ser cumprida mesmo que n\u00e3o concordemos com ela.<\/p>\n<p>Neste momento reafirmo os compromissos com a democracia e a Casa Legislativa.<\/p>\n<p>Provid\u00eancias foram tomadas no campo jur\u00eddico para reformar a decis\u00e3o de primeira inst\u00e2ncia, pois em casos similares gestores foram mantidos na administra\u00e7\u00e3o de parlamentos municipais, inclusive na Bahia.<\/p>\n<p>Aguardarei com a resili\u00eancia necess\u00e1ria os desdobramentos inerentes \u00e0 situa\u00e7\u00e3o.<\/p>\n<p>Jos\u00e9 Cleto dos Santos Filho<\/p>\n<\/div>\n<div class='share-to-whatsapp-wrapper'><div class='share-on-whsp'>Share on: <\/div><a data-text='\"Aguardarei com resili\u00eancia\", diz vereador Cleto da Banana sobre a\u00e7\u00e3o popular que pede nova elei\u00e7\u00e3o para mesa diretora da C\u00e2mara de Alagoinhas' data-link='https:\/\/newsinfoco.com.br\/inicio\/aguardarei-com-resiliencia-diz-vereador-cleto-da-banana-sobre-acao-popular-que-pede-nova-eleicao-para-mesa-diretora-da-camara-de-alagoinhas\/' class='whatsapp-button whatsapp-share'>WhatsApp<\/a><div class='clear '><\/div><\/div>","protected":false},"excerpt":{"rendered":"<p>O vereador Cleto da Banana acaba de se manifestar sobre seu afastamento cautelar da presid\u00eancia da C\u00e2mara de Vereadores de Alagoinhas, determinado pela 1\u00aa Vara da Fazenda P\u00fablica de Alagoinhas. A decis\u00e3o assinada pelo juiz Ant\u00f4nio de P\u00e1dua atende a um pedido constante na a\u00e7\u00e3o popular protocolada por integrantes do partido Novo que questionam a [&hellip;]<\/p>\n","protected":false},"author":1,"featured_media":44455,"comment_status":"closed","ping_status":"closed","sticky":false,"template":"","format":"standard","meta":{"om_disable_all_campaigns":false,"rop_custom_images_group":[],"rop_custom_messages_group":[],"rop_publish_now":"initial","rop_publish_now_accounts":[],"rop_publish_now_history":[],"rop_publish_now_status":"pending","_exactmetrics_skip_tracking":false,"footnotes":""},"categories":[38,167],"tags":[],"class_list":["post-44454","post","type-post","status-publish","format-standard","has-post-thumbnail","hentry","category-alagoinhas-e-regiao","category-exclusivas"],"aioseo_notices":[],"aioseo_head":"\n\t\t<!-- All in One SEO 4.9.10 - aioseo.com -->\n\t<meta name=\"description\" content=\"O vereador Cleto da Banana acaba de se manifestar sobre seu afastamento cautelar da presid\u00eancia da C\u00e2mara de Vereadores de Alagoinhas, determinado pela 1\u00aa Vara da Fazenda P\u00fablica de Alagoinhas. A decis\u00e3o assinada pelo juiz Ant\u00f4nio de P\u00e1dua atende a um pedido constante na a\u00e7\u00e3o popular protocolada por integrantes do partido Novo que questionam a\" \/>\n\t<meta name=\"robots\" content=\"max-image-preview:large\" \/>\n\t<meta name=\"author\" content=\"administrador\"\/>\n\t<link rel=\"canonical\" href=\"https:\/\/newsinfoco.com.br\/inicio\/aguardarei-com-resiliencia-diz-vereador-cleto-da-banana-sobre-acao-popular-que-pede-nova-eleicao-para-mesa-diretora-da-camara-de-alagoinhas\/\" \/>\n\t<meta name=\"generator\" content=\"All in One SEO (AIOSEO) 4.9.10\" \/>\n\t\t<meta property=\"og:locale\" content=\"pt_BR\" \/>\n\t\t<meta property=\"og:site_name\" content=\"News In Foco - Editado por Caio Pimenta - O principal site de noticias de Alagoinhas e regi\u00e3o\" \/>\n\t\t<meta property=\"og:type\" content=\"article\" \/>\n\t\t<meta property=\"og:title\" content=\"\u201cAguardarei com resili\u00eancia\u201d, diz vereador Cleto da Banana sobre a\u00e7\u00e3o popular que pede nova elei\u00e7\u00e3o para mesa diretora da C\u00e2mara de Alagoinhas - News In Foco - Editado por Caio Pimenta\" \/>\n\t\t<meta property=\"og:description\" content=\"O vereador Cleto da Banana acaba de se manifestar sobre seu afastamento cautelar da presid\u00eancia da C\u00e2mara de Vereadores de Alagoinhas, determinado pela 1\u00aa Vara da Fazenda P\u00fablica de Alagoinhas. A decis\u00e3o assinada pelo juiz Ant\u00f4nio de P\u00e1dua atende a um pedido constante na a\u00e7\u00e3o popular protocolada por integrantes do partido Novo que questionam a\" \/>\n\t\t<meta property=\"og:url\" content=\"https:\/\/newsinfoco.com.br\/inicio\/aguardarei-com-resiliencia-diz-vereador-cleto-da-banana-sobre-acao-popular-que-pede-nova-eleicao-para-mesa-diretora-da-camara-de-alagoinhas\/\" \/>\n\t\t<meta property=\"article:published_time\" content=\"2025-08-20T17:51:57+00:00\" \/>\n\t\t<meta property=\"article:modified_time\" content=\"2025-08-20T19:35:32+00:00\" \/>\n\t\t<meta name=\"twitter:card\" content=\"summary_large_image\" \/>\n\t\t<meta name=\"twitter:title\" content=\"\u201cAguardarei com resili\u00eancia\u201d, diz vereador Cleto da Banana sobre a\u00e7\u00e3o popular que pede nova elei\u00e7\u00e3o para mesa diretora da C\u00e2mara de Alagoinhas - News In Foco - Editado por Caio Pimenta\" \/>\n\t\t<meta name=\"twitter:description\" content=\"O vereador Cleto da Banana acaba de se manifestar sobre seu afastamento cautelar da presid\u00eancia da C\u00e2mara de Vereadores de Alagoinhas, determinado pela 1\u00aa Vara da Fazenda P\u00fablica de Alagoinhas. A decis\u00e3o assinada pelo juiz Ant\u00f4nio de P\u00e1dua atende a um pedido constante na a\u00e7\u00e3o popular protocolada por integrantes do partido Novo que questionam a\" \/>\n\t\t<script type=\"application\/ld+json\" class=\"aioseo-schema\">\n\t\t\t{\"@context\":\"https:\\\/\\\/schema.org\",\"@graph\":[{\"@type\":\"BlogPosting\",\"@id\":\"https:\\\/\\\/newsinfoco.com.br\\\/inicio\\\/aguardarei-com-resiliencia-diz-vereador-cleto-da-banana-sobre-acao-popular-que-pede-nova-eleicao-para-mesa-diretora-da-camara-de-alagoinhas\\\/#blogposting\",\"name\":\"\\u201cAguardarei com resili\\u00eancia\\u201d, diz vereador Cleto da Banana sobre a\\u00e7\\u00e3o popular que pede nova elei\\u00e7\\u00e3o para mesa diretora da C\\u00e2mara de Alagoinhas - News In Foco - Editado por Caio Pimenta\",\"headline\":\"&#8220;Aguardarei com resili\\u00eancia&#8221;, diz vereador Cleto da Banana sobre a\\u00e7\\u00e3o popular que pede nova elei\\u00e7\\u00e3o para mesa diretora da C\\u00e2mara de Alagoinhas\",\"author\":{\"@id\":\"https:\\\/\\\/newsinfoco.com.br\\\/inicio\\\/author\\\/administrador\\\/#author\"},\"publisher\":{\"@id\":\"https:\\\/\\\/newsinfoco.com.br\\\/inicio\\\/#organization\"},\"image\":{\"@type\":\"ImageObject\",\"url\":\"https:\\\/\\\/newsinfoco.com.br\\\/inicio\\\/wp-content\\\/uploads\\\/2025\\\/08\\\/baixados-43.jpg\",\"width\":248,\"height\":203},\"datePublished\":\"2025-08-20T14:51:57-03:00\",\"dateModified\":\"2025-08-20T16:35:32-03:00\",\"inLanguage\":\"pt-BR\",\"mainEntityOfPage\":{\"@id\":\"https:\\\/\\\/newsinfoco.com.br\\\/inicio\\\/aguardarei-com-resiliencia-diz-vereador-cleto-da-banana-sobre-acao-popular-que-pede-nova-eleicao-para-mesa-diretora-da-camara-de-alagoinhas\\\/#webpage\"},\"isPartOf\":{\"@id\":\"https:\\\/\\\/newsinfoco.com.br\\\/inicio\\\/aguardarei-com-resiliencia-diz-vereador-cleto-da-banana-sobre-acao-popular-que-pede-nova-eleicao-para-mesa-diretora-da-camara-de-alagoinhas\\\/#webpage\"},\"articleSection\":\"Alagoinhas e Regi\\u00e3o, Manchete\"},{\"@type\":\"BreadcrumbList\",\"@id\":\"https:\\\/\\\/newsinfoco.com.br\\\/inicio\\\/aguardarei-com-resiliencia-diz-vereador-cleto-da-banana-sobre-acao-popular-que-pede-nova-eleicao-para-mesa-diretora-da-camara-de-alagoinhas\\\/#breadcrumblist\",\"itemListElement\":[{\"@type\":\"ListItem\",\"@id\":\"https:\\\/\\\/newsinfoco.com.br\\\/inicio#listItem\",\"position\":1,\"name\":\"In\\u00edcio\",\"item\":\"https:\\\/\\\/newsinfoco.com.br\\\/inicio\",\"nextItem\":{\"@type\":\"ListItem\",\"@id\":\"https:\\\/\\\/newsinfoco.com.br\\\/inicio\\\/category\\\/alagoinhas-e-regiao\\\/#listItem\",\"name\":\"Alagoinhas e Regi\\u00e3o\"}},{\"@type\":\"ListItem\",\"@id\":\"https:\\\/\\\/newsinfoco.com.br\\\/inicio\\\/category\\\/alagoinhas-e-regiao\\\/#listItem\",\"position\":2,\"name\":\"Alagoinhas e Regi\\u00e3o\",\"item\":\"https:\\\/\\\/newsinfoco.com.br\\\/inicio\\\/category\\\/alagoinhas-e-regiao\\\/\",\"nextItem\":{\"@type\":\"ListItem\",\"@id\":\"https:\\\/\\\/newsinfoco.com.br\\\/inicio\\\/aguardarei-com-resiliencia-diz-vereador-cleto-da-banana-sobre-acao-popular-que-pede-nova-eleicao-para-mesa-diretora-da-camara-de-alagoinhas\\\/#listItem\",\"name\":\"&#8220;Aguardarei com resili\\u00eancia&#8221;, diz vereador Cleto da Banana sobre a\\u00e7\\u00e3o popular que pede nova elei\\u00e7\\u00e3o para mesa diretora da C\\u00e2mara de Alagoinhas\"},\"previousItem\":{\"@type\":\"ListItem\",\"@id\":\"https:\\\/\\\/newsinfoco.com.br\\\/inicio#listItem\",\"name\":\"In\\u00edcio\"}},{\"@type\":\"ListItem\",\"@id\":\"https:\\\/\\\/newsinfoco.com.br\\\/inicio\\\/aguardarei-com-resiliencia-diz-vereador-cleto-da-banana-sobre-acao-popular-que-pede-nova-eleicao-para-mesa-diretora-da-camara-de-alagoinhas\\\/#listItem\",\"position\":3,\"name\":\"&#8220;Aguardarei com resili\\u00eancia&#8221;, diz vereador Cleto da Banana sobre a\\u00e7\\u00e3o popular que pede nova elei\\u00e7\\u00e3o para mesa diretora da C\\u00e2mara de Alagoinhas\",\"previousItem\":{\"@type\":\"ListItem\",\"@id\":\"https:\\\/\\\/newsinfoco.com.br\\\/inicio\\\/category\\\/alagoinhas-e-regiao\\\/#listItem\",\"name\":\"Alagoinhas e Regi\\u00e3o\"}}]},{\"@type\":\"Organization\",\"@id\":\"https:\\\/\\\/newsinfoco.com.br\\\/inicio\\\/#organization\",\"name\":\"News In Foco - Editado por Caio Pimenta\",\"description\":\"O principal site de noticias de Alagoinhas e regi\\u00e3o\",\"url\":\"https:\\\/\\\/newsinfoco.com.br\\\/inicio\\\/\"},{\"@type\":\"Person\",\"@id\":\"https:\\\/\\\/newsinfoco.com.br\\\/inicio\\\/author\\\/administrador\\\/#author\",\"url\":\"https:\\\/\\\/newsinfoco.com.br\\\/inicio\\\/author\\\/administrador\\\/\",\"name\":\"administrador\",\"image\":{\"@type\":\"ImageObject\",\"@id\":\"https:\\\/\\\/newsinfoco.com.br\\\/inicio\\\/aguardarei-com-resiliencia-diz-vereador-cleto-da-banana-sobre-acao-popular-que-pede-nova-eleicao-para-mesa-diretora-da-camara-de-alagoinhas\\\/#authorImage\",\"url\":\"https:\\\/\\\/secure.gravatar.com\\\/avatar\\\/c17a617433de8c1dc9584bb79aab7563b46f5bb7e1728c9b17d9cc3ce6a08e49?s=96&d=mm&r=g\",\"width\":96,\"height\":96,\"caption\":\"administrador\"}},{\"@type\":\"WebPage\",\"@id\":\"https:\\\/\\\/newsinfoco.com.br\\\/inicio\\\/aguardarei-com-resiliencia-diz-vereador-cleto-da-banana-sobre-acao-popular-que-pede-nova-eleicao-para-mesa-diretora-da-camara-de-alagoinhas\\\/#webpage\",\"url\":\"https:\\\/\\\/newsinfoco.com.br\\\/inicio\\\/aguardarei-com-resiliencia-diz-vereador-cleto-da-banana-sobre-acao-popular-que-pede-nova-eleicao-para-mesa-diretora-da-camara-de-alagoinhas\\\/\",\"name\":\"\\u201cAguardarei com resili\\u00eancia\\u201d, diz vereador Cleto da Banana sobre a\\u00e7\\u00e3o popular que pede nova elei\\u00e7\\u00e3o para mesa diretora da C\\u00e2mara de Alagoinhas - News In Foco - Editado por Caio Pimenta\",\"description\":\"O vereador Cleto da Banana acaba de se manifestar sobre seu afastamento cautelar da presid\\u00eancia da C\\u00e2mara de Vereadores de Alagoinhas, determinado pela 1\\u00aa Vara da Fazenda P\\u00fablica de Alagoinhas. A decis\\u00e3o assinada pelo juiz Ant\\u00f4nio de P\\u00e1dua atende a um pedido constante na a\\u00e7\\u00e3o popular protocolada por integrantes do partido Novo que questionam a\",\"inLanguage\":\"pt-BR\",\"isPartOf\":{\"@id\":\"https:\\\/\\\/newsinfoco.com.br\\\/inicio\\\/#website\"},\"breadcrumb\":{\"@id\":\"https:\\\/\\\/newsinfoco.com.br\\\/inicio\\\/aguardarei-com-resiliencia-diz-vereador-cleto-da-banana-sobre-acao-popular-que-pede-nova-eleicao-para-mesa-diretora-da-camara-de-alagoinhas\\\/#breadcrumblist\"},\"author\":{\"@id\":\"https:\\\/\\\/newsinfoco.com.br\\\/inicio\\\/author\\\/administrador\\\/#author\"},\"creator\":{\"@id\":\"https:\\\/\\\/newsinfoco.com.br\\\/inicio\\\/author\\\/administrador\\\/#author\"},\"image\":{\"@type\":\"ImageObject\",\"url\":\"https:\\\/\\\/newsinfoco.com.br\\\/inicio\\\/wp-content\\\/uploads\\\/2025\\\/08\\\/baixados-43.jpg\",\"@id\":\"https:\\\/\\\/newsinfoco.com.br\\\/inicio\\\/aguardarei-com-resiliencia-diz-vereador-cleto-da-banana-sobre-acao-popular-que-pede-nova-eleicao-para-mesa-diretora-da-camara-de-alagoinhas\\\/#mainImage\",\"width\":248,\"height\":203},\"primaryImageOfPage\":{\"@id\":\"https:\\\/\\\/newsinfoco.com.br\\\/inicio\\\/aguardarei-com-resiliencia-diz-vereador-cleto-da-banana-sobre-acao-popular-que-pede-nova-eleicao-para-mesa-diretora-da-camara-de-alagoinhas\\\/#mainImage\"},\"datePublished\":\"2025-08-20T14:51:57-03:00\",\"dateModified\":\"2025-08-20T16:35:32-03:00\"},{\"@type\":\"WebSite\",\"@id\":\"https:\\\/\\\/newsinfoco.com.br\\\/inicio\\\/#website\",\"url\":\"https:\\\/\\\/newsinfoco.com.br\\\/inicio\\\/\",\"name\":\"News In Foco - Editado por Caio Pimenta\",\"description\":\"O principal site de noticias de Alagoinhas e regi\\u00e3o\",\"inLanguage\":\"pt-BR\",\"publisher\":{\"@id\":\"https:\\\/\\\/newsinfoco.com.br\\\/inicio\\\/#organization\"}}]}\n\t\t<\/script>\n\t\t<!-- All in One SEO -->\n\n","aioseo_head_json":{"title":"\u201cAguardarei com resili\u00eancia\u201d, diz vereador Cleto da Banana sobre a\u00e7\u00e3o popular que pede nova elei\u00e7\u00e3o para mesa diretora da C\u00e2mara de Alagoinhas - News In Foco - Editado por Caio Pimenta","description":"O vereador Cleto da Banana acaba de se manifestar sobre seu afastamento cautelar da presid\u00eancia da C\u00e2mara de Vereadores de Alagoinhas, determinado pela 1\u00aa Vara da Fazenda P\u00fablica de Alagoinhas. A decis\u00e3o assinada pelo juiz Ant\u00f4nio de P\u00e1dua atende a um pedido constante na a\u00e7\u00e3o popular protocolada por integrantes do partido Novo que questionam a","canonical_url":"https:\/\/newsinfoco.com.br\/inicio\/aguardarei-com-resiliencia-diz-vereador-cleto-da-banana-sobre-acao-popular-que-pede-nova-eleicao-para-mesa-diretora-da-camara-de-alagoinhas\/","robots":"max-image-preview:large","keywords":"","webmasterTools":{"miscellaneous":""},"schema":{"@context":"https:\/\/schema.org","@graph":[{"@type":"BlogPosting","@id":"https:\/\/newsinfoco.com.br\/inicio\/aguardarei-com-resiliencia-diz-vereador-cleto-da-banana-sobre-acao-popular-que-pede-nova-eleicao-para-mesa-diretora-da-camara-de-alagoinhas\/#blogposting","name":"\u201cAguardarei com resili\u00eancia\u201d, diz vereador Cleto da Banana sobre a\u00e7\u00e3o popular que pede nova elei\u00e7\u00e3o para mesa diretora da C\u00e2mara de Alagoinhas - News In Foco - Editado por Caio Pimenta","headline":"&#8220;Aguardarei com resili\u00eancia&#8221;, diz vereador Cleto da Banana sobre a\u00e7\u00e3o popular que pede nova elei\u00e7\u00e3o para mesa diretora da C\u00e2mara de Alagoinhas","author":{"@id":"https:\/\/newsinfoco.com.br\/inicio\/author\/administrador\/#author"},"publisher":{"@id":"https:\/\/newsinfoco.com.br\/inicio\/#organization"},"image":{"@type":"ImageObject","url":"https:\/\/newsinfoco.com.br\/inicio\/wp-content\/uploads\/2025\/08\/baixados-43.jpg","width":248,"height":203},"datePublished":"2025-08-20T14:51:57-03:00","dateModified":"2025-08-20T16:35:32-03:00","inLanguage":"pt-BR","mainEntityOfPage":{"@id":"https:\/\/newsinfoco.com.br\/inicio\/aguardarei-com-resiliencia-diz-vereador-cleto-da-banana-sobre-acao-popular-que-pede-nova-eleicao-para-mesa-diretora-da-camara-de-alagoinhas\/#webpage"},"isPartOf":{"@id":"https:\/\/newsinfoco.com.br\/inicio\/aguardarei-com-resiliencia-diz-vereador-cleto-da-banana-sobre-acao-popular-que-pede-nova-eleicao-para-mesa-diretora-da-camara-de-alagoinhas\/#webpage"},"articleSection":"Alagoinhas e Regi\u00e3o, Manchete"},{"@type":"BreadcrumbList","@id":"https:\/\/newsinfoco.com.br\/inicio\/aguardarei-com-resiliencia-diz-vereador-cleto-da-banana-sobre-acao-popular-que-pede-nova-eleicao-para-mesa-diretora-da-camara-de-alagoinhas\/#breadcrumblist","itemListElement":[{"@type":"ListItem","@id":"https:\/\/newsinfoco.com.br\/inicio#listItem","position":1,"name":"In\u00edcio","item":"https:\/\/newsinfoco.com.br\/inicio","nextItem":{"@type":"ListItem","@id":"https:\/\/newsinfoco.com.br\/inicio\/category\/alagoinhas-e-regiao\/#listItem","name":"Alagoinhas e Regi\u00e3o"}},{"@type":"ListItem","@id":"https:\/\/newsinfoco.com.br\/inicio\/category\/alagoinhas-e-regiao\/#listItem","position":2,"name":"Alagoinhas e Regi\u00e3o","item":"https:\/\/newsinfoco.com.br\/inicio\/category\/alagoinhas-e-regiao\/","nextItem":{"@type":"ListItem","@id":"https:\/\/newsinfoco.com.br\/inicio\/aguardarei-com-resiliencia-diz-vereador-cleto-da-banana-sobre-acao-popular-que-pede-nova-eleicao-para-mesa-diretora-da-camara-de-alagoinhas\/#listItem","name":"&#8220;Aguardarei com resili\u00eancia&#8221;, diz vereador Cleto da Banana sobre a\u00e7\u00e3o popular que pede nova elei\u00e7\u00e3o para mesa diretora da C\u00e2mara de Alagoinhas"},"previousItem":{"@type":"ListItem","@id":"https:\/\/newsinfoco.com.br\/inicio#listItem","name":"In\u00edcio"}},{"@type":"ListItem","@id":"https:\/\/newsinfoco.com.br\/inicio\/aguardarei-com-resiliencia-diz-vereador-cleto-da-banana-sobre-acao-popular-que-pede-nova-eleicao-para-mesa-diretora-da-camara-de-alagoinhas\/#listItem","position":3,"name":"&#8220;Aguardarei com resili\u00eancia&#8221;, diz vereador Cleto da Banana sobre a\u00e7\u00e3o popular que pede nova elei\u00e7\u00e3o para mesa diretora da C\u00e2mara de Alagoinhas","previousItem":{"@type":"ListItem","@id":"https:\/\/newsinfoco.com.br\/inicio\/category\/alagoinhas-e-regiao\/#listItem","name":"Alagoinhas e Regi\u00e3o"}}]},{"@type":"Organization","@id":"https:\/\/newsinfoco.com.br\/inicio\/#organization","name":"News In Foco - Editado por Caio Pimenta","description":"O principal site de noticias de Alagoinhas e regi\u00e3o","url":"https:\/\/newsinfoco.com.br\/inicio\/"},{"@type":"Person","@id":"https:\/\/newsinfoco.com.br\/inicio\/author\/administrador\/#author","url":"https:\/\/newsinfoco.com.br\/inicio\/author\/administrador\/","name":"administrador","image":{"@type":"ImageObject","@id":"https:\/\/newsinfoco.com.br\/inicio\/aguardarei-com-resiliencia-diz-vereador-cleto-da-banana-sobre-acao-popular-que-pede-nova-eleicao-para-mesa-diretora-da-camara-de-alagoinhas\/#authorImage","url":"https:\/\/secure.gravatar.com\/avatar\/c17a617433de8c1dc9584bb79aab7563b46f5bb7e1728c9b17d9cc3ce6a08e49?s=96&d=mm&r=g","width":96,"height":96,"caption":"administrador"}},{"@type":"WebPage","@id":"https:\/\/newsinfoco.com.br\/inicio\/aguardarei-com-resiliencia-diz-vereador-cleto-da-banana-sobre-acao-popular-que-pede-nova-eleicao-para-mesa-diretora-da-camara-de-alagoinhas\/#webpage","url":"https:\/\/newsinfoco.com.br\/inicio\/aguardarei-com-resiliencia-diz-vereador-cleto-da-banana-sobre-acao-popular-que-pede-nova-eleicao-para-mesa-diretora-da-camara-de-alagoinhas\/","name":"\u201cAguardarei com resili\u00eancia\u201d, diz vereador Cleto da Banana sobre a\u00e7\u00e3o popular que pede nova elei\u00e7\u00e3o para mesa diretora da C\u00e2mara de Alagoinhas - News In Foco - Editado por Caio Pimenta","description":"O vereador Cleto da Banana acaba de se manifestar sobre seu afastamento cautelar da presid\u00eancia da C\u00e2mara de Vereadores de Alagoinhas, determinado pela 1\u00aa Vara da Fazenda P\u00fablica de Alagoinhas. A decis\u00e3o assinada pelo juiz Ant\u00f4nio de P\u00e1dua atende a um pedido constante na a\u00e7\u00e3o popular protocolada por integrantes do partido Novo que questionam a","inLanguage":"pt-BR","isPartOf":{"@id":"https:\/\/newsinfoco.com.br\/inicio\/#website"},"breadcrumb":{"@id":"https:\/\/newsinfoco.com.br\/inicio\/aguardarei-com-resiliencia-diz-vereador-cleto-da-banana-sobre-acao-popular-que-pede-nova-eleicao-para-mesa-diretora-da-camara-de-alagoinhas\/#breadcrumblist"},"author":{"@id":"https:\/\/newsinfoco.com.br\/inicio\/author\/administrador\/#author"},"creator":{"@id":"https:\/\/newsinfoco.com.br\/inicio\/author\/administrador\/#author"},"image":{"@type":"ImageObject","url":"https:\/\/newsinfoco.com.br\/inicio\/wp-content\/uploads\/2025\/08\/baixados-43.jpg","@id":"https:\/\/newsinfoco.com.br\/inicio\/aguardarei-com-resiliencia-diz-vereador-cleto-da-banana-sobre-acao-popular-que-pede-nova-eleicao-para-mesa-diretora-da-camara-de-alagoinhas\/#mainImage","width":248,"height":203},"primaryImageOfPage":{"@id":"https:\/\/newsinfoco.com.br\/inicio\/aguardarei-com-resiliencia-diz-vereador-cleto-da-banana-sobre-acao-popular-que-pede-nova-eleicao-para-mesa-diretora-da-camara-de-alagoinhas\/#mainImage"},"datePublished":"2025-08-20T14:51:57-03:00","dateModified":"2025-08-20T16:35:32-03:00"},{"@type":"WebSite","@id":"https:\/\/newsinfoco.com.br\/inicio\/#website","url":"https:\/\/newsinfoco.com.br\/inicio\/","name":"News In Foco - Editado por Caio Pimenta","description":"O principal site de noticias de Alagoinhas e regi\u00e3o","inLanguage":"pt-BR","publisher":{"@id":"https:\/\/newsinfoco.com.br\/inicio\/#organization"}}]},"og:locale":"pt_BR","og:site_name":"News In Foco - Editado por Caio Pimenta - O principal site de noticias de Alagoinhas e regi\u00e3o","og:type":"article","og:title":"\u201cAguardarei com resili\u00eancia\u201d, diz vereador Cleto da Banana sobre a\u00e7\u00e3o popular que pede nova elei\u00e7\u00e3o para mesa diretora da C\u00e2mara de Alagoinhas - News In Foco - Editado por Caio Pimenta","og:description":"O vereador Cleto da Banana acaba de se manifestar sobre seu afastamento cautelar da presid\u00eancia da C\u00e2mara de Vereadores de Alagoinhas, determinado pela 1\u00aa Vara da Fazenda P\u00fablica de Alagoinhas. A decis\u00e3o assinada pelo juiz Ant\u00f4nio de P\u00e1dua atende a um pedido constante na a\u00e7\u00e3o popular protocolada por integrantes do partido Novo que questionam a","og:url":"https:\/\/newsinfoco.com.br\/inicio\/aguardarei-com-resiliencia-diz-vereador-cleto-da-banana-sobre-acao-popular-que-pede-nova-eleicao-para-mesa-diretora-da-camara-de-alagoinhas\/","article:published_time":"2025-08-20T17:51:57+00:00","article:modified_time":"2025-08-20T19:35:32+00:00","twitter:card":"summary_large_image","twitter:title":"\u201cAguardarei com resili\u00eancia\u201d, diz vereador Cleto da Banana sobre a\u00e7\u00e3o popular que pede nova elei\u00e7\u00e3o para mesa diretora da C\u00e2mara de Alagoinhas - News In Foco - Editado por Caio Pimenta","twitter:description":"O vereador Cleto da Banana acaba de se manifestar sobre seu afastamento cautelar da presid\u00eancia da C\u00e2mara de Vereadores de Alagoinhas, determinado pela 1\u00aa Vara da Fazenda P\u00fablica de Alagoinhas. A decis\u00e3o assinada pelo juiz Ant\u00f4nio de P\u00e1dua atende a um pedido constante na a\u00e7\u00e3o popular protocolada por integrantes do partido Novo que questionam a"},"aioseo_meta_data":{"post_id":"44454","title":null,"description":null,"keywords":null,"keyphrases":{"focus":{"keyphrase":"","score":0,"analysis":{"keyphraseInTitle":{"score":0,"maxScore":9,"error":1}}},"additional":[]},"primary_term":null,"canonical_url":null,"og_title":null,"og_description":null,"og_object_type":"default","og_image_type":"default","og_image_url":null,"og_image_width":null,"og_image_height":null,"og_image_custom_url":null,"og_image_custom_fields":null,"og_video":"","og_custom_url":null,"og_article_section":null,"og_article_tags":null,"twitter_use_og":false,"twitter_card":"default","twitter_image_type":"default","twitter_image_url":null,"twitter_image_custom_url":null,"twitter_image_custom_fields":null,"twitter_title":null,"twitter_description":null,"schema":{"blockGraphs":[],"customGraphs":[],"default":{"data":{"Article":[],"Course":[],"Dataset":[],"FAQPage":[],"Movie":[],"Person":[],"Product":[],"ProductReview":[],"Car":[],"Recipe":[],"Service":[],"SoftwareApplication":[],"WebPage":[]},"graphName":"BlogPosting","isEnabled":true},"graphs":[]},"schema_type":"default","schema_type_options":null,"pillar_content":false,"robots_default":true,"robots_noindex":false,"robots_noarchive":false,"robots_nosnippet":false,"robots_nofollow":false,"robots_noimageindex":false,"robots_noodp":false,"robots_notranslate":false,"robots_max_snippet":"-1","robots_max_videopreview":"-1","robots_max_imagepreview":"large","priority":null,"frequency":"default","local_seo":null,"breadcrumb_settings":null,"limit_modified_date":false,"ai":{"faqs":[],"keyPoints":[],"titles":[],"descriptions":[],"socialPosts":{"email":[],"linkedin":[],"twitter":[],"facebook":[],"instagram":[]}},"created":"2025-08-20 17:51:57","updated":"2025-08-20 19:44:44","seo_analyzer_scan_date":null},"aioseo_breadcrumb":"<div class=\"aioseo-breadcrumbs\"><span class=\"aioseo-breadcrumb\">\n\t\t\t<a href=\"https:\/\/newsinfoco.com.br\/inicio\" title=\"In\u00edcio\">In\u00edcio<\/a>\n\t\t<\/span><span class=\"aioseo-breadcrumb-separator\">&raquo;<\/span><span class=\"aioseo-breadcrumb\">\n\t\t\t<a href=\"https:\/\/newsinfoco.com.br\/inicio\/category\/alagoinhas-e-regiao\/\" title=\"Alagoinhas e Regi\u00e3o\">Alagoinhas e Regi\u00e3o<\/a>\n\t\t<\/span><span class=\"aioseo-breadcrumb-separator\">&raquo;<\/span><span class=\"aioseo-breadcrumb\">\n\t\t\t\u201cAguardarei com resili\u00eancia\u201d, diz vereador Cleto da Banana sobre a\u00e7\u00e3o popular que pede nova elei\u00e7\u00e3o para mesa diretora da C\u00e2mara de Alagoinhas\n\t\t<\/span><\/div>","aioseo_breadcrumb_json":[{"label":"In\u00edcio","link":"https:\/\/newsinfoco.com.br\/inicio"},{"label":"Alagoinhas e Regi\u00e3o","link":"https:\/\/newsinfoco.com.br\/inicio\/category\/alagoinhas-e-regiao\/"},{"label":"&#8220;Aguardarei com resili\u00eancia&#8221;, diz vereador Cleto da Banana sobre a\u00e7\u00e3o popular que pede nova elei\u00e7\u00e3o para mesa diretora da C\u00e2mara de Alagoinhas","link":"https:\/\/newsinfoco.com.br\/inicio\/aguardarei-com-resiliencia-diz-vereador-cleto-da-banana-sobre-acao-popular-que-pede-nova-eleicao-para-mesa-diretora-da-camara-de-alagoinhas\/"}],"_links":{"self":[{"href":"https:\/\/newsinfoco.com.br\/inicio\/wp-json\/wp\/v2\/posts\/44454","targetHints":{"allow":["GET"]}}],"collection":[{"href":"https:\/\/newsinfoco.com.br\/inicio\/wp-json\/wp\/v2\/posts"}],"about":[{"href":"https:\/\/newsinfoco.com.br\/inicio\/wp-json\/wp\/v2\/types\/post"}],"author":[{"embeddable":true,"href":"https:\/\/newsinfoco.com.br\/inicio\/wp-json\/wp\/v2\/users\/1"}],"replies":[{"embeddable":true,"href":"https:\/\/newsinfoco.com.br\/inicio\/wp-json\/wp\/v2\/comments?post=44454"}],"version-history":[{"count":16,"href":"https:\/\/newsinfoco.com.br\/inicio\/wp-json\/wp\/v2\/posts\/44454\/revisions"}],"predecessor-version":[{"id":44471,"href":"https:\/\/newsinfoco.com.br\/inicio\/wp-json\/wp\/v2\/posts\/44454\/revisions\/44471"}],"wp:featuredmedia":[{"embeddable":true,"href":"https:\/\/newsinfoco.com.br\/inicio\/wp-json\/wp\/v2\/media\/44455"}],"wp:attachment":[{"href":"https:\/\/newsinfoco.com.br\/inicio\/wp-json\/wp\/v2\/media?parent=44454"}],"wp:term":[{"taxonomy":"category","embeddable":true,"href":"https:\/\/newsinfoco.com.br\/inicio\/wp-json\/wp\/v2\/categories?post=44454"},{"taxonomy":"post_tag","embeddable":true,"href":"https:\/\/newsinfoco.com.br\/inicio\/wp-json\/wp\/v2\/tags?post=44454"}],"curies":[{"name":"wp","href":"https:\/\/api.w.org\/{rel}","templated":true}]}}