{"id":44472,"date":"2025-08-20T21:46:59","date_gmt":"2025-08-21T00:46:59","guid":{"rendered":"https:\/\/newsinfoco.com.br\/inicio\/?p=44472"},"modified":"2025-08-20T21:46:59","modified_gmt":"2025-08-21T00:46:59","slug":"acao-popular-de-integrantes-do-partido-novo-coloca-camara-de-alagoinhas-contra-a-parede-por-caio-pimenta","status":"publish","type":"post","link":"https:\/\/newsinfoco.com.br\/inicio\/acao-popular-de-integrantes-do-partido-novo-coloca-camara-de-alagoinhas-contra-a-parede-por-caio-pimenta\/","title":{"rendered":"A\u00e7\u00e3o popular de integrantes do Partido Novo coloca integrantes da C\u00e2mara de Alagoinhas contra a parede &#8211; Por Caio Pimenta"},"content":{"rendered":"<p>A decis\u00e3o liminar expedida pela Justi\u00e7a que afasta, mesmo que momentaneamente, o presidente da C\u00e2mara Municipal de Alagoinhas, Cleto da Banana, \u00e9 sem sombra de d\u00favidas um dos maiores fatos pol\u00edticos que a cidade j\u00e1 assistiu.<\/p>\n<p>Coube a um quarteto de homens filiados ao partido Novo, sigla que n\u00e3o elegeu sequer um representante na Casa Legislativa na \u00faltima elei\u00e7\u00e3o, aplicar um forte golpe ao grande acord\u00e3o de 17 vereadores que ungiram Cleto ao seu terceiro mandato consecutivo, apesar das cr\u00edticas da opini\u00e3o p\u00fablica a \u00e9poca.<\/p>\n<p>Tudo bem, a decis\u00e3o da Justi\u00e7a, por enquanto \u00e9 cautelar, e ningu\u00e9m sabe se ser\u00e1 suspensa por instancias superiores, ou mesmo se a decis\u00e3o ser\u00e1 mantida quando chegar a hora de se analisar o m\u00e9rito da a\u00e7\u00e3o, mas isso torna-se at\u00e9 uma quest\u00e3o secund\u00e1ria, diante do teor politico que ela se reveste. A a\u00e7\u00e3o popular que pede a invalida\u00e7\u00e3o da elei\u00e7\u00e3o que elegeu a atual mesa diretora atinge, n\u00e3o s\u00f3 Cleto da Banana, mas toda a C\u00e2mara Municipal.<\/p>\n<p>A base, liderada pelo vereador Jos\u00e9 Ed\u00e9sio, j\u00e1 acusada por alguns de fechar os olhos para os problemas advindos do executivo, passa a ser cobrada tamb\u00e9m por participar de uma ato, que antes percebido por muitos como imoral, agora passa a ser visto como inconstitucional.<\/p>\n<p>J\u00e1 a oposi\u00e7\u00e3o, liderada por Luma Menezes, que poderia estar agora ao lado do Novo surfando na onda, paga a fatura em dobro. Primeiro por apoiar um integrante da base do governo(Cleto da Banana) para lidera-los, segundo por n\u00e3o se apropriar do manto da contesta\u00e7\u00e3o, que \u00e9 o que sempre se espera de uma oposi\u00e7\u00e3o.<\/p>\n<p>O caso especifico da vereadora Luma Menezes \u00e9 ainda mais complicado, como ela ainda manter\u00e1 o discurso de uma politica nova, quando suas rela\u00e7\u00f5es com as velhas pr\u00e1ticas e figuras politicas est\u00e3o t\u00e3o evidentes(alian\u00e7a com Paulo Cezar, Paulo Azi, Cleto da Banana&#8230;)?!<\/p>\n<p>Grande dessa hist\u00f3ria toda sair\u00e1 o partido Novo. Ao se distanciar do status cuo, se aproxima do que uma grande parte do eleitorado anseia. Ao n\u00e3o ter apoio de nenhum parlamentar, nem mesmo da oposi\u00e7\u00e3o, em sua empreitada, joga todos os integrantes da Casa Legislativa em uma vala comum, e podem se apresentar como alternativa vi\u00e1vel de enfrentamento aos interesses da classe politica dominante.<\/p>\n<p><strong>Escrito por Caio Pimenta, advogado, \u00e2ncora do programa Primeira M\u00e3o, da radio Ouro Negro 100,5 FM. Ele tamb\u00e9m escreve sua coluna no site News Infoco, do qual \u00e9 editor- chefe e dirige a radio web 2 de julho.<\/strong><\/p>\n<div class='share-to-whatsapp-wrapper'><div class='share-on-whsp'>Share on: <\/div><a data-text='A\u00e7\u00e3o popular de integrantes do Partido Novo coloca integrantes da C\u00e2mara de Alagoinhas contra a parede - Por Caio Pimenta' data-link='https:\/\/newsinfoco.com.br\/inicio\/acao-popular-de-integrantes-do-partido-novo-coloca-camara-de-alagoinhas-contra-a-parede-por-caio-pimenta\/' class='whatsapp-button whatsapp-share'>WhatsApp<\/a><div class='clear '><\/div><\/div>","protected":false},"excerpt":{"rendered":"<p>A decis\u00e3o liminar expedida pela Justi\u00e7a que afasta, mesmo que momentaneamente, o presidente da C\u00e2mara Municipal de Alagoinhas, Cleto da Banana, \u00e9 sem sombra de d\u00favidas um dos maiores fatos pol\u00edticos que a cidade j\u00e1 assistiu. Coube a um quarteto de homens filiados ao partido Novo, sigla que n\u00e3o elegeu sequer um representante na Casa [&hellip;]<\/p>\n","protected":false},"author":1,"featured_media":44473,"comment_status":"closed","ping_status":"closed","sticky":false,"template":"","format":"standard","meta":{"om_disable_all_campaigns":false,"rop_custom_images_group":[],"rop_custom_messages_group":[],"rop_publish_now":"initial","rop_publish_now_accounts":[],"rop_publish_now_history":[],"rop_publish_now_status":"pending","_exactmetrics_skip_tracking":false,"footnotes":""},"categories":[26],"tags":[],"class_list":["post-44472","post","type-post","status-publish","format-standard","has-post-thumbnail","hentry","category-caio-pimenta"],"aioseo_notices":[],"aioseo_head":"\n\t\t<!-- All in One SEO 4.9.10 - aioseo.com -->\n\t<meta name=\"description\" content=\"A decis\u00e3o liminar expedida pela Justi\u00e7a que afasta, mesmo que momentaneamente, o presidente da C\u00e2mara Municipal de Alagoinhas, Cleto da Banana, \u00e9 sem sombra de d\u00favidas um dos maiores fatos pol\u00edticos que a cidade j\u00e1 assistiu. Coube a um quarteto de homens filiados ao partido Novo, sigla que n\u00e3o elegeu sequer um representante na Casa\" \/>\n\t<meta name=\"robots\" content=\"max-image-preview:large\" \/>\n\t<meta name=\"author\" content=\"administrador\"\/>\n\t<link rel=\"canonical\" href=\"https:\/\/newsinfoco.com.br\/inicio\/acao-popular-de-integrantes-do-partido-novo-coloca-camara-de-alagoinhas-contra-a-parede-por-caio-pimenta\/\" \/>\n\t<meta name=\"generator\" content=\"All in One SEO (AIOSEO) 4.9.10\" \/>\n\t\t<meta property=\"og:locale\" content=\"pt_BR\" \/>\n\t\t<meta property=\"og:site_name\" content=\"News In Foco - Editado por Caio Pimenta - O principal site de noticias de Alagoinhas e regi\u00e3o\" \/>\n\t\t<meta property=\"og:type\" content=\"article\" \/>\n\t\t<meta property=\"og:title\" content=\"A\u00e7\u00e3o popular de integrantes do Partido Novo coloca integrantes da C\u00e2mara de Alagoinhas contra a parede \u2013 Por Caio Pimenta - News In Foco - Editado por Caio Pimenta\" \/>\n\t\t<meta property=\"og:description\" content=\"A decis\u00e3o liminar expedida pela Justi\u00e7a que afasta, mesmo que momentaneamente, o presidente da C\u00e2mara Municipal de Alagoinhas, Cleto da Banana, \u00e9 sem sombra de d\u00favidas um dos maiores fatos pol\u00edticos que a cidade j\u00e1 assistiu. Coube a um quarteto de homens filiados ao partido Novo, sigla que n\u00e3o elegeu sequer um representante na Casa\" \/>\n\t\t<meta property=\"og:url\" content=\"https:\/\/newsinfoco.com.br\/inicio\/acao-popular-de-integrantes-do-partido-novo-coloca-camara-de-alagoinhas-contra-a-parede-por-caio-pimenta\/\" \/>\n\t\t<meta property=\"article:published_time\" content=\"2025-08-21T00:46:59+00:00\" \/>\n\t\t<meta property=\"article:modified_time\" content=\"2025-08-21T00:46:59+00:00\" \/>\n\t\t<meta name=\"twitter:card\" content=\"summary_large_image\" \/>\n\t\t<meta name=\"twitter:title\" content=\"A\u00e7\u00e3o popular de integrantes do Partido Novo coloca integrantes da C\u00e2mara de Alagoinhas contra a parede \u2013 Por Caio Pimenta - News In Foco - Editado por Caio Pimenta\" \/>\n\t\t<meta name=\"twitter:description\" content=\"A decis\u00e3o liminar expedida pela Justi\u00e7a que afasta, mesmo que momentaneamente, o presidente da C\u00e2mara Municipal de Alagoinhas, Cleto da Banana, \u00e9 sem sombra de d\u00favidas um dos maiores fatos pol\u00edticos que a cidade j\u00e1 assistiu. Coube a um quarteto de homens filiados ao partido Novo, sigla que n\u00e3o elegeu sequer um representante na Casa\" \/>\n\t\t<script type=\"application\/ld+json\" class=\"aioseo-schema\">\n\t\t\t{\"@context\":\"https:\\\/\\\/schema.org\",\"@graph\":[{\"@type\":\"BlogPosting\",\"@id\":\"https:\\\/\\\/newsinfoco.com.br\\\/inicio\\\/acao-popular-de-integrantes-do-partido-novo-coloca-camara-de-alagoinhas-contra-a-parede-por-caio-pimenta\\\/#blogposting\",\"name\":\"A\\u00e7\\u00e3o popular de integrantes do Partido Novo coloca integrantes da C\\u00e2mara de Alagoinhas contra a parede \\u2013 Por Caio Pimenta - News In Foco - Editado por Caio Pimenta\",\"headline\":\"A\\u00e7\\u00e3o popular de integrantes do Partido Novo coloca integrantes da C\\u00e2mara de Alagoinhas contra a parede &#8211; Por Caio Pimenta\",\"author\":{\"@id\":\"https:\\\/\\\/newsinfoco.com.br\\\/inicio\\\/author\\\/administrador\\\/#author\"},\"publisher\":{\"@id\":\"https:\\\/\\\/newsinfoco.com.br\\\/inicio\\\/#organization\"},\"image\":{\"@type\":\"ImageObject\",\"url\":\"https:\\\/\\\/newsinfoco.com.br\\\/inicio\\\/wp-content\\\/uploads\\\/2025\\\/08\\\/presidencia.png\",\"width\":800,\"height\":600},\"datePublished\":\"2025-08-20T21:46:59-03:00\",\"dateModified\":\"2025-08-20T21:46:59-03:00\",\"inLanguage\":\"pt-BR\",\"mainEntityOfPage\":{\"@id\":\"https:\\\/\\\/newsinfoco.com.br\\\/inicio\\\/acao-popular-de-integrantes-do-partido-novo-coloca-camara-de-alagoinhas-contra-a-parede-por-caio-pimenta\\\/#webpage\"},\"isPartOf\":{\"@id\":\"https:\\\/\\\/newsinfoco.com.br\\\/inicio\\\/acao-popular-de-integrantes-do-partido-novo-coloca-camara-de-alagoinhas-contra-a-parede-por-caio-pimenta\\\/#webpage\"},\"articleSection\":\"Caio Pimenta\"},{\"@type\":\"BreadcrumbList\",\"@id\":\"https:\\\/\\\/newsinfoco.com.br\\\/inicio\\\/acao-popular-de-integrantes-do-partido-novo-coloca-camara-de-alagoinhas-contra-a-parede-por-caio-pimenta\\\/#breadcrumblist\",\"itemListElement\":[{\"@type\":\"ListItem\",\"@id\":\"https:\\\/\\\/newsinfoco.com.br\\\/inicio#listItem\",\"position\":1,\"name\":\"In\\u00edcio\",\"item\":\"https:\\\/\\\/newsinfoco.com.br\\\/inicio\",\"nextItem\":{\"@type\":\"ListItem\",\"@id\":\"https:\\\/\\\/newsinfoco.com.br\\\/inicio\\\/category\\\/caio-pimenta\\\/#listItem\",\"name\":\"Caio Pimenta\"}},{\"@type\":\"ListItem\",\"@id\":\"https:\\\/\\\/newsinfoco.com.br\\\/inicio\\\/category\\\/caio-pimenta\\\/#listItem\",\"position\":2,\"name\":\"Caio Pimenta\",\"item\":\"https:\\\/\\\/newsinfoco.com.br\\\/inicio\\\/category\\\/caio-pimenta\\\/\",\"nextItem\":{\"@type\":\"ListItem\",\"@id\":\"https:\\\/\\\/newsinfoco.com.br\\\/inicio\\\/acao-popular-de-integrantes-do-partido-novo-coloca-camara-de-alagoinhas-contra-a-parede-por-caio-pimenta\\\/#listItem\",\"name\":\"A\\u00e7\\u00e3o popular de integrantes do Partido Novo coloca integrantes da C\\u00e2mara de Alagoinhas contra a parede &#8211; Por Caio Pimenta\"},\"previousItem\":{\"@type\":\"ListItem\",\"@id\":\"https:\\\/\\\/newsinfoco.com.br\\\/inicio#listItem\",\"name\":\"In\\u00edcio\"}},{\"@type\":\"ListItem\",\"@id\":\"https:\\\/\\\/newsinfoco.com.br\\\/inicio\\\/acao-popular-de-integrantes-do-partido-novo-coloca-camara-de-alagoinhas-contra-a-parede-por-caio-pimenta\\\/#listItem\",\"position\":3,\"name\":\"A\\u00e7\\u00e3o popular de integrantes do Partido Novo coloca integrantes da C\\u00e2mara de Alagoinhas contra a parede &#8211; Por Caio Pimenta\",\"previousItem\":{\"@type\":\"ListItem\",\"@id\":\"https:\\\/\\\/newsinfoco.com.br\\\/inicio\\\/category\\\/caio-pimenta\\\/#listItem\",\"name\":\"Caio Pimenta\"}}]},{\"@type\":\"Organization\",\"@id\":\"https:\\\/\\\/newsinfoco.com.br\\\/inicio\\\/#organization\",\"name\":\"News In Foco - Editado por Caio Pimenta\",\"description\":\"O principal site de noticias de Alagoinhas e regi\\u00e3o\",\"url\":\"https:\\\/\\\/newsinfoco.com.br\\\/inicio\\\/\"},{\"@type\":\"Person\",\"@id\":\"https:\\\/\\\/newsinfoco.com.br\\\/inicio\\\/author\\\/administrador\\\/#author\",\"url\":\"https:\\\/\\\/newsinfoco.com.br\\\/inicio\\\/author\\\/administrador\\\/\",\"name\":\"administrador\",\"image\":{\"@type\":\"ImageObject\",\"@id\":\"https:\\\/\\\/newsinfoco.com.br\\\/inicio\\\/acao-popular-de-integrantes-do-partido-novo-coloca-camara-de-alagoinhas-contra-a-parede-por-caio-pimenta\\\/#authorImage\",\"url\":\"https:\\\/\\\/secure.gravatar.com\\\/avatar\\\/c17a617433de8c1dc9584bb79aab7563b46f5bb7e1728c9b17d9cc3ce6a08e49?s=96&d=mm&r=g\",\"width\":96,\"height\":96,\"caption\":\"administrador\"}},{\"@type\":\"WebPage\",\"@id\":\"https:\\\/\\\/newsinfoco.com.br\\\/inicio\\\/acao-popular-de-integrantes-do-partido-novo-coloca-camara-de-alagoinhas-contra-a-parede-por-caio-pimenta\\\/#webpage\",\"url\":\"https:\\\/\\\/newsinfoco.com.br\\\/inicio\\\/acao-popular-de-integrantes-do-partido-novo-coloca-camara-de-alagoinhas-contra-a-parede-por-caio-pimenta\\\/\",\"name\":\"A\\u00e7\\u00e3o popular de integrantes do Partido Novo coloca integrantes da C\\u00e2mara de Alagoinhas contra a parede \\u2013 Por Caio Pimenta - News In Foco - Editado por Caio Pimenta\",\"description\":\"A decis\\u00e3o liminar expedida pela Justi\\u00e7a que afasta, mesmo que momentaneamente, o presidente da C\\u00e2mara Municipal de Alagoinhas, Cleto da Banana, \\u00e9 sem sombra de d\\u00favidas um dos maiores fatos pol\\u00edticos que a cidade j\\u00e1 assistiu. Coube a um quarteto de homens filiados ao partido Novo, sigla que n\\u00e3o elegeu sequer um representante na Casa\",\"inLanguage\":\"pt-BR\",\"isPartOf\":{\"@id\":\"https:\\\/\\\/newsinfoco.com.br\\\/inicio\\\/#website\"},\"breadcrumb\":{\"@id\":\"https:\\\/\\\/newsinfoco.com.br\\\/inicio\\\/acao-popular-de-integrantes-do-partido-novo-coloca-camara-de-alagoinhas-contra-a-parede-por-caio-pimenta\\\/#breadcrumblist\"},\"author\":{\"@id\":\"https:\\\/\\\/newsinfoco.com.br\\\/inicio\\\/author\\\/administrador\\\/#author\"},\"creator\":{\"@id\":\"https:\\\/\\\/newsinfoco.com.br\\\/inicio\\\/author\\\/administrador\\\/#author\"},\"image\":{\"@type\":\"ImageObject\",\"url\":\"https:\\\/\\\/newsinfoco.com.br\\\/inicio\\\/wp-content\\\/uploads\\\/2025\\\/08\\\/presidencia.png\",\"@id\":\"https:\\\/\\\/newsinfoco.com.br\\\/inicio\\\/acao-popular-de-integrantes-do-partido-novo-coloca-camara-de-alagoinhas-contra-a-parede-por-caio-pimenta\\\/#mainImage\",\"width\":800,\"height\":600},\"primaryImageOfPage\":{\"@id\":\"https:\\\/\\\/newsinfoco.com.br\\\/inicio\\\/acao-popular-de-integrantes-do-partido-novo-coloca-camara-de-alagoinhas-contra-a-parede-por-caio-pimenta\\\/#mainImage\"},\"datePublished\":\"2025-08-20T21:46:59-03:00\",\"dateModified\":\"2025-08-20T21:46:59-03:00\"},{\"@type\":\"WebSite\",\"@id\":\"https:\\\/\\\/newsinfoco.com.br\\\/inicio\\\/#website\",\"url\":\"https:\\\/\\\/newsinfoco.com.br\\\/inicio\\\/\",\"name\":\"News In Foco - Editado por Caio Pimenta\",\"description\":\"O principal site de noticias de Alagoinhas e regi\\u00e3o\",\"inLanguage\":\"pt-BR\",\"publisher\":{\"@id\":\"https:\\\/\\\/newsinfoco.com.br\\\/inicio\\\/#organization\"}}]}\n\t\t<\/script>\n\t\t<!-- All in One SEO -->\n\n","aioseo_head_json":{"title":"A\u00e7\u00e3o popular de integrantes do Partido Novo coloca integrantes da C\u00e2mara de Alagoinhas contra a parede \u2013 Por Caio Pimenta - News In Foco - Editado por Caio Pimenta","description":"A decis\u00e3o liminar expedida pela Justi\u00e7a que afasta, mesmo que momentaneamente, o presidente da C\u00e2mara Municipal de Alagoinhas, Cleto da Banana, \u00e9 sem sombra de d\u00favidas um dos maiores fatos pol\u00edticos que a cidade j\u00e1 assistiu. Coube a um quarteto de homens filiados ao partido Novo, sigla que n\u00e3o elegeu sequer um representante na Casa","canonical_url":"https:\/\/newsinfoco.com.br\/inicio\/acao-popular-de-integrantes-do-partido-novo-coloca-camara-de-alagoinhas-contra-a-parede-por-caio-pimenta\/","robots":"max-image-preview:large","keywords":"","webmasterTools":{"miscellaneous":""},"schema":{"@context":"https:\/\/schema.org","@graph":[{"@type":"BlogPosting","@id":"https:\/\/newsinfoco.com.br\/inicio\/acao-popular-de-integrantes-do-partido-novo-coloca-camara-de-alagoinhas-contra-a-parede-por-caio-pimenta\/#blogposting","name":"A\u00e7\u00e3o popular de integrantes do Partido Novo coloca integrantes da C\u00e2mara de Alagoinhas contra a parede \u2013 Por Caio Pimenta - News In Foco - Editado por Caio Pimenta","headline":"A\u00e7\u00e3o popular de integrantes do Partido Novo coloca integrantes da C\u00e2mara de Alagoinhas contra a parede &#8211; Por Caio Pimenta","author":{"@id":"https:\/\/newsinfoco.com.br\/inicio\/author\/administrador\/#author"},"publisher":{"@id":"https:\/\/newsinfoco.com.br\/inicio\/#organization"},"image":{"@type":"ImageObject","url":"https:\/\/newsinfoco.com.br\/inicio\/wp-content\/uploads\/2025\/08\/presidencia.png","width":800,"height":600},"datePublished":"2025-08-20T21:46:59-03:00","dateModified":"2025-08-20T21:46:59-03:00","inLanguage":"pt-BR","mainEntityOfPage":{"@id":"https:\/\/newsinfoco.com.br\/inicio\/acao-popular-de-integrantes-do-partido-novo-coloca-camara-de-alagoinhas-contra-a-parede-por-caio-pimenta\/#webpage"},"isPartOf":{"@id":"https:\/\/newsinfoco.com.br\/inicio\/acao-popular-de-integrantes-do-partido-novo-coloca-camara-de-alagoinhas-contra-a-parede-por-caio-pimenta\/#webpage"},"articleSection":"Caio Pimenta"},{"@type":"BreadcrumbList","@id":"https:\/\/newsinfoco.com.br\/inicio\/acao-popular-de-integrantes-do-partido-novo-coloca-camara-de-alagoinhas-contra-a-parede-por-caio-pimenta\/#breadcrumblist","itemListElement":[{"@type":"ListItem","@id":"https:\/\/newsinfoco.com.br\/inicio#listItem","position":1,"name":"In\u00edcio","item":"https:\/\/newsinfoco.com.br\/inicio","nextItem":{"@type":"ListItem","@id":"https:\/\/newsinfoco.com.br\/inicio\/category\/caio-pimenta\/#listItem","name":"Caio Pimenta"}},{"@type":"ListItem","@id":"https:\/\/newsinfoco.com.br\/inicio\/category\/caio-pimenta\/#listItem","position":2,"name":"Caio Pimenta","item":"https:\/\/newsinfoco.com.br\/inicio\/category\/caio-pimenta\/","nextItem":{"@type":"ListItem","@id":"https:\/\/newsinfoco.com.br\/inicio\/acao-popular-de-integrantes-do-partido-novo-coloca-camara-de-alagoinhas-contra-a-parede-por-caio-pimenta\/#listItem","name":"A\u00e7\u00e3o popular de integrantes do Partido Novo coloca integrantes da C\u00e2mara de Alagoinhas contra a parede &#8211; Por Caio Pimenta"},"previousItem":{"@type":"ListItem","@id":"https:\/\/newsinfoco.com.br\/inicio#listItem","name":"In\u00edcio"}},{"@type":"ListItem","@id":"https:\/\/newsinfoco.com.br\/inicio\/acao-popular-de-integrantes-do-partido-novo-coloca-camara-de-alagoinhas-contra-a-parede-por-caio-pimenta\/#listItem","position":3,"name":"A\u00e7\u00e3o popular de integrantes do Partido Novo coloca integrantes da C\u00e2mara de Alagoinhas contra a parede &#8211; Por Caio Pimenta","previousItem":{"@type":"ListItem","@id":"https:\/\/newsinfoco.com.br\/inicio\/category\/caio-pimenta\/#listItem","name":"Caio Pimenta"}}]},{"@type":"Organization","@id":"https:\/\/newsinfoco.com.br\/inicio\/#organization","name":"News In Foco - Editado por Caio Pimenta","description":"O principal site de noticias de Alagoinhas e regi\u00e3o","url":"https:\/\/newsinfoco.com.br\/inicio\/"},{"@type":"Person","@id":"https:\/\/newsinfoco.com.br\/inicio\/author\/administrador\/#author","url":"https:\/\/newsinfoco.com.br\/inicio\/author\/administrador\/","name":"administrador","image":{"@type":"ImageObject","@id":"https:\/\/newsinfoco.com.br\/inicio\/acao-popular-de-integrantes-do-partido-novo-coloca-camara-de-alagoinhas-contra-a-parede-por-caio-pimenta\/#authorImage","url":"https:\/\/secure.gravatar.com\/avatar\/c17a617433de8c1dc9584bb79aab7563b46f5bb7e1728c9b17d9cc3ce6a08e49?s=96&d=mm&r=g","width":96,"height":96,"caption":"administrador"}},{"@type":"WebPage","@id":"https:\/\/newsinfoco.com.br\/inicio\/acao-popular-de-integrantes-do-partido-novo-coloca-camara-de-alagoinhas-contra-a-parede-por-caio-pimenta\/#webpage","url":"https:\/\/newsinfoco.com.br\/inicio\/acao-popular-de-integrantes-do-partido-novo-coloca-camara-de-alagoinhas-contra-a-parede-por-caio-pimenta\/","name":"A\u00e7\u00e3o popular de integrantes do Partido Novo coloca integrantes da C\u00e2mara de Alagoinhas contra a parede \u2013 Por Caio Pimenta - News In Foco - Editado por Caio Pimenta","description":"A decis\u00e3o liminar expedida pela Justi\u00e7a que afasta, mesmo que momentaneamente, o presidente da C\u00e2mara Municipal de Alagoinhas, Cleto da Banana, \u00e9 sem sombra de d\u00favidas um dos maiores fatos pol\u00edticos que a cidade j\u00e1 assistiu. Coube a um quarteto de homens filiados ao partido Novo, sigla que n\u00e3o elegeu sequer um representante na Casa","inLanguage":"pt-BR","isPartOf":{"@id":"https:\/\/newsinfoco.com.br\/inicio\/#website"},"breadcrumb":{"@id":"https:\/\/newsinfoco.com.br\/inicio\/acao-popular-de-integrantes-do-partido-novo-coloca-camara-de-alagoinhas-contra-a-parede-por-caio-pimenta\/#breadcrumblist"},"author":{"@id":"https:\/\/newsinfoco.com.br\/inicio\/author\/administrador\/#author"},"creator":{"@id":"https:\/\/newsinfoco.com.br\/inicio\/author\/administrador\/#author"},"image":{"@type":"ImageObject","url":"https:\/\/newsinfoco.com.br\/inicio\/wp-content\/uploads\/2025\/08\/presidencia.png","@id":"https:\/\/newsinfoco.com.br\/inicio\/acao-popular-de-integrantes-do-partido-novo-coloca-camara-de-alagoinhas-contra-a-parede-por-caio-pimenta\/#mainImage","width":800,"height":600},"primaryImageOfPage":{"@id":"https:\/\/newsinfoco.com.br\/inicio\/acao-popular-de-integrantes-do-partido-novo-coloca-camara-de-alagoinhas-contra-a-parede-por-caio-pimenta\/#mainImage"},"datePublished":"2025-08-20T21:46:59-03:00","dateModified":"2025-08-20T21:46:59-03:00"},{"@type":"WebSite","@id":"https:\/\/newsinfoco.com.br\/inicio\/#website","url":"https:\/\/newsinfoco.com.br\/inicio\/","name":"News In Foco - Editado por Caio Pimenta","description":"O principal site de noticias de Alagoinhas e regi\u00e3o","inLanguage":"pt-BR","publisher":{"@id":"https:\/\/newsinfoco.com.br\/inicio\/#organization"}}]},"og:locale":"pt_BR","og:site_name":"News In Foco - Editado por Caio Pimenta - O principal site de noticias de Alagoinhas e regi\u00e3o","og:type":"article","og:title":"A\u00e7\u00e3o popular de integrantes do Partido Novo coloca integrantes da C\u00e2mara de Alagoinhas contra a parede \u2013 Por Caio Pimenta - News In Foco - Editado por Caio Pimenta","og:description":"A decis\u00e3o liminar expedida pela Justi\u00e7a que afasta, mesmo que momentaneamente, o presidente da C\u00e2mara Municipal de Alagoinhas, Cleto da Banana, \u00e9 sem sombra de d\u00favidas um dos maiores fatos pol\u00edticos que a cidade j\u00e1 assistiu. Coube a um quarteto de homens filiados ao partido Novo, sigla que n\u00e3o elegeu sequer um representante na Casa","og:url":"https:\/\/newsinfoco.com.br\/inicio\/acao-popular-de-integrantes-do-partido-novo-coloca-camara-de-alagoinhas-contra-a-parede-por-caio-pimenta\/","article:published_time":"2025-08-21T00:46:59+00:00","article:modified_time":"2025-08-21T00:46:59+00:00","twitter:card":"summary_large_image","twitter:title":"A\u00e7\u00e3o popular de integrantes do Partido Novo coloca integrantes da C\u00e2mara de Alagoinhas contra a parede \u2013 Por Caio Pimenta - News In Foco - Editado por Caio Pimenta","twitter:description":"A decis\u00e3o liminar expedida pela Justi\u00e7a que afasta, mesmo que momentaneamente, o presidente da C\u00e2mara Municipal de Alagoinhas, Cleto da Banana, \u00e9 sem sombra de d\u00favidas um dos maiores fatos pol\u00edticos que a cidade j\u00e1 assistiu. Coube a um quarteto de homens filiados ao partido Novo, sigla que n\u00e3o elegeu sequer um representante na Casa"},"aioseo_meta_data":{"post_id":"44472","title":null,"description":null,"keywords":null,"keyphrases":{"focus":{"keyphrase":"","score":0,"analysis":{"keyphraseInTitle":{"score":0,"maxScore":9,"error":1}}},"additional":[]},"primary_term":null,"canonical_url":null,"og_title":null,"og_description":null,"og_object_type":"default","og_image_type":"default","og_image_url":null,"og_image_width":null,"og_image_height":null,"og_image_custom_url":null,"og_image_custom_fields":null,"og_video":"","og_custom_url":null,"og_article_section":null,"og_article_tags":null,"twitter_use_og":false,"twitter_card":"default","twitter_image_type":"default","twitter_image_url":null,"twitter_image_custom_url":null,"twitter_image_custom_fields":null,"twitter_title":null,"twitter_description":null,"schema":{"blockGraphs":[],"customGraphs":[],"default":{"data":{"Article":[],"Course":[],"Dataset":[],"FAQPage":[],"Movie":[],"Person":[],"Product":[],"ProductReview":[],"Car":[],"Recipe":[],"Service":[],"SoftwareApplication":[],"WebPage":[]},"graphName":"BlogPosting","isEnabled":true},"graphs":[]},"schema_type":"default","schema_type_options":null,"pillar_content":false,"robots_default":true,"robots_noindex":false,"robots_noarchive":false,"robots_nosnippet":false,"robots_nofollow":false,"robots_noimageindex":false,"robots_noodp":false,"robots_notranslate":false,"robots_max_snippet":"-1","robots_max_videopreview":"-1","robots_max_imagepreview":"large","priority":null,"frequency":"default","local_seo":null,"breadcrumb_settings":null,"limit_modified_date":false,"ai":{"faqs":[],"keyPoints":[],"titles":[],"descriptions":[],"socialPosts":{"email":[],"linkedin":[],"twitter":[],"facebook":[],"instagram":[]}},"created":"2025-08-21 00:46:59","updated":"2025-08-21 00:57:52","seo_analyzer_scan_date":null},"aioseo_breadcrumb":"<div class=\"aioseo-breadcrumbs\"><span class=\"aioseo-breadcrumb\">\n\t\t\t<a href=\"https:\/\/newsinfoco.com.br\/inicio\" title=\"In\u00edcio\">In\u00edcio<\/a>\n\t\t<\/span><span class=\"aioseo-breadcrumb-separator\">&raquo;<\/span><span class=\"aioseo-breadcrumb\">\n\t\t\t<a href=\"https:\/\/newsinfoco.com.br\/inicio\/category\/caio-pimenta\/\" title=\"Caio Pimenta\">Caio Pimenta<\/a>\n\t\t<\/span><span class=\"aioseo-breadcrumb-separator\">&raquo;<\/span><span class=\"aioseo-breadcrumb\">\n\t\t\tA\u00e7\u00e3o popular de integrantes do Partido Novo coloca integrantes da C\u00e2mara de Alagoinhas contra a parede \u2013 Por Caio Pimenta\n\t\t<\/span><\/div>","aioseo_breadcrumb_json":[{"label":"In\u00edcio","link":"https:\/\/newsinfoco.com.br\/inicio"},{"label":"Caio Pimenta","link":"https:\/\/newsinfoco.com.br\/inicio\/category\/caio-pimenta\/"},{"label":"A\u00e7\u00e3o popular de integrantes do Partido Novo coloca integrantes da C\u00e2mara de Alagoinhas contra a parede &#8211; Por Caio Pimenta","link":"https:\/\/newsinfoco.com.br\/inicio\/acao-popular-de-integrantes-do-partido-novo-coloca-camara-de-alagoinhas-contra-a-parede-por-caio-pimenta\/"}],"_links":{"self":[{"href":"https:\/\/newsinfoco.com.br\/inicio\/wp-json\/wp\/v2\/posts\/44472","targetHints":{"allow":["GET"]}}],"collection":[{"href":"https:\/\/newsinfoco.com.br\/inicio\/wp-json\/wp\/v2\/posts"}],"about":[{"href":"https:\/\/newsinfoco.com.br\/inicio\/wp-json\/wp\/v2\/types\/post"}],"author":[{"embeddable":true,"href":"https:\/\/newsinfoco.com.br\/inicio\/wp-json\/wp\/v2\/users\/1"}],"replies":[{"embeddable":true,"href":"https:\/\/newsinfoco.com.br\/inicio\/wp-json\/wp\/v2\/comments?post=44472"}],"version-history":[{"count":1,"href":"https:\/\/newsinfoco.com.br\/inicio\/wp-json\/wp\/v2\/posts\/44472\/revisions"}],"predecessor-version":[{"id":44474,"href":"https:\/\/newsinfoco.com.br\/inicio\/wp-json\/wp\/v2\/posts\/44472\/revisions\/44474"}],"wp:featuredmedia":[{"embeddable":true,"href":"https:\/\/newsinfoco.com.br\/inicio\/wp-json\/wp\/v2\/media\/44473"}],"wp:attachment":[{"href":"https:\/\/newsinfoco.com.br\/inicio\/wp-json\/wp\/v2\/media?parent=44472"}],"wp:term":[{"taxonomy":"category","embeddable":true,"href":"https:\/\/newsinfoco.com.br\/inicio\/wp-json\/wp\/v2\/categories?post=44472"},{"taxonomy":"post_tag","embeddable":true,"href":"https:\/\/newsinfoco.com.br\/inicio\/wp-json\/wp\/v2\/tags?post=44472"}],"curies":[{"name":"wp","href":"https:\/\/api.w.org\/{rel}","templated":true}]}}