{"id":44475,"date":"2025-08-21T12:34:53","date_gmt":"2025-08-21T15:34:53","guid":{"rendered":"https:\/\/newsinfoco.com.br\/inicio\/?p=44475"},"modified":"2025-08-21T12:34:53","modified_gmt":"2025-08-21T15:34:53","slug":"prefeitura-de-alagoinhas-mantem-cadastros-abertos-para-o-programa-doce-lar","status":"publish","type":"post","link":"https:\/\/newsinfoco.com.br\/inicio\/prefeitura-de-alagoinhas-mantem-cadastros-abertos-para-o-programa-doce-lar\/","title":{"rendered":"Prefeitura de Alagoinhas mant\u00e9m cadastros abertos para o Programa Doce Lar"},"content":{"rendered":"<p>A Prefeitura de Alagoinhas informa que o Programa de Regulariza\u00e7\u00e3o Fundi\u00e1ria \u201cDoce Lar: Casa Pr\u00f3pria, Vida Nova\u201d continua realizando o cadastro para participa\u00e7\u00e3o na entrega de t\u00edtulos de propriedade de im\u00f3veis do munic\u00edpio, nas modalidades Reurb-S e Reurb-E.<\/p>\n<p>Nas \u00faltimas semanas, os trabalhos est\u00e3o direcionados para as seguintes localidades: Nova Bras\u00edlia, Porto Feliz (junto com o Parque Inema), Pra\u00e7a Kennedy I (da rua Areia Branca at\u00e9 o Cachorro Magro) e Pirinel I (da rua Conselheiro Dantas at\u00e9 a rua Miguel Fontes). Segundo a coordenadora da equipe de analistas jur\u00eddicos da Reurb, Rosilva Neves, os trabalhos de cadastramento e geolocaliza\u00e7\u00e3o est\u00e3o em andamento nas \u00e1reas citadas. Ainda assim, a popula\u00e7\u00e3o pode integrar o Programa Doce Lar.<\/p>\n<p>\u201cO trabalho da engenharia j\u00e1 est\u00e1 mapeando as regi\u00f5es, mas ainda h\u00e1 tempo de fazer o cadastramento e participar da entrega de t\u00edtulos nesses n\u00facleos. O Programa Doce Lar visa \u00e0 regulariza\u00e7\u00e3o fundi\u00e1ria urbana de Alagoinhas. Trata-se de uma pol\u00edtica p\u00fablica fundamentada na Lei Federal 13.465\/2017 e na Lei Municipal 2618\/2022, com o objetivo de regularizar os im\u00f3veis dos cidad\u00e3os, de acordo com \u00e1reas previamente estabelecidas pela prefeitura\u201d, explica.<\/p>\n<p>Dentro do processo do Doce Lar, a popula\u00e7\u00e3o pode se enquadrar tanto na Reurb-S (destinada a fam\u00edlias com renda de at\u00e9 tr\u00eas sal\u00e1rios m\u00ednimos) quanto na Reurb-E (para quem recebe acima desse valor). \u201cQuem se classifica como Reurb-S n\u00e3o paga pela planta do im\u00f3vel nem pelos custos cartoriais, recebendo o documento de propriedade gratuitamente. J\u00e1 as pessoas enquadradas como Reurb-E arcam tanto com a planta quanto com as despesas do cart\u00f3rio. Em ambos os casos, n\u00e3o h\u00e1 qualquer pagamento \u00e0 Prefeitura de Alagoinhas\u201d, esclarece Rosilva.<\/p>\n<p><strong>Combate \u00e0s fake news<\/strong><\/p>\n<p>A coordenadora tamb\u00e9m destaca que a ades\u00e3o da popula\u00e7\u00e3o tem sido prejudicada por causa da circula\u00e7\u00e3o de informa\u00e7\u00f5es falsas sobre o programa.<\/p>\n<p>\u201cAs pessoas acreditam que, ao participar do Doce Lar e regularizar seus im\u00f3veis, poderiam perder o Bolsa Fam\u00edlia, o que n\u00e3o procede, pois os dados n\u00e3o s\u00e3o cruzados. Quem participa da Reurb-S j\u00e1 est\u00e1 dentro de um processo social que assegura esse benef\u00edcio. Outro ponto importante \u00e9 o IPTU: ele \u00e9 devido independentemente da regulariza\u00e7\u00e3o do im\u00f3vel. Quem possui contrato de compra e venda j\u00e1 paga o imposto, cujo valor depende da metragem e da localiza\u00e7\u00e3o do im\u00f3vel, n\u00e3o do cadastro no programa. Al\u00e9m disso, d\u00edvidas de IPTU n\u00e3o impedem a participa\u00e7\u00e3o no Doce Lar. S\u00e3o situa\u00e7\u00f5es distintas e n\u00e3o relacionadas\u201d, esclarece.<\/p>\n<p><strong>A import\u00e2ncia da regulariza\u00e7\u00e3o<\/strong><\/p>\n<p>Rosilva Neves reitera que a regulariza\u00e7\u00e3o dos im\u00f3veis garante mais seguran\u00e7a e autonomia para os propriet\u00e1rios. \u201cSem o documento oficial, o cidad\u00e3o permanece em inseguran\u00e7a jur\u00eddica. Se algu\u00e9m apresenta um comprovante antigo alegando ser dono de um im\u00f3vel sem registro oficial, isso pode gerar lit\u00edgio e disputa judicial. O Doce Lar garante a seguran\u00e7a jur\u00eddica, emitindo o t\u00edtulo de propriedade registrado em cart\u00f3rio. Assim, o propriet\u00e1rio pode vender, utilizar o bem como garantia de empr\u00e9stimo, entre outras possibilidades. N\u00f3s oficiamos o Cart\u00f3rio de Registro de Im\u00f3veis para que proceda com as buscas cartor\u00e1rias, afim de verificar matr\u00edculas existentes na \u00e1rea e evitar assim a sobreposi\u00e7\u00e3o e duplicidade de matr\u00edcula\u201d, detalha.<\/p>\n<p><strong>Como participar<\/strong><\/p>\n<p>Para participar do Doce Lar, os interessados devem verificar a abertura do n\u00facleo do Doce Lar em sua regi\u00e3o, conforme as localidades indicadas acima, pela Prefeitura de Alagoinhas.<\/p>\n<p>A equipe do Programa de Regulariza\u00e7\u00e3o Fundi\u00e1ria \u201cDoce Lar: Casa Pr\u00f3pria, Vida Nova\u201d, devidamente identificada, formada por analistas jur\u00eddicos, cadastradores e engenharia, visita os moradores e, posteriormente, permanecem em pontos fixos para atender \u00e0 popula\u00e7\u00e3o. Atualmente, os cadastramentos est\u00e3o sendo realizados em: Igreja El Shaddai (Porto Feliz); Associa\u00e7\u00e3o de Moradores (Nova Bras\u00edlia); Escola Municipal Miguel Fontes (Pra\u00e7a Kennedy I e Pirinel) e Sala 2 da Prefeitura de Alagoinhas, das 8h \u00e0s 14h. Pessoas com defici\u00eancia f\u00edsica podem solicitar cadastro domiciliar atrav\u00e9s do n\u00famero, que tamb\u00e9m \u00e9 WhatsApp, (75) 9.9819-4211.<\/p>\n<div class='share-to-whatsapp-wrapper'><div class='share-on-whsp'>Share on: <\/div><a data-text='Prefeitura de Alagoinhas mant\u00e9m cadastros abertos para o Programa Doce Lar' data-link='https:\/\/newsinfoco.com.br\/inicio\/prefeitura-de-alagoinhas-mantem-cadastros-abertos-para-o-programa-doce-lar\/' class='whatsapp-button whatsapp-share'>WhatsApp<\/a><div class='clear '><\/div><\/div>","protected":false},"excerpt":{"rendered":"<p>A Prefeitura de Alagoinhas informa que o Programa de Regulariza\u00e7\u00e3o Fundi\u00e1ria \u201cDoce Lar: Casa Pr\u00f3pria, Vida Nova\u201d continua realizando o cadastro para participa\u00e7\u00e3o na entrega de t\u00edtulos de propriedade de im\u00f3veis do munic\u00edpio, nas modalidades Reurb-S e Reurb-E. Nas \u00faltimas semanas, os trabalhos est\u00e3o direcionados para as seguintes localidades: Nova Bras\u00edlia, Porto Feliz (junto com [&hellip;]<\/p>\n","protected":false},"author":1,"featured_media":44476,"comment_status":"closed","ping_status":"closed","sticky":false,"template":"","format":"standard","meta":{"om_disable_all_campaigns":false,"rop_custom_images_group":[],"rop_custom_messages_group":[],"rop_publish_now":"initial","rop_publish_now_accounts":[],"rop_publish_now_history":[],"rop_publish_now_status":"pending","_exactmetrics_skip_tracking":false,"footnotes":""},"categories":[38,167],"tags":[],"class_list":["post-44475","post","type-post","status-publish","format-standard","has-post-thumbnail","hentry","category-alagoinhas-e-regiao","category-exclusivas"],"aioseo_notices":[],"aioseo_head":"\n\t\t<!-- All in One SEO 4.9.10 - aioseo.com -->\n\t<meta name=\"description\" content=\"A Prefeitura de Alagoinhas informa que o Programa de Regulariza\u00e7\u00e3o Fundi\u00e1ria \u201cDoce Lar: Casa Pr\u00f3pria, Vida Nova\u201d continua realizando o cadastro para participa\u00e7\u00e3o na entrega de t\u00edtulos de propriedade de im\u00f3veis do munic\u00edpio, nas modalidades Reurb-S e Reurb-E. Nas \u00faltimas semanas, os trabalhos est\u00e3o direcionados para as seguintes localidades: Nova Bras\u00edlia, Porto Feliz (junto com\" \/>\n\t<meta name=\"robots\" content=\"max-image-preview:large\" \/>\n\t<meta name=\"author\" content=\"administrador\"\/>\n\t<link rel=\"canonical\" href=\"https:\/\/newsinfoco.com.br\/inicio\/prefeitura-de-alagoinhas-mantem-cadastros-abertos-para-o-programa-doce-lar\/\" \/>\n\t<meta name=\"generator\" content=\"All in One SEO (AIOSEO) 4.9.10\" \/>\n\t\t<meta property=\"og:locale\" content=\"pt_BR\" \/>\n\t\t<meta property=\"og:site_name\" content=\"News In Foco - Editado por Caio Pimenta - O principal site de noticias de Alagoinhas e regi\u00e3o\" \/>\n\t\t<meta property=\"og:type\" content=\"article\" \/>\n\t\t<meta property=\"og:title\" content=\"Prefeitura de Alagoinhas mant\u00e9m cadastros abertos para o Programa Doce Lar - News In Foco - Editado por Caio Pimenta\" \/>\n\t\t<meta property=\"og:description\" content=\"A Prefeitura de Alagoinhas informa que o Programa de Regulariza\u00e7\u00e3o Fundi\u00e1ria \u201cDoce Lar: Casa Pr\u00f3pria, Vida Nova\u201d continua realizando o cadastro para participa\u00e7\u00e3o na entrega de t\u00edtulos de propriedade de im\u00f3veis do munic\u00edpio, nas modalidades Reurb-S e Reurb-E. Nas \u00faltimas semanas, os trabalhos est\u00e3o direcionados para as seguintes localidades: Nova Bras\u00edlia, Porto Feliz (junto com\" \/>\n\t\t<meta property=\"og:url\" content=\"https:\/\/newsinfoco.com.br\/inicio\/prefeitura-de-alagoinhas-mantem-cadastros-abertos-para-o-programa-doce-lar\/\" \/>\n\t\t<meta property=\"article:published_time\" content=\"2025-08-21T15:34:53+00:00\" \/>\n\t\t<meta property=\"article:modified_time\" content=\"2025-08-21T15:34:53+00:00\" \/>\n\t\t<meta name=\"twitter:card\" content=\"summary_large_image\" \/>\n\t\t<meta name=\"twitter:title\" content=\"Prefeitura de Alagoinhas mant\u00e9m cadastros abertos para o Programa Doce Lar - News In Foco - Editado por Caio Pimenta\" \/>\n\t\t<meta name=\"twitter:description\" content=\"A Prefeitura de Alagoinhas informa que o Programa de Regulariza\u00e7\u00e3o Fundi\u00e1ria \u201cDoce Lar: Casa Pr\u00f3pria, Vida Nova\u201d continua realizando o cadastro para participa\u00e7\u00e3o na entrega de t\u00edtulos de propriedade de im\u00f3veis do munic\u00edpio, nas modalidades Reurb-S e Reurb-E. Nas \u00faltimas semanas, os trabalhos est\u00e3o direcionados para as seguintes localidades: Nova Bras\u00edlia, Porto Feliz (junto com\" \/>\n\t\t<script type=\"application\/ld+json\" class=\"aioseo-schema\">\n\t\t\t{\"@context\":\"https:\\\/\\\/schema.org\",\"@graph\":[{\"@type\":\"BlogPosting\",\"@id\":\"https:\\\/\\\/newsinfoco.com.br\\\/inicio\\\/prefeitura-de-alagoinhas-mantem-cadastros-abertos-para-o-programa-doce-lar\\\/#blogposting\",\"name\":\"Prefeitura de Alagoinhas mant\\u00e9m cadastros abertos para o Programa Doce Lar - News In Foco - Editado por Caio Pimenta\",\"headline\":\"Prefeitura de Alagoinhas mant\\u00e9m cadastros abertos para o Programa Doce Lar\",\"author\":{\"@id\":\"https:\\\/\\\/newsinfoco.com.br\\\/inicio\\\/author\\\/administrador\\\/#author\"},\"publisher\":{\"@id\":\"https:\\\/\\\/newsinfoco.com.br\\\/inicio\\\/#organization\"},\"image\":{\"@type\":\"ImageObject\",\"url\":\"https:\\\/\\\/newsinfoco.com.br\\\/inicio\\\/wp-content\\\/uploads\\\/2025\\\/08\\\/WhatsApp-Image-2025-08-19-at-18.23.29-1.jpeg\",\"width\":1531,\"height\":682},\"datePublished\":\"2025-08-21T12:34:53-03:00\",\"dateModified\":\"2025-08-21T12:34:53-03:00\",\"inLanguage\":\"pt-BR\",\"mainEntityOfPage\":{\"@id\":\"https:\\\/\\\/newsinfoco.com.br\\\/inicio\\\/prefeitura-de-alagoinhas-mantem-cadastros-abertos-para-o-programa-doce-lar\\\/#webpage\"},\"isPartOf\":{\"@id\":\"https:\\\/\\\/newsinfoco.com.br\\\/inicio\\\/prefeitura-de-alagoinhas-mantem-cadastros-abertos-para-o-programa-doce-lar\\\/#webpage\"},\"articleSection\":\"Alagoinhas e Regi\\u00e3o, Manchete\"},{\"@type\":\"BreadcrumbList\",\"@id\":\"https:\\\/\\\/newsinfoco.com.br\\\/inicio\\\/prefeitura-de-alagoinhas-mantem-cadastros-abertos-para-o-programa-doce-lar\\\/#breadcrumblist\",\"itemListElement\":[{\"@type\":\"ListItem\",\"@id\":\"https:\\\/\\\/newsinfoco.com.br\\\/inicio#listItem\",\"position\":1,\"name\":\"In\\u00edcio\",\"item\":\"https:\\\/\\\/newsinfoco.com.br\\\/inicio\",\"nextItem\":{\"@type\":\"ListItem\",\"@id\":\"https:\\\/\\\/newsinfoco.com.br\\\/inicio\\\/category\\\/alagoinhas-e-regiao\\\/#listItem\",\"name\":\"Alagoinhas e Regi\\u00e3o\"}},{\"@type\":\"ListItem\",\"@id\":\"https:\\\/\\\/newsinfoco.com.br\\\/inicio\\\/category\\\/alagoinhas-e-regiao\\\/#listItem\",\"position\":2,\"name\":\"Alagoinhas e Regi\\u00e3o\",\"item\":\"https:\\\/\\\/newsinfoco.com.br\\\/inicio\\\/category\\\/alagoinhas-e-regiao\\\/\",\"nextItem\":{\"@type\":\"ListItem\",\"@id\":\"https:\\\/\\\/newsinfoco.com.br\\\/inicio\\\/prefeitura-de-alagoinhas-mantem-cadastros-abertos-para-o-programa-doce-lar\\\/#listItem\",\"name\":\"Prefeitura de Alagoinhas mant\\u00e9m cadastros abertos para o Programa Doce Lar\"},\"previousItem\":{\"@type\":\"ListItem\",\"@id\":\"https:\\\/\\\/newsinfoco.com.br\\\/inicio#listItem\",\"name\":\"In\\u00edcio\"}},{\"@type\":\"ListItem\",\"@id\":\"https:\\\/\\\/newsinfoco.com.br\\\/inicio\\\/prefeitura-de-alagoinhas-mantem-cadastros-abertos-para-o-programa-doce-lar\\\/#listItem\",\"position\":3,\"name\":\"Prefeitura de Alagoinhas mant\\u00e9m cadastros abertos para o Programa Doce Lar\",\"previousItem\":{\"@type\":\"ListItem\",\"@id\":\"https:\\\/\\\/newsinfoco.com.br\\\/inicio\\\/category\\\/alagoinhas-e-regiao\\\/#listItem\",\"name\":\"Alagoinhas e Regi\\u00e3o\"}}]},{\"@type\":\"Organization\",\"@id\":\"https:\\\/\\\/newsinfoco.com.br\\\/inicio\\\/#organization\",\"name\":\"News In Foco - Editado por Caio Pimenta\",\"description\":\"O principal site de noticias de Alagoinhas e regi\\u00e3o\",\"url\":\"https:\\\/\\\/newsinfoco.com.br\\\/inicio\\\/\"},{\"@type\":\"Person\",\"@id\":\"https:\\\/\\\/newsinfoco.com.br\\\/inicio\\\/author\\\/administrador\\\/#author\",\"url\":\"https:\\\/\\\/newsinfoco.com.br\\\/inicio\\\/author\\\/administrador\\\/\",\"name\":\"administrador\",\"image\":{\"@type\":\"ImageObject\",\"@id\":\"https:\\\/\\\/newsinfoco.com.br\\\/inicio\\\/prefeitura-de-alagoinhas-mantem-cadastros-abertos-para-o-programa-doce-lar\\\/#authorImage\",\"url\":\"https:\\\/\\\/secure.gravatar.com\\\/avatar\\\/c17a617433de8c1dc9584bb79aab7563b46f5bb7e1728c9b17d9cc3ce6a08e49?s=96&d=mm&r=g\",\"width\":96,\"height\":96,\"caption\":\"administrador\"}},{\"@type\":\"WebPage\",\"@id\":\"https:\\\/\\\/newsinfoco.com.br\\\/inicio\\\/prefeitura-de-alagoinhas-mantem-cadastros-abertos-para-o-programa-doce-lar\\\/#webpage\",\"url\":\"https:\\\/\\\/newsinfoco.com.br\\\/inicio\\\/prefeitura-de-alagoinhas-mantem-cadastros-abertos-para-o-programa-doce-lar\\\/\",\"name\":\"Prefeitura de Alagoinhas mant\\u00e9m cadastros abertos para o Programa Doce Lar - News In Foco - Editado por Caio Pimenta\",\"description\":\"A Prefeitura de Alagoinhas informa que o Programa de Regulariza\\u00e7\\u00e3o Fundi\\u00e1ria \\u201cDoce Lar: Casa Pr\\u00f3pria, Vida Nova\\u201d continua realizando o cadastro para participa\\u00e7\\u00e3o na entrega de t\\u00edtulos de propriedade de im\\u00f3veis do munic\\u00edpio, nas modalidades Reurb-S e Reurb-E. Nas \\u00faltimas semanas, os trabalhos est\\u00e3o direcionados para as seguintes localidades: Nova Bras\\u00edlia, Porto Feliz (junto com\",\"inLanguage\":\"pt-BR\",\"isPartOf\":{\"@id\":\"https:\\\/\\\/newsinfoco.com.br\\\/inicio\\\/#website\"},\"breadcrumb\":{\"@id\":\"https:\\\/\\\/newsinfoco.com.br\\\/inicio\\\/prefeitura-de-alagoinhas-mantem-cadastros-abertos-para-o-programa-doce-lar\\\/#breadcrumblist\"},\"author\":{\"@id\":\"https:\\\/\\\/newsinfoco.com.br\\\/inicio\\\/author\\\/administrador\\\/#author\"},\"creator\":{\"@id\":\"https:\\\/\\\/newsinfoco.com.br\\\/inicio\\\/author\\\/administrador\\\/#author\"},\"image\":{\"@type\":\"ImageObject\",\"url\":\"https:\\\/\\\/newsinfoco.com.br\\\/inicio\\\/wp-content\\\/uploads\\\/2025\\\/08\\\/WhatsApp-Image-2025-08-19-at-18.23.29-1.jpeg\",\"@id\":\"https:\\\/\\\/newsinfoco.com.br\\\/inicio\\\/prefeitura-de-alagoinhas-mantem-cadastros-abertos-para-o-programa-doce-lar\\\/#mainImage\",\"width\":1531,\"height\":682},\"primaryImageOfPage\":{\"@id\":\"https:\\\/\\\/newsinfoco.com.br\\\/inicio\\\/prefeitura-de-alagoinhas-mantem-cadastros-abertos-para-o-programa-doce-lar\\\/#mainImage\"},\"datePublished\":\"2025-08-21T12:34:53-03:00\",\"dateModified\":\"2025-08-21T12:34:53-03:00\"},{\"@type\":\"WebSite\",\"@id\":\"https:\\\/\\\/newsinfoco.com.br\\\/inicio\\\/#website\",\"url\":\"https:\\\/\\\/newsinfoco.com.br\\\/inicio\\\/\",\"name\":\"News In Foco - Editado por Caio Pimenta\",\"description\":\"O principal site de noticias de Alagoinhas e regi\\u00e3o\",\"inLanguage\":\"pt-BR\",\"publisher\":{\"@id\":\"https:\\\/\\\/newsinfoco.com.br\\\/inicio\\\/#organization\"}}]}\n\t\t<\/script>\n\t\t<!-- All in One SEO -->\n\n","aioseo_head_json":{"title":"Prefeitura de Alagoinhas mant\u00e9m cadastros abertos para o Programa Doce Lar - News In Foco - Editado por Caio Pimenta","description":"A Prefeitura de Alagoinhas informa que o Programa de Regulariza\u00e7\u00e3o Fundi\u00e1ria \u201cDoce Lar: Casa Pr\u00f3pria, Vida Nova\u201d continua realizando o cadastro para participa\u00e7\u00e3o na entrega de t\u00edtulos de propriedade de im\u00f3veis do munic\u00edpio, nas modalidades Reurb-S e Reurb-E. Nas \u00faltimas semanas, os trabalhos est\u00e3o direcionados para as seguintes localidades: Nova Bras\u00edlia, Porto Feliz (junto com","canonical_url":"https:\/\/newsinfoco.com.br\/inicio\/prefeitura-de-alagoinhas-mantem-cadastros-abertos-para-o-programa-doce-lar\/","robots":"max-image-preview:large","keywords":"","webmasterTools":{"miscellaneous":""},"schema":{"@context":"https:\/\/schema.org","@graph":[{"@type":"BlogPosting","@id":"https:\/\/newsinfoco.com.br\/inicio\/prefeitura-de-alagoinhas-mantem-cadastros-abertos-para-o-programa-doce-lar\/#blogposting","name":"Prefeitura de Alagoinhas mant\u00e9m cadastros abertos para o Programa Doce Lar - News In Foco - Editado por Caio Pimenta","headline":"Prefeitura de Alagoinhas mant\u00e9m cadastros abertos para o Programa Doce Lar","author":{"@id":"https:\/\/newsinfoco.com.br\/inicio\/author\/administrador\/#author"},"publisher":{"@id":"https:\/\/newsinfoco.com.br\/inicio\/#organization"},"image":{"@type":"ImageObject","url":"https:\/\/newsinfoco.com.br\/inicio\/wp-content\/uploads\/2025\/08\/WhatsApp-Image-2025-08-19-at-18.23.29-1.jpeg","width":1531,"height":682},"datePublished":"2025-08-21T12:34:53-03:00","dateModified":"2025-08-21T12:34:53-03:00","inLanguage":"pt-BR","mainEntityOfPage":{"@id":"https:\/\/newsinfoco.com.br\/inicio\/prefeitura-de-alagoinhas-mantem-cadastros-abertos-para-o-programa-doce-lar\/#webpage"},"isPartOf":{"@id":"https:\/\/newsinfoco.com.br\/inicio\/prefeitura-de-alagoinhas-mantem-cadastros-abertos-para-o-programa-doce-lar\/#webpage"},"articleSection":"Alagoinhas e Regi\u00e3o, Manchete"},{"@type":"BreadcrumbList","@id":"https:\/\/newsinfoco.com.br\/inicio\/prefeitura-de-alagoinhas-mantem-cadastros-abertos-para-o-programa-doce-lar\/#breadcrumblist","itemListElement":[{"@type":"ListItem","@id":"https:\/\/newsinfoco.com.br\/inicio#listItem","position":1,"name":"In\u00edcio","item":"https:\/\/newsinfoco.com.br\/inicio","nextItem":{"@type":"ListItem","@id":"https:\/\/newsinfoco.com.br\/inicio\/category\/alagoinhas-e-regiao\/#listItem","name":"Alagoinhas e Regi\u00e3o"}},{"@type":"ListItem","@id":"https:\/\/newsinfoco.com.br\/inicio\/category\/alagoinhas-e-regiao\/#listItem","position":2,"name":"Alagoinhas e Regi\u00e3o","item":"https:\/\/newsinfoco.com.br\/inicio\/category\/alagoinhas-e-regiao\/","nextItem":{"@type":"ListItem","@id":"https:\/\/newsinfoco.com.br\/inicio\/prefeitura-de-alagoinhas-mantem-cadastros-abertos-para-o-programa-doce-lar\/#listItem","name":"Prefeitura de Alagoinhas mant\u00e9m cadastros abertos para o Programa Doce Lar"},"previousItem":{"@type":"ListItem","@id":"https:\/\/newsinfoco.com.br\/inicio#listItem","name":"In\u00edcio"}},{"@type":"ListItem","@id":"https:\/\/newsinfoco.com.br\/inicio\/prefeitura-de-alagoinhas-mantem-cadastros-abertos-para-o-programa-doce-lar\/#listItem","position":3,"name":"Prefeitura de Alagoinhas mant\u00e9m cadastros abertos para o Programa Doce Lar","previousItem":{"@type":"ListItem","@id":"https:\/\/newsinfoco.com.br\/inicio\/category\/alagoinhas-e-regiao\/#listItem","name":"Alagoinhas e Regi\u00e3o"}}]},{"@type":"Organization","@id":"https:\/\/newsinfoco.com.br\/inicio\/#organization","name":"News In Foco - Editado por Caio Pimenta","description":"O principal site de noticias de Alagoinhas e regi\u00e3o","url":"https:\/\/newsinfoco.com.br\/inicio\/"},{"@type":"Person","@id":"https:\/\/newsinfoco.com.br\/inicio\/author\/administrador\/#author","url":"https:\/\/newsinfoco.com.br\/inicio\/author\/administrador\/","name":"administrador","image":{"@type":"ImageObject","@id":"https:\/\/newsinfoco.com.br\/inicio\/prefeitura-de-alagoinhas-mantem-cadastros-abertos-para-o-programa-doce-lar\/#authorImage","url":"https:\/\/secure.gravatar.com\/avatar\/c17a617433de8c1dc9584bb79aab7563b46f5bb7e1728c9b17d9cc3ce6a08e49?s=96&d=mm&r=g","width":96,"height":96,"caption":"administrador"}},{"@type":"WebPage","@id":"https:\/\/newsinfoco.com.br\/inicio\/prefeitura-de-alagoinhas-mantem-cadastros-abertos-para-o-programa-doce-lar\/#webpage","url":"https:\/\/newsinfoco.com.br\/inicio\/prefeitura-de-alagoinhas-mantem-cadastros-abertos-para-o-programa-doce-lar\/","name":"Prefeitura de Alagoinhas mant\u00e9m cadastros abertos para o Programa Doce Lar - News In Foco - Editado por Caio Pimenta","description":"A Prefeitura de Alagoinhas informa que o Programa de Regulariza\u00e7\u00e3o Fundi\u00e1ria \u201cDoce Lar: Casa Pr\u00f3pria, Vida Nova\u201d continua realizando o cadastro para participa\u00e7\u00e3o na entrega de t\u00edtulos de propriedade de im\u00f3veis do munic\u00edpio, nas modalidades Reurb-S e Reurb-E. Nas \u00faltimas semanas, os trabalhos est\u00e3o direcionados para as seguintes localidades: Nova Bras\u00edlia, Porto Feliz (junto com","inLanguage":"pt-BR","isPartOf":{"@id":"https:\/\/newsinfoco.com.br\/inicio\/#website"},"breadcrumb":{"@id":"https:\/\/newsinfoco.com.br\/inicio\/prefeitura-de-alagoinhas-mantem-cadastros-abertos-para-o-programa-doce-lar\/#breadcrumblist"},"author":{"@id":"https:\/\/newsinfoco.com.br\/inicio\/author\/administrador\/#author"},"creator":{"@id":"https:\/\/newsinfoco.com.br\/inicio\/author\/administrador\/#author"},"image":{"@type":"ImageObject","url":"https:\/\/newsinfoco.com.br\/inicio\/wp-content\/uploads\/2025\/08\/WhatsApp-Image-2025-08-19-at-18.23.29-1.jpeg","@id":"https:\/\/newsinfoco.com.br\/inicio\/prefeitura-de-alagoinhas-mantem-cadastros-abertos-para-o-programa-doce-lar\/#mainImage","width":1531,"height":682},"primaryImageOfPage":{"@id":"https:\/\/newsinfoco.com.br\/inicio\/prefeitura-de-alagoinhas-mantem-cadastros-abertos-para-o-programa-doce-lar\/#mainImage"},"datePublished":"2025-08-21T12:34:53-03:00","dateModified":"2025-08-21T12:34:53-03:00"},{"@type":"WebSite","@id":"https:\/\/newsinfoco.com.br\/inicio\/#website","url":"https:\/\/newsinfoco.com.br\/inicio\/","name":"News In Foco - Editado por Caio Pimenta","description":"O principal site de noticias de Alagoinhas e regi\u00e3o","inLanguage":"pt-BR","publisher":{"@id":"https:\/\/newsinfoco.com.br\/inicio\/#organization"}}]},"og:locale":"pt_BR","og:site_name":"News In Foco - Editado por Caio Pimenta - O principal site de noticias de Alagoinhas e regi\u00e3o","og:type":"article","og:title":"Prefeitura de Alagoinhas mant\u00e9m cadastros abertos para o Programa Doce Lar - News In Foco - Editado por Caio Pimenta","og:description":"A Prefeitura de Alagoinhas informa que o Programa de Regulariza\u00e7\u00e3o Fundi\u00e1ria \u201cDoce Lar: Casa Pr\u00f3pria, Vida Nova\u201d continua realizando o cadastro para participa\u00e7\u00e3o na entrega de t\u00edtulos de propriedade de im\u00f3veis do munic\u00edpio, nas modalidades Reurb-S e Reurb-E. Nas \u00faltimas semanas, os trabalhos est\u00e3o direcionados para as seguintes localidades: Nova Bras\u00edlia, Porto Feliz (junto com","og:url":"https:\/\/newsinfoco.com.br\/inicio\/prefeitura-de-alagoinhas-mantem-cadastros-abertos-para-o-programa-doce-lar\/","article:published_time":"2025-08-21T15:34:53+00:00","article:modified_time":"2025-08-21T15:34:53+00:00","twitter:card":"summary_large_image","twitter:title":"Prefeitura de Alagoinhas mant\u00e9m cadastros abertos para o Programa Doce Lar - News In Foco - Editado por Caio Pimenta","twitter:description":"A Prefeitura de Alagoinhas informa que o Programa de Regulariza\u00e7\u00e3o Fundi\u00e1ria \u201cDoce Lar: Casa Pr\u00f3pria, Vida Nova\u201d continua realizando o cadastro para participa\u00e7\u00e3o na entrega de t\u00edtulos de propriedade de im\u00f3veis do munic\u00edpio, nas modalidades Reurb-S e Reurb-E. Nas \u00faltimas semanas, os trabalhos est\u00e3o direcionados para as seguintes localidades: Nova Bras\u00edlia, Porto Feliz (junto com"},"aioseo_meta_data":{"post_id":"44475","title":null,"description":null,"keywords":null,"keyphrases":{"focus":{"keyphrase":"","score":0,"analysis":{"keyphraseInTitle":{"score":0,"maxScore":9,"error":1}}},"additional":[]},"primary_term":null,"canonical_url":null,"og_title":null,"og_description":null,"og_object_type":"default","og_image_type":"default","og_image_url":null,"og_image_width":null,"og_image_height":null,"og_image_custom_url":null,"og_image_custom_fields":null,"og_video":"","og_custom_url":null,"og_article_section":null,"og_article_tags":null,"twitter_use_og":false,"twitter_card":"default","twitter_image_type":"default","twitter_image_url":null,"twitter_image_custom_url":null,"twitter_image_custom_fields":null,"twitter_title":null,"twitter_description":null,"schema":{"blockGraphs":[],"customGraphs":[],"default":{"data":{"Article":[],"Course":[],"Dataset":[],"FAQPage":[],"Movie":[],"Person":[],"Product":[],"ProductReview":[],"Car":[],"Recipe":[],"Service":[],"SoftwareApplication":[],"WebPage":[]},"graphName":"BlogPosting","isEnabled":true},"graphs":[]},"schema_type":"default","schema_type_options":null,"pillar_content":false,"robots_default":true,"robots_noindex":false,"robots_noarchive":false,"robots_nosnippet":false,"robots_nofollow":false,"robots_noimageindex":false,"robots_noodp":false,"robots_notranslate":false,"robots_max_snippet":"-1","robots_max_videopreview":"-1","robots_max_imagepreview":"large","priority":null,"frequency":"default","local_seo":null,"breadcrumb_settings":null,"limit_modified_date":false,"ai":{"faqs":[],"keyPoints":[],"titles":[],"descriptions":[],"socialPosts":{"email":[],"linkedin":[],"twitter":[],"facebook":[],"instagram":[]}},"created":"2025-08-21 15:34:53","updated":"2025-08-21 15:45:28","seo_analyzer_scan_date":null},"aioseo_breadcrumb":"<div class=\"aioseo-breadcrumbs\"><span class=\"aioseo-breadcrumb\">\n\t\t\t<a href=\"https:\/\/newsinfoco.com.br\/inicio\" title=\"In\u00edcio\">In\u00edcio<\/a>\n\t\t<\/span><span class=\"aioseo-breadcrumb-separator\">&raquo;<\/span><span class=\"aioseo-breadcrumb\">\n\t\t\t<a href=\"https:\/\/newsinfoco.com.br\/inicio\/category\/alagoinhas-e-regiao\/\" title=\"Alagoinhas e Regi\u00e3o\">Alagoinhas e Regi\u00e3o<\/a>\n\t\t<\/span><span class=\"aioseo-breadcrumb-separator\">&raquo;<\/span><span class=\"aioseo-breadcrumb\">\n\t\t\tPrefeitura de Alagoinhas mant\u00e9m cadastros abertos para o Programa Doce Lar\n\t\t<\/span><\/div>","aioseo_breadcrumb_json":[{"label":"In\u00edcio","link":"https:\/\/newsinfoco.com.br\/inicio"},{"label":"Alagoinhas e Regi\u00e3o","link":"https:\/\/newsinfoco.com.br\/inicio\/category\/alagoinhas-e-regiao\/"},{"label":"Prefeitura de Alagoinhas mant\u00e9m cadastros abertos para o Programa Doce Lar","link":"https:\/\/newsinfoco.com.br\/inicio\/prefeitura-de-alagoinhas-mantem-cadastros-abertos-para-o-programa-doce-lar\/"}],"_links":{"self":[{"href":"https:\/\/newsinfoco.com.br\/inicio\/wp-json\/wp\/v2\/posts\/44475","targetHints":{"allow":["GET"]}}],"collection":[{"href":"https:\/\/newsinfoco.com.br\/inicio\/wp-json\/wp\/v2\/posts"}],"about":[{"href":"https:\/\/newsinfoco.com.br\/inicio\/wp-json\/wp\/v2\/types\/post"}],"author":[{"embeddable":true,"href":"https:\/\/newsinfoco.com.br\/inicio\/wp-json\/wp\/v2\/users\/1"}],"replies":[{"embeddable":true,"href":"https:\/\/newsinfoco.com.br\/inicio\/wp-json\/wp\/v2\/comments?post=44475"}],"version-history":[{"count":1,"href":"https:\/\/newsinfoco.com.br\/inicio\/wp-json\/wp\/v2\/posts\/44475\/revisions"}],"predecessor-version":[{"id":44477,"href":"https:\/\/newsinfoco.com.br\/inicio\/wp-json\/wp\/v2\/posts\/44475\/revisions\/44477"}],"wp:featuredmedia":[{"embeddable":true,"href":"https:\/\/newsinfoco.com.br\/inicio\/wp-json\/wp\/v2\/media\/44476"}],"wp:attachment":[{"href":"https:\/\/newsinfoco.com.br\/inicio\/wp-json\/wp\/v2\/media?parent=44475"}],"wp:term":[{"taxonomy":"category","embeddable":true,"href":"https:\/\/newsinfoco.com.br\/inicio\/wp-json\/wp\/v2\/categories?post=44475"},{"taxonomy":"post_tag","embeddable":true,"href":"https:\/\/newsinfoco.com.br\/inicio\/wp-json\/wp\/v2\/tags?post=44475"}],"curies":[{"name":"wp","href":"https:\/\/api.w.org\/{rel}","templated":true}]}}