{"id":44488,"date":"2025-08-21T13:21:09","date_gmt":"2025-08-21T16:21:09","guid":{"rendered":"https:\/\/newsinfoco.com.br\/inicio\/?p=44488"},"modified":"2025-08-21T13:21:09","modified_gmt":"2025-08-21T16:21:09","slug":"jeronimo-atualiza-situacao-do-odorico-e-do-antigo-centro-de-convencoes","status":"publish","type":"post","link":"https:\/\/newsinfoco.com.br\/inicio\/jeronimo-atualiza-situacao-do-odorico-e-do-antigo-centro-de-convencoes\/","title":{"rendered":"Jer\u00f4nimo atualiza situa\u00e7\u00e3o do Odorico e do antigo Centro de Conven\u00e7\u00f5es"},"content":{"rendered":"<p>O governador Jer\u00f4nimo Rodrigues (PT) atualizou nesta quinta-feira (21) a situa\u00e7\u00e3o da venda de dois terrenos pertencentes a gest\u00e3o estadual: o antigo Centro de Conven\u00e7\u00f5es de Salvador e o Col\u00e9gio Estadual Odorico Tavares, ambos localizados na capital baiana. A atualiza\u00e7\u00e3o foi feita em entrevista coletiva durante a visita \u00e0s obras de moderniza\u00e7\u00e3o do Complexo do Teatro Castro Alves (TCA).<\/p>\n<p>Ao\u00a0<strong>bahia.ba<\/strong>, Jer\u00f4nimo detalhou que a venda do Centro de Conven\u00e7\u00f5es enfrenta um \u201cimbr\u00f3glio jur\u00eddico\u201d. \u201cA gente ainda n\u00e3o conseguiu totalmente desfazer [esse imbr\u00f3glio]. Assim que sair \u00e9 de interesse meu, estava quase resolvido, mas na Justi\u00e7a sempre pode haver um pedido de revis\u00e3o, alguma coisa, e isso segurou um pouco mais, mas assim que sair n\u00f3s vamos partir para o leil\u00e3o\u201d, disse o gestor estadual.<\/p>\n<p>Fechado em 2016, ap\u00f3s o desabamento de parte da fachada do im\u00f3vel por falta de manuten\u00e7\u00e3o e oxida\u00e7\u00e3o da estrutura, o antigo Centro de Conven\u00e7\u00f5es de Salvador, localizado no bairro do STIEP, segue abandonado h\u00e1 quase dez anos. O terreno, avaliado em cerca de R$ 300 milh\u00f5es, chegou a ter sua venda autorizada pela Assembleia Legislativa da Bahia (ALBA) ainda em 2021, sem avan\u00e7o nas tratativas desde ent\u00e3o.<\/p>\n<p><strong>Odorico Tavares<\/strong><\/p>\n<p>J\u00e1 o Col\u00e9gio Estadual Odorico Tavares, localizado no Corredor da Vit\u00f3ria, fechou no in\u00edcio de 2020, e logo teve sua venda autorizada pelo Legislativo. Cinco anos depois, por\u00e9m, a estrutura segue com seu futuro indefinido, algo que, segundo o governador, deve mudar em breve, com os recursos da venda sendo destinados para investimentos para constru\u00e7\u00e3o de duas novas escolas na capital.<\/p>\n<p>\u201cO acordo feito l\u00e1 atr\u00e1s, pela palavra do agora ministro Rui Costa, eu vou manter. O Odorico ser\u00e1 feito uma troca, o processo de leil\u00e3o ou de venda dele, os recursos captados ser\u00e3o reinvestidos em escolas. Naquele momento [da venda], eu estava na Secret\u00e1ria de Educa\u00e7\u00e3o, Rui era governador, n\u00f3s chegamos a tentar fazer um ato de leil\u00e3o j\u00e1 condicionado a s\u00f3 entregar a estrutura quando as escolas estivessem entregues. Ent\u00e3o, se ali hoje, [o terreno] custa, em m\u00e9dia, R$40, R$ 50 milh\u00f5es, d\u00e1 pra fazer uma ou duas escolas nesse mesmo padr\u00e3o\u201d, detalhou Jer\u00f4nimo.<\/p>\n<div>\n<div>\n<div class=\"trv-player-container\">\n<div class=\"trv-wrapper\">\n<div id=\"br_video_player_119aa7433ea343cca8f20868d33f7c9dc3c659f9\" class=\"trvd_video_player trvdinstream\">\n<div class=\"media-player\">\n<div class=\"trv-video\">\n<div id=\"truvid_ima_container49136\" class=\"truvid_ima_container\">\n<div>\n<div>\n<div class=\"conteudo_post\">\n<p>\u201cJ\u00e1 pedi \u00e0 secret\u00e1ria [de Educa\u00e7\u00e3o], Rowenna [Britto], ver pelo menos em Salvador, j\u00e1 que o pr\u00e9dio \u00e9 aqui, ela escolher duas escolas aqui. Se n\u00e3o der, a gente faz aonde for, porque escola \u00e9 universal. Ent\u00e3o eu estou aguardando para fazer esse grande pacote\u201d, completou.<\/p>\n<p>No final de julho, a gest\u00e3o estadual chegou a anunciar a abertura do leil\u00e3o do terreno do col\u00e9gio, mas suspendeu o preg\u00e3o horas depois sob a justificativa de que o edital necessitava de ajustes t\u00e9cnicos.<\/p>\n<\/div>\n<div id=\"div-share\">Bahia.Ba<\/div>\n<\/div>\n<\/div>\n<\/div>\n<\/div>\n<\/div>\n<\/div>\n<\/div>\n<\/div>\n<\/div>\n<\/div>\n<div class='share-to-whatsapp-wrapper'><div class='share-on-whsp'>Share on: <\/div><a data-text='Jer\u00f4nimo atualiza situa\u00e7\u00e3o do Odorico e do antigo Centro de Conven\u00e7\u00f5es' data-link='https:\/\/newsinfoco.com.br\/inicio\/jeronimo-atualiza-situacao-do-odorico-e-do-antigo-centro-de-convencoes\/' class='whatsapp-button whatsapp-share'>WhatsApp<\/a><div class='clear '><\/div><\/div>","protected":false},"excerpt":{"rendered":"<p>O governador Jer\u00f4nimo Rodrigues (PT) atualizou nesta quinta-feira (21) a situa\u00e7\u00e3o da venda de dois terrenos pertencentes a gest\u00e3o estadual: o antigo Centro de Conven\u00e7\u00f5es de Salvador e o Col\u00e9gio Estadual Odorico Tavares, ambos localizados na capital baiana. A atualiza\u00e7\u00e3o foi feita em entrevista coletiva durante a visita \u00e0s obras de moderniza\u00e7\u00e3o do Complexo do [&hellip;]<\/p>\n","protected":false},"author":1,"featured_media":44489,"comment_status":"closed","ping_status":"closed","sticky":false,"template":"","format":"standard","meta":{"om_disable_all_campaigns":false,"rop_custom_images_group":[],"rop_custom_messages_group":[],"rop_publish_now":"initial","rop_publish_now_accounts":[],"rop_publish_now_history":[],"rop_publish_now_status":"pending","_exactmetrics_skip_tracking":false,"footnotes":""},"categories":[19],"tags":[],"class_list":["post-44488","post","type-post","status-publish","format-standard","has-post-thumbnail","hentry","category-bahia"],"aioseo_notices":[],"aioseo_head":"\n\t\t<!-- All in One SEO 4.9.10 - aioseo.com -->\n\t<meta name=\"description\" content=\"O governador Jer\u00f4nimo Rodrigues (PT) atualizou nesta quinta-feira (21) a situa\u00e7\u00e3o da venda de dois terrenos pertencentes a gest\u00e3o estadual: o antigo Centro de Conven\u00e7\u00f5es de Salvador e o Col\u00e9gio Estadual Odorico Tavares, ambos localizados na capital baiana. A atualiza\u00e7\u00e3o foi feita em entrevista coletiva durante a visita \u00e0s obras de moderniza\u00e7\u00e3o do Complexo do\" \/>\n\t<meta name=\"robots\" content=\"max-image-preview:large\" \/>\n\t<meta name=\"author\" content=\"administrador\"\/>\n\t<link rel=\"canonical\" href=\"https:\/\/newsinfoco.com.br\/inicio\/jeronimo-atualiza-situacao-do-odorico-e-do-antigo-centro-de-convencoes\/\" \/>\n\t<meta name=\"generator\" content=\"All in One SEO (AIOSEO) 4.9.10\" \/>\n\t\t<meta property=\"og:locale\" content=\"pt_BR\" \/>\n\t\t<meta property=\"og:site_name\" content=\"News In Foco - Editado por Caio Pimenta - O principal site de noticias de Alagoinhas e regi\u00e3o\" \/>\n\t\t<meta property=\"og:type\" content=\"article\" \/>\n\t\t<meta property=\"og:title\" content=\"Jer\u00f4nimo atualiza situa\u00e7\u00e3o do Odorico e do antigo Centro de Conven\u00e7\u00f5es - News In Foco - Editado por Caio Pimenta\" \/>\n\t\t<meta property=\"og:description\" content=\"O governador Jer\u00f4nimo Rodrigues (PT) atualizou nesta quinta-feira (21) a situa\u00e7\u00e3o da venda de dois terrenos pertencentes a gest\u00e3o estadual: o antigo Centro de Conven\u00e7\u00f5es de Salvador e o Col\u00e9gio Estadual Odorico Tavares, ambos localizados na capital baiana. A atualiza\u00e7\u00e3o foi feita em entrevista coletiva durante a visita \u00e0s obras de moderniza\u00e7\u00e3o do Complexo do\" \/>\n\t\t<meta property=\"og:url\" content=\"https:\/\/newsinfoco.com.br\/inicio\/jeronimo-atualiza-situacao-do-odorico-e-do-antigo-centro-de-convencoes\/\" \/>\n\t\t<meta property=\"article:published_time\" content=\"2025-08-21T16:21:09+00:00\" \/>\n\t\t<meta property=\"article:modified_time\" content=\"2025-08-21T16:21:09+00:00\" \/>\n\t\t<meta name=\"twitter:card\" content=\"summary_large_image\" \/>\n\t\t<meta name=\"twitter:title\" content=\"Jer\u00f4nimo atualiza situa\u00e7\u00e3o do Odorico e do antigo Centro de Conven\u00e7\u00f5es - News In Foco - Editado por Caio Pimenta\" \/>\n\t\t<meta name=\"twitter:description\" content=\"O governador Jer\u00f4nimo Rodrigues (PT) atualizou nesta quinta-feira (21) a situa\u00e7\u00e3o da venda de dois terrenos pertencentes a gest\u00e3o estadual: o antigo Centro de Conven\u00e7\u00f5es de Salvador e o Col\u00e9gio Estadual Odorico Tavares, ambos localizados na capital baiana. A atualiza\u00e7\u00e3o foi feita em entrevista coletiva durante a visita \u00e0s obras de moderniza\u00e7\u00e3o do Complexo do\" \/>\n\t\t<script type=\"application\/ld+json\" class=\"aioseo-schema\">\n\t\t\t{\"@context\":\"https:\\\/\\\/schema.org\",\"@graph\":[{\"@type\":\"BlogPosting\",\"@id\":\"https:\\\/\\\/newsinfoco.com.br\\\/inicio\\\/jeronimo-atualiza-situacao-do-odorico-e-do-antigo-centro-de-convencoes\\\/#blogposting\",\"name\":\"Jer\\u00f4nimo atualiza situa\\u00e7\\u00e3o do Odorico e do antigo Centro de Conven\\u00e7\\u00f5es - News In Foco - Editado por Caio Pimenta\",\"headline\":\"Jer\\u00f4nimo atualiza situa\\u00e7\\u00e3o do Odorico e do antigo Centro de Conven\\u00e7\\u00f5es\",\"author\":{\"@id\":\"https:\\\/\\\/newsinfoco.com.br\\\/inicio\\\/author\\\/administrador\\\/#author\"},\"publisher\":{\"@id\":\"https:\\\/\\\/newsinfoco.com.br\\\/inicio\\\/#organization\"},\"image\":{\"@type\":\"ImageObject\",\"url\":\"https:\\\/\\\/newsinfoco.com.br\\\/inicio\\\/wp-content\\\/uploads\\\/2025\\\/08\\\/Colegio-Estadual-Odorico-Tavares-e-Antigo-Centro-de-Convencoes-de-Salvador.png\",\"width\":600,\"height\":420},\"datePublished\":\"2025-08-21T13:21:09-03:00\",\"dateModified\":\"2025-08-21T13:21:09-03:00\",\"inLanguage\":\"pt-BR\",\"mainEntityOfPage\":{\"@id\":\"https:\\\/\\\/newsinfoco.com.br\\\/inicio\\\/jeronimo-atualiza-situacao-do-odorico-e-do-antigo-centro-de-convencoes\\\/#webpage\"},\"isPartOf\":{\"@id\":\"https:\\\/\\\/newsinfoco.com.br\\\/inicio\\\/jeronimo-atualiza-situacao-do-odorico-e-do-antigo-centro-de-convencoes\\\/#webpage\"},\"articleSection\":\"Bahia\"},{\"@type\":\"BreadcrumbList\",\"@id\":\"https:\\\/\\\/newsinfoco.com.br\\\/inicio\\\/jeronimo-atualiza-situacao-do-odorico-e-do-antigo-centro-de-convencoes\\\/#breadcrumblist\",\"itemListElement\":[{\"@type\":\"ListItem\",\"@id\":\"https:\\\/\\\/newsinfoco.com.br\\\/inicio#listItem\",\"position\":1,\"name\":\"In\\u00edcio\",\"item\":\"https:\\\/\\\/newsinfoco.com.br\\\/inicio\",\"nextItem\":{\"@type\":\"ListItem\",\"@id\":\"https:\\\/\\\/newsinfoco.com.br\\\/inicio\\\/category\\\/bahia\\\/#listItem\",\"name\":\"Bahia\"}},{\"@type\":\"ListItem\",\"@id\":\"https:\\\/\\\/newsinfoco.com.br\\\/inicio\\\/category\\\/bahia\\\/#listItem\",\"position\":2,\"name\":\"Bahia\",\"item\":\"https:\\\/\\\/newsinfoco.com.br\\\/inicio\\\/category\\\/bahia\\\/\",\"nextItem\":{\"@type\":\"ListItem\",\"@id\":\"https:\\\/\\\/newsinfoco.com.br\\\/inicio\\\/jeronimo-atualiza-situacao-do-odorico-e-do-antigo-centro-de-convencoes\\\/#listItem\",\"name\":\"Jer\\u00f4nimo atualiza situa\\u00e7\\u00e3o do Odorico e do antigo Centro de Conven\\u00e7\\u00f5es\"},\"previousItem\":{\"@type\":\"ListItem\",\"@id\":\"https:\\\/\\\/newsinfoco.com.br\\\/inicio#listItem\",\"name\":\"In\\u00edcio\"}},{\"@type\":\"ListItem\",\"@id\":\"https:\\\/\\\/newsinfoco.com.br\\\/inicio\\\/jeronimo-atualiza-situacao-do-odorico-e-do-antigo-centro-de-convencoes\\\/#listItem\",\"position\":3,\"name\":\"Jer\\u00f4nimo atualiza situa\\u00e7\\u00e3o do Odorico e do antigo Centro de Conven\\u00e7\\u00f5es\",\"previousItem\":{\"@type\":\"ListItem\",\"@id\":\"https:\\\/\\\/newsinfoco.com.br\\\/inicio\\\/category\\\/bahia\\\/#listItem\",\"name\":\"Bahia\"}}]},{\"@type\":\"Organization\",\"@id\":\"https:\\\/\\\/newsinfoco.com.br\\\/inicio\\\/#organization\",\"name\":\"News In Foco - Editado por Caio Pimenta\",\"description\":\"O principal site de noticias de Alagoinhas e regi\\u00e3o\",\"url\":\"https:\\\/\\\/newsinfoco.com.br\\\/inicio\\\/\"},{\"@type\":\"Person\",\"@id\":\"https:\\\/\\\/newsinfoco.com.br\\\/inicio\\\/author\\\/administrador\\\/#author\",\"url\":\"https:\\\/\\\/newsinfoco.com.br\\\/inicio\\\/author\\\/administrador\\\/\",\"name\":\"administrador\",\"image\":{\"@type\":\"ImageObject\",\"@id\":\"https:\\\/\\\/newsinfoco.com.br\\\/inicio\\\/jeronimo-atualiza-situacao-do-odorico-e-do-antigo-centro-de-convencoes\\\/#authorImage\",\"url\":\"https:\\\/\\\/secure.gravatar.com\\\/avatar\\\/c17a617433de8c1dc9584bb79aab7563b46f5bb7e1728c9b17d9cc3ce6a08e49?s=96&d=mm&r=g\",\"width\":96,\"height\":96,\"caption\":\"administrador\"}},{\"@type\":\"WebPage\",\"@id\":\"https:\\\/\\\/newsinfoco.com.br\\\/inicio\\\/jeronimo-atualiza-situacao-do-odorico-e-do-antigo-centro-de-convencoes\\\/#webpage\",\"url\":\"https:\\\/\\\/newsinfoco.com.br\\\/inicio\\\/jeronimo-atualiza-situacao-do-odorico-e-do-antigo-centro-de-convencoes\\\/\",\"name\":\"Jer\\u00f4nimo atualiza situa\\u00e7\\u00e3o do Odorico e do antigo Centro de Conven\\u00e7\\u00f5es - News In Foco - Editado por Caio Pimenta\",\"description\":\"O governador Jer\\u00f4nimo Rodrigues (PT) atualizou nesta quinta-feira (21) a situa\\u00e7\\u00e3o da venda de dois terrenos pertencentes a gest\\u00e3o estadual: o antigo Centro de Conven\\u00e7\\u00f5es de Salvador e o Col\\u00e9gio Estadual Odorico Tavares, ambos localizados na capital baiana. A atualiza\\u00e7\\u00e3o foi feita em entrevista coletiva durante a visita \\u00e0s obras de moderniza\\u00e7\\u00e3o do Complexo do\",\"inLanguage\":\"pt-BR\",\"isPartOf\":{\"@id\":\"https:\\\/\\\/newsinfoco.com.br\\\/inicio\\\/#website\"},\"breadcrumb\":{\"@id\":\"https:\\\/\\\/newsinfoco.com.br\\\/inicio\\\/jeronimo-atualiza-situacao-do-odorico-e-do-antigo-centro-de-convencoes\\\/#breadcrumblist\"},\"author\":{\"@id\":\"https:\\\/\\\/newsinfoco.com.br\\\/inicio\\\/author\\\/administrador\\\/#author\"},\"creator\":{\"@id\":\"https:\\\/\\\/newsinfoco.com.br\\\/inicio\\\/author\\\/administrador\\\/#author\"},\"image\":{\"@type\":\"ImageObject\",\"url\":\"https:\\\/\\\/newsinfoco.com.br\\\/inicio\\\/wp-content\\\/uploads\\\/2025\\\/08\\\/Colegio-Estadual-Odorico-Tavares-e-Antigo-Centro-de-Convencoes-de-Salvador.png\",\"@id\":\"https:\\\/\\\/newsinfoco.com.br\\\/inicio\\\/jeronimo-atualiza-situacao-do-odorico-e-do-antigo-centro-de-convencoes\\\/#mainImage\",\"width\":600,\"height\":420},\"primaryImageOfPage\":{\"@id\":\"https:\\\/\\\/newsinfoco.com.br\\\/inicio\\\/jeronimo-atualiza-situacao-do-odorico-e-do-antigo-centro-de-convencoes\\\/#mainImage\"},\"datePublished\":\"2025-08-21T13:21:09-03:00\",\"dateModified\":\"2025-08-21T13:21:09-03:00\"},{\"@type\":\"WebSite\",\"@id\":\"https:\\\/\\\/newsinfoco.com.br\\\/inicio\\\/#website\",\"url\":\"https:\\\/\\\/newsinfoco.com.br\\\/inicio\\\/\",\"name\":\"News In Foco - Editado por Caio Pimenta\",\"description\":\"O principal site de noticias de Alagoinhas e regi\\u00e3o\",\"inLanguage\":\"pt-BR\",\"publisher\":{\"@id\":\"https:\\\/\\\/newsinfoco.com.br\\\/inicio\\\/#organization\"}}]}\n\t\t<\/script>\n\t\t<!-- All in One SEO -->\n\n","aioseo_head_json":{"title":"Jer\u00f4nimo atualiza situa\u00e7\u00e3o do Odorico e do antigo Centro de Conven\u00e7\u00f5es - News In Foco - Editado por Caio Pimenta","description":"O governador Jer\u00f4nimo Rodrigues (PT) atualizou nesta quinta-feira (21) a situa\u00e7\u00e3o da venda de dois terrenos pertencentes a gest\u00e3o estadual: o antigo Centro de Conven\u00e7\u00f5es de Salvador e o Col\u00e9gio Estadual Odorico Tavares, ambos localizados na capital baiana. A atualiza\u00e7\u00e3o foi feita em entrevista coletiva durante a visita \u00e0s obras de moderniza\u00e7\u00e3o do Complexo do","canonical_url":"https:\/\/newsinfoco.com.br\/inicio\/jeronimo-atualiza-situacao-do-odorico-e-do-antigo-centro-de-convencoes\/","robots":"max-image-preview:large","keywords":"","webmasterTools":{"miscellaneous":""},"schema":{"@context":"https:\/\/schema.org","@graph":[{"@type":"BlogPosting","@id":"https:\/\/newsinfoco.com.br\/inicio\/jeronimo-atualiza-situacao-do-odorico-e-do-antigo-centro-de-convencoes\/#blogposting","name":"Jer\u00f4nimo atualiza situa\u00e7\u00e3o do Odorico e do antigo Centro de Conven\u00e7\u00f5es - News In Foco - Editado por Caio Pimenta","headline":"Jer\u00f4nimo atualiza situa\u00e7\u00e3o do Odorico e do antigo Centro de Conven\u00e7\u00f5es","author":{"@id":"https:\/\/newsinfoco.com.br\/inicio\/author\/administrador\/#author"},"publisher":{"@id":"https:\/\/newsinfoco.com.br\/inicio\/#organization"},"image":{"@type":"ImageObject","url":"https:\/\/newsinfoco.com.br\/inicio\/wp-content\/uploads\/2025\/08\/Colegio-Estadual-Odorico-Tavares-e-Antigo-Centro-de-Convencoes-de-Salvador.png","width":600,"height":420},"datePublished":"2025-08-21T13:21:09-03:00","dateModified":"2025-08-21T13:21:09-03:00","inLanguage":"pt-BR","mainEntityOfPage":{"@id":"https:\/\/newsinfoco.com.br\/inicio\/jeronimo-atualiza-situacao-do-odorico-e-do-antigo-centro-de-convencoes\/#webpage"},"isPartOf":{"@id":"https:\/\/newsinfoco.com.br\/inicio\/jeronimo-atualiza-situacao-do-odorico-e-do-antigo-centro-de-convencoes\/#webpage"},"articleSection":"Bahia"},{"@type":"BreadcrumbList","@id":"https:\/\/newsinfoco.com.br\/inicio\/jeronimo-atualiza-situacao-do-odorico-e-do-antigo-centro-de-convencoes\/#breadcrumblist","itemListElement":[{"@type":"ListItem","@id":"https:\/\/newsinfoco.com.br\/inicio#listItem","position":1,"name":"In\u00edcio","item":"https:\/\/newsinfoco.com.br\/inicio","nextItem":{"@type":"ListItem","@id":"https:\/\/newsinfoco.com.br\/inicio\/category\/bahia\/#listItem","name":"Bahia"}},{"@type":"ListItem","@id":"https:\/\/newsinfoco.com.br\/inicio\/category\/bahia\/#listItem","position":2,"name":"Bahia","item":"https:\/\/newsinfoco.com.br\/inicio\/category\/bahia\/","nextItem":{"@type":"ListItem","@id":"https:\/\/newsinfoco.com.br\/inicio\/jeronimo-atualiza-situacao-do-odorico-e-do-antigo-centro-de-convencoes\/#listItem","name":"Jer\u00f4nimo atualiza situa\u00e7\u00e3o do Odorico e do antigo Centro de Conven\u00e7\u00f5es"},"previousItem":{"@type":"ListItem","@id":"https:\/\/newsinfoco.com.br\/inicio#listItem","name":"In\u00edcio"}},{"@type":"ListItem","@id":"https:\/\/newsinfoco.com.br\/inicio\/jeronimo-atualiza-situacao-do-odorico-e-do-antigo-centro-de-convencoes\/#listItem","position":3,"name":"Jer\u00f4nimo atualiza situa\u00e7\u00e3o do Odorico e do antigo Centro de Conven\u00e7\u00f5es","previousItem":{"@type":"ListItem","@id":"https:\/\/newsinfoco.com.br\/inicio\/category\/bahia\/#listItem","name":"Bahia"}}]},{"@type":"Organization","@id":"https:\/\/newsinfoco.com.br\/inicio\/#organization","name":"News In Foco - Editado por Caio Pimenta","description":"O principal site de noticias de Alagoinhas e regi\u00e3o","url":"https:\/\/newsinfoco.com.br\/inicio\/"},{"@type":"Person","@id":"https:\/\/newsinfoco.com.br\/inicio\/author\/administrador\/#author","url":"https:\/\/newsinfoco.com.br\/inicio\/author\/administrador\/","name":"administrador","image":{"@type":"ImageObject","@id":"https:\/\/newsinfoco.com.br\/inicio\/jeronimo-atualiza-situacao-do-odorico-e-do-antigo-centro-de-convencoes\/#authorImage","url":"https:\/\/secure.gravatar.com\/avatar\/c17a617433de8c1dc9584bb79aab7563b46f5bb7e1728c9b17d9cc3ce6a08e49?s=96&d=mm&r=g","width":96,"height":96,"caption":"administrador"}},{"@type":"WebPage","@id":"https:\/\/newsinfoco.com.br\/inicio\/jeronimo-atualiza-situacao-do-odorico-e-do-antigo-centro-de-convencoes\/#webpage","url":"https:\/\/newsinfoco.com.br\/inicio\/jeronimo-atualiza-situacao-do-odorico-e-do-antigo-centro-de-convencoes\/","name":"Jer\u00f4nimo atualiza situa\u00e7\u00e3o do Odorico e do antigo Centro de Conven\u00e7\u00f5es - News In Foco - Editado por Caio Pimenta","description":"O governador Jer\u00f4nimo Rodrigues (PT) atualizou nesta quinta-feira (21) a situa\u00e7\u00e3o da venda de dois terrenos pertencentes a gest\u00e3o estadual: o antigo Centro de Conven\u00e7\u00f5es de Salvador e o Col\u00e9gio Estadual Odorico Tavares, ambos localizados na capital baiana. A atualiza\u00e7\u00e3o foi feita em entrevista coletiva durante a visita \u00e0s obras de moderniza\u00e7\u00e3o do Complexo do","inLanguage":"pt-BR","isPartOf":{"@id":"https:\/\/newsinfoco.com.br\/inicio\/#website"},"breadcrumb":{"@id":"https:\/\/newsinfoco.com.br\/inicio\/jeronimo-atualiza-situacao-do-odorico-e-do-antigo-centro-de-convencoes\/#breadcrumblist"},"author":{"@id":"https:\/\/newsinfoco.com.br\/inicio\/author\/administrador\/#author"},"creator":{"@id":"https:\/\/newsinfoco.com.br\/inicio\/author\/administrador\/#author"},"image":{"@type":"ImageObject","url":"https:\/\/newsinfoco.com.br\/inicio\/wp-content\/uploads\/2025\/08\/Colegio-Estadual-Odorico-Tavares-e-Antigo-Centro-de-Convencoes-de-Salvador.png","@id":"https:\/\/newsinfoco.com.br\/inicio\/jeronimo-atualiza-situacao-do-odorico-e-do-antigo-centro-de-convencoes\/#mainImage","width":600,"height":420},"primaryImageOfPage":{"@id":"https:\/\/newsinfoco.com.br\/inicio\/jeronimo-atualiza-situacao-do-odorico-e-do-antigo-centro-de-convencoes\/#mainImage"},"datePublished":"2025-08-21T13:21:09-03:00","dateModified":"2025-08-21T13:21:09-03:00"},{"@type":"WebSite","@id":"https:\/\/newsinfoco.com.br\/inicio\/#website","url":"https:\/\/newsinfoco.com.br\/inicio\/","name":"News In Foco - Editado por Caio Pimenta","description":"O principal site de noticias de Alagoinhas e regi\u00e3o","inLanguage":"pt-BR","publisher":{"@id":"https:\/\/newsinfoco.com.br\/inicio\/#organization"}}]},"og:locale":"pt_BR","og:site_name":"News In Foco - Editado por Caio Pimenta - O principal site de noticias de Alagoinhas e regi\u00e3o","og:type":"article","og:title":"Jer\u00f4nimo atualiza situa\u00e7\u00e3o do Odorico e do antigo Centro de Conven\u00e7\u00f5es - News In Foco - Editado por Caio Pimenta","og:description":"O governador Jer\u00f4nimo Rodrigues (PT) atualizou nesta quinta-feira (21) a situa\u00e7\u00e3o da venda de dois terrenos pertencentes a gest\u00e3o estadual: o antigo Centro de Conven\u00e7\u00f5es de Salvador e o Col\u00e9gio Estadual Odorico Tavares, ambos localizados na capital baiana. A atualiza\u00e7\u00e3o foi feita em entrevista coletiva durante a visita \u00e0s obras de moderniza\u00e7\u00e3o do Complexo do","og:url":"https:\/\/newsinfoco.com.br\/inicio\/jeronimo-atualiza-situacao-do-odorico-e-do-antigo-centro-de-convencoes\/","article:published_time":"2025-08-21T16:21:09+00:00","article:modified_time":"2025-08-21T16:21:09+00:00","twitter:card":"summary_large_image","twitter:title":"Jer\u00f4nimo atualiza situa\u00e7\u00e3o do Odorico e do antigo Centro de Conven\u00e7\u00f5es - News In Foco - Editado por Caio Pimenta","twitter:description":"O governador Jer\u00f4nimo Rodrigues (PT) atualizou nesta quinta-feira (21) a situa\u00e7\u00e3o da venda de dois terrenos pertencentes a gest\u00e3o estadual: o antigo Centro de Conven\u00e7\u00f5es de Salvador e o Col\u00e9gio Estadual Odorico Tavares, ambos localizados na capital baiana. A atualiza\u00e7\u00e3o foi feita em entrevista coletiva durante a visita \u00e0s obras de moderniza\u00e7\u00e3o do Complexo do"},"aioseo_meta_data":{"post_id":"44488","title":null,"description":null,"keywords":null,"keyphrases":{"focus":{"keyphrase":"","score":0,"analysis":{"keyphraseInTitle":{"score":0,"maxScore":9,"error":1}}},"additional":[]},"primary_term":null,"canonical_url":null,"og_title":null,"og_description":null,"og_object_type":"default","og_image_type":"default","og_image_url":null,"og_image_width":null,"og_image_height":null,"og_image_custom_url":null,"og_image_custom_fields":null,"og_video":"","og_custom_url":null,"og_article_section":null,"og_article_tags":null,"twitter_use_og":false,"twitter_card":"default","twitter_image_type":"default","twitter_image_url":null,"twitter_image_custom_url":null,"twitter_image_custom_fields":null,"twitter_title":null,"twitter_description":null,"schema":{"blockGraphs":[],"customGraphs":[],"default":{"data":{"Article":[],"Course":[],"Dataset":[],"FAQPage":[],"Movie":[],"Person":[],"Product":[],"ProductReview":[],"Car":[],"Recipe":[],"Service":[],"SoftwareApplication":[],"WebPage":[]},"graphName":"BlogPosting","isEnabled":true},"graphs":[]},"schema_type":"default","schema_type_options":null,"pillar_content":false,"robots_default":true,"robots_noindex":false,"robots_noarchive":false,"robots_nosnippet":false,"robots_nofollow":false,"robots_noimageindex":false,"robots_noodp":false,"robots_notranslate":false,"robots_max_snippet":"-1","robots_max_videopreview":"-1","robots_max_imagepreview":"large","priority":null,"frequency":"default","local_seo":null,"breadcrumb_settings":null,"limit_modified_date":false,"ai":{"faqs":[],"keyPoints":[],"titles":[],"descriptions":[],"socialPosts":{"email":[],"linkedin":[],"twitter":[],"facebook":[],"instagram":[]}},"created":"2025-08-21 16:21:10","updated":"2025-08-21 16:34:55","seo_analyzer_scan_date":null},"aioseo_breadcrumb":"<div class=\"aioseo-breadcrumbs\"><span class=\"aioseo-breadcrumb\">\n\t\t\t<a href=\"https:\/\/newsinfoco.com.br\/inicio\" title=\"In\u00edcio\">In\u00edcio<\/a>\n\t\t<\/span><span class=\"aioseo-breadcrumb-separator\">&raquo;<\/span><span class=\"aioseo-breadcrumb\">\n\t\t\t<a href=\"https:\/\/newsinfoco.com.br\/inicio\/category\/bahia\/\" title=\"Bahia\">Bahia<\/a>\n\t\t<\/span><span class=\"aioseo-breadcrumb-separator\">&raquo;<\/span><span class=\"aioseo-breadcrumb\">\n\t\t\tJer\u00f4nimo atualiza situa\u00e7\u00e3o do Odorico e do antigo Centro de Conven\u00e7\u00f5es\n\t\t<\/span><\/div>","aioseo_breadcrumb_json":[{"label":"In\u00edcio","link":"https:\/\/newsinfoco.com.br\/inicio"},{"label":"Bahia","link":"https:\/\/newsinfoco.com.br\/inicio\/category\/bahia\/"},{"label":"Jer\u00f4nimo atualiza situa\u00e7\u00e3o do Odorico e do antigo Centro de Conven\u00e7\u00f5es","link":"https:\/\/newsinfoco.com.br\/inicio\/jeronimo-atualiza-situacao-do-odorico-e-do-antigo-centro-de-convencoes\/"}],"_links":{"self":[{"href":"https:\/\/newsinfoco.com.br\/inicio\/wp-json\/wp\/v2\/posts\/44488","targetHints":{"allow":["GET"]}}],"collection":[{"href":"https:\/\/newsinfoco.com.br\/inicio\/wp-json\/wp\/v2\/posts"}],"about":[{"href":"https:\/\/newsinfoco.com.br\/inicio\/wp-json\/wp\/v2\/types\/post"}],"author":[{"embeddable":true,"href":"https:\/\/newsinfoco.com.br\/inicio\/wp-json\/wp\/v2\/users\/1"}],"replies":[{"embeddable":true,"href":"https:\/\/newsinfoco.com.br\/inicio\/wp-json\/wp\/v2\/comments?post=44488"}],"version-history":[{"count":1,"href":"https:\/\/newsinfoco.com.br\/inicio\/wp-json\/wp\/v2\/posts\/44488\/revisions"}],"predecessor-version":[{"id":44490,"href":"https:\/\/newsinfoco.com.br\/inicio\/wp-json\/wp\/v2\/posts\/44488\/revisions\/44490"}],"wp:featuredmedia":[{"embeddable":true,"href":"https:\/\/newsinfoco.com.br\/inicio\/wp-json\/wp\/v2\/media\/44489"}],"wp:attachment":[{"href":"https:\/\/newsinfoco.com.br\/inicio\/wp-json\/wp\/v2\/media?parent=44488"}],"wp:term":[{"taxonomy":"category","embeddable":true,"href":"https:\/\/newsinfoco.com.br\/inicio\/wp-json\/wp\/v2\/categories?post=44488"},{"taxonomy":"post_tag","embeddable":true,"href":"https:\/\/newsinfoco.com.br\/inicio\/wp-json\/wp\/v2\/tags?post=44488"}],"curies":[{"name":"wp","href":"https:\/\/api.w.org\/{rel}","templated":true}]}}