{"id":44497,"date":"2025-08-21T13:45:01","date_gmt":"2025-08-21T16:45:01","guid":{"rendered":"https:\/\/newsinfoco.com.br\/inicio\/?p=44497"},"modified":"2025-08-21T13:45:01","modified_gmt":"2025-08-21T16:45:01","slug":"defesa-de-bolsonaro-diz-ter-sido-surpreendida-com-indiciamento","status":"publish","type":"post","link":"https:\/\/newsinfoco.com.br\/inicio\/defesa-de-bolsonaro-diz-ter-sido-surpreendida-com-indiciamento\/","title":{"rendered":"Defesa de Bolsonaro diz ter sido surpreendida com indiciamento"},"content":{"rendered":"<p>A defesa do ex-presidente Jair Bolsonaro (PL) disse ter sido surpreendida com o indiciamento de seu cliente por crime de coa\u00e7\u00e3o no curso do processo e tentativa de aboli\u00e7\u00e3o do Estado Democr\u00e1tico de Direito.<\/p>\n<p>Segundo mat\u00e9ria da Ag\u00eancia Brasil, Bolsonaro e seu filho, o deputado federal Eduardo Bolsonaro (PL), segundo a decis\u00e3o, teriam atuado junto ao governo dos Estados Unidos com a finalidade de submeter o funcionamento da Suprema Corte brasileira \u201cao crivo de outro Estado estrangeiro\u201d.<\/p>\n<p>\u201cOs elementos apontados na decis\u00e3o ser\u00e3o devidamente esclarecidos dentro do prazo assinado pelo ministro-relator, observando-se, desde logo, que jamais houve o descumprimento de qualquer medida cautelar previamente imposta\u201d, diz a nota dos advogados de Bolsonaro.<\/p>\n<p><strong>\u00c1udios e mensagens<\/strong><\/p>\n<p>O indiciamento da Pol\u00edcia Federal foi anunciado pela Pol\u00edcia Federal na noite da quarta-feira (20), em meio \u00e0 divulga\u00e7\u00e3o de uma s\u00e9rie de mensagens e \u00e1udios do ex-presidente, em conversas com o pastor Silas Malafaia e com Eduardo Bolsonaro.<\/p>\n<p>As conversas foram encontradas no celular de Jair Bolsonaro. Nelas, o ex-presidente condiciona a aprova\u00e7\u00e3o de anistia aos condenados pela trama golpista \u00e0 negocia\u00e7\u00e3o para retirada das tarifas aplicadas pelo governo norte-americano contra produtos com origem no Brasil.<\/p>\n<p><strong>Prazo<\/strong><\/p>\n<p>Diante da situa\u00e7\u00e3o, o ministro do STF, Alexandre de Moraes, deu prazo de 48 horas para a defesa de Bolsonaro esclarecer algumas informa\u00e7\u00f5es obtidas pela PF durante a investiga\u00e7\u00e3o.<\/p>\n<div>\n<div>\n<div class=\"trv-player-container\">\n<div class=\"trv-wrapper\">\n<div id=\"br_video_player_09dfbd94a1e65fe8ba7d0868d33f7c9dc3c659f9\" class=\"trvd_video_player trvdinstream\">\n<div class=\"media-player\">\n<div class=\"trv-video\">\n<div id=\"truvid_ima_container98359\" class=\"truvid_ima_container\">\n<div>\n<div>\n<div class=\"conteudo_post\">\n<p>Uma delas \u00e9 sobre o documento em que ele pede asilo pol\u00edtico ao presidente da Argentina, Javier Milei. Foram pedidos esclarecimentos tamb\u00e9m sobre o contato de Bolsonaro com o general Braga Netto, com quem o ex-presidente estava proibido de falar.<\/p>\n<p>\u201cDiante do exposto. Intime-se a defesa de Jair Bolsonaro para que, no prazo de 48 horas, preste esclarecimentos sobre os reiterados descumprimentos das medidas cautelares impostas, a reitera\u00e7\u00e3o das condutas il\u00edcitas e a exist\u00eancia de comprovado risco de fuga\u201d, decidiu Moraes.<\/p>\n<\/div>\n<div id=\"div-share\">Bahia.Ba<\/div>\n<\/div>\n<\/div>\n<\/div>\n<\/div>\n<\/div>\n<\/div>\n<\/div>\n<\/div>\n<\/div>\n<\/div>\n<div class='share-to-whatsapp-wrapper'><div class='share-on-whsp'>Share on: <\/div><a data-text='Defesa de Bolsonaro diz ter sido surpreendida com indiciamento' data-link='https:\/\/newsinfoco.com.br\/inicio\/defesa-de-bolsonaro-diz-ter-sido-surpreendida-com-indiciamento\/' class='whatsapp-button whatsapp-share'>WhatsApp<\/a><div class='clear '><\/div><\/div>","protected":false},"excerpt":{"rendered":"<p>A defesa do ex-presidente Jair Bolsonaro (PL) disse ter sido surpreendida com o indiciamento de seu cliente por crime de coa\u00e7\u00e3o no curso do processo e tentativa de aboli\u00e7\u00e3o do Estado Democr\u00e1tico de Direito. Segundo mat\u00e9ria da Ag\u00eancia Brasil, Bolsonaro e seu filho, o deputado federal Eduardo Bolsonaro (PL), segundo a decis\u00e3o, teriam atuado junto [&hellip;]<\/p>\n","protected":false},"author":1,"featured_media":44498,"comment_status":"closed","ping_status":"closed","sticky":false,"template":"","format":"standard","meta":{"om_disable_all_campaigns":false,"rop_custom_images_group":[],"rop_custom_messages_group":[],"rop_publish_now":"initial","rop_publish_now_accounts":[],"rop_publish_now_history":[],"rop_publish_now_status":"pending","_exactmetrics_skip_tracking":false,"footnotes":""},"categories":[21],"tags":[],"class_list":["post-44497","post","type-post","status-publish","format-standard","has-post-thumbnail","hentry","category-brasil"],"aioseo_notices":[],"aioseo_head":"\n\t\t<!-- All in One SEO 4.9.10 - aioseo.com -->\n\t<meta name=\"description\" content=\"A defesa do ex-presidente Jair Bolsonaro (PL) disse ter sido surpreendida com o indiciamento de seu cliente por crime de coa\u00e7\u00e3o no curso do processo e tentativa de aboli\u00e7\u00e3o do Estado Democr\u00e1tico de Direito. Segundo mat\u00e9ria da Ag\u00eancia Brasil, Bolsonaro e seu filho, o deputado federal Eduardo Bolsonaro (PL), segundo a decis\u00e3o, teriam atuado junto\" \/>\n\t<meta name=\"robots\" content=\"max-image-preview:large\" \/>\n\t<meta name=\"author\" content=\"administrador\"\/>\n\t<link rel=\"canonical\" href=\"https:\/\/newsinfoco.com.br\/inicio\/defesa-de-bolsonaro-diz-ter-sido-surpreendida-com-indiciamento\/\" \/>\n\t<meta name=\"generator\" content=\"All in One SEO (AIOSEO) 4.9.10\" \/>\n\t\t<meta property=\"og:locale\" content=\"pt_BR\" \/>\n\t\t<meta property=\"og:site_name\" content=\"News In Foco - Editado por Caio Pimenta - O principal site de noticias de Alagoinhas e regi\u00e3o\" \/>\n\t\t<meta property=\"og:type\" content=\"article\" \/>\n\t\t<meta property=\"og:title\" content=\"Defesa de Bolsonaro diz ter sido surpreendida com indiciamento - News In Foco - Editado por Caio Pimenta\" \/>\n\t\t<meta property=\"og:description\" content=\"A defesa do ex-presidente Jair Bolsonaro (PL) disse ter sido surpreendida com o indiciamento de seu cliente por crime de coa\u00e7\u00e3o no curso do processo e tentativa de aboli\u00e7\u00e3o do Estado Democr\u00e1tico de Direito. Segundo mat\u00e9ria da Ag\u00eancia Brasil, Bolsonaro e seu filho, o deputado federal Eduardo Bolsonaro (PL), segundo a decis\u00e3o, teriam atuado junto\" \/>\n\t\t<meta property=\"og:url\" content=\"https:\/\/newsinfoco.com.br\/inicio\/defesa-de-bolsonaro-diz-ter-sido-surpreendida-com-indiciamento\/\" \/>\n\t\t<meta property=\"article:published_time\" content=\"2025-08-21T16:45:01+00:00\" \/>\n\t\t<meta property=\"article:modified_time\" content=\"2025-08-21T16:45:01+00:00\" \/>\n\t\t<meta name=\"twitter:card\" content=\"summary_large_image\" \/>\n\t\t<meta name=\"twitter:title\" content=\"Defesa de Bolsonaro diz ter sido surpreendida com indiciamento - News In Foco - Editado por Caio Pimenta\" \/>\n\t\t<meta name=\"twitter:description\" content=\"A defesa do ex-presidente Jair Bolsonaro (PL) disse ter sido surpreendida com o indiciamento de seu cliente por crime de coa\u00e7\u00e3o no curso do processo e tentativa de aboli\u00e7\u00e3o do Estado Democr\u00e1tico de Direito. Segundo mat\u00e9ria da Ag\u00eancia Brasil, Bolsonaro e seu filho, o deputado federal Eduardo Bolsonaro (PL), segundo a decis\u00e3o, teriam atuado junto\" \/>\n\t\t<script type=\"application\/ld+json\" class=\"aioseo-schema\">\n\t\t\t{\"@context\":\"https:\\\/\\\/schema.org\",\"@graph\":[{\"@type\":\"BlogPosting\",\"@id\":\"https:\\\/\\\/newsinfoco.com.br\\\/inicio\\\/defesa-de-bolsonaro-diz-ter-sido-surpreendida-com-indiciamento\\\/#blogposting\",\"name\":\"Defesa de Bolsonaro diz ter sido surpreendida com indiciamento - News In Foco - Editado por Caio Pimenta\",\"headline\":\"Defesa de Bolsonaro diz ter sido surpreendida com indiciamento\",\"author\":{\"@id\":\"https:\\\/\\\/newsinfoco.com.br\\\/inicio\\\/author\\\/administrador\\\/#author\"},\"publisher\":{\"@id\":\"https:\\\/\\\/newsinfoco.com.br\\\/inicio\\\/#organization\"},\"image\":{\"@type\":\"ImageObject\",\"url\":\"https:\\\/\\\/newsinfoco.com.br\\\/inicio\\\/wp-content\\\/uploads\\\/2025\\\/08\\\/JERONIMO-1-1-1.png\",\"width\":600,\"height\":420},\"datePublished\":\"2025-08-21T13:45:01-03:00\",\"dateModified\":\"2025-08-21T13:45:01-03:00\",\"inLanguage\":\"pt-BR\",\"mainEntityOfPage\":{\"@id\":\"https:\\\/\\\/newsinfoco.com.br\\\/inicio\\\/defesa-de-bolsonaro-diz-ter-sido-surpreendida-com-indiciamento\\\/#webpage\"},\"isPartOf\":{\"@id\":\"https:\\\/\\\/newsinfoco.com.br\\\/inicio\\\/defesa-de-bolsonaro-diz-ter-sido-surpreendida-com-indiciamento\\\/#webpage\"},\"articleSection\":\"Brasil\"},{\"@type\":\"BreadcrumbList\",\"@id\":\"https:\\\/\\\/newsinfoco.com.br\\\/inicio\\\/defesa-de-bolsonaro-diz-ter-sido-surpreendida-com-indiciamento\\\/#breadcrumblist\",\"itemListElement\":[{\"@type\":\"ListItem\",\"@id\":\"https:\\\/\\\/newsinfoco.com.br\\\/inicio#listItem\",\"position\":1,\"name\":\"In\\u00edcio\",\"item\":\"https:\\\/\\\/newsinfoco.com.br\\\/inicio\",\"nextItem\":{\"@type\":\"ListItem\",\"@id\":\"https:\\\/\\\/newsinfoco.com.br\\\/inicio\\\/category\\\/brasil\\\/#listItem\",\"name\":\"Brasil\"}},{\"@type\":\"ListItem\",\"@id\":\"https:\\\/\\\/newsinfoco.com.br\\\/inicio\\\/category\\\/brasil\\\/#listItem\",\"position\":2,\"name\":\"Brasil\",\"item\":\"https:\\\/\\\/newsinfoco.com.br\\\/inicio\\\/category\\\/brasil\\\/\",\"nextItem\":{\"@type\":\"ListItem\",\"@id\":\"https:\\\/\\\/newsinfoco.com.br\\\/inicio\\\/defesa-de-bolsonaro-diz-ter-sido-surpreendida-com-indiciamento\\\/#listItem\",\"name\":\"Defesa de Bolsonaro diz ter sido surpreendida com indiciamento\"},\"previousItem\":{\"@type\":\"ListItem\",\"@id\":\"https:\\\/\\\/newsinfoco.com.br\\\/inicio#listItem\",\"name\":\"In\\u00edcio\"}},{\"@type\":\"ListItem\",\"@id\":\"https:\\\/\\\/newsinfoco.com.br\\\/inicio\\\/defesa-de-bolsonaro-diz-ter-sido-surpreendida-com-indiciamento\\\/#listItem\",\"position\":3,\"name\":\"Defesa de Bolsonaro diz ter sido surpreendida com indiciamento\",\"previousItem\":{\"@type\":\"ListItem\",\"@id\":\"https:\\\/\\\/newsinfoco.com.br\\\/inicio\\\/category\\\/brasil\\\/#listItem\",\"name\":\"Brasil\"}}]},{\"@type\":\"Organization\",\"@id\":\"https:\\\/\\\/newsinfoco.com.br\\\/inicio\\\/#organization\",\"name\":\"News In Foco - Editado por Caio Pimenta\",\"description\":\"O principal site de noticias de Alagoinhas e regi\\u00e3o\",\"url\":\"https:\\\/\\\/newsinfoco.com.br\\\/inicio\\\/\"},{\"@type\":\"Person\",\"@id\":\"https:\\\/\\\/newsinfoco.com.br\\\/inicio\\\/author\\\/administrador\\\/#author\",\"url\":\"https:\\\/\\\/newsinfoco.com.br\\\/inicio\\\/author\\\/administrador\\\/\",\"name\":\"administrador\",\"image\":{\"@type\":\"ImageObject\",\"@id\":\"https:\\\/\\\/newsinfoco.com.br\\\/inicio\\\/defesa-de-bolsonaro-diz-ter-sido-surpreendida-com-indiciamento\\\/#authorImage\",\"url\":\"https:\\\/\\\/secure.gravatar.com\\\/avatar\\\/c17a617433de8c1dc9584bb79aab7563b46f5bb7e1728c9b17d9cc3ce6a08e49?s=96&d=mm&r=g\",\"width\":96,\"height\":96,\"caption\":\"administrador\"}},{\"@type\":\"WebPage\",\"@id\":\"https:\\\/\\\/newsinfoco.com.br\\\/inicio\\\/defesa-de-bolsonaro-diz-ter-sido-surpreendida-com-indiciamento\\\/#webpage\",\"url\":\"https:\\\/\\\/newsinfoco.com.br\\\/inicio\\\/defesa-de-bolsonaro-diz-ter-sido-surpreendida-com-indiciamento\\\/\",\"name\":\"Defesa de Bolsonaro diz ter sido surpreendida com indiciamento - News In Foco - Editado por Caio Pimenta\",\"description\":\"A defesa do ex-presidente Jair Bolsonaro (PL) disse ter sido surpreendida com o indiciamento de seu cliente por crime de coa\\u00e7\\u00e3o no curso do processo e tentativa de aboli\\u00e7\\u00e3o do Estado Democr\\u00e1tico de Direito. Segundo mat\\u00e9ria da Ag\\u00eancia Brasil, Bolsonaro e seu filho, o deputado federal Eduardo Bolsonaro (PL), segundo a decis\\u00e3o, teriam atuado junto\",\"inLanguage\":\"pt-BR\",\"isPartOf\":{\"@id\":\"https:\\\/\\\/newsinfoco.com.br\\\/inicio\\\/#website\"},\"breadcrumb\":{\"@id\":\"https:\\\/\\\/newsinfoco.com.br\\\/inicio\\\/defesa-de-bolsonaro-diz-ter-sido-surpreendida-com-indiciamento\\\/#breadcrumblist\"},\"author\":{\"@id\":\"https:\\\/\\\/newsinfoco.com.br\\\/inicio\\\/author\\\/administrador\\\/#author\"},\"creator\":{\"@id\":\"https:\\\/\\\/newsinfoco.com.br\\\/inicio\\\/author\\\/administrador\\\/#author\"},\"image\":{\"@type\":\"ImageObject\",\"url\":\"https:\\\/\\\/newsinfoco.com.br\\\/inicio\\\/wp-content\\\/uploads\\\/2025\\\/08\\\/JERONIMO-1-1-1.png\",\"@id\":\"https:\\\/\\\/newsinfoco.com.br\\\/inicio\\\/defesa-de-bolsonaro-diz-ter-sido-surpreendida-com-indiciamento\\\/#mainImage\",\"width\":600,\"height\":420},\"primaryImageOfPage\":{\"@id\":\"https:\\\/\\\/newsinfoco.com.br\\\/inicio\\\/defesa-de-bolsonaro-diz-ter-sido-surpreendida-com-indiciamento\\\/#mainImage\"},\"datePublished\":\"2025-08-21T13:45:01-03:00\",\"dateModified\":\"2025-08-21T13:45:01-03:00\"},{\"@type\":\"WebSite\",\"@id\":\"https:\\\/\\\/newsinfoco.com.br\\\/inicio\\\/#website\",\"url\":\"https:\\\/\\\/newsinfoco.com.br\\\/inicio\\\/\",\"name\":\"News In Foco - Editado por Caio Pimenta\",\"description\":\"O principal site de noticias de Alagoinhas e regi\\u00e3o\",\"inLanguage\":\"pt-BR\",\"publisher\":{\"@id\":\"https:\\\/\\\/newsinfoco.com.br\\\/inicio\\\/#organization\"}}]}\n\t\t<\/script>\n\t\t<!-- All in One SEO -->\n\n","aioseo_head_json":{"title":"Defesa de Bolsonaro diz ter sido surpreendida com indiciamento - News In Foco - Editado por Caio Pimenta","description":"A defesa do ex-presidente Jair Bolsonaro (PL) disse ter sido surpreendida com o indiciamento de seu cliente por crime de coa\u00e7\u00e3o no curso do processo e tentativa de aboli\u00e7\u00e3o do Estado Democr\u00e1tico de Direito. Segundo mat\u00e9ria da Ag\u00eancia Brasil, Bolsonaro e seu filho, o deputado federal Eduardo Bolsonaro (PL), segundo a decis\u00e3o, teriam atuado junto","canonical_url":"https:\/\/newsinfoco.com.br\/inicio\/defesa-de-bolsonaro-diz-ter-sido-surpreendida-com-indiciamento\/","robots":"max-image-preview:large","keywords":"","webmasterTools":{"miscellaneous":""},"schema":{"@context":"https:\/\/schema.org","@graph":[{"@type":"BlogPosting","@id":"https:\/\/newsinfoco.com.br\/inicio\/defesa-de-bolsonaro-diz-ter-sido-surpreendida-com-indiciamento\/#blogposting","name":"Defesa de Bolsonaro diz ter sido surpreendida com indiciamento - News In Foco - Editado por Caio Pimenta","headline":"Defesa de Bolsonaro diz ter sido surpreendida com indiciamento","author":{"@id":"https:\/\/newsinfoco.com.br\/inicio\/author\/administrador\/#author"},"publisher":{"@id":"https:\/\/newsinfoco.com.br\/inicio\/#organization"},"image":{"@type":"ImageObject","url":"https:\/\/newsinfoco.com.br\/inicio\/wp-content\/uploads\/2025\/08\/JERONIMO-1-1-1.png","width":600,"height":420},"datePublished":"2025-08-21T13:45:01-03:00","dateModified":"2025-08-21T13:45:01-03:00","inLanguage":"pt-BR","mainEntityOfPage":{"@id":"https:\/\/newsinfoco.com.br\/inicio\/defesa-de-bolsonaro-diz-ter-sido-surpreendida-com-indiciamento\/#webpage"},"isPartOf":{"@id":"https:\/\/newsinfoco.com.br\/inicio\/defesa-de-bolsonaro-diz-ter-sido-surpreendida-com-indiciamento\/#webpage"},"articleSection":"Brasil"},{"@type":"BreadcrumbList","@id":"https:\/\/newsinfoco.com.br\/inicio\/defesa-de-bolsonaro-diz-ter-sido-surpreendida-com-indiciamento\/#breadcrumblist","itemListElement":[{"@type":"ListItem","@id":"https:\/\/newsinfoco.com.br\/inicio#listItem","position":1,"name":"In\u00edcio","item":"https:\/\/newsinfoco.com.br\/inicio","nextItem":{"@type":"ListItem","@id":"https:\/\/newsinfoco.com.br\/inicio\/category\/brasil\/#listItem","name":"Brasil"}},{"@type":"ListItem","@id":"https:\/\/newsinfoco.com.br\/inicio\/category\/brasil\/#listItem","position":2,"name":"Brasil","item":"https:\/\/newsinfoco.com.br\/inicio\/category\/brasil\/","nextItem":{"@type":"ListItem","@id":"https:\/\/newsinfoco.com.br\/inicio\/defesa-de-bolsonaro-diz-ter-sido-surpreendida-com-indiciamento\/#listItem","name":"Defesa de Bolsonaro diz ter sido surpreendida com indiciamento"},"previousItem":{"@type":"ListItem","@id":"https:\/\/newsinfoco.com.br\/inicio#listItem","name":"In\u00edcio"}},{"@type":"ListItem","@id":"https:\/\/newsinfoco.com.br\/inicio\/defesa-de-bolsonaro-diz-ter-sido-surpreendida-com-indiciamento\/#listItem","position":3,"name":"Defesa de Bolsonaro diz ter sido surpreendida com indiciamento","previousItem":{"@type":"ListItem","@id":"https:\/\/newsinfoco.com.br\/inicio\/category\/brasil\/#listItem","name":"Brasil"}}]},{"@type":"Organization","@id":"https:\/\/newsinfoco.com.br\/inicio\/#organization","name":"News In Foco - Editado por Caio Pimenta","description":"O principal site de noticias de Alagoinhas e regi\u00e3o","url":"https:\/\/newsinfoco.com.br\/inicio\/"},{"@type":"Person","@id":"https:\/\/newsinfoco.com.br\/inicio\/author\/administrador\/#author","url":"https:\/\/newsinfoco.com.br\/inicio\/author\/administrador\/","name":"administrador","image":{"@type":"ImageObject","@id":"https:\/\/newsinfoco.com.br\/inicio\/defesa-de-bolsonaro-diz-ter-sido-surpreendida-com-indiciamento\/#authorImage","url":"https:\/\/secure.gravatar.com\/avatar\/c17a617433de8c1dc9584bb79aab7563b46f5bb7e1728c9b17d9cc3ce6a08e49?s=96&d=mm&r=g","width":96,"height":96,"caption":"administrador"}},{"@type":"WebPage","@id":"https:\/\/newsinfoco.com.br\/inicio\/defesa-de-bolsonaro-diz-ter-sido-surpreendida-com-indiciamento\/#webpage","url":"https:\/\/newsinfoco.com.br\/inicio\/defesa-de-bolsonaro-diz-ter-sido-surpreendida-com-indiciamento\/","name":"Defesa de Bolsonaro diz ter sido surpreendida com indiciamento - News In Foco - Editado por Caio Pimenta","description":"A defesa do ex-presidente Jair Bolsonaro (PL) disse ter sido surpreendida com o indiciamento de seu cliente por crime de coa\u00e7\u00e3o no curso do processo e tentativa de aboli\u00e7\u00e3o do Estado Democr\u00e1tico de Direito. Segundo mat\u00e9ria da Ag\u00eancia Brasil, Bolsonaro e seu filho, o deputado federal Eduardo Bolsonaro (PL), segundo a decis\u00e3o, teriam atuado junto","inLanguage":"pt-BR","isPartOf":{"@id":"https:\/\/newsinfoco.com.br\/inicio\/#website"},"breadcrumb":{"@id":"https:\/\/newsinfoco.com.br\/inicio\/defesa-de-bolsonaro-diz-ter-sido-surpreendida-com-indiciamento\/#breadcrumblist"},"author":{"@id":"https:\/\/newsinfoco.com.br\/inicio\/author\/administrador\/#author"},"creator":{"@id":"https:\/\/newsinfoco.com.br\/inicio\/author\/administrador\/#author"},"image":{"@type":"ImageObject","url":"https:\/\/newsinfoco.com.br\/inicio\/wp-content\/uploads\/2025\/08\/JERONIMO-1-1-1.png","@id":"https:\/\/newsinfoco.com.br\/inicio\/defesa-de-bolsonaro-diz-ter-sido-surpreendida-com-indiciamento\/#mainImage","width":600,"height":420},"primaryImageOfPage":{"@id":"https:\/\/newsinfoco.com.br\/inicio\/defesa-de-bolsonaro-diz-ter-sido-surpreendida-com-indiciamento\/#mainImage"},"datePublished":"2025-08-21T13:45:01-03:00","dateModified":"2025-08-21T13:45:01-03:00"},{"@type":"WebSite","@id":"https:\/\/newsinfoco.com.br\/inicio\/#website","url":"https:\/\/newsinfoco.com.br\/inicio\/","name":"News In Foco - Editado por Caio Pimenta","description":"O principal site de noticias de Alagoinhas e regi\u00e3o","inLanguage":"pt-BR","publisher":{"@id":"https:\/\/newsinfoco.com.br\/inicio\/#organization"}}]},"og:locale":"pt_BR","og:site_name":"News In Foco - Editado por Caio Pimenta - O principal site de noticias de Alagoinhas e regi\u00e3o","og:type":"article","og:title":"Defesa de Bolsonaro diz ter sido surpreendida com indiciamento - News In Foco - Editado por Caio Pimenta","og:description":"A defesa do ex-presidente Jair Bolsonaro (PL) disse ter sido surpreendida com o indiciamento de seu cliente por crime de coa\u00e7\u00e3o no curso do processo e tentativa de aboli\u00e7\u00e3o do Estado Democr\u00e1tico de Direito. Segundo mat\u00e9ria da Ag\u00eancia Brasil, Bolsonaro e seu filho, o deputado federal Eduardo Bolsonaro (PL), segundo a decis\u00e3o, teriam atuado junto","og:url":"https:\/\/newsinfoco.com.br\/inicio\/defesa-de-bolsonaro-diz-ter-sido-surpreendida-com-indiciamento\/","article:published_time":"2025-08-21T16:45:01+00:00","article:modified_time":"2025-08-21T16:45:01+00:00","twitter:card":"summary_large_image","twitter:title":"Defesa de Bolsonaro diz ter sido surpreendida com indiciamento - News In Foco - Editado por Caio Pimenta","twitter:description":"A defesa do ex-presidente Jair Bolsonaro (PL) disse ter sido surpreendida com o indiciamento de seu cliente por crime de coa\u00e7\u00e3o no curso do processo e tentativa de aboli\u00e7\u00e3o do Estado Democr\u00e1tico de Direito. Segundo mat\u00e9ria da Ag\u00eancia Brasil, Bolsonaro e seu filho, o deputado federal Eduardo Bolsonaro (PL), segundo a decis\u00e3o, teriam atuado junto"},"aioseo_meta_data":{"post_id":"44497","title":null,"description":null,"keywords":null,"keyphrases":{"focus":{"keyphrase":"","score":0,"analysis":{"keyphraseInTitle":{"score":0,"maxScore":9,"error":1}}},"additional":[]},"primary_term":null,"canonical_url":null,"og_title":null,"og_description":null,"og_object_type":"default","og_image_type":"default","og_image_url":null,"og_image_width":null,"og_image_height":null,"og_image_custom_url":null,"og_image_custom_fields":null,"og_video":"","og_custom_url":null,"og_article_section":null,"og_article_tags":null,"twitter_use_og":false,"twitter_card":"default","twitter_image_type":"default","twitter_image_url":null,"twitter_image_custom_url":null,"twitter_image_custom_fields":null,"twitter_title":null,"twitter_description":null,"schema":{"blockGraphs":[],"customGraphs":[],"default":{"data":{"Article":[],"Course":[],"Dataset":[],"FAQPage":[],"Movie":[],"Person":[],"Product":[],"ProductReview":[],"Car":[],"Recipe":[],"Service":[],"SoftwareApplication":[],"WebPage":[]},"graphName":"BlogPosting","isEnabled":true},"graphs":[]},"schema_type":"default","schema_type_options":null,"pillar_content":false,"robots_default":true,"robots_noindex":false,"robots_noarchive":false,"robots_nosnippet":false,"robots_nofollow":false,"robots_noimageindex":false,"robots_noodp":false,"robots_notranslate":false,"robots_max_snippet":"-1","robots_max_videopreview":"-1","robots_max_imagepreview":"large","priority":null,"frequency":"default","local_seo":null,"breadcrumb_settings":null,"limit_modified_date":false,"ai":{"faqs":[],"keyPoints":[],"titles":[],"descriptions":[],"socialPosts":{"email":[],"linkedin":[],"twitter":[],"facebook":[],"instagram":[]}},"created":"2025-08-21 16:45:02","updated":"2025-08-21 16:53:14","seo_analyzer_scan_date":null},"aioseo_breadcrumb":"<div class=\"aioseo-breadcrumbs\"><span class=\"aioseo-breadcrumb\">\n\t\t\t<a href=\"https:\/\/newsinfoco.com.br\/inicio\" title=\"In\u00edcio\">In\u00edcio<\/a>\n\t\t<\/span><span class=\"aioseo-breadcrumb-separator\">&raquo;<\/span><span class=\"aioseo-breadcrumb\">\n\t\t\t<a href=\"https:\/\/newsinfoco.com.br\/inicio\/category\/brasil\/\" title=\"Brasil\">Brasil<\/a>\n\t\t<\/span><span class=\"aioseo-breadcrumb-separator\">&raquo;<\/span><span class=\"aioseo-breadcrumb\">\n\t\t\tDefesa de Bolsonaro diz ter sido surpreendida com indiciamento\n\t\t<\/span><\/div>","aioseo_breadcrumb_json":[{"label":"In\u00edcio","link":"https:\/\/newsinfoco.com.br\/inicio"},{"label":"Brasil","link":"https:\/\/newsinfoco.com.br\/inicio\/category\/brasil\/"},{"label":"Defesa de Bolsonaro diz ter sido surpreendida com indiciamento","link":"https:\/\/newsinfoco.com.br\/inicio\/defesa-de-bolsonaro-diz-ter-sido-surpreendida-com-indiciamento\/"}],"_links":{"self":[{"href":"https:\/\/newsinfoco.com.br\/inicio\/wp-json\/wp\/v2\/posts\/44497","targetHints":{"allow":["GET"]}}],"collection":[{"href":"https:\/\/newsinfoco.com.br\/inicio\/wp-json\/wp\/v2\/posts"}],"about":[{"href":"https:\/\/newsinfoco.com.br\/inicio\/wp-json\/wp\/v2\/types\/post"}],"author":[{"embeddable":true,"href":"https:\/\/newsinfoco.com.br\/inicio\/wp-json\/wp\/v2\/users\/1"}],"replies":[{"embeddable":true,"href":"https:\/\/newsinfoco.com.br\/inicio\/wp-json\/wp\/v2\/comments?post=44497"}],"version-history":[{"count":1,"href":"https:\/\/newsinfoco.com.br\/inicio\/wp-json\/wp\/v2\/posts\/44497\/revisions"}],"predecessor-version":[{"id":44499,"href":"https:\/\/newsinfoco.com.br\/inicio\/wp-json\/wp\/v2\/posts\/44497\/revisions\/44499"}],"wp:featuredmedia":[{"embeddable":true,"href":"https:\/\/newsinfoco.com.br\/inicio\/wp-json\/wp\/v2\/media\/44498"}],"wp:attachment":[{"href":"https:\/\/newsinfoco.com.br\/inicio\/wp-json\/wp\/v2\/media?parent=44497"}],"wp:term":[{"taxonomy":"category","embeddable":true,"href":"https:\/\/newsinfoco.com.br\/inicio\/wp-json\/wp\/v2\/categories?post=44497"},{"taxonomy":"post_tag","embeddable":true,"href":"https:\/\/newsinfoco.com.br\/inicio\/wp-json\/wp\/v2\/tags?post=44497"}],"curies":[{"name":"wp","href":"https:\/\/api.w.org\/{rel}","templated":true}]}}