{"id":44507,"date":"2025-08-21T14:28:56","date_gmt":"2025-08-21T17:28:56","guid":{"rendered":"https:\/\/newsinfoco.com.br\/inicio\/?p=44507"},"modified":"2025-08-21T14:28:56","modified_gmt":"2025-08-21T17:28:56","slug":"tarcisio-minimiza-criticas-de-eduardo-bolsonaro-conversa-de-pai-para-filho","status":"publish","type":"post","link":"https:\/\/newsinfoco.com.br\/inicio\/tarcisio-minimiza-criticas-de-eduardo-bolsonaro-conversa-de-pai-para-filho\/","title":{"rendered":"Tarc\u00edsio minimiza cr\u00edticas de Eduardo Bolsonaro: \u2018Conversa de pai para filho\u2019"},"content":{"rendered":"<p>O governador de S\u00e3o Paulo, Tarc\u00edsio de Freitas (Republicanos), saiu em defesa do ex-presidente Jair Bolsonaro e do seu filho Eduardo, deputado federal licenciado, ap\u00f3s o vazamento dos xingamentos, o qual o Executivo foi o piv\u00f4.<\/p>\n<p>\u201cN\u00e3o vou comentar uma conversa privada de pai para filho. \u00c9 uma quest\u00e3o que s\u00f3 interessa aos dois. E eu n\u00e3o sei nem por que essas conversas foram divulgadas. N\u00e3o vejo interesse p\u00fablico nisso\u201d, disse o paulista.<\/p>\n<p>As falas foram divulgadas nessa quarta (20) em um relat\u00f3rio da Pol\u00edcia Federal. Pai e filho foram indiciados por coes\u00e3o e tentativa de obstru\u00e7\u00e3o de Justi\u00e7a em meio ao julgamento da trama golpista no Supremo Tribunal Federal (STF).<\/p>\n<p>Em entrevista, o governador ainda diz que mant\u00e9m uma boa rela\u00e7\u00e3o com a fam\u00edlia Bolsonaro.<\/p>\n<p>\u201cRela\u00e7\u00e3o de lealdade, rela\u00e7\u00e3o de amizade, rela\u00e7\u00e3o de gratid\u00e3o com uma pessoa que eu entendo que fez muito pelo Brasil e fez muito por mim. Me abriu a porta, sempre foi muito amigo e eu vou ser amigo, vou estar sempre do lado, vou estar sempre trabalhando para ajudar na medida do poss\u00edvel\u201d, afirmou Tarc\u00edsio.<\/p>\n<p><b>Bolsonaro indiciado pela PF<\/b><\/p>\n<p>O ex-presidente Jair Bolsonaro e o filho, o deputado licenciado Eduardo Bolsonaro, foram\u00a0<a href=\"https:\/\/bahia.ba\/politica\/pastor-silas-malafaia-e-alvo-de-buscas-da-pf-bolsonaro-e-eduardo-sao-indiciados\/\"><b>indiciados por coa\u00e7\u00e3o no processo que tamb\u00e9m investiga a tentativa de golpe de Estado\u00a0<\/b><\/a>na noite da \u00faltima quarta-feira, 20.<\/p>\n<div>\n<div class=\"trv-player-container\">\n<div class=\"trv-wrapper\">\n<div id=\"br_video_player_c80cb62f6a28d867330e0868d33f7c9dc3c659f9\" class=\"trvd_video_player trvdinstream\">\n<div class=\"media-player\">\n<div class=\"trv-video\">\n<div id=\"truvid_ima_container20864\" class=\"truvid_ima_container\">\n<p>Segundo a PF, pai e filho s\u00e3o acusados de \u201ctentar submeter o STF ao crivo de outro Estado estrangeiro, por meios hostis derivados de negocia\u00e7\u00f5es esp\u00farias e criminosas, com patente obstru\u00e7\u00e3o \u00e0 Justi\u00e7a\u201d.<\/p>\n<p>Conforme as investiga\u00e7\u00f5es, o ex-presidente Bolsonaro chegou a discutir asilo pol\u00edtico ao presidente da Argentina, Javier Milei. Segundo a PF, Bolsonaro planejou sair do pa\u00eds com o objetivo de impedir a aplica\u00e7\u00e3o da lei penal brasileira. O documento foi anexado no relat\u00f3rio divulgado.<\/p>\n<p>Bahia.Ba<\/p>\n<\/div>\n<\/div>\n<\/div>\n<\/div>\n<\/div>\n<\/div>\n<\/div>\n<div class='share-to-whatsapp-wrapper'><div class='share-on-whsp'>Share on: <\/div><a data-text='Tarc\u00edsio minimiza cr\u00edticas de Eduardo Bolsonaro: \u2018Conversa de pai para filho\u2019' data-link='https:\/\/newsinfoco.com.br\/inicio\/tarcisio-minimiza-criticas-de-eduardo-bolsonaro-conversa-de-pai-para-filho\/' class='whatsapp-button whatsapp-share'>WhatsApp<\/a><div class='clear '><\/div><\/div>","protected":false},"excerpt":{"rendered":"<p>O governador de S\u00e3o Paulo, Tarc\u00edsio de Freitas (Republicanos), saiu em defesa do ex-presidente Jair Bolsonaro e do seu filho Eduardo, deputado federal licenciado, ap\u00f3s o vazamento dos xingamentos, o qual o Executivo foi o piv\u00f4. \u201cN\u00e3o vou comentar uma conversa privada de pai para filho. \u00c9 uma quest\u00e3o que s\u00f3 interessa aos dois. E [&hellip;]<\/p>\n","protected":false},"author":1,"featured_media":44508,"comment_status":"closed","ping_status":"closed","sticky":false,"template":"","format":"standard","meta":{"om_disable_all_campaigns":false,"rop_custom_images_group":[],"rop_custom_messages_group":[],"rop_publish_now":"initial","rop_publish_now_accounts":[],"rop_publish_now_history":[],"rop_publish_now_status":"pending","_exactmetrics_skip_tracking":false,"footnotes":""},"categories":[21],"tags":[],"class_list":["post-44507","post","type-post","status-publish","format-standard","has-post-thumbnail","hentry","category-brasil"],"aioseo_notices":[],"aioseo_head":"\n\t\t<!-- All in One SEO 4.9.10 - aioseo.com -->\n\t<meta name=\"description\" content=\"O governador de S\u00e3o Paulo, Tarc\u00edsio de Freitas (Republicanos), saiu em defesa do ex-presidente Jair Bolsonaro e do seu filho Eduardo, deputado federal licenciado, ap\u00f3s o vazamento dos xingamentos, o qual o Executivo foi o piv\u00f4. \u201cN\u00e3o vou comentar uma conversa privada de pai para filho. \u00c9 uma quest\u00e3o que s\u00f3 interessa aos dois. E\" \/>\n\t<meta name=\"robots\" content=\"max-image-preview:large\" \/>\n\t<meta name=\"author\" content=\"administrador\"\/>\n\t<link rel=\"canonical\" href=\"https:\/\/newsinfoco.com.br\/inicio\/tarcisio-minimiza-criticas-de-eduardo-bolsonaro-conversa-de-pai-para-filho\/\" \/>\n\t<meta name=\"generator\" content=\"All in One SEO (AIOSEO) 4.9.10\" \/>\n\t\t<meta property=\"og:locale\" content=\"pt_BR\" \/>\n\t\t<meta property=\"og:site_name\" content=\"News In Foco - Editado por Caio Pimenta - O principal site de noticias de Alagoinhas e regi\u00e3o\" \/>\n\t\t<meta property=\"og:type\" content=\"article\" \/>\n\t\t<meta property=\"og:title\" content=\"Tarc\u00edsio minimiza cr\u00edticas de Eduardo Bolsonaro: \u2018Conversa de pai para filho\u2019 - News In Foco - Editado por Caio Pimenta\" \/>\n\t\t<meta property=\"og:description\" content=\"O governador de S\u00e3o Paulo, Tarc\u00edsio de Freitas (Republicanos), saiu em defesa do ex-presidente Jair Bolsonaro e do seu filho Eduardo, deputado federal licenciado, ap\u00f3s o vazamento dos xingamentos, o qual o Executivo foi o piv\u00f4. \u201cN\u00e3o vou comentar uma conversa privada de pai para filho. \u00c9 uma quest\u00e3o que s\u00f3 interessa aos dois. E\" \/>\n\t\t<meta property=\"og:url\" content=\"https:\/\/newsinfoco.com.br\/inicio\/tarcisio-minimiza-criticas-de-eduardo-bolsonaro-conversa-de-pai-para-filho\/\" \/>\n\t\t<meta property=\"article:published_time\" content=\"2025-08-21T17:28:56+00:00\" \/>\n\t\t<meta property=\"article:modified_time\" content=\"2025-08-21T17:28:56+00:00\" \/>\n\t\t<meta name=\"twitter:card\" content=\"summary_large_image\" \/>\n\t\t<meta name=\"twitter:title\" content=\"Tarc\u00edsio minimiza cr\u00edticas de Eduardo Bolsonaro: \u2018Conversa de pai para filho\u2019 - News In Foco - Editado por Caio Pimenta\" \/>\n\t\t<meta name=\"twitter:description\" content=\"O governador de S\u00e3o Paulo, Tarc\u00edsio de Freitas (Republicanos), saiu em defesa do ex-presidente Jair Bolsonaro e do seu filho Eduardo, deputado federal licenciado, ap\u00f3s o vazamento dos xingamentos, o qual o Executivo foi o piv\u00f4. \u201cN\u00e3o vou comentar uma conversa privada de pai para filho. \u00c9 uma quest\u00e3o que s\u00f3 interessa aos dois. E\" \/>\n\t\t<script type=\"application\/ld+json\" class=\"aioseo-schema\">\n\t\t\t{\"@context\":\"https:\\\/\\\/schema.org\",\"@graph\":[{\"@type\":\"BlogPosting\",\"@id\":\"https:\\\/\\\/newsinfoco.com.br\\\/inicio\\\/tarcisio-minimiza-criticas-de-eduardo-bolsonaro-conversa-de-pai-para-filho\\\/#blogposting\",\"name\":\"Tarc\\u00edsio minimiza cr\\u00edticas de Eduardo Bolsonaro: \\u2018Conversa de pai para filho\\u2019 - News In Foco - Editado por Caio Pimenta\",\"headline\":\"Tarc\\u00edsio minimiza cr\\u00edticas de Eduardo Bolsonaro: \\u2018Conversa de pai para filho\\u2019\",\"author\":{\"@id\":\"https:\\\/\\\/newsinfoco.com.br\\\/inicio\\\/author\\\/administrador\\\/#author\"},\"publisher\":{\"@id\":\"https:\\\/\\\/newsinfoco.com.br\\\/inicio\\\/#organization\"},\"image\":{\"@type\":\"ImageObject\",\"url\":\"https:\\\/\\\/newsinfoco.com.br\\\/inicio\\\/wp-content\\\/uploads\\\/2025\\\/08\\\/SaveClip.App_489026022_18165768133338453_5134705122068191866_n.jpg\",\"width\":958,\"height\":958},\"datePublished\":\"2025-08-21T14:28:56-03:00\",\"dateModified\":\"2025-08-21T14:28:56-03:00\",\"inLanguage\":\"pt-BR\",\"mainEntityOfPage\":{\"@id\":\"https:\\\/\\\/newsinfoco.com.br\\\/inicio\\\/tarcisio-minimiza-criticas-de-eduardo-bolsonaro-conversa-de-pai-para-filho\\\/#webpage\"},\"isPartOf\":{\"@id\":\"https:\\\/\\\/newsinfoco.com.br\\\/inicio\\\/tarcisio-minimiza-criticas-de-eduardo-bolsonaro-conversa-de-pai-para-filho\\\/#webpage\"},\"articleSection\":\"Brasil\"},{\"@type\":\"BreadcrumbList\",\"@id\":\"https:\\\/\\\/newsinfoco.com.br\\\/inicio\\\/tarcisio-minimiza-criticas-de-eduardo-bolsonaro-conversa-de-pai-para-filho\\\/#breadcrumblist\",\"itemListElement\":[{\"@type\":\"ListItem\",\"@id\":\"https:\\\/\\\/newsinfoco.com.br\\\/inicio#listItem\",\"position\":1,\"name\":\"In\\u00edcio\",\"item\":\"https:\\\/\\\/newsinfoco.com.br\\\/inicio\",\"nextItem\":{\"@type\":\"ListItem\",\"@id\":\"https:\\\/\\\/newsinfoco.com.br\\\/inicio\\\/category\\\/brasil\\\/#listItem\",\"name\":\"Brasil\"}},{\"@type\":\"ListItem\",\"@id\":\"https:\\\/\\\/newsinfoco.com.br\\\/inicio\\\/category\\\/brasil\\\/#listItem\",\"position\":2,\"name\":\"Brasil\",\"item\":\"https:\\\/\\\/newsinfoco.com.br\\\/inicio\\\/category\\\/brasil\\\/\",\"nextItem\":{\"@type\":\"ListItem\",\"@id\":\"https:\\\/\\\/newsinfoco.com.br\\\/inicio\\\/tarcisio-minimiza-criticas-de-eduardo-bolsonaro-conversa-de-pai-para-filho\\\/#listItem\",\"name\":\"Tarc\\u00edsio minimiza cr\\u00edticas de Eduardo Bolsonaro: \\u2018Conversa de pai para filho\\u2019\"},\"previousItem\":{\"@type\":\"ListItem\",\"@id\":\"https:\\\/\\\/newsinfoco.com.br\\\/inicio#listItem\",\"name\":\"In\\u00edcio\"}},{\"@type\":\"ListItem\",\"@id\":\"https:\\\/\\\/newsinfoco.com.br\\\/inicio\\\/tarcisio-minimiza-criticas-de-eduardo-bolsonaro-conversa-de-pai-para-filho\\\/#listItem\",\"position\":3,\"name\":\"Tarc\\u00edsio minimiza cr\\u00edticas de Eduardo Bolsonaro: \\u2018Conversa de pai para filho\\u2019\",\"previousItem\":{\"@type\":\"ListItem\",\"@id\":\"https:\\\/\\\/newsinfoco.com.br\\\/inicio\\\/category\\\/brasil\\\/#listItem\",\"name\":\"Brasil\"}}]},{\"@type\":\"Organization\",\"@id\":\"https:\\\/\\\/newsinfoco.com.br\\\/inicio\\\/#organization\",\"name\":\"News In Foco - Editado por Caio Pimenta\",\"description\":\"O principal site de noticias de Alagoinhas e regi\\u00e3o\",\"url\":\"https:\\\/\\\/newsinfoco.com.br\\\/inicio\\\/\"},{\"@type\":\"Person\",\"@id\":\"https:\\\/\\\/newsinfoco.com.br\\\/inicio\\\/author\\\/administrador\\\/#author\",\"url\":\"https:\\\/\\\/newsinfoco.com.br\\\/inicio\\\/author\\\/administrador\\\/\",\"name\":\"administrador\",\"image\":{\"@type\":\"ImageObject\",\"@id\":\"https:\\\/\\\/newsinfoco.com.br\\\/inicio\\\/tarcisio-minimiza-criticas-de-eduardo-bolsonaro-conversa-de-pai-para-filho\\\/#authorImage\",\"url\":\"https:\\\/\\\/secure.gravatar.com\\\/avatar\\\/c17a617433de8c1dc9584bb79aab7563b46f5bb7e1728c9b17d9cc3ce6a08e49?s=96&d=mm&r=g\",\"width\":96,\"height\":96,\"caption\":\"administrador\"}},{\"@type\":\"WebPage\",\"@id\":\"https:\\\/\\\/newsinfoco.com.br\\\/inicio\\\/tarcisio-minimiza-criticas-de-eduardo-bolsonaro-conversa-de-pai-para-filho\\\/#webpage\",\"url\":\"https:\\\/\\\/newsinfoco.com.br\\\/inicio\\\/tarcisio-minimiza-criticas-de-eduardo-bolsonaro-conversa-de-pai-para-filho\\\/\",\"name\":\"Tarc\\u00edsio minimiza cr\\u00edticas de Eduardo Bolsonaro: \\u2018Conversa de pai para filho\\u2019 - News In Foco - Editado por Caio Pimenta\",\"description\":\"O governador de S\\u00e3o Paulo, Tarc\\u00edsio de Freitas (Republicanos), saiu em defesa do ex-presidente Jair Bolsonaro e do seu filho Eduardo, deputado federal licenciado, ap\\u00f3s o vazamento dos xingamentos, o qual o Executivo foi o piv\\u00f4. \\u201cN\\u00e3o vou comentar uma conversa privada de pai para filho. \\u00c9 uma quest\\u00e3o que s\\u00f3 interessa aos dois. E\",\"inLanguage\":\"pt-BR\",\"isPartOf\":{\"@id\":\"https:\\\/\\\/newsinfoco.com.br\\\/inicio\\\/#website\"},\"breadcrumb\":{\"@id\":\"https:\\\/\\\/newsinfoco.com.br\\\/inicio\\\/tarcisio-minimiza-criticas-de-eduardo-bolsonaro-conversa-de-pai-para-filho\\\/#breadcrumblist\"},\"author\":{\"@id\":\"https:\\\/\\\/newsinfoco.com.br\\\/inicio\\\/author\\\/administrador\\\/#author\"},\"creator\":{\"@id\":\"https:\\\/\\\/newsinfoco.com.br\\\/inicio\\\/author\\\/administrador\\\/#author\"},\"image\":{\"@type\":\"ImageObject\",\"url\":\"https:\\\/\\\/newsinfoco.com.br\\\/inicio\\\/wp-content\\\/uploads\\\/2025\\\/08\\\/SaveClip.App_489026022_18165768133338453_5134705122068191866_n.jpg\",\"@id\":\"https:\\\/\\\/newsinfoco.com.br\\\/inicio\\\/tarcisio-minimiza-criticas-de-eduardo-bolsonaro-conversa-de-pai-para-filho\\\/#mainImage\",\"width\":958,\"height\":958},\"primaryImageOfPage\":{\"@id\":\"https:\\\/\\\/newsinfoco.com.br\\\/inicio\\\/tarcisio-minimiza-criticas-de-eduardo-bolsonaro-conversa-de-pai-para-filho\\\/#mainImage\"},\"datePublished\":\"2025-08-21T14:28:56-03:00\",\"dateModified\":\"2025-08-21T14:28:56-03:00\"},{\"@type\":\"WebSite\",\"@id\":\"https:\\\/\\\/newsinfoco.com.br\\\/inicio\\\/#website\",\"url\":\"https:\\\/\\\/newsinfoco.com.br\\\/inicio\\\/\",\"name\":\"News In Foco - Editado por Caio Pimenta\",\"description\":\"O principal site de noticias de Alagoinhas e regi\\u00e3o\",\"inLanguage\":\"pt-BR\",\"publisher\":{\"@id\":\"https:\\\/\\\/newsinfoco.com.br\\\/inicio\\\/#organization\"}}]}\n\t\t<\/script>\n\t\t<!-- All in One SEO -->\n\n","aioseo_head_json":{"title":"Tarc\u00edsio minimiza cr\u00edticas de Eduardo Bolsonaro: \u2018Conversa de pai para filho\u2019 - News In Foco - Editado por Caio Pimenta","description":"O governador de S\u00e3o Paulo, Tarc\u00edsio de Freitas (Republicanos), saiu em defesa do ex-presidente Jair Bolsonaro e do seu filho Eduardo, deputado federal licenciado, ap\u00f3s o vazamento dos xingamentos, o qual o Executivo foi o piv\u00f4. \u201cN\u00e3o vou comentar uma conversa privada de pai para filho. \u00c9 uma quest\u00e3o que s\u00f3 interessa aos dois. E","canonical_url":"https:\/\/newsinfoco.com.br\/inicio\/tarcisio-minimiza-criticas-de-eduardo-bolsonaro-conversa-de-pai-para-filho\/","robots":"max-image-preview:large","keywords":"","webmasterTools":{"miscellaneous":""},"schema":{"@context":"https:\/\/schema.org","@graph":[{"@type":"BlogPosting","@id":"https:\/\/newsinfoco.com.br\/inicio\/tarcisio-minimiza-criticas-de-eduardo-bolsonaro-conversa-de-pai-para-filho\/#blogposting","name":"Tarc\u00edsio minimiza cr\u00edticas de Eduardo Bolsonaro: \u2018Conversa de pai para filho\u2019 - News In Foco - Editado por Caio Pimenta","headline":"Tarc\u00edsio minimiza cr\u00edticas de Eduardo Bolsonaro: \u2018Conversa de pai para filho\u2019","author":{"@id":"https:\/\/newsinfoco.com.br\/inicio\/author\/administrador\/#author"},"publisher":{"@id":"https:\/\/newsinfoco.com.br\/inicio\/#organization"},"image":{"@type":"ImageObject","url":"https:\/\/newsinfoco.com.br\/inicio\/wp-content\/uploads\/2025\/08\/SaveClip.App_489026022_18165768133338453_5134705122068191866_n.jpg","width":958,"height":958},"datePublished":"2025-08-21T14:28:56-03:00","dateModified":"2025-08-21T14:28:56-03:00","inLanguage":"pt-BR","mainEntityOfPage":{"@id":"https:\/\/newsinfoco.com.br\/inicio\/tarcisio-minimiza-criticas-de-eduardo-bolsonaro-conversa-de-pai-para-filho\/#webpage"},"isPartOf":{"@id":"https:\/\/newsinfoco.com.br\/inicio\/tarcisio-minimiza-criticas-de-eduardo-bolsonaro-conversa-de-pai-para-filho\/#webpage"},"articleSection":"Brasil"},{"@type":"BreadcrumbList","@id":"https:\/\/newsinfoco.com.br\/inicio\/tarcisio-minimiza-criticas-de-eduardo-bolsonaro-conversa-de-pai-para-filho\/#breadcrumblist","itemListElement":[{"@type":"ListItem","@id":"https:\/\/newsinfoco.com.br\/inicio#listItem","position":1,"name":"In\u00edcio","item":"https:\/\/newsinfoco.com.br\/inicio","nextItem":{"@type":"ListItem","@id":"https:\/\/newsinfoco.com.br\/inicio\/category\/brasil\/#listItem","name":"Brasil"}},{"@type":"ListItem","@id":"https:\/\/newsinfoco.com.br\/inicio\/category\/brasil\/#listItem","position":2,"name":"Brasil","item":"https:\/\/newsinfoco.com.br\/inicio\/category\/brasil\/","nextItem":{"@type":"ListItem","@id":"https:\/\/newsinfoco.com.br\/inicio\/tarcisio-minimiza-criticas-de-eduardo-bolsonaro-conversa-de-pai-para-filho\/#listItem","name":"Tarc\u00edsio minimiza cr\u00edticas de Eduardo Bolsonaro: \u2018Conversa de pai para filho\u2019"},"previousItem":{"@type":"ListItem","@id":"https:\/\/newsinfoco.com.br\/inicio#listItem","name":"In\u00edcio"}},{"@type":"ListItem","@id":"https:\/\/newsinfoco.com.br\/inicio\/tarcisio-minimiza-criticas-de-eduardo-bolsonaro-conversa-de-pai-para-filho\/#listItem","position":3,"name":"Tarc\u00edsio minimiza cr\u00edticas de Eduardo Bolsonaro: \u2018Conversa de pai para filho\u2019","previousItem":{"@type":"ListItem","@id":"https:\/\/newsinfoco.com.br\/inicio\/category\/brasil\/#listItem","name":"Brasil"}}]},{"@type":"Organization","@id":"https:\/\/newsinfoco.com.br\/inicio\/#organization","name":"News In Foco - Editado por Caio Pimenta","description":"O principal site de noticias de Alagoinhas e regi\u00e3o","url":"https:\/\/newsinfoco.com.br\/inicio\/"},{"@type":"Person","@id":"https:\/\/newsinfoco.com.br\/inicio\/author\/administrador\/#author","url":"https:\/\/newsinfoco.com.br\/inicio\/author\/administrador\/","name":"administrador","image":{"@type":"ImageObject","@id":"https:\/\/newsinfoco.com.br\/inicio\/tarcisio-minimiza-criticas-de-eduardo-bolsonaro-conversa-de-pai-para-filho\/#authorImage","url":"https:\/\/secure.gravatar.com\/avatar\/c17a617433de8c1dc9584bb79aab7563b46f5bb7e1728c9b17d9cc3ce6a08e49?s=96&d=mm&r=g","width":96,"height":96,"caption":"administrador"}},{"@type":"WebPage","@id":"https:\/\/newsinfoco.com.br\/inicio\/tarcisio-minimiza-criticas-de-eduardo-bolsonaro-conversa-de-pai-para-filho\/#webpage","url":"https:\/\/newsinfoco.com.br\/inicio\/tarcisio-minimiza-criticas-de-eduardo-bolsonaro-conversa-de-pai-para-filho\/","name":"Tarc\u00edsio minimiza cr\u00edticas de Eduardo Bolsonaro: \u2018Conversa de pai para filho\u2019 - News In Foco - Editado por Caio Pimenta","description":"O governador de S\u00e3o Paulo, Tarc\u00edsio de Freitas (Republicanos), saiu em defesa do ex-presidente Jair Bolsonaro e do seu filho Eduardo, deputado federal licenciado, ap\u00f3s o vazamento dos xingamentos, o qual o Executivo foi o piv\u00f4. \u201cN\u00e3o vou comentar uma conversa privada de pai para filho. \u00c9 uma quest\u00e3o que s\u00f3 interessa aos dois. E","inLanguage":"pt-BR","isPartOf":{"@id":"https:\/\/newsinfoco.com.br\/inicio\/#website"},"breadcrumb":{"@id":"https:\/\/newsinfoco.com.br\/inicio\/tarcisio-minimiza-criticas-de-eduardo-bolsonaro-conversa-de-pai-para-filho\/#breadcrumblist"},"author":{"@id":"https:\/\/newsinfoco.com.br\/inicio\/author\/administrador\/#author"},"creator":{"@id":"https:\/\/newsinfoco.com.br\/inicio\/author\/administrador\/#author"},"image":{"@type":"ImageObject","url":"https:\/\/newsinfoco.com.br\/inicio\/wp-content\/uploads\/2025\/08\/SaveClip.App_489026022_18165768133338453_5134705122068191866_n.jpg","@id":"https:\/\/newsinfoco.com.br\/inicio\/tarcisio-minimiza-criticas-de-eduardo-bolsonaro-conversa-de-pai-para-filho\/#mainImage","width":958,"height":958},"primaryImageOfPage":{"@id":"https:\/\/newsinfoco.com.br\/inicio\/tarcisio-minimiza-criticas-de-eduardo-bolsonaro-conversa-de-pai-para-filho\/#mainImage"},"datePublished":"2025-08-21T14:28:56-03:00","dateModified":"2025-08-21T14:28:56-03:00"},{"@type":"WebSite","@id":"https:\/\/newsinfoco.com.br\/inicio\/#website","url":"https:\/\/newsinfoco.com.br\/inicio\/","name":"News In Foco - Editado por Caio Pimenta","description":"O principal site de noticias de Alagoinhas e regi\u00e3o","inLanguage":"pt-BR","publisher":{"@id":"https:\/\/newsinfoco.com.br\/inicio\/#organization"}}]},"og:locale":"pt_BR","og:site_name":"News In Foco - Editado por Caio Pimenta - O principal site de noticias de Alagoinhas e regi\u00e3o","og:type":"article","og:title":"Tarc\u00edsio minimiza cr\u00edticas de Eduardo Bolsonaro: \u2018Conversa de pai para filho\u2019 - News In Foco - Editado por Caio Pimenta","og:description":"O governador de S\u00e3o Paulo, Tarc\u00edsio de Freitas (Republicanos), saiu em defesa do ex-presidente Jair Bolsonaro e do seu filho Eduardo, deputado federal licenciado, ap\u00f3s o vazamento dos xingamentos, o qual o Executivo foi o piv\u00f4. \u201cN\u00e3o vou comentar uma conversa privada de pai para filho. \u00c9 uma quest\u00e3o que s\u00f3 interessa aos dois. E","og:url":"https:\/\/newsinfoco.com.br\/inicio\/tarcisio-minimiza-criticas-de-eduardo-bolsonaro-conversa-de-pai-para-filho\/","article:published_time":"2025-08-21T17:28:56+00:00","article:modified_time":"2025-08-21T17:28:56+00:00","twitter:card":"summary_large_image","twitter:title":"Tarc\u00edsio minimiza cr\u00edticas de Eduardo Bolsonaro: \u2018Conversa de pai para filho\u2019 - News In Foco - Editado por Caio Pimenta","twitter:description":"O governador de S\u00e3o Paulo, Tarc\u00edsio de Freitas (Republicanos), saiu em defesa do ex-presidente Jair Bolsonaro e do seu filho Eduardo, deputado federal licenciado, ap\u00f3s o vazamento dos xingamentos, o qual o Executivo foi o piv\u00f4. \u201cN\u00e3o vou comentar uma conversa privada de pai para filho. \u00c9 uma quest\u00e3o que s\u00f3 interessa aos dois. E"},"aioseo_meta_data":{"post_id":"44507","title":null,"description":null,"keywords":null,"keyphrases":{"focus":{"keyphrase":"","score":0,"analysis":{"keyphraseInTitle":{"score":0,"maxScore":9,"error":1}}},"additional":[]},"primary_term":null,"canonical_url":null,"og_title":null,"og_description":null,"og_object_type":"default","og_image_type":"default","og_image_url":null,"og_image_width":null,"og_image_height":null,"og_image_custom_url":null,"og_image_custom_fields":null,"og_video":"","og_custom_url":null,"og_article_section":null,"og_article_tags":null,"twitter_use_og":false,"twitter_card":"default","twitter_image_type":"default","twitter_image_url":null,"twitter_image_custom_url":null,"twitter_image_custom_fields":null,"twitter_title":null,"twitter_description":null,"schema":{"blockGraphs":[],"customGraphs":[],"default":{"data":{"Article":[],"Course":[],"Dataset":[],"FAQPage":[],"Movie":[],"Person":[],"Product":[],"ProductReview":[],"Car":[],"Recipe":[],"Service":[],"SoftwareApplication":[],"WebPage":[]},"graphName":"BlogPosting","isEnabled":true},"graphs":[]},"schema_type":"default","schema_type_options":null,"pillar_content":false,"robots_default":true,"robots_noindex":false,"robots_noarchive":false,"robots_nosnippet":false,"robots_nofollow":false,"robots_noimageindex":false,"robots_noodp":false,"robots_notranslate":false,"robots_max_snippet":"-1","robots_max_videopreview":"-1","robots_max_imagepreview":"large","priority":null,"frequency":"default","local_seo":null,"breadcrumb_settings":null,"limit_modified_date":false,"ai":{"faqs":[],"keyPoints":[],"titles":[],"descriptions":[],"socialPosts":{"email":[],"linkedin":[],"twitter":[],"facebook":[],"instagram":[]}},"created":"2025-08-21 17:28:57","updated":"2025-08-21 17:42:53","seo_analyzer_scan_date":null},"aioseo_breadcrumb":"<div class=\"aioseo-breadcrumbs\"><span class=\"aioseo-breadcrumb\">\n\t\t\t<a href=\"https:\/\/newsinfoco.com.br\/inicio\" title=\"In\u00edcio\">In\u00edcio<\/a>\n\t\t<\/span><span class=\"aioseo-breadcrumb-separator\">&raquo;<\/span><span class=\"aioseo-breadcrumb\">\n\t\t\t<a href=\"https:\/\/newsinfoco.com.br\/inicio\/category\/brasil\/\" title=\"Brasil\">Brasil<\/a>\n\t\t<\/span><span class=\"aioseo-breadcrumb-separator\">&raquo;<\/span><span class=\"aioseo-breadcrumb\">\n\t\t\tTarc\u00edsio minimiza cr\u00edticas de Eduardo Bolsonaro: \u2018Conversa de pai para filho\u2019\n\t\t<\/span><\/div>","aioseo_breadcrumb_json":[{"label":"In\u00edcio","link":"https:\/\/newsinfoco.com.br\/inicio"},{"label":"Brasil","link":"https:\/\/newsinfoco.com.br\/inicio\/category\/brasil\/"},{"label":"Tarc\u00edsio minimiza cr\u00edticas de Eduardo Bolsonaro: \u2018Conversa de pai para filho\u2019","link":"https:\/\/newsinfoco.com.br\/inicio\/tarcisio-minimiza-criticas-de-eduardo-bolsonaro-conversa-de-pai-para-filho\/"}],"_links":{"self":[{"href":"https:\/\/newsinfoco.com.br\/inicio\/wp-json\/wp\/v2\/posts\/44507","targetHints":{"allow":["GET"]}}],"collection":[{"href":"https:\/\/newsinfoco.com.br\/inicio\/wp-json\/wp\/v2\/posts"}],"about":[{"href":"https:\/\/newsinfoco.com.br\/inicio\/wp-json\/wp\/v2\/types\/post"}],"author":[{"embeddable":true,"href":"https:\/\/newsinfoco.com.br\/inicio\/wp-json\/wp\/v2\/users\/1"}],"replies":[{"embeddable":true,"href":"https:\/\/newsinfoco.com.br\/inicio\/wp-json\/wp\/v2\/comments?post=44507"}],"version-history":[{"count":1,"href":"https:\/\/newsinfoco.com.br\/inicio\/wp-json\/wp\/v2\/posts\/44507\/revisions"}],"predecessor-version":[{"id":44509,"href":"https:\/\/newsinfoco.com.br\/inicio\/wp-json\/wp\/v2\/posts\/44507\/revisions\/44509"}],"wp:featuredmedia":[{"embeddable":true,"href":"https:\/\/newsinfoco.com.br\/inicio\/wp-json\/wp\/v2\/media\/44508"}],"wp:attachment":[{"href":"https:\/\/newsinfoco.com.br\/inicio\/wp-json\/wp\/v2\/media?parent=44507"}],"wp:term":[{"taxonomy":"category","embeddable":true,"href":"https:\/\/newsinfoco.com.br\/inicio\/wp-json\/wp\/v2\/categories?post=44507"},{"taxonomy":"post_tag","embeddable":true,"href":"https:\/\/newsinfoco.com.br\/inicio\/wp-json\/wp\/v2\/tags?post=44507"}],"curies":[{"name":"wp","href":"https:\/\/api.w.org\/{rel}","templated":true}]}}