{"id":44510,"date":"2025-08-21T14:36:05","date_gmt":"2025-08-21T17:36:05","guid":{"rendered":"https:\/\/newsinfoco.com.br\/inicio\/?p=44510"},"modified":"2025-08-21T14:36:05","modified_gmt":"2025-08-21T17:36:05","slug":"corpo-de-ex-presidente-do-pt-bahia-sera-cremado-nesta-quinta-feira","status":"publish","type":"post","link":"https:\/\/newsinfoco.com.br\/inicio\/corpo-de-ex-presidente-do-pt-bahia-sera-cremado-nesta-quinta-feira\/","title":{"rendered":"Corpo de ex-presidente do PT Bahia ser\u00e1 cremado nesta quinta-feira"},"content":{"rendered":"<p>O corpo do ex-presidente do PT Bahia, Everaldo Anuncia\u00e7\u00e3o, ser\u00e1 cremado no cemit\u00e9rio Jardim da Saudade, no bairro de Brotas, em Salvador, na tarde desta quinta-feira, 21, \u00e0s 16h30. A informa\u00e7\u00e3o foi confirmada pela fam\u00edlia do petista.<\/p>\n<p>J\u00e1 o vel\u00f3rio do vice-presidente nacional da sigla aconteceu nesta manh\u00e3. A\u00a0<a href=\"https:\/\/bahia.ba\/politica\/morre-everaldo-anunciacao-ex-presidente-do-pt-na-bahia\/\" target=\"_blank\" rel=\"noopener\"><strong>morte do dirigente partid\u00e1rio foi confirmada na quarta-feira, 20<\/strong><\/a>, devido a complica\u00e7\u00f5es de um procedimento cir\u00fargico no Hospital Santa Izabel.<\/p>\n<p>Everaldo teve trajet\u00f3ria marcada pela milit\u00e2ncia pol\u00edtica e pela atua\u00e7\u00e3o no PT. Foi vereador em Itabuna, presidiu a legenda na Bahia e disputou em 2020 a elei\u00e7\u00e3o para a Prefeitura de Ilh\u00e9us como candidato a vice-prefeito.<\/p>\n<p>Reconhecido pela capacidade de articula\u00e7\u00e3o e pela defesa das bandeiras petistas, Everaldo foi uma das principais lideran\u00e7as do partido no estado.<\/p>\n<p><b>Jer\u00f4nimo, Wagner e secret\u00e1rio lamentam morte<\/b><\/p>\n<p>O governador Jer\u00f4nimo Rodrigues (PT)\u00a0 se despediu de Everaldo em publica\u00e7\u00e3o nas redes sociais.<\/p>\n<p>\u201cQue tristeza a partida do companheiro Everaldo Anuncia\u00e7\u00e3o. O PT estadual e nacional perde um de seus maiores quadros, militante incans\u00e1vel que dedicou a vida a organizar nossa base, defender a democracia e lutar pelos direitos do povo. Caminhamos juntos em muitas lutas, inclusive em 2022. Sua lealdade, coragem e articula\u00e7\u00e3o foram essenciais para consolidar um projeto comprometido com a justi\u00e7a social e a participa\u00e7\u00e3o popular. Everaldo deixa um legado de luta e generosidade. Sua aus\u00eancia d\u00f3i, mas nos convoca a seguir firmes, honrando a hist\u00f3ria que escreveu. Minha solidariedade \u00e0 fam\u00edlia, aos amigos e \u00e0 milit\u00e2ncia. Everaldo presente!\u201d, disse.<\/p>\n<p>O senador Jaques Wagner tamb\u00e9m lamentou a morte do companheiro.<\/p>\n<p>\u201cCom grande tristeza acabo de receber a not\u00edcia do falecimento do companheiro Everaldo Anuncia\u00e7\u00e3o, membro da dire\u00e7\u00e3o nacional do PT, ex-presidente do PT na Bahia e lideran\u00e7a hist\u00f3rica do nosso partido. Everaldo ser\u00e1 sempre lembrado por todos n\u00f3s como uma voz forte na defesa da classe trabalhadora e por sua enorme contribui\u00e7\u00e3o nas lutas do PT na Bahia e no Brasil. Meus sentimentos e meu abra\u00e7o solid\u00e1rio \u00e0 fam\u00edlia, aos amigos e a toda a milit\u00e2ncia do PT que teve a oportunidade de caminhar ao lado deste grande companheiro. Everaldo, presente!\u201d, escreveu.<\/p>\n<div>\n<div>\n<div class=\"trv-player-container\">\n<div class=\"trv-wrapper\">\n<div id=\"br_video_player_39c3650adc5503fd33ba0868d33f7c9dc3c659f9\" class=\"trvd_video_player trvdinstream\">\n<div class=\"media-player\">\n<div class=\"trv-video\">\n<div id=\"truvid_ima_container23021\" class=\"truvid_ima_container\">\n<div>\n<div>\n<p>O secret\u00e1rio de Rela\u00e7\u00f5es Institucionais da Bahia, Adolpho Loyola, tamb\u00e9m lamentou o falecimento.<\/p>\n<p>\u201cCom muita tristeza recebi a not\u00edcia do falecimento do companheiro Everaldo Anuncia\u00e7\u00e3o. Uma perda muita grande, sobretudo pelo ser humano de personalidade forte e aguerrida. Everaldo sempre foi um bom companheiro de luta e isso \u00e9 consenso entre todos que tiveram oportunidade de caminhar com ele. Deixo registrado meus sentimentos e um abra\u00e7o fraterno aos familiares neste momento dif\u00edcil\u201d, disse o secret\u00e1rio.<\/p>\n<p>Bahia.Ba<\/p>\n<\/div>\n<\/div>\n<\/div>\n<\/div>\n<\/div>\n<\/div>\n<\/div>\n<\/div>\n<\/div>\n<\/div>\n<div class='share-to-whatsapp-wrapper'><div class='share-on-whsp'>Share on: <\/div><a data-text='Corpo de ex-presidente do PT Bahia ser\u00e1 cremado nesta quinta-feira' data-link='https:\/\/newsinfoco.com.br\/inicio\/corpo-de-ex-presidente-do-pt-bahia-sera-cremado-nesta-quinta-feira\/' class='whatsapp-button whatsapp-share'>WhatsApp<\/a><div class='clear '><\/div><\/div>","protected":false},"excerpt":{"rendered":"<p>O corpo do ex-presidente do PT Bahia, Everaldo Anuncia\u00e7\u00e3o, ser\u00e1 cremado no cemit\u00e9rio Jardim da Saudade, no bairro de Brotas, em Salvador, na tarde desta quinta-feira, 21, \u00e0s 16h30. A informa\u00e7\u00e3o foi confirmada pela fam\u00edlia do petista. J\u00e1 o vel\u00f3rio do vice-presidente nacional da sigla aconteceu nesta manh\u00e3. A\u00a0morte do dirigente partid\u00e1rio foi confirmada na [&hellip;]<\/p>\n","protected":false},"author":1,"featured_media":44511,"comment_status":"closed","ping_status":"closed","sticky":false,"template":"","format":"standard","meta":{"om_disable_all_campaigns":false,"rop_custom_images_group":[],"rop_custom_messages_group":[],"rop_publish_now":"initial","rop_publish_now_accounts":[],"rop_publish_now_history":[],"rop_publish_now_status":"pending","_exactmetrics_skip_tracking":false,"footnotes":""},"categories":[19],"tags":[],"class_list":["post-44510","post","type-post","status-publish","format-standard","has-post-thumbnail","hentry","category-bahia"],"aioseo_notices":[],"aioseo_head":"\n\t\t<!-- All in One SEO 4.9.10 - aioseo.com -->\n\t<meta name=\"description\" content=\"O corpo do ex-presidente do PT Bahia, Everaldo Anuncia\u00e7\u00e3o, ser\u00e1 cremado no cemit\u00e9rio Jardim da Saudade, no bairro de Brotas, em Salvador, na tarde desta quinta-feira, 21, \u00e0s 16h30. A informa\u00e7\u00e3o foi confirmada pela fam\u00edlia do petista. J\u00e1 o vel\u00f3rio do vice-presidente nacional da sigla aconteceu nesta manh\u00e3. A morte do dirigente partid\u00e1rio foi confirmada na\" \/>\n\t<meta name=\"robots\" content=\"max-image-preview:large\" \/>\n\t<meta name=\"author\" content=\"administrador\"\/>\n\t<link rel=\"canonical\" href=\"https:\/\/newsinfoco.com.br\/inicio\/corpo-de-ex-presidente-do-pt-bahia-sera-cremado-nesta-quinta-feira\/\" \/>\n\t<meta name=\"generator\" content=\"All in One SEO (AIOSEO) 4.9.10\" \/>\n\t\t<meta property=\"og:locale\" content=\"pt_BR\" \/>\n\t\t<meta property=\"og:site_name\" content=\"News In Foco - Editado por Caio Pimenta - O principal site de noticias de Alagoinhas e regi\u00e3o\" \/>\n\t\t<meta property=\"og:type\" content=\"article\" \/>\n\t\t<meta property=\"og:title\" content=\"Corpo de ex-presidente do PT Bahia ser\u00e1 cremado nesta quinta-feira - News In Foco - Editado por Caio Pimenta\" \/>\n\t\t<meta property=\"og:description\" content=\"O corpo do ex-presidente do PT Bahia, Everaldo Anuncia\u00e7\u00e3o, ser\u00e1 cremado no cemit\u00e9rio Jardim da Saudade, no bairro de Brotas, em Salvador, na tarde desta quinta-feira, 21, \u00e0s 16h30. A informa\u00e7\u00e3o foi confirmada pela fam\u00edlia do petista. J\u00e1 o vel\u00f3rio do vice-presidente nacional da sigla aconteceu nesta manh\u00e3. A morte do dirigente partid\u00e1rio foi confirmada na\" \/>\n\t\t<meta property=\"og:url\" content=\"https:\/\/newsinfoco.com.br\/inicio\/corpo-de-ex-presidente-do-pt-bahia-sera-cremado-nesta-quinta-feira\/\" \/>\n\t\t<meta property=\"article:published_time\" content=\"2025-08-21T17:36:05+00:00\" \/>\n\t\t<meta property=\"article:modified_time\" content=\"2025-08-21T17:36:05+00:00\" \/>\n\t\t<meta name=\"twitter:card\" content=\"summary_large_image\" \/>\n\t\t<meta name=\"twitter:title\" content=\"Corpo de ex-presidente do PT Bahia ser\u00e1 cremado nesta quinta-feira - News In Foco - Editado por Caio Pimenta\" \/>\n\t\t<meta name=\"twitter:description\" content=\"O corpo do ex-presidente do PT Bahia, Everaldo Anuncia\u00e7\u00e3o, ser\u00e1 cremado no cemit\u00e9rio Jardim da Saudade, no bairro de Brotas, em Salvador, na tarde desta quinta-feira, 21, \u00e0s 16h30. A informa\u00e7\u00e3o foi confirmada pela fam\u00edlia do petista. J\u00e1 o vel\u00f3rio do vice-presidente nacional da sigla aconteceu nesta manh\u00e3. A morte do dirigente partid\u00e1rio foi confirmada na\" \/>\n\t\t<script type=\"application\/ld+json\" class=\"aioseo-schema\">\n\t\t\t{\"@context\":\"https:\\\/\\\/schema.org\",\"@graph\":[{\"@type\":\"BlogPosting\",\"@id\":\"https:\\\/\\\/newsinfoco.com.br\\\/inicio\\\/corpo-de-ex-presidente-do-pt-bahia-sera-cremado-nesta-quinta-feira\\\/#blogposting\",\"name\":\"Corpo de ex-presidente do PT Bahia ser\\u00e1 cremado nesta quinta-feira - News In Foco - Editado por Caio Pimenta\",\"headline\":\"Corpo de ex-presidente do PT Bahia ser\\u00e1 cremado nesta quinta-feira\",\"author\":{\"@id\":\"https:\\\/\\\/newsinfoco.com.br\\\/inicio\\\/author\\\/administrador\\\/#author\"},\"publisher\":{\"@id\":\"https:\\\/\\\/newsinfoco.com.br\\\/inicio\\\/#organization\"},\"image\":{\"@type\":\"ImageObject\",\"url\":\"https:\\\/\\\/newsinfoco.com.br\\\/inicio\\\/wp-content\\\/uploads\\\/2025\\\/08\\\/10062016-everaldo-anunciancao-ato-anti-temer-foto-roberto-viana-bahiaba1.jpg\",\"width\":600,\"height\":420},\"datePublished\":\"2025-08-21T14:36:05-03:00\",\"dateModified\":\"2025-08-21T14:36:05-03:00\",\"inLanguage\":\"pt-BR\",\"mainEntityOfPage\":{\"@id\":\"https:\\\/\\\/newsinfoco.com.br\\\/inicio\\\/corpo-de-ex-presidente-do-pt-bahia-sera-cremado-nesta-quinta-feira\\\/#webpage\"},\"isPartOf\":{\"@id\":\"https:\\\/\\\/newsinfoco.com.br\\\/inicio\\\/corpo-de-ex-presidente-do-pt-bahia-sera-cremado-nesta-quinta-feira\\\/#webpage\"},\"articleSection\":\"Bahia\"},{\"@type\":\"BreadcrumbList\",\"@id\":\"https:\\\/\\\/newsinfoco.com.br\\\/inicio\\\/corpo-de-ex-presidente-do-pt-bahia-sera-cremado-nesta-quinta-feira\\\/#breadcrumblist\",\"itemListElement\":[{\"@type\":\"ListItem\",\"@id\":\"https:\\\/\\\/newsinfoco.com.br\\\/inicio#listItem\",\"position\":1,\"name\":\"In\\u00edcio\",\"item\":\"https:\\\/\\\/newsinfoco.com.br\\\/inicio\",\"nextItem\":{\"@type\":\"ListItem\",\"@id\":\"https:\\\/\\\/newsinfoco.com.br\\\/inicio\\\/category\\\/bahia\\\/#listItem\",\"name\":\"Bahia\"}},{\"@type\":\"ListItem\",\"@id\":\"https:\\\/\\\/newsinfoco.com.br\\\/inicio\\\/category\\\/bahia\\\/#listItem\",\"position\":2,\"name\":\"Bahia\",\"item\":\"https:\\\/\\\/newsinfoco.com.br\\\/inicio\\\/category\\\/bahia\\\/\",\"nextItem\":{\"@type\":\"ListItem\",\"@id\":\"https:\\\/\\\/newsinfoco.com.br\\\/inicio\\\/corpo-de-ex-presidente-do-pt-bahia-sera-cremado-nesta-quinta-feira\\\/#listItem\",\"name\":\"Corpo de ex-presidente do PT Bahia ser\\u00e1 cremado nesta quinta-feira\"},\"previousItem\":{\"@type\":\"ListItem\",\"@id\":\"https:\\\/\\\/newsinfoco.com.br\\\/inicio#listItem\",\"name\":\"In\\u00edcio\"}},{\"@type\":\"ListItem\",\"@id\":\"https:\\\/\\\/newsinfoco.com.br\\\/inicio\\\/corpo-de-ex-presidente-do-pt-bahia-sera-cremado-nesta-quinta-feira\\\/#listItem\",\"position\":3,\"name\":\"Corpo de ex-presidente do PT Bahia ser\\u00e1 cremado nesta quinta-feira\",\"previousItem\":{\"@type\":\"ListItem\",\"@id\":\"https:\\\/\\\/newsinfoco.com.br\\\/inicio\\\/category\\\/bahia\\\/#listItem\",\"name\":\"Bahia\"}}]},{\"@type\":\"Organization\",\"@id\":\"https:\\\/\\\/newsinfoco.com.br\\\/inicio\\\/#organization\",\"name\":\"News In Foco - Editado por Caio Pimenta\",\"description\":\"O principal site de noticias de Alagoinhas e regi\\u00e3o\",\"url\":\"https:\\\/\\\/newsinfoco.com.br\\\/inicio\\\/\"},{\"@type\":\"Person\",\"@id\":\"https:\\\/\\\/newsinfoco.com.br\\\/inicio\\\/author\\\/administrador\\\/#author\",\"url\":\"https:\\\/\\\/newsinfoco.com.br\\\/inicio\\\/author\\\/administrador\\\/\",\"name\":\"administrador\",\"image\":{\"@type\":\"ImageObject\",\"@id\":\"https:\\\/\\\/newsinfoco.com.br\\\/inicio\\\/corpo-de-ex-presidente-do-pt-bahia-sera-cremado-nesta-quinta-feira\\\/#authorImage\",\"url\":\"https:\\\/\\\/secure.gravatar.com\\\/avatar\\\/c17a617433de8c1dc9584bb79aab7563b46f5bb7e1728c9b17d9cc3ce6a08e49?s=96&d=mm&r=g\",\"width\":96,\"height\":96,\"caption\":\"administrador\"}},{\"@type\":\"WebPage\",\"@id\":\"https:\\\/\\\/newsinfoco.com.br\\\/inicio\\\/corpo-de-ex-presidente-do-pt-bahia-sera-cremado-nesta-quinta-feira\\\/#webpage\",\"url\":\"https:\\\/\\\/newsinfoco.com.br\\\/inicio\\\/corpo-de-ex-presidente-do-pt-bahia-sera-cremado-nesta-quinta-feira\\\/\",\"name\":\"Corpo de ex-presidente do PT Bahia ser\\u00e1 cremado nesta quinta-feira - News In Foco - Editado por Caio Pimenta\",\"description\":\"O corpo do ex-presidente do PT Bahia, Everaldo Anuncia\\u00e7\\u00e3o, ser\\u00e1 cremado no cemit\\u00e9rio Jardim da Saudade, no bairro de Brotas, em Salvador, na tarde desta quinta-feira, 21, \\u00e0s 16h30. A informa\\u00e7\\u00e3o foi confirmada pela fam\\u00edlia do petista. J\\u00e1 o vel\\u00f3rio do vice-presidente nacional da sigla aconteceu nesta manh\\u00e3. A morte do dirigente partid\\u00e1rio foi confirmada na\",\"inLanguage\":\"pt-BR\",\"isPartOf\":{\"@id\":\"https:\\\/\\\/newsinfoco.com.br\\\/inicio\\\/#website\"},\"breadcrumb\":{\"@id\":\"https:\\\/\\\/newsinfoco.com.br\\\/inicio\\\/corpo-de-ex-presidente-do-pt-bahia-sera-cremado-nesta-quinta-feira\\\/#breadcrumblist\"},\"author\":{\"@id\":\"https:\\\/\\\/newsinfoco.com.br\\\/inicio\\\/author\\\/administrador\\\/#author\"},\"creator\":{\"@id\":\"https:\\\/\\\/newsinfoco.com.br\\\/inicio\\\/author\\\/administrador\\\/#author\"},\"image\":{\"@type\":\"ImageObject\",\"url\":\"https:\\\/\\\/newsinfoco.com.br\\\/inicio\\\/wp-content\\\/uploads\\\/2025\\\/08\\\/10062016-everaldo-anunciancao-ato-anti-temer-foto-roberto-viana-bahiaba1.jpg\",\"@id\":\"https:\\\/\\\/newsinfoco.com.br\\\/inicio\\\/corpo-de-ex-presidente-do-pt-bahia-sera-cremado-nesta-quinta-feira\\\/#mainImage\",\"width\":600,\"height\":420},\"primaryImageOfPage\":{\"@id\":\"https:\\\/\\\/newsinfoco.com.br\\\/inicio\\\/corpo-de-ex-presidente-do-pt-bahia-sera-cremado-nesta-quinta-feira\\\/#mainImage\"},\"datePublished\":\"2025-08-21T14:36:05-03:00\",\"dateModified\":\"2025-08-21T14:36:05-03:00\"},{\"@type\":\"WebSite\",\"@id\":\"https:\\\/\\\/newsinfoco.com.br\\\/inicio\\\/#website\",\"url\":\"https:\\\/\\\/newsinfoco.com.br\\\/inicio\\\/\",\"name\":\"News In Foco - Editado por Caio Pimenta\",\"description\":\"O principal site de noticias de Alagoinhas e regi\\u00e3o\",\"inLanguage\":\"pt-BR\",\"publisher\":{\"@id\":\"https:\\\/\\\/newsinfoco.com.br\\\/inicio\\\/#organization\"}}]}\n\t\t<\/script>\n\t\t<!-- All in One SEO -->\n\n","aioseo_head_json":{"title":"Corpo de ex-presidente do PT Bahia ser\u00e1 cremado nesta quinta-feira - News In Foco - Editado por Caio Pimenta","description":"O corpo do ex-presidente do PT Bahia, Everaldo Anuncia\u00e7\u00e3o, ser\u00e1 cremado no cemit\u00e9rio Jardim da Saudade, no bairro de Brotas, em Salvador, na tarde desta quinta-feira, 21, \u00e0s 16h30. A informa\u00e7\u00e3o foi confirmada pela fam\u00edlia do petista. J\u00e1 o vel\u00f3rio do vice-presidente nacional da sigla aconteceu nesta manh\u00e3. A morte do dirigente partid\u00e1rio foi confirmada na","canonical_url":"https:\/\/newsinfoco.com.br\/inicio\/corpo-de-ex-presidente-do-pt-bahia-sera-cremado-nesta-quinta-feira\/","robots":"max-image-preview:large","keywords":"","webmasterTools":{"miscellaneous":""},"schema":{"@context":"https:\/\/schema.org","@graph":[{"@type":"BlogPosting","@id":"https:\/\/newsinfoco.com.br\/inicio\/corpo-de-ex-presidente-do-pt-bahia-sera-cremado-nesta-quinta-feira\/#blogposting","name":"Corpo de ex-presidente do PT Bahia ser\u00e1 cremado nesta quinta-feira - News In Foco - Editado por Caio Pimenta","headline":"Corpo de ex-presidente do PT Bahia ser\u00e1 cremado nesta quinta-feira","author":{"@id":"https:\/\/newsinfoco.com.br\/inicio\/author\/administrador\/#author"},"publisher":{"@id":"https:\/\/newsinfoco.com.br\/inicio\/#organization"},"image":{"@type":"ImageObject","url":"https:\/\/newsinfoco.com.br\/inicio\/wp-content\/uploads\/2025\/08\/10062016-everaldo-anunciancao-ato-anti-temer-foto-roberto-viana-bahiaba1.jpg","width":600,"height":420},"datePublished":"2025-08-21T14:36:05-03:00","dateModified":"2025-08-21T14:36:05-03:00","inLanguage":"pt-BR","mainEntityOfPage":{"@id":"https:\/\/newsinfoco.com.br\/inicio\/corpo-de-ex-presidente-do-pt-bahia-sera-cremado-nesta-quinta-feira\/#webpage"},"isPartOf":{"@id":"https:\/\/newsinfoco.com.br\/inicio\/corpo-de-ex-presidente-do-pt-bahia-sera-cremado-nesta-quinta-feira\/#webpage"},"articleSection":"Bahia"},{"@type":"BreadcrumbList","@id":"https:\/\/newsinfoco.com.br\/inicio\/corpo-de-ex-presidente-do-pt-bahia-sera-cremado-nesta-quinta-feira\/#breadcrumblist","itemListElement":[{"@type":"ListItem","@id":"https:\/\/newsinfoco.com.br\/inicio#listItem","position":1,"name":"In\u00edcio","item":"https:\/\/newsinfoco.com.br\/inicio","nextItem":{"@type":"ListItem","@id":"https:\/\/newsinfoco.com.br\/inicio\/category\/bahia\/#listItem","name":"Bahia"}},{"@type":"ListItem","@id":"https:\/\/newsinfoco.com.br\/inicio\/category\/bahia\/#listItem","position":2,"name":"Bahia","item":"https:\/\/newsinfoco.com.br\/inicio\/category\/bahia\/","nextItem":{"@type":"ListItem","@id":"https:\/\/newsinfoco.com.br\/inicio\/corpo-de-ex-presidente-do-pt-bahia-sera-cremado-nesta-quinta-feira\/#listItem","name":"Corpo de ex-presidente do PT Bahia ser\u00e1 cremado nesta quinta-feira"},"previousItem":{"@type":"ListItem","@id":"https:\/\/newsinfoco.com.br\/inicio#listItem","name":"In\u00edcio"}},{"@type":"ListItem","@id":"https:\/\/newsinfoco.com.br\/inicio\/corpo-de-ex-presidente-do-pt-bahia-sera-cremado-nesta-quinta-feira\/#listItem","position":3,"name":"Corpo de ex-presidente do PT Bahia ser\u00e1 cremado nesta quinta-feira","previousItem":{"@type":"ListItem","@id":"https:\/\/newsinfoco.com.br\/inicio\/category\/bahia\/#listItem","name":"Bahia"}}]},{"@type":"Organization","@id":"https:\/\/newsinfoco.com.br\/inicio\/#organization","name":"News In Foco - Editado por Caio Pimenta","description":"O principal site de noticias de Alagoinhas e regi\u00e3o","url":"https:\/\/newsinfoco.com.br\/inicio\/"},{"@type":"Person","@id":"https:\/\/newsinfoco.com.br\/inicio\/author\/administrador\/#author","url":"https:\/\/newsinfoco.com.br\/inicio\/author\/administrador\/","name":"administrador","image":{"@type":"ImageObject","@id":"https:\/\/newsinfoco.com.br\/inicio\/corpo-de-ex-presidente-do-pt-bahia-sera-cremado-nesta-quinta-feira\/#authorImage","url":"https:\/\/secure.gravatar.com\/avatar\/c17a617433de8c1dc9584bb79aab7563b46f5bb7e1728c9b17d9cc3ce6a08e49?s=96&d=mm&r=g","width":96,"height":96,"caption":"administrador"}},{"@type":"WebPage","@id":"https:\/\/newsinfoco.com.br\/inicio\/corpo-de-ex-presidente-do-pt-bahia-sera-cremado-nesta-quinta-feira\/#webpage","url":"https:\/\/newsinfoco.com.br\/inicio\/corpo-de-ex-presidente-do-pt-bahia-sera-cremado-nesta-quinta-feira\/","name":"Corpo de ex-presidente do PT Bahia ser\u00e1 cremado nesta quinta-feira - News In Foco - Editado por Caio Pimenta","description":"O corpo do ex-presidente do PT Bahia, Everaldo Anuncia\u00e7\u00e3o, ser\u00e1 cremado no cemit\u00e9rio Jardim da Saudade, no bairro de Brotas, em Salvador, na tarde desta quinta-feira, 21, \u00e0s 16h30. A informa\u00e7\u00e3o foi confirmada pela fam\u00edlia do petista. J\u00e1 o vel\u00f3rio do vice-presidente nacional da sigla aconteceu nesta manh\u00e3. A morte do dirigente partid\u00e1rio foi confirmada na","inLanguage":"pt-BR","isPartOf":{"@id":"https:\/\/newsinfoco.com.br\/inicio\/#website"},"breadcrumb":{"@id":"https:\/\/newsinfoco.com.br\/inicio\/corpo-de-ex-presidente-do-pt-bahia-sera-cremado-nesta-quinta-feira\/#breadcrumblist"},"author":{"@id":"https:\/\/newsinfoco.com.br\/inicio\/author\/administrador\/#author"},"creator":{"@id":"https:\/\/newsinfoco.com.br\/inicio\/author\/administrador\/#author"},"image":{"@type":"ImageObject","url":"https:\/\/newsinfoco.com.br\/inicio\/wp-content\/uploads\/2025\/08\/10062016-everaldo-anunciancao-ato-anti-temer-foto-roberto-viana-bahiaba1.jpg","@id":"https:\/\/newsinfoco.com.br\/inicio\/corpo-de-ex-presidente-do-pt-bahia-sera-cremado-nesta-quinta-feira\/#mainImage","width":600,"height":420},"primaryImageOfPage":{"@id":"https:\/\/newsinfoco.com.br\/inicio\/corpo-de-ex-presidente-do-pt-bahia-sera-cremado-nesta-quinta-feira\/#mainImage"},"datePublished":"2025-08-21T14:36:05-03:00","dateModified":"2025-08-21T14:36:05-03:00"},{"@type":"WebSite","@id":"https:\/\/newsinfoco.com.br\/inicio\/#website","url":"https:\/\/newsinfoco.com.br\/inicio\/","name":"News In Foco - Editado por Caio Pimenta","description":"O principal site de noticias de Alagoinhas e regi\u00e3o","inLanguage":"pt-BR","publisher":{"@id":"https:\/\/newsinfoco.com.br\/inicio\/#organization"}}]},"og:locale":"pt_BR","og:site_name":"News In Foco - Editado por Caio Pimenta - O principal site de noticias de Alagoinhas e regi\u00e3o","og:type":"article","og:title":"Corpo de ex-presidente do PT Bahia ser\u00e1 cremado nesta quinta-feira - News In Foco - Editado por Caio Pimenta","og:description":"O corpo do ex-presidente do PT Bahia, Everaldo Anuncia\u00e7\u00e3o, ser\u00e1 cremado no cemit\u00e9rio Jardim da Saudade, no bairro de Brotas, em Salvador, na tarde desta quinta-feira, 21, \u00e0s 16h30. A informa\u00e7\u00e3o foi confirmada pela fam\u00edlia do petista. J\u00e1 o vel\u00f3rio do vice-presidente nacional da sigla aconteceu nesta manh\u00e3. A morte do dirigente partid\u00e1rio foi confirmada na","og:url":"https:\/\/newsinfoco.com.br\/inicio\/corpo-de-ex-presidente-do-pt-bahia-sera-cremado-nesta-quinta-feira\/","article:published_time":"2025-08-21T17:36:05+00:00","article:modified_time":"2025-08-21T17:36:05+00:00","twitter:card":"summary_large_image","twitter:title":"Corpo de ex-presidente do PT Bahia ser\u00e1 cremado nesta quinta-feira - News In Foco - Editado por Caio Pimenta","twitter:description":"O corpo do ex-presidente do PT Bahia, Everaldo Anuncia\u00e7\u00e3o, ser\u00e1 cremado no cemit\u00e9rio Jardim da Saudade, no bairro de Brotas, em Salvador, na tarde desta quinta-feira, 21, \u00e0s 16h30. A informa\u00e7\u00e3o foi confirmada pela fam\u00edlia do petista. J\u00e1 o vel\u00f3rio do vice-presidente nacional da sigla aconteceu nesta manh\u00e3. A morte do dirigente partid\u00e1rio foi confirmada na"},"aioseo_meta_data":{"post_id":"44510","title":null,"description":null,"keywords":null,"keyphrases":{"focus":{"keyphrase":"","score":0,"analysis":{"keyphraseInTitle":{"score":0,"maxScore":9,"error":1}}},"additional":[]},"primary_term":null,"canonical_url":null,"og_title":null,"og_description":null,"og_object_type":"default","og_image_type":"default","og_image_url":null,"og_image_width":null,"og_image_height":null,"og_image_custom_url":null,"og_image_custom_fields":null,"og_video":"","og_custom_url":null,"og_article_section":null,"og_article_tags":null,"twitter_use_og":false,"twitter_card":"default","twitter_image_type":"default","twitter_image_url":null,"twitter_image_custom_url":null,"twitter_image_custom_fields":null,"twitter_title":null,"twitter_description":null,"schema":{"blockGraphs":[],"customGraphs":[],"default":{"data":{"Article":[],"Course":[],"Dataset":[],"FAQPage":[],"Movie":[],"Person":[],"Product":[],"ProductReview":[],"Car":[],"Recipe":[],"Service":[],"SoftwareApplication":[],"WebPage":[]},"graphName":"BlogPosting","isEnabled":true},"graphs":[]},"schema_type":"default","schema_type_options":null,"pillar_content":false,"robots_default":true,"robots_noindex":false,"robots_noarchive":false,"robots_nosnippet":false,"robots_nofollow":false,"robots_noimageindex":false,"robots_noodp":false,"robots_notranslate":false,"robots_max_snippet":"-1","robots_max_videopreview":"-1","robots_max_imagepreview":"large","priority":null,"frequency":"default","local_seo":null,"breadcrumb_settings":null,"limit_modified_date":false,"ai":{"faqs":[],"keyPoints":[],"titles":[],"descriptions":[],"socialPosts":{"email":[],"linkedin":[],"twitter":[],"facebook":[],"instagram":[]}},"created":"2025-08-21 17:36:05","updated":"2025-08-21 17:42:53","seo_analyzer_scan_date":null},"aioseo_breadcrumb":"<div class=\"aioseo-breadcrumbs\"><span class=\"aioseo-breadcrumb\">\n\t\t\t<a href=\"https:\/\/newsinfoco.com.br\/inicio\" title=\"In\u00edcio\">In\u00edcio<\/a>\n\t\t<\/span><span class=\"aioseo-breadcrumb-separator\">&raquo;<\/span><span class=\"aioseo-breadcrumb\">\n\t\t\t<a href=\"https:\/\/newsinfoco.com.br\/inicio\/category\/bahia\/\" title=\"Bahia\">Bahia<\/a>\n\t\t<\/span><span class=\"aioseo-breadcrumb-separator\">&raquo;<\/span><span class=\"aioseo-breadcrumb\">\n\t\t\tCorpo de ex-presidente do PT Bahia ser\u00e1 cremado nesta quinta-feira\n\t\t<\/span><\/div>","aioseo_breadcrumb_json":[{"label":"In\u00edcio","link":"https:\/\/newsinfoco.com.br\/inicio"},{"label":"Bahia","link":"https:\/\/newsinfoco.com.br\/inicio\/category\/bahia\/"},{"label":"Corpo de ex-presidente do PT Bahia ser\u00e1 cremado nesta quinta-feira","link":"https:\/\/newsinfoco.com.br\/inicio\/corpo-de-ex-presidente-do-pt-bahia-sera-cremado-nesta-quinta-feira\/"}],"_links":{"self":[{"href":"https:\/\/newsinfoco.com.br\/inicio\/wp-json\/wp\/v2\/posts\/44510","targetHints":{"allow":["GET"]}}],"collection":[{"href":"https:\/\/newsinfoco.com.br\/inicio\/wp-json\/wp\/v2\/posts"}],"about":[{"href":"https:\/\/newsinfoco.com.br\/inicio\/wp-json\/wp\/v2\/types\/post"}],"author":[{"embeddable":true,"href":"https:\/\/newsinfoco.com.br\/inicio\/wp-json\/wp\/v2\/users\/1"}],"replies":[{"embeddable":true,"href":"https:\/\/newsinfoco.com.br\/inicio\/wp-json\/wp\/v2\/comments?post=44510"}],"version-history":[{"count":1,"href":"https:\/\/newsinfoco.com.br\/inicio\/wp-json\/wp\/v2\/posts\/44510\/revisions"}],"predecessor-version":[{"id":44512,"href":"https:\/\/newsinfoco.com.br\/inicio\/wp-json\/wp\/v2\/posts\/44510\/revisions\/44512"}],"wp:featuredmedia":[{"embeddable":true,"href":"https:\/\/newsinfoco.com.br\/inicio\/wp-json\/wp\/v2\/media\/44511"}],"wp:attachment":[{"href":"https:\/\/newsinfoco.com.br\/inicio\/wp-json\/wp\/v2\/media?parent=44510"}],"wp:term":[{"taxonomy":"category","embeddable":true,"href":"https:\/\/newsinfoco.com.br\/inicio\/wp-json\/wp\/v2\/categories?post=44510"},{"taxonomy":"post_tag","embeddable":true,"href":"https:\/\/newsinfoco.com.br\/inicio\/wp-json\/wp\/v2\/tags?post=44510"}],"curies":[{"name":"wp","href":"https:\/\/api.w.org\/{rel}","templated":true}]}}