{"id":44516,"date":"2025-08-21T19:54:31","date_gmt":"2025-08-21T22:54:31","guid":{"rendered":"https:\/\/newsinfoco.com.br\/inicio\/?p=44516"},"modified":"2025-08-21T19:54:31","modified_gmt":"2025-08-21T22:54:31","slug":"vereador-caio-ramos-assume-presidencia-interina-da-camara-municipal-de-alagoinhas","status":"publish","type":"post","link":"https:\/\/newsinfoco.com.br\/inicio\/vereador-caio-ramos-assume-presidencia-interina-da-camara-municipal-de-alagoinhas\/","title":{"rendered":"Vereador Caio Ramos assume presid\u00eancia interina da C\u00e2mara Municipal de Alagoinhas"},"content":{"rendered":"<p>Na sess\u00e3o ordin\u00e1ria desta quinta-feira (21), o vereador Caio Ramos anunciou que assumiria interinamente a presid\u00eancia da C\u00e2mara Municipal de Alagoinhas, em decorr\u00eancia de decis\u00e3o judicial liminar que afastou temporariamente o vereador Cleto da Banana do cargo de presidente da Casa Legislativa.<\/p>\n<p>Em seu pronunciamento, Caio ressaltou que, embora esteja no exerc\u00edcio da presid\u00eancia, deseja que os tr\u00e2mites legais sejam c\u00e9leres para o retorno de Cleto. \u201cNunca tinha visto uma C\u00e2mara t\u00e3o representativa e elogiada. O trabalho do vereador Cleto \u00e9 digno de todo reconhecimento deste colegiado e da popula\u00e7\u00e3o\u201d, afirmou. \u201cNo entanto, cumprindo o of\u00edcio de ent\u00e3o vice-presidente, assumo esta Casa para dar continuidade ao trabalho desenvolvido\u201d.<\/p>\n<p>Na sequ\u00eancia, os parlamentares se manifestaram, reconhecendo os m\u00e9ritos da gest\u00e3o de Cleto e a compet\u00eancia de Caio Ramos para substitu\u00ed-lo temporariamente. O vereador Gleyser Soares declarou: \u201cExpresso com respeito meu reconhecimento \u00e0 compet\u00eancia \u00e9tica e profissional de Cleto, que \u00e0 frente desta Casa demonstrou, com atitudes concretas, o verdadeiro significado de liderar com responsabilidade e compromisso\u201d.<\/p>\n<p>O vereador Luciano Almeida tamb\u00e9m se solidarizou com Cleto, refor\u00e7ando que sua gest\u00e3o foi marcada pela legalidade e equil\u00edbrio. Destacou, ainda, que n\u00e3o h\u00e1 crise interna na C\u00e2mara. \u201cA Casa continua agindo, caminhando, n\u00e3o h\u00e1 nenhuma instabilidade aqui\u201d, pontuou.<\/p>\n<p>Na mesma linha, o vereador Thor de Ninha ressaltou a estabilidade do Legislativo e a serenidade do processo de transi\u00e7\u00e3o. Fez ainda um retrospecto jur\u00eddico e destacou a postura de Cleto enquanto gestor. \u201cApesar das nossas diverg\u00eancias, n\u00e3o posso negar que Cleto conduz esta Casa de forma independente do Executivo. Esse, para mim, \u00e9 o ponto\u00a0<em>sine qua non<\/em>\u00a0para que eu possa votar favoravelmente \u00e0 elei\u00e7\u00e3o de um presidente\u201d, afirmou.<\/p>\n<p>O vereador Edy da Sa\u00fade enfatizou a serenidade da transi\u00e7\u00e3o, desejando \u00eaxito ao novo gestor e o retorno breve de Cleto. \u201cPresidente Caio, que Deus lhe conceda uma condu\u00e7\u00e3o com muita sabedoria e humildade\u201d, disse. O vereador Cl\u00e1udio Abi\u00fade acrescentou: \u201cAgrade\u00e7o a Cleto pelo cuidado e aten\u00e7\u00e3o que sempre teve. Desejo-lhe muita for\u00e7a\u201d.<\/p>\n<p>Tamb\u00e9m o vereador Anderson Xar\u00e1 destacou a confian\u00e7a no trabalho de Cleto e desejou sucesso ao presidente interino, alertando ainda para os riscos da dissemina\u00e7\u00e3o de not\u00edcias falsas. \u201cA Casa Legislativa est\u00e1 organizada. Vemos isso nesta transi\u00e7\u00e3o pac\u00edfica, na qual o vice-presidente assume interinamente a condu\u00e7\u00e3o que at\u00e9 ent\u00e3o era realizada por Cleto\u201d, frisou.<\/p>\n<p>Com a experi\u00eancia de quem j\u00e1 presidiu a C\u00e2mara e est\u00e1 em seu sexto mandato, o vereador Jorge da Farinha destacou a import\u00e2ncia do di\u00e1logo e da paci\u00eancia na condu\u00e7\u00e3o da Casa. Ressaltou tamb\u00e9m a confian\u00e7a no trabalho de Caio Ramos. \u201cPara conduzir a Casa Legislativa \u00e9 preciso ter muita paci\u00eancia e sabedoria, e o presidente Cleto sempre esteve dialogando conosco\u201d, afirmou. \u201cTenho certeza de que Caio, ao assumir este cargo, trabalhar\u00e1 da mesma forma\u201d.<\/p>\n<p>Outro ex-presidente, o vereador Jos\u00e9 Ed\u00e9sio \u2013 l\u00edder da bancada de situa\u00e7\u00e3o -, defendeu a legalidade da elei\u00e7\u00e3o de Cleto e ressaltou a uni\u00e3o da Casa. \u201cEste colegiado est\u00e1 unido para obter vit\u00f3rias em benef\u00edcio da sociedade, pois a independ\u00eancia do Legislativo constitui a soberania do povo\u201d, destacou.<\/p>\n<p>Por fim, a l\u00edder da bancada de oposi\u00e7\u00e3o, vereadora Luma Menezes, desejou sabedoria e discernimento a Caio Ramos na condu\u00e7\u00e3o interina e refor\u00e7ou a import\u00e2ncia de respeitar o processo democr\u00e1tico. \u201cDesejo que voc\u00ea, Caio, tenha uma passagem na presid\u00eancia com muita sabedoria e cautela. Sobre o atual processo jur\u00eddico, este ainda n\u00e3o foi conclu\u00eddo, mas, independentemente do resultado, devemos, de forma democr\u00e1tica, respeit\u00e1-lo\u201d, concluiu.<\/p>\n<p>ASCOM C\u00e2mara<\/p>\n<div class='share-to-whatsapp-wrapper'><div class='share-on-whsp'>Share on: <\/div><a data-text='Vereador Caio Ramos assume presid\u00eancia interina da C\u00e2mara Municipal de Alagoinhas' data-link='https:\/\/newsinfoco.com.br\/inicio\/vereador-caio-ramos-assume-presidencia-interina-da-camara-municipal-de-alagoinhas\/' class='whatsapp-button whatsapp-share'>WhatsApp<\/a><div class='clear '><\/div><\/div>","protected":false},"excerpt":{"rendered":"<p>Na sess\u00e3o ordin\u00e1ria desta quinta-feira (21), o vereador Caio Ramos anunciou que assumiria interinamente a presid\u00eancia da C\u00e2mara Municipal de Alagoinhas, em decorr\u00eancia de decis\u00e3o judicial liminar que afastou temporariamente o vereador Cleto da Banana do cargo de presidente da Casa Legislativa. Em seu pronunciamento, Caio ressaltou que, embora esteja no exerc\u00edcio da presid\u00eancia, deseja [&hellip;]<\/p>\n","protected":false},"author":1,"featured_media":44517,"comment_status":"closed","ping_status":"closed","sticky":false,"template":"","format":"standard","meta":{"om_disable_all_campaigns":false,"rop_custom_images_group":[],"rop_custom_messages_group":[],"rop_publish_now":"initial","rop_publish_now_accounts":[],"rop_publish_now_history":[],"rop_publish_now_status":"pending","_exactmetrics_skip_tracking":false,"footnotes":""},"categories":[38,30,167],"tags":[],"class_list":["post-44516","post","type-post","status-publish","format-standard","has-post-thumbnail","hentry","category-alagoinhas-e-regiao","category-destaque","category-exclusivas"],"aioseo_notices":[],"aioseo_head":"\n\t\t<!-- All in One SEO 4.9.10 - aioseo.com -->\n\t<meta name=\"description\" content=\"Na sess\u00e3o ordin\u00e1ria desta quinta-feira (21), o vereador Caio Ramos anunciou que assumiria interinamente a presid\u00eancia da C\u00e2mara Municipal de Alagoinhas, em decorr\u00eancia de decis\u00e3o judicial liminar que afastou temporariamente o vereador Cleto da Banana do cargo de presidente da Casa Legislativa. Em seu pronunciamento, Caio ressaltou que, embora esteja no exerc\u00edcio da presid\u00eancia, deseja\" \/>\n\t<meta name=\"robots\" content=\"max-image-preview:large\" \/>\n\t<meta name=\"author\" content=\"administrador\"\/>\n\t<link rel=\"canonical\" href=\"https:\/\/newsinfoco.com.br\/inicio\/vereador-caio-ramos-assume-presidencia-interina-da-camara-municipal-de-alagoinhas\/\" \/>\n\t<meta name=\"generator\" content=\"All in One SEO (AIOSEO) 4.9.10\" \/>\n\t\t<meta property=\"og:locale\" content=\"pt_BR\" \/>\n\t\t<meta property=\"og:site_name\" content=\"News In Foco - Editado por Caio Pimenta - O principal site de noticias de Alagoinhas e regi\u00e3o\" \/>\n\t\t<meta property=\"og:type\" content=\"article\" \/>\n\t\t<meta property=\"og:title\" content=\"Vereador Caio Ramos assume presid\u00eancia interina da C\u00e2mara Municipal de Alagoinhas - News In Foco - Editado por Caio Pimenta\" \/>\n\t\t<meta property=\"og:description\" content=\"Na sess\u00e3o ordin\u00e1ria desta quinta-feira (21), o vereador Caio Ramos anunciou que assumiria interinamente a presid\u00eancia da C\u00e2mara Municipal de Alagoinhas, em decorr\u00eancia de decis\u00e3o judicial liminar que afastou temporariamente o vereador Cleto da Banana do cargo de presidente da Casa Legislativa. Em seu pronunciamento, Caio ressaltou que, embora esteja no exerc\u00edcio da presid\u00eancia, deseja\" \/>\n\t\t<meta property=\"og:url\" content=\"https:\/\/newsinfoco.com.br\/inicio\/vereador-caio-ramos-assume-presidencia-interina-da-camara-municipal-de-alagoinhas\/\" \/>\n\t\t<meta property=\"article:published_time\" content=\"2025-08-21T22:54:31+00:00\" \/>\n\t\t<meta property=\"article:modified_time\" content=\"2025-08-21T22:54:31+00:00\" \/>\n\t\t<meta name=\"twitter:card\" content=\"summary_large_image\" \/>\n\t\t<meta name=\"twitter:title\" content=\"Vereador Caio Ramos assume presid\u00eancia interina da C\u00e2mara Municipal de Alagoinhas - News In Foco - Editado por Caio Pimenta\" \/>\n\t\t<meta name=\"twitter:description\" content=\"Na sess\u00e3o ordin\u00e1ria desta quinta-feira (21), o vereador Caio Ramos anunciou que assumiria interinamente a presid\u00eancia da C\u00e2mara Municipal de Alagoinhas, em decorr\u00eancia de decis\u00e3o judicial liminar que afastou temporariamente o vereador Cleto da Banana do cargo de presidente da Casa Legislativa. Em seu pronunciamento, Caio ressaltou que, embora esteja no exerc\u00edcio da presid\u00eancia, deseja\" \/>\n\t\t<script type=\"application\/ld+json\" class=\"aioseo-schema\">\n\t\t\t{\"@context\":\"https:\\\/\\\/schema.org\",\"@graph\":[{\"@type\":\"BlogPosting\",\"@id\":\"https:\\\/\\\/newsinfoco.com.br\\\/inicio\\\/vereador-caio-ramos-assume-presidencia-interina-da-camara-municipal-de-alagoinhas\\\/#blogposting\",\"name\":\"Vereador Caio Ramos assume presid\\u00eancia interina da C\\u00e2mara Municipal de Alagoinhas - News In Foco - Editado por Caio Pimenta\",\"headline\":\"Vereador Caio Ramos assume presid\\u00eancia interina da C\\u00e2mara Municipal de Alagoinhas\",\"author\":{\"@id\":\"https:\\\/\\\/newsinfoco.com.br\\\/inicio\\\/author\\\/administrador\\\/#author\"},\"publisher\":{\"@id\":\"https:\\\/\\\/newsinfoco.com.br\\\/inicio\\\/#organization\"},\"image\":{\"@type\":\"ImageObject\",\"url\":\"https:\\\/\\\/newsinfoco.com.br\\\/inicio\\\/wp-content\\\/uploads\\\/2025\\\/08\\\/15-768x584-1.jpg\",\"width\":768,\"height\":584},\"datePublished\":\"2025-08-21T19:54:31-03:00\",\"dateModified\":\"2025-08-21T19:54:31-03:00\",\"inLanguage\":\"pt-BR\",\"mainEntityOfPage\":{\"@id\":\"https:\\\/\\\/newsinfoco.com.br\\\/inicio\\\/vereador-caio-ramos-assume-presidencia-interina-da-camara-municipal-de-alagoinhas\\\/#webpage\"},\"isPartOf\":{\"@id\":\"https:\\\/\\\/newsinfoco.com.br\\\/inicio\\\/vereador-caio-ramos-assume-presidencia-interina-da-camara-municipal-de-alagoinhas\\\/#webpage\"},\"articleSection\":\"Alagoinhas e Regi\\u00e3o, Destaque, Manchete\"},{\"@type\":\"BreadcrumbList\",\"@id\":\"https:\\\/\\\/newsinfoco.com.br\\\/inicio\\\/vereador-caio-ramos-assume-presidencia-interina-da-camara-municipal-de-alagoinhas\\\/#breadcrumblist\",\"itemListElement\":[{\"@type\":\"ListItem\",\"@id\":\"https:\\\/\\\/newsinfoco.com.br\\\/inicio#listItem\",\"position\":1,\"name\":\"In\\u00edcio\",\"item\":\"https:\\\/\\\/newsinfoco.com.br\\\/inicio\",\"nextItem\":{\"@type\":\"ListItem\",\"@id\":\"https:\\\/\\\/newsinfoco.com.br\\\/inicio\\\/category\\\/destaque\\\/#listItem\",\"name\":\"Destaque\"}},{\"@type\":\"ListItem\",\"@id\":\"https:\\\/\\\/newsinfoco.com.br\\\/inicio\\\/category\\\/destaque\\\/#listItem\",\"position\":2,\"name\":\"Destaque\",\"item\":\"https:\\\/\\\/newsinfoco.com.br\\\/inicio\\\/category\\\/destaque\\\/\",\"nextItem\":{\"@type\":\"ListItem\",\"@id\":\"https:\\\/\\\/newsinfoco.com.br\\\/inicio\\\/vereador-caio-ramos-assume-presidencia-interina-da-camara-municipal-de-alagoinhas\\\/#listItem\",\"name\":\"Vereador Caio Ramos assume presid\\u00eancia interina da C\\u00e2mara Municipal de Alagoinhas\"},\"previousItem\":{\"@type\":\"ListItem\",\"@id\":\"https:\\\/\\\/newsinfoco.com.br\\\/inicio#listItem\",\"name\":\"In\\u00edcio\"}},{\"@type\":\"ListItem\",\"@id\":\"https:\\\/\\\/newsinfoco.com.br\\\/inicio\\\/vereador-caio-ramos-assume-presidencia-interina-da-camara-municipal-de-alagoinhas\\\/#listItem\",\"position\":3,\"name\":\"Vereador Caio Ramos assume presid\\u00eancia interina da C\\u00e2mara Municipal de Alagoinhas\",\"previousItem\":{\"@type\":\"ListItem\",\"@id\":\"https:\\\/\\\/newsinfoco.com.br\\\/inicio\\\/category\\\/destaque\\\/#listItem\",\"name\":\"Destaque\"}}]},{\"@type\":\"Organization\",\"@id\":\"https:\\\/\\\/newsinfoco.com.br\\\/inicio\\\/#organization\",\"name\":\"News In Foco - Editado por Caio Pimenta\",\"description\":\"O principal site de noticias de Alagoinhas e regi\\u00e3o\",\"url\":\"https:\\\/\\\/newsinfoco.com.br\\\/inicio\\\/\"},{\"@type\":\"Person\",\"@id\":\"https:\\\/\\\/newsinfoco.com.br\\\/inicio\\\/author\\\/administrador\\\/#author\",\"url\":\"https:\\\/\\\/newsinfoco.com.br\\\/inicio\\\/author\\\/administrador\\\/\",\"name\":\"administrador\",\"image\":{\"@type\":\"ImageObject\",\"@id\":\"https:\\\/\\\/newsinfoco.com.br\\\/inicio\\\/vereador-caio-ramos-assume-presidencia-interina-da-camara-municipal-de-alagoinhas\\\/#authorImage\",\"url\":\"https:\\\/\\\/secure.gravatar.com\\\/avatar\\\/c17a617433de8c1dc9584bb79aab7563b46f5bb7e1728c9b17d9cc3ce6a08e49?s=96&d=mm&r=g\",\"width\":96,\"height\":96,\"caption\":\"administrador\"}},{\"@type\":\"WebPage\",\"@id\":\"https:\\\/\\\/newsinfoco.com.br\\\/inicio\\\/vereador-caio-ramos-assume-presidencia-interina-da-camara-municipal-de-alagoinhas\\\/#webpage\",\"url\":\"https:\\\/\\\/newsinfoco.com.br\\\/inicio\\\/vereador-caio-ramos-assume-presidencia-interina-da-camara-municipal-de-alagoinhas\\\/\",\"name\":\"Vereador Caio Ramos assume presid\\u00eancia interina da C\\u00e2mara Municipal de Alagoinhas - News In Foco - Editado por Caio Pimenta\",\"description\":\"Na sess\\u00e3o ordin\\u00e1ria desta quinta-feira (21), o vereador Caio Ramos anunciou que assumiria interinamente a presid\\u00eancia da C\\u00e2mara Municipal de Alagoinhas, em decorr\\u00eancia de decis\\u00e3o judicial liminar que afastou temporariamente o vereador Cleto da Banana do cargo de presidente da Casa Legislativa. Em seu pronunciamento, Caio ressaltou que, embora esteja no exerc\\u00edcio da presid\\u00eancia, deseja\",\"inLanguage\":\"pt-BR\",\"isPartOf\":{\"@id\":\"https:\\\/\\\/newsinfoco.com.br\\\/inicio\\\/#website\"},\"breadcrumb\":{\"@id\":\"https:\\\/\\\/newsinfoco.com.br\\\/inicio\\\/vereador-caio-ramos-assume-presidencia-interina-da-camara-municipal-de-alagoinhas\\\/#breadcrumblist\"},\"author\":{\"@id\":\"https:\\\/\\\/newsinfoco.com.br\\\/inicio\\\/author\\\/administrador\\\/#author\"},\"creator\":{\"@id\":\"https:\\\/\\\/newsinfoco.com.br\\\/inicio\\\/author\\\/administrador\\\/#author\"},\"image\":{\"@type\":\"ImageObject\",\"url\":\"https:\\\/\\\/newsinfoco.com.br\\\/inicio\\\/wp-content\\\/uploads\\\/2025\\\/08\\\/15-768x584-1.jpg\",\"@id\":\"https:\\\/\\\/newsinfoco.com.br\\\/inicio\\\/vereador-caio-ramos-assume-presidencia-interina-da-camara-municipal-de-alagoinhas\\\/#mainImage\",\"width\":768,\"height\":584},\"primaryImageOfPage\":{\"@id\":\"https:\\\/\\\/newsinfoco.com.br\\\/inicio\\\/vereador-caio-ramos-assume-presidencia-interina-da-camara-municipal-de-alagoinhas\\\/#mainImage\"},\"datePublished\":\"2025-08-21T19:54:31-03:00\",\"dateModified\":\"2025-08-21T19:54:31-03:00\"},{\"@type\":\"WebSite\",\"@id\":\"https:\\\/\\\/newsinfoco.com.br\\\/inicio\\\/#website\",\"url\":\"https:\\\/\\\/newsinfoco.com.br\\\/inicio\\\/\",\"name\":\"News In Foco - Editado por Caio Pimenta\",\"description\":\"O principal site de noticias de Alagoinhas e regi\\u00e3o\",\"inLanguage\":\"pt-BR\",\"publisher\":{\"@id\":\"https:\\\/\\\/newsinfoco.com.br\\\/inicio\\\/#organization\"}}]}\n\t\t<\/script>\n\t\t<!-- All in One SEO -->\n\n","aioseo_head_json":{"title":"Vereador Caio Ramos assume presid\u00eancia interina da C\u00e2mara Municipal de Alagoinhas - News In Foco - Editado por Caio Pimenta","description":"Na sess\u00e3o ordin\u00e1ria desta quinta-feira (21), o vereador Caio Ramos anunciou que assumiria interinamente a presid\u00eancia da C\u00e2mara Municipal de Alagoinhas, em decorr\u00eancia de decis\u00e3o judicial liminar que afastou temporariamente o vereador Cleto da Banana do cargo de presidente da Casa Legislativa. Em seu pronunciamento, Caio ressaltou que, embora esteja no exerc\u00edcio da presid\u00eancia, deseja","canonical_url":"https:\/\/newsinfoco.com.br\/inicio\/vereador-caio-ramos-assume-presidencia-interina-da-camara-municipal-de-alagoinhas\/","robots":"max-image-preview:large","keywords":"","webmasterTools":{"miscellaneous":""},"schema":{"@context":"https:\/\/schema.org","@graph":[{"@type":"BlogPosting","@id":"https:\/\/newsinfoco.com.br\/inicio\/vereador-caio-ramos-assume-presidencia-interina-da-camara-municipal-de-alagoinhas\/#blogposting","name":"Vereador Caio Ramos assume presid\u00eancia interina da C\u00e2mara Municipal de Alagoinhas - News In Foco - Editado por Caio Pimenta","headline":"Vereador Caio Ramos assume presid\u00eancia interina da C\u00e2mara Municipal de Alagoinhas","author":{"@id":"https:\/\/newsinfoco.com.br\/inicio\/author\/administrador\/#author"},"publisher":{"@id":"https:\/\/newsinfoco.com.br\/inicio\/#organization"},"image":{"@type":"ImageObject","url":"https:\/\/newsinfoco.com.br\/inicio\/wp-content\/uploads\/2025\/08\/15-768x584-1.jpg","width":768,"height":584},"datePublished":"2025-08-21T19:54:31-03:00","dateModified":"2025-08-21T19:54:31-03:00","inLanguage":"pt-BR","mainEntityOfPage":{"@id":"https:\/\/newsinfoco.com.br\/inicio\/vereador-caio-ramos-assume-presidencia-interina-da-camara-municipal-de-alagoinhas\/#webpage"},"isPartOf":{"@id":"https:\/\/newsinfoco.com.br\/inicio\/vereador-caio-ramos-assume-presidencia-interina-da-camara-municipal-de-alagoinhas\/#webpage"},"articleSection":"Alagoinhas e Regi\u00e3o, Destaque, Manchete"},{"@type":"BreadcrumbList","@id":"https:\/\/newsinfoco.com.br\/inicio\/vereador-caio-ramos-assume-presidencia-interina-da-camara-municipal-de-alagoinhas\/#breadcrumblist","itemListElement":[{"@type":"ListItem","@id":"https:\/\/newsinfoco.com.br\/inicio#listItem","position":1,"name":"In\u00edcio","item":"https:\/\/newsinfoco.com.br\/inicio","nextItem":{"@type":"ListItem","@id":"https:\/\/newsinfoco.com.br\/inicio\/category\/destaque\/#listItem","name":"Destaque"}},{"@type":"ListItem","@id":"https:\/\/newsinfoco.com.br\/inicio\/category\/destaque\/#listItem","position":2,"name":"Destaque","item":"https:\/\/newsinfoco.com.br\/inicio\/category\/destaque\/","nextItem":{"@type":"ListItem","@id":"https:\/\/newsinfoco.com.br\/inicio\/vereador-caio-ramos-assume-presidencia-interina-da-camara-municipal-de-alagoinhas\/#listItem","name":"Vereador Caio Ramos assume presid\u00eancia interina da C\u00e2mara Municipal de Alagoinhas"},"previousItem":{"@type":"ListItem","@id":"https:\/\/newsinfoco.com.br\/inicio#listItem","name":"In\u00edcio"}},{"@type":"ListItem","@id":"https:\/\/newsinfoco.com.br\/inicio\/vereador-caio-ramos-assume-presidencia-interina-da-camara-municipal-de-alagoinhas\/#listItem","position":3,"name":"Vereador Caio Ramos assume presid\u00eancia interina da C\u00e2mara Municipal de Alagoinhas","previousItem":{"@type":"ListItem","@id":"https:\/\/newsinfoco.com.br\/inicio\/category\/destaque\/#listItem","name":"Destaque"}}]},{"@type":"Organization","@id":"https:\/\/newsinfoco.com.br\/inicio\/#organization","name":"News In Foco - Editado por Caio Pimenta","description":"O principal site de noticias de Alagoinhas e regi\u00e3o","url":"https:\/\/newsinfoco.com.br\/inicio\/"},{"@type":"Person","@id":"https:\/\/newsinfoco.com.br\/inicio\/author\/administrador\/#author","url":"https:\/\/newsinfoco.com.br\/inicio\/author\/administrador\/","name":"administrador","image":{"@type":"ImageObject","@id":"https:\/\/newsinfoco.com.br\/inicio\/vereador-caio-ramos-assume-presidencia-interina-da-camara-municipal-de-alagoinhas\/#authorImage","url":"https:\/\/secure.gravatar.com\/avatar\/c17a617433de8c1dc9584bb79aab7563b46f5bb7e1728c9b17d9cc3ce6a08e49?s=96&d=mm&r=g","width":96,"height":96,"caption":"administrador"}},{"@type":"WebPage","@id":"https:\/\/newsinfoco.com.br\/inicio\/vereador-caio-ramos-assume-presidencia-interina-da-camara-municipal-de-alagoinhas\/#webpage","url":"https:\/\/newsinfoco.com.br\/inicio\/vereador-caio-ramos-assume-presidencia-interina-da-camara-municipal-de-alagoinhas\/","name":"Vereador Caio Ramos assume presid\u00eancia interina da C\u00e2mara Municipal de Alagoinhas - News In Foco - Editado por Caio Pimenta","description":"Na sess\u00e3o ordin\u00e1ria desta quinta-feira (21), o vereador Caio Ramos anunciou que assumiria interinamente a presid\u00eancia da C\u00e2mara Municipal de Alagoinhas, em decorr\u00eancia de decis\u00e3o judicial liminar que afastou temporariamente o vereador Cleto da Banana do cargo de presidente da Casa Legislativa. Em seu pronunciamento, Caio ressaltou que, embora esteja no exerc\u00edcio da presid\u00eancia, deseja","inLanguage":"pt-BR","isPartOf":{"@id":"https:\/\/newsinfoco.com.br\/inicio\/#website"},"breadcrumb":{"@id":"https:\/\/newsinfoco.com.br\/inicio\/vereador-caio-ramos-assume-presidencia-interina-da-camara-municipal-de-alagoinhas\/#breadcrumblist"},"author":{"@id":"https:\/\/newsinfoco.com.br\/inicio\/author\/administrador\/#author"},"creator":{"@id":"https:\/\/newsinfoco.com.br\/inicio\/author\/administrador\/#author"},"image":{"@type":"ImageObject","url":"https:\/\/newsinfoco.com.br\/inicio\/wp-content\/uploads\/2025\/08\/15-768x584-1.jpg","@id":"https:\/\/newsinfoco.com.br\/inicio\/vereador-caio-ramos-assume-presidencia-interina-da-camara-municipal-de-alagoinhas\/#mainImage","width":768,"height":584},"primaryImageOfPage":{"@id":"https:\/\/newsinfoco.com.br\/inicio\/vereador-caio-ramos-assume-presidencia-interina-da-camara-municipal-de-alagoinhas\/#mainImage"},"datePublished":"2025-08-21T19:54:31-03:00","dateModified":"2025-08-21T19:54:31-03:00"},{"@type":"WebSite","@id":"https:\/\/newsinfoco.com.br\/inicio\/#website","url":"https:\/\/newsinfoco.com.br\/inicio\/","name":"News In Foco - Editado por Caio Pimenta","description":"O principal site de noticias de Alagoinhas e regi\u00e3o","inLanguage":"pt-BR","publisher":{"@id":"https:\/\/newsinfoco.com.br\/inicio\/#organization"}}]},"og:locale":"pt_BR","og:site_name":"News In Foco - Editado por Caio Pimenta - O principal site de noticias de Alagoinhas e regi\u00e3o","og:type":"article","og:title":"Vereador Caio Ramos assume presid\u00eancia interina da C\u00e2mara Municipal de Alagoinhas - News In Foco - Editado por Caio Pimenta","og:description":"Na sess\u00e3o ordin\u00e1ria desta quinta-feira (21), o vereador Caio Ramos anunciou que assumiria interinamente a presid\u00eancia da C\u00e2mara Municipal de Alagoinhas, em decorr\u00eancia de decis\u00e3o judicial liminar que afastou temporariamente o vereador Cleto da Banana do cargo de presidente da Casa Legislativa. Em seu pronunciamento, Caio ressaltou que, embora esteja no exerc\u00edcio da presid\u00eancia, deseja","og:url":"https:\/\/newsinfoco.com.br\/inicio\/vereador-caio-ramos-assume-presidencia-interina-da-camara-municipal-de-alagoinhas\/","article:published_time":"2025-08-21T22:54:31+00:00","article:modified_time":"2025-08-21T22:54:31+00:00","twitter:card":"summary_large_image","twitter:title":"Vereador Caio Ramos assume presid\u00eancia interina da C\u00e2mara Municipal de Alagoinhas - News In Foco - Editado por Caio Pimenta","twitter:description":"Na sess\u00e3o ordin\u00e1ria desta quinta-feira (21), o vereador Caio Ramos anunciou que assumiria interinamente a presid\u00eancia da C\u00e2mara Municipal de Alagoinhas, em decorr\u00eancia de decis\u00e3o judicial liminar que afastou temporariamente o vereador Cleto da Banana do cargo de presidente da Casa Legislativa. Em seu pronunciamento, Caio ressaltou que, embora esteja no exerc\u00edcio da presid\u00eancia, deseja"},"aioseo_meta_data":{"post_id":"44516","title":null,"description":null,"keywords":null,"keyphrases":{"focus":{"keyphrase":"","score":0,"analysis":{"keyphraseInTitle":{"score":0,"maxScore":9,"error":1}}},"additional":[]},"primary_term":null,"canonical_url":null,"og_title":null,"og_description":null,"og_object_type":"default","og_image_type":"default","og_image_url":null,"og_image_width":null,"og_image_height":null,"og_image_custom_url":null,"og_image_custom_fields":null,"og_video":"","og_custom_url":null,"og_article_section":null,"og_article_tags":null,"twitter_use_og":false,"twitter_card":"default","twitter_image_type":"default","twitter_image_url":null,"twitter_image_custom_url":null,"twitter_image_custom_fields":null,"twitter_title":null,"twitter_description":null,"schema":{"blockGraphs":[],"customGraphs":[],"default":{"data":{"Article":[],"Course":[],"Dataset":[],"FAQPage":[],"Movie":[],"Person":[],"Product":[],"ProductReview":[],"Car":[],"Recipe":[],"Service":[],"SoftwareApplication":[],"WebPage":[]},"graphName":"BlogPosting","isEnabled":true},"graphs":[]},"schema_type":"default","schema_type_options":null,"pillar_content":false,"robots_default":true,"robots_noindex":false,"robots_noarchive":false,"robots_nosnippet":false,"robots_nofollow":false,"robots_noimageindex":false,"robots_noodp":false,"robots_notranslate":false,"robots_max_snippet":"-1","robots_max_videopreview":"-1","robots_max_imagepreview":"large","priority":null,"frequency":"default","local_seo":null,"breadcrumb_settings":null,"limit_modified_date":false,"ai":{"faqs":[],"keyPoints":[],"titles":[],"descriptions":[],"socialPosts":{"email":[],"linkedin":[],"twitter":[],"facebook":[],"instagram":[]}},"created":"2025-08-21 22:54:31","updated":"2025-08-21 22:59:40","seo_analyzer_scan_date":null},"aioseo_breadcrumb":"<div class=\"aioseo-breadcrumbs\"><span class=\"aioseo-breadcrumb\">\n\t\t\t<a href=\"https:\/\/newsinfoco.com.br\/inicio\" title=\"In\u00edcio\">In\u00edcio<\/a>\n\t\t<\/span><span class=\"aioseo-breadcrumb-separator\">&raquo;<\/span><span class=\"aioseo-breadcrumb\">\n\t\t\t<a href=\"https:\/\/newsinfoco.com.br\/inicio\/category\/destaque\/\" title=\"Destaque\">Destaque<\/a>\n\t\t<\/span><span class=\"aioseo-breadcrumb-separator\">&raquo;<\/span><span class=\"aioseo-breadcrumb\">\n\t\t\tVereador Caio Ramos assume presid\u00eancia interina da C\u00e2mara Municipal de Alagoinhas\n\t\t<\/span><\/div>","aioseo_breadcrumb_json":[{"label":"In\u00edcio","link":"https:\/\/newsinfoco.com.br\/inicio"},{"label":"Destaque","link":"https:\/\/newsinfoco.com.br\/inicio\/category\/destaque\/"},{"label":"Vereador Caio Ramos assume presid\u00eancia interina da C\u00e2mara Municipal de Alagoinhas","link":"https:\/\/newsinfoco.com.br\/inicio\/vereador-caio-ramos-assume-presidencia-interina-da-camara-municipal-de-alagoinhas\/"}],"_links":{"self":[{"href":"https:\/\/newsinfoco.com.br\/inicio\/wp-json\/wp\/v2\/posts\/44516","targetHints":{"allow":["GET"]}}],"collection":[{"href":"https:\/\/newsinfoco.com.br\/inicio\/wp-json\/wp\/v2\/posts"}],"about":[{"href":"https:\/\/newsinfoco.com.br\/inicio\/wp-json\/wp\/v2\/types\/post"}],"author":[{"embeddable":true,"href":"https:\/\/newsinfoco.com.br\/inicio\/wp-json\/wp\/v2\/users\/1"}],"replies":[{"embeddable":true,"href":"https:\/\/newsinfoco.com.br\/inicio\/wp-json\/wp\/v2\/comments?post=44516"}],"version-history":[{"count":1,"href":"https:\/\/newsinfoco.com.br\/inicio\/wp-json\/wp\/v2\/posts\/44516\/revisions"}],"predecessor-version":[{"id":44518,"href":"https:\/\/newsinfoco.com.br\/inicio\/wp-json\/wp\/v2\/posts\/44516\/revisions\/44518"}],"wp:featuredmedia":[{"embeddable":true,"href":"https:\/\/newsinfoco.com.br\/inicio\/wp-json\/wp\/v2\/media\/44517"}],"wp:attachment":[{"href":"https:\/\/newsinfoco.com.br\/inicio\/wp-json\/wp\/v2\/media?parent=44516"}],"wp:term":[{"taxonomy":"category","embeddable":true,"href":"https:\/\/newsinfoco.com.br\/inicio\/wp-json\/wp\/v2\/categories?post=44516"},{"taxonomy":"post_tag","embeddable":true,"href":"https:\/\/newsinfoco.com.br\/inicio\/wp-json\/wp\/v2\/tags?post=44516"}],"curies":[{"name":"wp","href":"https:\/\/api.w.org\/{rel}","templated":true}]}}