{"id":44520,"date":"2025-08-22T11:21:44","date_gmt":"2025-08-22T14:21:44","guid":{"rendered":"https:\/\/newsinfoco.com.br\/inicio\/?p=44520"},"modified":"2025-08-22T11:51:47","modified_gmt":"2025-08-22T14:51:47","slug":"prefeitura-de-alagoinhas-precisa-retomar-o-controle-do-disai-estao-vendendo-terra-publica-por-caio-pimenta","status":"publish","type":"post","link":"https:\/\/newsinfoco.com.br\/inicio\/prefeitura-de-alagoinhas-precisa-retomar-o-controle-do-disai-estao-vendendo-terra-publica-por-caio-pimenta\/","title":{"rendered":"Prefeitura de Alagoinhas precisa retomar o controle do DISAI; Est\u00e3o vendendo terra p\u00fablica &#8211; Por Caio Pimenta"},"content":{"rendered":"<p>A revitaliza\u00e7\u00e3o do Distrito Industrial de Sau\u00edpe(DISAI) se faz mais do que necess\u00e1rio ao munic\u00edpio de Alagoinhas. E em se tratando do atual prefeito, Gustavo Carmo, essa pauta deveria ser, antes de tudo, uma quest\u00e3o moral, pois foi seu pai, o ent\u00e3o prefeito Jud\u00e9lio Carmo, eleito com apenas 27 anos, numa campanha apelidada de \u201czebra\u201d por enfrentar sozinho toda uma classe pol\u00edtica dominante dos anos 70, que planejou e criou o equipamento que se tornou s\u00edmbolo de uma Alagoinhas que via na industrializa\u00e7\u00e3o o meio seguro de seu desenvolvimento.<\/p>\n<p>Quem ouviu na manh\u00e3 desta sexta feira(22) as palavras do historiador, e tamb\u00e9m fiscal da prefeitura, Raimundo Sales, em entrevista concedida ao programa Primeira M\u00e3o, da r\u00e1dio Ouro Negro FM, percebe o esmero e o cuidado que alagoinhenses abnegados e compromissados com o munic\u00edpio, liderados por Jud\u00e9lio, tiveram para criar o DISAI. Foram feitos n\u00e3o s\u00f3 estudos de cunho econ\u00f4mico e geogr\u00e1fico, como tamb\u00e9m de impactos ambientais, numa \u00e9poca em que as discuss\u00f5es clim\u00e1ticas eram vistas com desd\u00e9m. Para se ter o uma ideia do esmero do projeto do DISAI, ele foi foi o \u00fanico distrito industrial da \u00e9poca que cumpriu todos os requisitos apontados pela SUDIC!<\/p><div class=\"newsi-conteudo_19\" id=\"newsi-2352683600\"><a href=\"https:\/\/www.instagram.com\/prefeituraalagoinhas?igsh=YzgzdDJ1bWR3aWI4\" aria-label=\"SAVE_20251006_221555\"><img loading=\"lazy\" decoding=\"async\" src=\"https:\/\/newsinfoco.com.br\/inicio\/wp-content\/uploads\/2025\/10\/SAVE_20251006_221555-rotated.jpg\" alt=\"\"  srcset=\"https:\/\/newsinfoco.com.br\/inicio\/wp-content\/uploads\/2025\/10\/SAVE_20251006_221555-rotated.jpg 1140w, https:\/\/newsinfoco.com.br\/inicio\/wp-content\/uploads\/2025\/10\/SAVE_20251006_221555-300x52.jpg 300w, https:\/\/newsinfoco.com.br\/inicio\/wp-content\/uploads\/2025\/10\/SAVE_20251006_221555-1024x177.jpg 1024w, https:\/\/newsinfoco.com.br\/inicio\/wp-content\/uploads\/2025\/10\/SAVE_20251006_221555-768x133.jpg 768w, https:\/\/newsinfoco.com.br\/inicio\/wp-content\/uploads\/2025\/10\/SAVE_20251006_221555-600x104.jpg 600w, https:\/\/newsinfoco.com.br\/inicio\/wp-content\/uploads\/2025\/10\/SAVE_20251006_221555-696x120.jpg 696w, https:\/\/newsinfoco.com.br\/inicio\/wp-content\/uploads\/2025\/10\/SAVE_20251006_221555-1068x185.jpg 1068w\" sizes=\"(max-width: 1140px) 100vw, 1140px\" width=\"1140\" height=\"197\"   \/><\/a><\/div>\n<p><strong>O abandono daquele patrim\u00f4nio p\u00fablico foi um dos maiores crimes cometidos por gest\u00f5es anteriores contra os interesses de Alagoinhas e precisa ser enfrentado pelo atual gestor.<\/strong><\/p>\n<p>N\u00e3o \u00e9 poss\u00edvel que a sociedade, muito menos o poder p\u00fablico, normalize o ato de se invadir e negociar terras alheias, sobretudo quando se trata de terras p\u00fablicas, onde sequer o usucapi\u00e3o \u00e9 permitido.<\/p>\n<p>Ver o atual secret\u00e1rio de desenvolvimento econ\u00f4mico ir as r\u00e1dios alardear que o munic\u00edpio n\u00e3o tem terrenos para oferecer \u00e0s ind\u00fastrias, enquanto temos um DISAI invadido e abandonado pelo poder p\u00fablico, \u00e9 simplesmente vergonhoso e inaceit\u00e1vel.<\/p>\n<p>Como \u00e9 tamb\u00e9m inaceit\u00e1vel que se desaproprie terras em qualquer canto e instale ind\u00fastrias em \u00e1reas sem o devido estudo seja geogr\u00e1fico ou ambiental, como foi feito no Distrito Industrial de Sauipe. \u00c9 algo que n\u00e3o combina com um Governo que promete uma Alagoinhas do futuro.<\/p>\n<p>Se faz necess\u00e1rio a retomada do controle total do distrito industrial de Sau\u00edpe para que se reestabele\u00e7a o objetivo para qual foi criado. \u00c9 preciso que se fa\u00e7a um levantamento sobre os posseiros das \u00e1reas invadidas para que se diferencie que agiu de m\u00e1-f\u00e9 e quem foi ludibriado por terceiros que negociaram terras p\u00fablicas nas barbas de gestores irrespons\u00e1veis e descompromissados com o interesse p\u00fablico.<\/p>\n<p>Ap\u00f3s o levantamento, nada mais justo que aquele que foi ludibriado seja indenizado ou\/e remanejado para outras \u00e1reas do munic\u00edpio, pr\u00f3prias para a habita\u00e7\u00e3o organizada, com acesso a servi\u00e7os p\u00fablicos essenciais, e que o munic\u00edpio fa\u00e7a a lei alcan\u00e7ar os criminosos que negociaram, e ainda negociam, terrenos p\u00fablicos, lesando toda uma cidade.<\/p>\n<p>\u00c9 preciso ter coragem para se concertar os erros do passado e reestabelecer o caminho do desenvolvimento sustent\u00e1vel em Alagoinhas. E isso espero que n\u00e3o falte ao Governo liderado por Gustavo Carmo.<\/p>\n<p><strong>Escrito por Caio Pimenta, advogado, \u00e2ncora do programa Primeira M\u00e3o, da radio Ouro Negro 100,5 FM. Ele tamb\u00e9m escreve sua coluna no site News Infoco, do qual \u00e9 editor- chefe e dirige a radio web 2 de julho.<\/strong><\/p>\n<div class=\"share-to-whatsapp-wrapper\"><\/div>\n<div class='share-to-whatsapp-wrapper'><div class='share-on-whsp'>Share on: <\/div><a data-text='Prefeitura de Alagoinhas precisa retomar o controle do DISAI; Est\u00e3o vendendo terra p\u00fablica - Por Caio Pimenta' data-link='https:\/\/newsinfoco.com.br\/inicio\/prefeitura-de-alagoinhas-precisa-retomar-o-controle-do-disai-estao-vendendo-terra-publica-por-caio-pimenta\/' class='whatsapp-button whatsapp-share'>WhatsApp<\/a><div class='clear '><\/div><\/div>","protected":false},"excerpt":{"rendered":"<p>A revitaliza\u00e7\u00e3o do Distrito Industrial de Sau\u00edpe(DISAI) se faz mais do que necess\u00e1rio ao munic\u00edpio de Alagoinhas. E em se tratando do atual prefeito, Gustavo Carmo, essa pauta deveria ser, antes de tudo, uma quest\u00e3o moral, pois foi seu pai, o ent\u00e3o prefeito Jud\u00e9lio Carmo, eleito com apenas 27 anos, numa campanha apelidada de \u201czebra\u201d [&hellip;]<\/p>\n","protected":false},"author":1,"featured_media":44521,"comment_status":"closed","ping_status":"closed","sticky":false,"template":"","format":"standard","meta":{"om_disable_all_campaigns":false,"_exactmetrics_skip_tracking":false,"_exactmetrics_sitenote_active":false,"_exactmetrics_sitenote_note":"","_exactmetrics_sitenote_category":0,"footnotes":""},"categories":[26],"tags":[],"class_list":["post-44520","post","type-post","status-publish","format-standard","has-post-thumbnail","hentry","category-caio-pimenta"],"aioseo_notices":[],"_links":{"self":[{"href":"https:\/\/newsinfoco.com.br\/inicio\/wp-json\/wp\/v2\/posts\/44520","targetHints":{"allow":["GET"]}}],"collection":[{"href":"https:\/\/newsinfoco.com.br\/inicio\/wp-json\/wp\/v2\/posts"}],"about":[{"href":"https:\/\/newsinfoco.com.br\/inicio\/wp-json\/wp\/v2\/types\/post"}],"author":[{"embeddable":true,"href":"https:\/\/newsinfoco.com.br\/inicio\/wp-json\/wp\/v2\/users\/1"}],"replies":[{"embeddable":true,"href":"https:\/\/newsinfoco.com.br\/inicio\/wp-json\/wp\/v2\/comments?post=44520"}],"version-history":[{"count":2,"href":"https:\/\/newsinfoco.com.br\/inicio\/wp-json\/wp\/v2\/posts\/44520\/revisions"}],"predecessor-version":[{"id":44523,"href":"https:\/\/newsinfoco.com.br\/inicio\/wp-json\/wp\/v2\/posts\/44520\/revisions\/44523"}],"wp:featuredmedia":[{"embeddable":true,"href":"https:\/\/newsinfoco.com.br\/inicio\/wp-json\/wp\/v2\/media\/44521"}],"wp:attachment":[{"href":"https:\/\/newsinfoco.com.br\/inicio\/wp-json\/wp\/v2\/media?parent=44520"}],"wp:term":[{"taxonomy":"category","embeddable":true,"href":"https:\/\/newsinfoco.com.br\/inicio\/wp-json\/wp\/v2\/categories?post=44520"},{"taxonomy":"post_tag","embeddable":true,"href":"https:\/\/newsinfoco.com.br\/inicio\/wp-json\/wp\/v2\/tags?post=44520"}],"curies":[{"name":"wp","href":"https:\/\/api.w.org\/{rel}","templated":true}]}}