{"id":44560,"date":"2025-08-22T16:20:00","date_gmt":"2025-08-22T19:20:00","guid":{"rendered":"https:\/\/newsinfoco.com.br\/inicio\/?p=44560"},"modified":"2025-08-22T16:20:00","modified_gmt":"2025-08-22T19:20:00","slug":"governo-apresenta-projetos-para-regulamentar-big-techs-no-brasil","status":"publish","type":"post","link":"https:\/\/newsinfoco.com.br\/inicio\/governo-apresenta-projetos-para-regulamentar-big-techs-no-brasil\/","title":{"rendered":"Governo apresenta projetos para regulamentar big techs no Brasil"},"content":{"rendered":"<p>O presidente Luiz In\u00e1cio Lula da Silva (PT) e ministros do governo, receberam nesta sexta-feira (22) no Pal\u00e1cio do Planalto, em Bras\u00edlia, representantes das maiores empresas de tecnologia e do com\u00e9rcio digital.<\/p>\n<p>O encontro serviu para apresentar os detalhes dos projetos pensados para regulamentar os servi\u00e7os digitais dessas big techs no pa\u00eds.<\/p>\n<p>De acordo com o site Poder360, as obriga\u00e7\u00f5es das empresas de menor e maior porte relacionadas aos servi\u00e7os prestados. Em rela\u00e7\u00e3o \u00e0s plataformas, h\u00e1 medidas sobre retirada imediata de publica\u00e7\u00f5es consideradas criminosas.<\/p>\n<p><strong>Por parte do governo, participaram do encontro:<\/strong><\/p>\n<p>Samara Castro \u2013 chefe de Gabinete do ministro Sid\u00f4nio Palmeira (Secom);<br \/>\nJo\u00e3o Brant \u2013 secret\u00e1rio de Pol\u00edticas Digitais;<br \/>\nNina Santos \u2013 secret\u00e1ria de Pol\u00edticas Digitais;<br \/>\nFabio Bello \u2013 Minist\u00e9rio da Fazenda;<br \/>\nRicardo Horta \u2013 Minist\u00e9rio da Justi\u00e7a;<br \/>\nGuilherme Cintia \u2013 da AGU (Advocacia-Geral da Uni\u00e3o);<\/p>\n<p><strong>J\u00e1 as big techs designaram os seguintes representantes:<\/strong><\/p>\n<p>\u2013 Kawai;<br \/>\n\u2013 Amazon;<br \/>\n\u2013 Google;<br \/>\n\u2013 YouTube;<br \/>\n\u2013 ALAI;<br \/>\n\u2013 Apple;<br \/>\n\u2013 Uber;<br \/>\n\u2013 Mercado Livre;<br \/>\n\u2013 Amobitec (Associa\u00e7\u00e3o Brasileira de Mobilidade e Tecnologia);<br \/>\n\u2013 Brasscom;<br \/>\n\u2013 CamaraNet;<br \/>\n\u2013 Shopee;<br \/>\n\u2013 Expedia;<br \/>\n\u2013 99;<br \/>\n\u2013 TikTok;<br \/>\n\u2013 Magalu;<br \/>\n\u2013 Shein;<br \/>\n\u2013 Hotmart;<br \/>\n\u2013 iFood;<br \/>\n\u2013 Airbnb;<br \/>\n\u2013 Microsoft;<br \/>\n\u2013 B.;<br \/>\n\u2013 OLX;<br \/>\n\u2013 Meta;<br \/>\n\u2013 OpenAI.<\/p>\n<p>O governo fez uma lista de crimes que devem ser detectados e indisponibilizados imediatamente pelas plataformas est\u00e3o aqueles contra crian\u00e7as e adolescentes, \u201cterrorismo\u201d e contra o Estado democr\u00e1tico de Direito. No caso do atentado contra o Estado democr\u00e1tico de Direito, comp\u00f5e conte\u00fados relacionados a golpe de Estado e aboli\u00e7\u00e3o violenta do Estado de Direito.<\/p>\n<p>Citam tamb\u00e9m: les\u00e3o corporal, tr\u00e1fico de pessoas, crimes sexuais, causar epidemia, crimes contra a mulher, inclusive conte\u00fados que propaguem o \u00f3dio ou avers\u00e3o \u00e0s mulheres.<\/p>\n<p><strong>O governo sugeriu que as empresas devem prevenir e interromper:<\/strong><\/p>\n<p>\u2013 crimes listados no artigo sobre notifica\u00e7\u00e3o de crimes, imediatamente;<br \/>\n\u2013 viola\u00e7\u00f5es aos direitos da crian\u00e7a, do adolescente e de outros grupos vulnerabilizados;<br \/>\n\u2013 condutas que comprometam a integridade das elei\u00e7\u00f5es e do processo democr\u00e1tico;<br \/>\n\u2013 fraudes que usem, sem autoriza\u00e7\u00e3o, a identidade de pessoas p\u00fablicas, contas ou marcas.<\/p>\n<p>A apresenta\u00e7\u00e3o afirma que as big techs precisar\u00e3o seguir regras para atuar no Brasil, com o intuito de prevenir e interromper os crimes citados acima, disponibilizar relat\u00f3rios de transpar\u00eancia \u00e0 ANPD (Ag\u00eancia Nacional de Prote\u00e7\u00e3o de Dados).<\/p>\n<p>Os deveres que as big techs devem seguir de acordo com a apresenta\u00e7\u00e3o sa\u00f5:<\/p>\n<div>\n<div class=\"trv-player-container\">\n<div class=\"trv-wrapper\">\n<div id=\"br_video_player_cf345004f938078ffe500868d33f7c9dc3c659f9\" class=\"trvd_video_player trvdinstream\">\u2013 ter escrit\u00f3rio no Brasil e oferecer servi\u00e7o de atendimento ao consumidor;<br \/>\n\u2013 avaliar e mitigar riscos sist\u00eamicos desde a concep\u00e7\u00e3o dos servi\u00e7os at\u00e9 sua execu\u00e7\u00e3o;<br \/>\n\u2013 ter protocolos para emerg\u00eancia p\u00fablica;<br \/>\n\u2013 fazer auditoria externa e independente;<br \/>\n\u2013 usar mecanismos para elevar a transpar\u00eancia sobre a confiabilidade de conte\u00fados;<br \/>\n\u2013 mitigar usos inaut\u00eanticos dos servi\u00e7os e voltados para conte\u00fados il\u00edcitos;<br \/>\n\u2013 viabilizar inspe\u00e7\u00f5es in loco;<br \/>\n\u2013 publicar relat\u00f3rio de transpar\u00eancia;<br \/>\n\u2013 conferir tratamento ison\u00f4mico e n\u00e3o discriminat\u00f3rio na oferta de servi\u00e7os;<br \/>\n\u2013 adotar infraestrutura tecnol\u00f3gica adequada e resiliente.\u2013 ter escrit\u00f3rio no Brasil e oferecer servi\u00e7o de atendimento ao consumidor;<\/p>\n<\/div>\n<div>Bahia.Ba<\/div>\n<\/div>\n<\/div>\n<\/div>\n<div class='share-to-whatsapp-wrapper'><div class='share-on-whsp'>Share on: <\/div><a data-text='Governo apresenta projetos para regulamentar big techs no Brasil' data-link='https:\/\/newsinfoco.com.br\/inicio\/governo-apresenta-projetos-para-regulamentar-big-techs-no-brasil\/' class='whatsapp-button whatsapp-share'>WhatsApp<\/a><div class='clear '><\/div><\/div>","protected":false},"excerpt":{"rendered":"<p>O presidente Luiz In\u00e1cio Lula da Silva (PT) e ministros do governo, receberam nesta sexta-feira (22) no Pal\u00e1cio do Planalto, em Bras\u00edlia, representantes das maiores empresas de tecnologia e do com\u00e9rcio digital. O encontro serviu para apresentar os detalhes dos projetos pensados para regulamentar os servi\u00e7os digitais dessas big techs no pa\u00eds. De acordo com [&hellip;]<\/p>\n","protected":false},"author":1,"featured_media":44562,"comment_status":"closed","ping_status":"closed","sticky":false,"template":"","format":"standard","meta":{"om_disable_all_campaigns":false,"rop_custom_images_group":[],"rop_custom_messages_group":[],"rop_publish_now":"initial","rop_publish_now_accounts":[],"rop_publish_now_history":[],"rop_publish_now_status":"pending","_exactmetrics_skip_tracking":false,"footnotes":""},"categories":[21],"tags":[],"class_list":["post-44560","post","type-post","status-publish","format-standard","has-post-thumbnail","hentry","category-brasil"],"aioseo_notices":[],"aioseo_head":"\n\t\t<!-- All in One SEO 4.9.10 - aioseo.com -->\n\t<meta name=\"description\" content=\"O presidente Luiz In\u00e1cio Lula da Silva (PT) e ministros do governo, receberam nesta sexta-feira (22) no Pal\u00e1cio do Planalto, em Bras\u00edlia, representantes das maiores empresas de tecnologia e do com\u00e9rcio digital. O encontro serviu para apresentar os detalhes dos projetos pensados para regulamentar os servi\u00e7os digitais dessas big techs no pa\u00eds. De acordo com\" \/>\n\t<meta name=\"robots\" content=\"max-image-preview:large\" \/>\n\t<meta name=\"author\" content=\"administrador\"\/>\n\t<link rel=\"canonical\" href=\"https:\/\/newsinfoco.com.br\/inicio\/governo-apresenta-projetos-para-regulamentar-big-techs-no-brasil\/\" \/>\n\t<meta name=\"generator\" content=\"All in One SEO (AIOSEO) 4.9.10\" \/>\n\t\t<meta property=\"og:locale\" content=\"pt_BR\" \/>\n\t\t<meta property=\"og:site_name\" content=\"News In Foco - Editado por Caio Pimenta - O principal site de noticias de Alagoinhas e regi\u00e3o\" \/>\n\t\t<meta property=\"og:type\" content=\"article\" \/>\n\t\t<meta property=\"og:title\" content=\"Governo apresenta projetos para regulamentar big techs no Brasil - News In Foco - Editado por Caio Pimenta\" \/>\n\t\t<meta property=\"og:description\" content=\"O presidente Luiz In\u00e1cio Lula da Silva (PT) e ministros do governo, receberam nesta sexta-feira (22) no Pal\u00e1cio do Planalto, em Bras\u00edlia, representantes das maiores empresas de tecnologia e do com\u00e9rcio digital. O encontro serviu para apresentar os detalhes dos projetos pensados para regulamentar os servi\u00e7os digitais dessas big techs no pa\u00eds. De acordo com\" \/>\n\t\t<meta property=\"og:url\" content=\"https:\/\/newsinfoco.com.br\/inicio\/governo-apresenta-projetos-para-regulamentar-big-techs-no-brasil\/\" \/>\n\t\t<meta property=\"article:published_time\" content=\"2025-08-22T19:20:00+00:00\" \/>\n\t\t<meta property=\"article:modified_time\" content=\"2025-08-22T19:20:00+00:00\" \/>\n\t\t<meta name=\"twitter:card\" content=\"summary_large_image\" \/>\n\t\t<meta name=\"twitter:title\" content=\"Governo apresenta projetos para regulamentar big techs no Brasil - News In Foco - Editado por Caio Pimenta\" \/>\n\t\t<meta name=\"twitter:description\" content=\"O presidente Luiz In\u00e1cio Lula da Silva (PT) e ministros do governo, receberam nesta sexta-feira (22) no Pal\u00e1cio do Planalto, em Bras\u00edlia, representantes das maiores empresas de tecnologia e do com\u00e9rcio digital. O encontro serviu para apresentar os detalhes dos projetos pensados para regulamentar os servi\u00e7os digitais dessas big techs no pa\u00eds. De acordo com\" \/>\n\t\t<script type=\"application\/ld+json\" class=\"aioseo-schema\">\n\t\t\t{\"@context\":\"https:\\\/\\\/schema.org\",\"@graph\":[{\"@type\":\"BlogPosting\",\"@id\":\"https:\\\/\\\/newsinfoco.com.br\\\/inicio\\\/governo-apresenta-projetos-para-regulamentar-big-techs-no-brasil\\\/#blogposting\",\"name\":\"Governo apresenta projetos para regulamentar big techs no Brasil - News In Foco - Editado por Caio Pimenta\",\"headline\":\"Governo apresenta projetos para regulamentar big techs no Brasil\",\"author\":{\"@id\":\"https:\\\/\\\/newsinfoco.com.br\\\/inicio\\\/author\\\/administrador\\\/#author\"},\"publisher\":{\"@id\":\"https:\\\/\\\/newsinfoco.com.br\\\/inicio\\\/#organization\"},\"image\":{\"@type\":\"ImageObject\",\"url\":\"https:\\\/\\\/newsinfoco.com.br\\\/inicio\\\/wp-content\\\/uploads\\\/2025\\\/08\\\/Lula-chama-Bolsonaro-de-fujao-1.jpg\",\"width\":600,\"height\":420},\"datePublished\":\"2025-08-22T16:20:00-03:00\",\"dateModified\":\"2025-08-22T16:20:00-03:00\",\"inLanguage\":\"pt-BR\",\"mainEntityOfPage\":{\"@id\":\"https:\\\/\\\/newsinfoco.com.br\\\/inicio\\\/governo-apresenta-projetos-para-regulamentar-big-techs-no-brasil\\\/#webpage\"},\"isPartOf\":{\"@id\":\"https:\\\/\\\/newsinfoco.com.br\\\/inicio\\\/governo-apresenta-projetos-para-regulamentar-big-techs-no-brasil\\\/#webpage\"},\"articleSection\":\"Brasil\"},{\"@type\":\"BreadcrumbList\",\"@id\":\"https:\\\/\\\/newsinfoco.com.br\\\/inicio\\\/governo-apresenta-projetos-para-regulamentar-big-techs-no-brasil\\\/#breadcrumblist\",\"itemListElement\":[{\"@type\":\"ListItem\",\"@id\":\"https:\\\/\\\/newsinfoco.com.br\\\/inicio#listItem\",\"position\":1,\"name\":\"In\\u00edcio\",\"item\":\"https:\\\/\\\/newsinfoco.com.br\\\/inicio\",\"nextItem\":{\"@type\":\"ListItem\",\"@id\":\"https:\\\/\\\/newsinfoco.com.br\\\/inicio\\\/category\\\/brasil\\\/#listItem\",\"name\":\"Brasil\"}},{\"@type\":\"ListItem\",\"@id\":\"https:\\\/\\\/newsinfoco.com.br\\\/inicio\\\/category\\\/brasil\\\/#listItem\",\"position\":2,\"name\":\"Brasil\",\"item\":\"https:\\\/\\\/newsinfoco.com.br\\\/inicio\\\/category\\\/brasil\\\/\",\"nextItem\":{\"@type\":\"ListItem\",\"@id\":\"https:\\\/\\\/newsinfoco.com.br\\\/inicio\\\/governo-apresenta-projetos-para-regulamentar-big-techs-no-brasil\\\/#listItem\",\"name\":\"Governo apresenta projetos para regulamentar big techs no Brasil\"},\"previousItem\":{\"@type\":\"ListItem\",\"@id\":\"https:\\\/\\\/newsinfoco.com.br\\\/inicio#listItem\",\"name\":\"In\\u00edcio\"}},{\"@type\":\"ListItem\",\"@id\":\"https:\\\/\\\/newsinfoco.com.br\\\/inicio\\\/governo-apresenta-projetos-para-regulamentar-big-techs-no-brasil\\\/#listItem\",\"position\":3,\"name\":\"Governo apresenta projetos para regulamentar big techs no Brasil\",\"previousItem\":{\"@type\":\"ListItem\",\"@id\":\"https:\\\/\\\/newsinfoco.com.br\\\/inicio\\\/category\\\/brasil\\\/#listItem\",\"name\":\"Brasil\"}}]},{\"@type\":\"Organization\",\"@id\":\"https:\\\/\\\/newsinfoco.com.br\\\/inicio\\\/#organization\",\"name\":\"News In Foco - Editado por Caio Pimenta\",\"description\":\"O principal site de noticias de Alagoinhas e regi\\u00e3o\",\"url\":\"https:\\\/\\\/newsinfoco.com.br\\\/inicio\\\/\"},{\"@type\":\"Person\",\"@id\":\"https:\\\/\\\/newsinfoco.com.br\\\/inicio\\\/author\\\/administrador\\\/#author\",\"url\":\"https:\\\/\\\/newsinfoco.com.br\\\/inicio\\\/author\\\/administrador\\\/\",\"name\":\"administrador\",\"image\":{\"@type\":\"ImageObject\",\"@id\":\"https:\\\/\\\/newsinfoco.com.br\\\/inicio\\\/governo-apresenta-projetos-para-regulamentar-big-techs-no-brasil\\\/#authorImage\",\"url\":\"https:\\\/\\\/secure.gravatar.com\\\/avatar\\\/c17a617433de8c1dc9584bb79aab7563b46f5bb7e1728c9b17d9cc3ce6a08e49?s=96&d=mm&r=g\",\"width\":96,\"height\":96,\"caption\":\"administrador\"}},{\"@type\":\"WebPage\",\"@id\":\"https:\\\/\\\/newsinfoco.com.br\\\/inicio\\\/governo-apresenta-projetos-para-regulamentar-big-techs-no-brasil\\\/#webpage\",\"url\":\"https:\\\/\\\/newsinfoco.com.br\\\/inicio\\\/governo-apresenta-projetos-para-regulamentar-big-techs-no-brasil\\\/\",\"name\":\"Governo apresenta projetos para regulamentar big techs no Brasil - News In Foco - Editado por Caio Pimenta\",\"description\":\"O presidente Luiz In\\u00e1cio Lula da Silva (PT) e ministros do governo, receberam nesta sexta-feira (22) no Pal\\u00e1cio do Planalto, em Bras\\u00edlia, representantes das maiores empresas de tecnologia e do com\\u00e9rcio digital. O encontro serviu para apresentar os detalhes dos projetos pensados para regulamentar os servi\\u00e7os digitais dessas big techs no pa\\u00eds. De acordo com\",\"inLanguage\":\"pt-BR\",\"isPartOf\":{\"@id\":\"https:\\\/\\\/newsinfoco.com.br\\\/inicio\\\/#website\"},\"breadcrumb\":{\"@id\":\"https:\\\/\\\/newsinfoco.com.br\\\/inicio\\\/governo-apresenta-projetos-para-regulamentar-big-techs-no-brasil\\\/#breadcrumblist\"},\"author\":{\"@id\":\"https:\\\/\\\/newsinfoco.com.br\\\/inicio\\\/author\\\/administrador\\\/#author\"},\"creator\":{\"@id\":\"https:\\\/\\\/newsinfoco.com.br\\\/inicio\\\/author\\\/administrador\\\/#author\"},\"image\":{\"@type\":\"ImageObject\",\"url\":\"https:\\\/\\\/newsinfoco.com.br\\\/inicio\\\/wp-content\\\/uploads\\\/2025\\\/08\\\/Lula-chama-Bolsonaro-de-fujao-1.jpg\",\"@id\":\"https:\\\/\\\/newsinfoco.com.br\\\/inicio\\\/governo-apresenta-projetos-para-regulamentar-big-techs-no-brasil\\\/#mainImage\",\"width\":600,\"height\":420},\"primaryImageOfPage\":{\"@id\":\"https:\\\/\\\/newsinfoco.com.br\\\/inicio\\\/governo-apresenta-projetos-para-regulamentar-big-techs-no-brasil\\\/#mainImage\"},\"datePublished\":\"2025-08-22T16:20:00-03:00\",\"dateModified\":\"2025-08-22T16:20:00-03:00\"},{\"@type\":\"WebSite\",\"@id\":\"https:\\\/\\\/newsinfoco.com.br\\\/inicio\\\/#website\",\"url\":\"https:\\\/\\\/newsinfoco.com.br\\\/inicio\\\/\",\"name\":\"News In Foco - Editado por Caio Pimenta\",\"description\":\"O principal site de noticias de Alagoinhas e regi\\u00e3o\",\"inLanguage\":\"pt-BR\",\"publisher\":{\"@id\":\"https:\\\/\\\/newsinfoco.com.br\\\/inicio\\\/#organization\"}}]}\n\t\t<\/script>\n\t\t<!-- All in One SEO -->\n\n","aioseo_head_json":{"title":"Governo apresenta projetos para regulamentar big techs no Brasil - News In Foco - Editado por Caio Pimenta","description":"O presidente Luiz In\u00e1cio Lula da Silva (PT) e ministros do governo, receberam nesta sexta-feira (22) no Pal\u00e1cio do Planalto, em Bras\u00edlia, representantes das maiores empresas de tecnologia e do com\u00e9rcio digital. O encontro serviu para apresentar os detalhes dos projetos pensados para regulamentar os servi\u00e7os digitais dessas big techs no pa\u00eds. De acordo com","canonical_url":"https:\/\/newsinfoco.com.br\/inicio\/governo-apresenta-projetos-para-regulamentar-big-techs-no-brasil\/","robots":"max-image-preview:large","keywords":"","webmasterTools":{"miscellaneous":""},"schema":{"@context":"https:\/\/schema.org","@graph":[{"@type":"BlogPosting","@id":"https:\/\/newsinfoco.com.br\/inicio\/governo-apresenta-projetos-para-regulamentar-big-techs-no-brasil\/#blogposting","name":"Governo apresenta projetos para regulamentar big techs no Brasil - News In Foco - Editado por Caio Pimenta","headline":"Governo apresenta projetos para regulamentar big techs no Brasil","author":{"@id":"https:\/\/newsinfoco.com.br\/inicio\/author\/administrador\/#author"},"publisher":{"@id":"https:\/\/newsinfoco.com.br\/inicio\/#organization"},"image":{"@type":"ImageObject","url":"https:\/\/newsinfoco.com.br\/inicio\/wp-content\/uploads\/2025\/08\/Lula-chama-Bolsonaro-de-fujao-1.jpg","width":600,"height":420},"datePublished":"2025-08-22T16:20:00-03:00","dateModified":"2025-08-22T16:20:00-03:00","inLanguage":"pt-BR","mainEntityOfPage":{"@id":"https:\/\/newsinfoco.com.br\/inicio\/governo-apresenta-projetos-para-regulamentar-big-techs-no-brasil\/#webpage"},"isPartOf":{"@id":"https:\/\/newsinfoco.com.br\/inicio\/governo-apresenta-projetos-para-regulamentar-big-techs-no-brasil\/#webpage"},"articleSection":"Brasil"},{"@type":"BreadcrumbList","@id":"https:\/\/newsinfoco.com.br\/inicio\/governo-apresenta-projetos-para-regulamentar-big-techs-no-brasil\/#breadcrumblist","itemListElement":[{"@type":"ListItem","@id":"https:\/\/newsinfoco.com.br\/inicio#listItem","position":1,"name":"In\u00edcio","item":"https:\/\/newsinfoco.com.br\/inicio","nextItem":{"@type":"ListItem","@id":"https:\/\/newsinfoco.com.br\/inicio\/category\/brasil\/#listItem","name":"Brasil"}},{"@type":"ListItem","@id":"https:\/\/newsinfoco.com.br\/inicio\/category\/brasil\/#listItem","position":2,"name":"Brasil","item":"https:\/\/newsinfoco.com.br\/inicio\/category\/brasil\/","nextItem":{"@type":"ListItem","@id":"https:\/\/newsinfoco.com.br\/inicio\/governo-apresenta-projetos-para-regulamentar-big-techs-no-brasil\/#listItem","name":"Governo apresenta projetos para regulamentar big techs no Brasil"},"previousItem":{"@type":"ListItem","@id":"https:\/\/newsinfoco.com.br\/inicio#listItem","name":"In\u00edcio"}},{"@type":"ListItem","@id":"https:\/\/newsinfoco.com.br\/inicio\/governo-apresenta-projetos-para-regulamentar-big-techs-no-brasil\/#listItem","position":3,"name":"Governo apresenta projetos para regulamentar big techs no Brasil","previousItem":{"@type":"ListItem","@id":"https:\/\/newsinfoco.com.br\/inicio\/category\/brasil\/#listItem","name":"Brasil"}}]},{"@type":"Organization","@id":"https:\/\/newsinfoco.com.br\/inicio\/#organization","name":"News In Foco - Editado por Caio Pimenta","description":"O principal site de noticias de Alagoinhas e regi\u00e3o","url":"https:\/\/newsinfoco.com.br\/inicio\/"},{"@type":"Person","@id":"https:\/\/newsinfoco.com.br\/inicio\/author\/administrador\/#author","url":"https:\/\/newsinfoco.com.br\/inicio\/author\/administrador\/","name":"administrador","image":{"@type":"ImageObject","@id":"https:\/\/newsinfoco.com.br\/inicio\/governo-apresenta-projetos-para-regulamentar-big-techs-no-brasil\/#authorImage","url":"https:\/\/secure.gravatar.com\/avatar\/c17a617433de8c1dc9584bb79aab7563b46f5bb7e1728c9b17d9cc3ce6a08e49?s=96&d=mm&r=g","width":96,"height":96,"caption":"administrador"}},{"@type":"WebPage","@id":"https:\/\/newsinfoco.com.br\/inicio\/governo-apresenta-projetos-para-regulamentar-big-techs-no-brasil\/#webpage","url":"https:\/\/newsinfoco.com.br\/inicio\/governo-apresenta-projetos-para-regulamentar-big-techs-no-brasil\/","name":"Governo apresenta projetos para regulamentar big techs no Brasil - News In Foco - Editado por Caio Pimenta","description":"O presidente Luiz In\u00e1cio Lula da Silva (PT) e ministros do governo, receberam nesta sexta-feira (22) no Pal\u00e1cio do Planalto, em Bras\u00edlia, representantes das maiores empresas de tecnologia e do com\u00e9rcio digital. O encontro serviu para apresentar os detalhes dos projetos pensados para regulamentar os servi\u00e7os digitais dessas big techs no pa\u00eds. De acordo com","inLanguage":"pt-BR","isPartOf":{"@id":"https:\/\/newsinfoco.com.br\/inicio\/#website"},"breadcrumb":{"@id":"https:\/\/newsinfoco.com.br\/inicio\/governo-apresenta-projetos-para-regulamentar-big-techs-no-brasil\/#breadcrumblist"},"author":{"@id":"https:\/\/newsinfoco.com.br\/inicio\/author\/administrador\/#author"},"creator":{"@id":"https:\/\/newsinfoco.com.br\/inicio\/author\/administrador\/#author"},"image":{"@type":"ImageObject","url":"https:\/\/newsinfoco.com.br\/inicio\/wp-content\/uploads\/2025\/08\/Lula-chama-Bolsonaro-de-fujao-1.jpg","@id":"https:\/\/newsinfoco.com.br\/inicio\/governo-apresenta-projetos-para-regulamentar-big-techs-no-brasil\/#mainImage","width":600,"height":420},"primaryImageOfPage":{"@id":"https:\/\/newsinfoco.com.br\/inicio\/governo-apresenta-projetos-para-regulamentar-big-techs-no-brasil\/#mainImage"},"datePublished":"2025-08-22T16:20:00-03:00","dateModified":"2025-08-22T16:20:00-03:00"},{"@type":"WebSite","@id":"https:\/\/newsinfoco.com.br\/inicio\/#website","url":"https:\/\/newsinfoco.com.br\/inicio\/","name":"News In Foco - Editado por Caio Pimenta","description":"O principal site de noticias de Alagoinhas e regi\u00e3o","inLanguage":"pt-BR","publisher":{"@id":"https:\/\/newsinfoco.com.br\/inicio\/#organization"}}]},"og:locale":"pt_BR","og:site_name":"News In Foco - Editado por Caio Pimenta - O principal site de noticias de Alagoinhas e regi\u00e3o","og:type":"article","og:title":"Governo apresenta projetos para regulamentar big techs no Brasil - News In Foco - Editado por Caio Pimenta","og:description":"O presidente Luiz In\u00e1cio Lula da Silva (PT) e ministros do governo, receberam nesta sexta-feira (22) no Pal\u00e1cio do Planalto, em Bras\u00edlia, representantes das maiores empresas de tecnologia e do com\u00e9rcio digital. O encontro serviu para apresentar os detalhes dos projetos pensados para regulamentar os servi\u00e7os digitais dessas big techs no pa\u00eds. De acordo com","og:url":"https:\/\/newsinfoco.com.br\/inicio\/governo-apresenta-projetos-para-regulamentar-big-techs-no-brasil\/","article:published_time":"2025-08-22T19:20:00+00:00","article:modified_time":"2025-08-22T19:20:00+00:00","twitter:card":"summary_large_image","twitter:title":"Governo apresenta projetos para regulamentar big techs no Brasil - News In Foco - Editado por Caio Pimenta","twitter:description":"O presidente Luiz In\u00e1cio Lula da Silva (PT) e ministros do governo, receberam nesta sexta-feira (22) no Pal\u00e1cio do Planalto, em Bras\u00edlia, representantes das maiores empresas de tecnologia e do com\u00e9rcio digital. O encontro serviu para apresentar os detalhes dos projetos pensados para regulamentar os servi\u00e7os digitais dessas big techs no pa\u00eds. De acordo com"},"aioseo_meta_data":{"post_id":"44560","title":null,"description":null,"keywords":null,"keyphrases":{"focus":{"keyphrase":"","score":0,"analysis":{"keyphraseInTitle":{"score":0,"maxScore":9,"error":1}}},"additional":[]},"primary_term":null,"canonical_url":null,"og_title":null,"og_description":null,"og_object_type":"default","og_image_type":"default","og_image_url":null,"og_image_width":null,"og_image_height":null,"og_image_custom_url":null,"og_image_custom_fields":null,"og_video":"","og_custom_url":null,"og_article_section":null,"og_article_tags":null,"twitter_use_og":false,"twitter_card":"default","twitter_image_type":"default","twitter_image_url":null,"twitter_image_custom_url":null,"twitter_image_custom_fields":null,"twitter_title":null,"twitter_description":null,"schema":{"blockGraphs":[],"customGraphs":[],"default":{"data":{"Article":[],"Course":[],"Dataset":[],"FAQPage":[],"Movie":[],"Person":[],"Product":[],"ProductReview":[],"Car":[],"Recipe":[],"Service":[],"SoftwareApplication":[],"WebPage":[]},"graphName":"BlogPosting","isEnabled":true},"graphs":[]},"schema_type":"default","schema_type_options":null,"pillar_content":false,"robots_default":true,"robots_noindex":false,"robots_noarchive":false,"robots_nosnippet":false,"robots_nofollow":false,"robots_noimageindex":false,"robots_noodp":false,"robots_notranslate":false,"robots_max_snippet":"-1","robots_max_videopreview":"-1","robots_max_imagepreview":"large","priority":null,"frequency":"default","local_seo":null,"breadcrumb_settings":null,"limit_modified_date":false,"ai":{"faqs":[],"keyPoints":[],"titles":[],"descriptions":[],"socialPosts":{"email":[],"linkedin":[],"twitter":[],"facebook":[],"instagram":[]}},"created":"2025-08-22 19:20:01","updated":"2025-08-22 19:21:22","seo_analyzer_scan_date":null},"aioseo_breadcrumb":"<div class=\"aioseo-breadcrumbs\"><span class=\"aioseo-breadcrumb\">\n\t\t\t<a href=\"https:\/\/newsinfoco.com.br\/inicio\" title=\"In\u00edcio\">In\u00edcio<\/a>\n\t\t<\/span><span class=\"aioseo-breadcrumb-separator\">&raquo;<\/span><span class=\"aioseo-breadcrumb\">\n\t\t\t<a href=\"https:\/\/newsinfoco.com.br\/inicio\/category\/brasil\/\" title=\"Brasil\">Brasil<\/a>\n\t\t<\/span><span class=\"aioseo-breadcrumb-separator\">&raquo;<\/span><span class=\"aioseo-breadcrumb\">\n\t\t\tGoverno apresenta projetos para regulamentar big techs no Brasil\n\t\t<\/span><\/div>","aioseo_breadcrumb_json":[{"label":"In\u00edcio","link":"https:\/\/newsinfoco.com.br\/inicio"},{"label":"Brasil","link":"https:\/\/newsinfoco.com.br\/inicio\/category\/brasil\/"},{"label":"Governo apresenta projetos para regulamentar big techs no Brasil","link":"https:\/\/newsinfoco.com.br\/inicio\/governo-apresenta-projetos-para-regulamentar-big-techs-no-brasil\/"}],"_links":{"self":[{"href":"https:\/\/newsinfoco.com.br\/inicio\/wp-json\/wp\/v2\/posts\/44560","targetHints":{"allow":["GET"]}}],"collection":[{"href":"https:\/\/newsinfoco.com.br\/inicio\/wp-json\/wp\/v2\/posts"}],"about":[{"href":"https:\/\/newsinfoco.com.br\/inicio\/wp-json\/wp\/v2\/types\/post"}],"author":[{"embeddable":true,"href":"https:\/\/newsinfoco.com.br\/inicio\/wp-json\/wp\/v2\/users\/1"}],"replies":[{"embeddable":true,"href":"https:\/\/newsinfoco.com.br\/inicio\/wp-json\/wp\/v2\/comments?post=44560"}],"version-history":[{"count":1,"href":"https:\/\/newsinfoco.com.br\/inicio\/wp-json\/wp\/v2\/posts\/44560\/revisions"}],"predecessor-version":[{"id":44563,"href":"https:\/\/newsinfoco.com.br\/inicio\/wp-json\/wp\/v2\/posts\/44560\/revisions\/44563"}],"wp:featuredmedia":[{"embeddable":true,"href":"https:\/\/newsinfoco.com.br\/inicio\/wp-json\/wp\/v2\/media\/44562"}],"wp:attachment":[{"href":"https:\/\/newsinfoco.com.br\/inicio\/wp-json\/wp\/v2\/media?parent=44560"}],"wp:term":[{"taxonomy":"category","embeddable":true,"href":"https:\/\/newsinfoco.com.br\/inicio\/wp-json\/wp\/v2\/categories?post=44560"},{"taxonomy":"post_tag","embeddable":true,"href":"https:\/\/newsinfoco.com.br\/inicio\/wp-json\/wp\/v2\/tags?post=44560"}],"curies":[{"name":"wp","href":"https:\/\/api.w.org\/{rel}","templated":true}]}}