{"id":44570,"date":"2025-08-22T16:53:24","date_gmt":"2025-08-22T19:53:24","guid":{"rendered":"https:\/\/newsinfoco.com.br\/inicio\/?p=44570"},"modified":"2025-08-22T16:53:24","modified_gmt":"2025-08-22T19:53:24","slug":"camara-so-deve-votar-isencao-do-imposto-de-renda-em-setembro","status":"publish","type":"post","link":"https:\/\/newsinfoco.com.br\/inicio\/camara-so-deve-votar-isencao-do-imposto-de-renda-em-setembro\/","title":{"rendered":"C\u00e2mara s\u00f3 deve votar isen\u00e7\u00e3o do Imposto de Renda em setembro"},"content":{"rendered":"<p>Apesar de ter aprovado a urg\u00eancia do projeto que expande a isen\u00e7\u00e3o do Imposto de Renda para aqueles que ganham at\u00e9 5 mil na quinta-feira (21), a C\u00e2mara dos Deputados s\u00f3 deve votar o m\u00e9rito da pauta na primeira quinzena de setembro. A previs\u00e3o foi confirmada por aliados pr\u00f3ximos ao presidente da Casa, Hugo Motta (Republicanos-PB). As informa\u00e7\u00f5es s\u00e3o do jornal O Globo.<\/p>\n<p>Segundo a reportagem, deputados da base governista vinham pleiteando a possibilidade do projeto ser votado j\u00e1 na pr\u00f3xima semana, ou seja, ainda no m\u00eas de agosto, visando evitar que a repercuss\u00e3o em torno do julgamento do ex-presidente Jair Bolsonaro (PL), que tamb\u00e9m est\u00e1 marcado para o in\u00edcio de setembro, pudesse atrasar a tramita\u00e7\u00e3o da proposta, que \u00e9 tratada como prioridade do governo no Congresso.<\/p>\n<p>\u201cTem que ser semana que vem, antes do julgamento do Bolsonaro. Quando come\u00e7ar o julgamento, os apoiadores podem fazer alguma rea\u00e7\u00e3o aqui\u201d, defendeu o l\u00edder do PT, deputado Lindbergh Farias (RJ).<\/p>\n<p>Em coro com o posicionamento de Farias, outros integrantes da base fizeram o mesmo pleito ao longo da sess\u00e3o de quinta. Apesar das press\u00f5es, Motta tem indicado que n\u00e3o pretende antecipar a vota\u00e7\u00e3o, que deve ocorrer com mais calma.<\/p>\n<p>O argumento do presidente da Casa \u00e9 de que a defini\u00e7\u00e3o do calend\u00e1rio precisa permitir espa\u00e7o para as negocia\u00e7\u00f5es em torno do texto. Para aliados do presidente da C\u00e2mara, a coincid\u00eancia com o julgamento de Bolsonaro n\u00e3o deve inviabilizar a vota\u00e7\u00e3o, mas parlamentares admitem reservadamente que o clima pol\u00edtico pode reduzir o espa\u00e7o de debate sobre a mat\u00e9ria.<\/p>\n<p>Segundo mat\u00e9ria do InfoMoney, o governo tem o projeto de isen\u00e7\u00e3o do IR como uma prioridade por considerar que as mudan\u00e7as na estrutura de cobran\u00e7a do imposto pode refor\u00e7ar o poder de consumo da classe m\u00e9dia e de trabalhadores de baixa renda, pauta defendida pelo presidente Luiz In\u00e1cio Lula da Silva (PT), que chegou a pautar a isen\u00e7\u00e3o como uma de suas promessas de campanha em 2022.<\/p>\n<p>Com a aprova\u00e7\u00e3o da urg\u00eancia na quinta, a vota\u00e7\u00e3o do projeto pode ocorre j\u00e1 diretamente no plen\u00e1rio, sem a necessidade de passar pelas comiss\u00f5es. A proposta beneficia cerca de dez milh\u00f5es de brasileiros que deixar\u00e3o de pagar o tributo, caso o texto seja aprovado.<\/p>\n<div>\n<div>\n<div class=\"trv-player-container\">\n<div class=\"trv-wrapper\">\n<div id=\"br_video_player_55dcfed581904f819c380868d33f7c9dc3c659f9\" class=\"trvd_video_player trvdinstream\">\n<div class=\"media-player\">\n<div class=\"trv-video\">\n<div id=\"truvid_ima_container93222\" class=\"truvid_ima_container\">\n<div>\n<div>\n<div>\n<div>\n<div class=\"trv-player-container\">\n<div class=\"trv-wrapper\">\n<div id=\"br_video_player_55dcfed581904f819c380868d33f7c9dc3c659f9\" class=\"trvd_video_player trvdinstream\">\n<div class=\"media-player\">\n<div class=\"trv-video\">\n<div id=\"truvid_ima_container93222\" class=\"truvid_ima_container\">\n<div>\n<div>\n<div>\n<div>\n<div class=\"trv-player-container\">\n<div class=\"trv-wrapper\">\n<div id=\"br_video_player_55dcfed581904f819c380868d33f7c9dc3c659f9\" class=\"trvd_video_player trvdinstream\">\n<div class=\"media-player\">\n<div class=\"trv-video\">\n<div id=\"truvid_ima_container93222\" class=\"truvid_ima_container\">\n<div>\n<div>\n<div class=\"conteudo_post\">\n<p>O projeto amplia a faixa de isen\u00e7\u00e3o do Imposto de Renda para quem ganha at\u00e9 R$ 5 mil por m\u00eas. No molde atual, apenas aqueles que ganham at\u00e9 dois sal\u00e1rios-m\u00ednimos est\u00e3o isentos, o que, segundo os valores deste ano, equivale a R$ 3.036.<\/p>\n<p>A proposta tamb\u00e9m prev\u00ea um desconto parcial para quem tem rendimentos entre R$ 5 mil e R$ 7.350. Para compensar a perda de arrecada\u00e7\u00e3o, a proposta cria um imposto de renda m\u00ednimo com al\u00edquota progressiva de at\u00e9 10% rendimentos acima de R$ 600 mil por ano.<\/p>\n<p>Bahia.Ba<\/p>\n<\/div>\n<div id=\"div-share\"><\/div>\n<\/div>\n<\/div>\n<\/div>\n<\/div>\n<\/div>\n<\/div>\n<\/div>\n<\/div>\n<\/div>\n<\/div>\n<\/div>\n<\/div>\n<\/div>\n<\/div>\n<\/div>\n<\/div>\n<\/div>\n<\/div>\n<\/div>\n<\/div>\n<\/div>\n<\/div>\n<\/div>\n<\/div>\n<\/div>\n<\/div>\n<\/div>\n<\/div>\n<\/div>\n<\/div>\n<div class='share-to-whatsapp-wrapper'><div class='share-on-whsp'>Share on: <\/div><a data-text='C\u00e2mara s\u00f3 deve votar isen\u00e7\u00e3o do Imposto de Renda em setembro' data-link='https:\/\/newsinfoco.com.br\/inicio\/camara-so-deve-votar-isencao-do-imposto-de-renda-em-setembro\/' class='whatsapp-button whatsapp-share'>WhatsApp<\/a><div class='clear '><\/div><\/div>","protected":false},"excerpt":{"rendered":"<p>Apesar de ter aprovado a urg\u00eancia do projeto que expande a isen\u00e7\u00e3o do Imposto de Renda para aqueles que ganham at\u00e9 5 mil na quinta-feira (21), a C\u00e2mara dos Deputados s\u00f3 deve votar o m\u00e9rito da pauta na primeira quinzena de setembro. A previs\u00e3o foi confirmada por aliados pr\u00f3ximos ao presidente da Casa, Hugo Motta [&hellip;]<\/p>\n","protected":false},"author":1,"featured_media":44571,"comment_status":"closed","ping_status":"closed","sticky":false,"template":"","format":"standard","meta":{"om_disable_all_campaigns":false,"rop_custom_images_group":[],"rop_custom_messages_group":[],"rop_publish_now":"initial","rop_publish_now_accounts":[],"rop_publish_now_history":[],"rop_publish_now_status":"pending","_exactmetrics_skip_tracking":false,"footnotes":""},"categories":[21],"tags":[],"class_list":["post-44570","post","type-post","status-publish","format-standard","has-post-thumbnail","hentry","category-brasil"],"aioseo_notices":[],"aioseo_head":"\n\t\t<!-- All in One SEO 4.9.10 - aioseo.com -->\n\t<meta name=\"description\" content=\"Apesar de ter aprovado a urg\u00eancia do projeto que expande a isen\u00e7\u00e3o do Imposto de Renda para aqueles que ganham at\u00e9 5 mil na quinta-feira (21), a C\u00e2mara dos Deputados s\u00f3 deve votar o m\u00e9rito da pauta na primeira quinzena de setembro. A previs\u00e3o foi confirmada por aliados pr\u00f3ximos ao presidente da Casa, Hugo Motta\" \/>\n\t<meta name=\"robots\" content=\"max-image-preview:large\" \/>\n\t<meta name=\"author\" content=\"administrador\"\/>\n\t<link rel=\"canonical\" href=\"https:\/\/newsinfoco.com.br\/inicio\/camara-so-deve-votar-isencao-do-imposto-de-renda-em-setembro\/\" \/>\n\t<meta name=\"generator\" content=\"All in One SEO (AIOSEO) 4.9.10\" \/>\n\t\t<meta property=\"og:locale\" content=\"pt_BR\" \/>\n\t\t<meta property=\"og:site_name\" content=\"News In Foco - Editado por Caio Pimenta - O principal site de noticias de Alagoinhas e regi\u00e3o\" \/>\n\t\t<meta property=\"og:type\" content=\"article\" \/>\n\t\t<meta property=\"og:title\" content=\"C\u00e2mara s\u00f3 deve votar isen\u00e7\u00e3o do Imposto de Renda em setembro - News In Foco - Editado por Caio Pimenta\" \/>\n\t\t<meta property=\"og:description\" content=\"Apesar de ter aprovado a urg\u00eancia do projeto que expande a isen\u00e7\u00e3o do Imposto de Renda para aqueles que ganham at\u00e9 5 mil na quinta-feira (21), a C\u00e2mara dos Deputados s\u00f3 deve votar o m\u00e9rito da pauta na primeira quinzena de setembro. A previs\u00e3o foi confirmada por aliados pr\u00f3ximos ao presidente da Casa, Hugo Motta\" \/>\n\t\t<meta property=\"og:url\" content=\"https:\/\/newsinfoco.com.br\/inicio\/camara-so-deve-votar-isencao-do-imposto-de-renda-em-setembro\/\" \/>\n\t\t<meta property=\"article:published_time\" content=\"2025-08-22T19:53:24+00:00\" \/>\n\t\t<meta property=\"article:modified_time\" content=\"2025-08-22T19:53:24+00:00\" \/>\n\t\t<meta name=\"twitter:card\" content=\"summary_large_image\" \/>\n\t\t<meta name=\"twitter:title\" content=\"C\u00e2mara s\u00f3 deve votar isen\u00e7\u00e3o do Imposto de Renda em setembro - News In Foco - Editado por Caio Pimenta\" \/>\n\t\t<meta name=\"twitter:description\" content=\"Apesar de ter aprovado a urg\u00eancia do projeto que expande a isen\u00e7\u00e3o do Imposto de Renda para aqueles que ganham at\u00e9 5 mil na quinta-feira (21), a C\u00e2mara dos Deputados s\u00f3 deve votar o m\u00e9rito da pauta na primeira quinzena de setembro. A previs\u00e3o foi confirmada por aliados pr\u00f3ximos ao presidente da Casa, Hugo Motta\" \/>\n\t\t<script type=\"application\/ld+json\" class=\"aioseo-schema\">\n\t\t\t{\"@context\":\"https:\\\/\\\/schema.org\",\"@graph\":[{\"@type\":\"BlogPosting\",\"@id\":\"https:\\\/\\\/newsinfoco.com.br\\\/inicio\\\/camara-so-deve-votar-isencao-do-imposto-de-renda-em-setembro\\\/#blogposting\",\"name\":\"C\\u00e2mara s\\u00f3 deve votar isen\\u00e7\\u00e3o do Imposto de Renda em setembro - News In Foco - Editado por Caio Pimenta\",\"headline\":\"C\\u00e2mara s\\u00f3 deve votar isen\\u00e7\\u00e3o do Imposto de Renda em setembro\",\"author\":{\"@id\":\"https:\\\/\\\/newsinfoco.com.br\\\/inicio\\\/author\\\/administrador\\\/#author\"},\"publisher\":{\"@id\":\"https:\\\/\\\/newsinfoco.com.br\\\/inicio\\\/#organization\"},\"image\":{\"@type\":\"ImageObject\",\"url\":\"https:\\\/\\\/newsinfoco.com.br\\\/inicio\\\/wp-content\\\/uploads\\\/2025\\\/08\\\/camara-dos-deputados-10.png\",\"width\":600,\"height\":420},\"datePublished\":\"2025-08-22T16:53:24-03:00\",\"dateModified\":\"2025-08-22T16:53:24-03:00\",\"inLanguage\":\"pt-BR\",\"mainEntityOfPage\":{\"@id\":\"https:\\\/\\\/newsinfoco.com.br\\\/inicio\\\/camara-so-deve-votar-isencao-do-imposto-de-renda-em-setembro\\\/#webpage\"},\"isPartOf\":{\"@id\":\"https:\\\/\\\/newsinfoco.com.br\\\/inicio\\\/camara-so-deve-votar-isencao-do-imposto-de-renda-em-setembro\\\/#webpage\"},\"articleSection\":\"Brasil\"},{\"@type\":\"BreadcrumbList\",\"@id\":\"https:\\\/\\\/newsinfoco.com.br\\\/inicio\\\/camara-so-deve-votar-isencao-do-imposto-de-renda-em-setembro\\\/#breadcrumblist\",\"itemListElement\":[{\"@type\":\"ListItem\",\"@id\":\"https:\\\/\\\/newsinfoco.com.br\\\/inicio#listItem\",\"position\":1,\"name\":\"In\\u00edcio\",\"item\":\"https:\\\/\\\/newsinfoco.com.br\\\/inicio\",\"nextItem\":{\"@type\":\"ListItem\",\"@id\":\"https:\\\/\\\/newsinfoco.com.br\\\/inicio\\\/category\\\/brasil\\\/#listItem\",\"name\":\"Brasil\"}},{\"@type\":\"ListItem\",\"@id\":\"https:\\\/\\\/newsinfoco.com.br\\\/inicio\\\/category\\\/brasil\\\/#listItem\",\"position\":2,\"name\":\"Brasil\",\"item\":\"https:\\\/\\\/newsinfoco.com.br\\\/inicio\\\/category\\\/brasil\\\/\",\"nextItem\":{\"@type\":\"ListItem\",\"@id\":\"https:\\\/\\\/newsinfoco.com.br\\\/inicio\\\/camara-so-deve-votar-isencao-do-imposto-de-renda-em-setembro\\\/#listItem\",\"name\":\"C\\u00e2mara s\\u00f3 deve votar isen\\u00e7\\u00e3o do Imposto de Renda em setembro\"},\"previousItem\":{\"@type\":\"ListItem\",\"@id\":\"https:\\\/\\\/newsinfoco.com.br\\\/inicio#listItem\",\"name\":\"In\\u00edcio\"}},{\"@type\":\"ListItem\",\"@id\":\"https:\\\/\\\/newsinfoco.com.br\\\/inicio\\\/camara-so-deve-votar-isencao-do-imposto-de-renda-em-setembro\\\/#listItem\",\"position\":3,\"name\":\"C\\u00e2mara s\\u00f3 deve votar isen\\u00e7\\u00e3o do Imposto de Renda em setembro\",\"previousItem\":{\"@type\":\"ListItem\",\"@id\":\"https:\\\/\\\/newsinfoco.com.br\\\/inicio\\\/category\\\/brasil\\\/#listItem\",\"name\":\"Brasil\"}}]},{\"@type\":\"Organization\",\"@id\":\"https:\\\/\\\/newsinfoco.com.br\\\/inicio\\\/#organization\",\"name\":\"News In Foco - Editado por Caio Pimenta\",\"description\":\"O principal site de noticias de Alagoinhas e regi\\u00e3o\",\"url\":\"https:\\\/\\\/newsinfoco.com.br\\\/inicio\\\/\"},{\"@type\":\"Person\",\"@id\":\"https:\\\/\\\/newsinfoco.com.br\\\/inicio\\\/author\\\/administrador\\\/#author\",\"url\":\"https:\\\/\\\/newsinfoco.com.br\\\/inicio\\\/author\\\/administrador\\\/\",\"name\":\"administrador\",\"image\":{\"@type\":\"ImageObject\",\"@id\":\"https:\\\/\\\/newsinfoco.com.br\\\/inicio\\\/camara-so-deve-votar-isencao-do-imposto-de-renda-em-setembro\\\/#authorImage\",\"url\":\"https:\\\/\\\/secure.gravatar.com\\\/avatar\\\/c17a617433de8c1dc9584bb79aab7563b46f5bb7e1728c9b17d9cc3ce6a08e49?s=96&d=mm&r=g\",\"width\":96,\"height\":96,\"caption\":\"administrador\"}},{\"@type\":\"WebPage\",\"@id\":\"https:\\\/\\\/newsinfoco.com.br\\\/inicio\\\/camara-so-deve-votar-isencao-do-imposto-de-renda-em-setembro\\\/#webpage\",\"url\":\"https:\\\/\\\/newsinfoco.com.br\\\/inicio\\\/camara-so-deve-votar-isencao-do-imposto-de-renda-em-setembro\\\/\",\"name\":\"C\\u00e2mara s\\u00f3 deve votar isen\\u00e7\\u00e3o do Imposto de Renda em setembro - News In Foco - Editado por Caio Pimenta\",\"description\":\"Apesar de ter aprovado a urg\\u00eancia do projeto que expande a isen\\u00e7\\u00e3o do Imposto de Renda para aqueles que ganham at\\u00e9 5 mil na quinta-feira (21), a C\\u00e2mara dos Deputados s\\u00f3 deve votar o m\\u00e9rito da pauta na primeira quinzena de setembro. A previs\\u00e3o foi confirmada por aliados pr\\u00f3ximos ao presidente da Casa, Hugo Motta\",\"inLanguage\":\"pt-BR\",\"isPartOf\":{\"@id\":\"https:\\\/\\\/newsinfoco.com.br\\\/inicio\\\/#website\"},\"breadcrumb\":{\"@id\":\"https:\\\/\\\/newsinfoco.com.br\\\/inicio\\\/camara-so-deve-votar-isencao-do-imposto-de-renda-em-setembro\\\/#breadcrumblist\"},\"author\":{\"@id\":\"https:\\\/\\\/newsinfoco.com.br\\\/inicio\\\/author\\\/administrador\\\/#author\"},\"creator\":{\"@id\":\"https:\\\/\\\/newsinfoco.com.br\\\/inicio\\\/author\\\/administrador\\\/#author\"},\"image\":{\"@type\":\"ImageObject\",\"url\":\"https:\\\/\\\/newsinfoco.com.br\\\/inicio\\\/wp-content\\\/uploads\\\/2025\\\/08\\\/camara-dos-deputados-10.png\",\"@id\":\"https:\\\/\\\/newsinfoco.com.br\\\/inicio\\\/camara-so-deve-votar-isencao-do-imposto-de-renda-em-setembro\\\/#mainImage\",\"width\":600,\"height\":420},\"primaryImageOfPage\":{\"@id\":\"https:\\\/\\\/newsinfoco.com.br\\\/inicio\\\/camara-so-deve-votar-isencao-do-imposto-de-renda-em-setembro\\\/#mainImage\"},\"datePublished\":\"2025-08-22T16:53:24-03:00\",\"dateModified\":\"2025-08-22T16:53:24-03:00\"},{\"@type\":\"WebSite\",\"@id\":\"https:\\\/\\\/newsinfoco.com.br\\\/inicio\\\/#website\",\"url\":\"https:\\\/\\\/newsinfoco.com.br\\\/inicio\\\/\",\"name\":\"News In Foco - Editado por Caio Pimenta\",\"description\":\"O principal site de noticias de Alagoinhas e regi\\u00e3o\",\"inLanguage\":\"pt-BR\",\"publisher\":{\"@id\":\"https:\\\/\\\/newsinfoco.com.br\\\/inicio\\\/#organization\"}}]}\n\t\t<\/script>\n\t\t<!-- All in One SEO -->\n\n","aioseo_head_json":{"title":"C\u00e2mara s\u00f3 deve votar isen\u00e7\u00e3o do Imposto de Renda em setembro - News In Foco - Editado por Caio Pimenta","description":"Apesar de ter aprovado a urg\u00eancia do projeto que expande a isen\u00e7\u00e3o do Imposto de Renda para aqueles que ganham at\u00e9 5 mil na quinta-feira (21), a C\u00e2mara dos Deputados s\u00f3 deve votar o m\u00e9rito da pauta na primeira quinzena de setembro. A previs\u00e3o foi confirmada por aliados pr\u00f3ximos ao presidente da Casa, Hugo Motta","canonical_url":"https:\/\/newsinfoco.com.br\/inicio\/camara-so-deve-votar-isencao-do-imposto-de-renda-em-setembro\/","robots":"max-image-preview:large","keywords":"","webmasterTools":{"miscellaneous":""},"schema":{"@context":"https:\/\/schema.org","@graph":[{"@type":"BlogPosting","@id":"https:\/\/newsinfoco.com.br\/inicio\/camara-so-deve-votar-isencao-do-imposto-de-renda-em-setembro\/#blogposting","name":"C\u00e2mara s\u00f3 deve votar isen\u00e7\u00e3o do Imposto de Renda em setembro - News In Foco - Editado por Caio Pimenta","headline":"C\u00e2mara s\u00f3 deve votar isen\u00e7\u00e3o do Imposto de Renda em setembro","author":{"@id":"https:\/\/newsinfoco.com.br\/inicio\/author\/administrador\/#author"},"publisher":{"@id":"https:\/\/newsinfoco.com.br\/inicio\/#organization"},"image":{"@type":"ImageObject","url":"https:\/\/newsinfoco.com.br\/inicio\/wp-content\/uploads\/2025\/08\/camara-dos-deputados-10.png","width":600,"height":420},"datePublished":"2025-08-22T16:53:24-03:00","dateModified":"2025-08-22T16:53:24-03:00","inLanguage":"pt-BR","mainEntityOfPage":{"@id":"https:\/\/newsinfoco.com.br\/inicio\/camara-so-deve-votar-isencao-do-imposto-de-renda-em-setembro\/#webpage"},"isPartOf":{"@id":"https:\/\/newsinfoco.com.br\/inicio\/camara-so-deve-votar-isencao-do-imposto-de-renda-em-setembro\/#webpage"},"articleSection":"Brasil"},{"@type":"BreadcrumbList","@id":"https:\/\/newsinfoco.com.br\/inicio\/camara-so-deve-votar-isencao-do-imposto-de-renda-em-setembro\/#breadcrumblist","itemListElement":[{"@type":"ListItem","@id":"https:\/\/newsinfoco.com.br\/inicio#listItem","position":1,"name":"In\u00edcio","item":"https:\/\/newsinfoco.com.br\/inicio","nextItem":{"@type":"ListItem","@id":"https:\/\/newsinfoco.com.br\/inicio\/category\/brasil\/#listItem","name":"Brasil"}},{"@type":"ListItem","@id":"https:\/\/newsinfoco.com.br\/inicio\/category\/brasil\/#listItem","position":2,"name":"Brasil","item":"https:\/\/newsinfoco.com.br\/inicio\/category\/brasil\/","nextItem":{"@type":"ListItem","@id":"https:\/\/newsinfoco.com.br\/inicio\/camara-so-deve-votar-isencao-do-imposto-de-renda-em-setembro\/#listItem","name":"C\u00e2mara s\u00f3 deve votar isen\u00e7\u00e3o do Imposto de Renda em setembro"},"previousItem":{"@type":"ListItem","@id":"https:\/\/newsinfoco.com.br\/inicio#listItem","name":"In\u00edcio"}},{"@type":"ListItem","@id":"https:\/\/newsinfoco.com.br\/inicio\/camara-so-deve-votar-isencao-do-imposto-de-renda-em-setembro\/#listItem","position":3,"name":"C\u00e2mara s\u00f3 deve votar isen\u00e7\u00e3o do Imposto de Renda em setembro","previousItem":{"@type":"ListItem","@id":"https:\/\/newsinfoco.com.br\/inicio\/category\/brasil\/#listItem","name":"Brasil"}}]},{"@type":"Organization","@id":"https:\/\/newsinfoco.com.br\/inicio\/#organization","name":"News In Foco - Editado por Caio Pimenta","description":"O principal site de noticias de Alagoinhas e regi\u00e3o","url":"https:\/\/newsinfoco.com.br\/inicio\/"},{"@type":"Person","@id":"https:\/\/newsinfoco.com.br\/inicio\/author\/administrador\/#author","url":"https:\/\/newsinfoco.com.br\/inicio\/author\/administrador\/","name":"administrador","image":{"@type":"ImageObject","@id":"https:\/\/newsinfoco.com.br\/inicio\/camara-so-deve-votar-isencao-do-imposto-de-renda-em-setembro\/#authorImage","url":"https:\/\/secure.gravatar.com\/avatar\/c17a617433de8c1dc9584bb79aab7563b46f5bb7e1728c9b17d9cc3ce6a08e49?s=96&d=mm&r=g","width":96,"height":96,"caption":"administrador"}},{"@type":"WebPage","@id":"https:\/\/newsinfoco.com.br\/inicio\/camara-so-deve-votar-isencao-do-imposto-de-renda-em-setembro\/#webpage","url":"https:\/\/newsinfoco.com.br\/inicio\/camara-so-deve-votar-isencao-do-imposto-de-renda-em-setembro\/","name":"C\u00e2mara s\u00f3 deve votar isen\u00e7\u00e3o do Imposto de Renda em setembro - News In Foco - Editado por Caio Pimenta","description":"Apesar de ter aprovado a urg\u00eancia do projeto que expande a isen\u00e7\u00e3o do Imposto de Renda para aqueles que ganham at\u00e9 5 mil na quinta-feira (21), a C\u00e2mara dos Deputados s\u00f3 deve votar o m\u00e9rito da pauta na primeira quinzena de setembro. A previs\u00e3o foi confirmada por aliados pr\u00f3ximos ao presidente da Casa, Hugo Motta","inLanguage":"pt-BR","isPartOf":{"@id":"https:\/\/newsinfoco.com.br\/inicio\/#website"},"breadcrumb":{"@id":"https:\/\/newsinfoco.com.br\/inicio\/camara-so-deve-votar-isencao-do-imposto-de-renda-em-setembro\/#breadcrumblist"},"author":{"@id":"https:\/\/newsinfoco.com.br\/inicio\/author\/administrador\/#author"},"creator":{"@id":"https:\/\/newsinfoco.com.br\/inicio\/author\/administrador\/#author"},"image":{"@type":"ImageObject","url":"https:\/\/newsinfoco.com.br\/inicio\/wp-content\/uploads\/2025\/08\/camara-dos-deputados-10.png","@id":"https:\/\/newsinfoco.com.br\/inicio\/camara-so-deve-votar-isencao-do-imposto-de-renda-em-setembro\/#mainImage","width":600,"height":420},"primaryImageOfPage":{"@id":"https:\/\/newsinfoco.com.br\/inicio\/camara-so-deve-votar-isencao-do-imposto-de-renda-em-setembro\/#mainImage"},"datePublished":"2025-08-22T16:53:24-03:00","dateModified":"2025-08-22T16:53:24-03:00"},{"@type":"WebSite","@id":"https:\/\/newsinfoco.com.br\/inicio\/#website","url":"https:\/\/newsinfoco.com.br\/inicio\/","name":"News In Foco - Editado por Caio Pimenta","description":"O principal site de noticias de Alagoinhas e regi\u00e3o","inLanguage":"pt-BR","publisher":{"@id":"https:\/\/newsinfoco.com.br\/inicio\/#organization"}}]},"og:locale":"pt_BR","og:site_name":"News In Foco - Editado por Caio Pimenta - O principal site de noticias de Alagoinhas e regi\u00e3o","og:type":"article","og:title":"C\u00e2mara s\u00f3 deve votar isen\u00e7\u00e3o do Imposto de Renda em setembro - News In Foco - Editado por Caio Pimenta","og:description":"Apesar de ter aprovado a urg\u00eancia do projeto que expande a isen\u00e7\u00e3o do Imposto de Renda para aqueles que ganham at\u00e9 5 mil na quinta-feira (21), a C\u00e2mara dos Deputados s\u00f3 deve votar o m\u00e9rito da pauta na primeira quinzena de setembro. A previs\u00e3o foi confirmada por aliados pr\u00f3ximos ao presidente da Casa, Hugo Motta","og:url":"https:\/\/newsinfoco.com.br\/inicio\/camara-so-deve-votar-isencao-do-imposto-de-renda-em-setembro\/","article:published_time":"2025-08-22T19:53:24+00:00","article:modified_time":"2025-08-22T19:53:24+00:00","twitter:card":"summary_large_image","twitter:title":"C\u00e2mara s\u00f3 deve votar isen\u00e7\u00e3o do Imposto de Renda em setembro - News In Foco - Editado por Caio Pimenta","twitter:description":"Apesar de ter aprovado a urg\u00eancia do projeto que expande a isen\u00e7\u00e3o do Imposto de Renda para aqueles que ganham at\u00e9 5 mil na quinta-feira (21), a C\u00e2mara dos Deputados s\u00f3 deve votar o m\u00e9rito da pauta na primeira quinzena de setembro. A previs\u00e3o foi confirmada por aliados pr\u00f3ximos ao presidente da Casa, Hugo Motta"},"aioseo_meta_data":{"post_id":"44570","title":null,"description":null,"keywords":null,"keyphrases":{"focus":{"keyphrase":"","score":0,"analysis":{"keyphraseInTitle":{"score":0,"maxScore":9,"error":1}}},"additional":[]},"primary_term":null,"canonical_url":null,"og_title":null,"og_description":null,"og_object_type":"default","og_image_type":"default","og_image_url":null,"og_image_width":null,"og_image_height":null,"og_image_custom_url":null,"og_image_custom_fields":null,"og_video":"","og_custom_url":null,"og_article_section":null,"og_article_tags":null,"twitter_use_og":false,"twitter_card":"default","twitter_image_type":"default","twitter_image_url":null,"twitter_image_custom_url":null,"twitter_image_custom_fields":null,"twitter_title":null,"twitter_description":null,"schema":{"blockGraphs":[],"customGraphs":[],"default":{"data":{"Article":[],"Course":[],"Dataset":[],"FAQPage":[],"Movie":[],"Person":[],"Product":[],"ProductReview":[],"Car":[],"Recipe":[],"Service":[],"SoftwareApplication":[],"WebPage":[]},"graphName":"BlogPosting","isEnabled":true},"graphs":[]},"schema_type":"default","schema_type_options":null,"pillar_content":false,"robots_default":true,"robots_noindex":false,"robots_noarchive":false,"robots_nosnippet":false,"robots_nofollow":false,"robots_noimageindex":false,"robots_noodp":false,"robots_notranslate":false,"robots_max_snippet":"-1","robots_max_videopreview":"-1","robots_max_imagepreview":"large","priority":null,"frequency":"default","local_seo":null,"breadcrumb_settings":null,"limit_modified_date":false,"ai":{"faqs":[],"keyPoints":[],"titles":[],"descriptions":[],"socialPosts":{"email":[],"linkedin":[],"twitter":[],"facebook":[],"instagram":[]}},"created":"2025-08-22 19:53:24","updated":"2025-08-22 19:55:27","seo_analyzer_scan_date":null},"aioseo_breadcrumb":"<div class=\"aioseo-breadcrumbs\"><span class=\"aioseo-breadcrumb\">\n\t\t\t<a href=\"https:\/\/newsinfoco.com.br\/inicio\" title=\"In\u00edcio\">In\u00edcio<\/a>\n\t\t<\/span><span class=\"aioseo-breadcrumb-separator\">&raquo;<\/span><span class=\"aioseo-breadcrumb\">\n\t\t\t<a href=\"https:\/\/newsinfoco.com.br\/inicio\/category\/brasil\/\" title=\"Brasil\">Brasil<\/a>\n\t\t<\/span><span class=\"aioseo-breadcrumb-separator\">&raquo;<\/span><span class=\"aioseo-breadcrumb\">\n\t\t\tC\u00e2mara s\u00f3 deve votar isen\u00e7\u00e3o do Imposto de Renda em setembro\n\t\t<\/span><\/div>","aioseo_breadcrumb_json":[{"label":"In\u00edcio","link":"https:\/\/newsinfoco.com.br\/inicio"},{"label":"Brasil","link":"https:\/\/newsinfoco.com.br\/inicio\/category\/brasil\/"},{"label":"C\u00e2mara s\u00f3 deve votar isen\u00e7\u00e3o do Imposto de Renda em setembro","link":"https:\/\/newsinfoco.com.br\/inicio\/camara-so-deve-votar-isencao-do-imposto-de-renda-em-setembro\/"}],"_links":{"self":[{"href":"https:\/\/newsinfoco.com.br\/inicio\/wp-json\/wp\/v2\/posts\/44570","targetHints":{"allow":["GET"]}}],"collection":[{"href":"https:\/\/newsinfoco.com.br\/inicio\/wp-json\/wp\/v2\/posts"}],"about":[{"href":"https:\/\/newsinfoco.com.br\/inicio\/wp-json\/wp\/v2\/types\/post"}],"author":[{"embeddable":true,"href":"https:\/\/newsinfoco.com.br\/inicio\/wp-json\/wp\/v2\/users\/1"}],"replies":[{"embeddable":true,"href":"https:\/\/newsinfoco.com.br\/inicio\/wp-json\/wp\/v2\/comments?post=44570"}],"version-history":[{"count":1,"href":"https:\/\/newsinfoco.com.br\/inicio\/wp-json\/wp\/v2\/posts\/44570\/revisions"}],"predecessor-version":[{"id":44572,"href":"https:\/\/newsinfoco.com.br\/inicio\/wp-json\/wp\/v2\/posts\/44570\/revisions\/44572"}],"wp:featuredmedia":[{"embeddable":true,"href":"https:\/\/newsinfoco.com.br\/inicio\/wp-json\/wp\/v2\/media\/44571"}],"wp:attachment":[{"href":"https:\/\/newsinfoco.com.br\/inicio\/wp-json\/wp\/v2\/media?parent=44570"}],"wp:term":[{"taxonomy":"category","embeddable":true,"href":"https:\/\/newsinfoco.com.br\/inicio\/wp-json\/wp\/v2\/categories?post=44570"},{"taxonomy":"post_tag","embeddable":true,"href":"https:\/\/newsinfoco.com.br\/inicio\/wp-json\/wp\/v2\/tags?post=44570"}],"curies":[{"name":"wp","href":"https:\/\/api.w.org\/{rel}","templated":true}]}}