{"id":44600,"date":"2025-08-23T14:00:07","date_gmt":"2025-08-23T17:00:07","guid":{"rendered":"https:\/\/newsinfoco.com.br\/inicio\/?p=44600"},"modified":"2025-08-23T14:00:07","modified_gmt":"2025-08-23T17:00:07","slug":"reformas-de-escolas-no-interior-serao-pagas-com-precatorios-do-fundef","status":"publish","type":"post","link":"https:\/\/newsinfoco.com.br\/inicio\/reformas-de-escolas-no-interior-serao-pagas-com-precatorios-do-fundef\/","title":{"rendered":"Reformas de escolas no interior ser\u00e3o pagas com precat\u00f3rios do Fundef"},"content":{"rendered":"<p>O governo da\u00a0<strong>Bahia<\/strong>\u00a0assinou o\u00a0<strong>4\u00ba termo aditivo ao contrato n\u00ba 065\/24<\/strong>, destinado \u00e0 elabora\u00e7\u00e3o de projeto executivo, constru\u00e7\u00e3o, amplia\u00e7\u00e3o e reforma de unidades escolares nos munic\u00edpios de\u00a0<strong>Feira de Santana\u00a0<\/strong>e<strong>\u00a0Cora\u00e7\u00e3o de Maria<\/strong>, no interior do estado.<\/p>\n<p>O aditivo, formalizado em\u00a0<strong>21 de agosto de 2025<\/strong>, prev\u00ea um\u00a0<strong>acr\u00e9scimo de R$ 2.131.246,26<\/strong>\u00a0ao valor original do contrato, representando\u00a0<strong>3,14% de incremento qualitativo<\/strong>\u00a0nos servi\u00e7os.<\/p>\n<p>As obras s\u00e3o executadas pela empresa\u00a0<strong>QG Constru\u00e7\u00f5es e Engenharia Ltda.<\/strong>, com financiamento proveniente de diversas fontes, incluindo\u00a0<strong>precat\u00f3rios do FUNDEF<\/strong>,\u00a0<strong>recursos ordin\u00e1rios do Tesouro estadual<\/strong>,\u00a0<strong>FUNDEB<\/strong>\u00a0e\u00a0<strong>Sal\u00e1rio-Educa\u00e7\u00e3o<\/strong>, contemplando tamb\u00e9m\u00a0<strong>valores de exerc\u00edcios anteriores.<\/strong><\/p>\n<p>O uso de\u00a0<strong>precat\u00f3rios do FUNDEF<\/strong>\u00a0como parte do financiamento atende \u00e0 legisla\u00e7\u00e3o que prioriza esses recursos para investimentos em educa\u00e7\u00e3o, garantindo que esses valores sejam aplicados na melhoria da infraestrutura escolar.<\/p>\n<div>\n<div>\n<div class=\"trv-player-container\">\n<div class=\"trv-wrapper\">\n<div id=\"br_video_player_8ad8d74c6770ed11c9830868d33f7c9dc3c659f9\" class=\"trvd_video_player trvdinstream\">\n<div class=\"media-player\">\n<div class=\"trv-video\">\n<div id=\"truvid_ima_container13453\" class=\"truvid_ima_container\">\n<div>\n<div>\n<div class=\"conteudo_post\">\n<p>O contrato original, firmado em\u00a0<strong>17 de julho de 2024<\/strong>, tinha valor global de<strong>\u00a0R$ 67.936.960,99<\/strong>\u00a0e prazo de execu\u00e7\u00e3o de\u00a0<strong>12 meses consecutivos<\/strong>, com previs\u00e3o de entrega das escolas em julho de 2025. No entanto, as unidades n\u00e3o foram conclu\u00eddas dentro do prazo previsto, o que motivou o\u00a0<strong>aditivo<\/strong>. Tamb\u00e9m foi previsto\u00a0 que os pre\u00e7os contratuais poderiam ser reajustados para os servi\u00e7os executados ap\u00f3s o t\u00e9rmino do per\u00edodo de 12 meses.<\/p>\n<p>O aditivo tem como objetivo concluir as<strong>\u00a0unidades escolares\u00a0<\/strong>e ampliar sua capacidade, para entregar uma infraestrutura adequadada a educa\u00e7\u00e3o b\u00e1sica no interior da\u00a0<strong>Bahia<\/strong>.<\/p>\n<\/div>\n<div class=\"ui items\">\n<div class=\"item\">Bahia.Ba<\/div>\n<\/div>\n<\/div>\n<\/div>\n<\/div>\n<\/div>\n<\/div>\n<\/div>\n<\/div>\n<\/div>\n<\/div>\n<\/div>\n<div class='share-to-whatsapp-wrapper'><div class='share-on-whsp'>Share on: <\/div><a data-text='Reformas de escolas no interior ser\u00e3o pagas com precat\u00f3rios do Fundef' data-link='https:\/\/newsinfoco.com.br\/inicio\/reformas-de-escolas-no-interior-serao-pagas-com-precatorios-do-fundef\/' class='whatsapp-button whatsapp-share'>WhatsApp<\/a><div class='clear '><\/div><\/div>","protected":false},"excerpt":{"rendered":"<p>O governo da\u00a0Bahia\u00a0assinou o\u00a04\u00ba termo aditivo ao contrato n\u00ba 065\/24, destinado \u00e0 elabora\u00e7\u00e3o de projeto executivo, constru\u00e7\u00e3o, amplia\u00e7\u00e3o e reforma de unidades escolares nos munic\u00edpios de\u00a0Feira de Santana\u00a0e\u00a0Cora\u00e7\u00e3o de Maria, no interior do estado. O aditivo, formalizado em\u00a021 de agosto de 2025, prev\u00ea um\u00a0acr\u00e9scimo de R$ 2.131.246,26\u00a0ao valor original do contrato, representando\u00a03,14% de incremento qualitativo\u00a0nos [&hellip;]<\/p>\n","protected":false},"author":1,"featured_media":44602,"comment_status":"closed","ping_status":"closed","sticky":false,"template":"","format":"standard","meta":{"om_disable_all_campaigns":false,"rop_custom_images_group":[],"rop_custom_messages_group":[],"rop_publish_now":"initial","rop_publish_now_accounts":[],"rop_publish_now_history":[],"rop_publish_now_status":"pending","_exactmetrics_skip_tracking":false,"footnotes":""},"categories":[19],"tags":[],"class_list":["post-44600","post","type-post","status-publish","format-standard","has-post-thumbnail","hentry","category-bahia"],"aioseo_notices":[],"aioseo_head":"\n\t\t<!-- All in One SEO 4.9.10 - aioseo.com -->\n\t<meta name=\"description\" content=\"O governo da Bahia assinou o 4\u00ba termo aditivo ao contrato n\u00ba 065\/24, destinado \u00e0 elabora\u00e7\u00e3o de projeto executivo, constru\u00e7\u00e3o, amplia\u00e7\u00e3o e reforma de unidades escolares nos munic\u00edpios de Feira de Santana e Cora\u00e7\u00e3o de Maria, no interior do estado. O aditivo, formalizado em 21 de agosto de 2025, prev\u00ea um acr\u00e9scimo de R$ 2.131.246,26 ao valor original do contrato, representando 3,14% de incremento qualitativo nos\" \/>\n\t<meta name=\"robots\" content=\"max-image-preview:large\" \/>\n\t<meta name=\"author\" content=\"administrador\"\/>\n\t<link rel=\"canonical\" href=\"https:\/\/newsinfoco.com.br\/inicio\/reformas-de-escolas-no-interior-serao-pagas-com-precatorios-do-fundef\/\" \/>\n\t<meta name=\"generator\" content=\"All in One SEO (AIOSEO) 4.9.10\" \/>\n\t\t<meta property=\"og:locale\" content=\"pt_BR\" \/>\n\t\t<meta property=\"og:site_name\" content=\"News In Foco - Editado por Caio Pimenta - O principal site de noticias de Alagoinhas e regi\u00e3o\" \/>\n\t\t<meta property=\"og:type\" content=\"article\" \/>\n\t\t<meta property=\"og:title\" content=\"Reformas de escolas no interior ser\u00e3o pagas com precat\u00f3rios do Fundef - News In Foco - Editado por Caio Pimenta\" \/>\n\t\t<meta property=\"og:description\" content=\"O governo da Bahia assinou o 4\u00ba termo aditivo ao contrato n\u00ba 065\/24, destinado \u00e0 elabora\u00e7\u00e3o de projeto executivo, constru\u00e7\u00e3o, amplia\u00e7\u00e3o e reforma de unidades escolares nos munic\u00edpios de Feira de Santana e Cora\u00e7\u00e3o de Maria, no interior do estado. O aditivo, formalizado em 21 de agosto de 2025, prev\u00ea um acr\u00e9scimo de R$ 2.131.246,26 ao valor original do contrato, representando 3,14% de incremento qualitativo nos\" \/>\n\t\t<meta property=\"og:url\" content=\"https:\/\/newsinfoco.com.br\/inicio\/reformas-de-escolas-no-interior-serao-pagas-com-precatorios-do-fundef\/\" \/>\n\t\t<meta property=\"article:published_time\" content=\"2025-08-23T17:00:07+00:00\" \/>\n\t\t<meta property=\"article:modified_time\" content=\"2025-08-23T17:00:07+00:00\" \/>\n\t\t<meta name=\"twitter:card\" content=\"summary_large_image\" \/>\n\t\t<meta name=\"twitter:title\" content=\"Reformas de escolas no interior ser\u00e3o pagas com precat\u00f3rios do Fundef - News In Foco - Editado por Caio Pimenta\" \/>\n\t\t<meta name=\"twitter:description\" content=\"O governo da Bahia assinou o 4\u00ba termo aditivo ao contrato n\u00ba 065\/24, destinado \u00e0 elabora\u00e7\u00e3o de projeto executivo, constru\u00e7\u00e3o, amplia\u00e7\u00e3o e reforma de unidades escolares nos munic\u00edpios de Feira de Santana e Cora\u00e7\u00e3o de Maria, no interior do estado. O aditivo, formalizado em 21 de agosto de 2025, prev\u00ea um acr\u00e9scimo de R$ 2.131.246,26 ao valor original do contrato, representando 3,14% de incremento qualitativo nos\" \/>\n\t\t<script type=\"application\/ld+json\" class=\"aioseo-schema\">\n\t\t\t{\"@context\":\"https:\\\/\\\/schema.org\",\"@graph\":[{\"@type\":\"BlogPosting\",\"@id\":\"https:\\\/\\\/newsinfoco.com.br\\\/inicio\\\/reformas-de-escolas-no-interior-serao-pagas-com-precatorios-do-fundef\\\/#blogposting\",\"name\":\"Reformas de escolas no interior ser\\u00e3o pagas com precat\\u00f3rios do Fundef - News In Foco - Editado por Caio Pimenta\",\"headline\":\"Reformas de escolas no interior ser\\u00e3o pagas com precat\\u00f3rios do Fundef\",\"author\":{\"@id\":\"https:\\\/\\\/newsinfoco.com.br\\\/inicio\\\/author\\\/administrador\\\/#author\"},\"publisher\":{\"@id\":\"https:\\\/\\\/newsinfoco.com.br\\\/inicio\\\/#organization\"},\"image\":{\"@type\":\"ImageObject\",\"url\":\"https:\\\/\\\/newsinfoco.com.br\\\/inicio\\\/wp-content\\\/uploads\\\/2025\\\/08\\\/Dia-do-Sexo-8-1.png\",\"width\":600,\"height\":420},\"datePublished\":\"2025-08-23T14:00:07-03:00\",\"dateModified\":\"2025-08-23T14:00:07-03:00\",\"inLanguage\":\"pt-BR\",\"mainEntityOfPage\":{\"@id\":\"https:\\\/\\\/newsinfoco.com.br\\\/inicio\\\/reformas-de-escolas-no-interior-serao-pagas-com-precatorios-do-fundef\\\/#webpage\"},\"isPartOf\":{\"@id\":\"https:\\\/\\\/newsinfoco.com.br\\\/inicio\\\/reformas-de-escolas-no-interior-serao-pagas-com-precatorios-do-fundef\\\/#webpage\"},\"articleSection\":\"Bahia\"},{\"@type\":\"BreadcrumbList\",\"@id\":\"https:\\\/\\\/newsinfoco.com.br\\\/inicio\\\/reformas-de-escolas-no-interior-serao-pagas-com-precatorios-do-fundef\\\/#breadcrumblist\",\"itemListElement\":[{\"@type\":\"ListItem\",\"@id\":\"https:\\\/\\\/newsinfoco.com.br\\\/inicio#listItem\",\"position\":1,\"name\":\"In\\u00edcio\",\"item\":\"https:\\\/\\\/newsinfoco.com.br\\\/inicio\",\"nextItem\":{\"@type\":\"ListItem\",\"@id\":\"https:\\\/\\\/newsinfoco.com.br\\\/inicio\\\/category\\\/bahia\\\/#listItem\",\"name\":\"Bahia\"}},{\"@type\":\"ListItem\",\"@id\":\"https:\\\/\\\/newsinfoco.com.br\\\/inicio\\\/category\\\/bahia\\\/#listItem\",\"position\":2,\"name\":\"Bahia\",\"item\":\"https:\\\/\\\/newsinfoco.com.br\\\/inicio\\\/category\\\/bahia\\\/\",\"nextItem\":{\"@type\":\"ListItem\",\"@id\":\"https:\\\/\\\/newsinfoco.com.br\\\/inicio\\\/reformas-de-escolas-no-interior-serao-pagas-com-precatorios-do-fundef\\\/#listItem\",\"name\":\"Reformas de escolas no interior ser\\u00e3o pagas com precat\\u00f3rios do Fundef\"},\"previousItem\":{\"@type\":\"ListItem\",\"@id\":\"https:\\\/\\\/newsinfoco.com.br\\\/inicio#listItem\",\"name\":\"In\\u00edcio\"}},{\"@type\":\"ListItem\",\"@id\":\"https:\\\/\\\/newsinfoco.com.br\\\/inicio\\\/reformas-de-escolas-no-interior-serao-pagas-com-precatorios-do-fundef\\\/#listItem\",\"position\":3,\"name\":\"Reformas de escolas no interior ser\\u00e3o pagas com precat\\u00f3rios do Fundef\",\"previousItem\":{\"@type\":\"ListItem\",\"@id\":\"https:\\\/\\\/newsinfoco.com.br\\\/inicio\\\/category\\\/bahia\\\/#listItem\",\"name\":\"Bahia\"}}]},{\"@type\":\"Organization\",\"@id\":\"https:\\\/\\\/newsinfoco.com.br\\\/inicio\\\/#organization\",\"name\":\"News In Foco - Editado por Caio Pimenta\",\"description\":\"O principal site de noticias de Alagoinhas e regi\\u00e3o\",\"url\":\"https:\\\/\\\/newsinfoco.com.br\\\/inicio\\\/\"},{\"@type\":\"Person\",\"@id\":\"https:\\\/\\\/newsinfoco.com.br\\\/inicio\\\/author\\\/administrador\\\/#author\",\"url\":\"https:\\\/\\\/newsinfoco.com.br\\\/inicio\\\/author\\\/administrador\\\/\",\"name\":\"administrador\",\"image\":{\"@type\":\"ImageObject\",\"@id\":\"https:\\\/\\\/newsinfoco.com.br\\\/inicio\\\/reformas-de-escolas-no-interior-serao-pagas-com-precatorios-do-fundef\\\/#authorImage\",\"url\":\"https:\\\/\\\/secure.gravatar.com\\\/avatar\\\/c17a617433de8c1dc9584bb79aab7563b46f5bb7e1728c9b17d9cc3ce6a08e49?s=96&d=mm&r=g\",\"width\":96,\"height\":96,\"caption\":\"administrador\"}},{\"@type\":\"WebPage\",\"@id\":\"https:\\\/\\\/newsinfoco.com.br\\\/inicio\\\/reformas-de-escolas-no-interior-serao-pagas-com-precatorios-do-fundef\\\/#webpage\",\"url\":\"https:\\\/\\\/newsinfoco.com.br\\\/inicio\\\/reformas-de-escolas-no-interior-serao-pagas-com-precatorios-do-fundef\\\/\",\"name\":\"Reformas de escolas no interior ser\\u00e3o pagas com precat\\u00f3rios do Fundef - News In Foco - Editado por Caio Pimenta\",\"description\":\"O governo da Bahia assinou o 4\\u00ba termo aditivo ao contrato n\\u00ba 065\\\/24, destinado \\u00e0 elabora\\u00e7\\u00e3o de projeto executivo, constru\\u00e7\\u00e3o, amplia\\u00e7\\u00e3o e reforma de unidades escolares nos munic\\u00edpios de Feira de Santana e Cora\\u00e7\\u00e3o de Maria, no interior do estado. O aditivo, formalizado em 21 de agosto de 2025, prev\\u00ea um acr\\u00e9scimo de R$ 2.131.246,26 ao valor original do contrato, representando 3,14% de incremento qualitativo nos\",\"inLanguage\":\"pt-BR\",\"isPartOf\":{\"@id\":\"https:\\\/\\\/newsinfoco.com.br\\\/inicio\\\/#website\"},\"breadcrumb\":{\"@id\":\"https:\\\/\\\/newsinfoco.com.br\\\/inicio\\\/reformas-de-escolas-no-interior-serao-pagas-com-precatorios-do-fundef\\\/#breadcrumblist\"},\"author\":{\"@id\":\"https:\\\/\\\/newsinfoco.com.br\\\/inicio\\\/author\\\/administrador\\\/#author\"},\"creator\":{\"@id\":\"https:\\\/\\\/newsinfoco.com.br\\\/inicio\\\/author\\\/administrador\\\/#author\"},\"image\":{\"@type\":\"ImageObject\",\"url\":\"https:\\\/\\\/newsinfoco.com.br\\\/inicio\\\/wp-content\\\/uploads\\\/2025\\\/08\\\/Dia-do-Sexo-8-1.png\",\"@id\":\"https:\\\/\\\/newsinfoco.com.br\\\/inicio\\\/reformas-de-escolas-no-interior-serao-pagas-com-precatorios-do-fundef\\\/#mainImage\",\"width\":600,\"height\":420},\"primaryImageOfPage\":{\"@id\":\"https:\\\/\\\/newsinfoco.com.br\\\/inicio\\\/reformas-de-escolas-no-interior-serao-pagas-com-precatorios-do-fundef\\\/#mainImage\"},\"datePublished\":\"2025-08-23T14:00:07-03:00\",\"dateModified\":\"2025-08-23T14:00:07-03:00\"},{\"@type\":\"WebSite\",\"@id\":\"https:\\\/\\\/newsinfoco.com.br\\\/inicio\\\/#website\",\"url\":\"https:\\\/\\\/newsinfoco.com.br\\\/inicio\\\/\",\"name\":\"News In Foco - Editado por Caio Pimenta\",\"description\":\"O principal site de noticias de Alagoinhas e regi\\u00e3o\",\"inLanguage\":\"pt-BR\",\"publisher\":{\"@id\":\"https:\\\/\\\/newsinfoco.com.br\\\/inicio\\\/#organization\"}}]}\n\t\t<\/script>\n\t\t<!-- All in One SEO -->\n\n","aioseo_head_json":{"title":"Reformas de escolas no interior ser\u00e3o pagas com precat\u00f3rios do Fundef - News In Foco - Editado por Caio Pimenta","description":"O governo da Bahia assinou o 4\u00ba termo aditivo ao contrato n\u00ba 065\/24, destinado \u00e0 elabora\u00e7\u00e3o de projeto executivo, constru\u00e7\u00e3o, amplia\u00e7\u00e3o e reforma de unidades escolares nos munic\u00edpios de Feira de Santana e Cora\u00e7\u00e3o de Maria, no interior do estado. O aditivo, formalizado em 21 de agosto de 2025, prev\u00ea um acr\u00e9scimo de R$ 2.131.246,26 ao valor original do contrato, representando 3,14% de incremento qualitativo nos","canonical_url":"https:\/\/newsinfoco.com.br\/inicio\/reformas-de-escolas-no-interior-serao-pagas-com-precatorios-do-fundef\/","robots":"max-image-preview:large","keywords":"","webmasterTools":{"miscellaneous":""},"schema":{"@context":"https:\/\/schema.org","@graph":[{"@type":"BlogPosting","@id":"https:\/\/newsinfoco.com.br\/inicio\/reformas-de-escolas-no-interior-serao-pagas-com-precatorios-do-fundef\/#blogposting","name":"Reformas de escolas no interior ser\u00e3o pagas com precat\u00f3rios do Fundef - News In Foco - Editado por Caio Pimenta","headline":"Reformas de escolas no interior ser\u00e3o pagas com precat\u00f3rios do Fundef","author":{"@id":"https:\/\/newsinfoco.com.br\/inicio\/author\/administrador\/#author"},"publisher":{"@id":"https:\/\/newsinfoco.com.br\/inicio\/#organization"},"image":{"@type":"ImageObject","url":"https:\/\/newsinfoco.com.br\/inicio\/wp-content\/uploads\/2025\/08\/Dia-do-Sexo-8-1.png","width":600,"height":420},"datePublished":"2025-08-23T14:00:07-03:00","dateModified":"2025-08-23T14:00:07-03:00","inLanguage":"pt-BR","mainEntityOfPage":{"@id":"https:\/\/newsinfoco.com.br\/inicio\/reformas-de-escolas-no-interior-serao-pagas-com-precatorios-do-fundef\/#webpage"},"isPartOf":{"@id":"https:\/\/newsinfoco.com.br\/inicio\/reformas-de-escolas-no-interior-serao-pagas-com-precatorios-do-fundef\/#webpage"},"articleSection":"Bahia"},{"@type":"BreadcrumbList","@id":"https:\/\/newsinfoco.com.br\/inicio\/reformas-de-escolas-no-interior-serao-pagas-com-precatorios-do-fundef\/#breadcrumblist","itemListElement":[{"@type":"ListItem","@id":"https:\/\/newsinfoco.com.br\/inicio#listItem","position":1,"name":"In\u00edcio","item":"https:\/\/newsinfoco.com.br\/inicio","nextItem":{"@type":"ListItem","@id":"https:\/\/newsinfoco.com.br\/inicio\/category\/bahia\/#listItem","name":"Bahia"}},{"@type":"ListItem","@id":"https:\/\/newsinfoco.com.br\/inicio\/category\/bahia\/#listItem","position":2,"name":"Bahia","item":"https:\/\/newsinfoco.com.br\/inicio\/category\/bahia\/","nextItem":{"@type":"ListItem","@id":"https:\/\/newsinfoco.com.br\/inicio\/reformas-de-escolas-no-interior-serao-pagas-com-precatorios-do-fundef\/#listItem","name":"Reformas de escolas no interior ser\u00e3o pagas com precat\u00f3rios do Fundef"},"previousItem":{"@type":"ListItem","@id":"https:\/\/newsinfoco.com.br\/inicio#listItem","name":"In\u00edcio"}},{"@type":"ListItem","@id":"https:\/\/newsinfoco.com.br\/inicio\/reformas-de-escolas-no-interior-serao-pagas-com-precatorios-do-fundef\/#listItem","position":3,"name":"Reformas de escolas no interior ser\u00e3o pagas com precat\u00f3rios do Fundef","previousItem":{"@type":"ListItem","@id":"https:\/\/newsinfoco.com.br\/inicio\/category\/bahia\/#listItem","name":"Bahia"}}]},{"@type":"Organization","@id":"https:\/\/newsinfoco.com.br\/inicio\/#organization","name":"News In Foco - Editado por Caio Pimenta","description":"O principal site de noticias de Alagoinhas e regi\u00e3o","url":"https:\/\/newsinfoco.com.br\/inicio\/"},{"@type":"Person","@id":"https:\/\/newsinfoco.com.br\/inicio\/author\/administrador\/#author","url":"https:\/\/newsinfoco.com.br\/inicio\/author\/administrador\/","name":"administrador","image":{"@type":"ImageObject","@id":"https:\/\/newsinfoco.com.br\/inicio\/reformas-de-escolas-no-interior-serao-pagas-com-precatorios-do-fundef\/#authorImage","url":"https:\/\/secure.gravatar.com\/avatar\/c17a617433de8c1dc9584bb79aab7563b46f5bb7e1728c9b17d9cc3ce6a08e49?s=96&d=mm&r=g","width":96,"height":96,"caption":"administrador"}},{"@type":"WebPage","@id":"https:\/\/newsinfoco.com.br\/inicio\/reformas-de-escolas-no-interior-serao-pagas-com-precatorios-do-fundef\/#webpage","url":"https:\/\/newsinfoco.com.br\/inicio\/reformas-de-escolas-no-interior-serao-pagas-com-precatorios-do-fundef\/","name":"Reformas de escolas no interior ser\u00e3o pagas com precat\u00f3rios do Fundef - News In Foco - Editado por Caio Pimenta","description":"O governo da Bahia assinou o 4\u00ba termo aditivo ao contrato n\u00ba 065\/24, destinado \u00e0 elabora\u00e7\u00e3o de projeto executivo, constru\u00e7\u00e3o, amplia\u00e7\u00e3o e reforma de unidades escolares nos munic\u00edpios de Feira de Santana e Cora\u00e7\u00e3o de Maria, no interior do estado. O aditivo, formalizado em 21 de agosto de 2025, prev\u00ea um acr\u00e9scimo de R$ 2.131.246,26 ao valor original do contrato, representando 3,14% de incremento qualitativo nos","inLanguage":"pt-BR","isPartOf":{"@id":"https:\/\/newsinfoco.com.br\/inicio\/#website"},"breadcrumb":{"@id":"https:\/\/newsinfoco.com.br\/inicio\/reformas-de-escolas-no-interior-serao-pagas-com-precatorios-do-fundef\/#breadcrumblist"},"author":{"@id":"https:\/\/newsinfoco.com.br\/inicio\/author\/administrador\/#author"},"creator":{"@id":"https:\/\/newsinfoco.com.br\/inicio\/author\/administrador\/#author"},"image":{"@type":"ImageObject","url":"https:\/\/newsinfoco.com.br\/inicio\/wp-content\/uploads\/2025\/08\/Dia-do-Sexo-8-1.png","@id":"https:\/\/newsinfoco.com.br\/inicio\/reformas-de-escolas-no-interior-serao-pagas-com-precatorios-do-fundef\/#mainImage","width":600,"height":420},"primaryImageOfPage":{"@id":"https:\/\/newsinfoco.com.br\/inicio\/reformas-de-escolas-no-interior-serao-pagas-com-precatorios-do-fundef\/#mainImage"},"datePublished":"2025-08-23T14:00:07-03:00","dateModified":"2025-08-23T14:00:07-03:00"},{"@type":"WebSite","@id":"https:\/\/newsinfoco.com.br\/inicio\/#website","url":"https:\/\/newsinfoco.com.br\/inicio\/","name":"News In Foco - Editado por Caio Pimenta","description":"O principal site de noticias de Alagoinhas e regi\u00e3o","inLanguage":"pt-BR","publisher":{"@id":"https:\/\/newsinfoco.com.br\/inicio\/#organization"}}]},"og:locale":"pt_BR","og:site_name":"News In Foco - Editado por Caio Pimenta - O principal site de noticias de Alagoinhas e regi\u00e3o","og:type":"article","og:title":"Reformas de escolas no interior ser\u00e3o pagas com precat\u00f3rios do Fundef - News In Foco - Editado por Caio Pimenta","og:description":"O governo da Bahia assinou o 4\u00ba termo aditivo ao contrato n\u00ba 065\/24, destinado \u00e0 elabora\u00e7\u00e3o de projeto executivo, constru\u00e7\u00e3o, amplia\u00e7\u00e3o e reforma de unidades escolares nos munic\u00edpios de Feira de Santana e Cora\u00e7\u00e3o de Maria, no interior do estado. O aditivo, formalizado em 21 de agosto de 2025, prev\u00ea um acr\u00e9scimo de R$ 2.131.246,26 ao valor original do contrato, representando 3,14% de incremento qualitativo nos","og:url":"https:\/\/newsinfoco.com.br\/inicio\/reformas-de-escolas-no-interior-serao-pagas-com-precatorios-do-fundef\/","article:published_time":"2025-08-23T17:00:07+00:00","article:modified_time":"2025-08-23T17:00:07+00:00","twitter:card":"summary_large_image","twitter:title":"Reformas de escolas no interior ser\u00e3o pagas com precat\u00f3rios do Fundef - News In Foco - Editado por Caio Pimenta","twitter:description":"O governo da Bahia assinou o 4\u00ba termo aditivo ao contrato n\u00ba 065\/24, destinado \u00e0 elabora\u00e7\u00e3o de projeto executivo, constru\u00e7\u00e3o, amplia\u00e7\u00e3o e reforma de unidades escolares nos munic\u00edpios de Feira de Santana e Cora\u00e7\u00e3o de Maria, no interior do estado. O aditivo, formalizado em 21 de agosto de 2025, prev\u00ea um acr\u00e9scimo de R$ 2.131.246,26 ao valor original do contrato, representando 3,14% de incremento qualitativo nos"},"aioseo_meta_data":{"post_id":"44600","title":null,"description":null,"keywords":null,"keyphrases":{"focus":{"keyphrase":"","score":0,"analysis":{"keyphraseInTitle":{"score":0,"maxScore":9,"error":1}}},"additional":[]},"primary_term":null,"canonical_url":null,"og_title":null,"og_description":null,"og_object_type":"default","og_image_type":"default","og_image_url":null,"og_image_width":null,"og_image_height":null,"og_image_custom_url":null,"og_image_custom_fields":null,"og_video":"","og_custom_url":null,"og_article_section":null,"og_article_tags":null,"twitter_use_og":false,"twitter_card":"default","twitter_image_type":"default","twitter_image_url":null,"twitter_image_custom_url":null,"twitter_image_custom_fields":null,"twitter_title":null,"twitter_description":null,"schema":{"blockGraphs":[],"customGraphs":[],"default":{"data":{"Article":[],"Course":[],"Dataset":[],"FAQPage":[],"Movie":[],"Person":[],"Product":[],"ProductReview":[],"Car":[],"Recipe":[],"Service":[],"SoftwareApplication":[],"WebPage":[]},"graphName":"BlogPosting","isEnabled":true},"graphs":[]},"schema_type":"default","schema_type_options":null,"pillar_content":false,"robots_default":true,"robots_noindex":false,"robots_noarchive":false,"robots_nosnippet":false,"robots_nofollow":false,"robots_noimageindex":false,"robots_noodp":false,"robots_notranslate":false,"robots_max_snippet":"-1","robots_max_videopreview":"-1","robots_max_imagepreview":"large","priority":null,"frequency":"default","local_seo":null,"breadcrumb_settings":null,"limit_modified_date":false,"ai":{"faqs":[],"keyPoints":[],"titles":[],"descriptions":[],"socialPosts":{"email":[],"linkedin":[],"twitter":[],"facebook":[],"instagram":[]}},"created":"2025-08-23 17:00:07","updated":"2025-08-23 17:02:08","seo_analyzer_scan_date":null},"aioseo_breadcrumb":"<div class=\"aioseo-breadcrumbs\"><span class=\"aioseo-breadcrumb\">\n\t\t\t<a href=\"https:\/\/newsinfoco.com.br\/inicio\" title=\"In\u00edcio\">In\u00edcio<\/a>\n\t\t<\/span><span class=\"aioseo-breadcrumb-separator\">&raquo;<\/span><span class=\"aioseo-breadcrumb\">\n\t\t\t<a href=\"https:\/\/newsinfoco.com.br\/inicio\/category\/bahia\/\" title=\"Bahia\">Bahia<\/a>\n\t\t<\/span><span class=\"aioseo-breadcrumb-separator\">&raquo;<\/span><span class=\"aioseo-breadcrumb\">\n\t\t\tReformas de escolas no interior ser\u00e3o pagas com precat\u00f3rios do Fundef\n\t\t<\/span><\/div>","aioseo_breadcrumb_json":[{"label":"In\u00edcio","link":"https:\/\/newsinfoco.com.br\/inicio"},{"label":"Bahia","link":"https:\/\/newsinfoco.com.br\/inicio\/category\/bahia\/"},{"label":"Reformas de escolas no interior ser\u00e3o pagas com precat\u00f3rios do Fundef","link":"https:\/\/newsinfoco.com.br\/inicio\/reformas-de-escolas-no-interior-serao-pagas-com-precatorios-do-fundef\/"}],"_links":{"self":[{"href":"https:\/\/newsinfoco.com.br\/inicio\/wp-json\/wp\/v2\/posts\/44600","targetHints":{"allow":["GET"]}}],"collection":[{"href":"https:\/\/newsinfoco.com.br\/inicio\/wp-json\/wp\/v2\/posts"}],"about":[{"href":"https:\/\/newsinfoco.com.br\/inicio\/wp-json\/wp\/v2\/types\/post"}],"author":[{"embeddable":true,"href":"https:\/\/newsinfoco.com.br\/inicio\/wp-json\/wp\/v2\/users\/1"}],"replies":[{"embeddable":true,"href":"https:\/\/newsinfoco.com.br\/inicio\/wp-json\/wp\/v2\/comments?post=44600"}],"version-history":[{"count":1,"href":"https:\/\/newsinfoco.com.br\/inicio\/wp-json\/wp\/v2\/posts\/44600\/revisions"}],"predecessor-version":[{"id":44603,"href":"https:\/\/newsinfoco.com.br\/inicio\/wp-json\/wp\/v2\/posts\/44600\/revisions\/44603"}],"wp:featuredmedia":[{"embeddable":true,"href":"https:\/\/newsinfoco.com.br\/inicio\/wp-json\/wp\/v2\/media\/44602"}],"wp:attachment":[{"href":"https:\/\/newsinfoco.com.br\/inicio\/wp-json\/wp\/v2\/media?parent=44600"}],"wp:term":[{"taxonomy":"category","embeddable":true,"href":"https:\/\/newsinfoco.com.br\/inicio\/wp-json\/wp\/v2\/categories?post=44600"},{"taxonomy":"post_tag","embeddable":true,"href":"https:\/\/newsinfoco.com.br\/inicio\/wp-json\/wp\/v2\/tags?post=44600"}],"curies":[{"name":"wp","href":"https:\/\/api.w.org\/{rel}","templated":true}]}}