{"id":44628,"date":"2025-08-25T15:01:14","date_gmt":"2025-08-25T18:01:14","guid":{"rendered":"https:\/\/newsinfoco.com.br\/inicio\/?p=44628"},"modified":"2025-08-25T15:01:14","modified_gmt":"2025-08-25T18:01:14","slug":"agosto-lilas-funcionarios-do-cam-participam-de-roda-de-conversa-sobre-violencia-contra-a-mulher","status":"publish","type":"post","link":"https:\/\/newsinfoco.com.br\/inicio\/agosto-lilas-funcionarios-do-cam-participam-de-roda-de-conversa-sobre-violencia-contra-a-mulher\/","title":{"rendered":"Agosto Lil\u00e1s: funcion\u00e1rios do CAM participam de roda de conversa sobre viol\u00eancia contra a mulher"},"content":{"rendered":"<p>Profissionais do Centro Administrativo Municipal (CAM) participaram, nesta segunda-feira, 25, de uma roda de conversa conduzida pela Secretaria de Desenvolvimento Social (Sedes) com foco em ampliar o conhecimento sobre a viol\u00eancia contra a mulher, conforme definido pela Lei Maria da Penha. A atividade aconteceu no Col\u00e9gio Estadual S\u00e3o Francisco.<\/p>\n<p>A a\u00e7\u00e3o faz parte das atividades promovidas durante o m\u00eas de agosto, em alus\u00e3o \u00e0 campanha Agosto Lil\u00e1s, com destaque para a explica\u00e7\u00e3o detalhada sobre os cinco tipos de viol\u00eancia previstos na legisla\u00e7\u00e3o: f\u00edsica, psicol\u00f3gica, sexual, patrimonial e moral.<\/p>\n<p>\u201cEstamos fazendo palestras, rodas de conversa para conscientizar e convocar todos os servidores a combater a viol\u00eancia contra a mulher, trazendo o tema da lei Maria da Penha, que completa 19 anos em agosto, e mostrando como identificar todas as viol\u00eancias implicadas na lei para que a pessoa reconhe\u00e7a se ela for v\u00edtima ou se conhece algu\u00e9m que \u00e9\u201d, explicou a gerente de Pol\u00edtica de Prote\u00e7\u00e3o \u00e0 Mulher e Igualdade de G\u00eanero e assistente social, Ana M\u00e1rcia Concei\u00e7\u00e3o.<\/p>\n<p>A profissional tamb\u00e9m destacou o passo a passo de como buscar ajuda, denunciar e como ser multiplicador de informa\u00e7\u00e3o. \u201cQue essas pessoas possam fazer a den\u00fancia, aprender quais s\u00e3o os canais de atendimento, a rede de apoio que a gente tem no munic\u00edpio, a rede de prote\u00e7\u00e3o \u00e0 mulher v\u00edtima de viol\u00eancia\u201d, completou.<\/p>\n<p>A coordenadora da Patrulha Maria da Penha, a guarda municipal Priscila Ribeiro, trouxe a import\u00e2ncia da den\u00fancia dessas viol\u00eancias. \u201cEstamos fazendo 8 anos de patrulha e \u00e9 de fundamental import\u00e2ncia a assist\u00eancia para as mulheres que est\u00e3o em situa\u00e7\u00e3o de viol\u00eancia dom\u00e9stica. Nosso dever legal \u00e9 a fiscaliza\u00e7\u00e3o tamb\u00e9m das mulheres que est\u00e3o sob medidas protetivas. A gente faz um acompanhamento em conjunto com a rede de prote\u00e7\u00e3o \u00e0 mulher, sobretudo, a casa de acolhimento e todos os \u00f3rg\u00e3os que comp\u00f5em a rede de prote\u00e7\u00e3o do munic\u00edpio\u201d, concluiu.<br \/>\nTamb\u00e9m presente ao evento a vice-presidente da Comiss\u00e3o OAB Mulher, Selma Nunes, apresentou din\u00e2micas para ajudar a ter uma ideia de como as pessoas se veem e de como identificar as diversas realidades para evitar as situa\u00e7\u00f5es de viol\u00eancia.<\/p>\n<p>Foto: Roberto Fonseca<\/p>\n<div class='share-to-whatsapp-wrapper'><div class='share-on-whsp'>Share on: <\/div><a data-text='Agosto Lil\u00e1s: funcion\u00e1rios do CAM participam de roda de conversa sobre viol\u00eancia contra a mulher' data-link='https:\/\/newsinfoco.com.br\/inicio\/agosto-lilas-funcionarios-do-cam-participam-de-roda-de-conversa-sobre-violencia-contra-a-mulher\/' class='whatsapp-button whatsapp-share'>WhatsApp<\/a><div class='clear '><\/div><\/div>","protected":false},"excerpt":{"rendered":"<p>Profissionais do Centro Administrativo Municipal (CAM) participaram, nesta segunda-feira, 25, de uma roda de conversa conduzida pela Secretaria de Desenvolvimento Social (Sedes) com foco em ampliar o conhecimento sobre a viol\u00eancia contra a mulher, conforme definido pela Lei Maria da Penha. A atividade aconteceu no Col\u00e9gio Estadual S\u00e3o Francisco. A a\u00e7\u00e3o faz parte das atividades [&hellip;]<\/p>\n","protected":false},"author":1,"featured_media":44629,"comment_status":"closed","ping_status":"closed","sticky":false,"template":"","format":"standard","meta":{"om_disable_all_campaigns":false,"rop_custom_images_group":[],"rop_custom_messages_group":[],"rop_publish_now":"initial","rop_publish_now_accounts":[],"rop_publish_now_history":[],"rop_publish_now_status":"pending","_exactmetrics_skip_tracking":false,"footnotes":""},"categories":[38,167],"tags":[],"class_list":["post-44628","post","type-post","status-publish","format-standard","has-post-thumbnail","hentry","category-alagoinhas-e-regiao","category-exclusivas"],"aioseo_notices":[],"aioseo_head":"\n\t\t<!-- All in One SEO 4.9.10 - aioseo.com -->\n\t<meta name=\"description\" content=\"Profissionais do Centro Administrativo Municipal (CAM) participaram, nesta segunda-feira, 25, de uma roda de conversa conduzida pela Secretaria de Desenvolvimento Social (Sedes) com foco em ampliar o conhecimento sobre a viol\u00eancia contra a mulher, conforme definido pela Lei Maria da Penha. A atividade aconteceu no Col\u00e9gio Estadual S\u00e3o Francisco. A a\u00e7\u00e3o faz parte das atividades\" \/>\n\t<meta name=\"robots\" content=\"max-image-preview:large\" \/>\n\t<meta name=\"author\" content=\"administrador\"\/>\n\t<link rel=\"canonical\" href=\"https:\/\/newsinfoco.com.br\/inicio\/agosto-lilas-funcionarios-do-cam-participam-de-roda-de-conversa-sobre-violencia-contra-a-mulher\/\" \/>\n\t<meta name=\"generator\" content=\"All in One SEO (AIOSEO) 4.9.10\" \/>\n\t\t<meta property=\"og:locale\" content=\"pt_BR\" \/>\n\t\t<meta property=\"og:site_name\" content=\"News In Foco - Editado por Caio Pimenta - O principal site de noticias de Alagoinhas e regi\u00e3o\" \/>\n\t\t<meta property=\"og:type\" content=\"article\" \/>\n\t\t<meta property=\"og:title\" content=\"Agosto Lil\u00e1s: funcion\u00e1rios do CAM participam de roda de conversa sobre viol\u00eancia contra a mulher - News In Foco - Editado por Caio Pimenta\" \/>\n\t\t<meta property=\"og:description\" content=\"Profissionais do Centro Administrativo Municipal (CAM) participaram, nesta segunda-feira, 25, de uma roda de conversa conduzida pela Secretaria de Desenvolvimento Social (Sedes) com foco em ampliar o conhecimento sobre a viol\u00eancia contra a mulher, conforme definido pela Lei Maria da Penha. A atividade aconteceu no Col\u00e9gio Estadual S\u00e3o Francisco. A a\u00e7\u00e3o faz parte das atividades\" \/>\n\t\t<meta property=\"og:url\" content=\"https:\/\/newsinfoco.com.br\/inicio\/agosto-lilas-funcionarios-do-cam-participam-de-roda-de-conversa-sobre-violencia-contra-a-mulher\/\" \/>\n\t\t<meta property=\"article:published_time\" content=\"2025-08-25T18:01:14+00:00\" \/>\n\t\t<meta property=\"article:modified_time\" content=\"2025-08-25T18:01:14+00:00\" \/>\n\t\t<meta name=\"twitter:card\" content=\"summary_large_image\" \/>\n\t\t<meta name=\"twitter:title\" content=\"Agosto Lil\u00e1s: funcion\u00e1rios do CAM participam de roda de conversa sobre viol\u00eancia contra a mulher - News In Foco - Editado por Caio Pimenta\" \/>\n\t\t<meta name=\"twitter:description\" content=\"Profissionais do Centro Administrativo Municipal (CAM) participaram, nesta segunda-feira, 25, de uma roda de conversa conduzida pela Secretaria de Desenvolvimento Social (Sedes) com foco em ampliar o conhecimento sobre a viol\u00eancia contra a mulher, conforme definido pela Lei Maria da Penha. A atividade aconteceu no Col\u00e9gio Estadual S\u00e3o Francisco. A a\u00e7\u00e3o faz parte das atividades\" \/>\n\t\t<script type=\"application\/ld+json\" class=\"aioseo-schema\">\n\t\t\t{\"@context\":\"https:\\\/\\\/schema.org\",\"@graph\":[{\"@type\":\"BlogPosting\",\"@id\":\"https:\\\/\\\/newsinfoco.com.br\\\/inicio\\\/agosto-lilas-funcionarios-do-cam-participam-de-roda-de-conversa-sobre-violencia-contra-a-mulher\\\/#blogposting\",\"name\":\"Agosto Lil\\u00e1s: funcion\\u00e1rios do CAM participam de roda de conversa sobre viol\\u00eancia contra a mulher - News In Foco - Editado por Caio Pimenta\",\"headline\":\"Agosto Lil\\u00e1s: funcion\\u00e1rios do CAM participam de roda de conversa sobre viol\\u00eancia contra a mulher\",\"author\":{\"@id\":\"https:\\\/\\\/newsinfoco.com.br\\\/inicio\\\/author\\\/administrador\\\/#author\"},\"publisher\":{\"@id\":\"https:\\\/\\\/newsinfoco.com.br\\\/inicio\\\/#organization\"},\"image\":{\"@type\":\"ImageObject\",\"url\":\"https:\\\/\\\/newsinfoco.com.br\\\/inicio\\\/wp-content\\\/uploads\\\/2025\\\/08\\\/a443ea2c-6d15-4819-a83d-fa2cd1037620.jpeg\",\"width\":1600,\"height\":1066},\"datePublished\":\"2025-08-25T15:01:14-03:00\",\"dateModified\":\"2025-08-25T15:01:14-03:00\",\"inLanguage\":\"pt-BR\",\"mainEntityOfPage\":{\"@id\":\"https:\\\/\\\/newsinfoco.com.br\\\/inicio\\\/agosto-lilas-funcionarios-do-cam-participam-de-roda-de-conversa-sobre-violencia-contra-a-mulher\\\/#webpage\"},\"isPartOf\":{\"@id\":\"https:\\\/\\\/newsinfoco.com.br\\\/inicio\\\/agosto-lilas-funcionarios-do-cam-participam-de-roda-de-conversa-sobre-violencia-contra-a-mulher\\\/#webpage\"},\"articleSection\":\"Alagoinhas e Regi\\u00e3o, Manchete\"},{\"@type\":\"BreadcrumbList\",\"@id\":\"https:\\\/\\\/newsinfoco.com.br\\\/inicio\\\/agosto-lilas-funcionarios-do-cam-participam-de-roda-de-conversa-sobre-violencia-contra-a-mulher\\\/#breadcrumblist\",\"itemListElement\":[{\"@type\":\"ListItem\",\"@id\":\"https:\\\/\\\/newsinfoco.com.br\\\/inicio#listItem\",\"position\":1,\"name\":\"In\\u00edcio\",\"item\":\"https:\\\/\\\/newsinfoco.com.br\\\/inicio\",\"nextItem\":{\"@type\":\"ListItem\",\"@id\":\"https:\\\/\\\/newsinfoco.com.br\\\/inicio\\\/category\\\/alagoinhas-e-regiao\\\/#listItem\",\"name\":\"Alagoinhas e Regi\\u00e3o\"}},{\"@type\":\"ListItem\",\"@id\":\"https:\\\/\\\/newsinfoco.com.br\\\/inicio\\\/category\\\/alagoinhas-e-regiao\\\/#listItem\",\"position\":2,\"name\":\"Alagoinhas e Regi\\u00e3o\",\"item\":\"https:\\\/\\\/newsinfoco.com.br\\\/inicio\\\/category\\\/alagoinhas-e-regiao\\\/\",\"nextItem\":{\"@type\":\"ListItem\",\"@id\":\"https:\\\/\\\/newsinfoco.com.br\\\/inicio\\\/agosto-lilas-funcionarios-do-cam-participam-de-roda-de-conversa-sobre-violencia-contra-a-mulher\\\/#listItem\",\"name\":\"Agosto Lil\\u00e1s: funcion\\u00e1rios do CAM participam de roda de conversa sobre viol\\u00eancia contra a mulher\"},\"previousItem\":{\"@type\":\"ListItem\",\"@id\":\"https:\\\/\\\/newsinfoco.com.br\\\/inicio#listItem\",\"name\":\"In\\u00edcio\"}},{\"@type\":\"ListItem\",\"@id\":\"https:\\\/\\\/newsinfoco.com.br\\\/inicio\\\/agosto-lilas-funcionarios-do-cam-participam-de-roda-de-conversa-sobre-violencia-contra-a-mulher\\\/#listItem\",\"position\":3,\"name\":\"Agosto Lil\\u00e1s: funcion\\u00e1rios do CAM participam de roda de conversa sobre viol\\u00eancia contra a mulher\",\"previousItem\":{\"@type\":\"ListItem\",\"@id\":\"https:\\\/\\\/newsinfoco.com.br\\\/inicio\\\/category\\\/alagoinhas-e-regiao\\\/#listItem\",\"name\":\"Alagoinhas e Regi\\u00e3o\"}}]},{\"@type\":\"Organization\",\"@id\":\"https:\\\/\\\/newsinfoco.com.br\\\/inicio\\\/#organization\",\"name\":\"News In Foco - Editado por Caio Pimenta\",\"description\":\"O principal site de noticias de Alagoinhas e regi\\u00e3o\",\"url\":\"https:\\\/\\\/newsinfoco.com.br\\\/inicio\\\/\"},{\"@type\":\"Person\",\"@id\":\"https:\\\/\\\/newsinfoco.com.br\\\/inicio\\\/author\\\/administrador\\\/#author\",\"url\":\"https:\\\/\\\/newsinfoco.com.br\\\/inicio\\\/author\\\/administrador\\\/\",\"name\":\"administrador\",\"image\":{\"@type\":\"ImageObject\",\"@id\":\"https:\\\/\\\/newsinfoco.com.br\\\/inicio\\\/agosto-lilas-funcionarios-do-cam-participam-de-roda-de-conversa-sobre-violencia-contra-a-mulher\\\/#authorImage\",\"url\":\"https:\\\/\\\/secure.gravatar.com\\\/avatar\\\/c17a617433de8c1dc9584bb79aab7563b46f5bb7e1728c9b17d9cc3ce6a08e49?s=96&d=mm&r=g\",\"width\":96,\"height\":96,\"caption\":\"administrador\"}},{\"@type\":\"WebPage\",\"@id\":\"https:\\\/\\\/newsinfoco.com.br\\\/inicio\\\/agosto-lilas-funcionarios-do-cam-participam-de-roda-de-conversa-sobre-violencia-contra-a-mulher\\\/#webpage\",\"url\":\"https:\\\/\\\/newsinfoco.com.br\\\/inicio\\\/agosto-lilas-funcionarios-do-cam-participam-de-roda-de-conversa-sobre-violencia-contra-a-mulher\\\/\",\"name\":\"Agosto Lil\\u00e1s: funcion\\u00e1rios do CAM participam de roda de conversa sobre viol\\u00eancia contra a mulher - News In Foco - Editado por Caio Pimenta\",\"description\":\"Profissionais do Centro Administrativo Municipal (CAM) participaram, nesta segunda-feira, 25, de uma roda de conversa conduzida pela Secretaria de Desenvolvimento Social (Sedes) com foco em ampliar o conhecimento sobre a viol\\u00eancia contra a mulher, conforme definido pela Lei Maria da Penha. A atividade aconteceu no Col\\u00e9gio Estadual S\\u00e3o Francisco. A a\\u00e7\\u00e3o faz parte das atividades\",\"inLanguage\":\"pt-BR\",\"isPartOf\":{\"@id\":\"https:\\\/\\\/newsinfoco.com.br\\\/inicio\\\/#website\"},\"breadcrumb\":{\"@id\":\"https:\\\/\\\/newsinfoco.com.br\\\/inicio\\\/agosto-lilas-funcionarios-do-cam-participam-de-roda-de-conversa-sobre-violencia-contra-a-mulher\\\/#breadcrumblist\"},\"author\":{\"@id\":\"https:\\\/\\\/newsinfoco.com.br\\\/inicio\\\/author\\\/administrador\\\/#author\"},\"creator\":{\"@id\":\"https:\\\/\\\/newsinfoco.com.br\\\/inicio\\\/author\\\/administrador\\\/#author\"},\"image\":{\"@type\":\"ImageObject\",\"url\":\"https:\\\/\\\/newsinfoco.com.br\\\/inicio\\\/wp-content\\\/uploads\\\/2025\\\/08\\\/a443ea2c-6d15-4819-a83d-fa2cd1037620.jpeg\",\"@id\":\"https:\\\/\\\/newsinfoco.com.br\\\/inicio\\\/agosto-lilas-funcionarios-do-cam-participam-de-roda-de-conversa-sobre-violencia-contra-a-mulher\\\/#mainImage\",\"width\":1600,\"height\":1066},\"primaryImageOfPage\":{\"@id\":\"https:\\\/\\\/newsinfoco.com.br\\\/inicio\\\/agosto-lilas-funcionarios-do-cam-participam-de-roda-de-conversa-sobre-violencia-contra-a-mulher\\\/#mainImage\"},\"datePublished\":\"2025-08-25T15:01:14-03:00\",\"dateModified\":\"2025-08-25T15:01:14-03:00\"},{\"@type\":\"WebSite\",\"@id\":\"https:\\\/\\\/newsinfoco.com.br\\\/inicio\\\/#website\",\"url\":\"https:\\\/\\\/newsinfoco.com.br\\\/inicio\\\/\",\"name\":\"News In Foco - Editado por Caio Pimenta\",\"description\":\"O principal site de noticias de Alagoinhas e regi\\u00e3o\",\"inLanguage\":\"pt-BR\",\"publisher\":{\"@id\":\"https:\\\/\\\/newsinfoco.com.br\\\/inicio\\\/#organization\"}}]}\n\t\t<\/script>\n\t\t<!-- All in One SEO -->\n\n","aioseo_head_json":{"title":"Agosto Lil\u00e1s: funcion\u00e1rios do CAM participam de roda de conversa sobre viol\u00eancia contra a mulher - News In Foco - Editado por Caio Pimenta","description":"Profissionais do Centro Administrativo Municipal (CAM) participaram, nesta segunda-feira, 25, de uma roda de conversa conduzida pela Secretaria de Desenvolvimento Social (Sedes) com foco em ampliar o conhecimento sobre a viol\u00eancia contra a mulher, conforme definido pela Lei Maria da Penha. A atividade aconteceu no Col\u00e9gio Estadual S\u00e3o Francisco. A a\u00e7\u00e3o faz parte das atividades","canonical_url":"https:\/\/newsinfoco.com.br\/inicio\/agosto-lilas-funcionarios-do-cam-participam-de-roda-de-conversa-sobre-violencia-contra-a-mulher\/","robots":"max-image-preview:large","keywords":"","webmasterTools":{"miscellaneous":""},"schema":{"@context":"https:\/\/schema.org","@graph":[{"@type":"BlogPosting","@id":"https:\/\/newsinfoco.com.br\/inicio\/agosto-lilas-funcionarios-do-cam-participam-de-roda-de-conversa-sobre-violencia-contra-a-mulher\/#blogposting","name":"Agosto Lil\u00e1s: funcion\u00e1rios do CAM participam de roda de conversa sobre viol\u00eancia contra a mulher - News In Foco - Editado por Caio Pimenta","headline":"Agosto Lil\u00e1s: funcion\u00e1rios do CAM participam de roda de conversa sobre viol\u00eancia contra a mulher","author":{"@id":"https:\/\/newsinfoco.com.br\/inicio\/author\/administrador\/#author"},"publisher":{"@id":"https:\/\/newsinfoco.com.br\/inicio\/#organization"},"image":{"@type":"ImageObject","url":"https:\/\/newsinfoco.com.br\/inicio\/wp-content\/uploads\/2025\/08\/a443ea2c-6d15-4819-a83d-fa2cd1037620.jpeg","width":1600,"height":1066},"datePublished":"2025-08-25T15:01:14-03:00","dateModified":"2025-08-25T15:01:14-03:00","inLanguage":"pt-BR","mainEntityOfPage":{"@id":"https:\/\/newsinfoco.com.br\/inicio\/agosto-lilas-funcionarios-do-cam-participam-de-roda-de-conversa-sobre-violencia-contra-a-mulher\/#webpage"},"isPartOf":{"@id":"https:\/\/newsinfoco.com.br\/inicio\/agosto-lilas-funcionarios-do-cam-participam-de-roda-de-conversa-sobre-violencia-contra-a-mulher\/#webpage"},"articleSection":"Alagoinhas e Regi\u00e3o, Manchete"},{"@type":"BreadcrumbList","@id":"https:\/\/newsinfoco.com.br\/inicio\/agosto-lilas-funcionarios-do-cam-participam-de-roda-de-conversa-sobre-violencia-contra-a-mulher\/#breadcrumblist","itemListElement":[{"@type":"ListItem","@id":"https:\/\/newsinfoco.com.br\/inicio#listItem","position":1,"name":"In\u00edcio","item":"https:\/\/newsinfoco.com.br\/inicio","nextItem":{"@type":"ListItem","@id":"https:\/\/newsinfoco.com.br\/inicio\/category\/alagoinhas-e-regiao\/#listItem","name":"Alagoinhas e Regi\u00e3o"}},{"@type":"ListItem","@id":"https:\/\/newsinfoco.com.br\/inicio\/category\/alagoinhas-e-regiao\/#listItem","position":2,"name":"Alagoinhas e Regi\u00e3o","item":"https:\/\/newsinfoco.com.br\/inicio\/category\/alagoinhas-e-regiao\/","nextItem":{"@type":"ListItem","@id":"https:\/\/newsinfoco.com.br\/inicio\/agosto-lilas-funcionarios-do-cam-participam-de-roda-de-conversa-sobre-violencia-contra-a-mulher\/#listItem","name":"Agosto Lil\u00e1s: funcion\u00e1rios do CAM participam de roda de conversa sobre viol\u00eancia contra a mulher"},"previousItem":{"@type":"ListItem","@id":"https:\/\/newsinfoco.com.br\/inicio#listItem","name":"In\u00edcio"}},{"@type":"ListItem","@id":"https:\/\/newsinfoco.com.br\/inicio\/agosto-lilas-funcionarios-do-cam-participam-de-roda-de-conversa-sobre-violencia-contra-a-mulher\/#listItem","position":3,"name":"Agosto Lil\u00e1s: funcion\u00e1rios do CAM participam de roda de conversa sobre viol\u00eancia contra a mulher","previousItem":{"@type":"ListItem","@id":"https:\/\/newsinfoco.com.br\/inicio\/category\/alagoinhas-e-regiao\/#listItem","name":"Alagoinhas e Regi\u00e3o"}}]},{"@type":"Organization","@id":"https:\/\/newsinfoco.com.br\/inicio\/#organization","name":"News In Foco - Editado por Caio Pimenta","description":"O principal site de noticias de Alagoinhas e regi\u00e3o","url":"https:\/\/newsinfoco.com.br\/inicio\/"},{"@type":"Person","@id":"https:\/\/newsinfoco.com.br\/inicio\/author\/administrador\/#author","url":"https:\/\/newsinfoco.com.br\/inicio\/author\/administrador\/","name":"administrador","image":{"@type":"ImageObject","@id":"https:\/\/newsinfoco.com.br\/inicio\/agosto-lilas-funcionarios-do-cam-participam-de-roda-de-conversa-sobre-violencia-contra-a-mulher\/#authorImage","url":"https:\/\/secure.gravatar.com\/avatar\/c17a617433de8c1dc9584bb79aab7563b46f5bb7e1728c9b17d9cc3ce6a08e49?s=96&d=mm&r=g","width":96,"height":96,"caption":"administrador"}},{"@type":"WebPage","@id":"https:\/\/newsinfoco.com.br\/inicio\/agosto-lilas-funcionarios-do-cam-participam-de-roda-de-conversa-sobre-violencia-contra-a-mulher\/#webpage","url":"https:\/\/newsinfoco.com.br\/inicio\/agosto-lilas-funcionarios-do-cam-participam-de-roda-de-conversa-sobre-violencia-contra-a-mulher\/","name":"Agosto Lil\u00e1s: funcion\u00e1rios do CAM participam de roda de conversa sobre viol\u00eancia contra a mulher - News In Foco - Editado por Caio Pimenta","description":"Profissionais do Centro Administrativo Municipal (CAM) participaram, nesta segunda-feira, 25, de uma roda de conversa conduzida pela Secretaria de Desenvolvimento Social (Sedes) com foco em ampliar o conhecimento sobre a viol\u00eancia contra a mulher, conforme definido pela Lei Maria da Penha. A atividade aconteceu no Col\u00e9gio Estadual S\u00e3o Francisco. A a\u00e7\u00e3o faz parte das atividades","inLanguage":"pt-BR","isPartOf":{"@id":"https:\/\/newsinfoco.com.br\/inicio\/#website"},"breadcrumb":{"@id":"https:\/\/newsinfoco.com.br\/inicio\/agosto-lilas-funcionarios-do-cam-participam-de-roda-de-conversa-sobre-violencia-contra-a-mulher\/#breadcrumblist"},"author":{"@id":"https:\/\/newsinfoco.com.br\/inicio\/author\/administrador\/#author"},"creator":{"@id":"https:\/\/newsinfoco.com.br\/inicio\/author\/administrador\/#author"},"image":{"@type":"ImageObject","url":"https:\/\/newsinfoco.com.br\/inicio\/wp-content\/uploads\/2025\/08\/a443ea2c-6d15-4819-a83d-fa2cd1037620.jpeg","@id":"https:\/\/newsinfoco.com.br\/inicio\/agosto-lilas-funcionarios-do-cam-participam-de-roda-de-conversa-sobre-violencia-contra-a-mulher\/#mainImage","width":1600,"height":1066},"primaryImageOfPage":{"@id":"https:\/\/newsinfoco.com.br\/inicio\/agosto-lilas-funcionarios-do-cam-participam-de-roda-de-conversa-sobre-violencia-contra-a-mulher\/#mainImage"},"datePublished":"2025-08-25T15:01:14-03:00","dateModified":"2025-08-25T15:01:14-03:00"},{"@type":"WebSite","@id":"https:\/\/newsinfoco.com.br\/inicio\/#website","url":"https:\/\/newsinfoco.com.br\/inicio\/","name":"News In Foco - Editado por Caio Pimenta","description":"O principal site de noticias de Alagoinhas e regi\u00e3o","inLanguage":"pt-BR","publisher":{"@id":"https:\/\/newsinfoco.com.br\/inicio\/#organization"}}]},"og:locale":"pt_BR","og:site_name":"News In Foco - Editado por Caio Pimenta - O principal site de noticias de Alagoinhas e regi\u00e3o","og:type":"article","og:title":"Agosto Lil\u00e1s: funcion\u00e1rios do CAM participam de roda de conversa sobre viol\u00eancia contra a mulher - News In Foco - Editado por Caio Pimenta","og:description":"Profissionais do Centro Administrativo Municipal (CAM) participaram, nesta segunda-feira, 25, de uma roda de conversa conduzida pela Secretaria de Desenvolvimento Social (Sedes) com foco em ampliar o conhecimento sobre a viol\u00eancia contra a mulher, conforme definido pela Lei Maria da Penha. A atividade aconteceu no Col\u00e9gio Estadual S\u00e3o Francisco. A a\u00e7\u00e3o faz parte das atividades","og:url":"https:\/\/newsinfoco.com.br\/inicio\/agosto-lilas-funcionarios-do-cam-participam-de-roda-de-conversa-sobre-violencia-contra-a-mulher\/","article:published_time":"2025-08-25T18:01:14+00:00","article:modified_time":"2025-08-25T18:01:14+00:00","twitter:card":"summary_large_image","twitter:title":"Agosto Lil\u00e1s: funcion\u00e1rios do CAM participam de roda de conversa sobre viol\u00eancia contra a mulher - News In Foco - Editado por Caio Pimenta","twitter:description":"Profissionais do Centro Administrativo Municipal (CAM) participaram, nesta segunda-feira, 25, de uma roda de conversa conduzida pela Secretaria de Desenvolvimento Social (Sedes) com foco em ampliar o conhecimento sobre a viol\u00eancia contra a mulher, conforme definido pela Lei Maria da Penha. A atividade aconteceu no Col\u00e9gio Estadual S\u00e3o Francisco. A a\u00e7\u00e3o faz parte das atividades"},"aioseo_meta_data":{"post_id":"44628","title":null,"description":null,"keywords":null,"keyphrases":{"focus":{"keyphrase":"","score":0,"analysis":{"keyphraseInTitle":{"score":0,"maxScore":9,"error":1}}},"additional":[]},"primary_term":null,"canonical_url":null,"og_title":null,"og_description":null,"og_object_type":"default","og_image_type":"default","og_image_url":null,"og_image_width":null,"og_image_height":null,"og_image_custom_url":null,"og_image_custom_fields":null,"og_video":"","og_custom_url":null,"og_article_section":null,"og_article_tags":null,"twitter_use_og":false,"twitter_card":"default","twitter_image_type":"default","twitter_image_url":null,"twitter_image_custom_url":null,"twitter_image_custom_fields":null,"twitter_title":null,"twitter_description":null,"schema":{"blockGraphs":[],"customGraphs":[],"default":{"data":{"Article":[],"Course":[],"Dataset":[],"FAQPage":[],"Movie":[],"Person":[],"Product":[],"ProductReview":[],"Car":[],"Recipe":[],"Service":[],"SoftwareApplication":[],"WebPage":[]},"graphName":"BlogPosting","isEnabled":true},"graphs":[]},"schema_type":"default","schema_type_options":null,"pillar_content":false,"robots_default":true,"robots_noindex":false,"robots_noarchive":false,"robots_nosnippet":false,"robots_nofollow":false,"robots_noimageindex":false,"robots_noodp":false,"robots_notranslate":false,"robots_max_snippet":"-1","robots_max_videopreview":"-1","robots_max_imagepreview":"large","priority":null,"frequency":"default","local_seo":null,"breadcrumb_settings":null,"limit_modified_date":false,"ai":{"faqs":[],"keyPoints":[],"titles":[],"descriptions":[],"socialPosts":{"email":[],"linkedin":[],"twitter":[],"facebook":[],"instagram":[]}},"created":"2025-08-25 18:01:14","updated":"2025-08-25 18:03:16","seo_analyzer_scan_date":null},"aioseo_breadcrumb":"<div class=\"aioseo-breadcrumbs\"><span class=\"aioseo-breadcrumb\">\n\t\t\t<a href=\"https:\/\/newsinfoco.com.br\/inicio\" title=\"In\u00edcio\">In\u00edcio<\/a>\n\t\t<\/span><span class=\"aioseo-breadcrumb-separator\">&raquo;<\/span><span class=\"aioseo-breadcrumb\">\n\t\t\t<a href=\"https:\/\/newsinfoco.com.br\/inicio\/category\/alagoinhas-e-regiao\/\" title=\"Alagoinhas e Regi\u00e3o\">Alagoinhas e Regi\u00e3o<\/a>\n\t\t<\/span><span class=\"aioseo-breadcrumb-separator\">&raquo;<\/span><span class=\"aioseo-breadcrumb\">\n\t\t\tAgosto Lil\u00e1s: funcion\u00e1rios do CAM participam de roda de conversa sobre viol\u00eancia contra a mulher\n\t\t<\/span><\/div>","aioseo_breadcrumb_json":[{"label":"In\u00edcio","link":"https:\/\/newsinfoco.com.br\/inicio"},{"label":"Alagoinhas e Regi\u00e3o","link":"https:\/\/newsinfoco.com.br\/inicio\/category\/alagoinhas-e-regiao\/"},{"label":"Agosto Lil\u00e1s: funcion\u00e1rios do CAM participam de roda de conversa sobre viol\u00eancia contra a mulher","link":"https:\/\/newsinfoco.com.br\/inicio\/agosto-lilas-funcionarios-do-cam-participam-de-roda-de-conversa-sobre-violencia-contra-a-mulher\/"}],"_links":{"self":[{"href":"https:\/\/newsinfoco.com.br\/inicio\/wp-json\/wp\/v2\/posts\/44628","targetHints":{"allow":["GET"]}}],"collection":[{"href":"https:\/\/newsinfoco.com.br\/inicio\/wp-json\/wp\/v2\/posts"}],"about":[{"href":"https:\/\/newsinfoco.com.br\/inicio\/wp-json\/wp\/v2\/types\/post"}],"author":[{"embeddable":true,"href":"https:\/\/newsinfoco.com.br\/inicio\/wp-json\/wp\/v2\/users\/1"}],"replies":[{"embeddable":true,"href":"https:\/\/newsinfoco.com.br\/inicio\/wp-json\/wp\/v2\/comments?post=44628"}],"version-history":[{"count":1,"href":"https:\/\/newsinfoco.com.br\/inicio\/wp-json\/wp\/v2\/posts\/44628\/revisions"}],"predecessor-version":[{"id":44630,"href":"https:\/\/newsinfoco.com.br\/inicio\/wp-json\/wp\/v2\/posts\/44628\/revisions\/44630"}],"wp:featuredmedia":[{"embeddable":true,"href":"https:\/\/newsinfoco.com.br\/inicio\/wp-json\/wp\/v2\/media\/44629"}],"wp:attachment":[{"href":"https:\/\/newsinfoco.com.br\/inicio\/wp-json\/wp\/v2\/media?parent=44628"}],"wp:term":[{"taxonomy":"category","embeddable":true,"href":"https:\/\/newsinfoco.com.br\/inicio\/wp-json\/wp\/v2\/categories?post=44628"},{"taxonomy":"post_tag","embeddable":true,"href":"https:\/\/newsinfoco.com.br\/inicio\/wp-json\/wp\/v2\/tags?post=44628"}],"curies":[{"name":"wp","href":"https:\/\/api.w.org\/{rel}","templated":true}]}}