{"id":44631,"date":"2025-08-25T15:13:32","date_gmt":"2025-08-25T18:13:32","guid":{"rendered":"https:\/\/newsinfoco.com.br\/inicio\/?p=44631"},"modified":"2025-08-25T15:13:32","modified_gmt":"2025-08-25T18:13:32","slug":"eduardo-bolsonaro-culpa-pf-e-moraes-por-assalto-a-mae-e-avos-vou-atras","status":"publish","type":"post","link":"https:\/\/newsinfoco.com.br\/inicio\/eduardo-bolsonaro-culpa-pf-e-moraes-por-assalto-a-mae-e-avos-vou-atras\/","title":{"rendered":"Eduardo Bolsonaro culpa PF e Moraes por assalto \u00e0 m\u00e3e e av\u00f3s: \u2018Vou atr\u00e1s"},"content":{"rendered":"<p>O deputado federal licenciado, Eduardo Bolsonaro (PL), acusou a Pol\u00edcia Federal e o ministro do Supremo Tribunal Federal (STF), pelo assalto na casa de sua m\u00e3e, que foi feita de ref\u00e9m junto com seus av\u00f3s maternos, neste domingo (24), em Resende, no Rio de Janeiro.<\/p>\n<p>\u201cOs criminosos falaram: \u2018A gente sabe quem s\u00e3o voc\u00eas. E a gente j\u00e1 sabe que o Jair Bolsonaro t\u00e1 repassando dinheiro pra voc\u00eas e a gente quer esse dinheiro\u2019. Voc\u00eas que dizem que s\u00f3 est\u00e3o seguindo ordens, voc\u00eas da Pol\u00edcia Federal, voc\u00eas s\u00e3o os respons\u00e1veis por isso, por entrarem na onda desse maluco do Alexandre de Moraes. Vou me segurar aqui para n\u00e3o falar um palavr\u00e3o\u201d, disparou o deputado em um v\u00eddeo publicado no X (antigo Twitter).<\/p>\n<p>\u201cVoc\u00eas v\u00e3o se f****! Se depender de mim, cachorrinhos da Pol\u00edcia Federal, agentes, escriv\u00e3s, eu vou atr\u00e1s de voc\u00eas!\u201d, completou Eduardo.<\/p>\n<p><strong>Entenda<\/strong><\/p>\n<p>O senador e irm\u00e3o de Eduardo, Fl\u00e1vio Bolsoaro (PL), afirmou que os ladr\u00f5es fizeram sua m\u00e3e e seus av\u00f3s de ref\u00e9ns em uma resid\u00eancia em Resende. De acordo ainda com o pol\u00edtico n\u00e3o foi um \u2018simples assalto\u2019.<\/p>\n<p>Os criminosos teriam apontado uma arma de fogo para a cabe\u00e7a das v\u00edtimas e coloca fitas adesivas nas bocas dos idosos.\u00a0Al\u00e9m disso, os ladr\u00f5es teriam dito \u00e0 m\u00e3e de Fl\u00e1vio que sabiam quem ela era e que queriam saber onde estava o dinheiro que Bolsonaro, enviava para as v\u00edtimas.<\/p>\n<p>Bahia.Ba<\/p>\n<div class='share-to-whatsapp-wrapper'><div class='share-on-whsp'>Share on: <\/div><a data-text='Eduardo Bolsonaro culpa PF e Moraes por assalto \u00e0 m\u00e3e e av\u00f3s: \u2018Vou atr\u00e1s' data-link='https:\/\/newsinfoco.com.br\/inicio\/eduardo-bolsonaro-culpa-pf-e-moraes-por-assalto-a-mae-e-avos-vou-atras\/' class='whatsapp-button whatsapp-share'>WhatsApp<\/a><div class='clear '><\/div><\/div>","protected":false},"excerpt":{"rendered":"<p>O deputado federal licenciado, Eduardo Bolsonaro (PL), acusou a Pol\u00edcia Federal e o ministro do Supremo Tribunal Federal (STF), pelo assalto na casa de sua m\u00e3e, que foi feita de ref\u00e9m junto com seus av\u00f3s maternos, neste domingo (24), em Resende, no Rio de Janeiro. \u201cOs criminosos falaram: \u2018A gente sabe quem s\u00e3o voc\u00eas. E [&hellip;]<\/p>\n","protected":false},"author":1,"featured_media":44632,"comment_status":"closed","ping_status":"closed","sticky":false,"template":"","format":"standard","meta":{"om_disable_all_campaigns":false,"rop_custom_images_group":[],"rop_custom_messages_group":[],"rop_publish_now":"initial","rop_publish_now_accounts":[],"rop_publish_now_history":[],"rop_publish_now_status":"pending","_exactmetrics_skip_tracking":false,"footnotes":""},"categories":[21],"tags":[],"class_list":["post-44631","post","type-post","status-publish","format-standard","has-post-thumbnail","hentry","category-brasil"],"aioseo_notices":[],"aioseo_head":"\n\t\t<!-- All in One SEO 4.9.10 - aioseo.com -->\n\t<meta name=\"description\" content=\"O deputado federal licenciado, Eduardo Bolsonaro (PL), acusou a Pol\u00edcia Federal e o ministro do Supremo Tribunal Federal (STF), pelo assalto na casa de sua m\u00e3e, que foi feita de ref\u00e9m junto com seus av\u00f3s maternos, neste domingo (24), em Resende, no Rio de Janeiro. \u201cOs criminosos falaram: \u2018A gente sabe quem s\u00e3o voc\u00eas. E\" \/>\n\t<meta name=\"robots\" content=\"max-image-preview:large\" \/>\n\t<meta name=\"author\" content=\"administrador\"\/>\n\t<link rel=\"canonical\" href=\"https:\/\/newsinfoco.com.br\/inicio\/eduardo-bolsonaro-culpa-pf-e-moraes-por-assalto-a-mae-e-avos-vou-atras\/\" \/>\n\t<meta name=\"generator\" content=\"All in One SEO (AIOSEO) 4.9.10\" \/>\n\t\t<meta property=\"og:locale\" content=\"pt_BR\" \/>\n\t\t<meta property=\"og:site_name\" content=\"News In Foco - Editado por Caio Pimenta - O principal site de noticias de Alagoinhas e regi\u00e3o\" \/>\n\t\t<meta property=\"og:type\" content=\"article\" \/>\n\t\t<meta property=\"og:title\" content=\"Eduardo Bolsonaro culpa PF e Moraes por assalto \u00e0 m\u00e3e e av\u00f3s: \u2018Vou atr\u00e1s - News In Foco - Editado por Caio Pimenta\" \/>\n\t\t<meta property=\"og:description\" content=\"O deputado federal licenciado, Eduardo Bolsonaro (PL), acusou a Pol\u00edcia Federal e o ministro do Supremo Tribunal Federal (STF), pelo assalto na casa de sua m\u00e3e, que foi feita de ref\u00e9m junto com seus av\u00f3s maternos, neste domingo (24), em Resende, no Rio de Janeiro. \u201cOs criminosos falaram: \u2018A gente sabe quem s\u00e3o voc\u00eas. E\" \/>\n\t\t<meta property=\"og:url\" content=\"https:\/\/newsinfoco.com.br\/inicio\/eduardo-bolsonaro-culpa-pf-e-moraes-por-assalto-a-mae-e-avos-vou-atras\/\" \/>\n\t\t<meta property=\"article:published_time\" content=\"2025-08-25T18:13:32+00:00\" \/>\n\t\t<meta property=\"article:modified_time\" content=\"2025-08-25T18:13:32+00:00\" \/>\n\t\t<meta name=\"twitter:card\" content=\"summary_large_image\" \/>\n\t\t<meta name=\"twitter:title\" content=\"Eduardo Bolsonaro culpa PF e Moraes por assalto \u00e0 m\u00e3e e av\u00f3s: \u2018Vou atr\u00e1s - News In Foco - Editado por Caio Pimenta\" \/>\n\t\t<meta name=\"twitter:description\" content=\"O deputado federal licenciado, Eduardo Bolsonaro (PL), acusou a Pol\u00edcia Federal e o ministro do Supremo Tribunal Federal (STF), pelo assalto na casa de sua m\u00e3e, que foi feita de ref\u00e9m junto com seus av\u00f3s maternos, neste domingo (24), em Resende, no Rio de Janeiro. \u201cOs criminosos falaram: \u2018A gente sabe quem s\u00e3o voc\u00eas. E\" \/>\n\t\t<script type=\"application\/ld+json\" class=\"aioseo-schema\">\n\t\t\t{\"@context\":\"https:\\\/\\\/schema.org\",\"@graph\":[{\"@type\":\"BlogPosting\",\"@id\":\"https:\\\/\\\/newsinfoco.com.br\\\/inicio\\\/eduardo-bolsonaro-culpa-pf-e-moraes-por-assalto-a-mae-e-avos-vou-atras\\\/#blogposting\",\"name\":\"Eduardo Bolsonaro culpa PF e Moraes por assalto \\u00e0 m\\u00e3e e av\\u00f3s: \\u2018Vou atr\\u00e1s - News In Foco - Editado por Caio Pimenta\",\"headline\":\"Eduardo Bolsonaro culpa PF e Moraes por assalto \\u00e0 m\\u00e3e e av\\u00f3s: \\u2018Vou atr\\u00e1s\",\"author\":{\"@id\":\"https:\\\/\\\/newsinfoco.com.br\\\/inicio\\\/author\\\/administrador\\\/#author\"},\"publisher\":{\"@id\":\"https:\\\/\\\/newsinfoco.com.br\\\/inicio\\\/#organization\"},\"image\":{\"@type\":\"ImageObject\",\"url\":\"https:\\\/\\\/newsinfoco.com.br\\\/inicio\\\/wp-content\\\/uploads\\\/2025\\\/08\\\/Eduardo-Bolsonaro-4.png\",\"width\":600,\"height\":420},\"datePublished\":\"2025-08-25T15:13:32-03:00\",\"dateModified\":\"2025-08-25T15:13:32-03:00\",\"inLanguage\":\"pt-BR\",\"mainEntityOfPage\":{\"@id\":\"https:\\\/\\\/newsinfoco.com.br\\\/inicio\\\/eduardo-bolsonaro-culpa-pf-e-moraes-por-assalto-a-mae-e-avos-vou-atras\\\/#webpage\"},\"isPartOf\":{\"@id\":\"https:\\\/\\\/newsinfoco.com.br\\\/inicio\\\/eduardo-bolsonaro-culpa-pf-e-moraes-por-assalto-a-mae-e-avos-vou-atras\\\/#webpage\"},\"articleSection\":\"Brasil\"},{\"@type\":\"BreadcrumbList\",\"@id\":\"https:\\\/\\\/newsinfoco.com.br\\\/inicio\\\/eduardo-bolsonaro-culpa-pf-e-moraes-por-assalto-a-mae-e-avos-vou-atras\\\/#breadcrumblist\",\"itemListElement\":[{\"@type\":\"ListItem\",\"@id\":\"https:\\\/\\\/newsinfoco.com.br\\\/inicio#listItem\",\"position\":1,\"name\":\"In\\u00edcio\",\"item\":\"https:\\\/\\\/newsinfoco.com.br\\\/inicio\",\"nextItem\":{\"@type\":\"ListItem\",\"@id\":\"https:\\\/\\\/newsinfoco.com.br\\\/inicio\\\/category\\\/brasil\\\/#listItem\",\"name\":\"Brasil\"}},{\"@type\":\"ListItem\",\"@id\":\"https:\\\/\\\/newsinfoco.com.br\\\/inicio\\\/category\\\/brasil\\\/#listItem\",\"position\":2,\"name\":\"Brasil\",\"item\":\"https:\\\/\\\/newsinfoco.com.br\\\/inicio\\\/category\\\/brasil\\\/\",\"nextItem\":{\"@type\":\"ListItem\",\"@id\":\"https:\\\/\\\/newsinfoco.com.br\\\/inicio\\\/eduardo-bolsonaro-culpa-pf-e-moraes-por-assalto-a-mae-e-avos-vou-atras\\\/#listItem\",\"name\":\"Eduardo Bolsonaro culpa PF e Moraes por assalto \\u00e0 m\\u00e3e e av\\u00f3s: \\u2018Vou atr\\u00e1s\"},\"previousItem\":{\"@type\":\"ListItem\",\"@id\":\"https:\\\/\\\/newsinfoco.com.br\\\/inicio#listItem\",\"name\":\"In\\u00edcio\"}},{\"@type\":\"ListItem\",\"@id\":\"https:\\\/\\\/newsinfoco.com.br\\\/inicio\\\/eduardo-bolsonaro-culpa-pf-e-moraes-por-assalto-a-mae-e-avos-vou-atras\\\/#listItem\",\"position\":3,\"name\":\"Eduardo Bolsonaro culpa PF e Moraes por assalto \\u00e0 m\\u00e3e e av\\u00f3s: \\u2018Vou atr\\u00e1s\",\"previousItem\":{\"@type\":\"ListItem\",\"@id\":\"https:\\\/\\\/newsinfoco.com.br\\\/inicio\\\/category\\\/brasil\\\/#listItem\",\"name\":\"Brasil\"}}]},{\"@type\":\"Organization\",\"@id\":\"https:\\\/\\\/newsinfoco.com.br\\\/inicio\\\/#organization\",\"name\":\"News In Foco - Editado por Caio Pimenta\",\"description\":\"O principal site de noticias de Alagoinhas e regi\\u00e3o\",\"url\":\"https:\\\/\\\/newsinfoco.com.br\\\/inicio\\\/\"},{\"@type\":\"Person\",\"@id\":\"https:\\\/\\\/newsinfoco.com.br\\\/inicio\\\/author\\\/administrador\\\/#author\",\"url\":\"https:\\\/\\\/newsinfoco.com.br\\\/inicio\\\/author\\\/administrador\\\/\",\"name\":\"administrador\",\"image\":{\"@type\":\"ImageObject\",\"@id\":\"https:\\\/\\\/newsinfoco.com.br\\\/inicio\\\/eduardo-bolsonaro-culpa-pf-e-moraes-por-assalto-a-mae-e-avos-vou-atras\\\/#authorImage\",\"url\":\"https:\\\/\\\/secure.gravatar.com\\\/avatar\\\/c17a617433de8c1dc9584bb79aab7563b46f5bb7e1728c9b17d9cc3ce6a08e49?s=96&d=mm&r=g\",\"width\":96,\"height\":96,\"caption\":\"administrador\"}},{\"@type\":\"WebPage\",\"@id\":\"https:\\\/\\\/newsinfoco.com.br\\\/inicio\\\/eduardo-bolsonaro-culpa-pf-e-moraes-por-assalto-a-mae-e-avos-vou-atras\\\/#webpage\",\"url\":\"https:\\\/\\\/newsinfoco.com.br\\\/inicio\\\/eduardo-bolsonaro-culpa-pf-e-moraes-por-assalto-a-mae-e-avos-vou-atras\\\/\",\"name\":\"Eduardo Bolsonaro culpa PF e Moraes por assalto \\u00e0 m\\u00e3e e av\\u00f3s: \\u2018Vou atr\\u00e1s - News In Foco - Editado por Caio Pimenta\",\"description\":\"O deputado federal licenciado, Eduardo Bolsonaro (PL), acusou a Pol\\u00edcia Federal e o ministro do Supremo Tribunal Federal (STF), pelo assalto na casa de sua m\\u00e3e, que foi feita de ref\\u00e9m junto com seus av\\u00f3s maternos, neste domingo (24), em Resende, no Rio de Janeiro. \\u201cOs criminosos falaram: \\u2018A gente sabe quem s\\u00e3o voc\\u00eas. E\",\"inLanguage\":\"pt-BR\",\"isPartOf\":{\"@id\":\"https:\\\/\\\/newsinfoco.com.br\\\/inicio\\\/#website\"},\"breadcrumb\":{\"@id\":\"https:\\\/\\\/newsinfoco.com.br\\\/inicio\\\/eduardo-bolsonaro-culpa-pf-e-moraes-por-assalto-a-mae-e-avos-vou-atras\\\/#breadcrumblist\"},\"author\":{\"@id\":\"https:\\\/\\\/newsinfoco.com.br\\\/inicio\\\/author\\\/administrador\\\/#author\"},\"creator\":{\"@id\":\"https:\\\/\\\/newsinfoco.com.br\\\/inicio\\\/author\\\/administrador\\\/#author\"},\"image\":{\"@type\":\"ImageObject\",\"url\":\"https:\\\/\\\/newsinfoco.com.br\\\/inicio\\\/wp-content\\\/uploads\\\/2025\\\/08\\\/Eduardo-Bolsonaro-4.png\",\"@id\":\"https:\\\/\\\/newsinfoco.com.br\\\/inicio\\\/eduardo-bolsonaro-culpa-pf-e-moraes-por-assalto-a-mae-e-avos-vou-atras\\\/#mainImage\",\"width\":600,\"height\":420},\"primaryImageOfPage\":{\"@id\":\"https:\\\/\\\/newsinfoco.com.br\\\/inicio\\\/eduardo-bolsonaro-culpa-pf-e-moraes-por-assalto-a-mae-e-avos-vou-atras\\\/#mainImage\"},\"datePublished\":\"2025-08-25T15:13:32-03:00\",\"dateModified\":\"2025-08-25T15:13:32-03:00\"},{\"@type\":\"WebSite\",\"@id\":\"https:\\\/\\\/newsinfoco.com.br\\\/inicio\\\/#website\",\"url\":\"https:\\\/\\\/newsinfoco.com.br\\\/inicio\\\/\",\"name\":\"News In Foco - Editado por Caio Pimenta\",\"description\":\"O principal site de noticias de Alagoinhas e regi\\u00e3o\",\"inLanguage\":\"pt-BR\",\"publisher\":{\"@id\":\"https:\\\/\\\/newsinfoco.com.br\\\/inicio\\\/#organization\"}}]}\n\t\t<\/script>\n\t\t<!-- All in One SEO -->\n\n","aioseo_head_json":{"title":"Eduardo Bolsonaro culpa PF e Moraes por assalto \u00e0 m\u00e3e e av\u00f3s: \u2018Vou atr\u00e1s - News In Foco - Editado por Caio Pimenta","description":"O deputado federal licenciado, Eduardo Bolsonaro (PL), acusou a Pol\u00edcia Federal e o ministro do Supremo Tribunal Federal (STF), pelo assalto na casa de sua m\u00e3e, que foi feita de ref\u00e9m junto com seus av\u00f3s maternos, neste domingo (24), em Resende, no Rio de Janeiro. \u201cOs criminosos falaram: \u2018A gente sabe quem s\u00e3o voc\u00eas. E","canonical_url":"https:\/\/newsinfoco.com.br\/inicio\/eduardo-bolsonaro-culpa-pf-e-moraes-por-assalto-a-mae-e-avos-vou-atras\/","robots":"max-image-preview:large","keywords":"","webmasterTools":{"miscellaneous":""},"schema":{"@context":"https:\/\/schema.org","@graph":[{"@type":"BlogPosting","@id":"https:\/\/newsinfoco.com.br\/inicio\/eduardo-bolsonaro-culpa-pf-e-moraes-por-assalto-a-mae-e-avos-vou-atras\/#blogposting","name":"Eduardo Bolsonaro culpa PF e Moraes por assalto \u00e0 m\u00e3e e av\u00f3s: \u2018Vou atr\u00e1s - News In Foco - Editado por Caio Pimenta","headline":"Eduardo Bolsonaro culpa PF e Moraes por assalto \u00e0 m\u00e3e e av\u00f3s: \u2018Vou atr\u00e1s","author":{"@id":"https:\/\/newsinfoco.com.br\/inicio\/author\/administrador\/#author"},"publisher":{"@id":"https:\/\/newsinfoco.com.br\/inicio\/#organization"},"image":{"@type":"ImageObject","url":"https:\/\/newsinfoco.com.br\/inicio\/wp-content\/uploads\/2025\/08\/Eduardo-Bolsonaro-4.png","width":600,"height":420},"datePublished":"2025-08-25T15:13:32-03:00","dateModified":"2025-08-25T15:13:32-03:00","inLanguage":"pt-BR","mainEntityOfPage":{"@id":"https:\/\/newsinfoco.com.br\/inicio\/eduardo-bolsonaro-culpa-pf-e-moraes-por-assalto-a-mae-e-avos-vou-atras\/#webpage"},"isPartOf":{"@id":"https:\/\/newsinfoco.com.br\/inicio\/eduardo-bolsonaro-culpa-pf-e-moraes-por-assalto-a-mae-e-avos-vou-atras\/#webpage"},"articleSection":"Brasil"},{"@type":"BreadcrumbList","@id":"https:\/\/newsinfoco.com.br\/inicio\/eduardo-bolsonaro-culpa-pf-e-moraes-por-assalto-a-mae-e-avos-vou-atras\/#breadcrumblist","itemListElement":[{"@type":"ListItem","@id":"https:\/\/newsinfoco.com.br\/inicio#listItem","position":1,"name":"In\u00edcio","item":"https:\/\/newsinfoco.com.br\/inicio","nextItem":{"@type":"ListItem","@id":"https:\/\/newsinfoco.com.br\/inicio\/category\/brasil\/#listItem","name":"Brasil"}},{"@type":"ListItem","@id":"https:\/\/newsinfoco.com.br\/inicio\/category\/brasil\/#listItem","position":2,"name":"Brasil","item":"https:\/\/newsinfoco.com.br\/inicio\/category\/brasil\/","nextItem":{"@type":"ListItem","@id":"https:\/\/newsinfoco.com.br\/inicio\/eduardo-bolsonaro-culpa-pf-e-moraes-por-assalto-a-mae-e-avos-vou-atras\/#listItem","name":"Eduardo Bolsonaro culpa PF e Moraes por assalto \u00e0 m\u00e3e e av\u00f3s: \u2018Vou atr\u00e1s"},"previousItem":{"@type":"ListItem","@id":"https:\/\/newsinfoco.com.br\/inicio#listItem","name":"In\u00edcio"}},{"@type":"ListItem","@id":"https:\/\/newsinfoco.com.br\/inicio\/eduardo-bolsonaro-culpa-pf-e-moraes-por-assalto-a-mae-e-avos-vou-atras\/#listItem","position":3,"name":"Eduardo Bolsonaro culpa PF e Moraes por assalto \u00e0 m\u00e3e e av\u00f3s: \u2018Vou atr\u00e1s","previousItem":{"@type":"ListItem","@id":"https:\/\/newsinfoco.com.br\/inicio\/category\/brasil\/#listItem","name":"Brasil"}}]},{"@type":"Organization","@id":"https:\/\/newsinfoco.com.br\/inicio\/#organization","name":"News In Foco - Editado por Caio Pimenta","description":"O principal site de noticias de Alagoinhas e regi\u00e3o","url":"https:\/\/newsinfoco.com.br\/inicio\/"},{"@type":"Person","@id":"https:\/\/newsinfoco.com.br\/inicio\/author\/administrador\/#author","url":"https:\/\/newsinfoco.com.br\/inicio\/author\/administrador\/","name":"administrador","image":{"@type":"ImageObject","@id":"https:\/\/newsinfoco.com.br\/inicio\/eduardo-bolsonaro-culpa-pf-e-moraes-por-assalto-a-mae-e-avos-vou-atras\/#authorImage","url":"https:\/\/secure.gravatar.com\/avatar\/c17a617433de8c1dc9584bb79aab7563b46f5bb7e1728c9b17d9cc3ce6a08e49?s=96&d=mm&r=g","width":96,"height":96,"caption":"administrador"}},{"@type":"WebPage","@id":"https:\/\/newsinfoco.com.br\/inicio\/eduardo-bolsonaro-culpa-pf-e-moraes-por-assalto-a-mae-e-avos-vou-atras\/#webpage","url":"https:\/\/newsinfoco.com.br\/inicio\/eduardo-bolsonaro-culpa-pf-e-moraes-por-assalto-a-mae-e-avos-vou-atras\/","name":"Eduardo Bolsonaro culpa PF e Moraes por assalto \u00e0 m\u00e3e e av\u00f3s: \u2018Vou atr\u00e1s - News In Foco - Editado por Caio Pimenta","description":"O deputado federal licenciado, Eduardo Bolsonaro (PL), acusou a Pol\u00edcia Federal e o ministro do Supremo Tribunal Federal (STF), pelo assalto na casa de sua m\u00e3e, que foi feita de ref\u00e9m junto com seus av\u00f3s maternos, neste domingo (24), em Resende, no Rio de Janeiro. \u201cOs criminosos falaram: \u2018A gente sabe quem s\u00e3o voc\u00eas. E","inLanguage":"pt-BR","isPartOf":{"@id":"https:\/\/newsinfoco.com.br\/inicio\/#website"},"breadcrumb":{"@id":"https:\/\/newsinfoco.com.br\/inicio\/eduardo-bolsonaro-culpa-pf-e-moraes-por-assalto-a-mae-e-avos-vou-atras\/#breadcrumblist"},"author":{"@id":"https:\/\/newsinfoco.com.br\/inicio\/author\/administrador\/#author"},"creator":{"@id":"https:\/\/newsinfoco.com.br\/inicio\/author\/administrador\/#author"},"image":{"@type":"ImageObject","url":"https:\/\/newsinfoco.com.br\/inicio\/wp-content\/uploads\/2025\/08\/Eduardo-Bolsonaro-4.png","@id":"https:\/\/newsinfoco.com.br\/inicio\/eduardo-bolsonaro-culpa-pf-e-moraes-por-assalto-a-mae-e-avos-vou-atras\/#mainImage","width":600,"height":420},"primaryImageOfPage":{"@id":"https:\/\/newsinfoco.com.br\/inicio\/eduardo-bolsonaro-culpa-pf-e-moraes-por-assalto-a-mae-e-avos-vou-atras\/#mainImage"},"datePublished":"2025-08-25T15:13:32-03:00","dateModified":"2025-08-25T15:13:32-03:00"},{"@type":"WebSite","@id":"https:\/\/newsinfoco.com.br\/inicio\/#website","url":"https:\/\/newsinfoco.com.br\/inicio\/","name":"News In Foco - Editado por Caio Pimenta","description":"O principal site de noticias de Alagoinhas e regi\u00e3o","inLanguage":"pt-BR","publisher":{"@id":"https:\/\/newsinfoco.com.br\/inicio\/#organization"}}]},"og:locale":"pt_BR","og:site_name":"News In Foco - Editado por Caio Pimenta - O principal site de noticias de Alagoinhas e regi\u00e3o","og:type":"article","og:title":"Eduardo Bolsonaro culpa PF e Moraes por assalto \u00e0 m\u00e3e e av\u00f3s: \u2018Vou atr\u00e1s - News In Foco - Editado por Caio Pimenta","og:description":"O deputado federal licenciado, Eduardo Bolsonaro (PL), acusou a Pol\u00edcia Federal e o ministro do Supremo Tribunal Federal (STF), pelo assalto na casa de sua m\u00e3e, que foi feita de ref\u00e9m junto com seus av\u00f3s maternos, neste domingo (24), em Resende, no Rio de Janeiro. \u201cOs criminosos falaram: \u2018A gente sabe quem s\u00e3o voc\u00eas. E","og:url":"https:\/\/newsinfoco.com.br\/inicio\/eduardo-bolsonaro-culpa-pf-e-moraes-por-assalto-a-mae-e-avos-vou-atras\/","article:published_time":"2025-08-25T18:13:32+00:00","article:modified_time":"2025-08-25T18:13:32+00:00","twitter:card":"summary_large_image","twitter:title":"Eduardo Bolsonaro culpa PF e Moraes por assalto \u00e0 m\u00e3e e av\u00f3s: \u2018Vou atr\u00e1s - News In Foco - Editado por Caio Pimenta","twitter:description":"O deputado federal licenciado, Eduardo Bolsonaro (PL), acusou a Pol\u00edcia Federal e o ministro do Supremo Tribunal Federal (STF), pelo assalto na casa de sua m\u00e3e, que foi feita de ref\u00e9m junto com seus av\u00f3s maternos, neste domingo (24), em Resende, no Rio de Janeiro. \u201cOs criminosos falaram: \u2018A gente sabe quem s\u00e3o voc\u00eas. E"},"aioseo_meta_data":{"post_id":"44631","title":null,"description":null,"keywords":null,"keyphrases":{"focus":{"keyphrase":"","score":0,"analysis":{"keyphraseInTitle":{"score":0,"maxScore":9,"error":1}}},"additional":[]},"primary_term":null,"canonical_url":null,"og_title":null,"og_description":null,"og_object_type":"default","og_image_type":"default","og_image_url":null,"og_image_width":null,"og_image_height":null,"og_image_custom_url":null,"og_image_custom_fields":null,"og_video":"","og_custom_url":null,"og_article_section":null,"og_article_tags":null,"twitter_use_og":false,"twitter_card":"default","twitter_image_type":"default","twitter_image_url":null,"twitter_image_custom_url":null,"twitter_image_custom_fields":null,"twitter_title":null,"twitter_description":null,"schema":{"blockGraphs":[],"customGraphs":[],"default":{"data":{"Article":[],"Course":[],"Dataset":[],"FAQPage":[],"Movie":[],"Person":[],"Product":[],"ProductReview":[],"Car":[],"Recipe":[],"Service":[],"SoftwareApplication":[],"WebPage":[]},"graphName":"BlogPosting","isEnabled":true},"graphs":[]},"schema_type":"default","schema_type_options":null,"pillar_content":false,"robots_default":true,"robots_noindex":false,"robots_noarchive":false,"robots_nosnippet":false,"robots_nofollow":false,"robots_noimageindex":false,"robots_noodp":false,"robots_notranslate":false,"robots_max_snippet":"-1","robots_max_videopreview":"-1","robots_max_imagepreview":"large","priority":null,"frequency":"default","local_seo":null,"breadcrumb_settings":null,"limit_modified_date":false,"ai":{"faqs":[],"keyPoints":[],"titles":[],"descriptions":[],"socialPosts":{"email":[],"linkedin":[],"twitter":[],"facebook":[],"instagram":[]}},"created":"2025-08-25 18:13:32","updated":"2025-08-25 18:19:58","seo_analyzer_scan_date":null},"aioseo_breadcrumb":"<div class=\"aioseo-breadcrumbs\"><span class=\"aioseo-breadcrumb\">\n\t\t\t<a href=\"https:\/\/newsinfoco.com.br\/inicio\" title=\"In\u00edcio\">In\u00edcio<\/a>\n\t\t<\/span><span class=\"aioseo-breadcrumb-separator\">&raquo;<\/span><span class=\"aioseo-breadcrumb\">\n\t\t\t<a href=\"https:\/\/newsinfoco.com.br\/inicio\/category\/brasil\/\" title=\"Brasil\">Brasil<\/a>\n\t\t<\/span><span class=\"aioseo-breadcrumb-separator\">&raquo;<\/span><span class=\"aioseo-breadcrumb\">\n\t\t\tEduardo Bolsonaro culpa PF e Moraes por assalto \u00e0 m\u00e3e e av\u00f3s: \u2018Vou atr\u00e1s\n\t\t<\/span><\/div>","aioseo_breadcrumb_json":[{"label":"In\u00edcio","link":"https:\/\/newsinfoco.com.br\/inicio"},{"label":"Brasil","link":"https:\/\/newsinfoco.com.br\/inicio\/category\/brasil\/"},{"label":"Eduardo Bolsonaro culpa PF e Moraes por assalto \u00e0 m\u00e3e e av\u00f3s: \u2018Vou atr\u00e1s","link":"https:\/\/newsinfoco.com.br\/inicio\/eduardo-bolsonaro-culpa-pf-e-moraes-por-assalto-a-mae-e-avos-vou-atras\/"}],"_links":{"self":[{"href":"https:\/\/newsinfoco.com.br\/inicio\/wp-json\/wp\/v2\/posts\/44631","targetHints":{"allow":["GET"]}}],"collection":[{"href":"https:\/\/newsinfoco.com.br\/inicio\/wp-json\/wp\/v2\/posts"}],"about":[{"href":"https:\/\/newsinfoco.com.br\/inicio\/wp-json\/wp\/v2\/types\/post"}],"author":[{"embeddable":true,"href":"https:\/\/newsinfoco.com.br\/inicio\/wp-json\/wp\/v2\/users\/1"}],"replies":[{"embeddable":true,"href":"https:\/\/newsinfoco.com.br\/inicio\/wp-json\/wp\/v2\/comments?post=44631"}],"version-history":[{"count":1,"href":"https:\/\/newsinfoco.com.br\/inicio\/wp-json\/wp\/v2\/posts\/44631\/revisions"}],"predecessor-version":[{"id":44633,"href":"https:\/\/newsinfoco.com.br\/inicio\/wp-json\/wp\/v2\/posts\/44631\/revisions\/44633"}],"wp:featuredmedia":[{"embeddable":true,"href":"https:\/\/newsinfoco.com.br\/inicio\/wp-json\/wp\/v2\/media\/44632"}],"wp:attachment":[{"href":"https:\/\/newsinfoco.com.br\/inicio\/wp-json\/wp\/v2\/media?parent=44631"}],"wp:term":[{"taxonomy":"category","embeddable":true,"href":"https:\/\/newsinfoco.com.br\/inicio\/wp-json\/wp\/v2\/categories?post=44631"},{"taxonomy":"post_tag","embeddable":true,"href":"https:\/\/newsinfoco.com.br\/inicio\/wp-json\/wp\/v2\/tags?post=44631"}],"curies":[{"name":"wp","href":"https:\/\/api.w.org\/{rel}","templated":true}]}}