{"id":44643,"date":"2025-08-25T16:06:58","date_gmt":"2025-08-25T19:06:58","guid":{"rendered":"https:\/\/newsinfoco.com.br\/inicio\/?p=44643"},"modified":"2025-08-25T16:54:03","modified_gmt":"2025-08-25T19:54:03","slug":"destaque-da-vitoria-do-real-vini-jr-e-exaltado-por-jornal-recuperou-a-furia","status":"publish","type":"post","link":"https:\/\/newsinfoco.com.br\/inicio\/destaque-da-vitoria-do-real-vini-jr-e-exaltado-por-jornal-recuperou-a-furia\/","title":{"rendered":"Destaque da vit\u00f3ria do Real, Vini Jr \u00e9 exaltado por jornal: \u2018Recuperou a f\u00faria\u2019"},"content":{"rendered":"<p>O atacante Vinicius J\u00fanior foi destaque da vit\u00f3ria do Real Madrid sobre o Real Oviedo por 3 a 0, neste domingo (24), pela segunda rodada do Campeonato Espanhol. O jornal Marca exaltou o brasileiro que saiu do banco de reservas no segundo tempo para dar uma assist\u00eancia e fechar o placar.<\/p>\n<p>\u201cVinicius recupera a f\u00faria\u201d, elogiou o peri\u00f3dico espanhol.<\/p>\n<p>O time merengue j\u00e1 vencia por 1 a 0, quando Vini Jr entrou na partida aos 17 minutos no lugar do compatriota Rodrygo. Aos 37, ele roubou a bola e passou para Mbapp\u00e9 finalizar e ampliar o placar. Depois, aos 47, o camisa 7 recebeu de Brahim e marcou o terceiro da equipe.<\/p>\n<p>\u201cVinicius teve meia hora para demonstrar ao seu treinador que havia se equivocado ao deixa-lo sentado no banco e o fez com um gol e uma assist\u00eancia a Kyian Mbapp\u00e9\u201d, descreveu o jornal.<\/p>\n<p>Este foi o primeiro gol do brasileiro desde o dia 26 de maio quando o Real venceu o RB Salzburg na fase de grupos da Copa do Mundo de Clubes da Fifa. De l\u00e1 para c\u00e1, ele disputou quatro jogos oficiais e um amistoso, mas n\u00e3o havia participado diretamente de nenhum gol. A boa atua\u00e7\u00e3o acontece na v\u00e9spera da convoca\u00e7\u00e3o da Sele\u00e7\u00e3o Brasileira pelo t\u00e9cnico Carlo Ancelotti para os dois \u00faltimos compromissos pelas eliminat\u00f3rias da Copa do Mundo de 2026. Vale lembrar que o time Canarinho j\u00e1 garantiu a classifica\u00e7\u00e3o antecipada.<\/p>\n<div>\n<div>\n<div class=\"trv-player-container\">\n<div class=\"trv-wrapper\">\n<div id=\"br_video_player_7ed28031fea3428609390868d33f7c9dc3c659f9\" class=\"trvd_video_player trvdinstream\">\n<div class=\"media-player\"><\/div>\n<div>\n<div>\n<div class=\"trv-player-container\">\n<div class=\"trv-wrapper\">\n<div id=\"br_video_player_7ed28031fea3428609390868d33f7c9dc3c659f9\" class=\"trvd_video_player trvdinstream\">\n<div>\n<div>\n<div class=\"trv-player-container\">\n<div class=\"trv-wrapper\">\n<div id=\"br_video_player_7ed28031fea3428609390868d33f7c9dc3c659f9\" class=\"trvd_video_player trvdinstream\">\n<div>\n<div>\n<div class=\"trv-player-container\">\n<div class=\"trv-wrapper\">\n<div id=\"br_video_player_7ed28031fea3428609390868d33f7c9dc3c659f9\" class=\"trvd_video_player trvdinstream\">\n<div>\n<div>\n<div class=\"trv-player-container\">\n<div class=\"trv-wrapper\">\n<div id=\"br_video_player_7ed28031fea3428609390868d33f7c9dc3c659f9\" class=\"trvd_video_player trvdinstream\">\n<div class=\"conteudo_post\">\n<p>Apesar disso, Vini Jr n\u00e3o dever\u00e1 ser chamado pelo treinador italiano, j\u00e1 que est\u00e1 suspenso da partida contra o Chile, no Maracan\u00e3, e ser\u00e1 poupado de jogar na altitude diante da Bol\u00edvia.<\/p>\n<p>Com duas vit\u00f3rias, o Real Madrid \u00e9 o terceiro colocado na tabela do Espanhol com seis pontos, atr\u00e1s do Barcelona, que \u00e9 o segundo, por causa do n\u00famero de gols marcados, e do Villarreal, que \u00e9 o primeiro, devido ao saldo de gols. O time merengue entra em campo no pr\u00f3ximo s\u00e1bado (30), \u00e0s 16h30 no hor\u00e1rio de Bras\u00edlia, no Santiago Bernab\u00e9u, pela terceira rodada.<\/p>\n<\/div>\n<div id=\"div-share\">\n<div class=\"conteudo_post\">\n<p>Apesar disso, Vini Jr n\u00e3o dever\u00e1 ser chamado pelo treinador italiano, j\u00e1 que est\u00e1 suspenso da partida contra o Chile, no Maracan\u00e3, e ser\u00e1 poupado de jogar na altitude diante da Bol\u00edvia.<\/p>\n<p>Com duas vit\u00f3rias, o Real Madrid \u00e9 o terceiro colocado na tabela do Espanhol com seis pontos, atr\u00e1s do Barcelona, que \u00e9 o segundo, por causa do n\u00famero de gols marcados, e do Villarreal, que \u00e9 o primeiro, devido ao saldo de gols. O time merengue entra em campo no pr\u00f3ximo s\u00e1bado (30), \u00e0s 16h30 no hor\u00e1rio de Bras\u00edlia, no Santiago Bernab\u00e9u, pela terceira rodada.<\/p>\n<\/div>\n<div id=\"div-share\">Bahia.Ba<\/div>\n<\/div>\n<\/div>\n<\/div>\n<\/div>\n<\/div>\n<\/div>\n<\/div>\n<\/div>\n<\/div>\n<\/div>\n<\/div>\n<\/div>\n<\/div>\n<\/div>\n<\/div>\n<\/div>\n<\/div>\n<\/div>\n<\/div>\n<\/div>\n<\/div>\n<\/div>\n<\/div>\n<\/div>\n<\/div>\n<\/div>\n<div class='share-to-whatsapp-wrapper'><div class='share-on-whsp'>Share on: <\/div><a data-text='Destaque da vit\u00f3ria do Real, Vini Jr \u00e9 exaltado por jornal: \u2018Recuperou a f\u00faria\u2019' data-link='https:\/\/newsinfoco.com.br\/inicio\/destaque-da-vitoria-do-real-vini-jr-e-exaltado-por-jornal-recuperou-a-furia\/' class='whatsapp-button whatsapp-share'>WhatsApp<\/a><div class='clear '><\/div><\/div>","protected":false},"excerpt":{"rendered":"<p>O atacante Vinicius J\u00fanior foi destaque da vit\u00f3ria do Real Madrid sobre o Real Oviedo por 3 a 0, neste domingo (24), pela segunda rodada do Campeonato Espanhol. O jornal Marca exaltou o brasileiro que saiu do banco de reservas no segundo tempo para dar uma assist\u00eancia e fechar o placar. \u201cVinicius recupera a f\u00faria\u201d, [&hellip;]<\/p>\n","protected":false},"author":1,"featured_media":44644,"comment_status":"closed","ping_status":"closed","sticky":false,"template":"","format":"standard","meta":{"om_disable_all_campaigns":false,"rop_custom_images_group":[],"rop_custom_messages_group":[],"rop_publish_now":"initial","rop_publish_now_accounts":[],"rop_publish_now_history":[],"rop_publish_now_status":"pending","_exactmetrics_skip_tracking":false,"footnotes":""},"categories":[21],"tags":[],"class_list":["post-44643","post","type-post","status-publish","format-standard","has-post-thumbnail","hentry","category-brasil"],"aioseo_notices":[],"aioseo_head":"\n\t\t<!-- All in One SEO 4.9.10 - aioseo.com -->\n\t<meta name=\"description\" content=\"O atacante Vinicius J\u00fanior foi destaque da vit\u00f3ria do Real Madrid sobre o Real Oviedo por 3 a 0, neste domingo (24), pela segunda rodada do Campeonato Espanhol. O jornal Marca exaltou o brasileiro que saiu do banco de reservas no segundo tempo para dar uma assist\u00eancia e fechar o placar. \u201cVinicius recupera a f\u00faria\u201d,\" \/>\n\t<meta name=\"robots\" content=\"max-image-preview:large\" \/>\n\t<meta name=\"author\" content=\"administrador\"\/>\n\t<link rel=\"canonical\" href=\"https:\/\/newsinfoco.com.br\/inicio\/destaque-da-vitoria-do-real-vini-jr-e-exaltado-por-jornal-recuperou-a-furia\/\" \/>\n\t<meta name=\"generator\" content=\"All in One SEO (AIOSEO) 4.9.10\" \/>\n\t\t<meta property=\"og:locale\" content=\"pt_BR\" \/>\n\t\t<meta property=\"og:site_name\" content=\"News In Foco - Editado por Caio Pimenta - O principal site de noticias de Alagoinhas e regi\u00e3o\" \/>\n\t\t<meta property=\"og:type\" content=\"article\" \/>\n\t\t<meta property=\"og:title\" content=\"Destaque da vit\u00f3ria do Real, Vini Jr \u00e9 exaltado por jornal: \u2018Recuperou a f\u00faria\u2019 - News In Foco - Editado por Caio Pimenta\" \/>\n\t\t<meta property=\"og:description\" content=\"O atacante Vinicius J\u00fanior foi destaque da vit\u00f3ria do Real Madrid sobre o Real Oviedo por 3 a 0, neste domingo (24), pela segunda rodada do Campeonato Espanhol. O jornal Marca exaltou o brasileiro que saiu do banco de reservas no segundo tempo para dar uma assist\u00eancia e fechar o placar. \u201cVinicius recupera a f\u00faria\u201d,\" \/>\n\t\t<meta property=\"og:url\" content=\"https:\/\/newsinfoco.com.br\/inicio\/destaque-da-vitoria-do-real-vini-jr-e-exaltado-por-jornal-recuperou-a-furia\/\" \/>\n\t\t<meta property=\"article:published_time\" content=\"2025-08-25T19:06:58+00:00\" \/>\n\t\t<meta property=\"article:modified_time\" content=\"2025-08-25T19:54:03+00:00\" \/>\n\t\t<meta name=\"twitter:card\" content=\"summary_large_image\" \/>\n\t\t<meta name=\"twitter:title\" content=\"Destaque da vit\u00f3ria do Real, Vini Jr \u00e9 exaltado por jornal: \u2018Recuperou a f\u00faria\u2019 - News In Foco - Editado por Caio Pimenta\" \/>\n\t\t<meta name=\"twitter:description\" content=\"O atacante Vinicius J\u00fanior foi destaque da vit\u00f3ria do Real Madrid sobre o Real Oviedo por 3 a 0, neste domingo (24), pela segunda rodada do Campeonato Espanhol. O jornal Marca exaltou o brasileiro que saiu do banco de reservas no segundo tempo para dar uma assist\u00eancia e fechar o placar. \u201cVinicius recupera a f\u00faria\u201d,\" \/>\n\t\t<script type=\"application\/ld+json\" class=\"aioseo-schema\">\n\t\t\t{\"@context\":\"https:\\\/\\\/schema.org\",\"@graph\":[{\"@type\":\"BlogPosting\",\"@id\":\"https:\\\/\\\/newsinfoco.com.br\\\/inicio\\\/destaque-da-vitoria-do-real-vini-jr-e-exaltado-por-jornal-recuperou-a-furia\\\/#blogposting\",\"name\":\"Destaque da vit\\u00f3ria do Real, Vini Jr \\u00e9 exaltado por jornal: \\u2018Recuperou a f\\u00faria\\u2019 - News In Foco - Editado por Caio Pimenta\",\"headline\":\"Destaque da vit\\u00f3ria do Real, Vini Jr \\u00e9 exaltado por jornal: \\u2018Recuperou a f\\u00faria\\u2019\",\"author\":{\"@id\":\"https:\\\/\\\/newsinfoco.com.br\\\/inicio\\\/author\\\/administrador\\\/#author\"},\"publisher\":{\"@id\":\"https:\\\/\\\/newsinfoco.com.br\\\/inicio\\\/#organization\"},\"image\":{\"@type\":\"ImageObject\",\"url\":\"https:\\\/\\\/newsinfoco.com.br\\\/inicio\\\/wp-content\\\/uploads\\\/2025\\\/08\\\/Vini-Jr-Antonio-Villalba-Real-Madrid-CF.jpg\",\"width\":600,\"height\":420},\"datePublished\":\"2025-08-25T16:06:58-03:00\",\"dateModified\":\"2025-08-25T16:54:03-03:00\",\"inLanguage\":\"pt-BR\",\"mainEntityOfPage\":{\"@id\":\"https:\\\/\\\/newsinfoco.com.br\\\/inicio\\\/destaque-da-vitoria-do-real-vini-jr-e-exaltado-por-jornal-recuperou-a-furia\\\/#webpage\"},\"isPartOf\":{\"@id\":\"https:\\\/\\\/newsinfoco.com.br\\\/inicio\\\/destaque-da-vitoria-do-real-vini-jr-e-exaltado-por-jornal-recuperou-a-furia\\\/#webpage\"},\"articleSection\":\"Brasil\"},{\"@type\":\"BreadcrumbList\",\"@id\":\"https:\\\/\\\/newsinfoco.com.br\\\/inicio\\\/destaque-da-vitoria-do-real-vini-jr-e-exaltado-por-jornal-recuperou-a-furia\\\/#breadcrumblist\",\"itemListElement\":[{\"@type\":\"ListItem\",\"@id\":\"https:\\\/\\\/newsinfoco.com.br\\\/inicio#listItem\",\"position\":1,\"name\":\"In\\u00edcio\",\"item\":\"https:\\\/\\\/newsinfoco.com.br\\\/inicio\",\"nextItem\":{\"@type\":\"ListItem\",\"@id\":\"https:\\\/\\\/newsinfoco.com.br\\\/inicio\\\/category\\\/brasil\\\/#listItem\",\"name\":\"Brasil\"}},{\"@type\":\"ListItem\",\"@id\":\"https:\\\/\\\/newsinfoco.com.br\\\/inicio\\\/category\\\/brasil\\\/#listItem\",\"position\":2,\"name\":\"Brasil\",\"item\":\"https:\\\/\\\/newsinfoco.com.br\\\/inicio\\\/category\\\/brasil\\\/\",\"nextItem\":{\"@type\":\"ListItem\",\"@id\":\"https:\\\/\\\/newsinfoco.com.br\\\/inicio\\\/destaque-da-vitoria-do-real-vini-jr-e-exaltado-por-jornal-recuperou-a-furia\\\/#listItem\",\"name\":\"Destaque da vit\\u00f3ria do Real, Vini Jr \\u00e9 exaltado por jornal: \\u2018Recuperou a f\\u00faria\\u2019\"},\"previousItem\":{\"@type\":\"ListItem\",\"@id\":\"https:\\\/\\\/newsinfoco.com.br\\\/inicio#listItem\",\"name\":\"In\\u00edcio\"}},{\"@type\":\"ListItem\",\"@id\":\"https:\\\/\\\/newsinfoco.com.br\\\/inicio\\\/destaque-da-vitoria-do-real-vini-jr-e-exaltado-por-jornal-recuperou-a-furia\\\/#listItem\",\"position\":3,\"name\":\"Destaque da vit\\u00f3ria do Real, Vini Jr \\u00e9 exaltado por jornal: \\u2018Recuperou a f\\u00faria\\u2019\",\"previousItem\":{\"@type\":\"ListItem\",\"@id\":\"https:\\\/\\\/newsinfoco.com.br\\\/inicio\\\/category\\\/brasil\\\/#listItem\",\"name\":\"Brasil\"}}]},{\"@type\":\"Organization\",\"@id\":\"https:\\\/\\\/newsinfoco.com.br\\\/inicio\\\/#organization\",\"name\":\"News In Foco - Editado por Caio Pimenta\",\"description\":\"O principal site de noticias de Alagoinhas e regi\\u00e3o\",\"url\":\"https:\\\/\\\/newsinfoco.com.br\\\/inicio\\\/\"},{\"@type\":\"Person\",\"@id\":\"https:\\\/\\\/newsinfoco.com.br\\\/inicio\\\/author\\\/administrador\\\/#author\",\"url\":\"https:\\\/\\\/newsinfoco.com.br\\\/inicio\\\/author\\\/administrador\\\/\",\"name\":\"administrador\",\"image\":{\"@type\":\"ImageObject\",\"@id\":\"https:\\\/\\\/newsinfoco.com.br\\\/inicio\\\/destaque-da-vitoria-do-real-vini-jr-e-exaltado-por-jornal-recuperou-a-furia\\\/#authorImage\",\"url\":\"https:\\\/\\\/secure.gravatar.com\\\/avatar\\\/c17a617433de8c1dc9584bb79aab7563b46f5bb7e1728c9b17d9cc3ce6a08e49?s=96&d=mm&r=g\",\"width\":96,\"height\":96,\"caption\":\"administrador\"}},{\"@type\":\"WebPage\",\"@id\":\"https:\\\/\\\/newsinfoco.com.br\\\/inicio\\\/destaque-da-vitoria-do-real-vini-jr-e-exaltado-por-jornal-recuperou-a-furia\\\/#webpage\",\"url\":\"https:\\\/\\\/newsinfoco.com.br\\\/inicio\\\/destaque-da-vitoria-do-real-vini-jr-e-exaltado-por-jornal-recuperou-a-furia\\\/\",\"name\":\"Destaque da vit\\u00f3ria do Real, Vini Jr \\u00e9 exaltado por jornal: \\u2018Recuperou a f\\u00faria\\u2019 - News In Foco - Editado por Caio Pimenta\",\"description\":\"O atacante Vinicius J\\u00fanior foi destaque da vit\\u00f3ria do Real Madrid sobre o Real Oviedo por 3 a 0, neste domingo (24), pela segunda rodada do Campeonato Espanhol. O jornal Marca exaltou o brasileiro que saiu do banco de reservas no segundo tempo para dar uma assist\\u00eancia e fechar o placar. \\u201cVinicius recupera a f\\u00faria\\u201d,\",\"inLanguage\":\"pt-BR\",\"isPartOf\":{\"@id\":\"https:\\\/\\\/newsinfoco.com.br\\\/inicio\\\/#website\"},\"breadcrumb\":{\"@id\":\"https:\\\/\\\/newsinfoco.com.br\\\/inicio\\\/destaque-da-vitoria-do-real-vini-jr-e-exaltado-por-jornal-recuperou-a-furia\\\/#breadcrumblist\"},\"author\":{\"@id\":\"https:\\\/\\\/newsinfoco.com.br\\\/inicio\\\/author\\\/administrador\\\/#author\"},\"creator\":{\"@id\":\"https:\\\/\\\/newsinfoco.com.br\\\/inicio\\\/author\\\/administrador\\\/#author\"},\"image\":{\"@type\":\"ImageObject\",\"url\":\"https:\\\/\\\/newsinfoco.com.br\\\/inicio\\\/wp-content\\\/uploads\\\/2025\\\/08\\\/Vini-Jr-Antonio-Villalba-Real-Madrid-CF.jpg\",\"@id\":\"https:\\\/\\\/newsinfoco.com.br\\\/inicio\\\/destaque-da-vitoria-do-real-vini-jr-e-exaltado-por-jornal-recuperou-a-furia\\\/#mainImage\",\"width\":600,\"height\":420},\"primaryImageOfPage\":{\"@id\":\"https:\\\/\\\/newsinfoco.com.br\\\/inicio\\\/destaque-da-vitoria-do-real-vini-jr-e-exaltado-por-jornal-recuperou-a-furia\\\/#mainImage\"},\"datePublished\":\"2025-08-25T16:06:58-03:00\",\"dateModified\":\"2025-08-25T16:54:03-03:00\"},{\"@type\":\"WebSite\",\"@id\":\"https:\\\/\\\/newsinfoco.com.br\\\/inicio\\\/#website\",\"url\":\"https:\\\/\\\/newsinfoco.com.br\\\/inicio\\\/\",\"name\":\"News In Foco - Editado por Caio Pimenta\",\"description\":\"O principal site de noticias de Alagoinhas e regi\\u00e3o\",\"inLanguage\":\"pt-BR\",\"publisher\":{\"@id\":\"https:\\\/\\\/newsinfoco.com.br\\\/inicio\\\/#organization\"}}]}\n\t\t<\/script>\n\t\t<!-- All in One SEO -->\n\n","aioseo_head_json":{"title":"Destaque da vit\u00f3ria do Real, Vini Jr \u00e9 exaltado por jornal: \u2018Recuperou a f\u00faria\u2019 - News In Foco - Editado por Caio Pimenta","description":"O atacante Vinicius J\u00fanior foi destaque da vit\u00f3ria do Real Madrid sobre o Real Oviedo por 3 a 0, neste domingo (24), pela segunda rodada do Campeonato Espanhol. O jornal Marca exaltou o brasileiro que saiu do banco de reservas no segundo tempo para dar uma assist\u00eancia e fechar o placar. \u201cVinicius recupera a f\u00faria\u201d,","canonical_url":"https:\/\/newsinfoco.com.br\/inicio\/destaque-da-vitoria-do-real-vini-jr-e-exaltado-por-jornal-recuperou-a-furia\/","robots":"max-image-preview:large","keywords":"","webmasterTools":{"miscellaneous":""},"schema":{"@context":"https:\/\/schema.org","@graph":[{"@type":"BlogPosting","@id":"https:\/\/newsinfoco.com.br\/inicio\/destaque-da-vitoria-do-real-vini-jr-e-exaltado-por-jornal-recuperou-a-furia\/#blogposting","name":"Destaque da vit\u00f3ria do Real, Vini Jr \u00e9 exaltado por jornal: \u2018Recuperou a f\u00faria\u2019 - News In Foco - Editado por Caio Pimenta","headline":"Destaque da vit\u00f3ria do Real, Vini Jr \u00e9 exaltado por jornal: \u2018Recuperou a f\u00faria\u2019","author":{"@id":"https:\/\/newsinfoco.com.br\/inicio\/author\/administrador\/#author"},"publisher":{"@id":"https:\/\/newsinfoco.com.br\/inicio\/#organization"},"image":{"@type":"ImageObject","url":"https:\/\/newsinfoco.com.br\/inicio\/wp-content\/uploads\/2025\/08\/Vini-Jr-Antonio-Villalba-Real-Madrid-CF.jpg","width":600,"height":420},"datePublished":"2025-08-25T16:06:58-03:00","dateModified":"2025-08-25T16:54:03-03:00","inLanguage":"pt-BR","mainEntityOfPage":{"@id":"https:\/\/newsinfoco.com.br\/inicio\/destaque-da-vitoria-do-real-vini-jr-e-exaltado-por-jornal-recuperou-a-furia\/#webpage"},"isPartOf":{"@id":"https:\/\/newsinfoco.com.br\/inicio\/destaque-da-vitoria-do-real-vini-jr-e-exaltado-por-jornal-recuperou-a-furia\/#webpage"},"articleSection":"Brasil"},{"@type":"BreadcrumbList","@id":"https:\/\/newsinfoco.com.br\/inicio\/destaque-da-vitoria-do-real-vini-jr-e-exaltado-por-jornal-recuperou-a-furia\/#breadcrumblist","itemListElement":[{"@type":"ListItem","@id":"https:\/\/newsinfoco.com.br\/inicio#listItem","position":1,"name":"In\u00edcio","item":"https:\/\/newsinfoco.com.br\/inicio","nextItem":{"@type":"ListItem","@id":"https:\/\/newsinfoco.com.br\/inicio\/category\/brasil\/#listItem","name":"Brasil"}},{"@type":"ListItem","@id":"https:\/\/newsinfoco.com.br\/inicio\/category\/brasil\/#listItem","position":2,"name":"Brasil","item":"https:\/\/newsinfoco.com.br\/inicio\/category\/brasil\/","nextItem":{"@type":"ListItem","@id":"https:\/\/newsinfoco.com.br\/inicio\/destaque-da-vitoria-do-real-vini-jr-e-exaltado-por-jornal-recuperou-a-furia\/#listItem","name":"Destaque da vit\u00f3ria do Real, Vini Jr \u00e9 exaltado por jornal: \u2018Recuperou a f\u00faria\u2019"},"previousItem":{"@type":"ListItem","@id":"https:\/\/newsinfoco.com.br\/inicio#listItem","name":"In\u00edcio"}},{"@type":"ListItem","@id":"https:\/\/newsinfoco.com.br\/inicio\/destaque-da-vitoria-do-real-vini-jr-e-exaltado-por-jornal-recuperou-a-furia\/#listItem","position":3,"name":"Destaque da vit\u00f3ria do Real, Vini Jr \u00e9 exaltado por jornal: \u2018Recuperou a f\u00faria\u2019","previousItem":{"@type":"ListItem","@id":"https:\/\/newsinfoco.com.br\/inicio\/category\/brasil\/#listItem","name":"Brasil"}}]},{"@type":"Organization","@id":"https:\/\/newsinfoco.com.br\/inicio\/#organization","name":"News In Foco - Editado por Caio Pimenta","description":"O principal site de noticias de Alagoinhas e regi\u00e3o","url":"https:\/\/newsinfoco.com.br\/inicio\/"},{"@type":"Person","@id":"https:\/\/newsinfoco.com.br\/inicio\/author\/administrador\/#author","url":"https:\/\/newsinfoco.com.br\/inicio\/author\/administrador\/","name":"administrador","image":{"@type":"ImageObject","@id":"https:\/\/newsinfoco.com.br\/inicio\/destaque-da-vitoria-do-real-vini-jr-e-exaltado-por-jornal-recuperou-a-furia\/#authorImage","url":"https:\/\/secure.gravatar.com\/avatar\/c17a617433de8c1dc9584bb79aab7563b46f5bb7e1728c9b17d9cc3ce6a08e49?s=96&d=mm&r=g","width":96,"height":96,"caption":"administrador"}},{"@type":"WebPage","@id":"https:\/\/newsinfoco.com.br\/inicio\/destaque-da-vitoria-do-real-vini-jr-e-exaltado-por-jornal-recuperou-a-furia\/#webpage","url":"https:\/\/newsinfoco.com.br\/inicio\/destaque-da-vitoria-do-real-vini-jr-e-exaltado-por-jornal-recuperou-a-furia\/","name":"Destaque da vit\u00f3ria do Real, Vini Jr \u00e9 exaltado por jornal: \u2018Recuperou a f\u00faria\u2019 - News In Foco - Editado por Caio Pimenta","description":"O atacante Vinicius J\u00fanior foi destaque da vit\u00f3ria do Real Madrid sobre o Real Oviedo por 3 a 0, neste domingo (24), pela segunda rodada do Campeonato Espanhol. O jornal Marca exaltou o brasileiro que saiu do banco de reservas no segundo tempo para dar uma assist\u00eancia e fechar o placar. \u201cVinicius recupera a f\u00faria\u201d,","inLanguage":"pt-BR","isPartOf":{"@id":"https:\/\/newsinfoco.com.br\/inicio\/#website"},"breadcrumb":{"@id":"https:\/\/newsinfoco.com.br\/inicio\/destaque-da-vitoria-do-real-vini-jr-e-exaltado-por-jornal-recuperou-a-furia\/#breadcrumblist"},"author":{"@id":"https:\/\/newsinfoco.com.br\/inicio\/author\/administrador\/#author"},"creator":{"@id":"https:\/\/newsinfoco.com.br\/inicio\/author\/administrador\/#author"},"image":{"@type":"ImageObject","url":"https:\/\/newsinfoco.com.br\/inicio\/wp-content\/uploads\/2025\/08\/Vini-Jr-Antonio-Villalba-Real-Madrid-CF.jpg","@id":"https:\/\/newsinfoco.com.br\/inicio\/destaque-da-vitoria-do-real-vini-jr-e-exaltado-por-jornal-recuperou-a-furia\/#mainImage","width":600,"height":420},"primaryImageOfPage":{"@id":"https:\/\/newsinfoco.com.br\/inicio\/destaque-da-vitoria-do-real-vini-jr-e-exaltado-por-jornal-recuperou-a-furia\/#mainImage"},"datePublished":"2025-08-25T16:06:58-03:00","dateModified":"2025-08-25T16:54:03-03:00"},{"@type":"WebSite","@id":"https:\/\/newsinfoco.com.br\/inicio\/#website","url":"https:\/\/newsinfoco.com.br\/inicio\/","name":"News In Foco - Editado por Caio Pimenta","description":"O principal site de noticias de Alagoinhas e regi\u00e3o","inLanguage":"pt-BR","publisher":{"@id":"https:\/\/newsinfoco.com.br\/inicio\/#organization"}}]},"og:locale":"pt_BR","og:site_name":"News In Foco - Editado por Caio Pimenta - O principal site de noticias de Alagoinhas e regi\u00e3o","og:type":"article","og:title":"Destaque da vit\u00f3ria do Real, Vini Jr \u00e9 exaltado por jornal: \u2018Recuperou a f\u00faria\u2019 - News In Foco - Editado por Caio Pimenta","og:description":"O atacante Vinicius J\u00fanior foi destaque da vit\u00f3ria do Real Madrid sobre o Real Oviedo por 3 a 0, neste domingo (24), pela segunda rodada do Campeonato Espanhol. O jornal Marca exaltou o brasileiro que saiu do banco de reservas no segundo tempo para dar uma assist\u00eancia e fechar o placar. \u201cVinicius recupera a f\u00faria\u201d,","og:url":"https:\/\/newsinfoco.com.br\/inicio\/destaque-da-vitoria-do-real-vini-jr-e-exaltado-por-jornal-recuperou-a-furia\/","article:published_time":"2025-08-25T19:06:58+00:00","article:modified_time":"2025-08-25T19:54:03+00:00","twitter:card":"summary_large_image","twitter:title":"Destaque da vit\u00f3ria do Real, Vini Jr \u00e9 exaltado por jornal: \u2018Recuperou a f\u00faria\u2019 - News In Foco - Editado por Caio Pimenta","twitter:description":"O atacante Vinicius J\u00fanior foi destaque da vit\u00f3ria do Real Madrid sobre o Real Oviedo por 3 a 0, neste domingo (24), pela segunda rodada do Campeonato Espanhol. O jornal Marca exaltou o brasileiro que saiu do banco de reservas no segundo tempo para dar uma assist\u00eancia e fechar o placar. \u201cVinicius recupera a f\u00faria\u201d,"},"aioseo_meta_data":{"post_id":"44643","title":null,"description":null,"keywords":null,"keyphrases":{"focus":{"keyphrase":"","score":0,"analysis":{"keyphraseInTitle":{"score":0,"maxScore":9,"error":1}}},"additional":[]},"primary_term":null,"canonical_url":null,"og_title":null,"og_description":null,"og_object_type":"default","og_image_type":"default","og_image_url":null,"og_image_width":null,"og_image_height":null,"og_image_custom_url":null,"og_image_custom_fields":null,"og_video":"","og_custom_url":null,"og_article_section":null,"og_article_tags":null,"twitter_use_og":false,"twitter_card":"default","twitter_image_type":"default","twitter_image_url":null,"twitter_image_custom_url":null,"twitter_image_custom_fields":null,"twitter_title":null,"twitter_description":null,"schema":{"blockGraphs":[],"customGraphs":[],"default":{"data":{"Article":[],"Course":[],"Dataset":[],"FAQPage":[],"Movie":[],"Person":[],"Product":[],"ProductReview":[],"Car":[],"Recipe":[],"Service":[],"SoftwareApplication":[],"WebPage":[]},"graphName":"BlogPosting","isEnabled":true},"graphs":[]},"schema_type":"default","schema_type_options":null,"pillar_content":false,"robots_default":true,"robots_noindex":false,"robots_noarchive":false,"robots_nosnippet":false,"robots_nofollow":false,"robots_noimageindex":false,"robots_noodp":false,"robots_notranslate":false,"robots_max_snippet":"-1","robots_max_videopreview":"-1","robots_max_imagepreview":"large","priority":null,"frequency":"default","local_seo":null,"breadcrumb_settings":null,"limit_modified_date":false,"ai":{"faqs":[],"keyPoints":[],"titles":[],"descriptions":[],"socialPosts":{"email":[],"linkedin":[],"twitter":[],"facebook":[],"instagram":[]}},"created":"2025-08-25 19:06:58","updated":"2025-08-25 19:59:00","seo_analyzer_scan_date":null},"aioseo_breadcrumb":"<div class=\"aioseo-breadcrumbs\"><span class=\"aioseo-breadcrumb\">\n\t\t\t<a href=\"https:\/\/newsinfoco.com.br\/inicio\" title=\"In\u00edcio\">In\u00edcio<\/a>\n\t\t<\/span><span class=\"aioseo-breadcrumb-separator\">&raquo;<\/span><span class=\"aioseo-breadcrumb\">\n\t\t\t<a href=\"https:\/\/newsinfoco.com.br\/inicio\/category\/brasil\/\" title=\"Brasil\">Brasil<\/a>\n\t\t<\/span><span class=\"aioseo-breadcrumb-separator\">&raquo;<\/span><span class=\"aioseo-breadcrumb\">\n\t\t\tDestaque da vit\u00f3ria do Real, Vini Jr \u00e9 exaltado por jornal: \u2018Recuperou a f\u00faria\u2019\n\t\t<\/span><\/div>","aioseo_breadcrumb_json":[{"label":"In\u00edcio","link":"https:\/\/newsinfoco.com.br\/inicio"},{"label":"Brasil","link":"https:\/\/newsinfoco.com.br\/inicio\/category\/brasil\/"},{"label":"Destaque da vit\u00f3ria do Real, Vini Jr \u00e9 exaltado por jornal: \u2018Recuperou a f\u00faria\u2019","link":"https:\/\/newsinfoco.com.br\/inicio\/destaque-da-vitoria-do-real-vini-jr-e-exaltado-por-jornal-recuperou-a-furia\/"}],"_links":{"self":[{"href":"https:\/\/newsinfoco.com.br\/inicio\/wp-json\/wp\/v2\/posts\/44643","targetHints":{"allow":["GET"]}}],"collection":[{"href":"https:\/\/newsinfoco.com.br\/inicio\/wp-json\/wp\/v2\/posts"}],"about":[{"href":"https:\/\/newsinfoco.com.br\/inicio\/wp-json\/wp\/v2\/types\/post"}],"author":[{"embeddable":true,"href":"https:\/\/newsinfoco.com.br\/inicio\/wp-json\/wp\/v2\/users\/1"}],"replies":[{"embeddable":true,"href":"https:\/\/newsinfoco.com.br\/inicio\/wp-json\/wp\/v2\/comments?post=44643"}],"version-history":[{"count":3,"href":"https:\/\/newsinfoco.com.br\/inicio\/wp-json\/wp\/v2\/posts\/44643\/revisions"}],"predecessor-version":[{"id":44656,"href":"https:\/\/newsinfoco.com.br\/inicio\/wp-json\/wp\/v2\/posts\/44643\/revisions\/44656"}],"wp:featuredmedia":[{"embeddable":true,"href":"https:\/\/newsinfoco.com.br\/inicio\/wp-json\/wp\/v2\/media\/44644"}],"wp:attachment":[{"href":"https:\/\/newsinfoco.com.br\/inicio\/wp-json\/wp\/v2\/media?parent=44643"}],"wp:term":[{"taxonomy":"category","embeddable":true,"href":"https:\/\/newsinfoco.com.br\/inicio\/wp-json\/wp\/v2\/categories?post=44643"},{"taxonomy":"post_tag","embeddable":true,"href":"https:\/\/newsinfoco.com.br\/inicio\/wp-json\/wp\/v2\/tags?post=44643"}],"curies":[{"name":"wp","href":"https:\/\/api.w.org\/{rel}","templated":true}]}}