{"id":44649,"date":"2025-08-25T16:25:35","date_gmt":"2025-08-25T19:25:35","guid":{"rendered":"https:\/\/newsinfoco.com.br\/inicio\/?p=44649"},"modified":"2025-08-25T16:25:35","modified_gmt":"2025-08-25T19:25:35","slug":"sem-jogadores-do-bahia-ancelotti-divulga-lista-de-convocados-para-a-selecao","status":"publish","type":"post","link":"https:\/\/newsinfoco.com.br\/inicio\/sem-jogadores-do-bahia-ancelotti-divulga-lista-de-convocados-para-a-selecao\/","title":{"rendered":"Sem jogadores do Bahia, Ancelotti divulga lista de convocados para a Sele\u00e7\u00e3o"},"content":{"rendered":"<p>Anunciada na tarde desta segunda-feira (25), a lista de convocados da\u00a0<strong>Sele\u00e7\u00e3o Brasileira<\/strong>\u00a0para os jogos contra Chile e Bol\u00edvia traz 25 nomes escolhidos por\u00a0<strong>Carlo Ancelotti<\/strong>\u00a0para a janela da Data FIFA de setembro. O an\u00fancio foi feito no Rio de Janeiro pela CBF e re\u00fane atletas que atuam tanto na Europa quanto no futebol nacional.<\/p>\n<p>A rela\u00e7\u00e3o, no entanto, n\u00e3o incluiu jogadores do\u00a0<strong>Bahia<\/strong>.\u00a0<a href=\"https:\/\/bahia.ba\/esporte\/jogador-do-bahia-integra-pre-lista-de-ancelotti-para-a-selecao-brasileira\/\" target=\"_blank\" rel=\"noopener\">Jean Lucas<\/a>, que estava na pr\u00e9-lista e foi\u00a0<a href=\"https:\/\/bahia.ba\/esporte\/ancelotti-ganha-camisa-do-bahia-de-presente-de-rogerio-ceni\/\" target=\"_blank\" rel=\"noopener\">observado de perto pelo treinador<\/a>\u00a0no\u00a0<a href=\"https:\/\/bahia.ba\/esporte\/com-golaco-de-juba-bahia-vence-santos-e-alcanca-recorde-na-serie-a\/\" target=\"_blank\" rel=\"noopener\">triunfo sobre o Santos<\/a>\u00a0neste domingo (24), acabou ficando fora da lista final.<\/p>\n<p>Outro nome que gerava expectativa era o de\u00a0<strong>Luciano Juba<\/strong>,\u00a0<a href=\"https:\/\/bahia.ba\/esporte\/apos-golaco-contra-o-santos-juba-fala-sobre-chance-de-jogar-pela-selecao\/\" target=\"_blank\" rel=\"noopener\">autor de um gola\u00e7o na partida<\/a>\u00a0acompanhada por Ancelotti na Fonte Nova, mas o lateral tamb\u00e9m n\u00e3o apareceu entre os convocados.<\/p>\n<p>A aus\u00eancia de representantes do Tricolor mant\u00e9m um longo\u00a0<a href=\"https:\/\/bahia.ba\/esporte\/veja-ultimos-jogadores-de-bahia-e-vitoria-convocados-para-a-selecao-brasileira\/\" target=\"_blank\" rel=\"noopener\">jejum do Bahia na Sele\u00e7\u00e3o<\/a>. O \u00faltimo jogador a vestir a camisa da Amarelinha enquanto defendia o clube foi o\u00a0<a href=\"https:\/\/bahia.ba\/esporte\/saiba-quem-e-luis-henrique-ultimo-jogador-do-bahia-convocado-para-a-selecao\/\" target=\"_blank\" rel=\"noopener\">meia Lu\u00eds Henrique<\/a>, em 1991.<\/p>\n<p>Ou seja, j\u00e1 s\u00e3o mais de 20 anos sem convoca\u00e7\u00f5es, cen\u00e1rio que refor\u00e7a a\u00a0<a href=\"https:\/\/bahia.ba\/esporte\/jogador-ja-foi-obrigado-a-sair-de-clube-baiano-para-ser-convocado-relembre\/\" target=\"_blank\" rel=\"noopener\">dificuldade de atletas fora do eixo Rio-S\u00e3o Paulo<\/a>\u00a0conquistarem espa\u00e7o na equipe nacional.<\/p>\n<p><strong>Veja lista de convocados:<\/strong><\/p>\n<p><strong>\u2013 Goleiros:<\/strong>\u00a0Alisson (Liverpool), Bento (Al Nassr) e Hugo Souza (Corinthians);<\/p>\n<p><strong>\u2013 Defensores:<\/strong>\u00a0Alexsandro (Lille), Alex Sandro (Flamengo), Caio Henrique (Monaco), Douglas Santos (Zenit), Fabr\u00edcio Bruno (Cruzeiro), Gabriel Magalh\u00e3es (Arsenal), Marquinhos (PSG), Vanderson (Monaco) e Wesley (Roma);<\/p>\n<div>\n<div>\n<div class=\"trv-player-container\">\n<div class=\"trv-wrapper\">\n<div id=\"br_video_player_4f050f64fd26c4a5cf2f0868d33f7c9dc3c659f9\" class=\"trvd_video_player trvdinstream\">\n<div class=\"media-player\">\n<div class=\"trv-video\">\n<p><strong>\u2013 Meio-campistas<\/strong>: Andrey Santos (Chelsea), Bruno Guimar\u00e3es (Newcastle), Casemiro (Manchester United), Joelinton (Newcastle) e Lucas Paquet\u00e1 (West Ham);<\/p>\n<p><strong>\u2013 Atacantes:<\/strong>\u00a0Est\u00eav\u00e3o (Chelsea), Gabriel Martinelli (Arsenal), Jo\u00e3o Pedro (Chelsea), Kaio Jorge (Cruzeiro), Luiz Henrique (Zenit), Matheus Cunha (Manchester United), Raphinha (Barcelona) e Richarlison (Tottenham).<\/p>\n<p><strong>\u2013 Meio-campistas<\/strong>: Andrey Santos (Chelsea), Bruno Guimar\u00e3es (Newcastle), Casemiro (Manchester United), Joelinton (Newcastle) e Lucas Paquet\u00e1 (West Ham);<\/p>\n<p><strong>\u2013 Atacantes:<\/strong> Est\u00eav\u00e3o (Chelsea), Gabriel Martinelli (Arsenal), Jo\u00e3o Pedro (Chelsea), Kaio Jorge (Cruzeiro), Luiz Henrique (Zenit), Matheus Cunha (Manchester United), Raphinha (Barcelona) e Richarlison (Tottenham).<\/p>\n<p>Bahia.Ba<\/p>\n<\/div>\n<\/div>\n<div>\n<div>\n<div class=\"trv-player-container\">\n<div class=\"trv-wrapper\">\n<div id=\"br_video_player_4f050f64fd26c4a5cf2f0868d33f7c9dc3c659f9\" class=\"trvd_video_player trvdinstream\">\n<div class=\"trv-autoskip-container\">\n<div class=\"trv-autoskip-background\">\n<div class=\"trv-autoskip-line-right\">\n<div><\/div>\n<\/div>\n<div class=\"trv-autoskip-line-bottom\">\n<div><\/div>\n<\/div>\n<div class=\"trv-autoskip-line-left\">\n<div><\/div>\n<\/div>\n<\/div>\n<div class=\"autoskip-btn autoskip-btn-blue\"><\/div>\n<div class=\"autoskip-btn autoskip-btn-gray\"><\/div>\n<\/div>\n<div><\/div>\n<p><img decoding=\"async\" src=\"https:\/\/ads.stickyadstv.com\/auto-user-sync?_fw_gdpr=0&amp;_fw_gdpr_consent=\" \/><img decoding=\"async\" src=\"https:\/\/ads.stickyadstv.com\/user-matching?id=2545&amp;_fw_gdpr=0&amp;_fw_gdpr_consent=\" \/><\/div>\n<\/div>\n<\/div>\n<\/div>\n<\/div>\n<\/div>\n<\/div>\n<\/div>\n<\/div>\n<\/div>\n<div class='share-to-whatsapp-wrapper'><div class='share-on-whsp'>Share on: <\/div><a data-text='Sem jogadores do Bahia, Ancelotti divulga lista de convocados para a Sele\u00e7\u00e3o' data-link='https:\/\/newsinfoco.com.br\/inicio\/sem-jogadores-do-bahia-ancelotti-divulga-lista-de-convocados-para-a-selecao\/' class='whatsapp-button whatsapp-share'>WhatsApp<\/a><div class='clear '><\/div><\/div>","protected":false},"excerpt":{"rendered":"<p>Anunciada na tarde desta segunda-feira (25), a lista de convocados da\u00a0Sele\u00e7\u00e3o Brasileira\u00a0para os jogos contra Chile e Bol\u00edvia traz 25 nomes escolhidos por\u00a0Carlo Ancelotti\u00a0para a janela da Data FIFA de setembro. O an\u00fancio foi feito no Rio de Janeiro pela CBF e re\u00fane atletas que atuam tanto na Europa quanto no futebol nacional. A rela\u00e7\u00e3o, [&hellip;]<\/p>\n","protected":false},"author":1,"featured_media":44650,"comment_status":"closed","ping_status":"closed","sticky":false,"template":"","format":"standard","meta":{"om_disable_all_campaigns":false,"rop_custom_images_group":[],"rop_custom_messages_group":[],"rop_publish_now":"initial","rop_publish_now_accounts":[],"rop_publish_now_history":[],"rop_publish_now_status":"pending","_exactmetrics_skip_tracking":false,"footnotes":""},"categories":[21],"tags":[],"class_list":["post-44649","post","type-post","status-publish","format-standard","has-post-thumbnail","hentry","category-brasil"],"aioseo_notices":[],"aioseo_head":"\n\t\t<!-- All in One SEO 4.9.10 - aioseo.com -->\n\t<meta name=\"description\" content=\"Anunciada na tarde desta segunda-feira (25), a lista de convocados da Sele\u00e7\u00e3o Brasileira para os jogos contra Chile e Bol\u00edvia traz 25 nomes escolhidos por Carlo Ancelotti para a janela da Data FIFA de setembro. O an\u00fancio foi feito no Rio de Janeiro pela CBF e re\u00fane atletas que atuam tanto na Europa quanto no futebol nacional. A rela\u00e7\u00e3o,\" \/>\n\t<meta name=\"robots\" content=\"max-image-preview:large\" \/>\n\t<meta name=\"author\" content=\"administrador\"\/>\n\t<link rel=\"canonical\" href=\"https:\/\/newsinfoco.com.br\/inicio\/sem-jogadores-do-bahia-ancelotti-divulga-lista-de-convocados-para-a-selecao\/\" \/>\n\t<meta name=\"generator\" content=\"All in One SEO (AIOSEO) 4.9.10\" \/>\n\t\t<meta property=\"og:locale\" content=\"pt_BR\" \/>\n\t\t<meta property=\"og:site_name\" content=\"News In Foco - Editado por Caio Pimenta - O principal site de noticias de Alagoinhas e regi\u00e3o\" \/>\n\t\t<meta property=\"og:type\" content=\"article\" \/>\n\t\t<meta property=\"og:title\" content=\"Sem jogadores do Bahia, Ancelotti divulga lista de convocados para a Sele\u00e7\u00e3o - News In Foco - Editado por Caio Pimenta\" \/>\n\t\t<meta property=\"og:description\" content=\"Anunciada na tarde desta segunda-feira (25), a lista de convocados da Sele\u00e7\u00e3o Brasileira para os jogos contra Chile e Bol\u00edvia traz 25 nomes escolhidos por Carlo Ancelotti para a janela da Data FIFA de setembro. O an\u00fancio foi feito no Rio de Janeiro pela CBF e re\u00fane atletas que atuam tanto na Europa quanto no futebol nacional. A rela\u00e7\u00e3o,\" \/>\n\t\t<meta property=\"og:url\" content=\"https:\/\/newsinfoco.com.br\/inicio\/sem-jogadores-do-bahia-ancelotti-divulga-lista-de-convocados-para-a-selecao\/\" \/>\n\t\t<meta property=\"article:published_time\" content=\"2025-08-25T19:25:35+00:00\" \/>\n\t\t<meta property=\"article:modified_time\" content=\"2025-08-25T19:25:35+00:00\" \/>\n\t\t<meta name=\"twitter:card\" content=\"summary_large_image\" \/>\n\t\t<meta name=\"twitter:title\" content=\"Sem jogadores do Bahia, Ancelotti divulga lista de convocados para a Sele\u00e7\u00e3o - News In Foco - Editado por Caio Pimenta\" \/>\n\t\t<meta name=\"twitter:description\" content=\"Anunciada na tarde desta segunda-feira (25), a lista de convocados da Sele\u00e7\u00e3o Brasileira para os jogos contra Chile e Bol\u00edvia traz 25 nomes escolhidos por Carlo Ancelotti para a janela da Data FIFA de setembro. O an\u00fancio foi feito no Rio de Janeiro pela CBF e re\u00fane atletas que atuam tanto na Europa quanto no futebol nacional. A rela\u00e7\u00e3o,\" \/>\n\t\t<script type=\"application\/ld+json\" class=\"aioseo-schema\">\n\t\t\t{\"@context\":\"https:\\\/\\\/schema.org\",\"@graph\":[{\"@type\":\"BlogPosting\",\"@id\":\"https:\\\/\\\/newsinfoco.com.br\\\/inicio\\\/sem-jogadores-do-bahia-ancelotti-divulga-lista-de-convocados-para-a-selecao\\\/#blogposting\",\"name\":\"Sem jogadores do Bahia, Ancelotti divulga lista de convocados para a Sele\\u00e7\\u00e3o - News In Foco - Editado por Caio Pimenta\",\"headline\":\"Sem jogadores do Bahia, Ancelotti divulga lista de convocados para a Sele\\u00e7\\u00e3o\",\"author\":{\"@id\":\"https:\\\/\\\/newsinfoco.com.br\\\/inicio\\\/author\\\/administrador\\\/#author\"},\"publisher\":{\"@id\":\"https:\\\/\\\/newsinfoco.com.br\\\/inicio\\\/#organization\"},\"image\":{\"@type\":\"ImageObject\",\"url\":\"https:\\\/\\\/newsinfoco.com.br\\\/inicio\\\/wp-content\\\/uploads\\\/2025\\\/08\\\/Carlo-Ancelotti-Rafael-Ribeiro-CBF-1.jpg\",\"width\":600,\"height\":420},\"datePublished\":\"2025-08-25T16:25:35-03:00\",\"dateModified\":\"2025-08-25T16:25:35-03:00\",\"inLanguage\":\"pt-BR\",\"mainEntityOfPage\":{\"@id\":\"https:\\\/\\\/newsinfoco.com.br\\\/inicio\\\/sem-jogadores-do-bahia-ancelotti-divulga-lista-de-convocados-para-a-selecao\\\/#webpage\"},\"isPartOf\":{\"@id\":\"https:\\\/\\\/newsinfoco.com.br\\\/inicio\\\/sem-jogadores-do-bahia-ancelotti-divulga-lista-de-convocados-para-a-selecao\\\/#webpage\"},\"articleSection\":\"Brasil\"},{\"@type\":\"BreadcrumbList\",\"@id\":\"https:\\\/\\\/newsinfoco.com.br\\\/inicio\\\/sem-jogadores-do-bahia-ancelotti-divulga-lista-de-convocados-para-a-selecao\\\/#breadcrumblist\",\"itemListElement\":[{\"@type\":\"ListItem\",\"@id\":\"https:\\\/\\\/newsinfoco.com.br\\\/inicio#listItem\",\"position\":1,\"name\":\"In\\u00edcio\",\"item\":\"https:\\\/\\\/newsinfoco.com.br\\\/inicio\",\"nextItem\":{\"@type\":\"ListItem\",\"@id\":\"https:\\\/\\\/newsinfoco.com.br\\\/inicio\\\/category\\\/brasil\\\/#listItem\",\"name\":\"Brasil\"}},{\"@type\":\"ListItem\",\"@id\":\"https:\\\/\\\/newsinfoco.com.br\\\/inicio\\\/category\\\/brasil\\\/#listItem\",\"position\":2,\"name\":\"Brasil\",\"item\":\"https:\\\/\\\/newsinfoco.com.br\\\/inicio\\\/category\\\/brasil\\\/\",\"nextItem\":{\"@type\":\"ListItem\",\"@id\":\"https:\\\/\\\/newsinfoco.com.br\\\/inicio\\\/sem-jogadores-do-bahia-ancelotti-divulga-lista-de-convocados-para-a-selecao\\\/#listItem\",\"name\":\"Sem jogadores do Bahia, Ancelotti divulga lista de convocados para a Sele\\u00e7\\u00e3o\"},\"previousItem\":{\"@type\":\"ListItem\",\"@id\":\"https:\\\/\\\/newsinfoco.com.br\\\/inicio#listItem\",\"name\":\"In\\u00edcio\"}},{\"@type\":\"ListItem\",\"@id\":\"https:\\\/\\\/newsinfoco.com.br\\\/inicio\\\/sem-jogadores-do-bahia-ancelotti-divulga-lista-de-convocados-para-a-selecao\\\/#listItem\",\"position\":3,\"name\":\"Sem jogadores do Bahia, Ancelotti divulga lista de convocados para a Sele\\u00e7\\u00e3o\",\"previousItem\":{\"@type\":\"ListItem\",\"@id\":\"https:\\\/\\\/newsinfoco.com.br\\\/inicio\\\/category\\\/brasil\\\/#listItem\",\"name\":\"Brasil\"}}]},{\"@type\":\"Organization\",\"@id\":\"https:\\\/\\\/newsinfoco.com.br\\\/inicio\\\/#organization\",\"name\":\"News In Foco - Editado por Caio Pimenta\",\"description\":\"O principal site de noticias de Alagoinhas e regi\\u00e3o\",\"url\":\"https:\\\/\\\/newsinfoco.com.br\\\/inicio\\\/\"},{\"@type\":\"Person\",\"@id\":\"https:\\\/\\\/newsinfoco.com.br\\\/inicio\\\/author\\\/administrador\\\/#author\",\"url\":\"https:\\\/\\\/newsinfoco.com.br\\\/inicio\\\/author\\\/administrador\\\/\",\"name\":\"administrador\",\"image\":{\"@type\":\"ImageObject\",\"@id\":\"https:\\\/\\\/newsinfoco.com.br\\\/inicio\\\/sem-jogadores-do-bahia-ancelotti-divulga-lista-de-convocados-para-a-selecao\\\/#authorImage\",\"url\":\"https:\\\/\\\/secure.gravatar.com\\\/avatar\\\/c17a617433de8c1dc9584bb79aab7563b46f5bb7e1728c9b17d9cc3ce6a08e49?s=96&d=mm&r=g\",\"width\":96,\"height\":96,\"caption\":\"administrador\"}},{\"@type\":\"WebPage\",\"@id\":\"https:\\\/\\\/newsinfoco.com.br\\\/inicio\\\/sem-jogadores-do-bahia-ancelotti-divulga-lista-de-convocados-para-a-selecao\\\/#webpage\",\"url\":\"https:\\\/\\\/newsinfoco.com.br\\\/inicio\\\/sem-jogadores-do-bahia-ancelotti-divulga-lista-de-convocados-para-a-selecao\\\/\",\"name\":\"Sem jogadores do Bahia, Ancelotti divulga lista de convocados para a Sele\\u00e7\\u00e3o - News In Foco - Editado por Caio Pimenta\",\"description\":\"Anunciada na tarde desta segunda-feira (25), a lista de convocados da Sele\\u00e7\\u00e3o Brasileira para os jogos contra Chile e Bol\\u00edvia traz 25 nomes escolhidos por Carlo Ancelotti para a janela da Data FIFA de setembro. O an\\u00fancio foi feito no Rio de Janeiro pela CBF e re\\u00fane atletas que atuam tanto na Europa quanto no futebol nacional. A rela\\u00e7\\u00e3o,\",\"inLanguage\":\"pt-BR\",\"isPartOf\":{\"@id\":\"https:\\\/\\\/newsinfoco.com.br\\\/inicio\\\/#website\"},\"breadcrumb\":{\"@id\":\"https:\\\/\\\/newsinfoco.com.br\\\/inicio\\\/sem-jogadores-do-bahia-ancelotti-divulga-lista-de-convocados-para-a-selecao\\\/#breadcrumblist\"},\"author\":{\"@id\":\"https:\\\/\\\/newsinfoco.com.br\\\/inicio\\\/author\\\/administrador\\\/#author\"},\"creator\":{\"@id\":\"https:\\\/\\\/newsinfoco.com.br\\\/inicio\\\/author\\\/administrador\\\/#author\"},\"image\":{\"@type\":\"ImageObject\",\"url\":\"https:\\\/\\\/newsinfoco.com.br\\\/inicio\\\/wp-content\\\/uploads\\\/2025\\\/08\\\/Carlo-Ancelotti-Rafael-Ribeiro-CBF-1.jpg\",\"@id\":\"https:\\\/\\\/newsinfoco.com.br\\\/inicio\\\/sem-jogadores-do-bahia-ancelotti-divulga-lista-de-convocados-para-a-selecao\\\/#mainImage\",\"width\":600,\"height\":420},\"primaryImageOfPage\":{\"@id\":\"https:\\\/\\\/newsinfoco.com.br\\\/inicio\\\/sem-jogadores-do-bahia-ancelotti-divulga-lista-de-convocados-para-a-selecao\\\/#mainImage\"},\"datePublished\":\"2025-08-25T16:25:35-03:00\",\"dateModified\":\"2025-08-25T16:25:35-03:00\"},{\"@type\":\"WebSite\",\"@id\":\"https:\\\/\\\/newsinfoco.com.br\\\/inicio\\\/#website\",\"url\":\"https:\\\/\\\/newsinfoco.com.br\\\/inicio\\\/\",\"name\":\"News In Foco - Editado por Caio Pimenta\",\"description\":\"O principal site de noticias de Alagoinhas e regi\\u00e3o\",\"inLanguage\":\"pt-BR\",\"publisher\":{\"@id\":\"https:\\\/\\\/newsinfoco.com.br\\\/inicio\\\/#organization\"}}]}\n\t\t<\/script>\n\t\t<!-- All in One SEO -->\n\n","aioseo_head_json":{"title":"Sem jogadores do Bahia, Ancelotti divulga lista de convocados para a Sele\u00e7\u00e3o - News In Foco - Editado por Caio Pimenta","description":"Anunciada na tarde desta segunda-feira (25), a lista de convocados da Sele\u00e7\u00e3o Brasileira para os jogos contra Chile e Bol\u00edvia traz 25 nomes escolhidos por Carlo Ancelotti para a janela da Data FIFA de setembro. O an\u00fancio foi feito no Rio de Janeiro pela CBF e re\u00fane atletas que atuam tanto na Europa quanto no futebol nacional. A rela\u00e7\u00e3o,","canonical_url":"https:\/\/newsinfoco.com.br\/inicio\/sem-jogadores-do-bahia-ancelotti-divulga-lista-de-convocados-para-a-selecao\/","robots":"max-image-preview:large","keywords":"","webmasterTools":{"miscellaneous":""},"schema":{"@context":"https:\/\/schema.org","@graph":[{"@type":"BlogPosting","@id":"https:\/\/newsinfoco.com.br\/inicio\/sem-jogadores-do-bahia-ancelotti-divulga-lista-de-convocados-para-a-selecao\/#blogposting","name":"Sem jogadores do Bahia, Ancelotti divulga lista de convocados para a Sele\u00e7\u00e3o - News In Foco - Editado por Caio Pimenta","headline":"Sem jogadores do Bahia, Ancelotti divulga lista de convocados para a Sele\u00e7\u00e3o","author":{"@id":"https:\/\/newsinfoco.com.br\/inicio\/author\/administrador\/#author"},"publisher":{"@id":"https:\/\/newsinfoco.com.br\/inicio\/#organization"},"image":{"@type":"ImageObject","url":"https:\/\/newsinfoco.com.br\/inicio\/wp-content\/uploads\/2025\/08\/Carlo-Ancelotti-Rafael-Ribeiro-CBF-1.jpg","width":600,"height":420},"datePublished":"2025-08-25T16:25:35-03:00","dateModified":"2025-08-25T16:25:35-03:00","inLanguage":"pt-BR","mainEntityOfPage":{"@id":"https:\/\/newsinfoco.com.br\/inicio\/sem-jogadores-do-bahia-ancelotti-divulga-lista-de-convocados-para-a-selecao\/#webpage"},"isPartOf":{"@id":"https:\/\/newsinfoco.com.br\/inicio\/sem-jogadores-do-bahia-ancelotti-divulga-lista-de-convocados-para-a-selecao\/#webpage"},"articleSection":"Brasil"},{"@type":"BreadcrumbList","@id":"https:\/\/newsinfoco.com.br\/inicio\/sem-jogadores-do-bahia-ancelotti-divulga-lista-de-convocados-para-a-selecao\/#breadcrumblist","itemListElement":[{"@type":"ListItem","@id":"https:\/\/newsinfoco.com.br\/inicio#listItem","position":1,"name":"In\u00edcio","item":"https:\/\/newsinfoco.com.br\/inicio","nextItem":{"@type":"ListItem","@id":"https:\/\/newsinfoco.com.br\/inicio\/category\/brasil\/#listItem","name":"Brasil"}},{"@type":"ListItem","@id":"https:\/\/newsinfoco.com.br\/inicio\/category\/brasil\/#listItem","position":2,"name":"Brasil","item":"https:\/\/newsinfoco.com.br\/inicio\/category\/brasil\/","nextItem":{"@type":"ListItem","@id":"https:\/\/newsinfoco.com.br\/inicio\/sem-jogadores-do-bahia-ancelotti-divulga-lista-de-convocados-para-a-selecao\/#listItem","name":"Sem jogadores do Bahia, Ancelotti divulga lista de convocados para a Sele\u00e7\u00e3o"},"previousItem":{"@type":"ListItem","@id":"https:\/\/newsinfoco.com.br\/inicio#listItem","name":"In\u00edcio"}},{"@type":"ListItem","@id":"https:\/\/newsinfoco.com.br\/inicio\/sem-jogadores-do-bahia-ancelotti-divulga-lista-de-convocados-para-a-selecao\/#listItem","position":3,"name":"Sem jogadores do Bahia, Ancelotti divulga lista de convocados para a Sele\u00e7\u00e3o","previousItem":{"@type":"ListItem","@id":"https:\/\/newsinfoco.com.br\/inicio\/category\/brasil\/#listItem","name":"Brasil"}}]},{"@type":"Organization","@id":"https:\/\/newsinfoco.com.br\/inicio\/#organization","name":"News In Foco - Editado por Caio Pimenta","description":"O principal site de noticias de Alagoinhas e regi\u00e3o","url":"https:\/\/newsinfoco.com.br\/inicio\/"},{"@type":"Person","@id":"https:\/\/newsinfoco.com.br\/inicio\/author\/administrador\/#author","url":"https:\/\/newsinfoco.com.br\/inicio\/author\/administrador\/","name":"administrador","image":{"@type":"ImageObject","@id":"https:\/\/newsinfoco.com.br\/inicio\/sem-jogadores-do-bahia-ancelotti-divulga-lista-de-convocados-para-a-selecao\/#authorImage","url":"https:\/\/secure.gravatar.com\/avatar\/c17a617433de8c1dc9584bb79aab7563b46f5bb7e1728c9b17d9cc3ce6a08e49?s=96&d=mm&r=g","width":96,"height":96,"caption":"administrador"}},{"@type":"WebPage","@id":"https:\/\/newsinfoco.com.br\/inicio\/sem-jogadores-do-bahia-ancelotti-divulga-lista-de-convocados-para-a-selecao\/#webpage","url":"https:\/\/newsinfoco.com.br\/inicio\/sem-jogadores-do-bahia-ancelotti-divulga-lista-de-convocados-para-a-selecao\/","name":"Sem jogadores do Bahia, Ancelotti divulga lista de convocados para a Sele\u00e7\u00e3o - News In Foco - Editado por Caio Pimenta","description":"Anunciada na tarde desta segunda-feira (25), a lista de convocados da Sele\u00e7\u00e3o Brasileira para os jogos contra Chile e Bol\u00edvia traz 25 nomes escolhidos por Carlo Ancelotti para a janela da Data FIFA de setembro. O an\u00fancio foi feito no Rio de Janeiro pela CBF e re\u00fane atletas que atuam tanto na Europa quanto no futebol nacional. A rela\u00e7\u00e3o,","inLanguage":"pt-BR","isPartOf":{"@id":"https:\/\/newsinfoco.com.br\/inicio\/#website"},"breadcrumb":{"@id":"https:\/\/newsinfoco.com.br\/inicio\/sem-jogadores-do-bahia-ancelotti-divulga-lista-de-convocados-para-a-selecao\/#breadcrumblist"},"author":{"@id":"https:\/\/newsinfoco.com.br\/inicio\/author\/administrador\/#author"},"creator":{"@id":"https:\/\/newsinfoco.com.br\/inicio\/author\/administrador\/#author"},"image":{"@type":"ImageObject","url":"https:\/\/newsinfoco.com.br\/inicio\/wp-content\/uploads\/2025\/08\/Carlo-Ancelotti-Rafael-Ribeiro-CBF-1.jpg","@id":"https:\/\/newsinfoco.com.br\/inicio\/sem-jogadores-do-bahia-ancelotti-divulga-lista-de-convocados-para-a-selecao\/#mainImage","width":600,"height":420},"primaryImageOfPage":{"@id":"https:\/\/newsinfoco.com.br\/inicio\/sem-jogadores-do-bahia-ancelotti-divulga-lista-de-convocados-para-a-selecao\/#mainImage"},"datePublished":"2025-08-25T16:25:35-03:00","dateModified":"2025-08-25T16:25:35-03:00"},{"@type":"WebSite","@id":"https:\/\/newsinfoco.com.br\/inicio\/#website","url":"https:\/\/newsinfoco.com.br\/inicio\/","name":"News In Foco - Editado por Caio Pimenta","description":"O principal site de noticias de Alagoinhas e regi\u00e3o","inLanguage":"pt-BR","publisher":{"@id":"https:\/\/newsinfoco.com.br\/inicio\/#organization"}}]},"og:locale":"pt_BR","og:site_name":"News In Foco - Editado por Caio Pimenta - O principal site de noticias de Alagoinhas e regi\u00e3o","og:type":"article","og:title":"Sem jogadores do Bahia, Ancelotti divulga lista de convocados para a Sele\u00e7\u00e3o - News In Foco - Editado por Caio Pimenta","og:description":"Anunciada na tarde desta segunda-feira (25), a lista de convocados da Sele\u00e7\u00e3o Brasileira para os jogos contra Chile e Bol\u00edvia traz 25 nomes escolhidos por Carlo Ancelotti para a janela da Data FIFA de setembro. O an\u00fancio foi feito no Rio de Janeiro pela CBF e re\u00fane atletas que atuam tanto na Europa quanto no futebol nacional. A rela\u00e7\u00e3o,","og:url":"https:\/\/newsinfoco.com.br\/inicio\/sem-jogadores-do-bahia-ancelotti-divulga-lista-de-convocados-para-a-selecao\/","article:published_time":"2025-08-25T19:25:35+00:00","article:modified_time":"2025-08-25T19:25:35+00:00","twitter:card":"summary_large_image","twitter:title":"Sem jogadores do Bahia, Ancelotti divulga lista de convocados para a Sele\u00e7\u00e3o - News In Foco - Editado por Caio Pimenta","twitter:description":"Anunciada na tarde desta segunda-feira (25), a lista de convocados da Sele\u00e7\u00e3o Brasileira para os jogos contra Chile e Bol\u00edvia traz 25 nomes escolhidos por Carlo Ancelotti para a janela da Data FIFA de setembro. O an\u00fancio foi feito no Rio de Janeiro pela CBF e re\u00fane atletas que atuam tanto na Europa quanto no futebol nacional. A rela\u00e7\u00e3o,"},"aioseo_meta_data":{"post_id":"44649","title":null,"description":null,"keywords":null,"keyphrases":{"focus":{"keyphrase":"","score":0,"analysis":{"keyphraseInTitle":{"score":0,"maxScore":9,"error":1}}},"additional":[]},"primary_term":null,"canonical_url":null,"og_title":null,"og_description":null,"og_object_type":"default","og_image_type":"default","og_image_url":null,"og_image_width":null,"og_image_height":null,"og_image_custom_url":null,"og_image_custom_fields":null,"og_video":"","og_custom_url":null,"og_article_section":null,"og_article_tags":null,"twitter_use_og":false,"twitter_card":"default","twitter_image_type":"default","twitter_image_url":null,"twitter_image_custom_url":null,"twitter_image_custom_fields":null,"twitter_title":null,"twitter_description":null,"schema":{"blockGraphs":[],"customGraphs":[],"default":{"data":{"Article":[],"Course":[],"Dataset":[],"FAQPage":[],"Movie":[],"Person":[],"Product":[],"ProductReview":[],"Car":[],"Recipe":[],"Service":[],"SoftwareApplication":[],"WebPage":[]},"graphName":"BlogPosting","isEnabled":true},"graphs":[]},"schema_type":"default","schema_type_options":null,"pillar_content":false,"robots_default":true,"robots_noindex":false,"robots_noarchive":false,"robots_nosnippet":false,"robots_nofollow":false,"robots_noimageindex":false,"robots_noodp":false,"robots_notranslate":false,"robots_max_snippet":"-1","robots_max_videopreview":"-1","robots_max_imagepreview":"large","priority":null,"frequency":"default","local_seo":null,"breadcrumb_settings":null,"limit_modified_date":false,"ai":{"faqs":[],"keyPoints":[],"titles":[],"descriptions":[],"socialPosts":{"email":[],"linkedin":[],"twitter":[],"facebook":[],"instagram":[]}},"created":"2025-08-25 19:25:35","updated":"2025-08-25 19:25:42","seo_analyzer_scan_date":null},"aioseo_breadcrumb":"<div class=\"aioseo-breadcrumbs\"><span class=\"aioseo-breadcrumb\">\n\t\t\t<a href=\"https:\/\/newsinfoco.com.br\/inicio\" title=\"In\u00edcio\">In\u00edcio<\/a>\n\t\t<\/span><span class=\"aioseo-breadcrumb-separator\">&raquo;<\/span><span class=\"aioseo-breadcrumb\">\n\t\t\t<a href=\"https:\/\/newsinfoco.com.br\/inicio\/category\/brasil\/\" title=\"Brasil\">Brasil<\/a>\n\t\t<\/span><span class=\"aioseo-breadcrumb-separator\">&raquo;<\/span><span class=\"aioseo-breadcrumb\">\n\t\t\tSem jogadores do Bahia, Ancelotti divulga lista de convocados para a Sele\u00e7\u00e3o\n\t\t<\/span><\/div>","aioseo_breadcrumb_json":[{"label":"In\u00edcio","link":"https:\/\/newsinfoco.com.br\/inicio"},{"label":"Brasil","link":"https:\/\/newsinfoco.com.br\/inicio\/category\/brasil\/"},{"label":"Sem jogadores do Bahia, Ancelotti divulga lista de convocados para a Sele\u00e7\u00e3o","link":"https:\/\/newsinfoco.com.br\/inicio\/sem-jogadores-do-bahia-ancelotti-divulga-lista-de-convocados-para-a-selecao\/"}],"_links":{"self":[{"href":"https:\/\/newsinfoco.com.br\/inicio\/wp-json\/wp\/v2\/posts\/44649","targetHints":{"allow":["GET"]}}],"collection":[{"href":"https:\/\/newsinfoco.com.br\/inicio\/wp-json\/wp\/v2\/posts"}],"about":[{"href":"https:\/\/newsinfoco.com.br\/inicio\/wp-json\/wp\/v2\/types\/post"}],"author":[{"embeddable":true,"href":"https:\/\/newsinfoco.com.br\/inicio\/wp-json\/wp\/v2\/users\/1"}],"replies":[{"embeddable":true,"href":"https:\/\/newsinfoco.com.br\/inicio\/wp-json\/wp\/v2\/comments?post=44649"}],"version-history":[{"count":1,"href":"https:\/\/newsinfoco.com.br\/inicio\/wp-json\/wp\/v2\/posts\/44649\/revisions"}],"predecessor-version":[{"id":44651,"href":"https:\/\/newsinfoco.com.br\/inicio\/wp-json\/wp\/v2\/posts\/44649\/revisions\/44651"}],"wp:featuredmedia":[{"embeddable":true,"href":"https:\/\/newsinfoco.com.br\/inicio\/wp-json\/wp\/v2\/media\/44650"}],"wp:attachment":[{"href":"https:\/\/newsinfoco.com.br\/inicio\/wp-json\/wp\/v2\/media?parent=44649"}],"wp:term":[{"taxonomy":"category","embeddable":true,"href":"https:\/\/newsinfoco.com.br\/inicio\/wp-json\/wp\/v2\/categories?post=44649"},{"taxonomy":"post_tag","embeddable":true,"href":"https:\/\/newsinfoco.com.br\/inicio\/wp-json\/wp\/v2\/tags?post=44649"}],"curies":[{"name":"wp","href":"https:\/\/api.w.org\/{rel}","templated":true}]}}