{"id":44660,"date":"2025-08-26T12:55:05","date_gmt":"2025-08-26T15:55:05","guid":{"rendered":"https:\/\/newsinfoco.com.br\/inicio\/?p=44660"},"modified":"2025-08-26T12:55:05","modified_gmt":"2025-08-26T15:55:05","slug":"fim-de-tensao-jeronimo-e-bruno-reis-marcam-reuniao-crucial-para-salvador","status":"publish","type":"post","link":"https:\/\/newsinfoco.com.br\/inicio\/fim-de-tensao-jeronimo-e-bruno-reis-marcam-reuniao-crucial-para-salvador\/","title":{"rendered":"Fim de tens\u00e3o? Jer\u00f4nimo e Bruno Reis marcam reuni\u00e3o crucial para Salvador"},"content":{"rendered":"<p>O governador Jer\u00f4nimo Rodrigues (PT) e o prefeito de Salvador, Bruno Reis (Uni\u00e3o Brasil), v\u00e3o sentar \u00e0 mesa de negocia\u00e7\u00e3o ap\u00f3s dois anos de espera para discutir temas de interesse de ambos os governos, como\u00a0sa\u00fade,\u00a0<a href=\"https:\/\/bahia.ba\/bahia\/ponte-salvador-itaparica-governo-assina-decreto-para-desapropriar-area-em-salvador\/\"><b>ponte Salvador-Itaparica<\/b><\/a>\u00a0e seguran\u00e7a p\u00fablica.<\/p>\n<p>O\u00a0<a href=\"https:\/\/bahia.ba\/politica\/bruno-cobra-acao-de-jeronimo-apos-fim-de-semana-violento-tem-que-sentar-e-governar\/\" target=\"_blank\" rel=\"noopener\"><strong>t\u00e3o esperado encontro<\/strong><\/a>\u00a0acontece na tarde da pr\u00f3xima quarta-feira, 27, e foi\u00a0<a href=\"https:\/\/bahia.ba\/politica\/jeronimo-confirma-conversa-com-bruno-reis-para-esta-quarta-feira\/\" target=\"_blank\" rel=\"noopener\"><strong>confirmado logo no in\u00edcio da manh\u00e3 desta ter\u00e7a, 26, pelo petista<\/strong><\/a>, e em seguida, pelo chefe do Executivo municipal durante agenda institucional em Paripe, Sub\u00farbio Ferrovi\u00e1rio de Salvador.<\/p>\n<p>\u201cN\u00f3s iremos tratar sobre o transporte p\u00fablico, de licenciamento da cidade, de recursos da sa\u00fade, que est\u00e3o represados. Tenho certeza que o governador ter\u00e1 outros assuntos, al\u00e9m de ponte e todos os assuntos que iremos abordar, com certeza, ser\u00e1 para a cidade se desenvolver ainda mais\u201d, disse Bruno \u00e0 imprensa.<\/p>\n<p>A reuni\u00e3o entre os dois gestores estava sendo aguardada desde fevereiro de 2023, quando o prefeito da capital baiana come\u00e7ou a ventilar a possibilidade para a imprensa. Desde ent\u00e3o, a agenda para a audi\u00eancia n\u00e3o tinha sido marcada.<\/p>\n<p><strong>Troca de farpas<\/strong><\/p>\n<p>Durante coletiva de imprensa, o prefeito Bruno Reis (Uni\u00e3o) tamb\u00e9m foi questionado sobre uma poss\u00edvel interfer\u00eancia no di\u00e1logo institucional entre a prefeitura e o governo da Bahia devido \u00e0s in\u00fameras trocas de farpas.<\/p>\n<p>Ao responder, ele disse que as declara\u00e7\u00f5es \u201cs\u00e3o inerentes \u00e0 pol\u00edtica\u201d e responsabilizou a imprensa por gerar provoca\u00e7\u00f5es.<\/p>\n<p>\u201cMuitos deles provocados por voc\u00eas [jornalistas] porque quando me perguntam e perguntam a ele, [\u2026], merecem as respostas. Do meu lado, o que eu sempre falo s\u00e3o constata\u00e7\u00f5es, que a Bahia e a cidade de Salvador vem enfrentando, e que naturalmente, eu como uma pessoa p\u00fablica, tenho obriga\u00e7\u00e3o quando provocado de comentar\u201d, afirmou o chefe do Pal\u00e1cio Thom\u00e9 de Souza.<\/p>\n<p>Bruno ainda complementou: \u201cVoc\u00eas nunca me viram aleatoriamente proferir palavras contra A, B ou C, sempre que sou provocado tenho a obriga\u00e7\u00e3o de responder, e sempre que sou tamb\u00e9m acusado, tenho a obriga\u00e7\u00e3o de me defender\u201d.<\/p>\n<div>\n<div>\n<div class=\"trv-player-container\">\n<div class=\"trv-wrapper\">\n<div id=\"br_video_player_1eb8ee63bc0399220af50868d33f7c9dc3c659f9\" class=\"trvd_video_player trvdinstream\">\n<div class=\"media-player\">\n<div class=\"trv-video\">\n<p>Advers\u00e1rio hist\u00f3rico do governo baiano, o prefeito associa as cr\u00edticas que faz contra as gest\u00f5es estadual e nacional como o papel que ocupa de oposi\u00e7\u00e3o, que segundo ele, reflete o sentimento da sociedade civil.<\/p>\n<p>\u201c[\u2026] Toda vez que eu for provocado por quem quer que seja, eu irei responder. [\u2026]. \u00c0s vezes, o que incomoda os nossos advers\u00e1rios s\u00e3o constata\u00e7\u00f5es, que apenas n\u00f3s na posi\u00e7\u00e3o que temos na vida p\u00fablica, estamos reverberando o que as pessoas est\u00e3o falando\u201d, concluiu.<\/p>\n<p>Bahia.Ba<\/p>\n<\/div>\n<\/div>\n<\/div>\n<\/div>\n<\/div>\n<\/div>\n<\/div>\n<div class='share-to-whatsapp-wrapper'><div class='share-on-whsp'>Share on: <\/div><a data-text='Fim de tens\u00e3o? Jer\u00f4nimo e Bruno Reis marcam reuni\u00e3o crucial para Salvador' data-link='https:\/\/newsinfoco.com.br\/inicio\/fim-de-tensao-jeronimo-e-bruno-reis-marcam-reuniao-crucial-para-salvador\/' class='whatsapp-button whatsapp-share'>WhatsApp<\/a><div class='clear '><\/div><\/div>","protected":false},"excerpt":{"rendered":"<p>O governador Jer\u00f4nimo Rodrigues (PT) e o prefeito de Salvador, Bruno Reis (Uni\u00e3o Brasil), v\u00e3o sentar \u00e0 mesa de negocia\u00e7\u00e3o ap\u00f3s dois anos de espera para discutir temas de interesse de ambos os governos, como\u00a0sa\u00fade,\u00a0ponte Salvador-Itaparica\u00a0e seguran\u00e7a p\u00fablica. O\u00a0t\u00e3o esperado encontro\u00a0acontece na tarde da pr\u00f3xima quarta-feira, 27, e foi\u00a0confirmado logo no in\u00edcio da manh\u00e3 desta [&hellip;]<\/p>\n","protected":false},"author":1,"featured_media":44662,"comment_status":"closed","ping_status":"closed","sticky":false,"template":"","format":"standard","meta":{"om_disable_all_campaigns":false,"rop_custom_images_group":[],"rop_custom_messages_group":[],"rop_publish_now":"initial","rop_publish_now_accounts":[],"rop_publish_now_history":[],"rop_publish_now_status":"pending","_exactmetrics_skip_tracking":false,"footnotes":""},"categories":[19],"tags":[],"class_list":["post-44660","post","type-post","status-publish","format-standard","has-post-thumbnail","hentry","category-bahia"],"aioseo_notices":[],"aioseo_head":"\n\t\t<!-- All in One SEO 4.9.10 - aioseo.com -->\n\t<meta name=\"description\" content=\"O governador Jer\u00f4nimo Rodrigues (PT) e o prefeito de Salvador, Bruno Reis (Uni\u00e3o Brasil), v\u00e3o sentar \u00e0 mesa de negocia\u00e7\u00e3o ap\u00f3s dois anos de espera para discutir temas de interesse de ambos os governos, como sa\u00fade, ponte Salvador-Itaparica e seguran\u00e7a p\u00fablica. O t\u00e3o esperado encontro acontece na tarde da pr\u00f3xima quarta-feira, 27, e foi confirmado logo no in\u00edcio da manh\u00e3 desta\" \/>\n\t<meta name=\"robots\" content=\"max-image-preview:large\" \/>\n\t<meta name=\"author\" content=\"administrador\"\/>\n\t<link rel=\"canonical\" href=\"https:\/\/newsinfoco.com.br\/inicio\/fim-de-tensao-jeronimo-e-bruno-reis-marcam-reuniao-crucial-para-salvador\/\" \/>\n\t<meta name=\"generator\" content=\"All in One SEO (AIOSEO) 4.9.10\" \/>\n\t\t<meta property=\"og:locale\" content=\"pt_BR\" \/>\n\t\t<meta property=\"og:site_name\" content=\"News In Foco - Editado por Caio Pimenta - O principal site de noticias de Alagoinhas e regi\u00e3o\" \/>\n\t\t<meta property=\"og:type\" content=\"article\" \/>\n\t\t<meta property=\"og:title\" content=\"Fim de tens\u00e3o? Jer\u00f4nimo e Bruno Reis marcam reuni\u00e3o crucial para Salvador - News In Foco - Editado por Caio Pimenta\" \/>\n\t\t<meta property=\"og:description\" content=\"O governador Jer\u00f4nimo Rodrigues (PT) e o prefeito de Salvador, Bruno Reis (Uni\u00e3o Brasil), v\u00e3o sentar \u00e0 mesa de negocia\u00e7\u00e3o ap\u00f3s dois anos de espera para discutir temas de interesse de ambos os governos, como sa\u00fade, ponte Salvador-Itaparica e seguran\u00e7a p\u00fablica. O t\u00e3o esperado encontro acontece na tarde da pr\u00f3xima quarta-feira, 27, e foi confirmado logo no in\u00edcio da manh\u00e3 desta\" \/>\n\t\t<meta property=\"og:url\" content=\"https:\/\/newsinfoco.com.br\/inicio\/fim-de-tensao-jeronimo-e-bruno-reis-marcam-reuniao-crucial-para-salvador\/\" \/>\n\t\t<meta property=\"article:published_time\" content=\"2025-08-26T15:55:05+00:00\" \/>\n\t\t<meta property=\"article:modified_time\" content=\"2025-08-26T15:55:05+00:00\" \/>\n\t\t<meta name=\"twitter:card\" content=\"summary_large_image\" \/>\n\t\t<meta name=\"twitter:title\" content=\"Fim de tens\u00e3o? Jer\u00f4nimo e Bruno Reis marcam reuni\u00e3o crucial para Salvador - News In Foco - Editado por Caio Pimenta\" \/>\n\t\t<meta name=\"twitter:description\" content=\"O governador Jer\u00f4nimo Rodrigues (PT) e o prefeito de Salvador, Bruno Reis (Uni\u00e3o Brasil), v\u00e3o sentar \u00e0 mesa de negocia\u00e7\u00e3o ap\u00f3s dois anos de espera para discutir temas de interesse de ambos os governos, como sa\u00fade, ponte Salvador-Itaparica e seguran\u00e7a p\u00fablica. O t\u00e3o esperado encontro acontece na tarde da pr\u00f3xima quarta-feira, 27, e foi confirmado logo no in\u00edcio da manh\u00e3 desta\" \/>\n\t\t<script type=\"application\/ld+json\" class=\"aioseo-schema\">\n\t\t\t{\"@context\":\"https:\\\/\\\/schema.org\",\"@graph\":[{\"@type\":\"BlogPosting\",\"@id\":\"https:\\\/\\\/newsinfoco.com.br\\\/inicio\\\/fim-de-tensao-jeronimo-e-bruno-reis-marcam-reuniao-crucial-para-salvador\\\/#blogposting\",\"name\":\"Fim de tens\\u00e3o? Jer\\u00f4nimo e Bruno Reis marcam reuni\\u00e3o crucial para Salvador - News In Foco - Editado por Caio Pimenta\",\"headline\":\"Fim de tens\\u00e3o? Jer\\u00f4nimo e Bruno Reis marcam reuni\\u00e3o crucial para Salvador\",\"author\":{\"@id\":\"https:\\\/\\\/newsinfoco.com.br\\\/inicio\\\/author\\\/administrador\\\/#author\"},\"publisher\":{\"@id\":\"https:\\\/\\\/newsinfoco.com.br\\\/inicio\\\/#organization\"},\"image\":{\"@type\":\"ImageObject\",\"url\":\"https:\\\/\\\/newsinfoco.com.br\\\/inicio\\\/wp-content\\\/uploads\\\/2025\\\/08\\\/Jeronimo-e-Bruno-Reis-1.jpg\",\"width\":602,\"height\":420},\"datePublished\":\"2025-08-26T12:55:05-03:00\",\"dateModified\":\"2025-08-26T12:55:05-03:00\",\"inLanguage\":\"pt-BR\",\"mainEntityOfPage\":{\"@id\":\"https:\\\/\\\/newsinfoco.com.br\\\/inicio\\\/fim-de-tensao-jeronimo-e-bruno-reis-marcam-reuniao-crucial-para-salvador\\\/#webpage\"},\"isPartOf\":{\"@id\":\"https:\\\/\\\/newsinfoco.com.br\\\/inicio\\\/fim-de-tensao-jeronimo-e-bruno-reis-marcam-reuniao-crucial-para-salvador\\\/#webpage\"},\"articleSection\":\"Bahia\"},{\"@type\":\"BreadcrumbList\",\"@id\":\"https:\\\/\\\/newsinfoco.com.br\\\/inicio\\\/fim-de-tensao-jeronimo-e-bruno-reis-marcam-reuniao-crucial-para-salvador\\\/#breadcrumblist\",\"itemListElement\":[{\"@type\":\"ListItem\",\"@id\":\"https:\\\/\\\/newsinfoco.com.br\\\/inicio#listItem\",\"position\":1,\"name\":\"In\\u00edcio\",\"item\":\"https:\\\/\\\/newsinfoco.com.br\\\/inicio\",\"nextItem\":{\"@type\":\"ListItem\",\"@id\":\"https:\\\/\\\/newsinfoco.com.br\\\/inicio\\\/category\\\/bahia\\\/#listItem\",\"name\":\"Bahia\"}},{\"@type\":\"ListItem\",\"@id\":\"https:\\\/\\\/newsinfoco.com.br\\\/inicio\\\/category\\\/bahia\\\/#listItem\",\"position\":2,\"name\":\"Bahia\",\"item\":\"https:\\\/\\\/newsinfoco.com.br\\\/inicio\\\/category\\\/bahia\\\/\",\"nextItem\":{\"@type\":\"ListItem\",\"@id\":\"https:\\\/\\\/newsinfoco.com.br\\\/inicio\\\/fim-de-tensao-jeronimo-e-bruno-reis-marcam-reuniao-crucial-para-salvador\\\/#listItem\",\"name\":\"Fim de tens\\u00e3o? Jer\\u00f4nimo e Bruno Reis marcam reuni\\u00e3o crucial para Salvador\"},\"previousItem\":{\"@type\":\"ListItem\",\"@id\":\"https:\\\/\\\/newsinfoco.com.br\\\/inicio#listItem\",\"name\":\"In\\u00edcio\"}},{\"@type\":\"ListItem\",\"@id\":\"https:\\\/\\\/newsinfoco.com.br\\\/inicio\\\/fim-de-tensao-jeronimo-e-bruno-reis-marcam-reuniao-crucial-para-salvador\\\/#listItem\",\"position\":3,\"name\":\"Fim de tens\\u00e3o? Jer\\u00f4nimo e Bruno Reis marcam reuni\\u00e3o crucial para Salvador\",\"previousItem\":{\"@type\":\"ListItem\",\"@id\":\"https:\\\/\\\/newsinfoco.com.br\\\/inicio\\\/category\\\/bahia\\\/#listItem\",\"name\":\"Bahia\"}}]},{\"@type\":\"Organization\",\"@id\":\"https:\\\/\\\/newsinfoco.com.br\\\/inicio\\\/#organization\",\"name\":\"News In Foco - Editado por Caio Pimenta\",\"description\":\"O principal site de noticias de Alagoinhas e regi\\u00e3o\",\"url\":\"https:\\\/\\\/newsinfoco.com.br\\\/inicio\\\/\"},{\"@type\":\"Person\",\"@id\":\"https:\\\/\\\/newsinfoco.com.br\\\/inicio\\\/author\\\/administrador\\\/#author\",\"url\":\"https:\\\/\\\/newsinfoco.com.br\\\/inicio\\\/author\\\/administrador\\\/\",\"name\":\"administrador\",\"image\":{\"@type\":\"ImageObject\",\"@id\":\"https:\\\/\\\/newsinfoco.com.br\\\/inicio\\\/fim-de-tensao-jeronimo-e-bruno-reis-marcam-reuniao-crucial-para-salvador\\\/#authorImage\",\"url\":\"https:\\\/\\\/secure.gravatar.com\\\/avatar\\\/c17a617433de8c1dc9584bb79aab7563b46f5bb7e1728c9b17d9cc3ce6a08e49?s=96&d=mm&r=g\",\"width\":96,\"height\":96,\"caption\":\"administrador\"}},{\"@type\":\"WebPage\",\"@id\":\"https:\\\/\\\/newsinfoco.com.br\\\/inicio\\\/fim-de-tensao-jeronimo-e-bruno-reis-marcam-reuniao-crucial-para-salvador\\\/#webpage\",\"url\":\"https:\\\/\\\/newsinfoco.com.br\\\/inicio\\\/fim-de-tensao-jeronimo-e-bruno-reis-marcam-reuniao-crucial-para-salvador\\\/\",\"name\":\"Fim de tens\\u00e3o? Jer\\u00f4nimo e Bruno Reis marcam reuni\\u00e3o crucial para Salvador - News In Foco - Editado por Caio Pimenta\",\"description\":\"O governador Jer\\u00f4nimo Rodrigues (PT) e o prefeito de Salvador, Bruno Reis (Uni\\u00e3o Brasil), v\\u00e3o sentar \\u00e0 mesa de negocia\\u00e7\\u00e3o ap\\u00f3s dois anos de espera para discutir temas de interesse de ambos os governos, como sa\\u00fade, ponte Salvador-Itaparica e seguran\\u00e7a p\\u00fablica. O t\\u00e3o esperado encontro acontece na tarde da pr\\u00f3xima quarta-feira, 27, e foi confirmado logo no in\\u00edcio da manh\\u00e3 desta\",\"inLanguage\":\"pt-BR\",\"isPartOf\":{\"@id\":\"https:\\\/\\\/newsinfoco.com.br\\\/inicio\\\/#website\"},\"breadcrumb\":{\"@id\":\"https:\\\/\\\/newsinfoco.com.br\\\/inicio\\\/fim-de-tensao-jeronimo-e-bruno-reis-marcam-reuniao-crucial-para-salvador\\\/#breadcrumblist\"},\"author\":{\"@id\":\"https:\\\/\\\/newsinfoco.com.br\\\/inicio\\\/author\\\/administrador\\\/#author\"},\"creator\":{\"@id\":\"https:\\\/\\\/newsinfoco.com.br\\\/inicio\\\/author\\\/administrador\\\/#author\"},\"image\":{\"@type\":\"ImageObject\",\"url\":\"https:\\\/\\\/newsinfoco.com.br\\\/inicio\\\/wp-content\\\/uploads\\\/2025\\\/08\\\/Jeronimo-e-Bruno-Reis-1.jpg\",\"@id\":\"https:\\\/\\\/newsinfoco.com.br\\\/inicio\\\/fim-de-tensao-jeronimo-e-bruno-reis-marcam-reuniao-crucial-para-salvador\\\/#mainImage\",\"width\":602,\"height\":420},\"primaryImageOfPage\":{\"@id\":\"https:\\\/\\\/newsinfoco.com.br\\\/inicio\\\/fim-de-tensao-jeronimo-e-bruno-reis-marcam-reuniao-crucial-para-salvador\\\/#mainImage\"},\"datePublished\":\"2025-08-26T12:55:05-03:00\",\"dateModified\":\"2025-08-26T12:55:05-03:00\"},{\"@type\":\"WebSite\",\"@id\":\"https:\\\/\\\/newsinfoco.com.br\\\/inicio\\\/#website\",\"url\":\"https:\\\/\\\/newsinfoco.com.br\\\/inicio\\\/\",\"name\":\"News In Foco - Editado por Caio Pimenta\",\"description\":\"O principal site de noticias de Alagoinhas e regi\\u00e3o\",\"inLanguage\":\"pt-BR\",\"publisher\":{\"@id\":\"https:\\\/\\\/newsinfoco.com.br\\\/inicio\\\/#organization\"}}]}\n\t\t<\/script>\n\t\t<!-- All in One SEO -->\n\n","aioseo_head_json":{"title":"Fim de tens\u00e3o? Jer\u00f4nimo e Bruno Reis marcam reuni\u00e3o crucial para Salvador - News In Foco - Editado por Caio Pimenta","description":"O governador Jer\u00f4nimo Rodrigues (PT) e o prefeito de Salvador, Bruno Reis (Uni\u00e3o Brasil), v\u00e3o sentar \u00e0 mesa de negocia\u00e7\u00e3o ap\u00f3s dois anos de espera para discutir temas de interesse de ambos os governos, como sa\u00fade, ponte Salvador-Itaparica e seguran\u00e7a p\u00fablica. O t\u00e3o esperado encontro acontece na tarde da pr\u00f3xima quarta-feira, 27, e foi confirmado logo no in\u00edcio da manh\u00e3 desta","canonical_url":"https:\/\/newsinfoco.com.br\/inicio\/fim-de-tensao-jeronimo-e-bruno-reis-marcam-reuniao-crucial-para-salvador\/","robots":"max-image-preview:large","keywords":"","webmasterTools":{"miscellaneous":""},"schema":{"@context":"https:\/\/schema.org","@graph":[{"@type":"BlogPosting","@id":"https:\/\/newsinfoco.com.br\/inicio\/fim-de-tensao-jeronimo-e-bruno-reis-marcam-reuniao-crucial-para-salvador\/#blogposting","name":"Fim de tens\u00e3o? Jer\u00f4nimo e Bruno Reis marcam reuni\u00e3o crucial para Salvador - News In Foco - Editado por Caio Pimenta","headline":"Fim de tens\u00e3o? Jer\u00f4nimo e Bruno Reis marcam reuni\u00e3o crucial para Salvador","author":{"@id":"https:\/\/newsinfoco.com.br\/inicio\/author\/administrador\/#author"},"publisher":{"@id":"https:\/\/newsinfoco.com.br\/inicio\/#organization"},"image":{"@type":"ImageObject","url":"https:\/\/newsinfoco.com.br\/inicio\/wp-content\/uploads\/2025\/08\/Jeronimo-e-Bruno-Reis-1.jpg","width":602,"height":420},"datePublished":"2025-08-26T12:55:05-03:00","dateModified":"2025-08-26T12:55:05-03:00","inLanguage":"pt-BR","mainEntityOfPage":{"@id":"https:\/\/newsinfoco.com.br\/inicio\/fim-de-tensao-jeronimo-e-bruno-reis-marcam-reuniao-crucial-para-salvador\/#webpage"},"isPartOf":{"@id":"https:\/\/newsinfoco.com.br\/inicio\/fim-de-tensao-jeronimo-e-bruno-reis-marcam-reuniao-crucial-para-salvador\/#webpage"},"articleSection":"Bahia"},{"@type":"BreadcrumbList","@id":"https:\/\/newsinfoco.com.br\/inicio\/fim-de-tensao-jeronimo-e-bruno-reis-marcam-reuniao-crucial-para-salvador\/#breadcrumblist","itemListElement":[{"@type":"ListItem","@id":"https:\/\/newsinfoco.com.br\/inicio#listItem","position":1,"name":"In\u00edcio","item":"https:\/\/newsinfoco.com.br\/inicio","nextItem":{"@type":"ListItem","@id":"https:\/\/newsinfoco.com.br\/inicio\/category\/bahia\/#listItem","name":"Bahia"}},{"@type":"ListItem","@id":"https:\/\/newsinfoco.com.br\/inicio\/category\/bahia\/#listItem","position":2,"name":"Bahia","item":"https:\/\/newsinfoco.com.br\/inicio\/category\/bahia\/","nextItem":{"@type":"ListItem","@id":"https:\/\/newsinfoco.com.br\/inicio\/fim-de-tensao-jeronimo-e-bruno-reis-marcam-reuniao-crucial-para-salvador\/#listItem","name":"Fim de tens\u00e3o? Jer\u00f4nimo e Bruno Reis marcam reuni\u00e3o crucial para Salvador"},"previousItem":{"@type":"ListItem","@id":"https:\/\/newsinfoco.com.br\/inicio#listItem","name":"In\u00edcio"}},{"@type":"ListItem","@id":"https:\/\/newsinfoco.com.br\/inicio\/fim-de-tensao-jeronimo-e-bruno-reis-marcam-reuniao-crucial-para-salvador\/#listItem","position":3,"name":"Fim de tens\u00e3o? Jer\u00f4nimo e Bruno Reis marcam reuni\u00e3o crucial para Salvador","previousItem":{"@type":"ListItem","@id":"https:\/\/newsinfoco.com.br\/inicio\/category\/bahia\/#listItem","name":"Bahia"}}]},{"@type":"Organization","@id":"https:\/\/newsinfoco.com.br\/inicio\/#organization","name":"News In Foco - Editado por Caio Pimenta","description":"O principal site de noticias de Alagoinhas e regi\u00e3o","url":"https:\/\/newsinfoco.com.br\/inicio\/"},{"@type":"Person","@id":"https:\/\/newsinfoco.com.br\/inicio\/author\/administrador\/#author","url":"https:\/\/newsinfoco.com.br\/inicio\/author\/administrador\/","name":"administrador","image":{"@type":"ImageObject","@id":"https:\/\/newsinfoco.com.br\/inicio\/fim-de-tensao-jeronimo-e-bruno-reis-marcam-reuniao-crucial-para-salvador\/#authorImage","url":"https:\/\/secure.gravatar.com\/avatar\/c17a617433de8c1dc9584bb79aab7563b46f5bb7e1728c9b17d9cc3ce6a08e49?s=96&d=mm&r=g","width":96,"height":96,"caption":"administrador"}},{"@type":"WebPage","@id":"https:\/\/newsinfoco.com.br\/inicio\/fim-de-tensao-jeronimo-e-bruno-reis-marcam-reuniao-crucial-para-salvador\/#webpage","url":"https:\/\/newsinfoco.com.br\/inicio\/fim-de-tensao-jeronimo-e-bruno-reis-marcam-reuniao-crucial-para-salvador\/","name":"Fim de tens\u00e3o? Jer\u00f4nimo e Bruno Reis marcam reuni\u00e3o crucial para Salvador - News In Foco - Editado por Caio Pimenta","description":"O governador Jer\u00f4nimo Rodrigues (PT) e o prefeito de Salvador, Bruno Reis (Uni\u00e3o Brasil), v\u00e3o sentar \u00e0 mesa de negocia\u00e7\u00e3o ap\u00f3s dois anos de espera para discutir temas de interesse de ambos os governos, como sa\u00fade, ponte Salvador-Itaparica e seguran\u00e7a p\u00fablica. O t\u00e3o esperado encontro acontece na tarde da pr\u00f3xima quarta-feira, 27, e foi confirmado logo no in\u00edcio da manh\u00e3 desta","inLanguage":"pt-BR","isPartOf":{"@id":"https:\/\/newsinfoco.com.br\/inicio\/#website"},"breadcrumb":{"@id":"https:\/\/newsinfoco.com.br\/inicio\/fim-de-tensao-jeronimo-e-bruno-reis-marcam-reuniao-crucial-para-salvador\/#breadcrumblist"},"author":{"@id":"https:\/\/newsinfoco.com.br\/inicio\/author\/administrador\/#author"},"creator":{"@id":"https:\/\/newsinfoco.com.br\/inicio\/author\/administrador\/#author"},"image":{"@type":"ImageObject","url":"https:\/\/newsinfoco.com.br\/inicio\/wp-content\/uploads\/2025\/08\/Jeronimo-e-Bruno-Reis-1.jpg","@id":"https:\/\/newsinfoco.com.br\/inicio\/fim-de-tensao-jeronimo-e-bruno-reis-marcam-reuniao-crucial-para-salvador\/#mainImage","width":602,"height":420},"primaryImageOfPage":{"@id":"https:\/\/newsinfoco.com.br\/inicio\/fim-de-tensao-jeronimo-e-bruno-reis-marcam-reuniao-crucial-para-salvador\/#mainImage"},"datePublished":"2025-08-26T12:55:05-03:00","dateModified":"2025-08-26T12:55:05-03:00"},{"@type":"WebSite","@id":"https:\/\/newsinfoco.com.br\/inicio\/#website","url":"https:\/\/newsinfoco.com.br\/inicio\/","name":"News In Foco - Editado por Caio Pimenta","description":"O principal site de noticias de Alagoinhas e regi\u00e3o","inLanguage":"pt-BR","publisher":{"@id":"https:\/\/newsinfoco.com.br\/inicio\/#organization"}}]},"og:locale":"pt_BR","og:site_name":"News In Foco - Editado por Caio Pimenta - O principal site de noticias de Alagoinhas e regi\u00e3o","og:type":"article","og:title":"Fim de tens\u00e3o? Jer\u00f4nimo e Bruno Reis marcam reuni\u00e3o crucial para Salvador - News In Foco - Editado por Caio Pimenta","og:description":"O governador Jer\u00f4nimo Rodrigues (PT) e o prefeito de Salvador, Bruno Reis (Uni\u00e3o Brasil), v\u00e3o sentar \u00e0 mesa de negocia\u00e7\u00e3o ap\u00f3s dois anos de espera para discutir temas de interesse de ambos os governos, como sa\u00fade, ponte Salvador-Itaparica e seguran\u00e7a p\u00fablica. O t\u00e3o esperado encontro acontece na tarde da pr\u00f3xima quarta-feira, 27, e foi confirmado logo no in\u00edcio da manh\u00e3 desta","og:url":"https:\/\/newsinfoco.com.br\/inicio\/fim-de-tensao-jeronimo-e-bruno-reis-marcam-reuniao-crucial-para-salvador\/","article:published_time":"2025-08-26T15:55:05+00:00","article:modified_time":"2025-08-26T15:55:05+00:00","twitter:card":"summary_large_image","twitter:title":"Fim de tens\u00e3o? Jer\u00f4nimo e Bruno Reis marcam reuni\u00e3o crucial para Salvador - News In Foco - Editado por Caio Pimenta","twitter:description":"O governador Jer\u00f4nimo Rodrigues (PT) e o prefeito de Salvador, Bruno Reis (Uni\u00e3o Brasil), v\u00e3o sentar \u00e0 mesa de negocia\u00e7\u00e3o ap\u00f3s dois anos de espera para discutir temas de interesse de ambos os governos, como sa\u00fade, ponte Salvador-Itaparica e seguran\u00e7a p\u00fablica. O t\u00e3o esperado encontro acontece na tarde da pr\u00f3xima quarta-feira, 27, e foi confirmado logo no in\u00edcio da manh\u00e3 desta"},"aioseo_meta_data":{"post_id":"44660","title":null,"description":null,"keywords":null,"keyphrases":{"focus":{"keyphrase":"","score":0,"analysis":{"keyphraseInTitle":{"score":0,"maxScore":9,"error":1}}},"additional":[]},"primary_term":null,"canonical_url":null,"og_title":null,"og_description":null,"og_object_type":"default","og_image_type":"default","og_image_url":null,"og_image_width":null,"og_image_height":null,"og_image_custom_url":null,"og_image_custom_fields":null,"og_video":"","og_custom_url":null,"og_article_section":null,"og_article_tags":null,"twitter_use_og":false,"twitter_card":"default","twitter_image_type":"default","twitter_image_url":null,"twitter_image_custom_url":null,"twitter_image_custom_fields":null,"twitter_title":null,"twitter_description":null,"schema":{"blockGraphs":[],"customGraphs":[],"default":{"data":{"Article":[],"Course":[],"Dataset":[],"FAQPage":[],"Movie":[],"Person":[],"Product":[],"ProductReview":[],"Car":[],"Recipe":[],"Service":[],"SoftwareApplication":[],"WebPage":[]},"graphName":"BlogPosting","isEnabled":true},"graphs":[]},"schema_type":"default","schema_type_options":null,"pillar_content":false,"robots_default":true,"robots_noindex":false,"robots_noarchive":false,"robots_nosnippet":false,"robots_nofollow":false,"robots_noimageindex":false,"robots_noodp":false,"robots_notranslate":false,"robots_max_snippet":"-1","robots_max_videopreview":"-1","robots_max_imagepreview":"large","priority":null,"frequency":"default","local_seo":null,"breadcrumb_settings":null,"limit_modified_date":false,"ai":{"faqs":[],"keyPoints":[],"titles":[],"descriptions":[],"socialPosts":{"email":[],"linkedin":[],"twitter":[],"facebook":[],"instagram":[]}},"created":"2025-08-26 15:55:05","updated":"2025-08-26 16:06:44","seo_analyzer_scan_date":null},"aioseo_breadcrumb":"<div class=\"aioseo-breadcrumbs\"><span class=\"aioseo-breadcrumb\">\n\t\t\t<a href=\"https:\/\/newsinfoco.com.br\/inicio\" title=\"In\u00edcio\">In\u00edcio<\/a>\n\t\t<\/span><span class=\"aioseo-breadcrumb-separator\">&raquo;<\/span><span class=\"aioseo-breadcrumb\">\n\t\t\t<a href=\"https:\/\/newsinfoco.com.br\/inicio\/category\/bahia\/\" title=\"Bahia\">Bahia<\/a>\n\t\t<\/span><span class=\"aioseo-breadcrumb-separator\">&raquo;<\/span><span class=\"aioseo-breadcrumb\">\n\t\t\tFim de tens\u00e3o? Jer\u00f4nimo e Bruno Reis marcam reuni\u00e3o crucial para Salvador\n\t\t<\/span><\/div>","aioseo_breadcrumb_json":[{"label":"In\u00edcio","link":"https:\/\/newsinfoco.com.br\/inicio"},{"label":"Bahia","link":"https:\/\/newsinfoco.com.br\/inicio\/category\/bahia\/"},{"label":"Fim de tens\u00e3o? Jer\u00f4nimo e Bruno Reis marcam reuni\u00e3o crucial para Salvador","link":"https:\/\/newsinfoco.com.br\/inicio\/fim-de-tensao-jeronimo-e-bruno-reis-marcam-reuniao-crucial-para-salvador\/"}],"_links":{"self":[{"href":"https:\/\/newsinfoco.com.br\/inicio\/wp-json\/wp\/v2\/posts\/44660","targetHints":{"allow":["GET"]}}],"collection":[{"href":"https:\/\/newsinfoco.com.br\/inicio\/wp-json\/wp\/v2\/posts"}],"about":[{"href":"https:\/\/newsinfoco.com.br\/inicio\/wp-json\/wp\/v2\/types\/post"}],"author":[{"embeddable":true,"href":"https:\/\/newsinfoco.com.br\/inicio\/wp-json\/wp\/v2\/users\/1"}],"replies":[{"embeddable":true,"href":"https:\/\/newsinfoco.com.br\/inicio\/wp-json\/wp\/v2\/comments?post=44660"}],"version-history":[{"count":1,"href":"https:\/\/newsinfoco.com.br\/inicio\/wp-json\/wp\/v2\/posts\/44660\/revisions"}],"predecessor-version":[{"id":44663,"href":"https:\/\/newsinfoco.com.br\/inicio\/wp-json\/wp\/v2\/posts\/44660\/revisions\/44663"}],"wp:featuredmedia":[{"embeddable":true,"href":"https:\/\/newsinfoco.com.br\/inicio\/wp-json\/wp\/v2\/media\/44662"}],"wp:attachment":[{"href":"https:\/\/newsinfoco.com.br\/inicio\/wp-json\/wp\/v2\/media?parent=44660"}],"wp:term":[{"taxonomy":"category","embeddable":true,"href":"https:\/\/newsinfoco.com.br\/inicio\/wp-json\/wp\/v2\/categories?post=44660"},{"taxonomy":"post_tag","embeddable":true,"href":"https:\/\/newsinfoco.com.br\/inicio\/wp-json\/wp\/v2\/tags?post=44660"}],"curies":[{"name":"wp","href":"https:\/\/api.w.org\/{rel}","templated":true}]}}