{"id":44697,"date":"2025-08-26T14:51:18","date_gmt":"2025-08-26T17:51:18","guid":{"rendered":"https:\/\/newsinfoco.com.br\/inicio\/?p=44697"},"modified":"2025-08-26T14:51:18","modified_gmt":"2025-08-26T17:51:18","slug":"ministro-israelense-chama-lula-de-antissemita-e-apoiador-do-hamas","status":"publish","type":"post","link":"https:\/\/newsinfoco.com.br\/inicio\/ministro-israelense-chama-lula-de-antissemita-e-apoiador-do-hamas\/","title":{"rendered":"Ministro israelense chama Lula de antissemita e apoiador do Hamas"},"content":{"rendered":"<p>O ministro da Defesa israelense, Israel Katz, utilizou suas redes sociais nesta ter\u00e7a-feira (26) para criticar o presidente Luiz In\u00e1cio Lula da Silva (PT) o chamando de antissemita e \u201capoiador do Hamas\u201d. Katz tamb\u00e9m associou o petista ao l\u00edder supremo do Ir\u00e3, o aiatol\u00e1 Ali Khamenei. O governo brasileiro ainda n\u00e3o se pronunciou sobre o caso.<\/p>\n<p>\u201cAgora, ele [Lula] revelou sua verdadeira face como antissemita declarado e apoiador do Hamas ao retirar o Brasil da IHRA \u2013 o organismo internacional criado para combater o antissemitismo e o \u00f3dio contra Israel \u2013 colocando o pa\u00eds ao lado de regimes como o Ir\u00e3, que nega abertamente o Holocausto e amea\u00e7a destruir o Estado de Israel. Como Ministro da Defesa de Israel, afirmo: saberemos nos defender contra o eixo do mal do islamismo radical mesmo sem a ajuda de Lula e seus aliados\u201d, afirmou Katz em uma publica\u00e7\u00e3o em portugu\u00eas em sua conta oficial no X.<\/p>\n<p>Na publica\u00e7\u00e3o, Katz ainda incluiu uma imagem gerada por intelig\u00eancia artificial de Lula como um boneco de marionete, sendo manipulado por Khamenei, ilustrado como um titereiro controlando as cordas do presidente brasileiro.<\/p>\n<p>Bahia.Ba<\/p>\n<p>&nbsp;<\/p>\n<div class='share-to-whatsapp-wrapper'><div class='share-on-whsp'>Share on: <\/div><a data-text='Ministro israelense chama Lula de antissemita e apoiador do Hamas' data-link='https:\/\/newsinfoco.com.br\/inicio\/ministro-israelense-chama-lula-de-antissemita-e-apoiador-do-hamas\/' class='whatsapp-button whatsapp-share'>WhatsApp<\/a><div class='clear '><\/div><\/div>","protected":false},"excerpt":{"rendered":"<p>O ministro da Defesa israelense, Israel Katz, utilizou suas redes sociais nesta ter\u00e7a-feira (26) para criticar o presidente Luiz In\u00e1cio Lula da Silva (PT) o chamando de antissemita e \u201capoiador do Hamas\u201d. Katz tamb\u00e9m associou o petista ao l\u00edder supremo do Ir\u00e3, o aiatol\u00e1 Ali Khamenei. O governo brasileiro ainda n\u00e3o se pronunciou sobre o [&hellip;]<\/p>\n","protected":false},"author":1,"featured_media":44698,"comment_status":"closed","ping_status":"closed","sticky":false,"template":"","format":"standard","meta":{"om_disable_all_campaigns":false,"rop_custom_images_group":[],"rop_custom_messages_group":[],"rop_publish_now":"initial","rop_publish_now_accounts":[],"rop_publish_now_history":[],"rop_publish_now_status":"pending","_exactmetrics_skip_tracking":false,"footnotes":""},"categories":[21],"tags":[],"class_list":["post-44697","post","type-post","status-publish","format-standard","has-post-thumbnail","hentry","category-brasil"],"aioseo_notices":[],"aioseo_head":"\n\t\t<!-- All in One SEO 4.9.10 - aioseo.com -->\n\t<meta name=\"description\" content=\"O ministro da Defesa israelense, Israel Katz, utilizou suas redes sociais nesta ter\u00e7a-feira (26) para criticar o presidente Luiz In\u00e1cio Lula da Silva (PT) o chamando de antissemita e \u201capoiador do Hamas\u201d. Katz tamb\u00e9m associou o petista ao l\u00edder supremo do Ir\u00e3, o aiatol\u00e1 Ali Khamenei. O governo brasileiro ainda n\u00e3o se pronunciou sobre o\" \/>\n\t<meta name=\"robots\" content=\"max-image-preview:large\" \/>\n\t<meta name=\"author\" content=\"administrador\"\/>\n\t<link rel=\"canonical\" href=\"https:\/\/newsinfoco.com.br\/inicio\/ministro-israelense-chama-lula-de-antissemita-e-apoiador-do-hamas\/\" \/>\n\t<meta name=\"generator\" content=\"All in One SEO (AIOSEO) 4.9.10\" \/>\n\t\t<meta property=\"og:locale\" content=\"pt_BR\" \/>\n\t\t<meta property=\"og:site_name\" content=\"News In Foco - Editado por Caio Pimenta - O principal site de noticias de Alagoinhas e regi\u00e3o\" \/>\n\t\t<meta property=\"og:type\" content=\"article\" \/>\n\t\t<meta property=\"og:title\" content=\"Ministro israelense chama Lula de antissemita e apoiador do Hamas - News In Foco - Editado por Caio Pimenta\" \/>\n\t\t<meta property=\"og:description\" content=\"O ministro da Defesa israelense, Israel Katz, utilizou suas redes sociais nesta ter\u00e7a-feira (26) para criticar o presidente Luiz In\u00e1cio Lula da Silva (PT) o chamando de antissemita e \u201capoiador do Hamas\u201d. Katz tamb\u00e9m associou o petista ao l\u00edder supremo do Ir\u00e3, o aiatol\u00e1 Ali Khamenei. O governo brasileiro ainda n\u00e3o se pronunciou sobre o\" \/>\n\t\t<meta property=\"og:url\" content=\"https:\/\/newsinfoco.com.br\/inicio\/ministro-israelense-chama-lula-de-antissemita-e-apoiador-do-hamas\/\" \/>\n\t\t<meta property=\"article:published_time\" content=\"2025-08-26T17:51:18+00:00\" \/>\n\t\t<meta property=\"article:modified_time\" content=\"2025-08-26T17:51:18+00:00\" \/>\n\t\t<meta name=\"twitter:card\" content=\"summary_large_image\" \/>\n\t\t<meta name=\"twitter:title\" content=\"Ministro israelense chama Lula de antissemita e apoiador do Hamas - News In Foco - Editado por Caio Pimenta\" \/>\n\t\t<meta name=\"twitter:description\" content=\"O ministro da Defesa israelense, Israel Katz, utilizou suas redes sociais nesta ter\u00e7a-feira (26) para criticar o presidente Luiz In\u00e1cio Lula da Silva (PT) o chamando de antissemita e \u201capoiador do Hamas\u201d. Katz tamb\u00e9m associou o petista ao l\u00edder supremo do Ir\u00e3, o aiatol\u00e1 Ali Khamenei. O governo brasileiro ainda n\u00e3o se pronunciou sobre o\" \/>\n\t\t<script type=\"application\/ld+json\" class=\"aioseo-schema\">\n\t\t\t{\"@context\":\"https:\\\/\\\/schema.org\",\"@graph\":[{\"@type\":\"BlogPosting\",\"@id\":\"https:\\\/\\\/newsinfoco.com.br\\\/inicio\\\/ministro-israelense-chama-lula-de-antissemita-e-apoiador-do-hamas\\\/#blogposting\",\"name\":\"Ministro israelense chama Lula de antissemita e apoiador do Hamas - News In Foco - Editado por Caio Pimenta\",\"headline\":\"Ministro israelense chama Lula de antissemita e apoiador do Hamas\",\"author\":{\"@id\":\"https:\\\/\\\/newsinfoco.com.br\\\/inicio\\\/author\\\/administrador\\\/#author\"},\"publisher\":{\"@id\":\"https:\\\/\\\/newsinfoco.com.br\\\/inicio\\\/#organization\"},\"image\":{\"@type\":\"ImageObject\",\"url\":\"https:\\\/\\\/newsinfoco.com.br\\\/inicio\\\/wp-content\\\/uploads\\\/2025\\\/08\\\/Ministro-Israelense-Israel-Katz.png\",\"width\":600,\"height\":420},\"datePublished\":\"2025-08-26T14:51:18-03:00\",\"dateModified\":\"2025-08-26T14:51:18-03:00\",\"inLanguage\":\"pt-BR\",\"mainEntityOfPage\":{\"@id\":\"https:\\\/\\\/newsinfoco.com.br\\\/inicio\\\/ministro-israelense-chama-lula-de-antissemita-e-apoiador-do-hamas\\\/#webpage\"},\"isPartOf\":{\"@id\":\"https:\\\/\\\/newsinfoco.com.br\\\/inicio\\\/ministro-israelense-chama-lula-de-antissemita-e-apoiador-do-hamas\\\/#webpage\"},\"articleSection\":\"Brasil\"},{\"@type\":\"BreadcrumbList\",\"@id\":\"https:\\\/\\\/newsinfoco.com.br\\\/inicio\\\/ministro-israelense-chama-lula-de-antissemita-e-apoiador-do-hamas\\\/#breadcrumblist\",\"itemListElement\":[{\"@type\":\"ListItem\",\"@id\":\"https:\\\/\\\/newsinfoco.com.br\\\/inicio#listItem\",\"position\":1,\"name\":\"In\\u00edcio\",\"item\":\"https:\\\/\\\/newsinfoco.com.br\\\/inicio\",\"nextItem\":{\"@type\":\"ListItem\",\"@id\":\"https:\\\/\\\/newsinfoco.com.br\\\/inicio\\\/category\\\/brasil\\\/#listItem\",\"name\":\"Brasil\"}},{\"@type\":\"ListItem\",\"@id\":\"https:\\\/\\\/newsinfoco.com.br\\\/inicio\\\/category\\\/brasil\\\/#listItem\",\"position\":2,\"name\":\"Brasil\",\"item\":\"https:\\\/\\\/newsinfoco.com.br\\\/inicio\\\/category\\\/brasil\\\/\",\"nextItem\":{\"@type\":\"ListItem\",\"@id\":\"https:\\\/\\\/newsinfoco.com.br\\\/inicio\\\/ministro-israelense-chama-lula-de-antissemita-e-apoiador-do-hamas\\\/#listItem\",\"name\":\"Ministro israelense chama Lula de antissemita e apoiador do Hamas\"},\"previousItem\":{\"@type\":\"ListItem\",\"@id\":\"https:\\\/\\\/newsinfoco.com.br\\\/inicio#listItem\",\"name\":\"In\\u00edcio\"}},{\"@type\":\"ListItem\",\"@id\":\"https:\\\/\\\/newsinfoco.com.br\\\/inicio\\\/ministro-israelense-chama-lula-de-antissemita-e-apoiador-do-hamas\\\/#listItem\",\"position\":3,\"name\":\"Ministro israelense chama Lula de antissemita e apoiador do Hamas\",\"previousItem\":{\"@type\":\"ListItem\",\"@id\":\"https:\\\/\\\/newsinfoco.com.br\\\/inicio\\\/category\\\/brasil\\\/#listItem\",\"name\":\"Brasil\"}}]},{\"@type\":\"Organization\",\"@id\":\"https:\\\/\\\/newsinfoco.com.br\\\/inicio\\\/#organization\",\"name\":\"News In Foco - Editado por Caio Pimenta\",\"description\":\"O principal site de noticias de Alagoinhas e regi\\u00e3o\",\"url\":\"https:\\\/\\\/newsinfoco.com.br\\\/inicio\\\/\"},{\"@type\":\"Person\",\"@id\":\"https:\\\/\\\/newsinfoco.com.br\\\/inicio\\\/author\\\/administrador\\\/#author\",\"url\":\"https:\\\/\\\/newsinfoco.com.br\\\/inicio\\\/author\\\/administrador\\\/\",\"name\":\"administrador\",\"image\":{\"@type\":\"ImageObject\",\"@id\":\"https:\\\/\\\/newsinfoco.com.br\\\/inicio\\\/ministro-israelense-chama-lula-de-antissemita-e-apoiador-do-hamas\\\/#authorImage\",\"url\":\"https:\\\/\\\/secure.gravatar.com\\\/avatar\\\/c17a617433de8c1dc9584bb79aab7563b46f5bb7e1728c9b17d9cc3ce6a08e49?s=96&d=mm&r=g\",\"width\":96,\"height\":96,\"caption\":\"administrador\"}},{\"@type\":\"WebPage\",\"@id\":\"https:\\\/\\\/newsinfoco.com.br\\\/inicio\\\/ministro-israelense-chama-lula-de-antissemita-e-apoiador-do-hamas\\\/#webpage\",\"url\":\"https:\\\/\\\/newsinfoco.com.br\\\/inicio\\\/ministro-israelense-chama-lula-de-antissemita-e-apoiador-do-hamas\\\/\",\"name\":\"Ministro israelense chama Lula de antissemita e apoiador do Hamas - News In Foco - Editado por Caio Pimenta\",\"description\":\"O ministro da Defesa israelense, Israel Katz, utilizou suas redes sociais nesta ter\\u00e7a-feira (26) para criticar o presidente Luiz In\\u00e1cio Lula da Silva (PT) o chamando de antissemita e \\u201capoiador do Hamas\\u201d. Katz tamb\\u00e9m associou o petista ao l\\u00edder supremo do Ir\\u00e3, o aiatol\\u00e1 Ali Khamenei. O governo brasileiro ainda n\\u00e3o se pronunciou sobre o\",\"inLanguage\":\"pt-BR\",\"isPartOf\":{\"@id\":\"https:\\\/\\\/newsinfoco.com.br\\\/inicio\\\/#website\"},\"breadcrumb\":{\"@id\":\"https:\\\/\\\/newsinfoco.com.br\\\/inicio\\\/ministro-israelense-chama-lula-de-antissemita-e-apoiador-do-hamas\\\/#breadcrumblist\"},\"author\":{\"@id\":\"https:\\\/\\\/newsinfoco.com.br\\\/inicio\\\/author\\\/administrador\\\/#author\"},\"creator\":{\"@id\":\"https:\\\/\\\/newsinfoco.com.br\\\/inicio\\\/author\\\/administrador\\\/#author\"},\"image\":{\"@type\":\"ImageObject\",\"url\":\"https:\\\/\\\/newsinfoco.com.br\\\/inicio\\\/wp-content\\\/uploads\\\/2025\\\/08\\\/Ministro-Israelense-Israel-Katz.png\",\"@id\":\"https:\\\/\\\/newsinfoco.com.br\\\/inicio\\\/ministro-israelense-chama-lula-de-antissemita-e-apoiador-do-hamas\\\/#mainImage\",\"width\":600,\"height\":420},\"primaryImageOfPage\":{\"@id\":\"https:\\\/\\\/newsinfoco.com.br\\\/inicio\\\/ministro-israelense-chama-lula-de-antissemita-e-apoiador-do-hamas\\\/#mainImage\"},\"datePublished\":\"2025-08-26T14:51:18-03:00\",\"dateModified\":\"2025-08-26T14:51:18-03:00\"},{\"@type\":\"WebSite\",\"@id\":\"https:\\\/\\\/newsinfoco.com.br\\\/inicio\\\/#website\",\"url\":\"https:\\\/\\\/newsinfoco.com.br\\\/inicio\\\/\",\"name\":\"News In Foco - Editado por Caio Pimenta\",\"description\":\"O principal site de noticias de Alagoinhas e regi\\u00e3o\",\"inLanguage\":\"pt-BR\",\"publisher\":{\"@id\":\"https:\\\/\\\/newsinfoco.com.br\\\/inicio\\\/#organization\"}}]}\n\t\t<\/script>\n\t\t<!-- All in One SEO -->\n\n","aioseo_head_json":{"title":"Ministro israelense chama Lula de antissemita e apoiador do Hamas - News In Foco - Editado por Caio Pimenta","description":"O ministro da Defesa israelense, Israel Katz, utilizou suas redes sociais nesta ter\u00e7a-feira (26) para criticar o presidente Luiz In\u00e1cio Lula da Silva (PT) o chamando de antissemita e \u201capoiador do Hamas\u201d. Katz tamb\u00e9m associou o petista ao l\u00edder supremo do Ir\u00e3, o aiatol\u00e1 Ali Khamenei. O governo brasileiro ainda n\u00e3o se pronunciou sobre o","canonical_url":"https:\/\/newsinfoco.com.br\/inicio\/ministro-israelense-chama-lula-de-antissemita-e-apoiador-do-hamas\/","robots":"max-image-preview:large","keywords":"","webmasterTools":{"miscellaneous":""},"schema":{"@context":"https:\/\/schema.org","@graph":[{"@type":"BlogPosting","@id":"https:\/\/newsinfoco.com.br\/inicio\/ministro-israelense-chama-lula-de-antissemita-e-apoiador-do-hamas\/#blogposting","name":"Ministro israelense chama Lula de antissemita e apoiador do Hamas - News In Foco - Editado por Caio Pimenta","headline":"Ministro israelense chama Lula de antissemita e apoiador do Hamas","author":{"@id":"https:\/\/newsinfoco.com.br\/inicio\/author\/administrador\/#author"},"publisher":{"@id":"https:\/\/newsinfoco.com.br\/inicio\/#organization"},"image":{"@type":"ImageObject","url":"https:\/\/newsinfoco.com.br\/inicio\/wp-content\/uploads\/2025\/08\/Ministro-Israelense-Israel-Katz.png","width":600,"height":420},"datePublished":"2025-08-26T14:51:18-03:00","dateModified":"2025-08-26T14:51:18-03:00","inLanguage":"pt-BR","mainEntityOfPage":{"@id":"https:\/\/newsinfoco.com.br\/inicio\/ministro-israelense-chama-lula-de-antissemita-e-apoiador-do-hamas\/#webpage"},"isPartOf":{"@id":"https:\/\/newsinfoco.com.br\/inicio\/ministro-israelense-chama-lula-de-antissemita-e-apoiador-do-hamas\/#webpage"},"articleSection":"Brasil"},{"@type":"BreadcrumbList","@id":"https:\/\/newsinfoco.com.br\/inicio\/ministro-israelense-chama-lula-de-antissemita-e-apoiador-do-hamas\/#breadcrumblist","itemListElement":[{"@type":"ListItem","@id":"https:\/\/newsinfoco.com.br\/inicio#listItem","position":1,"name":"In\u00edcio","item":"https:\/\/newsinfoco.com.br\/inicio","nextItem":{"@type":"ListItem","@id":"https:\/\/newsinfoco.com.br\/inicio\/category\/brasil\/#listItem","name":"Brasil"}},{"@type":"ListItem","@id":"https:\/\/newsinfoco.com.br\/inicio\/category\/brasil\/#listItem","position":2,"name":"Brasil","item":"https:\/\/newsinfoco.com.br\/inicio\/category\/brasil\/","nextItem":{"@type":"ListItem","@id":"https:\/\/newsinfoco.com.br\/inicio\/ministro-israelense-chama-lula-de-antissemita-e-apoiador-do-hamas\/#listItem","name":"Ministro israelense chama Lula de antissemita e apoiador do Hamas"},"previousItem":{"@type":"ListItem","@id":"https:\/\/newsinfoco.com.br\/inicio#listItem","name":"In\u00edcio"}},{"@type":"ListItem","@id":"https:\/\/newsinfoco.com.br\/inicio\/ministro-israelense-chama-lula-de-antissemita-e-apoiador-do-hamas\/#listItem","position":3,"name":"Ministro israelense chama Lula de antissemita e apoiador do Hamas","previousItem":{"@type":"ListItem","@id":"https:\/\/newsinfoco.com.br\/inicio\/category\/brasil\/#listItem","name":"Brasil"}}]},{"@type":"Organization","@id":"https:\/\/newsinfoco.com.br\/inicio\/#organization","name":"News In Foco - Editado por Caio Pimenta","description":"O principal site de noticias de Alagoinhas e regi\u00e3o","url":"https:\/\/newsinfoco.com.br\/inicio\/"},{"@type":"Person","@id":"https:\/\/newsinfoco.com.br\/inicio\/author\/administrador\/#author","url":"https:\/\/newsinfoco.com.br\/inicio\/author\/administrador\/","name":"administrador","image":{"@type":"ImageObject","@id":"https:\/\/newsinfoco.com.br\/inicio\/ministro-israelense-chama-lula-de-antissemita-e-apoiador-do-hamas\/#authorImage","url":"https:\/\/secure.gravatar.com\/avatar\/c17a617433de8c1dc9584bb79aab7563b46f5bb7e1728c9b17d9cc3ce6a08e49?s=96&d=mm&r=g","width":96,"height":96,"caption":"administrador"}},{"@type":"WebPage","@id":"https:\/\/newsinfoco.com.br\/inicio\/ministro-israelense-chama-lula-de-antissemita-e-apoiador-do-hamas\/#webpage","url":"https:\/\/newsinfoco.com.br\/inicio\/ministro-israelense-chama-lula-de-antissemita-e-apoiador-do-hamas\/","name":"Ministro israelense chama Lula de antissemita e apoiador do Hamas - News In Foco - Editado por Caio Pimenta","description":"O ministro da Defesa israelense, Israel Katz, utilizou suas redes sociais nesta ter\u00e7a-feira (26) para criticar o presidente Luiz In\u00e1cio Lula da Silva (PT) o chamando de antissemita e \u201capoiador do Hamas\u201d. Katz tamb\u00e9m associou o petista ao l\u00edder supremo do Ir\u00e3, o aiatol\u00e1 Ali Khamenei. O governo brasileiro ainda n\u00e3o se pronunciou sobre o","inLanguage":"pt-BR","isPartOf":{"@id":"https:\/\/newsinfoco.com.br\/inicio\/#website"},"breadcrumb":{"@id":"https:\/\/newsinfoco.com.br\/inicio\/ministro-israelense-chama-lula-de-antissemita-e-apoiador-do-hamas\/#breadcrumblist"},"author":{"@id":"https:\/\/newsinfoco.com.br\/inicio\/author\/administrador\/#author"},"creator":{"@id":"https:\/\/newsinfoco.com.br\/inicio\/author\/administrador\/#author"},"image":{"@type":"ImageObject","url":"https:\/\/newsinfoco.com.br\/inicio\/wp-content\/uploads\/2025\/08\/Ministro-Israelense-Israel-Katz.png","@id":"https:\/\/newsinfoco.com.br\/inicio\/ministro-israelense-chama-lula-de-antissemita-e-apoiador-do-hamas\/#mainImage","width":600,"height":420},"primaryImageOfPage":{"@id":"https:\/\/newsinfoco.com.br\/inicio\/ministro-israelense-chama-lula-de-antissemita-e-apoiador-do-hamas\/#mainImage"},"datePublished":"2025-08-26T14:51:18-03:00","dateModified":"2025-08-26T14:51:18-03:00"},{"@type":"WebSite","@id":"https:\/\/newsinfoco.com.br\/inicio\/#website","url":"https:\/\/newsinfoco.com.br\/inicio\/","name":"News In Foco - Editado por Caio Pimenta","description":"O principal site de noticias de Alagoinhas e regi\u00e3o","inLanguage":"pt-BR","publisher":{"@id":"https:\/\/newsinfoco.com.br\/inicio\/#organization"}}]},"og:locale":"pt_BR","og:site_name":"News In Foco - Editado por Caio Pimenta - O principal site de noticias de Alagoinhas e regi\u00e3o","og:type":"article","og:title":"Ministro israelense chama Lula de antissemita e apoiador do Hamas - News In Foco - Editado por Caio Pimenta","og:description":"O ministro da Defesa israelense, Israel Katz, utilizou suas redes sociais nesta ter\u00e7a-feira (26) para criticar o presidente Luiz In\u00e1cio Lula da Silva (PT) o chamando de antissemita e \u201capoiador do Hamas\u201d. Katz tamb\u00e9m associou o petista ao l\u00edder supremo do Ir\u00e3, o aiatol\u00e1 Ali Khamenei. O governo brasileiro ainda n\u00e3o se pronunciou sobre o","og:url":"https:\/\/newsinfoco.com.br\/inicio\/ministro-israelense-chama-lula-de-antissemita-e-apoiador-do-hamas\/","article:published_time":"2025-08-26T17:51:18+00:00","article:modified_time":"2025-08-26T17:51:18+00:00","twitter:card":"summary_large_image","twitter:title":"Ministro israelense chama Lula de antissemita e apoiador do Hamas - News In Foco - Editado por Caio Pimenta","twitter:description":"O ministro da Defesa israelense, Israel Katz, utilizou suas redes sociais nesta ter\u00e7a-feira (26) para criticar o presidente Luiz In\u00e1cio Lula da Silva (PT) o chamando de antissemita e \u201capoiador do Hamas\u201d. Katz tamb\u00e9m associou o petista ao l\u00edder supremo do Ir\u00e3, o aiatol\u00e1 Ali Khamenei. O governo brasileiro ainda n\u00e3o se pronunciou sobre o"},"aioseo_meta_data":{"post_id":"44697","title":null,"description":null,"keywords":null,"keyphrases":{"focus":{"keyphrase":"","score":0,"analysis":{"keyphraseInTitle":{"score":0,"maxScore":9,"error":1}}},"additional":[]},"primary_term":null,"canonical_url":null,"og_title":null,"og_description":null,"og_object_type":"default","og_image_type":"default","og_image_url":null,"og_image_width":null,"og_image_height":null,"og_image_custom_url":null,"og_image_custom_fields":null,"og_video":"","og_custom_url":null,"og_article_section":null,"og_article_tags":null,"twitter_use_og":false,"twitter_card":"default","twitter_image_type":"default","twitter_image_url":null,"twitter_image_custom_url":null,"twitter_image_custom_fields":null,"twitter_title":null,"twitter_description":null,"schema":{"blockGraphs":[],"customGraphs":[],"default":{"data":{"Article":[],"Course":[],"Dataset":[],"FAQPage":[],"Movie":[],"Person":[],"Product":[],"ProductReview":[],"Car":[],"Recipe":[],"Service":[],"SoftwareApplication":[],"WebPage":[]},"graphName":"BlogPosting","isEnabled":true},"graphs":[]},"schema_type":"default","schema_type_options":null,"pillar_content":false,"robots_default":true,"robots_noindex":false,"robots_noarchive":false,"robots_nosnippet":false,"robots_nofollow":false,"robots_noimageindex":false,"robots_noodp":false,"robots_notranslate":false,"robots_max_snippet":"-1","robots_max_videopreview":"-1","robots_max_imagepreview":"large","priority":null,"frequency":"default","local_seo":null,"breadcrumb_settings":null,"limit_modified_date":false,"ai":{"faqs":[],"keyPoints":[],"titles":[],"descriptions":[],"socialPosts":{"email":[],"linkedin":[],"twitter":[],"facebook":[],"instagram":[]}},"created":"2025-08-26 17:51:18","updated":"2025-08-26 18:00:38","seo_analyzer_scan_date":null},"aioseo_breadcrumb":"<div class=\"aioseo-breadcrumbs\"><span class=\"aioseo-breadcrumb\">\n\t\t\t<a href=\"https:\/\/newsinfoco.com.br\/inicio\" title=\"In\u00edcio\">In\u00edcio<\/a>\n\t\t<\/span><span class=\"aioseo-breadcrumb-separator\">&raquo;<\/span><span class=\"aioseo-breadcrumb\">\n\t\t\t<a href=\"https:\/\/newsinfoco.com.br\/inicio\/category\/brasil\/\" title=\"Brasil\">Brasil<\/a>\n\t\t<\/span><span class=\"aioseo-breadcrumb-separator\">&raquo;<\/span><span class=\"aioseo-breadcrumb\">\n\t\t\tMinistro israelense chama Lula de antissemita e apoiador do Hamas\n\t\t<\/span><\/div>","aioseo_breadcrumb_json":[{"label":"In\u00edcio","link":"https:\/\/newsinfoco.com.br\/inicio"},{"label":"Brasil","link":"https:\/\/newsinfoco.com.br\/inicio\/category\/brasil\/"},{"label":"Ministro israelense chama Lula de antissemita e apoiador do Hamas","link":"https:\/\/newsinfoco.com.br\/inicio\/ministro-israelense-chama-lula-de-antissemita-e-apoiador-do-hamas\/"}],"_links":{"self":[{"href":"https:\/\/newsinfoco.com.br\/inicio\/wp-json\/wp\/v2\/posts\/44697","targetHints":{"allow":["GET"]}}],"collection":[{"href":"https:\/\/newsinfoco.com.br\/inicio\/wp-json\/wp\/v2\/posts"}],"about":[{"href":"https:\/\/newsinfoco.com.br\/inicio\/wp-json\/wp\/v2\/types\/post"}],"author":[{"embeddable":true,"href":"https:\/\/newsinfoco.com.br\/inicio\/wp-json\/wp\/v2\/users\/1"}],"replies":[{"embeddable":true,"href":"https:\/\/newsinfoco.com.br\/inicio\/wp-json\/wp\/v2\/comments?post=44697"}],"version-history":[{"count":1,"href":"https:\/\/newsinfoco.com.br\/inicio\/wp-json\/wp\/v2\/posts\/44697\/revisions"}],"predecessor-version":[{"id":44699,"href":"https:\/\/newsinfoco.com.br\/inicio\/wp-json\/wp\/v2\/posts\/44697\/revisions\/44699"}],"wp:featuredmedia":[{"embeddable":true,"href":"https:\/\/newsinfoco.com.br\/inicio\/wp-json\/wp\/v2\/media\/44698"}],"wp:attachment":[{"href":"https:\/\/newsinfoco.com.br\/inicio\/wp-json\/wp\/v2\/media?parent=44697"}],"wp:term":[{"taxonomy":"category","embeddable":true,"href":"https:\/\/newsinfoco.com.br\/inicio\/wp-json\/wp\/v2\/categories?post=44697"},{"taxonomy":"post_tag","embeddable":true,"href":"https:\/\/newsinfoco.com.br\/inicio\/wp-json\/wp\/v2\/tags?post=44697"}],"curies":[{"name":"wp","href":"https:\/\/api.w.org\/{rel}","templated":true}]}}