{"id":44701,"date":"2025-08-26T15:01:02","date_gmt":"2025-08-26T18:01:02","guid":{"rendered":"https:\/\/newsinfoco.com.br\/inicio\/?p=44701"},"modified":"2025-08-26T15:01:02","modified_gmt":"2025-08-26T18:01:02","slug":"prefeitura-da-continuidade-ao-plano-de-arborizacao-urbana-com-novo-plantio-de-mudas-em-alagoinhas","status":"publish","type":"post","link":"https:\/\/newsinfoco.com.br\/inicio\/prefeitura-da-continuidade-ao-plano-de-arborizacao-urbana-com-novo-plantio-de-mudas-em-alagoinhas\/","title":{"rendered":"Prefeitura d\u00e1 continuidade ao plano de arboriza\u00e7\u00e3o urbana com novo plantio de mudas em Alagoinhas"},"content":{"rendered":"<p>A equipe da Secretaria de Desenvolvimento Rural e Meio Ambiente (SDRA) realizou mais uma a\u00e7\u00e3o prevista pelo plano de arboriza\u00e7\u00e3o urbana do munic\u00edpio com o plantio de 17 mudas de plantas nativas da Mata Atl\u00e2ntica na Pra\u00e7a da B\u00edblia, no Cal\u00e7ad\u00e3o, na Pra\u00e7a do Senai e na \u00e1rea em frente ao condom\u00ednio Ilha de Santorini. O plantio foi realizado na manh\u00e3 desta ter\u00e7a-feira, 26, com esp\u00e9cies como pata de vaca, quaresmeira, ip\u00ea rosa e ip\u00ea branco. Estas esp\u00e9cies s\u00e3o consideradas apropriadas para o ambiente urbano por possu\u00edrem ra\u00edzes pivotantes que evitam danos \u00e0 pavimenta\u00e7\u00e3o e ao espa\u00e7o p\u00fablico. Seguindo um plano cont\u00ednuo, as a\u00e7\u00f5es de arboriza\u00e7\u00e3o em Alagoinhas acontecem quinzenalmente.<\/p>\n<p>De acordo com a engenheira ambiental da SDRA, Roziane Cruz, o plantio \u00e9 realizado em \u00e1reas de recarga consideradas priorit\u00e1rias para arboriza\u00e7\u00e3o emergencial. \u201cAs \u00e1rvores reduzem o estresse t\u00e9rmico, fornecem sombra e tornam o espa\u00e7o p\u00fablico mais agrad\u00e1vel. Al\u00e9m disso, h\u00e1 a quest\u00e3o da seguran\u00e7a h\u00eddrica no solo, j\u00e1 que com \u00e1rvores, h\u00e1 maior infiltra\u00e7\u00e3o de \u00e1gua da chuva no solo, menos alagamentos e eros\u00f5es\u201d, destaca Roziane. Segundo ela, parte dos autos de infra\u00e7\u00e3o aplicados pela Secretaria \u00e9 revertida na compra de mudas, escolhidas a partir de crit\u00e9rios t\u00e9cnicos como porte, altura e adequa\u00e7\u00e3o ao ambiente.<\/p>\n<p>A engenheira destaca que a continuidade do trabalho \u00e9 fundamental, pois, al\u00e9m do plantio de \u00e1rvores, ele garante planejamento, manuten\u00e7\u00e3o e monitoramento de \u00e1reas verdes trazendo benef\u00edcios diretos de longo prazo para a cidade e para a popula\u00e7\u00e3o. Os programas permanentes de arboriza\u00e7\u00e3o estimulam a popula\u00e7\u00e3o a participar, criando um senso de pertencimento e valoriza\u00e7\u00e3o dos espa\u00e7os verdes.<\/p>\n<p>\u201cSempre pedimos o apoio da comunidade para que cuide das mudas e nos avise caso alguma precise ser reposta. Esse cuidado coletivo transforma o plantio em legado, garantindo que as \u00e1rvores cres\u00e7am fortes, se integrem ao espa\u00e7o urbano e cumpram sua fun\u00e7\u00e3o ambiental, social e est\u00e9tica\u201d, completa.<\/p>\n<div align=\"right\"><\/div>\n<div class='share-to-whatsapp-wrapper'><div class='share-on-whsp'>Share on: <\/div><a data-text='Prefeitura d\u00e1 continuidade ao plano de arboriza\u00e7\u00e3o urbana com novo plantio de mudas em Alagoinhas' data-link='https:\/\/newsinfoco.com.br\/inicio\/prefeitura-da-continuidade-ao-plano-de-arborizacao-urbana-com-novo-plantio-de-mudas-em-alagoinhas\/' class='whatsapp-button whatsapp-share'>WhatsApp<\/a><div class='clear '><\/div><\/div>","protected":false},"excerpt":{"rendered":"<p>A equipe da Secretaria de Desenvolvimento Rural e Meio Ambiente (SDRA) realizou mais uma a\u00e7\u00e3o prevista pelo plano de arboriza\u00e7\u00e3o urbana do munic\u00edpio com o plantio de 17 mudas de plantas nativas da Mata Atl\u00e2ntica na Pra\u00e7a da B\u00edblia, no Cal\u00e7ad\u00e3o, na Pra\u00e7a do Senai e na \u00e1rea em frente ao condom\u00ednio Ilha de Santorini. [&hellip;]<\/p>\n","protected":false},"author":1,"featured_media":44703,"comment_status":"closed","ping_status":"closed","sticky":false,"template":"","format":"standard","meta":{"om_disable_all_campaigns":false,"rop_custom_images_group":[],"rop_custom_messages_group":[],"rop_publish_now":"initial","rop_publish_now_accounts":[],"rop_publish_now_history":[],"rop_publish_now_status":"pending","_exactmetrics_skip_tracking":false,"footnotes":""},"categories":[38,167],"tags":[],"class_list":["post-44701","post","type-post","status-publish","format-standard","has-post-thumbnail","hentry","category-alagoinhas-e-regiao","category-exclusivas"],"aioseo_notices":[],"aioseo_head":"\n\t\t<!-- All in One SEO 4.9.10 - aioseo.com -->\n\t<meta name=\"description\" content=\"A equipe da Secretaria de Desenvolvimento Rural e Meio Ambiente (SDRA) realizou mais uma a\u00e7\u00e3o prevista pelo plano de arboriza\u00e7\u00e3o urbana do munic\u00edpio com o plantio de 17 mudas de plantas nativas da Mata Atl\u00e2ntica na Pra\u00e7a da B\u00edblia, no Cal\u00e7ad\u00e3o, na Pra\u00e7a do Senai e na \u00e1rea em frente ao condom\u00ednio Ilha de Santorini.\" \/>\n\t<meta name=\"robots\" content=\"max-image-preview:large\" \/>\n\t<meta name=\"author\" content=\"administrador\"\/>\n\t<link rel=\"canonical\" href=\"https:\/\/newsinfoco.com.br\/inicio\/prefeitura-da-continuidade-ao-plano-de-arborizacao-urbana-com-novo-plantio-de-mudas-em-alagoinhas\/\" \/>\n\t<meta name=\"generator\" content=\"All in One SEO (AIOSEO) 4.9.10\" \/>\n\t\t<meta property=\"og:locale\" content=\"pt_BR\" \/>\n\t\t<meta property=\"og:site_name\" content=\"News In Foco - Editado por Caio Pimenta - O principal site de noticias de Alagoinhas e regi\u00e3o\" \/>\n\t\t<meta property=\"og:type\" content=\"article\" \/>\n\t\t<meta property=\"og:title\" content=\"Prefeitura d\u00e1 continuidade ao plano de arboriza\u00e7\u00e3o urbana com novo plantio de mudas em Alagoinhas - News In Foco - Editado por Caio Pimenta\" \/>\n\t\t<meta property=\"og:description\" content=\"A equipe da Secretaria de Desenvolvimento Rural e Meio Ambiente (SDRA) realizou mais uma a\u00e7\u00e3o prevista pelo plano de arboriza\u00e7\u00e3o urbana do munic\u00edpio com o plantio de 17 mudas de plantas nativas da Mata Atl\u00e2ntica na Pra\u00e7a da B\u00edblia, no Cal\u00e7ad\u00e3o, na Pra\u00e7a do Senai e na \u00e1rea em frente ao condom\u00ednio Ilha de Santorini.\" \/>\n\t\t<meta property=\"og:url\" content=\"https:\/\/newsinfoco.com.br\/inicio\/prefeitura-da-continuidade-ao-plano-de-arborizacao-urbana-com-novo-plantio-de-mudas-em-alagoinhas\/\" \/>\n\t\t<meta property=\"article:published_time\" content=\"2025-08-26T18:01:02+00:00\" \/>\n\t\t<meta property=\"article:modified_time\" content=\"2025-08-26T18:01:02+00:00\" \/>\n\t\t<meta name=\"twitter:card\" content=\"summary_large_image\" \/>\n\t\t<meta name=\"twitter:title\" content=\"Prefeitura d\u00e1 continuidade ao plano de arboriza\u00e7\u00e3o urbana com novo plantio de mudas em Alagoinhas - News In Foco - Editado por Caio Pimenta\" \/>\n\t\t<meta name=\"twitter:description\" content=\"A equipe da Secretaria de Desenvolvimento Rural e Meio Ambiente (SDRA) realizou mais uma a\u00e7\u00e3o prevista pelo plano de arboriza\u00e7\u00e3o urbana do munic\u00edpio com o plantio de 17 mudas de plantas nativas da Mata Atl\u00e2ntica na Pra\u00e7a da B\u00edblia, no Cal\u00e7ad\u00e3o, na Pra\u00e7a do Senai e na \u00e1rea em frente ao condom\u00ednio Ilha de Santorini.\" \/>\n\t\t<script type=\"application\/ld+json\" class=\"aioseo-schema\">\n\t\t\t{\"@context\":\"https:\\\/\\\/schema.org\",\"@graph\":[{\"@type\":\"BlogPosting\",\"@id\":\"https:\\\/\\\/newsinfoco.com.br\\\/inicio\\\/prefeitura-da-continuidade-ao-plano-de-arborizacao-urbana-com-novo-plantio-de-mudas-em-alagoinhas\\\/#blogposting\",\"name\":\"Prefeitura d\\u00e1 continuidade ao plano de arboriza\\u00e7\\u00e3o urbana com novo plantio de mudas em Alagoinhas - News In Foco - Editado por Caio Pimenta\",\"headline\":\"Prefeitura d\\u00e1 continuidade ao plano de arboriza\\u00e7\\u00e3o urbana com novo plantio de mudas em Alagoinhas\",\"author\":{\"@id\":\"https:\\\/\\\/newsinfoco.com.br\\\/inicio\\\/author\\\/administrador\\\/#author\"},\"publisher\":{\"@id\":\"https:\\\/\\\/newsinfoco.com.br\\\/inicio\\\/#organization\"},\"image\":{\"@type\":\"ImageObject\",\"url\":\"https:\\\/\\\/newsinfoco.com.br\\\/inicio\\\/wp-content\\\/uploads\\\/2025\\\/08\\\/c80e19e0-af4e-41f9-ba73-11958a9c326c-1-scaled.jpeg\",\"width\":2560,\"height\":1920},\"datePublished\":\"2025-08-26T15:01:02-03:00\",\"dateModified\":\"2025-08-26T15:01:02-03:00\",\"inLanguage\":\"pt-BR\",\"mainEntityOfPage\":{\"@id\":\"https:\\\/\\\/newsinfoco.com.br\\\/inicio\\\/prefeitura-da-continuidade-ao-plano-de-arborizacao-urbana-com-novo-plantio-de-mudas-em-alagoinhas\\\/#webpage\"},\"isPartOf\":{\"@id\":\"https:\\\/\\\/newsinfoco.com.br\\\/inicio\\\/prefeitura-da-continuidade-ao-plano-de-arborizacao-urbana-com-novo-plantio-de-mudas-em-alagoinhas\\\/#webpage\"},\"articleSection\":\"Alagoinhas e Regi\\u00e3o, Manchete\"},{\"@type\":\"BreadcrumbList\",\"@id\":\"https:\\\/\\\/newsinfoco.com.br\\\/inicio\\\/prefeitura-da-continuidade-ao-plano-de-arborizacao-urbana-com-novo-plantio-de-mudas-em-alagoinhas\\\/#breadcrumblist\",\"itemListElement\":[{\"@type\":\"ListItem\",\"@id\":\"https:\\\/\\\/newsinfoco.com.br\\\/inicio#listItem\",\"position\":1,\"name\":\"In\\u00edcio\",\"item\":\"https:\\\/\\\/newsinfoco.com.br\\\/inicio\",\"nextItem\":{\"@type\":\"ListItem\",\"@id\":\"https:\\\/\\\/newsinfoco.com.br\\\/inicio\\\/category\\\/alagoinhas-e-regiao\\\/#listItem\",\"name\":\"Alagoinhas e Regi\\u00e3o\"}},{\"@type\":\"ListItem\",\"@id\":\"https:\\\/\\\/newsinfoco.com.br\\\/inicio\\\/category\\\/alagoinhas-e-regiao\\\/#listItem\",\"position\":2,\"name\":\"Alagoinhas e Regi\\u00e3o\",\"item\":\"https:\\\/\\\/newsinfoco.com.br\\\/inicio\\\/category\\\/alagoinhas-e-regiao\\\/\",\"nextItem\":{\"@type\":\"ListItem\",\"@id\":\"https:\\\/\\\/newsinfoco.com.br\\\/inicio\\\/prefeitura-da-continuidade-ao-plano-de-arborizacao-urbana-com-novo-plantio-de-mudas-em-alagoinhas\\\/#listItem\",\"name\":\"Prefeitura d\\u00e1 continuidade ao plano de arboriza\\u00e7\\u00e3o urbana com novo plantio de mudas em Alagoinhas\"},\"previousItem\":{\"@type\":\"ListItem\",\"@id\":\"https:\\\/\\\/newsinfoco.com.br\\\/inicio#listItem\",\"name\":\"In\\u00edcio\"}},{\"@type\":\"ListItem\",\"@id\":\"https:\\\/\\\/newsinfoco.com.br\\\/inicio\\\/prefeitura-da-continuidade-ao-plano-de-arborizacao-urbana-com-novo-plantio-de-mudas-em-alagoinhas\\\/#listItem\",\"position\":3,\"name\":\"Prefeitura d\\u00e1 continuidade ao plano de arboriza\\u00e7\\u00e3o urbana com novo plantio de mudas em Alagoinhas\",\"previousItem\":{\"@type\":\"ListItem\",\"@id\":\"https:\\\/\\\/newsinfoco.com.br\\\/inicio\\\/category\\\/alagoinhas-e-regiao\\\/#listItem\",\"name\":\"Alagoinhas e Regi\\u00e3o\"}}]},{\"@type\":\"Organization\",\"@id\":\"https:\\\/\\\/newsinfoco.com.br\\\/inicio\\\/#organization\",\"name\":\"News In Foco - Editado por Caio Pimenta\",\"description\":\"O principal site de noticias de Alagoinhas e regi\\u00e3o\",\"url\":\"https:\\\/\\\/newsinfoco.com.br\\\/inicio\\\/\"},{\"@type\":\"Person\",\"@id\":\"https:\\\/\\\/newsinfoco.com.br\\\/inicio\\\/author\\\/administrador\\\/#author\",\"url\":\"https:\\\/\\\/newsinfoco.com.br\\\/inicio\\\/author\\\/administrador\\\/\",\"name\":\"administrador\",\"image\":{\"@type\":\"ImageObject\",\"@id\":\"https:\\\/\\\/newsinfoco.com.br\\\/inicio\\\/prefeitura-da-continuidade-ao-plano-de-arborizacao-urbana-com-novo-plantio-de-mudas-em-alagoinhas\\\/#authorImage\",\"url\":\"https:\\\/\\\/secure.gravatar.com\\\/avatar\\\/c17a617433de8c1dc9584bb79aab7563b46f5bb7e1728c9b17d9cc3ce6a08e49?s=96&d=mm&r=g\",\"width\":96,\"height\":96,\"caption\":\"administrador\"}},{\"@type\":\"WebPage\",\"@id\":\"https:\\\/\\\/newsinfoco.com.br\\\/inicio\\\/prefeitura-da-continuidade-ao-plano-de-arborizacao-urbana-com-novo-plantio-de-mudas-em-alagoinhas\\\/#webpage\",\"url\":\"https:\\\/\\\/newsinfoco.com.br\\\/inicio\\\/prefeitura-da-continuidade-ao-plano-de-arborizacao-urbana-com-novo-plantio-de-mudas-em-alagoinhas\\\/\",\"name\":\"Prefeitura d\\u00e1 continuidade ao plano de arboriza\\u00e7\\u00e3o urbana com novo plantio de mudas em Alagoinhas - News In Foco - Editado por Caio Pimenta\",\"description\":\"A equipe da Secretaria de Desenvolvimento Rural e Meio Ambiente (SDRA) realizou mais uma a\\u00e7\\u00e3o prevista pelo plano de arboriza\\u00e7\\u00e3o urbana do munic\\u00edpio com o plantio de 17 mudas de plantas nativas da Mata Atl\\u00e2ntica na Pra\\u00e7a da B\\u00edblia, no Cal\\u00e7ad\\u00e3o, na Pra\\u00e7a do Senai e na \\u00e1rea em frente ao condom\\u00ednio Ilha de Santorini.\",\"inLanguage\":\"pt-BR\",\"isPartOf\":{\"@id\":\"https:\\\/\\\/newsinfoco.com.br\\\/inicio\\\/#website\"},\"breadcrumb\":{\"@id\":\"https:\\\/\\\/newsinfoco.com.br\\\/inicio\\\/prefeitura-da-continuidade-ao-plano-de-arborizacao-urbana-com-novo-plantio-de-mudas-em-alagoinhas\\\/#breadcrumblist\"},\"author\":{\"@id\":\"https:\\\/\\\/newsinfoco.com.br\\\/inicio\\\/author\\\/administrador\\\/#author\"},\"creator\":{\"@id\":\"https:\\\/\\\/newsinfoco.com.br\\\/inicio\\\/author\\\/administrador\\\/#author\"},\"image\":{\"@type\":\"ImageObject\",\"url\":\"https:\\\/\\\/newsinfoco.com.br\\\/inicio\\\/wp-content\\\/uploads\\\/2025\\\/08\\\/c80e19e0-af4e-41f9-ba73-11958a9c326c-1-scaled.jpeg\",\"@id\":\"https:\\\/\\\/newsinfoco.com.br\\\/inicio\\\/prefeitura-da-continuidade-ao-plano-de-arborizacao-urbana-com-novo-plantio-de-mudas-em-alagoinhas\\\/#mainImage\",\"width\":2560,\"height\":1920},\"primaryImageOfPage\":{\"@id\":\"https:\\\/\\\/newsinfoco.com.br\\\/inicio\\\/prefeitura-da-continuidade-ao-plano-de-arborizacao-urbana-com-novo-plantio-de-mudas-em-alagoinhas\\\/#mainImage\"},\"datePublished\":\"2025-08-26T15:01:02-03:00\",\"dateModified\":\"2025-08-26T15:01:02-03:00\"},{\"@type\":\"WebSite\",\"@id\":\"https:\\\/\\\/newsinfoco.com.br\\\/inicio\\\/#website\",\"url\":\"https:\\\/\\\/newsinfoco.com.br\\\/inicio\\\/\",\"name\":\"News In Foco - Editado por Caio Pimenta\",\"description\":\"O principal site de noticias de Alagoinhas e regi\\u00e3o\",\"inLanguage\":\"pt-BR\",\"publisher\":{\"@id\":\"https:\\\/\\\/newsinfoco.com.br\\\/inicio\\\/#organization\"}}]}\n\t\t<\/script>\n\t\t<!-- All in One SEO -->\n\n","aioseo_head_json":{"title":"Prefeitura d\u00e1 continuidade ao plano de arboriza\u00e7\u00e3o urbana com novo plantio de mudas em Alagoinhas - News In Foco - Editado por Caio Pimenta","description":"A equipe da Secretaria de Desenvolvimento Rural e Meio Ambiente (SDRA) realizou mais uma a\u00e7\u00e3o prevista pelo plano de arboriza\u00e7\u00e3o urbana do munic\u00edpio com o plantio de 17 mudas de plantas nativas da Mata Atl\u00e2ntica na Pra\u00e7a da B\u00edblia, no Cal\u00e7ad\u00e3o, na Pra\u00e7a do Senai e na \u00e1rea em frente ao condom\u00ednio Ilha de Santorini.","canonical_url":"https:\/\/newsinfoco.com.br\/inicio\/prefeitura-da-continuidade-ao-plano-de-arborizacao-urbana-com-novo-plantio-de-mudas-em-alagoinhas\/","robots":"max-image-preview:large","keywords":"","webmasterTools":{"miscellaneous":""},"schema":{"@context":"https:\/\/schema.org","@graph":[{"@type":"BlogPosting","@id":"https:\/\/newsinfoco.com.br\/inicio\/prefeitura-da-continuidade-ao-plano-de-arborizacao-urbana-com-novo-plantio-de-mudas-em-alagoinhas\/#blogposting","name":"Prefeitura d\u00e1 continuidade ao plano de arboriza\u00e7\u00e3o urbana com novo plantio de mudas em Alagoinhas - News In Foco - Editado por Caio Pimenta","headline":"Prefeitura d\u00e1 continuidade ao plano de arboriza\u00e7\u00e3o urbana com novo plantio de mudas em Alagoinhas","author":{"@id":"https:\/\/newsinfoco.com.br\/inicio\/author\/administrador\/#author"},"publisher":{"@id":"https:\/\/newsinfoco.com.br\/inicio\/#organization"},"image":{"@type":"ImageObject","url":"https:\/\/newsinfoco.com.br\/inicio\/wp-content\/uploads\/2025\/08\/c80e19e0-af4e-41f9-ba73-11958a9c326c-1-scaled.jpeg","width":2560,"height":1920},"datePublished":"2025-08-26T15:01:02-03:00","dateModified":"2025-08-26T15:01:02-03:00","inLanguage":"pt-BR","mainEntityOfPage":{"@id":"https:\/\/newsinfoco.com.br\/inicio\/prefeitura-da-continuidade-ao-plano-de-arborizacao-urbana-com-novo-plantio-de-mudas-em-alagoinhas\/#webpage"},"isPartOf":{"@id":"https:\/\/newsinfoco.com.br\/inicio\/prefeitura-da-continuidade-ao-plano-de-arborizacao-urbana-com-novo-plantio-de-mudas-em-alagoinhas\/#webpage"},"articleSection":"Alagoinhas e Regi\u00e3o, Manchete"},{"@type":"BreadcrumbList","@id":"https:\/\/newsinfoco.com.br\/inicio\/prefeitura-da-continuidade-ao-plano-de-arborizacao-urbana-com-novo-plantio-de-mudas-em-alagoinhas\/#breadcrumblist","itemListElement":[{"@type":"ListItem","@id":"https:\/\/newsinfoco.com.br\/inicio#listItem","position":1,"name":"In\u00edcio","item":"https:\/\/newsinfoco.com.br\/inicio","nextItem":{"@type":"ListItem","@id":"https:\/\/newsinfoco.com.br\/inicio\/category\/alagoinhas-e-regiao\/#listItem","name":"Alagoinhas e Regi\u00e3o"}},{"@type":"ListItem","@id":"https:\/\/newsinfoco.com.br\/inicio\/category\/alagoinhas-e-regiao\/#listItem","position":2,"name":"Alagoinhas e Regi\u00e3o","item":"https:\/\/newsinfoco.com.br\/inicio\/category\/alagoinhas-e-regiao\/","nextItem":{"@type":"ListItem","@id":"https:\/\/newsinfoco.com.br\/inicio\/prefeitura-da-continuidade-ao-plano-de-arborizacao-urbana-com-novo-plantio-de-mudas-em-alagoinhas\/#listItem","name":"Prefeitura d\u00e1 continuidade ao plano de arboriza\u00e7\u00e3o urbana com novo plantio de mudas em Alagoinhas"},"previousItem":{"@type":"ListItem","@id":"https:\/\/newsinfoco.com.br\/inicio#listItem","name":"In\u00edcio"}},{"@type":"ListItem","@id":"https:\/\/newsinfoco.com.br\/inicio\/prefeitura-da-continuidade-ao-plano-de-arborizacao-urbana-com-novo-plantio-de-mudas-em-alagoinhas\/#listItem","position":3,"name":"Prefeitura d\u00e1 continuidade ao plano de arboriza\u00e7\u00e3o urbana com novo plantio de mudas em Alagoinhas","previousItem":{"@type":"ListItem","@id":"https:\/\/newsinfoco.com.br\/inicio\/category\/alagoinhas-e-regiao\/#listItem","name":"Alagoinhas e Regi\u00e3o"}}]},{"@type":"Organization","@id":"https:\/\/newsinfoco.com.br\/inicio\/#organization","name":"News In Foco - Editado por Caio Pimenta","description":"O principal site de noticias de Alagoinhas e regi\u00e3o","url":"https:\/\/newsinfoco.com.br\/inicio\/"},{"@type":"Person","@id":"https:\/\/newsinfoco.com.br\/inicio\/author\/administrador\/#author","url":"https:\/\/newsinfoco.com.br\/inicio\/author\/administrador\/","name":"administrador","image":{"@type":"ImageObject","@id":"https:\/\/newsinfoco.com.br\/inicio\/prefeitura-da-continuidade-ao-plano-de-arborizacao-urbana-com-novo-plantio-de-mudas-em-alagoinhas\/#authorImage","url":"https:\/\/secure.gravatar.com\/avatar\/c17a617433de8c1dc9584bb79aab7563b46f5bb7e1728c9b17d9cc3ce6a08e49?s=96&d=mm&r=g","width":96,"height":96,"caption":"administrador"}},{"@type":"WebPage","@id":"https:\/\/newsinfoco.com.br\/inicio\/prefeitura-da-continuidade-ao-plano-de-arborizacao-urbana-com-novo-plantio-de-mudas-em-alagoinhas\/#webpage","url":"https:\/\/newsinfoco.com.br\/inicio\/prefeitura-da-continuidade-ao-plano-de-arborizacao-urbana-com-novo-plantio-de-mudas-em-alagoinhas\/","name":"Prefeitura d\u00e1 continuidade ao plano de arboriza\u00e7\u00e3o urbana com novo plantio de mudas em Alagoinhas - News In Foco - Editado por Caio Pimenta","description":"A equipe da Secretaria de Desenvolvimento Rural e Meio Ambiente (SDRA) realizou mais uma a\u00e7\u00e3o prevista pelo plano de arboriza\u00e7\u00e3o urbana do munic\u00edpio com o plantio de 17 mudas de plantas nativas da Mata Atl\u00e2ntica na Pra\u00e7a da B\u00edblia, no Cal\u00e7ad\u00e3o, na Pra\u00e7a do Senai e na \u00e1rea em frente ao condom\u00ednio Ilha de Santorini.","inLanguage":"pt-BR","isPartOf":{"@id":"https:\/\/newsinfoco.com.br\/inicio\/#website"},"breadcrumb":{"@id":"https:\/\/newsinfoco.com.br\/inicio\/prefeitura-da-continuidade-ao-plano-de-arborizacao-urbana-com-novo-plantio-de-mudas-em-alagoinhas\/#breadcrumblist"},"author":{"@id":"https:\/\/newsinfoco.com.br\/inicio\/author\/administrador\/#author"},"creator":{"@id":"https:\/\/newsinfoco.com.br\/inicio\/author\/administrador\/#author"},"image":{"@type":"ImageObject","url":"https:\/\/newsinfoco.com.br\/inicio\/wp-content\/uploads\/2025\/08\/c80e19e0-af4e-41f9-ba73-11958a9c326c-1-scaled.jpeg","@id":"https:\/\/newsinfoco.com.br\/inicio\/prefeitura-da-continuidade-ao-plano-de-arborizacao-urbana-com-novo-plantio-de-mudas-em-alagoinhas\/#mainImage","width":2560,"height":1920},"primaryImageOfPage":{"@id":"https:\/\/newsinfoco.com.br\/inicio\/prefeitura-da-continuidade-ao-plano-de-arborizacao-urbana-com-novo-plantio-de-mudas-em-alagoinhas\/#mainImage"},"datePublished":"2025-08-26T15:01:02-03:00","dateModified":"2025-08-26T15:01:02-03:00"},{"@type":"WebSite","@id":"https:\/\/newsinfoco.com.br\/inicio\/#website","url":"https:\/\/newsinfoco.com.br\/inicio\/","name":"News In Foco - Editado por Caio Pimenta","description":"O principal site de noticias de Alagoinhas e regi\u00e3o","inLanguage":"pt-BR","publisher":{"@id":"https:\/\/newsinfoco.com.br\/inicio\/#organization"}}]},"og:locale":"pt_BR","og:site_name":"News In Foco - Editado por Caio Pimenta - O principal site de noticias de Alagoinhas e regi\u00e3o","og:type":"article","og:title":"Prefeitura d\u00e1 continuidade ao plano de arboriza\u00e7\u00e3o urbana com novo plantio de mudas em Alagoinhas - News In Foco - Editado por Caio Pimenta","og:description":"A equipe da Secretaria de Desenvolvimento Rural e Meio Ambiente (SDRA) realizou mais uma a\u00e7\u00e3o prevista pelo plano de arboriza\u00e7\u00e3o urbana do munic\u00edpio com o plantio de 17 mudas de plantas nativas da Mata Atl\u00e2ntica na Pra\u00e7a da B\u00edblia, no Cal\u00e7ad\u00e3o, na Pra\u00e7a do Senai e na \u00e1rea em frente ao condom\u00ednio Ilha de Santorini.","og:url":"https:\/\/newsinfoco.com.br\/inicio\/prefeitura-da-continuidade-ao-plano-de-arborizacao-urbana-com-novo-plantio-de-mudas-em-alagoinhas\/","article:published_time":"2025-08-26T18:01:02+00:00","article:modified_time":"2025-08-26T18:01:02+00:00","twitter:card":"summary_large_image","twitter:title":"Prefeitura d\u00e1 continuidade ao plano de arboriza\u00e7\u00e3o urbana com novo plantio de mudas em Alagoinhas - News In Foco - Editado por Caio Pimenta","twitter:description":"A equipe da Secretaria de Desenvolvimento Rural e Meio Ambiente (SDRA) realizou mais uma a\u00e7\u00e3o prevista pelo plano de arboriza\u00e7\u00e3o urbana do munic\u00edpio com o plantio de 17 mudas de plantas nativas da Mata Atl\u00e2ntica na Pra\u00e7a da B\u00edblia, no Cal\u00e7ad\u00e3o, na Pra\u00e7a do Senai e na \u00e1rea em frente ao condom\u00ednio Ilha de Santorini."},"aioseo_meta_data":{"post_id":"44701","title":null,"description":null,"keywords":null,"keyphrases":{"focus":{"keyphrase":"","score":0,"analysis":{"keyphraseInTitle":{"score":0,"maxScore":9,"error":1}}},"additional":[]},"primary_term":null,"canonical_url":null,"og_title":null,"og_description":null,"og_object_type":"default","og_image_type":"default","og_image_url":null,"og_image_width":null,"og_image_height":null,"og_image_custom_url":null,"og_image_custom_fields":null,"og_video":"","og_custom_url":null,"og_article_section":null,"og_article_tags":null,"twitter_use_og":false,"twitter_card":"default","twitter_image_type":"default","twitter_image_url":null,"twitter_image_custom_url":null,"twitter_image_custom_fields":null,"twitter_title":null,"twitter_description":null,"schema":{"blockGraphs":[],"customGraphs":[],"default":{"data":{"Article":[],"Course":[],"Dataset":[],"FAQPage":[],"Movie":[],"Person":[],"Product":[],"ProductReview":[],"Car":[],"Recipe":[],"Service":[],"SoftwareApplication":[],"WebPage":[]},"graphName":"BlogPosting","isEnabled":true},"graphs":[]},"schema_type":"default","schema_type_options":null,"pillar_content":false,"robots_default":true,"robots_noindex":false,"robots_noarchive":false,"robots_nosnippet":false,"robots_nofollow":false,"robots_noimageindex":false,"robots_noodp":false,"robots_notranslate":false,"robots_max_snippet":"-1","robots_max_videopreview":"-1","robots_max_imagepreview":"large","priority":null,"frequency":"default","local_seo":null,"breadcrumb_settings":null,"limit_modified_date":false,"ai":{"faqs":[],"keyPoints":[],"titles":[],"descriptions":[],"socialPosts":{"email":[],"linkedin":[],"twitter":[],"facebook":[],"instagram":[]}},"created":"2025-08-26 18:01:02","updated":"2025-08-26 18:02:36","seo_analyzer_scan_date":null},"aioseo_breadcrumb":"<div class=\"aioseo-breadcrumbs\"><span class=\"aioseo-breadcrumb\">\n\t\t\t<a href=\"https:\/\/newsinfoco.com.br\/inicio\" title=\"In\u00edcio\">In\u00edcio<\/a>\n\t\t<\/span><span class=\"aioseo-breadcrumb-separator\">&raquo;<\/span><span class=\"aioseo-breadcrumb\">\n\t\t\t<a href=\"https:\/\/newsinfoco.com.br\/inicio\/category\/alagoinhas-e-regiao\/\" title=\"Alagoinhas e Regi\u00e3o\">Alagoinhas e Regi\u00e3o<\/a>\n\t\t<\/span><span class=\"aioseo-breadcrumb-separator\">&raquo;<\/span><span class=\"aioseo-breadcrumb\">\n\t\t\tPrefeitura d\u00e1 continuidade ao plano de arboriza\u00e7\u00e3o urbana com novo plantio de mudas em Alagoinhas\n\t\t<\/span><\/div>","aioseo_breadcrumb_json":[{"label":"In\u00edcio","link":"https:\/\/newsinfoco.com.br\/inicio"},{"label":"Alagoinhas e Regi\u00e3o","link":"https:\/\/newsinfoco.com.br\/inicio\/category\/alagoinhas-e-regiao\/"},{"label":"Prefeitura d\u00e1 continuidade ao plano de arboriza\u00e7\u00e3o urbana com novo plantio de mudas em Alagoinhas","link":"https:\/\/newsinfoco.com.br\/inicio\/prefeitura-da-continuidade-ao-plano-de-arborizacao-urbana-com-novo-plantio-de-mudas-em-alagoinhas\/"}],"_links":{"self":[{"href":"https:\/\/newsinfoco.com.br\/inicio\/wp-json\/wp\/v2\/posts\/44701","targetHints":{"allow":["GET"]}}],"collection":[{"href":"https:\/\/newsinfoco.com.br\/inicio\/wp-json\/wp\/v2\/posts"}],"about":[{"href":"https:\/\/newsinfoco.com.br\/inicio\/wp-json\/wp\/v2\/types\/post"}],"author":[{"embeddable":true,"href":"https:\/\/newsinfoco.com.br\/inicio\/wp-json\/wp\/v2\/users\/1"}],"replies":[{"embeddable":true,"href":"https:\/\/newsinfoco.com.br\/inicio\/wp-json\/wp\/v2\/comments?post=44701"}],"version-history":[{"count":1,"href":"https:\/\/newsinfoco.com.br\/inicio\/wp-json\/wp\/v2\/posts\/44701\/revisions"}],"predecessor-version":[{"id":44704,"href":"https:\/\/newsinfoco.com.br\/inicio\/wp-json\/wp\/v2\/posts\/44701\/revisions\/44704"}],"wp:featuredmedia":[{"embeddable":true,"href":"https:\/\/newsinfoco.com.br\/inicio\/wp-json\/wp\/v2\/media\/44703"}],"wp:attachment":[{"href":"https:\/\/newsinfoco.com.br\/inicio\/wp-json\/wp\/v2\/media?parent=44701"}],"wp:term":[{"taxonomy":"category","embeddable":true,"href":"https:\/\/newsinfoco.com.br\/inicio\/wp-json\/wp\/v2\/categories?post=44701"},{"taxonomy":"post_tag","embeddable":true,"href":"https:\/\/newsinfoco.com.br\/inicio\/wp-json\/wp\/v2\/tags?post=44701"}],"curies":[{"name":"wp","href":"https:\/\/api.w.org\/{rel}","templated":true}]}}