{"id":44709,"date":"2025-08-27T17:25:04","date_gmt":"2025-08-27T20:25:04","guid":{"rendered":"https:\/\/newsinfoco.com.br\/inicio\/?p=44709"},"modified":"2025-08-27T17:25:04","modified_gmt":"2025-08-27T20:25:04","slug":"nova-formacao-do-conselho-de-cultura-toma-posse-em-alagoinhas","status":"publish","type":"post","link":"https:\/\/newsinfoco.com.br\/inicio\/nova-formacao-do-conselho-de-cultura-toma-posse-em-alagoinhas\/","title":{"rendered":"Nova forma\u00e7\u00e3o do Conselho de Cultura toma posse em Alagoinhas"},"content":{"rendered":"<p>A nova forma\u00e7\u00e3o de conselheiros e conselheiras de Cultura eleitos tomou posse na manh\u00e3 desta quarta-feira (27), durante o ato simb\u00f3lico que aconteceu no Espa\u00e7o Colaborar, na Secretaria de Cultura, Esporte e Turismo. Os quatro conselheiros empossados foram Neiton Jos\u00e9 dos Santos (presidente), Gian Di Credico (vice-presidente), Carlos Zamb\u00ea (secret\u00e1rio) e Maria Tereza (segunda secret\u00e1ria).<\/p>\n<p>Neiton foi eleito presidente por aclama\u00e7\u00e3o. Para ele, a vota\u00e7\u00e3o reflete o apoio dos artistas e mostra como o conselho ser\u00e1 conduzido nessa gest\u00e3o. \u201cA gente vai desempenhar o papel de buscar projetos vi\u00e1veis e acess\u00edveis a toda a comunidade art\u00edstica. A meta \u00e9 reformular o regimento interno do conselho, ter um espa\u00e7o cultural para os artistas da nossa cidade, a Pra\u00e7a dos Artistas, criar a Casa do M\u00fasico e reformular o Mercado de Artes\u00e3o\u201d, afirmou.<\/p>\n<p>O secret\u00e1rio de Cultura, Jo\u00e3o Henrique Paollilo, destacou a import\u00e2ncia do conselho para a sociedade. \u201c\u00c9 justamente essa conjun\u00e7\u00e3o de v\u00e1rias vozes que faz a cultura acontecer na nossa cidade, formatando um conselho que possa promover uma pol\u00edtica cultural acess\u00edvel. As pessoas eleitas s\u00e3o important\u00edssimas e t\u00eam a miss\u00e3o de levar a cultura de Alagoinhas para outro patamar, muito maior e melhor do que tem sido feito at\u00e9 o momento\u201d, concluiu o gestor.<\/p>\n<p>A nova forma\u00e7\u00e3o de conselheiros e conselheiras de Cultura eleitos tomou posse na manh\u00e3 desta quarta-feira (27), durante o ato simb\u00f3lico que aconteceu no Espa\u00e7o Colaborar, na Secretaria de Cultura, Esporte e Turismo. Os quatro conselheiros empossados foram Neiton Jos\u00e9 dos Santos (presidente), Gian Di Credico (vice-presidente), Carlos Zamb\u00ea (secret\u00e1rio) e Maria Tereza (segunda secret\u00e1ria).<\/p>\n<p>Neiton foi eleito presidente por aclama\u00e7\u00e3o. Para ele, a vota\u00e7\u00e3o reflete o apoio dos artistas e mostra como o conselho ser\u00e1 conduzido nessa gest\u00e3o. \u201cA gente vai desempenhar o papel de buscar projetos vi\u00e1veis e acess\u00edveis a toda a comunidade art\u00edstica. A meta \u00e9 reformular o regimento interno do conselho, ter um espa\u00e7o cultural para os artistas da nossa cidade, a Pra\u00e7a dos Artistas, criar a Casa do M\u00fasico e reformular o Mercado de Artes\u00e3o\u201d, afirmou.<\/p>\n<p>O secret\u00e1rio de Cultura, Jo\u00e3o Henrique Paollilo, destacou a import\u00e2ncia do conselho para a sociedade. \u201c\u00c9 justamente essa conjun\u00e7\u00e3o de v\u00e1rias vozes que faz a cultura acontecer na nossa cidade, formatando um conselho que possa promover uma pol\u00edtica cultural acess\u00edvel. As pessoas eleitas s\u00e3o important\u00edssimas e t\u00eam a miss\u00e3o de levar a cultura de Alagoinhas para outro patamar, muito maior e melhor do que tem sido feito at\u00e9 o momento\u201d, concluiu o gestor.<\/p>\n<p>&nbsp;<\/p>\n<div class='share-to-whatsapp-wrapper'><div class='share-on-whsp'>Share on: <\/div><a data-text='Nova forma\u00e7\u00e3o do Conselho de Cultura toma posse em Alagoinhas' data-link='https:\/\/newsinfoco.com.br\/inicio\/nova-formacao-do-conselho-de-cultura-toma-posse-em-alagoinhas\/' class='whatsapp-button whatsapp-share'>WhatsApp<\/a><div class='clear '><\/div><\/div>","protected":false},"excerpt":{"rendered":"<p>A nova forma\u00e7\u00e3o de conselheiros e conselheiras de Cultura eleitos tomou posse na manh\u00e3 desta quarta-feira (27), durante o ato simb\u00f3lico que aconteceu no Espa\u00e7o Colaborar, na Secretaria de Cultura, Esporte e Turismo. Os quatro conselheiros empossados foram Neiton Jos\u00e9 dos Santos (presidente), Gian Di Credico (vice-presidente), Carlos Zamb\u00ea (secret\u00e1rio) e Maria Tereza (segunda secret\u00e1ria). [&hellip;]<\/p>\n","protected":false},"author":1,"featured_media":44710,"comment_status":"closed","ping_status":"closed","sticky":false,"template":"","format":"standard","meta":{"om_disable_all_campaigns":false,"rop_custom_images_group":[],"rop_custom_messages_group":[],"rop_publish_now":"initial","rop_publish_now_accounts":[],"rop_publish_now_history":[],"rop_publish_now_status":"pending","_exactmetrics_skip_tracking":false,"footnotes":""},"categories":[38,167],"tags":[],"class_list":["post-44709","post","type-post","status-publish","format-standard","has-post-thumbnail","hentry","category-alagoinhas-e-regiao","category-exclusivas"],"aioseo_notices":[],"aioseo_head":"\n\t\t<!-- All in One SEO 4.9.10 - aioseo.com -->\n\t<meta name=\"description\" content=\"A nova forma\u00e7\u00e3o de conselheiros e conselheiras de Cultura eleitos tomou posse na manh\u00e3 desta quarta-feira (27), durante o ato simb\u00f3lico que aconteceu no Espa\u00e7o Colaborar, na Secretaria de Cultura, Esporte e Turismo. Os quatro conselheiros empossados foram Neiton Jos\u00e9 dos Santos (presidente), Gian Di Credico (vice-presidente), Carlos Zamb\u00ea (secret\u00e1rio) e Maria Tereza (segunda secret\u00e1ria).\" \/>\n\t<meta name=\"robots\" content=\"max-image-preview:large\" \/>\n\t<meta name=\"author\" content=\"administrador\"\/>\n\t<link rel=\"canonical\" href=\"https:\/\/newsinfoco.com.br\/inicio\/nova-formacao-do-conselho-de-cultura-toma-posse-em-alagoinhas\/\" \/>\n\t<meta name=\"generator\" content=\"All in One SEO (AIOSEO) 4.9.10\" \/>\n\t\t<meta property=\"og:locale\" content=\"pt_BR\" \/>\n\t\t<meta property=\"og:site_name\" content=\"News In Foco - Editado por Caio Pimenta - O principal site de noticias de Alagoinhas e regi\u00e3o\" \/>\n\t\t<meta property=\"og:type\" content=\"article\" \/>\n\t\t<meta property=\"og:title\" content=\"Nova forma\u00e7\u00e3o do Conselho de Cultura toma posse em Alagoinhas - News In Foco - Editado por Caio Pimenta\" \/>\n\t\t<meta property=\"og:description\" content=\"A nova forma\u00e7\u00e3o de conselheiros e conselheiras de Cultura eleitos tomou posse na manh\u00e3 desta quarta-feira (27), durante o ato simb\u00f3lico que aconteceu no Espa\u00e7o Colaborar, na Secretaria de Cultura, Esporte e Turismo. Os quatro conselheiros empossados foram Neiton Jos\u00e9 dos Santos (presidente), Gian Di Credico (vice-presidente), Carlos Zamb\u00ea (secret\u00e1rio) e Maria Tereza (segunda secret\u00e1ria).\" \/>\n\t\t<meta property=\"og:url\" content=\"https:\/\/newsinfoco.com.br\/inicio\/nova-formacao-do-conselho-de-cultura-toma-posse-em-alagoinhas\/\" \/>\n\t\t<meta property=\"article:published_time\" content=\"2025-08-27T20:25:04+00:00\" \/>\n\t\t<meta property=\"article:modified_time\" content=\"2025-08-27T20:25:04+00:00\" \/>\n\t\t<meta name=\"twitter:card\" content=\"summary_large_image\" \/>\n\t\t<meta name=\"twitter:title\" content=\"Nova forma\u00e7\u00e3o do Conselho de Cultura toma posse em Alagoinhas - News In Foco - Editado por Caio Pimenta\" \/>\n\t\t<meta name=\"twitter:description\" content=\"A nova forma\u00e7\u00e3o de conselheiros e conselheiras de Cultura eleitos tomou posse na manh\u00e3 desta quarta-feira (27), durante o ato simb\u00f3lico que aconteceu no Espa\u00e7o Colaborar, na Secretaria de Cultura, Esporte e Turismo. Os quatro conselheiros empossados foram Neiton Jos\u00e9 dos Santos (presidente), Gian Di Credico (vice-presidente), Carlos Zamb\u00ea (secret\u00e1rio) e Maria Tereza (segunda secret\u00e1ria).\" \/>\n\t\t<script type=\"application\/ld+json\" class=\"aioseo-schema\">\n\t\t\t{\"@context\":\"https:\\\/\\\/schema.org\",\"@graph\":[{\"@type\":\"BlogPosting\",\"@id\":\"https:\\\/\\\/newsinfoco.com.br\\\/inicio\\\/nova-formacao-do-conselho-de-cultura-toma-posse-em-alagoinhas\\\/#blogposting\",\"name\":\"Nova forma\\u00e7\\u00e3o do Conselho de Cultura toma posse em Alagoinhas - News In Foco - Editado por Caio Pimenta\",\"headline\":\"Nova forma\\u00e7\\u00e3o do Conselho de Cultura toma posse em Alagoinhas\",\"author\":{\"@id\":\"https:\\\/\\\/newsinfoco.com.br\\\/inicio\\\/author\\\/administrador\\\/#author\"},\"publisher\":{\"@id\":\"https:\\\/\\\/newsinfoco.com.br\\\/inicio\\\/#organization\"},\"image\":{\"@type\":\"ImageObject\",\"url\":\"https:\\\/\\\/newsinfoco.com.br\\\/inicio\\\/wp-content\\\/uploads\\\/2025\\\/08\\\/997e67b8-ea73-4488-990a-9fa80596b2d1.jpeg\",\"width\":1280,\"height\":715},\"datePublished\":\"2025-08-27T17:25:04-03:00\",\"dateModified\":\"2025-08-27T17:25:04-03:00\",\"inLanguage\":\"pt-BR\",\"mainEntityOfPage\":{\"@id\":\"https:\\\/\\\/newsinfoco.com.br\\\/inicio\\\/nova-formacao-do-conselho-de-cultura-toma-posse-em-alagoinhas\\\/#webpage\"},\"isPartOf\":{\"@id\":\"https:\\\/\\\/newsinfoco.com.br\\\/inicio\\\/nova-formacao-do-conselho-de-cultura-toma-posse-em-alagoinhas\\\/#webpage\"},\"articleSection\":\"Alagoinhas e Regi\\u00e3o, Manchete\"},{\"@type\":\"BreadcrumbList\",\"@id\":\"https:\\\/\\\/newsinfoco.com.br\\\/inicio\\\/nova-formacao-do-conselho-de-cultura-toma-posse-em-alagoinhas\\\/#breadcrumblist\",\"itemListElement\":[{\"@type\":\"ListItem\",\"@id\":\"https:\\\/\\\/newsinfoco.com.br\\\/inicio#listItem\",\"position\":1,\"name\":\"In\\u00edcio\",\"item\":\"https:\\\/\\\/newsinfoco.com.br\\\/inicio\",\"nextItem\":{\"@type\":\"ListItem\",\"@id\":\"https:\\\/\\\/newsinfoco.com.br\\\/inicio\\\/category\\\/alagoinhas-e-regiao\\\/#listItem\",\"name\":\"Alagoinhas e Regi\\u00e3o\"}},{\"@type\":\"ListItem\",\"@id\":\"https:\\\/\\\/newsinfoco.com.br\\\/inicio\\\/category\\\/alagoinhas-e-regiao\\\/#listItem\",\"position\":2,\"name\":\"Alagoinhas e Regi\\u00e3o\",\"item\":\"https:\\\/\\\/newsinfoco.com.br\\\/inicio\\\/category\\\/alagoinhas-e-regiao\\\/\",\"nextItem\":{\"@type\":\"ListItem\",\"@id\":\"https:\\\/\\\/newsinfoco.com.br\\\/inicio\\\/nova-formacao-do-conselho-de-cultura-toma-posse-em-alagoinhas\\\/#listItem\",\"name\":\"Nova forma\\u00e7\\u00e3o do Conselho de Cultura toma posse em Alagoinhas\"},\"previousItem\":{\"@type\":\"ListItem\",\"@id\":\"https:\\\/\\\/newsinfoco.com.br\\\/inicio#listItem\",\"name\":\"In\\u00edcio\"}},{\"@type\":\"ListItem\",\"@id\":\"https:\\\/\\\/newsinfoco.com.br\\\/inicio\\\/nova-formacao-do-conselho-de-cultura-toma-posse-em-alagoinhas\\\/#listItem\",\"position\":3,\"name\":\"Nova forma\\u00e7\\u00e3o do Conselho de Cultura toma posse em Alagoinhas\",\"previousItem\":{\"@type\":\"ListItem\",\"@id\":\"https:\\\/\\\/newsinfoco.com.br\\\/inicio\\\/category\\\/alagoinhas-e-regiao\\\/#listItem\",\"name\":\"Alagoinhas e Regi\\u00e3o\"}}]},{\"@type\":\"Organization\",\"@id\":\"https:\\\/\\\/newsinfoco.com.br\\\/inicio\\\/#organization\",\"name\":\"News In Foco - Editado por Caio Pimenta\",\"description\":\"O principal site de noticias de Alagoinhas e regi\\u00e3o\",\"url\":\"https:\\\/\\\/newsinfoco.com.br\\\/inicio\\\/\"},{\"@type\":\"Person\",\"@id\":\"https:\\\/\\\/newsinfoco.com.br\\\/inicio\\\/author\\\/administrador\\\/#author\",\"url\":\"https:\\\/\\\/newsinfoco.com.br\\\/inicio\\\/author\\\/administrador\\\/\",\"name\":\"administrador\",\"image\":{\"@type\":\"ImageObject\",\"@id\":\"https:\\\/\\\/newsinfoco.com.br\\\/inicio\\\/nova-formacao-do-conselho-de-cultura-toma-posse-em-alagoinhas\\\/#authorImage\",\"url\":\"https:\\\/\\\/secure.gravatar.com\\\/avatar\\\/c17a617433de8c1dc9584bb79aab7563b46f5bb7e1728c9b17d9cc3ce6a08e49?s=96&d=mm&r=g\",\"width\":96,\"height\":96,\"caption\":\"administrador\"}},{\"@type\":\"WebPage\",\"@id\":\"https:\\\/\\\/newsinfoco.com.br\\\/inicio\\\/nova-formacao-do-conselho-de-cultura-toma-posse-em-alagoinhas\\\/#webpage\",\"url\":\"https:\\\/\\\/newsinfoco.com.br\\\/inicio\\\/nova-formacao-do-conselho-de-cultura-toma-posse-em-alagoinhas\\\/\",\"name\":\"Nova forma\\u00e7\\u00e3o do Conselho de Cultura toma posse em Alagoinhas - News In Foco - Editado por Caio Pimenta\",\"description\":\"A nova forma\\u00e7\\u00e3o de conselheiros e conselheiras de Cultura eleitos tomou posse na manh\\u00e3 desta quarta-feira (27), durante o ato simb\\u00f3lico que aconteceu no Espa\\u00e7o Colaborar, na Secretaria de Cultura, Esporte e Turismo. Os quatro conselheiros empossados foram Neiton Jos\\u00e9 dos Santos (presidente), Gian Di Credico (vice-presidente), Carlos Zamb\\u00ea (secret\\u00e1rio) e Maria Tereza (segunda secret\\u00e1ria).\",\"inLanguage\":\"pt-BR\",\"isPartOf\":{\"@id\":\"https:\\\/\\\/newsinfoco.com.br\\\/inicio\\\/#website\"},\"breadcrumb\":{\"@id\":\"https:\\\/\\\/newsinfoco.com.br\\\/inicio\\\/nova-formacao-do-conselho-de-cultura-toma-posse-em-alagoinhas\\\/#breadcrumblist\"},\"author\":{\"@id\":\"https:\\\/\\\/newsinfoco.com.br\\\/inicio\\\/author\\\/administrador\\\/#author\"},\"creator\":{\"@id\":\"https:\\\/\\\/newsinfoco.com.br\\\/inicio\\\/author\\\/administrador\\\/#author\"},\"image\":{\"@type\":\"ImageObject\",\"url\":\"https:\\\/\\\/newsinfoco.com.br\\\/inicio\\\/wp-content\\\/uploads\\\/2025\\\/08\\\/997e67b8-ea73-4488-990a-9fa80596b2d1.jpeg\",\"@id\":\"https:\\\/\\\/newsinfoco.com.br\\\/inicio\\\/nova-formacao-do-conselho-de-cultura-toma-posse-em-alagoinhas\\\/#mainImage\",\"width\":1280,\"height\":715},\"primaryImageOfPage\":{\"@id\":\"https:\\\/\\\/newsinfoco.com.br\\\/inicio\\\/nova-formacao-do-conselho-de-cultura-toma-posse-em-alagoinhas\\\/#mainImage\"},\"datePublished\":\"2025-08-27T17:25:04-03:00\",\"dateModified\":\"2025-08-27T17:25:04-03:00\"},{\"@type\":\"WebSite\",\"@id\":\"https:\\\/\\\/newsinfoco.com.br\\\/inicio\\\/#website\",\"url\":\"https:\\\/\\\/newsinfoco.com.br\\\/inicio\\\/\",\"name\":\"News In Foco - Editado por Caio Pimenta\",\"description\":\"O principal site de noticias de Alagoinhas e regi\\u00e3o\",\"inLanguage\":\"pt-BR\",\"publisher\":{\"@id\":\"https:\\\/\\\/newsinfoco.com.br\\\/inicio\\\/#organization\"}}]}\n\t\t<\/script>\n\t\t<!-- All in One SEO -->\n\n","aioseo_head_json":{"title":"Nova forma\u00e7\u00e3o do Conselho de Cultura toma posse em Alagoinhas - News In Foco - Editado por Caio Pimenta","description":"A nova forma\u00e7\u00e3o de conselheiros e conselheiras de Cultura eleitos tomou posse na manh\u00e3 desta quarta-feira (27), durante o ato simb\u00f3lico que aconteceu no Espa\u00e7o Colaborar, na Secretaria de Cultura, Esporte e Turismo. Os quatro conselheiros empossados foram Neiton Jos\u00e9 dos Santos (presidente), Gian Di Credico (vice-presidente), Carlos Zamb\u00ea (secret\u00e1rio) e Maria Tereza (segunda secret\u00e1ria).","canonical_url":"https:\/\/newsinfoco.com.br\/inicio\/nova-formacao-do-conselho-de-cultura-toma-posse-em-alagoinhas\/","robots":"max-image-preview:large","keywords":"","webmasterTools":{"miscellaneous":""},"schema":{"@context":"https:\/\/schema.org","@graph":[{"@type":"BlogPosting","@id":"https:\/\/newsinfoco.com.br\/inicio\/nova-formacao-do-conselho-de-cultura-toma-posse-em-alagoinhas\/#blogposting","name":"Nova forma\u00e7\u00e3o do Conselho de Cultura toma posse em Alagoinhas - News In Foco - Editado por Caio Pimenta","headline":"Nova forma\u00e7\u00e3o do Conselho de Cultura toma posse em Alagoinhas","author":{"@id":"https:\/\/newsinfoco.com.br\/inicio\/author\/administrador\/#author"},"publisher":{"@id":"https:\/\/newsinfoco.com.br\/inicio\/#organization"},"image":{"@type":"ImageObject","url":"https:\/\/newsinfoco.com.br\/inicio\/wp-content\/uploads\/2025\/08\/997e67b8-ea73-4488-990a-9fa80596b2d1.jpeg","width":1280,"height":715},"datePublished":"2025-08-27T17:25:04-03:00","dateModified":"2025-08-27T17:25:04-03:00","inLanguage":"pt-BR","mainEntityOfPage":{"@id":"https:\/\/newsinfoco.com.br\/inicio\/nova-formacao-do-conselho-de-cultura-toma-posse-em-alagoinhas\/#webpage"},"isPartOf":{"@id":"https:\/\/newsinfoco.com.br\/inicio\/nova-formacao-do-conselho-de-cultura-toma-posse-em-alagoinhas\/#webpage"},"articleSection":"Alagoinhas e Regi\u00e3o, Manchete"},{"@type":"BreadcrumbList","@id":"https:\/\/newsinfoco.com.br\/inicio\/nova-formacao-do-conselho-de-cultura-toma-posse-em-alagoinhas\/#breadcrumblist","itemListElement":[{"@type":"ListItem","@id":"https:\/\/newsinfoco.com.br\/inicio#listItem","position":1,"name":"In\u00edcio","item":"https:\/\/newsinfoco.com.br\/inicio","nextItem":{"@type":"ListItem","@id":"https:\/\/newsinfoco.com.br\/inicio\/category\/alagoinhas-e-regiao\/#listItem","name":"Alagoinhas e Regi\u00e3o"}},{"@type":"ListItem","@id":"https:\/\/newsinfoco.com.br\/inicio\/category\/alagoinhas-e-regiao\/#listItem","position":2,"name":"Alagoinhas e Regi\u00e3o","item":"https:\/\/newsinfoco.com.br\/inicio\/category\/alagoinhas-e-regiao\/","nextItem":{"@type":"ListItem","@id":"https:\/\/newsinfoco.com.br\/inicio\/nova-formacao-do-conselho-de-cultura-toma-posse-em-alagoinhas\/#listItem","name":"Nova forma\u00e7\u00e3o do Conselho de Cultura toma posse em Alagoinhas"},"previousItem":{"@type":"ListItem","@id":"https:\/\/newsinfoco.com.br\/inicio#listItem","name":"In\u00edcio"}},{"@type":"ListItem","@id":"https:\/\/newsinfoco.com.br\/inicio\/nova-formacao-do-conselho-de-cultura-toma-posse-em-alagoinhas\/#listItem","position":3,"name":"Nova forma\u00e7\u00e3o do Conselho de Cultura toma posse em Alagoinhas","previousItem":{"@type":"ListItem","@id":"https:\/\/newsinfoco.com.br\/inicio\/category\/alagoinhas-e-regiao\/#listItem","name":"Alagoinhas e Regi\u00e3o"}}]},{"@type":"Organization","@id":"https:\/\/newsinfoco.com.br\/inicio\/#organization","name":"News In Foco - Editado por Caio Pimenta","description":"O principal site de noticias de Alagoinhas e regi\u00e3o","url":"https:\/\/newsinfoco.com.br\/inicio\/"},{"@type":"Person","@id":"https:\/\/newsinfoco.com.br\/inicio\/author\/administrador\/#author","url":"https:\/\/newsinfoco.com.br\/inicio\/author\/administrador\/","name":"administrador","image":{"@type":"ImageObject","@id":"https:\/\/newsinfoco.com.br\/inicio\/nova-formacao-do-conselho-de-cultura-toma-posse-em-alagoinhas\/#authorImage","url":"https:\/\/secure.gravatar.com\/avatar\/c17a617433de8c1dc9584bb79aab7563b46f5bb7e1728c9b17d9cc3ce6a08e49?s=96&d=mm&r=g","width":96,"height":96,"caption":"administrador"}},{"@type":"WebPage","@id":"https:\/\/newsinfoco.com.br\/inicio\/nova-formacao-do-conselho-de-cultura-toma-posse-em-alagoinhas\/#webpage","url":"https:\/\/newsinfoco.com.br\/inicio\/nova-formacao-do-conselho-de-cultura-toma-posse-em-alagoinhas\/","name":"Nova forma\u00e7\u00e3o do Conselho de Cultura toma posse em Alagoinhas - News In Foco - Editado por Caio Pimenta","description":"A nova forma\u00e7\u00e3o de conselheiros e conselheiras de Cultura eleitos tomou posse na manh\u00e3 desta quarta-feira (27), durante o ato simb\u00f3lico que aconteceu no Espa\u00e7o Colaborar, na Secretaria de Cultura, Esporte e Turismo. Os quatro conselheiros empossados foram Neiton Jos\u00e9 dos Santos (presidente), Gian Di Credico (vice-presidente), Carlos Zamb\u00ea (secret\u00e1rio) e Maria Tereza (segunda secret\u00e1ria).","inLanguage":"pt-BR","isPartOf":{"@id":"https:\/\/newsinfoco.com.br\/inicio\/#website"},"breadcrumb":{"@id":"https:\/\/newsinfoco.com.br\/inicio\/nova-formacao-do-conselho-de-cultura-toma-posse-em-alagoinhas\/#breadcrumblist"},"author":{"@id":"https:\/\/newsinfoco.com.br\/inicio\/author\/administrador\/#author"},"creator":{"@id":"https:\/\/newsinfoco.com.br\/inicio\/author\/administrador\/#author"},"image":{"@type":"ImageObject","url":"https:\/\/newsinfoco.com.br\/inicio\/wp-content\/uploads\/2025\/08\/997e67b8-ea73-4488-990a-9fa80596b2d1.jpeg","@id":"https:\/\/newsinfoco.com.br\/inicio\/nova-formacao-do-conselho-de-cultura-toma-posse-em-alagoinhas\/#mainImage","width":1280,"height":715},"primaryImageOfPage":{"@id":"https:\/\/newsinfoco.com.br\/inicio\/nova-formacao-do-conselho-de-cultura-toma-posse-em-alagoinhas\/#mainImage"},"datePublished":"2025-08-27T17:25:04-03:00","dateModified":"2025-08-27T17:25:04-03:00"},{"@type":"WebSite","@id":"https:\/\/newsinfoco.com.br\/inicio\/#website","url":"https:\/\/newsinfoco.com.br\/inicio\/","name":"News In Foco - Editado por Caio Pimenta","description":"O principal site de noticias de Alagoinhas e regi\u00e3o","inLanguage":"pt-BR","publisher":{"@id":"https:\/\/newsinfoco.com.br\/inicio\/#organization"}}]},"og:locale":"pt_BR","og:site_name":"News In Foco - Editado por Caio Pimenta - O principal site de noticias de Alagoinhas e regi\u00e3o","og:type":"article","og:title":"Nova forma\u00e7\u00e3o do Conselho de Cultura toma posse em Alagoinhas - News In Foco - Editado por Caio Pimenta","og:description":"A nova forma\u00e7\u00e3o de conselheiros e conselheiras de Cultura eleitos tomou posse na manh\u00e3 desta quarta-feira (27), durante o ato simb\u00f3lico que aconteceu no Espa\u00e7o Colaborar, na Secretaria de Cultura, Esporte e Turismo. Os quatro conselheiros empossados foram Neiton Jos\u00e9 dos Santos (presidente), Gian Di Credico (vice-presidente), Carlos Zamb\u00ea (secret\u00e1rio) e Maria Tereza (segunda secret\u00e1ria).","og:url":"https:\/\/newsinfoco.com.br\/inicio\/nova-formacao-do-conselho-de-cultura-toma-posse-em-alagoinhas\/","article:published_time":"2025-08-27T20:25:04+00:00","article:modified_time":"2025-08-27T20:25:04+00:00","twitter:card":"summary_large_image","twitter:title":"Nova forma\u00e7\u00e3o do Conselho de Cultura toma posse em Alagoinhas - News In Foco - Editado por Caio Pimenta","twitter:description":"A nova forma\u00e7\u00e3o de conselheiros e conselheiras de Cultura eleitos tomou posse na manh\u00e3 desta quarta-feira (27), durante o ato simb\u00f3lico que aconteceu no Espa\u00e7o Colaborar, na Secretaria de Cultura, Esporte e Turismo. Os quatro conselheiros empossados foram Neiton Jos\u00e9 dos Santos (presidente), Gian Di Credico (vice-presidente), Carlos Zamb\u00ea (secret\u00e1rio) e Maria Tereza (segunda secret\u00e1ria)."},"aioseo_meta_data":{"post_id":"44709","title":null,"description":null,"keywords":null,"keyphrases":{"focus":{"keyphrase":"","score":0,"analysis":{"keyphraseInTitle":{"score":0,"maxScore":9,"error":1}}},"additional":[]},"primary_term":null,"canonical_url":null,"og_title":null,"og_description":null,"og_object_type":"default","og_image_type":"default","og_image_url":null,"og_image_width":null,"og_image_height":null,"og_image_custom_url":null,"og_image_custom_fields":null,"og_video":"","og_custom_url":null,"og_article_section":null,"og_article_tags":null,"twitter_use_og":false,"twitter_card":"default","twitter_image_type":"default","twitter_image_url":null,"twitter_image_custom_url":null,"twitter_image_custom_fields":null,"twitter_title":null,"twitter_description":null,"schema":{"blockGraphs":[],"customGraphs":[],"default":{"data":{"Article":[],"Course":[],"Dataset":[],"FAQPage":[],"Movie":[],"Person":[],"Product":[],"ProductReview":[],"Car":[],"Recipe":[],"Service":[],"SoftwareApplication":[],"WebPage":[]},"graphName":"BlogPosting","isEnabled":true},"graphs":[]},"schema_type":"default","schema_type_options":null,"pillar_content":false,"robots_default":true,"robots_noindex":false,"robots_noarchive":false,"robots_nosnippet":false,"robots_nofollow":false,"robots_noimageindex":false,"robots_noodp":false,"robots_notranslate":false,"robots_max_snippet":"-1","robots_max_videopreview":"-1","robots_max_imagepreview":"large","priority":null,"frequency":"default","local_seo":null,"breadcrumb_settings":null,"limit_modified_date":false,"ai":{"faqs":[],"keyPoints":[],"titles":[],"descriptions":[],"socialPosts":{"email":[],"linkedin":[],"twitter":[],"facebook":[],"instagram":[]}},"created":"2025-08-27 20:25:04","updated":"2025-08-27 20:26:12","seo_analyzer_scan_date":null},"aioseo_breadcrumb":"<div class=\"aioseo-breadcrumbs\"><span class=\"aioseo-breadcrumb\">\n\t\t\t<a href=\"https:\/\/newsinfoco.com.br\/inicio\" title=\"In\u00edcio\">In\u00edcio<\/a>\n\t\t<\/span><span class=\"aioseo-breadcrumb-separator\">&raquo;<\/span><span class=\"aioseo-breadcrumb\">\n\t\t\t<a href=\"https:\/\/newsinfoco.com.br\/inicio\/category\/alagoinhas-e-regiao\/\" title=\"Alagoinhas e Regi\u00e3o\">Alagoinhas e Regi\u00e3o<\/a>\n\t\t<\/span><span class=\"aioseo-breadcrumb-separator\">&raquo;<\/span><span class=\"aioseo-breadcrumb\">\n\t\t\tNova forma\u00e7\u00e3o do Conselho de Cultura toma posse em Alagoinhas\n\t\t<\/span><\/div>","aioseo_breadcrumb_json":[{"label":"In\u00edcio","link":"https:\/\/newsinfoco.com.br\/inicio"},{"label":"Alagoinhas e Regi\u00e3o","link":"https:\/\/newsinfoco.com.br\/inicio\/category\/alagoinhas-e-regiao\/"},{"label":"Nova forma\u00e7\u00e3o do Conselho de Cultura toma posse em Alagoinhas","link":"https:\/\/newsinfoco.com.br\/inicio\/nova-formacao-do-conselho-de-cultura-toma-posse-em-alagoinhas\/"}],"_links":{"self":[{"href":"https:\/\/newsinfoco.com.br\/inicio\/wp-json\/wp\/v2\/posts\/44709","targetHints":{"allow":["GET"]}}],"collection":[{"href":"https:\/\/newsinfoco.com.br\/inicio\/wp-json\/wp\/v2\/posts"}],"about":[{"href":"https:\/\/newsinfoco.com.br\/inicio\/wp-json\/wp\/v2\/types\/post"}],"author":[{"embeddable":true,"href":"https:\/\/newsinfoco.com.br\/inicio\/wp-json\/wp\/v2\/users\/1"}],"replies":[{"embeddable":true,"href":"https:\/\/newsinfoco.com.br\/inicio\/wp-json\/wp\/v2\/comments?post=44709"}],"version-history":[{"count":1,"href":"https:\/\/newsinfoco.com.br\/inicio\/wp-json\/wp\/v2\/posts\/44709\/revisions"}],"predecessor-version":[{"id":44711,"href":"https:\/\/newsinfoco.com.br\/inicio\/wp-json\/wp\/v2\/posts\/44709\/revisions\/44711"}],"wp:featuredmedia":[{"embeddable":true,"href":"https:\/\/newsinfoco.com.br\/inicio\/wp-json\/wp\/v2\/media\/44710"}],"wp:attachment":[{"href":"https:\/\/newsinfoco.com.br\/inicio\/wp-json\/wp\/v2\/media?parent=44709"}],"wp:term":[{"taxonomy":"category","embeddable":true,"href":"https:\/\/newsinfoco.com.br\/inicio\/wp-json\/wp\/v2\/categories?post=44709"},{"taxonomy":"post_tag","embeddable":true,"href":"https:\/\/newsinfoco.com.br\/inicio\/wp-json\/wp\/v2\/tags?post=44709"}],"curies":[{"name":"wp","href":"https:\/\/api.w.org\/{rel}","templated":true}]}}