{"id":44729,"date":"2025-08-27T18:47:00","date_gmt":"2025-08-27T21:47:00","guid":{"rendered":"https:\/\/newsinfoco.com.br\/inicio\/?p=44729"},"modified":"2025-08-27T18:47:00","modified_gmt":"2025-08-27T21:47:00","slug":"alden-repercute-declaracao-de-bolsonaro-sobre-aceitar-sua-condenacao-no-stf","status":"publish","type":"post","link":"https:\/\/newsinfoco.com.br\/inicio\/alden-repercute-declaracao-de-bolsonaro-sobre-aceitar-sua-condenacao-no-stf\/","title":{"rendered":"Alden repercute declara\u00e7\u00e3o de Bolsonaro sobre aceitar sua condena\u00e7\u00e3o no STF"},"content":{"rendered":"<p>A repercuss\u00e3o da\u00a0<strong>declara\u00e7\u00e3o do ex-presidente Jair Bolsonaro (PL), sobre j\u00e1 aceitar sua condena\u00e7\u00e3o<\/strong>\u00a0no processo em que \u00e9\u00a0<strong>r\u00e9u no STF (Supremo Tribunal Federal)<\/strong>\u00a0por suposto\u00a0<strong>golpe de Estado<\/strong>, foi comentada pelo\u00a0<strong>deputado federal, Capit\u00e3o Alden (PL-BA)<\/strong>. A declara\u00e7\u00e3o foi compartilhada por aliados que visitaram o liberal nos \u00faltimos dias.<\/p>\n<p><strong>L\u00edder da oposi\u00e7\u00e3o na C\u00e2mara dos Deputados<\/strong>, Alden criticou, o que chamou de\u00a0<strong>ativismo judicial<\/strong>\u00a0\u201cno seu n\u00edvel mais elevado\u201d, contra as principais figuras da Direita. \u201cO que temos hoje no Brasil \u00e9 um cen\u00e1rio em que a oposi\u00e7\u00e3o pol\u00edtica est\u00e1 sendo tratada como organiza\u00e7\u00e3o criminosa, e lideran\u00e7as conservadoras est\u00e3o sendo perseguidas n\u00e3o por atos, mas por suas palavras, pensamentos e por representarem milh\u00f5es de brasileiros que n\u00e3o se alinham ao sistema\u201d, disse o deputado ao\u00a0<strong>bahia.ba<\/strong>.<\/p>\n<p>Alden constata que, caso\u00a0<strong>Bolsonaro venha a ser condenado<\/strong>, n\u00e3o ser\u00e1 por crime cometido, mas sim\u00a0<strong>por motiva\u00e7\u00e3o pol\u00edtica<\/strong>. \u201cO pr\u00f3prio STF j\u00e1 determinou medidas extremas contra Bolsonaro sem que haja condena\u00e7\u00e3o: pris\u00e3o domiciliar, tornozeleira eletr\u00f4nica, censura pr\u00e9via a entrevistas, bloqueio de redes sociais e criminaliza\u00e7\u00e3o de manifesta\u00e7\u00f5es p\u00fablicas. O povo brasileiro precisa estar alerta\u201d, alertou.<\/p>\n<p>Para o parlamentar,\u00a0<strong>a imprensa deveria estar preocupada com o cerceamento de liberdades<\/strong>, \u201ccom o uso pol\u00edtico do Judici\u00e1rio, com a exist\u00eancia de uma \u201cjusti\u00e7a paralela\u201d que usa bancos de dados de forma ilegal, exp\u00f5e conversas privadas de parlamentares e vaza seletivamente informa\u00e7\u00f5es para influenciar o debate p\u00fablico\u201d.<\/p>\n<p>\u201cA direita n\u00e3o vai aceitar passivamente que seu maior l\u00edder seja condenado sem provas, sem direito de defesa e com base em interpreta\u00e7\u00f5es ideol\u00f3gicas. Vamos usar todos os recursos dispon\u00edveis e que estiver ao nosso alcance! O mundo precisa saber o que est\u00e1 acontecendo\u201d, garantiu o pol\u00edtico baiano.<\/p>\n<p><strong>A poss\u00edvel condena\u00e7\u00e3o<\/strong><\/p>\n<p>Em mat\u00e9ria veiculada hoje (27) na Folha de S. Paulo,\u00a0<strong>o ex-presidente Jair Bolsonaro (PL) j\u00e1 considera ser condenado no processo da trama golpista de 2022<\/strong>\u00a0no STF (Supremo Tribunal Federal), segundo relatos de aliados que estiveram com ele nos \u00faltimos dias.<\/p>\n<div>\n<div>\n<div class=\"trv-player-container\">\n<div class=\"trv-wrapper\">\n<div id=\"br_video_player_05ea3f726e199144ae650868d33f7c9dc3c659f9\" class=\"trvd_video_player trvdfloater trv-right\">\n<div class=\"media-player\">\n<div class=\"trv-video\">\n<div id=\"truvid_ima_container88301\" class=\"truvid_ima_container\">\n<div>\n<div><\/div>\n<\/div>\n<\/div>\n<\/div>\n<\/div>\n<div>\n<div>\n<div class=\"trv-player-container\">\n<div class=\"trv-wrapper\">\n<div id=\"br_video_player_05ea3f726e199144ae650868d33f7c9dc3c659f9\" class=\"trvd_video_player trvdfloater trv-right\">\n<div>\n<div>\n<div class=\"trv-player-container\">\n<div class=\"trv-wrapper\">\n<div id=\"br_video_player_05ea3f726e199144ae650868d33f7c9dc3c659f9\" class=\"trvd_video_player trvdfloater trv-right\">\n<div class=\"trv-autoskip-container-compact\">\n<div class=\"trv-autoskip-background-compact\">\n<div class=\"trv-autoskip-line-top\">\n<div class=\"\">\n<div class=\"conteudo_post\">\n<p><strong>O julgamento<\/strong><\/p>\n<p>Bolsonaro come\u00e7ar\u00e1 a ser julgado no STF no pr\u00f3ximo dia 2 de setembro. A aprecia\u00e7\u00e3o deve durar at\u00e9 o dia 12 do mesmo m\u00eas. A expectativa, contudo, \u00e9 de que a defesa consiga atuar pela conten\u00e7\u00e3o de danos e tenha sucesso na dosimetria, momento de defini\u00e7\u00e3o do tempo de deten\u00e7\u00e3o.<\/p>\n<\/div>\n<div class=\"ui items\">\n<div class=\"item\">Bahia.Ba<\/div>\n<\/div>\n<\/div>\n<\/div>\n<div class=\"trv-autoskip-line-bottom\">\n<div class=\"\"><\/div>\n<\/div>\n<div class=\"trv-autoskip-line-left\">\n<div class=\"\"><\/div>\n<\/div>\n<\/div>\n<div class=\"autoskip-btn autoskip-btn-blue-compact autoskip-btn-compact\"><\/div>\n<div class=\"autoskip-btn autoskip-btn-gray-compact autoskip-btn-compact\"><\/div>\n<\/div>\n<div><\/div>\n<p><img decoding=\"async\" src=\"https:\/\/ads.stickyadstv.com\/auto-user-sync?_fw_gdpr=0&amp;_fw_gdpr_consent=\" \/><img decoding=\"async\" src=\"https:\/\/ads.stickyadstv.com\/user-matching?id=2545&amp;_fw_gdpr=0&amp;_fw_gdpr_consent=\" \/><\/div>\n<\/div>\n<\/div>\n<\/div>\n<\/div>\n<\/div>\n<\/div>\n<\/div>\n<\/div>\n<\/div>\n<\/div>\n<\/div>\n<\/div>\n<\/div>\n<\/div>\n<div class='share-to-whatsapp-wrapper'><div class='share-on-whsp'>Share on: <\/div><a data-text='Alden repercute declara\u00e7\u00e3o de Bolsonaro sobre aceitar sua condena\u00e7\u00e3o no STF' data-link='https:\/\/newsinfoco.com.br\/inicio\/alden-repercute-declaracao-de-bolsonaro-sobre-aceitar-sua-condenacao-no-stf\/' class='whatsapp-button whatsapp-share'>WhatsApp<\/a><div class='clear '><\/div><\/div>","protected":false},"excerpt":{"rendered":"<p>A repercuss\u00e3o da\u00a0declara\u00e7\u00e3o do ex-presidente Jair Bolsonaro (PL), sobre j\u00e1 aceitar sua condena\u00e7\u00e3o\u00a0no processo em que \u00e9\u00a0r\u00e9u no STF (Supremo Tribunal Federal)\u00a0por suposto\u00a0golpe de Estado, foi comentada pelo\u00a0deputado federal, Capit\u00e3o Alden (PL-BA). A declara\u00e7\u00e3o foi compartilhada por aliados que visitaram o liberal nos \u00faltimos dias. L\u00edder da oposi\u00e7\u00e3o na C\u00e2mara dos Deputados, Alden criticou, o [&hellip;]<\/p>\n","protected":false},"author":1,"featured_media":44730,"comment_status":"closed","ping_status":"closed","sticky":false,"template":"","format":"standard","meta":{"om_disable_all_campaigns":false,"rop_custom_images_group":[],"rop_custom_messages_group":[],"rop_publish_now":"initial","rop_publish_now_accounts":[],"rop_publish_now_history":[],"rop_publish_now_status":"pending","_exactmetrics_skip_tracking":false,"footnotes":""},"categories":[19],"tags":[],"class_list":["post-44729","post","type-post","status-publish","format-standard","has-post-thumbnail","hentry","category-bahia"],"aioseo_notices":[],"aioseo_head":"\n\t\t<!-- All in One SEO 4.9.10 - aioseo.com -->\n\t<meta name=\"description\" content=\"A repercuss\u00e3o da declara\u00e7\u00e3o do ex-presidente Jair Bolsonaro (PL), sobre j\u00e1 aceitar sua condena\u00e7\u00e3o no processo em que \u00e9 r\u00e9u no STF (Supremo Tribunal Federal) por suposto golpe de Estado, foi comentada pelo deputado federal, Capit\u00e3o Alden (PL-BA). A declara\u00e7\u00e3o foi compartilhada por aliados que visitaram o liberal nos \u00faltimos dias. L\u00edder da oposi\u00e7\u00e3o na C\u00e2mara dos Deputados, Alden criticou, o\" \/>\n\t<meta name=\"robots\" content=\"max-image-preview:large\" \/>\n\t<meta name=\"author\" content=\"administrador\"\/>\n\t<link rel=\"canonical\" href=\"https:\/\/newsinfoco.com.br\/inicio\/alden-repercute-declaracao-de-bolsonaro-sobre-aceitar-sua-condenacao-no-stf\/\" \/>\n\t<meta name=\"generator\" content=\"All in One SEO (AIOSEO) 4.9.10\" \/>\n\t\t<meta property=\"og:locale\" content=\"pt_BR\" \/>\n\t\t<meta property=\"og:site_name\" content=\"News In Foco - Editado por Caio Pimenta - O principal site de noticias de Alagoinhas e regi\u00e3o\" \/>\n\t\t<meta property=\"og:type\" content=\"article\" \/>\n\t\t<meta property=\"og:title\" content=\"Alden repercute declara\u00e7\u00e3o de Bolsonaro sobre aceitar sua condena\u00e7\u00e3o no STF - News In Foco - Editado por Caio Pimenta\" \/>\n\t\t<meta property=\"og:description\" content=\"A repercuss\u00e3o da declara\u00e7\u00e3o do ex-presidente Jair Bolsonaro (PL), sobre j\u00e1 aceitar sua condena\u00e7\u00e3o no processo em que \u00e9 r\u00e9u no STF (Supremo Tribunal Federal) por suposto golpe de Estado, foi comentada pelo deputado federal, Capit\u00e3o Alden (PL-BA). A declara\u00e7\u00e3o foi compartilhada por aliados que visitaram o liberal nos \u00faltimos dias. L\u00edder da oposi\u00e7\u00e3o na C\u00e2mara dos Deputados, Alden criticou, o\" \/>\n\t\t<meta property=\"og:url\" content=\"https:\/\/newsinfoco.com.br\/inicio\/alden-repercute-declaracao-de-bolsonaro-sobre-aceitar-sua-condenacao-no-stf\/\" \/>\n\t\t<meta property=\"article:published_time\" content=\"2025-08-27T21:47:00+00:00\" \/>\n\t\t<meta property=\"article:modified_time\" content=\"2025-08-27T21:47:00+00:00\" \/>\n\t\t<meta name=\"twitter:card\" content=\"summary_large_image\" \/>\n\t\t<meta name=\"twitter:title\" content=\"Alden repercute declara\u00e7\u00e3o de Bolsonaro sobre aceitar sua condena\u00e7\u00e3o no STF - News In Foco - Editado por Caio Pimenta\" \/>\n\t\t<meta name=\"twitter:description\" content=\"A repercuss\u00e3o da declara\u00e7\u00e3o do ex-presidente Jair Bolsonaro (PL), sobre j\u00e1 aceitar sua condena\u00e7\u00e3o no processo em que \u00e9 r\u00e9u no STF (Supremo Tribunal Federal) por suposto golpe de Estado, foi comentada pelo deputado federal, Capit\u00e3o Alden (PL-BA). A declara\u00e7\u00e3o foi compartilhada por aliados que visitaram o liberal nos \u00faltimos dias. L\u00edder da oposi\u00e7\u00e3o na C\u00e2mara dos Deputados, Alden criticou, o\" \/>\n\t\t<script type=\"application\/ld+json\" class=\"aioseo-schema\">\n\t\t\t{\"@context\":\"https:\\\/\\\/schema.org\",\"@graph\":[{\"@type\":\"BlogPosting\",\"@id\":\"https:\\\/\\\/newsinfoco.com.br\\\/inicio\\\/alden-repercute-declaracao-de-bolsonaro-sobre-aceitar-sua-condenacao-no-stf\\\/#blogposting\",\"name\":\"Alden repercute declara\\u00e7\\u00e3o de Bolsonaro sobre aceitar sua condena\\u00e7\\u00e3o no STF - News In Foco - Editado por Caio Pimenta\",\"headline\":\"Alden repercute declara\\u00e7\\u00e3o de Bolsonaro sobre aceitar sua condena\\u00e7\\u00e3o no STF\",\"author\":{\"@id\":\"https:\\\/\\\/newsinfoco.com.br\\\/inicio\\\/author\\\/administrador\\\/#author\"},\"publisher\":{\"@id\":\"https:\\\/\\\/newsinfoco.com.br\\\/inicio\\\/#organization\"},\"image\":{\"@type\":\"ImageObject\",\"url\":\"https:\\\/\\\/newsinfoco.com.br\\\/inicio\\\/wp-content\\\/uploads\\\/2025\\\/08\\\/alden.png\",\"width\":600,\"height\":420},\"datePublished\":\"2025-08-27T18:47:00-03:00\",\"dateModified\":\"2025-08-27T18:47:00-03:00\",\"inLanguage\":\"pt-BR\",\"mainEntityOfPage\":{\"@id\":\"https:\\\/\\\/newsinfoco.com.br\\\/inicio\\\/alden-repercute-declaracao-de-bolsonaro-sobre-aceitar-sua-condenacao-no-stf\\\/#webpage\"},\"isPartOf\":{\"@id\":\"https:\\\/\\\/newsinfoco.com.br\\\/inicio\\\/alden-repercute-declaracao-de-bolsonaro-sobre-aceitar-sua-condenacao-no-stf\\\/#webpage\"},\"articleSection\":\"Bahia\"},{\"@type\":\"BreadcrumbList\",\"@id\":\"https:\\\/\\\/newsinfoco.com.br\\\/inicio\\\/alden-repercute-declaracao-de-bolsonaro-sobre-aceitar-sua-condenacao-no-stf\\\/#breadcrumblist\",\"itemListElement\":[{\"@type\":\"ListItem\",\"@id\":\"https:\\\/\\\/newsinfoco.com.br\\\/inicio#listItem\",\"position\":1,\"name\":\"In\\u00edcio\",\"item\":\"https:\\\/\\\/newsinfoco.com.br\\\/inicio\",\"nextItem\":{\"@type\":\"ListItem\",\"@id\":\"https:\\\/\\\/newsinfoco.com.br\\\/inicio\\\/category\\\/bahia\\\/#listItem\",\"name\":\"Bahia\"}},{\"@type\":\"ListItem\",\"@id\":\"https:\\\/\\\/newsinfoco.com.br\\\/inicio\\\/category\\\/bahia\\\/#listItem\",\"position\":2,\"name\":\"Bahia\",\"item\":\"https:\\\/\\\/newsinfoco.com.br\\\/inicio\\\/category\\\/bahia\\\/\",\"nextItem\":{\"@type\":\"ListItem\",\"@id\":\"https:\\\/\\\/newsinfoco.com.br\\\/inicio\\\/alden-repercute-declaracao-de-bolsonaro-sobre-aceitar-sua-condenacao-no-stf\\\/#listItem\",\"name\":\"Alden repercute declara\\u00e7\\u00e3o de Bolsonaro sobre aceitar sua condena\\u00e7\\u00e3o no STF\"},\"previousItem\":{\"@type\":\"ListItem\",\"@id\":\"https:\\\/\\\/newsinfoco.com.br\\\/inicio#listItem\",\"name\":\"In\\u00edcio\"}},{\"@type\":\"ListItem\",\"@id\":\"https:\\\/\\\/newsinfoco.com.br\\\/inicio\\\/alden-repercute-declaracao-de-bolsonaro-sobre-aceitar-sua-condenacao-no-stf\\\/#listItem\",\"position\":3,\"name\":\"Alden repercute declara\\u00e7\\u00e3o de Bolsonaro sobre aceitar sua condena\\u00e7\\u00e3o no STF\",\"previousItem\":{\"@type\":\"ListItem\",\"@id\":\"https:\\\/\\\/newsinfoco.com.br\\\/inicio\\\/category\\\/bahia\\\/#listItem\",\"name\":\"Bahia\"}}]},{\"@type\":\"Organization\",\"@id\":\"https:\\\/\\\/newsinfoco.com.br\\\/inicio\\\/#organization\",\"name\":\"News In Foco - Editado por Caio Pimenta\",\"description\":\"O principal site de noticias de Alagoinhas e regi\\u00e3o\",\"url\":\"https:\\\/\\\/newsinfoco.com.br\\\/inicio\\\/\"},{\"@type\":\"Person\",\"@id\":\"https:\\\/\\\/newsinfoco.com.br\\\/inicio\\\/author\\\/administrador\\\/#author\",\"url\":\"https:\\\/\\\/newsinfoco.com.br\\\/inicio\\\/author\\\/administrador\\\/\",\"name\":\"administrador\",\"image\":{\"@type\":\"ImageObject\",\"@id\":\"https:\\\/\\\/newsinfoco.com.br\\\/inicio\\\/alden-repercute-declaracao-de-bolsonaro-sobre-aceitar-sua-condenacao-no-stf\\\/#authorImage\",\"url\":\"https:\\\/\\\/secure.gravatar.com\\\/avatar\\\/c17a617433de8c1dc9584bb79aab7563b46f5bb7e1728c9b17d9cc3ce6a08e49?s=96&d=mm&r=g\",\"width\":96,\"height\":96,\"caption\":\"administrador\"}},{\"@type\":\"WebPage\",\"@id\":\"https:\\\/\\\/newsinfoco.com.br\\\/inicio\\\/alden-repercute-declaracao-de-bolsonaro-sobre-aceitar-sua-condenacao-no-stf\\\/#webpage\",\"url\":\"https:\\\/\\\/newsinfoco.com.br\\\/inicio\\\/alden-repercute-declaracao-de-bolsonaro-sobre-aceitar-sua-condenacao-no-stf\\\/\",\"name\":\"Alden repercute declara\\u00e7\\u00e3o de Bolsonaro sobre aceitar sua condena\\u00e7\\u00e3o no STF - News In Foco - Editado por Caio Pimenta\",\"description\":\"A repercuss\\u00e3o da declara\\u00e7\\u00e3o do ex-presidente Jair Bolsonaro (PL), sobre j\\u00e1 aceitar sua condena\\u00e7\\u00e3o no processo em que \\u00e9 r\\u00e9u no STF (Supremo Tribunal Federal) por suposto golpe de Estado, foi comentada pelo deputado federal, Capit\\u00e3o Alden (PL-BA). A declara\\u00e7\\u00e3o foi compartilhada por aliados que visitaram o liberal nos \\u00faltimos dias. L\\u00edder da oposi\\u00e7\\u00e3o na C\\u00e2mara dos Deputados, Alden criticou, o\",\"inLanguage\":\"pt-BR\",\"isPartOf\":{\"@id\":\"https:\\\/\\\/newsinfoco.com.br\\\/inicio\\\/#website\"},\"breadcrumb\":{\"@id\":\"https:\\\/\\\/newsinfoco.com.br\\\/inicio\\\/alden-repercute-declaracao-de-bolsonaro-sobre-aceitar-sua-condenacao-no-stf\\\/#breadcrumblist\"},\"author\":{\"@id\":\"https:\\\/\\\/newsinfoco.com.br\\\/inicio\\\/author\\\/administrador\\\/#author\"},\"creator\":{\"@id\":\"https:\\\/\\\/newsinfoco.com.br\\\/inicio\\\/author\\\/administrador\\\/#author\"},\"image\":{\"@type\":\"ImageObject\",\"url\":\"https:\\\/\\\/newsinfoco.com.br\\\/inicio\\\/wp-content\\\/uploads\\\/2025\\\/08\\\/alden.png\",\"@id\":\"https:\\\/\\\/newsinfoco.com.br\\\/inicio\\\/alden-repercute-declaracao-de-bolsonaro-sobre-aceitar-sua-condenacao-no-stf\\\/#mainImage\",\"width\":600,\"height\":420},\"primaryImageOfPage\":{\"@id\":\"https:\\\/\\\/newsinfoco.com.br\\\/inicio\\\/alden-repercute-declaracao-de-bolsonaro-sobre-aceitar-sua-condenacao-no-stf\\\/#mainImage\"},\"datePublished\":\"2025-08-27T18:47:00-03:00\",\"dateModified\":\"2025-08-27T18:47:00-03:00\"},{\"@type\":\"WebSite\",\"@id\":\"https:\\\/\\\/newsinfoco.com.br\\\/inicio\\\/#website\",\"url\":\"https:\\\/\\\/newsinfoco.com.br\\\/inicio\\\/\",\"name\":\"News In Foco - Editado por Caio Pimenta\",\"description\":\"O principal site de noticias de Alagoinhas e regi\\u00e3o\",\"inLanguage\":\"pt-BR\",\"publisher\":{\"@id\":\"https:\\\/\\\/newsinfoco.com.br\\\/inicio\\\/#organization\"}}]}\n\t\t<\/script>\n\t\t<!-- All in One SEO -->\n\n","aioseo_head_json":{"title":"Alden repercute declara\u00e7\u00e3o de Bolsonaro sobre aceitar sua condena\u00e7\u00e3o no STF - News In Foco - Editado por Caio Pimenta","description":"A repercuss\u00e3o da declara\u00e7\u00e3o do ex-presidente Jair Bolsonaro (PL), sobre j\u00e1 aceitar sua condena\u00e7\u00e3o no processo em que \u00e9 r\u00e9u no STF (Supremo Tribunal Federal) por suposto golpe de Estado, foi comentada pelo deputado federal, Capit\u00e3o Alden (PL-BA). A declara\u00e7\u00e3o foi compartilhada por aliados que visitaram o liberal nos \u00faltimos dias. L\u00edder da oposi\u00e7\u00e3o na C\u00e2mara dos Deputados, Alden criticou, o","canonical_url":"https:\/\/newsinfoco.com.br\/inicio\/alden-repercute-declaracao-de-bolsonaro-sobre-aceitar-sua-condenacao-no-stf\/","robots":"max-image-preview:large","keywords":"","webmasterTools":{"miscellaneous":""},"schema":{"@context":"https:\/\/schema.org","@graph":[{"@type":"BlogPosting","@id":"https:\/\/newsinfoco.com.br\/inicio\/alden-repercute-declaracao-de-bolsonaro-sobre-aceitar-sua-condenacao-no-stf\/#blogposting","name":"Alden repercute declara\u00e7\u00e3o de Bolsonaro sobre aceitar sua condena\u00e7\u00e3o no STF - News In Foco - Editado por Caio Pimenta","headline":"Alden repercute declara\u00e7\u00e3o de Bolsonaro sobre aceitar sua condena\u00e7\u00e3o no STF","author":{"@id":"https:\/\/newsinfoco.com.br\/inicio\/author\/administrador\/#author"},"publisher":{"@id":"https:\/\/newsinfoco.com.br\/inicio\/#organization"},"image":{"@type":"ImageObject","url":"https:\/\/newsinfoco.com.br\/inicio\/wp-content\/uploads\/2025\/08\/alden.png","width":600,"height":420},"datePublished":"2025-08-27T18:47:00-03:00","dateModified":"2025-08-27T18:47:00-03:00","inLanguage":"pt-BR","mainEntityOfPage":{"@id":"https:\/\/newsinfoco.com.br\/inicio\/alden-repercute-declaracao-de-bolsonaro-sobre-aceitar-sua-condenacao-no-stf\/#webpage"},"isPartOf":{"@id":"https:\/\/newsinfoco.com.br\/inicio\/alden-repercute-declaracao-de-bolsonaro-sobre-aceitar-sua-condenacao-no-stf\/#webpage"},"articleSection":"Bahia"},{"@type":"BreadcrumbList","@id":"https:\/\/newsinfoco.com.br\/inicio\/alden-repercute-declaracao-de-bolsonaro-sobre-aceitar-sua-condenacao-no-stf\/#breadcrumblist","itemListElement":[{"@type":"ListItem","@id":"https:\/\/newsinfoco.com.br\/inicio#listItem","position":1,"name":"In\u00edcio","item":"https:\/\/newsinfoco.com.br\/inicio","nextItem":{"@type":"ListItem","@id":"https:\/\/newsinfoco.com.br\/inicio\/category\/bahia\/#listItem","name":"Bahia"}},{"@type":"ListItem","@id":"https:\/\/newsinfoco.com.br\/inicio\/category\/bahia\/#listItem","position":2,"name":"Bahia","item":"https:\/\/newsinfoco.com.br\/inicio\/category\/bahia\/","nextItem":{"@type":"ListItem","@id":"https:\/\/newsinfoco.com.br\/inicio\/alden-repercute-declaracao-de-bolsonaro-sobre-aceitar-sua-condenacao-no-stf\/#listItem","name":"Alden repercute declara\u00e7\u00e3o de Bolsonaro sobre aceitar sua condena\u00e7\u00e3o no STF"},"previousItem":{"@type":"ListItem","@id":"https:\/\/newsinfoco.com.br\/inicio#listItem","name":"In\u00edcio"}},{"@type":"ListItem","@id":"https:\/\/newsinfoco.com.br\/inicio\/alden-repercute-declaracao-de-bolsonaro-sobre-aceitar-sua-condenacao-no-stf\/#listItem","position":3,"name":"Alden repercute declara\u00e7\u00e3o de Bolsonaro sobre aceitar sua condena\u00e7\u00e3o no STF","previousItem":{"@type":"ListItem","@id":"https:\/\/newsinfoco.com.br\/inicio\/category\/bahia\/#listItem","name":"Bahia"}}]},{"@type":"Organization","@id":"https:\/\/newsinfoco.com.br\/inicio\/#organization","name":"News In Foco - Editado por Caio Pimenta","description":"O principal site de noticias de Alagoinhas e regi\u00e3o","url":"https:\/\/newsinfoco.com.br\/inicio\/"},{"@type":"Person","@id":"https:\/\/newsinfoco.com.br\/inicio\/author\/administrador\/#author","url":"https:\/\/newsinfoco.com.br\/inicio\/author\/administrador\/","name":"administrador","image":{"@type":"ImageObject","@id":"https:\/\/newsinfoco.com.br\/inicio\/alden-repercute-declaracao-de-bolsonaro-sobre-aceitar-sua-condenacao-no-stf\/#authorImage","url":"https:\/\/secure.gravatar.com\/avatar\/c17a617433de8c1dc9584bb79aab7563b46f5bb7e1728c9b17d9cc3ce6a08e49?s=96&d=mm&r=g","width":96,"height":96,"caption":"administrador"}},{"@type":"WebPage","@id":"https:\/\/newsinfoco.com.br\/inicio\/alden-repercute-declaracao-de-bolsonaro-sobre-aceitar-sua-condenacao-no-stf\/#webpage","url":"https:\/\/newsinfoco.com.br\/inicio\/alden-repercute-declaracao-de-bolsonaro-sobre-aceitar-sua-condenacao-no-stf\/","name":"Alden repercute declara\u00e7\u00e3o de Bolsonaro sobre aceitar sua condena\u00e7\u00e3o no STF - News In Foco - Editado por Caio Pimenta","description":"A repercuss\u00e3o da declara\u00e7\u00e3o do ex-presidente Jair Bolsonaro (PL), sobre j\u00e1 aceitar sua condena\u00e7\u00e3o no processo em que \u00e9 r\u00e9u no STF (Supremo Tribunal Federal) por suposto golpe de Estado, foi comentada pelo deputado federal, Capit\u00e3o Alden (PL-BA). A declara\u00e7\u00e3o foi compartilhada por aliados que visitaram o liberal nos \u00faltimos dias. L\u00edder da oposi\u00e7\u00e3o na C\u00e2mara dos Deputados, Alden criticou, o","inLanguage":"pt-BR","isPartOf":{"@id":"https:\/\/newsinfoco.com.br\/inicio\/#website"},"breadcrumb":{"@id":"https:\/\/newsinfoco.com.br\/inicio\/alden-repercute-declaracao-de-bolsonaro-sobre-aceitar-sua-condenacao-no-stf\/#breadcrumblist"},"author":{"@id":"https:\/\/newsinfoco.com.br\/inicio\/author\/administrador\/#author"},"creator":{"@id":"https:\/\/newsinfoco.com.br\/inicio\/author\/administrador\/#author"},"image":{"@type":"ImageObject","url":"https:\/\/newsinfoco.com.br\/inicio\/wp-content\/uploads\/2025\/08\/alden.png","@id":"https:\/\/newsinfoco.com.br\/inicio\/alden-repercute-declaracao-de-bolsonaro-sobre-aceitar-sua-condenacao-no-stf\/#mainImage","width":600,"height":420},"primaryImageOfPage":{"@id":"https:\/\/newsinfoco.com.br\/inicio\/alden-repercute-declaracao-de-bolsonaro-sobre-aceitar-sua-condenacao-no-stf\/#mainImage"},"datePublished":"2025-08-27T18:47:00-03:00","dateModified":"2025-08-27T18:47:00-03:00"},{"@type":"WebSite","@id":"https:\/\/newsinfoco.com.br\/inicio\/#website","url":"https:\/\/newsinfoco.com.br\/inicio\/","name":"News In Foco - Editado por Caio Pimenta","description":"O principal site de noticias de Alagoinhas e regi\u00e3o","inLanguage":"pt-BR","publisher":{"@id":"https:\/\/newsinfoco.com.br\/inicio\/#organization"}}]},"og:locale":"pt_BR","og:site_name":"News In Foco - Editado por Caio Pimenta - O principal site de noticias de Alagoinhas e regi\u00e3o","og:type":"article","og:title":"Alden repercute declara\u00e7\u00e3o de Bolsonaro sobre aceitar sua condena\u00e7\u00e3o no STF - News In Foco - Editado por Caio Pimenta","og:description":"A repercuss\u00e3o da declara\u00e7\u00e3o do ex-presidente Jair Bolsonaro (PL), sobre j\u00e1 aceitar sua condena\u00e7\u00e3o no processo em que \u00e9 r\u00e9u no STF (Supremo Tribunal Federal) por suposto golpe de Estado, foi comentada pelo deputado federal, Capit\u00e3o Alden (PL-BA). A declara\u00e7\u00e3o foi compartilhada por aliados que visitaram o liberal nos \u00faltimos dias. L\u00edder da oposi\u00e7\u00e3o na C\u00e2mara dos Deputados, Alden criticou, o","og:url":"https:\/\/newsinfoco.com.br\/inicio\/alden-repercute-declaracao-de-bolsonaro-sobre-aceitar-sua-condenacao-no-stf\/","article:published_time":"2025-08-27T21:47:00+00:00","article:modified_time":"2025-08-27T21:47:00+00:00","twitter:card":"summary_large_image","twitter:title":"Alden repercute declara\u00e7\u00e3o de Bolsonaro sobre aceitar sua condena\u00e7\u00e3o no STF - News In Foco - Editado por Caio Pimenta","twitter:description":"A repercuss\u00e3o da declara\u00e7\u00e3o do ex-presidente Jair Bolsonaro (PL), sobre j\u00e1 aceitar sua condena\u00e7\u00e3o no processo em que \u00e9 r\u00e9u no STF (Supremo Tribunal Federal) por suposto golpe de Estado, foi comentada pelo deputado federal, Capit\u00e3o Alden (PL-BA). A declara\u00e7\u00e3o foi compartilhada por aliados que visitaram o liberal nos \u00faltimos dias. L\u00edder da oposi\u00e7\u00e3o na C\u00e2mara dos Deputados, Alden criticou, o"},"aioseo_meta_data":{"post_id":"44729","title":null,"description":null,"keywords":null,"keyphrases":{"focus":{"keyphrase":"","score":0,"analysis":{"keyphraseInTitle":{"score":0,"maxScore":9,"error":1}}},"additional":[]},"primary_term":null,"canonical_url":null,"og_title":null,"og_description":null,"og_object_type":"default","og_image_type":"default","og_image_url":null,"og_image_width":null,"og_image_height":null,"og_image_custom_url":null,"og_image_custom_fields":null,"og_video":"","og_custom_url":null,"og_article_section":null,"og_article_tags":null,"twitter_use_og":false,"twitter_card":"default","twitter_image_type":"default","twitter_image_url":null,"twitter_image_custom_url":null,"twitter_image_custom_fields":null,"twitter_title":null,"twitter_description":null,"schema":{"blockGraphs":[],"customGraphs":[],"default":{"data":{"Article":[],"Course":[],"Dataset":[],"FAQPage":[],"Movie":[],"Person":[],"Product":[],"ProductReview":[],"Car":[],"Recipe":[],"Service":[],"SoftwareApplication":[],"WebPage":[]},"graphName":"BlogPosting","isEnabled":true},"graphs":[]},"schema_type":"default","schema_type_options":null,"pillar_content":false,"robots_default":true,"robots_noindex":false,"robots_noarchive":false,"robots_nosnippet":false,"robots_nofollow":false,"robots_noimageindex":false,"robots_noodp":false,"robots_notranslate":false,"robots_max_snippet":"-1","robots_max_videopreview":"-1","robots_max_imagepreview":"large","priority":null,"frequency":"default","local_seo":null,"breadcrumb_settings":null,"limit_modified_date":false,"ai":{"faqs":[],"keyPoints":[],"titles":[],"descriptions":[],"socialPosts":{"email":[],"linkedin":[],"twitter":[],"facebook":[],"instagram":[]}},"created":"2025-08-27 21:47:00","updated":"2025-08-27 21:49:08","seo_analyzer_scan_date":null},"aioseo_breadcrumb":"<div class=\"aioseo-breadcrumbs\"><span class=\"aioseo-breadcrumb\">\n\t\t\t<a href=\"https:\/\/newsinfoco.com.br\/inicio\" title=\"In\u00edcio\">In\u00edcio<\/a>\n\t\t<\/span><span class=\"aioseo-breadcrumb-separator\">&raquo;<\/span><span class=\"aioseo-breadcrumb\">\n\t\t\t<a href=\"https:\/\/newsinfoco.com.br\/inicio\/category\/bahia\/\" title=\"Bahia\">Bahia<\/a>\n\t\t<\/span><span class=\"aioseo-breadcrumb-separator\">&raquo;<\/span><span class=\"aioseo-breadcrumb\">\n\t\t\tAlden repercute declara\u00e7\u00e3o de Bolsonaro sobre aceitar sua condena\u00e7\u00e3o no STF\n\t\t<\/span><\/div>","aioseo_breadcrumb_json":[{"label":"In\u00edcio","link":"https:\/\/newsinfoco.com.br\/inicio"},{"label":"Bahia","link":"https:\/\/newsinfoco.com.br\/inicio\/category\/bahia\/"},{"label":"Alden repercute declara\u00e7\u00e3o de Bolsonaro sobre aceitar sua condena\u00e7\u00e3o no STF","link":"https:\/\/newsinfoco.com.br\/inicio\/alden-repercute-declaracao-de-bolsonaro-sobre-aceitar-sua-condenacao-no-stf\/"}],"_links":{"self":[{"href":"https:\/\/newsinfoco.com.br\/inicio\/wp-json\/wp\/v2\/posts\/44729","targetHints":{"allow":["GET"]}}],"collection":[{"href":"https:\/\/newsinfoco.com.br\/inicio\/wp-json\/wp\/v2\/posts"}],"about":[{"href":"https:\/\/newsinfoco.com.br\/inicio\/wp-json\/wp\/v2\/types\/post"}],"author":[{"embeddable":true,"href":"https:\/\/newsinfoco.com.br\/inicio\/wp-json\/wp\/v2\/users\/1"}],"replies":[{"embeddable":true,"href":"https:\/\/newsinfoco.com.br\/inicio\/wp-json\/wp\/v2\/comments?post=44729"}],"version-history":[{"count":1,"href":"https:\/\/newsinfoco.com.br\/inicio\/wp-json\/wp\/v2\/posts\/44729\/revisions"}],"predecessor-version":[{"id":44731,"href":"https:\/\/newsinfoco.com.br\/inicio\/wp-json\/wp\/v2\/posts\/44729\/revisions\/44731"}],"wp:featuredmedia":[{"embeddable":true,"href":"https:\/\/newsinfoco.com.br\/inicio\/wp-json\/wp\/v2\/media\/44730"}],"wp:attachment":[{"href":"https:\/\/newsinfoco.com.br\/inicio\/wp-json\/wp\/v2\/media?parent=44729"}],"wp:term":[{"taxonomy":"category","embeddable":true,"href":"https:\/\/newsinfoco.com.br\/inicio\/wp-json\/wp\/v2\/categories?post=44729"},{"taxonomy":"post_tag","embeddable":true,"href":"https:\/\/newsinfoco.com.br\/inicio\/wp-json\/wp\/v2\/tags?post=44729"}],"curies":[{"name":"wp","href":"https:\/\/api.w.org\/{rel}","templated":true}]}}