{"id":44758,"date":"2025-08-28T14:58:20","date_gmt":"2025-08-28T17:58:20","guid":{"rendered":"https:\/\/newsinfoco.com.br\/inicio\/?p=44758"},"modified":"2025-08-28T14:58:20","modified_gmt":"2025-08-28T17:58:20","slug":"caminhada-encerra-semana-da-pessoa-com-deficiencia-em-alagoinhas","status":"publish","type":"post","link":"https:\/\/newsinfoco.com.br\/inicio\/caminhada-encerra-semana-da-pessoa-com-deficiencia-em-alagoinhas\/","title":{"rendered":"Caminhada encerra Semana da Pessoa com Defici\u00eancia em Alagoinhas"},"content":{"rendered":"<p>A Caminhada da Semana da Pessoa com Defici\u00eancia, realizada na manh\u00e3 desta quinta-feira, 28, marcou o encerramento da edi\u00e7\u00e3o 2025 do evento, iniciado no \u00a0dia 25 de agosto. A concentra\u00e7\u00e3o foi no estacionamento da Prefeitura, de onde os participantes seguiram em trajeto at\u00e9 a Pra\u00e7a Rui Barbosa, ponto de chegada e encerramento das atividades.<\/p>\n<p>A caminhada reuniu representantes de associa\u00e7\u00f5es, fam\u00edlias e comunidade em geral em um momento de mobiliza\u00e7\u00e3o e visibilidade para as pessoas com defici\u00eancia. Para Elimar Reis, presidente da Associa\u00e7\u00e3o da Pessoa com Defici\u00eancia de Alagoinhas e Adjac\u00eancias (APCDAA), a participa\u00e7\u00e3o refor\u00e7a a import\u00e2ncia da luta por inclus\u00e3o e reconhecimento. \u201cEsse \u00e9 um momento que podemos ser escutados. Acreditamos em mudan\u00e7as e agradecemos o apoio da Prefeitura. Parabenizo a todos os envolvidos nesse evento\u201d, afirma.<\/p>\n<p>O prefeito Gustavo Carmo tamb\u00e9m participou do encerramento e refor\u00e7ou o compromisso da gest\u00e3o com as pautas da inclus\u00e3o.<br data-start=\"1565\" data-end=\"1568\" \/>\u201cA Semana da Pessoa com Defici\u00eancia \u00e9 um espa\u00e7o fundamental para promovermos di\u00e1logo, respeito e conscientiza\u00e7\u00e3o. Essa caminhada simboliza a uni\u00e3o da cidade em torno da causa e reafirma que inclus\u00e3o \u00e9 prioridade para o nosso governo\u201d, disse.<\/p>\n<p>\u201cEssa caminhada \u00e9 importante para mobilizar n\u00e3o s\u00f3 nossa comunidade, mas o munic\u00edpio de Alagoinhas sobre as pessoas com defici\u00eancia. Amplia o debate e traz mais visibilidade, deixando a pessoa com defici\u00eancia como protagonista, que \u00e9 o papel que ela deve ocupar\u201d, diz Mayara Pinto, presidente da Associa\u00e7\u00e3o de Pais e Amigos dos Autistas de Alagoinhas (AMA).<\/p>\n<p>A Semana da Pessoa com Defici\u00eancia Intelectual e M\u00faltipla \u00e9 realizada anualmente em todo o pa\u00eds. Em Alagoinhas, a edi\u00e7\u00e3o municipal garantida por lei (2.471\/2019). Em 2025, o tema que norteou as discuss\u00f5es foi \u201cDefici\u00eancia N\u00e3o Define \u2013 Oportunidade Transforma \u2013 Inclua Nossa Voz\u201d.<\/p>\n<h5><strong>Fotos: Rafael Santos\/Secom\/Alagoinhas<\/strong><\/h5>\n<div align=\"right\"><\/div>\n<div class='share-to-whatsapp-wrapper'><div class='share-on-whsp'>Share on: <\/div><a data-text='Caminhada encerra Semana da Pessoa com Defici\u00eancia em Alagoinhas' data-link='https:\/\/newsinfoco.com.br\/inicio\/caminhada-encerra-semana-da-pessoa-com-deficiencia-em-alagoinhas\/' class='whatsapp-button whatsapp-share'>WhatsApp<\/a><div class='clear '><\/div><\/div>","protected":false},"excerpt":{"rendered":"<p>A Caminhada da Semana da Pessoa com Defici\u00eancia, realizada na manh\u00e3 desta quinta-feira, 28, marcou o encerramento da edi\u00e7\u00e3o 2025 do evento, iniciado no \u00a0dia 25 de agosto. A concentra\u00e7\u00e3o foi no estacionamento da Prefeitura, de onde os participantes seguiram em trajeto at\u00e9 a Pra\u00e7a Rui Barbosa, ponto de chegada e encerramento das atividades. A [&hellip;]<\/p>\n","protected":false},"author":1,"featured_media":44759,"comment_status":"closed","ping_status":"closed","sticky":false,"template":"","format":"standard","meta":{"om_disable_all_campaigns":false,"rop_custom_images_group":[],"rop_custom_messages_group":[],"rop_publish_now":"initial","rop_publish_now_accounts":[],"rop_publish_now_history":[],"rop_publish_now_status":"pending","_exactmetrics_skip_tracking":false,"footnotes":""},"categories":[38,167],"tags":[],"class_list":["post-44758","post","type-post","status-publish","format-standard","has-post-thumbnail","hentry","category-alagoinhas-e-regiao","category-exclusivas"],"aioseo_notices":[],"aioseo_head":"\n\t\t<!-- All in One SEO 4.9.10 - aioseo.com -->\n\t<meta name=\"description\" content=\"A Caminhada da Semana da Pessoa com Defici\u00eancia, realizada na manh\u00e3 desta quinta-feira, 28, marcou o encerramento da edi\u00e7\u00e3o 2025 do evento, iniciado no dia 25 de agosto. A concentra\u00e7\u00e3o foi no estacionamento da Prefeitura, de onde os participantes seguiram em trajeto at\u00e9 a Pra\u00e7a Rui Barbosa, ponto de chegada e encerramento das atividades. A\" \/>\n\t<meta name=\"robots\" content=\"max-image-preview:large\" \/>\n\t<meta name=\"author\" content=\"administrador\"\/>\n\t<link rel=\"canonical\" href=\"https:\/\/newsinfoco.com.br\/inicio\/caminhada-encerra-semana-da-pessoa-com-deficiencia-em-alagoinhas\/\" \/>\n\t<meta name=\"generator\" content=\"All in One SEO (AIOSEO) 4.9.10\" \/>\n\t\t<meta property=\"og:locale\" content=\"pt_BR\" \/>\n\t\t<meta property=\"og:site_name\" content=\"News In Foco - Editado por Caio Pimenta - O principal site de noticias de Alagoinhas e regi\u00e3o\" \/>\n\t\t<meta property=\"og:type\" content=\"article\" \/>\n\t\t<meta property=\"og:title\" content=\"Caminhada encerra Semana da Pessoa com Defici\u00eancia em Alagoinhas - News In Foco - Editado por Caio Pimenta\" \/>\n\t\t<meta property=\"og:description\" content=\"A Caminhada da Semana da Pessoa com Defici\u00eancia, realizada na manh\u00e3 desta quinta-feira, 28, marcou o encerramento da edi\u00e7\u00e3o 2025 do evento, iniciado no dia 25 de agosto. A concentra\u00e7\u00e3o foi no estacionamento da Prefeitura, de onde os participantes seguiram em trajeto at\u00e9 a Pra\u00e7a Rui Barbosa, ponto de chegada e encerramento das atividades. A\" \/>\n\t\t<meta property=\"og:url\" content=\"https:\/\/newsinfoco.com.br\/inicio\/caminhada-encerra-semana-da-pessoa-com-deficiencia-em-alagoinhas\/\" \/>\n\t\t<meta property=\"article:published_time\" content=\"2025-08-28T17:58:20+00:00\" \/>\n\t\t<meta property=\"article:modified_time\" content=\"2025-08-28T17:58:20+00:00\" \/>\n\t\t<meta name=\"twitter:card\" content=\"summary_large_image\" \/>\n\t\t<meta name=\"twitter:title\" content=\"Caminhada encerra Semana da Pessoa com Defici\u00eancia em Alagoinhas - News In Foco - Editado por Caio Pimenta\" \/>\n\t\t<meta name=\"twitter:description\" content=\"A Caminhada da Semana da Pessoa com Defici\u00eancia, realizada na manh\u00e3 desta quinta-feira, 28, marcou o encerramento da edi\u00e7\u00e3o 2025 do evento, iniciado no dia 25 de agosto. A concentra\u00e7\u00e3o foi no estacionamento da Prefeitura, de onde os participantes seguiram em trajeto at\u00e9 a Pra\u00e7a Rui Barbosa, ponto de chegada e encerramento das atividades. A\" \/>\n\t\t<script type=\"application\/ld+json\" class=\"aioseo-schema\">\n\t\t\t{\"@context\":\"https:\\\/\\\/schema.org\",\"@graph\":[{\"@type\":\"BlogPosting\",\"@id\":\"https:\\\/\\\/newsinfoco.com.br\\\/inicio\\\/caminhada-encerra-semana-da-pessoa-com-deficiencia-em-alagoinhas\\\/#blogposting\",\"name\":\"Caminhada encerra Semana da Pessoa com Defici\\u00eancia em Alagoinhas - News In Foco - Editado por Caio Pimenta\",\"headline\":\"Caminhada encerra Semana da Pessoa com Defici\\u00eancia em Alagoinhas\",\"author\":{\"@id\":\"https:\\\/\\\/newsinfoco.com.br\\\/inicio\\\/author\\\/administrador\\\/#author\"},\"publisher\":{\"@id\":\"https:\\\/\\\/newsinfoco.com.br\\\/inicio\\\/#organization\"},\"image\":{\"@type\":\"ImageObject\",\"url\":\"https:\\\/\\\/newsinfoco.com.br\\\/inicio\\\/wp-content\\\/uploads\\\/2025\\\/08\\\/WhatsApp-Image-2025-08-28-at-11.13.28-1-scaled.jpeg\",\"width\":2560,\"height\":1920},\"datePublished\":\"2025-08-28T14:58:20-03:00\",\"dateModified\":\"2025-08-28T14:58:20-03:00\",\"inLanguage\":\"pt-BR\",\"mainEntityOfPage\":{\"@id\":\"https:\\\/\\\/newsinfoco.com.br\\\/inicio\\\/caminhada-encerra-semana-da-pessoa-com-deficiencia-em-alagoinhas\\\/#webpage\"},\"isPartOf\":{\"@id\":\"https:\\\/\\\/newsinfoco.com.br\\\/inicio\\\/caminhada-encerra-semana-da-pessoa-com-deficiencia-em-alagoinhas\\\/#webpage\"},\"articleSection\":\"Alagoinhas e Regi\\u00e3o, Manchete\"},{\"@type\":\"BreadcrumbList\",\"@id\":\"https:\\\/\\\/newsinfoco.com.br\\\/inicio\\\/caminhada-encerra-semana-da-pessoa-com-deficiencia-em-alagoinhas\\\/#breadcrumblist\",\"itemListElement\":[{\"@type\":\"ListItem\",\"@id\":\"https:\\\/\\\/newsinfoco.com.br\\\/inicio#listItem\",\"position\":1,\"name\":\"In\\u00edcio\",\"item\":\"https:\\\/\\\/newsinfoco.com.br\\\/inicio\",\"nextItem\":{\"@type\":\"ListItem\",\"@id\":\"https:\\\/\\\/newsinfoco.com.br\\\/inicio\\\/category\\\/alagoinhas-e-regiao\\\/#listItem\",\"name\":\"Alagoinhas e Regi\\u00e3o\"}},{\"@type\":\"ListItem\",\"@id\":\"https:\\\/\\\/newsinfoco.com.br\\\/inicio\\\/category\\\/alagoinhas-e-regiao\\\/#listItem\",\"position\":2,\"name\":\"Alagoinhas e Regi\\u00e3o\",\"item\":\"https:\\\/\\\/newsinfoco.com.br\\\/inicio\\\/category\\\/alagoinhas-e-regiao\\\/\",\"nextItem\":{\"@type\":\"ListItem\",\"@id\":\"https:\\\/\\\/newsinfoco.com.br\\\/inicio\\\/caminhada-encerra-semana-da-pessoa-com-deficiencia-em-alagoinhas\\\/#listItem\",\"name\":\"Caminhada encerra Semana da Pessoa com Defici\\u00eancia em Alagoinhas\"},\"previousItem\":{\"@type\":\"ListItem\",\"@id\":\"https:\\\/\\\/newsinfoco.com.br\\\/inicio#listItem\",\"name\":\"In\\u00edcio\"}},{\"@type\":\"ListItem\",\"@id\":\"https:\\\/\\\/newsinfoco.com.br\\\/inicio\\\/caminhada-encerra-semana-da-pessoa-com-deficiencia-em-alagoinhas\\\/#listItem\",\"position\":3,\"name\":\"Caminhada encerra Semana da Pessoa com Defici\\u00eancia em Alagoinhas\",\"previousItem\":{\"@type\":\"ListItem\",\"@id\":\"https:\\\/\\\/newsinfoco.com.br\\\/inicio\\\/category\\\/alagoinhas-e-regiao\\\/#listItem\",\"name\":\"Alagoinhas e Regi\\u00e3o\"}}]},{\"@type\":\"Organization\",\"@id\":\"https:\\\/\\\/newsinfoco.com.br\\\/inicio\\\/#organization\",\"name\":\"News In Foco - Editado por Caio Pimenta\",\"description\":\"O principal site de noticias de Alagoinhas e regi\\u00e3o\",\"url\":\"https:\\\/\\\/newsinfoco.com.br\\\/inicio\\\/\"},{\"@type\":\"Person\",\"@id\":\"https:\\\/\\\/newsinfoco.com.br\\\/inicio\\\/author\\\/administrador\\\/#author\",\"url\":\"https:\\\/\\\/newsinfoco.com.br\\\/inicio\\\/author\\\/administrador\\\/\",\"name\":\"administrador\",\"image\":{\"@type\":\"ImageObject\",\"@id\":\"https:\\\/\\\/newsinfoco.com.br\\\/inicio\\\/caminhada-encerra-semana-da-pessoa-com-deficiencia-em-alagoinhas\\\/#authorImage\",\"url\":\"https:\\\/\\\/secure.gravatar.com\\\/avatar\\\/c17a617433de8c1dc9584bb79aab7563b46f5bb7e1728c9b17d9cc3ce6a08e49?s=96&d=mm&r=g\",\"width\":96,\"height\":96,\"caption\":\"administrador\"}},{\"@type\":\"WebPage\",\"@id\":\"https:\\\/\\\/newsinfoco.com.br\\\/inicio\\\/caminhada-encerra-semana-da-pessoa-com-deficiencia-em-alagoinhas\\\/#webpage\",\"url\":\"https:\\\/\\\/newsinfoco.com.br\\\/inicio\\\/caminhada-encerra-semana-da-pessoa-com-deficiencia-em-alagoinhas\\\/\",\"name\":\"Caminhada encerra Semana da Pessoa com Defici\\u00eancia em Alagoinhas - News In Foco - Editado por Caio Pimenta\",\"description\":\"A Caminhada da Semana da Pessoa com Defici\\u00eancia, realizada na manh\\u00e3 desta quinta-feira, 28, marcou o encerramento da edi\\u00e7\\u00e3o 2025 do evento, iniciado no dia 25 de agosto. A concentra\\u00e7\\u00e3o foi no estacionamento da Prefeitura, de onde os participantes seguiram em trajeto at\\u00e9 a Pra\\u00e7a Rui Barbosa, ponto de chegada e encerramento das atividades. A\",\"inLanguage\":\"pt-BR\",\"isPartOf\":{\"@id\":\"https:\\\/\\\/newsinfoco.com.br\\\/inicio\\\/#website\"},\"breadcrumb\":{\"@id\":\"https:\\\/\\\/newsinfoco.com.br\\\/inicio\\\/caminhada-encerra-semana-da-pessoa-com-deficiencia-em-alagoinhas\\\/#breadcrumblist\"},\"author\":{\"@id\":\"https:\\\/\\\/newsinfoco.com.br\\\/inicio\\\/author\\\/administrador\\\/#author\"},\"creator\":{\"@id\":\"https:\\\/\\\/newsinfoco.com.br\\\/inicio\\\/author\\\/administrador\\\/#author\"},\"image\":{\"@type\":\"ImageObject\",\"url\":\"https:\\\/\\\/newsinfoco.com.br\\\/inicio\\\/wp-content\\\/uploads\\\/2025\\\/08\\\/WhatsApp-Image-2025-08-28-at-11.13.28-1-scaled.jpeg\",\"@id\":\"https:\\\/\\\/newsinfoco.com.br\\\/inicio\\\/caminhada-encerra-semana-da-pessoa-com-deficiencia-em-alagoinhas\\\/#mainImage\",\"width\":2560,\"height\":1920},\"primaryImageOfPage\":{\"@id\":\"https:\\\/\\\/newsinfoco.com.br\\\/inicio\\\/caminhada-encerra-semana-da-pessoa-com-deficiencia-em-alagoinhas\\\/#mainImage\"},\"datePublished\":\"2025-08-28T14:58:20-03:00\",\"dateModified\":\"2025-08-28T14:58:20-03:00\"},{\"@type\":\"WebSite\",\"@id\":\"https:\\\/\\\/newsinfoco.com.br\\\/inicio\\\/#website\",\"url\":\"https:\\\/\\\/newsinfoco.com.br\\\/inicio\\\/\",\"name\":\"News In Foco - Editado por Caio Pimenta\",\"description\":\"O principal site de noticias de Alagoinhas e regi\\u00e3o\",\"inLanguage\":\"pt-BR\",\"publisher\":{\"@id\":\"https:\\\/\\\/newsinfoco.com.br\\\/inicio\\\/#organization\"}}]}\n\t\t<\/script>\n\t\t<!-- All in One SEO -->\n\n","aioseo_head_json":{"title":"Caminhada encerra Semana da Pessoa com Defici\u00eancia em Alagoinhas - News In Foco - Editado por Caio Pimenta","description":"A Caminhada da Semana da Pessoa com Defici\u00eancia, realizada na manh\u00e3 desta quinta-feira, 28, marcou o encerramento da edi\u00e7\u00e3o 2025 do evento, iniciado no dia 25 de agosto. A concentra\u00e7\u00e3o foi no estacionamento da Prefeitura, de onde os participantes seguiram em trajeto at\u00e9 a Pra\u00e7a Rui Barbosa, ponto de chegada e encerramento das atividades. A","canonical_url":"https:\/\/newsinfoco.com.br\/inicio\/caminhada-encerra-semana-da-pessoa-com-deficiencia-em-alagoinhas\/","robots":"max-image-preview:large","keywords":"","webmasterTools":{"miscellaneous":""},"schema":{"@context":"https:\/\/schema.org","@graph":[{"@type":"BlogPosting","@id":"https:\/\/newsinfoco.com.br\/inicio\/caminhada-encerra-semana-da-pessoa-com-deficiencia-em-alagoinhas\/#blogposting","name":"Caminhada encerra Semana da Pessoa com Defici\u00eancia em Alagoinhas - News In Foco - Editado por Caio Pimenta","headline":"Caminhada encerra Semana da Pessoa com Defici\u00eancia em Alagoinhas","author":{"@id":"https:\/\/newsinfoco.com.br\/inicio\/author\/administrador\/#author"},"publisher":{"@id":"https:\/\/newsinfoco.com.br\/inicio\/#organization"},"image":{"@type":"ImageObject","url":"https:\/\/newsinfoco.com.br\/inicio\/wp-content\/uploads\/2025\/08\/WhatsApp-Image-2025-08-28-at-11.13.28-1-scaled.jpeg","width":2560,"height":1920},"datePublished":"2025-08-28T14:58:20-03:00","dateModified":"2025-08-28T14:58:20-03:00","inLanguage":"pt-BR","mainEntityOfPage":{"@id":"https:\/\/newsinfoco.com.br\/inicio\/caminhada-encerra-semana-da-pessoa-com-deficiencia-em-alagoinhas\/#webpage"},"isPartOf":{"@id":"https:\/\/newsinfoco.com.br\/inicio\/caminhada-encerra-semana-da-pessoa-com-deficiencia-em-alagoinhas\/#webpage"},"articleSection":"Alagoinhas e Regi\u00e3o, Manchete"},{"@type":"BreadcrumbList","@id":"https:\/\/newsinfoco.com.br\/inicio\/caminhada-encerra-semana-da-pessoa-com-deficiencia-em-alagoinhas\/#breadcrumblist","itemListElement":[{"@type":"ListItem","@id":"https:\/\/newsinfoco.com.br\/inicio#listItem","position":1,"name":"In\u00edcio","item":"https:\/\/newsinfoco.com.br\/inicio","nextItem":{"@type":"ListItem","@id":"https:\/\/newsinfoco.com.br\/inicio\/category\/alagoinhas-e-regiao\/#listItem","name":"Alagoinhas e Regi\u00e3o"}},{"@type":"ListItem","@id":"https:\/\/newsinfoco.com.br\/inicio\/category\/alagoinhas-e-regiao\/#listItem","position":2,"name":"Alagoinhas e Regi\u00e3o","item":"https:\/\/newsinfoco.com.br\/inicio\/category\/alagoinhas-e-regiao\/","nextItem":{"@type":"ListItem","@id":"https:\/\/newsinfoco.com.br\/inicio\/caminhada-encerra-semana-da-pessoa-com-deficiencia-em-alagoinhas\/#listItem","name":"Caminhada encerra Semana da Pessoa com Defici\u00eancia em Alagoinhas"},"previousItem":{"@type":"ListItem","@id":"https:\/\/newsinfoco.com.br\/inicio#listItem","name":"In\u00edcio"}},{"@type":"ListItem","@id":"https:\/\/newsinfoco.com.br\/inicio\/caminhada-encerra-semana-da-pessoa-com-deficiencia-em-alagoinhas\/#listItem","position":3,"name":"Caminhada encerra Semana da Pessoa com Defici\u00eancia em Alagoinhas","previousItem":{"@type":"ListItem","@id":"https:\/\/newsinfoco.com.br\/inicio\/category\/alagoinhas-e-regiao\/#listItem","name":"Alagoinhas e Regi\u00e3o"}}]},{"@type":"Organization","@id":"https:\/\/newsinfoco.com.br\/inicio\/#organization","name":"News In Foco - Editado por Caio Pimenta","description":"O principal site de noticias de Alagoinhas e regi\u00e3o","url":"https:\/\/newsinfoco.com.br\/inicio\/"},{"@type":"Person","@id":"https:\/\/newsinfoco.com.br\/inicio\/author\/administrador\/#author","url":"https:\/\/newsinfoco.com.br\/inicio\/author\/administrador\/","name":"administrador","image":{"@type":"ImageObject","@id":"https:\/\/newsinfoco.com.br\/inicio\/caminhada-encerra-semana-da-pessoa-com-deficiencia-em-alagoinhas\/#authorImage","url":"https:\/\/secure.gravatar.com\/avatar\/c17a617433de8c1dc9584bb79aab7563b46f5bb7e1728c9b17d9cc3ce6a08e49?s=96&d=mm&r=g","width":96,"height":96,"caption":"administrador"}},{"@type":"WebPage","@id":"https:\/\/newsinfoco.com.br\/inicio\/caminhada-encerra-semana-da-pessoa-com-deficiencia-em-alagoinhas\/#webpage","url":"https:\/\/newsinfoco.com.br\/inicio\/caminhada-encerra-semana-da-pessoa-com-deficiencia-em-alagoinhas\/","name":"Caminhada encerra Semana da Pessoa com Defici\u00eancia em Alagoinhas - News In Foco - Editado por Caio Pimenta","description":"A Caminhada da Semana da Pessoa com Defici\u00eancia, realizada na manh\u00e3 desta quinta-feira, 28, marcou o encerramento da edi\u00e7\u00e3o 2025 do evento, iniciado no dia 25 de agosto. A concentra\u00e7\u00e3o foi no estacionamento da Prefeitura, de onde os participantes seguiram em trajeto at\u00e9 a Pra\u00e7a Rui Barbosa, ponto de chegada e encerramento das atividades. A","inLanguage":"pt-BR","isPartOf":{"@id":"https:\/\/newsinfoco.com.br\/inicio\/#website"},"breadcrumb":{"@id":"https:\/\/newsinfoco.com.br\/inicio\/caminhada-encerra-semana-da-pessoa-com-deficiencia-em-alagoinhas\/#breadcrumblist"},"author":{"@id":"https:\/\/newsinfoco.com.br\/inicio\/author\/administrador\/#author"},"creator":{"@id":"https:\/\/newsinfoco.com.br\/inicio\/author\/administrador\/#author"},"image":{"@type":"ImageObject","url":"https:\/\/newsinfoco.com.br\/inicio\/wp-content\/uploads\/2025\/08\/WhatsApp-Image-2025-08-28-at-11.13.28-1-scaled.jpeg","@id":"https:\/\/newsinfoco.com.br\/inicio\/caminhada-encerra-semana-da-pessoa-com-deficiencia-em-alagoinhas\/#mainImage","width":2560,"height":1920},"primaryImageOfPage":{"@id":"https:\/\/newsinfoco.com.br\/inicio\/caminhada-encerra-semana-da-pessoa-com-deficiencia-em-alagoinhas\/#mainImage"},"datePublished":"2025-08-28T14:58:20-03:00","dateModified":"2025-08-28T14:58:20-03:00"},{"@type":"WebSite","@id":"https:\/\/newsinfoco.com.br\/inicio\/#website","url":"https:\/\/newsinfoco.com.br\/inicio\/","name":"News In Foco - Editado por Caio Pimenta","description":"O principal site de noticias de Alagoinhas e regi\u00e3o","inLanguage":"pt-BR","publisher":{"@id":"https:\/\/newsinfoco.com.br\/inicio\/#organization"}}]},"og:locale":"pt_BR","og:site_name":"News In Foco - Editado por Caio Pimenta - O principal site de noticias de Alagoinhas e regi\u00e3o","og:type":"article","og:title":"Caminhada encerra Semana da Pessoa com Defici\u00eancia em Alagoinhas - News In Foco - Editado por Caio Pimenta","og:description":"A Caminhada da Semana da Pessoa com Defici\u00eancia, realizada na manh\u00e3 desta quinta-feira, 28, marcou o encerramento da edi\u00e7\u00e3o 2025 do evento, iniciado no dia 25 de agosto. A concentra\u00e7\u00e3o foi no estacionamento da Prefeitura, de onde os participantes seguiram em trajeto at\u00e9 a Pra\u00e7a Rui Barbosa, ponto de chegada e encerramento das atividades. A","og:url":"https:\/\/newsinfoco.com.br\/inicio\/caminhada-encerra-semana-da-pessoa-com-deficiencia-em-alagoinhas\/","article:published_time":"2025-08-28T17:58:20+00:00","article:modified_time":"2025-08-28T17:58:20+00:00","twitter:card":"summary_large_image","twitter:title":"Caminhada encerra Semana da Pessoa com Defici\u00eancia em Alagoinhas - News In Foco - Editado por Caio Pimenta","twitter:description":"A Caminhada da Semana da Pessoa com Defici\u00eancia, realizada na manh\u00e3 desta quinta-feira, 28, marcou o encerramento da edi\u00e7\u00e3o 2025 do evento, iniciado no dia 25 de agosto. A concentra\u00e7\u00e3o foi no estacionamento da Prefeitura, de onde os participantes seguiram em trajeto at\u00e9 a Pra\u00e7a Rui Barbosa, ponto de chegada e encerramento das atividades. A"},"aioseo_meta_data":{"post_id":"44758","title":null,"description":null,"keywords":null,"keyphrases":{"focus":{"keyphrase":"","score":0,"analysis":{"keyphraseInTitle":{"score":0,"maxScore":9,"error":1}}},"additional":[]},"primary_term":null,"canonical_url":null,"og_title":null,"og_description":null,"og_object_type":"default","og_image_type":"default","og_image_url":null,"og_image_width":null,"og_image_height":null,"og_image_custom_url":null,"og_image_custom_fields":null,"og_video":"","og_custom_url":null,"og_article_section":null,"og_article_tags":null,"twitter_use_og":false,"twitter_card":"default","twitter_image_type":"default","twitter_image_url":null,"twitter_image_custom_url":null,"twitter_image_custom_fields":null,"twitter_title":null,"twitter_description":null,"schema":{"blockGraphs":[],"customGraphs":[],"default":{"data":{"Article":[],"Course":[],"Dataset":[],"FAQPage":[],"Movie":[],"Person":[],"Product":[],"ProductReview":[],"Car":[],"Recipe":[],"Service":[],"SoftwareApplication":[],"WebPage":[]},"graphName":"BlogPosting","isEnabled":true},"graphs":[]},"schema_type":"default","schema_type_options":null,"pillar_content":false,"robots_default":true,"robots_noindex":false,"robots_noarchive":false,"robots_nosnippet":false,"robots_nofollow":false,"robots_noimageindex":false,"robots_noodp":false,"robots_notranslate":false,"robots_max_snippet":"-1","robots_max_videopreview":"-1","robots_max_imagepreview":"large","priority":null,"frequency":"default","local_seo":null,"breadcrumb_settings":null,"limit_modified_date":false,"ai":{"faqs":[],"keyPoints":[],"titles":[],"descriptions":[],"socialPosts":{"email":[],"linkedin":[],"twitter":[],"facebook":[],"instagram":[]}},"created":"2025-08-28 17:58:20","updated":"2025-08-28 18:08:24","seo_analyzer_scan_date":null},"aioseo_breadcrumb":"<div class=\"aioseo-breadcrumbs\"><span class=\"aioseo-breadcrumb\">\n\t\t\t<a href=\"https:\/\/newsinfoco.com.br\/inicio\" title=\"In\u00edcio\">In\u00edcio<\/a>\n\t\t<\/span><span class=\"aioseo-breadcrumb-separator\">&raquo;<\/span><span class=\"aioseo-breadcrumb\">\n\t\t\t<a href=\"https:\/\/newsinfoco.com.br\/inicio\/category\/alagoinhas-e-regiao\/\" title=\"Alagoinhas e Regi\u00e3o\">Alagoinhas e Regi\u00e3o<\/a>\n\t\t<\/span><span class=\"aioseo-breadcrumb-separator\">&raquo;<\/span><span class=\"aioseo-breadcrumb\">\n\t\t\tCaminhada encerra Semana da Pessoa com Defici\u00eancia em Alagoinhas\n\t\t<\/span><\/div>","aioseo_breadcrumb_json":[{"label":"In\u00edcio","link":"https:\/\/newsinfoco.com.br\/inicio"},{"label":"Alagoinhas e Regi\u00e3o","link":"https:\/\/newsinfoco.com.br\/inicio\/category\/alagoinhas-e-regiao\/"},{"label":"Caminhada encerra Semana da Pessoa com Defici\u00eancia em Alagoinhas","link":"https:\/\/newsinfoco.com.br\/inicio\/caminhada-encerra-semana-da-pessoa-com-deficiencia-em-alagoinhas\/"}],"_links":{"self":[{"href":"https:\/\/newsinfoco.com.br\/inicio\/wp-json\/wp\/v2\/posts\/44758","targetHints":{"allow":["GET"]}}],"collection":[{"href":"https:\/\/newsinfoco.com.br\/inicio\/wp-json\/wp\/v2\/posts"}],"about":[{"href":"https:\/\/newsinfoco.com.br\/inicio\/wp-json\/wp\/v2\/types\/post"}],"author":[{"embeddable":true,"href":"https:\/\/newsinfoco.com.br\/inicio\/wp-json\/wp\/v2\/users\/1"}],"replies":[{"embeddable":true,"href":"https:\/\/newsinfoco.com.br\/inicio\/wp-json\/wp\/v2\/comments?post=44758"}],"version-history":[{"count":1,"href":"https:\/\/newsinfoco.com.br\/inicio\/wp-json\/wp\/v2\/posts\/44758\/revisions"}],"predecessor-version":[{"id":44760,"href":"https:\/\/newsinfoco.com.br\/inicio\/wp-json\/wp\/v2\/posts\/44758\/revisions\/44760"}],"wp:featuredmedia":[{"embeddable":true,"href":"https:\/\/newsinfoco.com.br\/inicio\/wp-json\/wp\/v2\/media\/44759"}],"wp:attachment":[{"href":"https:\/\/newsinfoco.com.br\/inicio\/wp-json\/wp\/v2\/media?parent=44758"}],"wp:term":[{"taxonomy":"category","embeddable":true,"href":"https:\/\/newsinfoco.com.br\/inicio\/wp-json\/wp\/v2\/categories?post=44758"},{"taxonomy":"post_tag","embeddable":true,"href":"https:\/\/newsinfoco.com.br\/inicio\/wp-json\/wp\/v2\/tags?post=44758"}],"curies":[{"name":"wp","href":"https:\/\/api.w.org\/{rel}","templated":true}]}}