{"id":44777,"date":"2025-08-28T16:05:14","date_gmt":"2025-08-28T19:05:14","guid":{"rendered":"https:\/\/newsinfoco.com.br\/inicio\/?p=44777"},"modified":"2025-08-28T16:05:14","modified_gmt":"2025-08-28T19:05:14","slug":"presidente-comemora-e-elogia-maior-operacao-de-combate-ao-crime-organizado","status":"publish","type":"post","link":"https:\/\/newsinfoco.com.br\/inicio\/presidente-comemora-e-elogia-maior-operacao-de-combate-ao-crime-organizado\/","title":{"rendered":"Presidente comemora e elogia maior opera\u00e7\u00e3o de combate ao crime organizado"},"content":{"rendered":"<p><strong>A opera\u00e7\u00e3o deflagrada<\/strong>\u00a0nesta quinta-feira (28)\u00a0<strong>Pol\u00edcia Federal, Receita Federal e Minist\u00e9rios P\u00fablicos<\/strong>\u00a0estaduais foi comemorada pelo presidente da Rep\u00fablica, Luiz In\u00e1cio Lula da Silva (PT).\u00a0<a href=\"https:\/\/bahia.ba\/bahia\/crime-organizado-utiliza-postos-de-gasolina-na-bahia-para-lavagem-de-dinheiro-e-sonegacao\/\"><strong>A Bahia e outros nove estados foram alvos da a\u00e7\u00e3o de combate ao crime organizado<\/strong><\/a>.<\/p>\n<p>Em publica\u00e7\u00e3o no X, antigo Twitter, Lula afirmou que\u00a0<strong>\u201ca popula\u00e7\u00e3o em todo o pa\u00eds assistiu hoje \u00e0 maior resposta do Estado brasileiro ao crime organizado de nossa hist\u00f3ria at\u00e9 aqui\u201d<\/strong>.<\/p>\n<p>O presidente elogiou as atua\u00e7\u00f5es coordenadas que envolveram os \u00f3rg\u00e3os parceiros citados, o que motivou a deflagra\u00e7\u00e3o das\u00a0<strong>tr\u00eas investidas simult\u00e2neas nos setores financeiro e de combust\u00edveis<\/strong>.<\/p>\n<p>\u201cO trabalho integrado \u2014 iniciado com a cria\u00e7\u00e3o, no\u00a0<strong>Minist\u00e9rio da Justi\u00e7a, do N\u00facleo de Combate ao Crime Organizado<\/strong>\u00a0\u2014 permitiu acompanhar toda a cadeia e atingir o n\u00facleo financeiro que sustenta essas pr\u00e1ticas\u201d, destacou Lula.<\/p>\n<p><strong>O chefe do Executivo garantiu que o compromisso do estado \u00e9 proteger cidad\u00e3os e consumidores<\/strong>. \u201cCortar o fluxo de dinheiro il\u00edcito, recuperar recursos para os cofres p\u00fablicos e garantir um mercado de combust\u00edveis justo e transparente, com qualidade e concorr\u00eancia leal\u201d.<\/p>\n<p>O petista concluiu que o Governo Federal e seus \u00f3rg\u00e3os seguir\u00e3o atuando com coordena\u00e7\u00e3o e seriedade para dar seguran\u00e7a \u00e0s pessoas e estabilidade \u00e0 economia.<\/p>\n<p>Bahia.Ba<\/p>\n<div class='share-to-whatsapp-wrapper'><div class='share-on-whsp'>Share on: <\/div><a data-text='Presidente comemora e elogia maior opera\u00e7\u00e3o de combate ao crime organizado' data-link='https:\/\/newsinfoco.com.br\/inicio\/presidente-comemora-e-elogia-maior-operacao-de-combate-ao-crime-organizado\/' class='whatsapp-button whatsapp-share'>WhatsApp<\/a><div class='clear '><\/div><\/div>","protected":false},"excerpt":{"rendered":"<p>A opera\u00e7\u00e3o deflagrada\u00a0nesta quinta-feira (28)\u00a0Pol\u00edcia Federal, Receita Federal e Minist\u00e9rios P\u00fablicos\u00a0estaduais foi comemorada pelo presidente da Rep\u00fablica, Luiz In\u00e1cio Lula da Silva (PT).\u00a0A Bahia e outros nove estados foram alvos da a\u00e7\u00e3o de combate ao crime organizado. Em publica\u00e7\u00e3o no X, antigo Twitter, Lula afirmou que\u00a0\u201ca popula\u00e7\u00e3o em todo o pa\u00eds assistiu hoje \u00e0 maior [&hellip;]<\/p>\n","protected":false},"author":1,"featured_media":44778,"comment_status":"closed","ping_status":"closed","sticky":false,"template":"","format":"standard","meta":{"om_disable_all_campaigns":false,"rop_custom_images_group":[],"rop_custom_messages_group":[],"rop_publish_now":"initial","rop_publish_now_accounts":[],"rop_publish_now_history":[],"rop_publish_now_status":"pending","_exactmetrics_skip_tracking":false,"footnotes":""},"categories":[21],"tags":[],"class_list":["post-44777","post","type-post","status-publish","format-standard","has-post-thumbnail","hentry","category-brasil"],"aioseo_notices":[],"aioseo_head":"\n\t\t<!-- All in One SEO 4.9.10 - aioseo.com -->\n\t<meta name=\"description\" content=\"A opera\u00e7\u00e3o deflagrada nesta quinta-feira (28) Pol\u00edcia Federal, Receita Federal e Minist\u00e9rios P\u00fablicos estaduais foi comemorada pelo presidente da Rep\u00fablica, Luiz In\u00e1cio Lula da Silva (PT). A Bahia e outros nove estados foram alvos da a\u00e7\u00e3o de combate ao crime organizado. Em publica\u00e7\u00e3o no X, antigo Twitter, Lula afirmou que \u201ca popula\u00e7\u00e3o em todo o pa\u00eds assistiu hoje \u00e0 maior\" \/>\n\t<meta name=\"robots\" content=\"max-image-preview:large\" \/>\n\t<meta name=\"author\" content=\"administrador\"\/>\n\t<link rel=\"canonical\" href=\"https:\/\/newsinfoco.com.br\/inicio\/presidente-comemora-e-elogia-maior-operacao-de-combate-ao-crime-organizado\/\" \/>\n\t<meta name=\"generator\" content=\"All in One SEO (AIOSEO) 4.9.10\" \/>\n\t\t<meta property=\"og:locale\" content=\"pt_BR\" \/>\n\t\t<meta property=\"og:site_name\" content=\"News In Foco - Editado por Caio Pimenta - O principal site de noticias de Alagoinhas e regi\u00e3o\" \/>\n\t\t<meta property=\"og:type\" content=\"article\" \/>\n\t\t<meta property=\"og:title\" content=\"Presidente comemora e elogia maior opera\u00e7\u00e3o de combate ao crime organizado - News In Foco - Editado por Caio Pimenta\" \/>\n\t\t<meta property=\"og:description\" content=\"A opera\u00e7\u00e3o deflagrada nesta quinta-feira (28) Pol\u00edcia Federal, Receita Federal e Minist\u00e9rios P\u00fablicos estaduais foi comemorada pelo presidente da Rep\u00fablica, Luiz In\u00e1cio Lula da Silva (PT). A Bahia e outros nove estados foram alvos da a\u00e7\u00e3o de combate ao crime organizado. Em publica\u00e7\u00e3o no X, antigo Twitter, Lula afirmou que \u201ca popula\u00e7\u00e3o em todo o pa\u00eds assistiu hoje \u00e0 maior\" \/>\n\t\t<meta property=\"og:url\" content=\"https:\/\/newsinfoco.com.br\/inicio\/presidente-comemora-e-elogia-maior-operacao-de-combate-ao-crime-organizado\/\" \/>\n\t\t<meta property=\"article:published_time\" content=\"2025-08-28T19:05:14+00:00\" \/>\n\t\t<meta property=\"article:modified_time\" content=\"2025-08-28T19:05:14+00:00\" \/>\n\t\t<meta name=\"twitter:card\" content=\"summary_large_image\" \/>\n\t\t<meta name=\"twitter:title\" content=\"Presidente comemora e elogia maior opera\u00e7\u00e3o de combate ao crime organizado - News In Foco - Editado por Caio Pimenta\" \/>\n\t\t<meta name=\"twitter:description\" content=\"A opera\u00e7\u00e3o deflagrada nesta quinta-feira (28) Pol\u00edcia Federal, Receita Federal e Minist\u00e9rios P\u00fablicos estaduais foi comemorada pelo presidente da Rep\u00fablica, Luiz In\u00e1cio Lula da Silva (PT). A Bahia e outros nove estados foram alvos da a\u00e7\u00e3o de combate ao crime organizado. Em publica\u00e7\u00e3o no X, antigo Twitter, Lula afirmou que \u201ca popula\u00e7\u00e3o em todo o pa\u00eds assistiu hoje \u00e0 maior\" \/>\n\t\t<script type=\"application\/ld+json\" class=\"aioseo-schema\">\n\t\t\t{\"@context\":\"https:\\\/\\\/schema.org\",\"@graph\":[{\"@type\":\"BlogPosting\",\"@id\":\"https:\\\/\\\/newsinfoco.com.br\\\/inicio\\\/presidente-comemora-e-elogia-maior-operacao-de-combate-ao-crime-organizado\\\/#blogposting\",\"name\":\"Presidente comemora e elogia maior opera\\u00e7\\u00e3o de combate ao crime organizado - News In Foco - Editado por Caio Pimenta\",\"headline\":\"Presidente comemora e elogia maior opera\\u00e7\\u00e3o de combate ao crime organizado\",\"author\":{\"@id\":\"https:\\\/\\\/newsinfoco.com.br\\\/inicio\\\/author\\\/administrador\\\/#author\"},\"publisher\":{\"@id\":\"https:\\\/\\\/newsinfoco.com.br\\\/inicio\\\/#organization\"},\"image\":{\"@type\":\"ImageObject\",\"url\":\"https:\\\/\\\/newsinfoco.com.br\\\/inicio\\\/wp-content\\\/uploads\\\/2025\\\/08\\\/lewandowski-lula-1.jpeg\",\"width\":600,\"height\":420},\"datePublished\":\"2025-08-28T16:05:14-03:00\",\"dateModified\":\"2025-08-28T16:05:14-03:00\",\"inLanguage\":\"pt-BR\",\"mainEntityOfPage\":{\"@id\":\"https:\\\/\\\/newsinfoco.com.br\\\/inicio\\\/presidente-comemora-e-elogia-maior-operacao-de-combate-ao-crime-organizado\\\/#webpage\"},\"isPartOf\":{\"@id\":\"https:\\\/\\\/newsinfoco.com.br\\\/inicio\\\/presidente-comemora-e-elogia-maior-operacao-de-combate-ao-crime-organizado\\\/#webpage\"},\"articleSection\":\"Brasil\"},{\"@type\":\"BreadcrumbList\",\"@id\":\"https:\\\/\\\/newsinfoco.com.br\\\/inicio\\\/presidente-comemora-e-elogia-maior-operacao-de-combate-ao-crime-organizado\\\/#breadcrumblist\",\"itemListElement\":[{\"@type\":\"ListItem\",\"@id\":\"https:\\\/\\\/newsinfoco.com.br\\\/inicio#listItem\",\"position\":1,\"name\":\"In\\u00edcio\",\"item\":\"https:\\\/\\\/newsinfoco.com.br\\\/inicio\",\"nextItem\":{\"@type\":\"ListItem\",\"@id\":\"https:\\\/\\\/newsinfoco.com.br\\\/inicio\\\/category\\\/brasil\\\/#listItem\",\"name\":\"Brasil\"}},{\"@type\":\"ListItem\",\"@id\":\"https:\\\/\\\/newsinfoco.com.br\\\/inicio\\\/category\\\/brasil\\\/#listItem\",\"position\":2,\"name\":\"Brasil\",\"item\":\"https:\\\/\\\/newsinfoco.com.br\\\/inicio\\\/category\\\/brasil\\\/\",\"nextItem\":{\"@type\":\"ListItem\",\"@id\":\"https:\\\/\\\/newsinfoco.com.br\\\/inicio\\\/presidente-comemora-e-elogia-maior-operacao-de-combate-ao-crime-organizado\\\/#listItem\",\"name\":\"Presidente comemora e elogia maior opera\\u00e7\\u00e3o de combate ao crime organizado\"},\"previousItem\":{\"@type\":\"ListItem\",\"@id\":\"https:\\\/\\\/newsinfoco.com.br\\\/inicio#listItem\",\"name\":\"In\\u00edcio\"}},{\"@type\":\"ListItem\",\"@id\":\"https:\\\/\\\/newsinfoco.com.br\\\/inicio\\\/presidente-comemora-e-elogia-maior-operacao-de-combate-ao-crime-organizado\\\/#listItem\",\"position\":3,\"name\":\"Presidente comemora e elogia maior opera\\u00e7\\u00e3o de combate ao crime organizado\",\"previousItem\":{\"@type\":\"ListItem\",\"@id\":\"https:\\\/\\\/newsinfoco.com.br\\\/inicio\\\/category\\\/brasil\\\/#listItem\",\"name\":\"Brasil\"}}]},{\"@type\":\"Organization\",\"@id\":\"https:\\\/\\\/newsinfoco.com.br\\\/inicio\\\/#organization\",\"name\":\"News In Foco - Editado por Caio Pimenta\",\"description\":\"O principal site de noticias de Alagoinhas e regi\\u00e3o\",\"url\":\"https:\\\/\\\/newsinfoco.com.br\\\/inicio\\\/\"},{\"@type\":\"Person\",\"@id\":\"https:\\\/\\\/newsinfoco.com.br\\\/inicio\\\/author\\\/administrador\\\/#author\",\"url\":\"https:\\\/\\\/newsinfoco.com.br\\\/inicio\\\/author\\\/administrador\\\/\",\"name\":\"administrador\",\"image\":{\"@type\":\"ImageObject\",\"@id\":\"https:\\\/\\\/newsinfoco.com.br\\\/inicio\\\/presidente-comemora-e-elogia-maior-operacao-de-combate-ao-crime-organizado\\\/#authorImage\",\"url\":\"https:\\\/\\\/secure.gravatar.com\\\/avatar\\\/c17a617433de8c1dc9584bb79aab7563b46f5bb7e1728c9b17d9cc3ce6a08e49?s=96&d=mm&r=g\",\"width\":96,\"height\":96,\"caption\":\"administrador\"}},{\"@type\":\"WebPage\",\"@id\":\"https:\\\/\\\/newsinfoco.com.br\\\/inicio\\\/presidente-comemora-e-elogia-maior-operacao-de-combate-ao-crime-organizado\\\/#webpage\",\"url\":\"https:\\\/\\\/newsinfoco.com.br\\\/inicio\\\/presidente-comemora-e-elogia-maior-operacao-de-combate-ao-crime-organizado\\\/\",\"name\":\"Presidente comemora e elogia maior opera\\u00e7\\u00e3o de combate ao crime organizado - News In Foco - Editado por Caio Pimenta\",\"description\":\"A opera\\u00e7\\u00e3o deflagrada nesta quinta-feira (28) Pol\\u00edcia Federal, Receita Federal e Minist\\u00e9rios P\\u00fablicos estaduais foi comemorada pelo presidente da Rep\\u00fablica, Luiz In\\u00e1cio Lula da Silva (PT). A Bahia e outros nove estados foram alvos da a\\u00e7\\u00e3o de combate ao crime organizado. Em publica\\u00e7\\u00e3o no X, antigo Twitter, Lula afirmou que \\u201ca popula\\u00e7\\u00e3o em todo o pa\\u00eds assistiu hoje \\u00e0 maior\",\"inLanguage\":\"pt-BR\",\"isPartOf\":{\"@id\":\"https:\\\/\\\/newsinfoco.com.br\\\/inicio\\\/#website\"},\"breadcrumb\":{\"@id\":\"https:\\\/\\\/newsinfoco.com.br\\\/inicio\\\/presidente-comemora-e-elogia-maior-operacao-de-combate-ao-crime-organizado\\\/#breadcrumblist\"},\"author\":{\"@id\":\"https:\\\/\\\/newsinfoco.com.br\\\/inicio\\\/author\\\/administrador\\\/#author\"},\"creator\":{\"@id\":\"https:\\\/\\\/newsinfoco.com.br\\\/inicio\\\/author\\\/administrador\\\/#author\"},\"image\":{\"@type\":\"ImageObject\",\"url\":\"https:\\\/\\\/newsinfoco.com.br\\\/inicio\\\/wp-content\\\/uploads\\\/2025\\\/08\\\/lewandowski-lula-1.jpeg\",\"@id\":\"https:\\\/\\\/newsinfoco.com.br\\\/inicio\\\/presidente-comemora-e-elogia-maior-operacao-de-combate-ao-crime-organizado\\\/#mainImage\",\"width\":600,\"height\":420},\"primaryImageOfPage\":{\"@id\":\"https:\\\/\\\/newsinfoco.com.br\\\/inicio\\\/presidente-comemora-e-elogia-maior-operacao-de-combate-ao-crime-organizado\\\/#mainImage\"},\"datePublished\":\"2025-08-28T16:05:14-03:00\",\"dateModified\":\"2025-08-28T16:05:14-03:00\"},{\"@type\":\"WebSite\",\"@id\":\"https:\\\/\\\/newsinfoco.com.br\\\/inicio\\\/#website\",\"url\":\"https:\\\/\\\/newsinfoco.com.br\\\/inicio\\\/\",\"name\":\"News In Foco - Editado por Caio Pimenta\",\"description\":\"O principal site de noticias de Alagoinhas e regi\\u00e3o\",\"inLanguage\":\"pt-BR\",\"publisher\":{\"@id\":\"https:\\\/\\\/newsinfoco.com.br\\\/inicio\\\/#organization\"}}]}\n\t\t<\/script>\n\t\t<!-- All in One SEO -->\n\n","aioseo_head_json":{"title":"Presidente comemora e elogia maior opera\u00e7\u00e3o de combate ao crime organizado - News In Foco - Editado por Caio Pimenta","description":"A opera\u00e7\u00e3o deflagrada nesta quinta-feira (28) Pol\u00edcia Federal, Receita Federal e Minist\u00e9rios P\u00fablicos estaduais foi comemorada pelo presidente da Rep\u00fablica, Luiz In\u00e1cio Lula da Silva (PT). A Bahia e outros nove estados foram alvos da a\u00e7\u00e3o de combate ao crime organizado. Em publica\u00e7\u00e3o no X, antigo Twitter, Lula afirmou que \u201ca popula\u00e7\u00e3o em todo o pa\u00eds assistiu hoje \u00e0 maior","canonical_url":"https:\/\/newsinfoco.com.br\/inicio\/presidente-comemora-e-elogia-maior-operacao-de-combate-ao-crime-organizado\/","robots":"max-image-preview:large","keywords":"","webmasterTools":{"miscellaneous":""},"schema":{"@context":"https:\/\/schema.org","@graph":[{"@type":"BlogPosting","@id":"https:\/\/newsinfoco.com.br\/inicio\/presidente-comemora-e-elogia-maior-operacao-de-combate-ao-crime-organizado\/#blogposting","name":"Presidente comemora e elogia maior opera\u00e7\u00e3o de combate ao crime organizado - News In Foco - Editado por Caio Pimenta","headline":"Presidente comemora e elogia maior opera\u00e7\u00e3o de combate ao crime organizado","author":{"@id":"https:\/\/newsinfoco.com.br\/inicio\/author\/administrador\/#author"},"publisher":{"@id":"https:\/\/newsinfoco.com.br\/inicio\/#organization"},"image":{"@type":"ImageObject","url":"https:\/\/newsinfoco.com.br\/inicio\/wp-content\/uploads\/2025\/08\/lewandowski-lula-1.jpeg","width":600,"height":420},"datePublished":"2025-08-28T16:05:14-03:00","dateModified":"2025-08-28T16:05:14-03:00","inLanguage":"pt-BR","mainEntityOfPage":{"@id":"https:\/\/newsinfoco.com.br\/inicio\/presidente-comemora-e-elogia-maior-operacao-de-combate-ao-crime-organizado\/#webpage"},"isPartOf":{"@id":"https:\/\/newsinfoco.com.br\/inicio\/presidente-comemora-e-elogia-maior-operacao-de-combate-ao-crime-organizado\/#webpage"},"articleSection":"Brasil"},{"@type":"BreadcrumbList","@id":"https:\/\/newsinfoco.com.br\/inicio\/presidente-comemora-e-elogia-maior-operacao-de-combate-ao-crime-organizado\/#breadcrumblist","itemListElement":[{"@type":"ListItem","@id":"https:\/\/newsinfoco.com.br\/inicio#listItem","position":1,"name":"In\u00edcio","item":"https:\/\/newsinfoco.com.br\/inicio","nextItem":{"@type":"ListItem","@id":"https:\/\/newsinfoco.com.br\/inicio\/category\/brasil\/#listItem","name":"Brasil"}},{"@type":"ListItem","@id":"https:\/\/newsinfoco.com.br\/inicio\/category\/brasil\/#listItem","position":2,"name":"Brasil","item":"https:\/\/newsinfoco.com.br\/inicio\/category\/brasil\/","nextItem":{"@type":"ListItem","@id":"https:\/\/newsinfoco.com.br\/inicio\/presidente-comemora-e-elogia-maior-operacao-de-combate-ao-crime-organizado\/#listItem","name":"Presidente comemora e elogia maior opera\u00e7\u00e3o de combate ao crime organizado"},"previousItem":{"@type":"ListItem","@id":"https:\/\/newsinfoco.com.br\/inicio#listItem","name":"In\u00edcio"}},{"@type":"ListItem","@id":"https:\/\/newsinfoco.com.br\/inicio\/presidente-comemora-e-elogia-maior-operacao-de-combate-ao-crime-organizado\/#listItem","position":3,"name":"Presidente comemora e elogia maior opera\u00e7\u00e3o de combate ao crime organizado","previousItem":{"@type":"ListItem","@id":"https:\/\/newsinfoco.com.br\/inicio\/category\/brasil\/#listItem","name":"Brasil"}}]},{"@type":"Organization","@id":"https:\/\/newsinfoco.com.br\/inicio\/#organization","name":"News In Foco - Editado por Caio Pimenta","description":"O principal site de noticias de Alagoinhas e regi\u00e3o","url":"https:\/\/newsinfoco.com.br\/inicio\/"},{"@type":"Person","@id":"https:\/\/newsinfoco.com.br\/inicio\/author\/administrador\/#author","url":"https:\/\/newsinfoco.com.br\/inicio\/author\/administrador\/","name":"administrador","image":{"@type":"ImageObject","@id":"https:\/\/newsinfoco.com.br\/inicio\/presidente-comemora-e-elogia-maior-operacao-de-combate-ao-crime-organizado\/#authorImage","url":"https:\/\/secure.gravatar.com\/avatar\/c17a617433de8c1dc9584bb79aab7563b46f5bb7e1728c9b17d9cc3ce6a08e49?s=96&d=mm&r=g","width":96,"height":96,"caption":"administrador"}},{"@type":"WebPage","@id":"https:\/\/newsinfoco.com.br\/inicio\/presidente-comemora-e-elogia-maior-operacao-de-combate-ao-crime-organizado\/#webpage","url":"https:\/\/newsinfoco.com.br\/inicio\/presidente-comemora-e-elogia-maior-operacao-de-combate-ao-crime-organizado\/","name":"Presidente comemora e elogia maior opera\u00e7\u00e3o de combate ao crime organizado - News In Foco - Editado por Caio Pimenta","description":"A opera\u00e7\u00e3o deflagrada nesta quinta-feira (28) Pol\u00edcia Federal, Receita Federal e Minist\u00e9rios P\u00fablicos estaduais foi comemorada pelo presidente da Rep\u00fablica, Luiz In\u00e1cio Lula da Silva (PT). A Bahia e outros nove estados foram alvos da a\u00e7\u00e3o de combate ao crime organizado. Em publica\u00e7\u00e3o no X, antigo Twitter, Lula afirmou que \u201ca popula\u00e7\u00e3o em todo o pa\u00eds assistiu hoje \u00e0 maior","inLanguage":"pt-BR","isPartOf":{"@id":"https:\/\/newsinfoco.com.br\/inicio\/#website"},"breadcrumb":{"@id":"https:\/\/newsinfoco.com.br\/inicio\/presidente-comemora-e-elogia-maior-operacao-de-combate-ao-crime-organizado\/#breadcrumblist"},"author":{"@id":"https:\/\/newsinfoco.com.br\/inicio\/author\/administrador\/#author"},"creator":{"@id":"https:\/\/newsinfoco.com.br\/inicio\/author\/administrador\/#author"},"image":{"@type":"ImageObject","url":"https:\/\/newsinfoco.com.br\/inicio\/wp-content\/uploads\/2025\/08\/lewandowski-lula-1.jpeg","@id":"https:\/\/newsinfoco.com.br\/inicio\/presidente-comemora-e-elogia-maior-operacao-de-combate-ao-crime-organizado\/#mainImage","width":600,"height":420},"primaryImageOfPage":{"@id":"https:\/\/newsinfoco.com.br\/inicio\/presidente-comemora-e-elogia-maior-operacao-de-combate-ao-crime-organizado\/#mainImage"},"datePublished":"2025-08-28T16:05:14-03:00","dateModified":"2025-08-28T16:05:14-03:00"},{"@type":"WebSite","@id":"https:\/\/newsinfoco.com.br\/inicio\/#website","url":"https:\/\/newsinfoco.com.br\/inicio\/","name":"News In Foco - Editado por Caio Pimenta","description":"O principal site de noticias de Alagoinhas e regi\u00e3o","inLanguage":"pt-BR","publisher":{"@id":"https:\/\/newsinfoco.com.br\/inicio\/#organization"}}]},"og:locale":"pt_BR","og:site_name":"News In Foco - Editado por Caio Pimenta - O principal site de noticias de Alagoinhas e regi\u00e3o","og:type":"article","og:title":"Presidente comemora e elogia maior opera\u00e7\u00e3o de combate ao crime organizado - News In Foco - Editado por Caio Pimenta","og:description":"A opera\u00e7\u00e3o deflagrada nesta quinta-feira (28) Pol\u00edcia Federal, Receita Federal e Minist\u00e9rios P\u00fablicos estaduais foi comemorada pelo presidente da Rep\u00fablica, Luiz In\u00e1cio Lula da Silva (PT). A Bahia e outros nove estados foram alvos da a\u00e7\u00e3o de combate ao crime organizado. Em publica\u00e7\u00e3o no X, antigo Twitter, Lula afirmou que \u201ca popula\u00e7\u00e3o em todo o pa\u00eds assistiu hoje \u00e0 maior","og:url":"https:\/\/newsinfoco.com.br\/inicio\/presidente-comemora-e-elogia-maior-operacao-de-combate-ao-crime-organizado\/","article:published_time":"2025-08-28T19:05:14+00:00","article:modified_time":"2025-08-28T19:05:14+00:00","twitter:card":"summary_large_image","twitter:title":"Presidente comemora e elogia maior opera\u00e7\u00e3o de combate ao crime organizado - News In Foco - Editado por Caio Pimenta","twitter:description":"A opera\u00e7\u00e3o deflagrada nesta quinta-feira (28) Pol\u00edcia Federal, Receita Federal e Minist\u00e9rios P\u00fablicos estaduais foi comemorada pelo presidente da Rep\u00fablica, Luiz In\u00e1cio Lula da Silva (PT). A Bahia e outros nove estados foram alvos da a\u00e7\u00e3o de combate ao crime organizado. Em publica\u00e7\u00e3o no X, antigo Twitter, Lula afirmou que \u201ca popula\u00e7\u00e3o em todo o pa\u00eds assistiu hoje \u00e0 maior"},"aioseo_meta_data":{"post_id":"44777","title":null,"description":null,"keywords":null,"keyphrases":{"focus":{"keyphrase":"","score":0,"analysis":{"keyphraseInTitle":{"score":0,"maxScore":9,"error":1}}},"additional":[]},"primary_term":null,"canonical_url":null,"og_title":null,"og_description":null,"og_object_type":"default","og_image_type":"default","og_image_url":null,"og_image_width":null,"og_image_height":null,"og_image_custom_url":null,"og_image_custom_fields":null,"og_video":"","og_custom_url":null,"og_article_section":null,"og_article_tags":null,"twitter_use_og":false,"twitter_card":"default","twitter_image_type":"default","twitter_image_url":null,"twitter_image_custom_url":null,"twitter_image_custom_fields":null,"twitter_title":null,"twitter_description":null,"schema":{"blockGraphs":[],"customGraphs":[],"default":{"data":{"Article":[],"Course":[],"Dataset":[],"FAQPage":[],"Movie":[],"Person":[],"Product":[],"ProductReview":[],"Car":[],"Recipe":[],"Service":[],"SoftwareApplication":[],"WebPage":[]},"graphName":"BlogPosting","isEnabled":true},"graphs":[]},"schema_type":"default","schema_type_options":null,"pillar_content":false,"robots_default":true,"robots_noindex":false,"robots_noarchive":false,"robots_nosnippet":false,"robots_nofollow":false,"robots_noimageindex":false,"robots_noodp":false,"robots_notranslate":false,"robots_max_snippet":"-1","robots_max_videopreview":"-1","robots_max_imagepreview":"large","priority":null,"frequency":"default","local_seo":null,"breadcrumb_settings":null,"limit_modified_date":false,"ai":{"faqs":[],"keyPoints":[],"titles":[],"descriptions":[],"socialPosts":{"email":[],"linkedin":[],"twitter":[],"facebook":[],"instagram":[]}},"created":"2025-08-28 19:05:14","updated":"2025-08-28 19:14:58","seo_analyzer_scan_date":null},"aioseo_breadcrumb":"<div class=\"aioseo-breadcrumbs\"><span class=\"aioseo-breadcrumb\">\n\t\t\t<a href=\"https:\/\/newsinfoco.com.br\/inicio\" title=\"In\u00edcio\">In\u00edcio<\/a>\n\t\t<\/span><span class=\"aioseo-breadcrumb-separator\">&raquo;<\/span><span class=\"aioseo-breadcrumb\">\n\t\t\t<a href=\"https:\/\/newsinfoco.com.br\/inicio\/category\/brasil\/\" title=\"Brasil\">Brasil<\/a>\n\t\t<\/span><span class=\"aioseo-breadcrumb-separator\">&raquo;<\/span><span class=\"aioseo-breadcrumb\">\n\t\t\tPresidente comemora e elogia maior opera\u00e7\u00e3o de combate ao crime organizado\n\t\t<\/span><\/div>","aioseo_breadcrumb_json":[{"label":"In\u00edcio","link":"https:\/\/newsinfoco.com.br\/inicio"},{"label":"Brasil","link":"https:\/\/newsinfoco.com.br\/inicio\/category\/brasil\/"},{"label":"Presidente comemora e elogia maior opera\u00e7\u00e3o de combate ao crime organizado","link":"https:\/\/newsinfoco.com.br\/inicio\/presidente-comemora-e-elogia-maior-operacao-de-combate-ao-crime-organizado\/"}],"_links":{"self":[{"href":"https:\/\/newsinfoco.com.br\/inicio\/wp-json\/wp\/v2\/posts\/44777","targetHints":{"allow":["GET"]}}],"collection":[{"href":"https:\/\/newsinfoco.com.br\/inicio\/wp-json\/wp\/v2\/posts"}],"about":[{"href":"https:\/\/newsinfoco.com.br\/inicio\/wp-json\/wp\/v2\/types\/post"}],"author":[{"embeddable":true,"href":"https:\/\/newsinfoco.com.br\/inicio\/wp-json\/wp\/v2\/users\/1"}],"replies":[{"embeddable":true,"href":"https:\/\/newsinfoco.com.br\/inicio\/wp-json\/wp\/v2\/comments?post=44777"}],"version-history":[{"count":1,"href":"https:\/\/newsinfoco.com.br\/inicio\/wp-json\/wp\/v2\/posts\/44777\/revisions"}],"predecessor-version":[{"id":44779,"href":"https:\/\/newsinfoco.com.br\/inicio\/wp-json\/wp\/v2\/posts\/44777\/revisions\/44779"}],"wp:featuredmedia":[{"embeddable":true,"href":"https:\/\/newsinfoco.com.br\/inicio\/wp-json\/wp\/v2\/media\/44778"}],"wp:attachment":[{"href":"https:\/\/newsinfoco.com.br\/inicio\/wp-json\/wp\/v2\/media?parent=44777"}],"wp:term":[{"taxonomy":"category","embeddable":true,"href":"https:\/\/newsinfoco.com.br\/inicio\/wp-json\/wp\/v2\/categories?post=44777"},{"taxonomy":"post_tag","embeddable":true,"href":"https:\/\/newsinfoco.com.br\/inicio\/wp-json\/wp\/v2\/tags?post=44777"}],"curies":[{"name":"wp","href":"https:\/\/api.w.org\/{rel}","templated":true}]}}