{"id":44800,"date":"2025-08-29T13:24:07","date_gmt":"2025-08-29T16:24:07","guid":{"rendered":"https:\/\/newsinfoco.com.br\/inicio\/?p=44800"},"modified":"2025-08-29T13:24:07","modified_gmt":"2025-08-29T16:24:07","slug":"ouvidoria-de-alagoinhas-realiza-plantao-especial-para-zerar-demandas-atrasadas","status":"publish","type":"post","link":"https:\/\/newsinfoco.com.br\/inicio\/ouvidoria-de-alagoinhas-realiza-plantao-especial-para-zerar-demandas-atrasadas\/","title":{"rendered":"Ouvidoria de Alagoinhas realiza plant\u00e3o especial para zerar demandas atrasadas"},"content":{"rendered":"<p>Com o objetivo de zerar demandas atrasadas, a Ouvidoria de Alagoinhas iniciou, nesta quinta-feira, 28, um mutir\u00e3o especial para resolver casos reprimidos de queixas da popula\u00e7\u00e3o. O plant\u00e3o especial ter\u00e1 aten\u00e7\u00e3o para as notifica\u00e7\u00f5es do ano de 2024 at\u00e9 agosto de 2025, incluindo as manifesta\u00e7\u00f5es direcionadas \u00e0 Comiss\u00e3o de Acesso \u00e0 informa\u00e7\u00e3o (Cada).<\/p>\n<p>\u201cIniciamos com as demandas atrasadas e seguiremos com o mutir\u00e3o at\u00e9 chegar com as do m\u00eas de agosto. Tudo o que estiver atrasado ser\u00e1 enviado novamente para os agentes de ouvidoria, j\u00e1 que cada secretaria tem um agente designado pelo gestor. \u00c9 esse agente que recebe, via e-mail, todas as manifesta\u00e7\u00f5es e tem um prazo estipulado em lei para nos responder\u201d, informa a gerente da Ouvidoria Geral do Munic\u00edpio, Cristiane Santos.<\/p>\n<p>As demandas resolvidas ser\u00e3o enviadas ao Sistema Fala BR, plataforma oficial do Governo Federal para solicita\u00e7\u00f5es de acesso \u00e0 informa\u00e7\u00e3o e manifesta\u00e7\u00f5es de ouvidoria. O sistema centraliza servi\u00e7os como reclama\u00e7\u00f5es, den\u00fancias, elogios e sugest\u00f5es, oferecendo uma experi\u00eancia r\u00e1pida e eficiente, com interface intuitiva e de f\u00e1cil acesso.<\/p>\n<p>\u201cEstamos fazendo esse plant\u00e3o para que possamos oferecer um servi\u00e7o de melhor qualidade para o cidad\u00e3o. Isso gerar\u00e1 respostas com mais celeridade, porque n\u00f3s somos instrumentos de gest\u00e3o, e tamb\u00e9m vai melhorar o servi\u00e7o p\u00fablico, j\u00e1 que \u00e9 para c\u00e1 que v\u00eam as demandas quando elas j\u00e1 n\u00e3o s\u00e3o resolvidas em outra inst\u00e2ncia\u201d, explica Cristiane.<\/p>\n<p>O ouvidor-geral do munic\u00edpio, M\u00e1rcio Gomes, afirma que tem intensificado as a\u00e7\u00f5es para garantir mais proximidade com o cidad\u00e3o. \u201cAtendendo a uma solicita\u00e7\u00e3o direta do prefeito Gustavo Carmo, a Ouvidoria vem passando por uma reestrutura\u00e7\u00e3o com o objetivo de se tornar mais \u00e1gil, acess\u00edvel e eficaz na resolu\u00e7\u00e3o das manifesta\u00e7\u00f5es da popula\u00e7\u00e3o\u201d, diz ele.<\/p>\n<p>Dentre as a\u00e7\u00f5es j\u00e1 realizadas, destacam-se a implanta\u00e7\u00e3o de cartazes com QR codes em pontos estrat\u00e9gicos da cidade, campanhas educativas nas redes sociais, amplia\u00e7\u00e3o do Call Center da Ouvidoria, plant\u00f5es especiais; treinamento da equipe da Ouvidoria; treinamento e parceria com os gentes de ouvidoria para dar celeridade \u00e0s respostas das manifesta\u00e7\u00f5es. \u201cEssas a\u00e7\u00f5es fazem parte da pol\u00edtica de fortalecimento da transpar\u00eancia p\u00fablica e do compromisso da gest\u00e3o municipal com a escuta ativa da popula\u00e7\u00e3o\u201d, acrescenta M\u00e1rcio.<\/p>\n<p>A Ouvidoria \u00e9 um canal de interlocu\u00e7\u00e3o entre o cidad\u00e3o e o governo municipal, recebendo e encaminhando as manifesta\u00e7\u00f5es da popula\u00e7\u00e3o para as devidas secretarias. O \u00f3rg\u00e3o tamb\u00e9m atua como identificador de problemas e propositor de melhorias cont\u00ednuas nos processos da gest\u00e3o.<\/p>\n<p><strong>Canais de acesso \u00e0 Ouvidoria<\/strong><\/p>\n<p>Em casos de solicita\u00e7\u00e3o, reclama\u00e7\u00e3o, den\u00fancia, elogio ou d\u00favidas sobre os servi\u00e7os p\u00fablicos municipais, a Ouvidoria disponibiliza profissionais capacitados para atender \u00e0 popula\u00e7\u00e3o.<\/p>\n<p>Os cidad\u00e3os podem entrar em contato pelos seguintes canais:<br \/>\nE-mail (ouvidoria@alagoinhas.ba.gov.br).<br \/>\nTelefone \u2013 156 (liga\u00e7\u00e3o gratuita) ou (75) 3422-3221).<br \/>\nWhatsApp \u2013 75 99850-5783.<br \/>\nSistema Fala BR<br \/>\nSite \u2013\u00a0<a href=\"https:\/\/www.alagoinhas.ba.gov.br\/wp-content\/uploads\/2025\/05\/CANAIS-OUVIDORIA-PREF.-ALAGOINHAS.pdf\">www.alagoinhas.ba.gov.br.<\/a><br \/>\nPresencialmente \u2013 sala da Ouvidoria no Shopping Laguna, localizado na Avenida Dantas Bi\u00e3o, das 07h \u00e0s 13h.<\/p>\n<div class='share-to-whatsapp-wrapper'><div class='share-on-whsp'>Share on: <\/div><a data-text='Ouvidoria de Alagoinhas realiza plant\u00e3o especial para zerar demandas atrasadas' data-link='https:\/\/newsinfoco.com.br\/inicio\/ouvidoria-de-alagoinhas-realiza-plantao-especial-para-zerar-demandas-atrasadas\/' class='whatsapp-button whatsapp-share'>WhatsApp<\/a><div class='clear '><\/div><\/div>","protected":false},"excerpt":{"rendered":"<p>Com o objetivo de zerar demandas atrasadas, a Ouvidoria de Alagoinhas iniciou, nesta quinta-feira, 28, um mutir\u00e3o especial para resolver casos reprimidos de queixas da popula\u00e7\u00e3o. O plant\u00e3o especial ter\u00e1 aten\u00e7\u00e3o para as notifica\u00e7\u00f5es do ano de 2024 at\u00e9 agosto de 2025, incluindo as manifesta\u00e7\u00f5es direcionadas \u00e0 Comiss\u00e3o de Acesso \u00e0 informa\u00e7\u00e3o (Cada). \u201cIniciamos com [&hellip;]<\/p>\n","protected":false},"author":1,"featured_media":44801,"comment_status":"closed","ping_status":"closed","sticky":false,"template":"","format":"standard","meta":{"om_disable_all_campaigns":false,"rop_custom_images_group":[],"rop_custom_messages_group":[],"rop_publish_now":"initial","rop_publish_now_accounts":[],"rop_publish_now_history":[],"rop_publish_now_status":"pending","_exactmetrics_skip_tracking":false,"footnotes":""},"categories":[38,167],"tags":[],"class_list":["post-44800","post","type-post","status-publish","format-standard","has-post-thumbnail","hentry","category-alagoinhas-e-regiao","category-exclusivas"],"aioseo_notices":[],"aioseo_head":"\n\t\t<!-- All in One SEO 4.9.10 - aioseo.com -->\n\t<meta name=\"description\" content=\"Com o objetivo de zerar demandas atrasadas, a Ouvidoria de Alagoinhas iniciou, nesta quinta-feira, 28, um mutir\u00e3o especial para resolver casos reprimidos de queixas da popula\u00e7\u00e3o. O plant\u00e3o especial ter\u00e1 aten\u00e7\u00e3o para as notifica\u00e7\u00f5es do ano de 2024 at\u00e9 agosto de 2025, incluindo as manifesta\u00e7\u00f5es direcionadas \u00e0 Comiss\u00e3o de Acesso \u00e0 informa\u00e7\u00e3o (Cada). \u201cIniciamos com\" \/>\n\t<meta name=\"robots\" content=\"max-image-preview:large\" \/>\n\t<meta name=\"author\" content=\"administrador\"\/>\n\t<link rel=\"canonical\" href=\"https:\/\/newsinfoco.com.br\/inicio\/ouvidoria-de-alagoinhas-realiza-plantao-especial-para-zerar-demandas-atrasadas\/\" \/>\n\t<meta name=\"generator\" content=\"All in One SEO (AIOSEO) 4.9.10\" \/>\n\t\t<meta property=\"og:locale\" content=\"pt_BR\" \/>\n\t\t<meta property=\"og:site_name\" content=\"News In Foco - Editado por Caio Pimenta - O principal site de noticias de Alagoinhas e regi\u00e3o\" \/>\n\t\t<meta property=\"og:type\" content=\"article\" \/>\n\t\t<meta property=\"og:title\" content=\"Ouvidoria de Alagoinhas realiza plant\u00e3o especial para zerar demandas atrasadas - News In Foco - Editado por Caio Pimenta\" \/>\n\t\t<meta property=\"og:description\" content=\"Com o objetivo de zerar demandas atrasadas, a Ouvidoria de Alagoinhas iniciou, nesta quinta-feira, 28, um mutir\u00e3o especial para resolver casos reprimidos de queixas da popula\u00e7\u00e3o. O plant\u00e3o especial ter\u00e1 aten\u00e7\u00e3o para as notifica\u00e7\u00f5es do ano de 2024 at\u00e9 agosto de 2025, incluindo as manifesta\u00e7\u00f5es direcionadas \u00e0 Comiss\u00e3o de Acesso \u00e0 informa\u00e7\u00e3o (Cada). \u201cIniciamos com\" \/>\n\t\t<meta property=\"og:url\" content=\"https:\/\/newsinfoco.com.br\/inicio\/ouvidoria-de-alagoinhas-realiza-plantao-especial-para-zerar-demandas-atrasadas\/\" \/>\n\t\t<meta property=\"article:published_time\" content=\"2025-08-29T16:24:07+00:00\" \/>\n\t\t<meta property=\"article:modified_time\" content=\"2025-08-29T16:24:07+00:00\" \/>\n\t\t<meta name=\"twitter:card\" content=\"summary_large_image\" \/>\n\t\t<meta name=\"twitter:title\" content=\"Ouvidoria de Alagoinhas realiza plant\u00e3o especial para zerar demandas atrasadas - News In Foco - Editado por Caio Pimenta\" \/>\n\t\t<meta name=\"twitter:description\" content=\"Com o objetivo de zerar demandas atrasadas, a Ouvidoria de Alagoinhas iniciou, nesta quinta-feira, 28, um mutir\u00e3o especial para resolver casos reprimidos de queixas da popula\u00e7\u00e3o. O plant\u00e3o especial ter\u00e1 aten\u00e7\u00e3o para as notifica\u00e7\u00f5es do ano de 2024 at\u00e9 agosto de 2025, incluindo as manifesta\u00e7\u00f5es direcionadas \u00e0 Comiss\u00e3o de Acesso \u00e0 informa\u00e7\u00e3o (Cada). \u201cIniciamos com\" \/>\n\t\t<script type=\"application\/ld+json\" class=\"aioseo-schema\">\n\t\t\t{\"@context\":\"https:\\\/\\\/schema.org\",\"@graph\":[{\"@type\":\"BlogPosting\",\"@id\":\"https:\\\/\\\/newsinfoco.com.br\\\/inicio\\\/ouvidoria-de-alagoinhas-realiza-plantao-especial-para-zerar-demandas-atrasadas\\\/#blogposting\",\"name\":\"Ouvidoria de Alagoinhas realiza plant\\u00e3o especial para zerar demandas atrasadas - News In Foco - Editado por Caio Pimenta\",\"headline\":\"Ouvidoria de Alagoinhas realiza plant\\u00e3o especial para zerar demandas atrasadas\",\"author\":{\"@id\":\"https:\\\/\\\/newsinfoco.com.br\\\/inicio\\\/author\\\/administrador\\\/#author\"},\"publisher\":{\"@id\":\"https:\\\/\\\/newsinfoco.com.br\\\/inicio\\\/#organization\"},\"image\":{\"@type\":\"ImageObject\",\"url\":\"https:\\\/\\\/newsinfoco.com.br\\\/inicio\\\/wp-content\\\/uploads\\\/2025\\\/08\\\/IMG_4299-scaled.jpg\",\"width\":2560,\"height\":1440},\"datePublished\":\"2025-08-29T13:24:07-03:00\",\"dateModified\":\"2025-08-29T13:24:07-03:00\",\"inLanguage\":\"pt-BR\",\"mainEntityOfPage\":{\"@id\":\"https:\\\/\\\/newsinfoco.com.br\\\/inicio\\\/ouvidoria-de-alagoinhas-realiza-plantao-especial-para-zerar-demandas-atrasadas\\\/#webpage\"},\"isPartOf\":{\"@id\":\"https:\\\/\\\/newsinfoco.com.br\\\/inicio\\\/ouvidoria-de-alagoinhas-realiza-plantao-especial-para-zerar-demandas-atrasadas\\\/#webpage\"},\"articleSection\":\"Alagoinhas e Regi\\u00e3o, Manchete\"},{\"@type\":\"BreadcrumbList\",\"@id\":\"https:\\\/\\\/newsinfoco.com.br\\\/inicio\\\/ouvidoria-de-alagoinhas-realiza-plantao-especial-para-zerar-demandas-atrasadas\\\/#breadcrumblist\",\"itemListElement\":[{\"@type\":\"ListItem\",\"@id\":\"https:\\\/\\\/newsinfoco.com.br\\\/inicio#listItem\",\"position\":1,\"name\":\"In\\u00edcio\",\"item\":\"https:\\\/\\\/newsinfoco.com.br\\\/inicio\",\"nextItem\":{\"@type\":\"ListItem\",\"@id\":\"https:\\\/\\\/newsinfoco.com.br\\\/inicio\\\/category\\\/alagoinhas-e-regiao\\\/#listItem\",\"name\":\"Alagoinhas e Regi\\u00e3o\"}},{\"@type\":\"ListItem\",\"@id\":\"https:\\\/\\\/newsinfoco.com.br\\\/inicio\\\/category\\\/alagoinhas-e-regiao\\\/#listItem\",\"position\":2,\"name\":\"Alagoinhas e Regi\\u00e3o\",\"item\":\"https:\\\/\\\/newsinfoco.com.br\\\/inicio\\\/category\\\/alagoinhas-e-regiao\\\/\",\"nextItem\":{\"@type\":\"ListItem\",\"@id\":\"https:\\\/\\\/newsinfoco.com.br\\\/inicio\\\/ouvidoria-de-alagoinhas-realiza-plantao-especial-para-zerar-demandas-atrasadas\\\/#listItem\",\"name\":\"Ouvidoria de Alagoinhas realiza plant\\u00e3o especial para zerar demandas atrasadas\"},\"previousItem\":{\"@type\":\"ListItem\",\"@id\":\"https:\\\/\\\/newsinfoco.com.br\\\/inicio#listItem\",\"name\":\"In\\u00edcio\"}},{\"@type\":\"ListItem\",\"@id\":\"https:\\\/\\\/newsinfoco.com.br\\\/inicio\\\/ouvidoria-de-alagoinhas-realiza-plantao-especial-para-zerar-demandas-atrasadas\\\/#listItem\",\"position\":3,\"name\":\"Ouvidoria de Alagoinhas realiza plant\\u00e3o especial para zerar demandas atrasadas\",\"previousItem\":{\"@type\":\"ListItem\",\"@id\":\"https:\\\/\\\/newsinfoco.com.br\\\/inicio\\\/category\\\/alagoinhas-e-regiao\\\/#listItem\",\"name\":\"Alagoinhas e Regi\\u00e3o\"}}]},{\"@type\":\"Organization\",\"@id\":\"https:\\\/\\\/newsinfoco.com.br\\\/inicio\\\/#organization\",\"name\":\"News In Foco - Editado por Caio Pimenta\",\"description\":\"O principal site de noticias de Alagoinhas e regi\\u00e3o\",\"url\":\"https:\\\/\\\/newsinfoco.com.br\\\/inicio\\\/\"},{\"@type\":\"Person\",\"@id\":\"https:\\\/\\\/newsinfoco.com.br\\\/inicio\\\/author\\\/administrador\\\/#author\",\"url\":\"https:\\\/\\\/newsinfoco.com.br\\\/inicio\\\/author\\\/administrador\\\/\",\"name\":\"administrador\",\"image\":{\"@type\":\"ImageObject\",\"@id\":\"https:\\\/\\\/newsinfoco.com.br\\\/inicio\\\/ouvidoria-de-alagoinhas-realiza-plantao-especial-para-zerar-demandas-atrasadas\\\/#authorImage\",\"url\":\"https:\\\/\\\/secure.gravatar.com\\\/avatar\\\/c17a617433de8c1dc9584bb79aab7563b46f5bb7e1728c9b17d9cc3ce6a08e49?s=96&d=mm&r=g\",\"width\":96,\"height\":96,\"caption\":\"administrador\"}},{\"@type\":\"WebPage\",\"@id\":\"https:\\\/\\\/newsinfoco.com.br\\\/inicio\\\/ouvidoria-de-alagoinhas-realiza-plantao-especial-para-zerar-demandas-atrasadas\\\/#webpage\",\"url\":\"https:\\\/\\\/newsinfoco.com.br\\\/inicio\\\/ouvidoria-de-alagoinhas-realiza-plantao-especial-para-zerar-demandas-atrasadas\\\/\",\"name\":\"Ouvidoria de Alagoinhas realiza plant\\u00e3o especial para zerar demandas atrasadas - News In Foco - Editado por Caio Pimenta\",\"description\":\"Com o objetivo de zerar demandas atrasadas, a Ouvidoria de Alagoinhas iniciou, nesta quinta-feira, 28, um mutir\\u00e3o especial para resolver casos reprimidos de queixas da popula\\u00e7\\u00e3o. O plant\\u00e3o especial ter\\u00e1 aten\\u00e7\\u00e3o para as notifica\\u00e7\\u00f5es do ano de 2024 at\\u00e9 agosto de 2025, incluindo as manifesta\\u00e7\\u00f5es direcionadas \\u00e0 Comiss\\u00e3o de Acesso \\u00e0 informa\\u00e7\\u00e3o (Cada). \\u201cIniciamos com\",\"inLanguage\":\"pt-BR\",\"isPartOf\":{\"@id\":\"https:\\\/\\\/newsinfoco.com.br\\\/inicio\\\/#website\"},\"breadcrumb\":{\"@id\":\"https:\\\/\\\/newsinfoco.com.br\\\/inicio\\\/ouvidoria-de-alagoinhas-realiza-plantao-especial-para-zerar-demandas-atrasadas\\\/#breadcrumblist\"},\"author\":{\"@id\":\"https:\\\/\\\/newsinfoco.com.br\\\/inicio\\\/author\\\/administrador\\\/#author\"},\"creator\":{\"@id\":\"https:\\\/\\\/newsinfoco.com.br\\\/inicio\\\/author\\\/administrador\\\/#author\"},\"image\":{\"@type\":\"ImageObject\",\"url\":\"https:\\\/\\\/newsinfoco.com.br\\\/inicio\\\/wp-content\\\/uploads\\\/2025\\\/08\\\/IMG_4299-scaled.jpg\",\"@id\":\"https:\\\/\\\/newsinfoco.com.br\\\/inicio\\\/ouvidoria-de-alagoinhas-realiza-plantao-especial-para-zerar-demandas-atrasadas\\\/#mainImage\",\"width\":2560,\"height\":1440},\"primaryImageOfPage\":{\"@id\":\"https:\\\/\\\/newsinfoco.com.br\\\/inicio\\\/ouvidoria-de-alagoinhas-realiza-plantao-especial-para-zerar-demandas-atrasadas\\\/#mainImage\"},\"datePublished\":\"2025-08-29T13:24:07-03:00\",\"dateModified\":\"2025-08-29T13:24:07-03:00\"},{\"@type\":\"WebSite\",\"@id\":\"https:\\\/\\\/newsinfoco.com.br\\\/inicio\\\/#website\",\"url\":\"https:\\\/\\\/newsinfoco.com.br\\\/inicio\\\/\",\"name\":\"News In Foco - Editado por Caio Pimenta\",\"description\":\"O principal site de noticias de Alagoinhas e regi\\u00e3o\",\"inLanguage\":\"pt-BR\",\"publisher\":{\"@id\":\"https:\\\/\\\/newsinfoco.com.br\\\/inicio\\\/#organization\"}}]}\n\t\t<\/script>\n\t\t<!-- All in One SEO -->\n\n","aioseo_head_json":{"title":"Ouvidoria de Alagoinhas realiza plant\u00e3o especial para zerar demandas atrasadas - News In Foco - Editado por Caio Pimenta","description":"Com o objetivo de zerar demandas atrasadas, a Ouvidoria de Alagoinhas iniciou, nesta quinta-feira, 28, um mutir\u00e3o especial para resolver casos reprimidos de queixas da popula\u00e7\u00e3o. O plant\u00e3o especial ter\u00e1 aten\u00e7\u00e3o para as notifica\u00e7\u00f5es do ano de 2024 at\u00e9 agosto de 2025, incluindo as manifesta\u00e7\u00f5es direcionadas \u00e0 Comiss\u00e3o de Acesso \u00e0 informa\u00e7\u00e3o (Cada). \u201cIniciamos com","canonical_url":"https:\/\/newsinfoco.com.br\/inicio\/ouvidoria-de-alagoinhas-realiza-plantao-especial-para-zerar-demandas-atrasadas\/","robots":"max-image-preview:large","keywords":"","webmasterTools":{"miscellaneous":""},"schema":{"@context":"https:\/\/schema.org","@graph":[{"@type":"BlogPosting","@id":"https:\/\/newsinfoco.com.br\/inicio\/ouvidoria-de-alagoinhas-realiza-plantao-especial-para-zerar-demandas-atrasadas\/#blogposting","name":"Ouvidoria de Alagoinhas realiza plant\u00e3o especial para zerar demandas atrasadas - News In Foco - Editado por Caio Pimenta","headline":"Ouvidoria de Alagoinhas realiza plant\u00e3o especial para zerar demandas atrasadas","author":{"@id":"https:\/\/newsinfoco.com.br\/inicio\/author\/administrador\/#author"},"publisher":{"@id":"https:\/\/newsinfoco.com.br\/inicio\/#organization"},"image":{"@type":"ImageObject","url":"https:\/\/newsinfoco.com.br\/inicio\/wp-content\/uploads\/2025\/08\/IMG_4299-scaled.jpg","width":2560,"height":1440},"datePublished":"2025-08-29T13:24:07-03:00","dateModified":"2025-08-29T13:24:07-03:00","inLanguage":"pt-BR","mainEntityOfPage":{"@id":"https:\/\/newsinfoco.com.br\/inicio\/ouvidoria-de-alagoinhas-realiza-plantao-especial-para-zerar-demandas-atrasadas\/#webpage"},"isPartOf":{"@id":"https:\/\/newsinfoco.com.br\/inicio\/ouvidoria-de-alagoinhas-realiza-plantao-especial-para-zerar-demandas-atrasadas\/#webpage"},"articleSection":"Alagoinhas e Regi\u00e3o, Manchete"},{"@type":"BreadcrumbList","@id":"https:\/\/newsinfoco.com.br\/inicio\/ouvidoria-de-alagoinhas-realiza-plantao-especial-para-zerar-demandas-atrasadas\/#breadcrumblist","itemListElement":[{"@type":"ListItem","@id":"https:\/\/newsinfoco.com.br\/inicio#listItem","position":1,"name":"In\u00edcio","item":"https:\/\/newsinfoco.com.br\/inicio","nextItem":{"@type":"ListItem","@id":"https:\/\/newsinfoco.com.br\/inicio\/category\/alagoinhas-e-regiao\/#listItem","name":"Alagoinhas e Regi\u00e3o"}},{"@type":"ListItem","@id":"https:\/\/newsinfoco.com.br\/inicio\/category\/alagoinhas-e-regiao\/#listItem","position":2,"name":"Alagoinhas e Regi\u00e3o","item":"https:\/\/newsinfoco.com.br\/inicio\/category\/alagoinhas-e-regiao\/","nextItem":{"@type":"ListItem","@id":"https:\/\/newsinfoco.com.br\/inicio\/ouvidoria-de-alagoinhas-realiza-plantao-especial-para-zerar-demandas-atrasadas\/#listItem","name":"Ouvidoria de Alagoinhas realiza plant\u00e3o especial para zerar demandas atrasadas"},"previousItem":{"@type":"ListItem","@id":"https:\/\/newsinfoco.com.br\/inicio#listItem","name":"In\u00edcio"}},{"@type":"ListItem","@id":"https:\/\/newsinfoco.com.br\/inicio\/ouvidoria-de-alagoinhas-realiza-plantao-especial-para-zerar-demandas-atrasadas\/#listItem","position":3,"name":"Ouvidoria de Alagoinhas realiza plant\u00e3o especial para zerar demandas atrasadas","previousItem":{"@type":"ListItem","@id":"https:\/\/newsinfoco.com.br\/inicio\/category\/alagoinhas-e-regiao\/#listItem","name":"Alagoinhas e Regi\u00e3o"}}]},{"@type":"Organization","@id":"https:\/\/newsinfoco.com.br\/inicio\/#organization","name":"News In Foco - Editado por Caio Pimenta","description":"O principal site de noticias de Alagoinhas e regi\u00e3o","url":"https:\/\/newsinfoco.com.br\/inicio\/"},{"@type":"Person","@id":"https:\/\/newsinfoco.com.br\/inicio\/author\/administrador\/#author","url":"https:\/\/newsinfoco.com.br\/inicio\/author\/administrador\/","name":"administrador","image":{"@type":"ImageObject","@id":"https:\/\/newsinfoco.com.br\/inicio\/ouvidoria-de-alagoinhas-realiza-plantao-especial-para-zerar-demandas-atrasadas\/#authorImage","url":"https:\/\/secure.gravatar.com\/avatar\/c17a617433de8c1dc9584bb79aab7563b46f5bb7e1728c9b17d9cc3ce6a08e49?s=96&d=mm&r=g","width":96,"height":96,"caption":"administrador"}},{"@type":"WebPage","@id":"https:\/\/newsinfoco.com.br\/inicio\/ouvidoria-de-alagoinhas-realiza-plantao-especial-para-zerar-demandas-atrasadas\/#webpage","url":"https:\/\/newsinfoco.com.br\/inicio\/ouvidoria-de-alagoinhas-realiza-plantao-especial-para-zerar-demandas-atrasadas\/","name":"Ouvidoria de Alagoinhas realiza plant\u00e3o especial para zerar demandas atrasadas - News In Foco - Editado por Caio Pimenta","description":"Com o objetivo de zerar demandas atrasadas, a Ouvidoria de Alagoinhas iniciou, nesta quinta-feira, 28, um mutir\u00e3o especial para resolver casos reprimidos de queixas da popula\u00e7\u00e3o. O plant\u00e3o especial ter\u00e1 aten\u00e7\u00e3o para as notifica\u00e7\u00f5es do ano de 2024 at\u00e9 agosto de 2025, incluindo as manifesta\u00e7\u00f5es direcionadas \u00e0 Comiss\u00e3o de Acesso \u00e0 informa\u00e7\u00e3o (Cada). \u201cIniciamos com","inLanguage":"pt-BR","isPartOf":{"@id":"https:\/\/newsinfoco.com.br\/inicio\/#website"},"breadcrumb":{"@id":"https:\/\/newsinfoco.com.br\/inicio\/ouvidoria-de-alagoinhas-realiza-plantao-especial-para-zerar-demandas-atrasadas\/#breadcrumblist"},"author":{"@id":"https:\/\/newsinfoco.com.br\/inicio\/author\/administrador\/#author"},"creator":{"@id":"https:\/\/newsinfoco.com.br\/inicio\/author\/administrador\/#author"},"image":{"@type":"ImageObject","url":"https:\/\/newsinfoco.com.br\/inicio\/wp-content\/uploads\/2025\/08\/IMG_4299-scaled.jpg","@id":"https:\/\/newsinfoco.com.br\/inicio\/ouvidoria-de-alagoinhas-realiza-plantao-especial-para-zerar-demandas-atrasadas\/#mainImage","width":2560,"height":1440},"primaryImageOfPage":{"@id":"https:\/\/newsinfoco.com.br\/inicio\/ouvidoria-de-alagoinhas-realiza-plantao-especial-para-zerar-demandas-atrasadas\/#mainImage"},"datePublished":"2025-08-29T13:24:07-03:00","dateModified":"2025-08-29T13:24:07-03:00"},{"@type":"WebSite","@id":"https:\/\/newsinfoco.com.br\/inicio\/#website","url":"https:\/\/newsinfoco.com.br\/inicio\/","name":"News In Foco - Editado por Caio Pimenta","description":"O principal site de noticias de Alagoinhas e regi\u00e3o","inLanguage":"pt-BR","publisher":{"@id":"https:\/\/newsinfoco.com.br\/inicio\/#organization"}}]},"og:locale":"pt_BR","og:site_name":"News In Foco - Editado por Caio Pimenta - O principal site de noticias de Alagoinhas e regi\u00e3o","og:type":"article","og:title":"Ouvidoria de Alagoinhas realiza plant\u00e3o especial para zerar demandas atrasadas - News In Foco - Editado por Caio Pimenta","og:description":"Com o objetivo de zerar demandas atrasadas, a Ouvidoria de Alagoinhas iniciou, nesta quinta-feira, 28, um mutir\u00e3o especial para resolver casos reprimidos de queixas da popula\u00e7\u00e3o. O plant\u00e3o especial ter\u00e1 aten\u00e7\u00e3o para as notifica\u00e7\u00f5es do ano de 2024 at\u00e9 agosto de 2025, incluindo as manifesta\u00e7\u00f5es direcionadas \u00e0 Comiss\u00e3o de Acesso \u00e0 informa\u00e7\u00e3o (Cada). \u201cIniciamos com","og:url":"https:\/\/newsinfoco.com.br\/inicio\/ouvidoria-de-alagoinhas-realiza-plantao-especial-para-zerar-demandas-atrasadas\/","article:published_time":"2025-08-29T16:24:07+00:00","article:modified_time":"2025-08-29T16:24:07+00:00","twitter:card":"summary_large_image","twitter:title":"Ouvidoria de Alagoinhas realiza plant\u00e3o especial para zerar demandas atrasadas - News In Foco - Editado por Caio Pimenta","twitter:description":"Com o objetivo de zerar demandas atrasadas, a Ouvidoria de Alagoinhas iniciou, nesta quinta-feira, 28, um mutir\u00e3o especial para resolver casos reprimidos de queixas da popula\u00e7\u00e3o. O plant\u00e3o especial ter\u00e1 aten\u00e7\u00e3o para as notifica\u00e7\u00f5es do ano de 2024 at\u00e9 agosto de 2025, incluindo as manifesta\u00e7\u00f5es direcionadas \u00e0 Comiss\u00e3o de Acesso \u00e0 informa\u00e7\u00e3o (Cada). \u201cIniciamos com"},"aioseo_meta_data":{"post_id":"44800","title":null,"description":null,"keywords":null,"keyphrases":{"focus":{"keyphrase":"","score":0,"analysis":{"keyphraseInTitle":{"score":0,"maxScore":9,"error":1}}},"additional":[]},"primary_term":null,"canonical_url":null,"og_title":null,"og_description":null,"og_object_type":"default","og_image_type":"default","og_image_url":null,"og_image_width":null,"og_image_height":null,"og_image_custom_url":null,"og_image_custom_fields":null,"og_video":"","og_custom_url":null,"og_article_section":null,"og_article_tags":null,"twitter_use_og":false,"twitter_card":"default","twitter_image_type":"default","twitter_image_url":null,"twitter_image_custom_url":null,"twitter_image_custom_fields":null,"twitter_title":null,"twitter_description":null,"schema":{"blockGraphs":[],"customGraphs":[],"default":{"data":{"Article":[],"Course":[],"Dataset":[],"FAQPage":[],"Movie":[],"Person":[],"Product":[],"ProductReview":[],"Car":[],"Recipe":[],"Service":[],"SoftwareApplication":[],"WebPage":[]},"graphName":"BlogPosting","isEnabled":true},"graphs":[]},"schema_type":"default","schema_type_options":null,"pillar_content":false,"robots_default":true,"robots_noindex":false,"robots_noarchive":false,"robots_nosnippet":false,"robots_nofollow":false,"robots_noimageindex":false,"robots_noodp":false,"robots_notranslate":false,"robots_max_snippet":"-1","robots_max_videopreview":"-1","robots_max_imagepreview":"large","priority":null,"frequency":"default","local_seo":null,"breadcrumb_settings":null,"limit_modified_date":false,"ai":{"faqs":[],"keyPoints":[],"titles":[],"descriptions":[],"socialPosts":{"email":[],"linkedin":[],"twitter":[],"facebook":[],"instagram":[]}},"created":"2025-08-29 16:24:08","updated":"2025-08-29 16:28:53","seo_analyzer_scan_date":null},"aioseo_breadcrumb":"<div class=\"aioseo-breadcrumbs\"><span class=\"aioseo-breadcrumb\">\n\t\t\t<a href=\"https:\/\/newsinfoco.com.br\/inicio\" title=\"In\u00edcio\">In\u00edcio<\/a>\n\t\t<\/span><span class=\"aioseo-breadcrumb-separator\">&raquo;<\/span><span class=\"aioseo-breadcrumb\">\n\t\t\t<a href=\"https:\/\/newsinfoco.com.br\/inicio\/category\/alagoinhas-e-regiao\/\" title=\"Alagoinhas e Regi\u00e3o\">Alagoinhas e Regi\u00e3o<\/a>\n\t\t<\/span><span class=\"aioseo-breadcrumb-separator\">&raquo;<\/span><span class=\"aioseo-breadcrumb\">\n\t\t\tOuvidoria de Alagoinhas realiza plant\u00e3o especial para zerar demandas atrasadas\n\t\t<\/span><\/div>","aioseo_breadcrumb_json":[{"label":"In\u00edcio","link":"https:\/\/newsinfoco.com.br\/inicio"},{"label":"Alagoinhas e Regi\u00e3o","link":"https:\/\/newsinfoco.com.br\/inicio\/category\/alagoinhas-e-regiao\/"},{"label":"Ouvidoria de Alagoinhas realiza plant\u00e3o especial para zerar demandas atrasadas","link":"https:\/\/newsinfoco.com.br\/inicio\/ouvidoria-de-alagoinhas-realiza-plantao-especial-para-zerar-demandas-atrasadas\/"}],"_links":{"self":[{"href":"https:\/\/newsinfoco.com.br\/inicio\/wp-json\/wp\/v2\/posts\/44800","targetHints":{"allow":["GET"]}}],"collection":[{"href":"https:\/\/newsinfoco.com.br\/inicio\/wp-json\/wp\/v2\/posts"}],"about":[{"href":"https:\/\/newsinfoco.com.br\/inicio\/wp-json\/wp\/v2\/types\/post"}],"author":[{"embeddable":true,"href":"https:\/\/newsinfoco.com.br\/inicio\/wp-json\/wp\/v2\/users\/1"}],"replies":[{"embeddable":true,"href":"https:\/\/newsinfoco.com.br\/inicio\/wp-json\/wp\/v2\/comments?post=44800"}],"version-history":[{"count":1,"href":"https:\/\/newsinfoco.com.br\/inicio\/wp-json\/wp\/v2\/posts\/44800\/revisions"}],"predecessor-version":[{"id":44802,"href":"https:\/\/newsinfoco.com.br\/inicio\/wp-json\/wp\/v2\/posts\/44800\/revisions\/44802"}],"wp:featuredmedia":[{"embeddable":true,"href":"https:\/\/newsinfoco.com.br\/inicio\/wp-json\/wp\/v2\/media\/44801"}],"wp:attachment":[{"href":"https:\/\/newsinfoco.com.br\/inicio\/wp-json\/wp\/v2\/media?parent=44800"}],"wp:term":[{"taxonomy":"category","embeddable":true,"href":"https:\/\/newsinfoco.com.br\/inicio\/wp-json\/wp\/v2\/categories?post=44800"},{"taxonomy":"post_tag","embeddable":true,"href":"https:\/\/newsinfoco.com.br\/inicio\/wp-json\/wp\/v2\/tags?post=44800"}],"curies":[{"name":"wp","href":"https:\/\/api.w.org\/{rel}","templated":true}]}}