{"id":4481,"date":"2018-05-28T21:15:19","date_gmt":"2018-05-29T00:15:19","guid":{"rendered":"http:\/\/newsinfoco.com.br\/?p=4481"},"modified":"2018-05-28T21:15:19","modified_gmt":"2018-05-29T00:15:19","slug":"semas-realiza-entrega-das-ultimas-unidades-habitacionais-do-conjunto-linha-verde-em-alagoinhas","status":"publish","type":"post","link":"https:\/\/newsinfoco.com.br\/inicio\/semas-realiza-entrega-das-ultimas-unidades-habitacionais-do-conjunto-linha-verde-em-alagoinhas\/","title":{"rendered":"SEMAS realiza entrega das \u00faltimas unidades habitacionais do Conjunto Linha Verde em Alagoinhas"},"content":{"rendered":"<div id=\"attachment_19282\" class=\"wp-caption aligncenter\" style=\"text-align: justify;\"><a class=\"group1 cboxElement\" href=\"https:\/\/www.alagoinhas.ba.gov.br\/wp-content\/uploads\/2018\/05\/WhatsApp-Image-2018-05-28-at-16.15.51.jpeg\"><img loading=\"lazy\" decoding=\"async\" class=\"size-large wp-image-19282\" src=\"https:\/\/www.alagoinhas.ba.gov.br\/wp-content\/uploads\/2018\/05\/WhatsApp-Image-2018-05-28-at-16.15.51-1024x768.jpeg\" sizes=\"auto, (max-width: 800px) 100vw, 800px\" srcset=\"https:\/\/www.alagoinhas.ba.gov.br\/wp-content\/uploads\/2018\/05\/WhatsApp-Image-2018-05-28-at-16.15.51-1024x768.jpeg 1024w, https:\/\/www.alagoinhas.ba.gov.br\/wp-content\/uploads\/2018\/05\/WhatsApp-Image-2018-05-28-at-16.15.51-300x225.jpeg 300w, https:\/\/www.alagoinhas.ba.gov.br\/wp-content\/uploads\/2018\/05\/WhatsApp-Image-2018-05-28-at-16.15.51-768x576.jpeg 768w, https:\/\/www.alagoinhas.ba.gov.br\/wp-content\/uploads\/2018\/05\/WhatsApp-Image-2018-05-28-at-16.15.51.jpeg 1280w\" alt=\"\" width=\"800\" height=\"600\" \/><\/a><\/p>\n<p class=\"wp-caption-text\"><span style=\"color: #000000;\">Foto: Helo\u00edsa Gomes \/ SECOM<\/span><\/p>\n<\/div>\n<p style=\"text-align: justify;\"><span style=\"color: #000000;\">Rubinho e sua fam\u00edlia tinham o sonho da casa pr\u00f3pria, comemoraram felizes a contempla\u00e7\u00e3o para o programa habitacional Minha Casa, Minha Vida, mas tiveram que adiar por dois meses o recebimento das chaves, isto por conta de uma autoriza\u00e7\u00e3o judicial, necess\u00e1ria para casos de pessoas curateladas \u2013 encargo conferido para que uma pessoa cuide dos interesses de algu\u00e9m que n\u00e3o possa licitamente administr\u00e1-lo. \u201cA SEMAS nos ajudou muito no processo me dando orienta\u00e7\u00e3o e com os prazos tamb\u00e9m, se n\u00e3o fosse a equipe meu filho n\u00e3o estaria aqui hoje recebendo a chave da casa dele. Mesmo eu sendo respons\u00e1vel por tudo a Caixa exigiu autoriza\u00e7\u00e3o judicial porque ele \u00e9 curatelado. S\u00f3 tenho que agradecer a todos da secretaria\u201d, conta Girl\u00e2nia Carvalho, m\u00e3e do contemplado.<\/span><\/p><div class=\"newsi-conteudo_19\" id=\"newsi-2901039811\"><a href=\"https:\/\/www.instagram.com\/prefeituraalagoinhas?igsh=YzgzdDJ1bWR3aWI4\" aria-label=\"SAVE_20251006_221555\"><img loading=\"lazy\" decoding=\"async\" src=\"https:\/\/newsinfoco.com.br\/inicio\/wp-content\/uploads\/2025\/10\/SAVE_20251006_221555-rotated.jpg\" alt=\"\"  srcset=\"https:\/\/newsinfoco.com.br\/inicio\/wp-content\/uploads\/2025\/10\/SAVE_20251006_221555-rotated.jpg 1140w, https:\/\/newsinfoco.com.br\/inicio\/wp-content\/uploads\/2025\/10\/SAVE_20251006_221555-300x52.jpg 300w, https:\/\/newsinfoco.com.br\/inicio\/wp-content\/uploads\/2025\/10\/SAVE_20251006_221555-1024x177.jpg 1024w, https:\/\/newsinfoco.com.br\/inicio\/wp-content\/uploads\/2025\/10\/SAVE_20251006_221555-768x133.jpg 768w, https:\/\/newsinfoco.com.br\/inicio\/wp-content\/uploads\/2025\/10\/SAVE_20251006_221555-600x104.jpg 600w, https:\/\/newsinfoco.com.br\/inicio\/wp-content\/uploads\/2025\/10\/SAVE_20251006_221555-696x120.jpg 696w, https:\/\/newsinfoco.com.br\/inicio\/wp-content\/uploads\/2025\/10\/SAVE_20251006_221555-1068x185.jpg 1068w\" sizes=\"(max-width: 1140px) 100vw, 1140px\" width=\"1140\" height=\"197\"   \/><\/a><\/div>\n<p style=\"text-align: justify;\"><span style=\"color: #000000;\">O empreendimento Linha Verde tem 500 hist\u00f3rias para serem contatas e nesta segunda-feira (28), 11 delas come\u00e7aram a ser escritas. \u201c\u00c9 muita felicidade para n\u00f3s receber a chave da nossa casa t\u00e3o esperada. S\u00f3 tenho que agradecer a Deus e a SEMAS que organizou tudo, trabalhou para evitar fraudes e gra\u00e7as ao trabalho deles vamos receber nossa casa, fruto de um processo justo\u201d, comenta Jos\u00e9 Nilton dos Santos, contemplado.<\/span><\/p>\n<p style=\"text-align: justify;\"><span style=\"color: #000000;\">Alfredo Menezes, secret\u00e1rio de assist\u00eancia social revelou as dificuldades no processo para pessoas curateladas e o empenho da secretaria para atend\u00ea-los. \u201cO processo com pessoas curateladas \u00e9 mais dif\u00edcil e demorado, mas a gente n\u00e3o poderia deixar de brigar por eles e fomos administrando os prazos junto \u00e0 Caixa para assegurar o direito dos contemplados que precisavam de autoriza\u00e7\u00e3o judicial. Fizemos isso porque entendemos a SEMAS como uma secretaria de assist\u00eancia social, com essa natureza a gente n\u00e3o pode fechar as portas para o povo, porque se n\u00e3o abra\u00e7armos eles, quem ir\u00e1?\u201d.<\/span><\/p>\n<p style=\"text-align: justify;\"><span style=\"color: #000000;\">Finalizando a entrega das unidades habitacionais do Conjunto Linha Verde, o prefeito Joaquim Neto participou da entrega das chaves para os 11 contemplados remanescentes. \u201c\u00c9 muito bom concluir mais um processo de entrega de casas porque as pessoas realmente precisam de moradia digna, por isso j\u00e1 estamos partindo para cima com intuito de conseguir mais 500 unidades para Alagoinhas. O deputado federal Paulo Azi est\u00e1 empenhando junto ao Minist\u00e9rio das Cidades e creio que em breve traremos boas not\u00edcias para a popula\u00e7\u00e3o da cidade\u201d, revela Joaquim Neto.<\/span><\/p>\n<p style=\"text-align: justify;\"><span style=\"color: #000000;\">De acordo com o secret\u00e1rio Alfredo Menezes 130 casas do Conjunto Linha Verde ainda est\u00e3o desabitadas. \u201cFizemos uma vistoria e identificamos que 90 dias ap\u00f3s a entrega das chaves algumas casas ainda est\u00e3o desabitadas, deste modo entendemos que estas pessoas n\u00e3o precisam do im\u00f3vel. Estamos acionando a Caixa para desvincula\u00e7\u00e3o do contrato, visto que o documento diz que o prazo m\u00e1ximo para habita\u00e7\u00e3o ap\u00f3s entrega do im\u00f3vel \u00e9 de 30 dias, portanto n\u00e3o h\u00e1 justificativa para manter as casas vazias\u201d, afirma.<\/span><\/p>\n<h6 style=\"text-align: right;\"><span style=\"color: #999999;\">fonte:SECOM,Prefeitura,SEMAS<\/span><\/h6>\n<div style=\"text-align: justify;\" align=\"right\"><\/div>\n<div class='share-to-whatsapp-wrapper'><div class='share-on-whsp'>Share on: <\/div><a data-text='SEMAS realiza entrega das \u00faltimas unidades habitacionais do Conjunto Linha Verde em Alagoinhas' data-link='https:\/\/newsinfoco.com.br\/inicio\/semas-realiza-entrega-das-ultimas-unidades-habitacionais-do-conjunto-linha-verde-em-alagoinhas\/' class='whatsapp-button whatsapp-share'>WhatsApp<\/a><div class='clear '><\/div><\/div>","protected":false},"excerpt":{"rendered":"<p>Foto: Helo\u00edsa Gomes \/ SECOM Rubinho e sua fam\u00edlia tinham o sonho da casa pr\u00f3pria, comemoraram felizes a contempla\u00e7\u00e3o para o programa habitacional Minha Casa, Minha Vida, mas tiveram que adiar por dois meses o recebimento das chaves, isto por conta de uma autoriza\u00e7\u00e3o judicial, necess\u00e1ria para casos de pessoas curateladas \u2013 encargo conferido para [&hellip;]<\/p>\n","protected":false},"author":1,"featured_media":4482,"comment_status":"open","ping_status":"open","sticky":false,"template":"","format":"standard","meta":{"om_disable_all_campaigns":false,"_exactmetrics_skip_tracking":false,"_exactmetrics_sitenote_active":false,"_exactmetrics_sitenote_note":"","_exactmetrics_sitenote_category":0,"footnotes":""},"categories":[38,30],"tags":[53,54,59],"class_list":["post-4481","post","type-post","status-publish","format-standard","has-post-thumbnail","hentry","category-alagoinhas-e-regiao","category-destaque","tag-alagoinhas","tag-prefeitura","tag-semas"],"aioseo_notices":[],"_links":{"self":[{"href":"https:\/\/newsinfoco.com.br\/inicio\/wp-json\/wp\/v2\/posts\/4481","targetHints":{"allow":["GET"]}}],"collection":[{"href":"https:\/\/newsinfoco.com.br\/inicio\/wp-json\/wp\/v2\/posts"}],"about":[{"href":"https:\/\/newsinfoco.com.br\/inicio\/wp-json\/wp\/v2\/types\/post"}],"author":[{"embeddable":true,"href":"https:\/\/newsinfoco.com.br\/inicio\/wp-json\/wp\/v2\/users\/1"}],"replies":[{"embeddable":true,"href":"https:\/\/newsinfoco.com.br\/inicio\/wp-json\/wp\/v2\/comments?post=4481"}],"version-history":[{"count":0,"href":"https:\/\/newsinfoco.com.br\/inicio\/wp-json\/wp\/v2\/posts\/4481\/revisions"}],"wp:featuredmedia":[{"embeddable":true,"href":"https:\/\/newsinfoco.com.br\/inicio\/wp-json\/wp\/v2\/media\/4482"}],"wp:attachment":[{"href":"https:\/\/newsinfoco.com.br\/inicio\/wp-json\/wp\/v2\/media?parent=4481"}],"wp:term":[{"taxonomy":"category","embeddable":true,"href":"https:\/\/newsinfoco.com.br\/inicio\/wp-json\/wp\/v2\/categories?post=4481"},{"taxonomy":"post_tag","embeddable":true,"href":"https:\/\/newsinfoco.com.br\/inicio\/wp-json\/wp\/v2\/tags?post=4481"}],"curies":[{"name":"wp","href":"https:\/\/api.w.org\/{rel}","templated":true}]}}