{"id":44851,"date":"2025-08-30T11:50:29","date_gmt":"2025-08-30T14:50:29","guid":{"rendered":"https:\/\/newsinfoco.com.br\/inicio\/?p=44851"},"modified":"2025-08-30T13:45:20","modified_gmt":"2025-08-30T16:45:20","slug":"a-forca-de-cleto-da-banana-por-caio-pimenta","status":"publish","type":"post","link":"https:\/\/newsinfoco.com.br\/inicio\/a-forca-de-cleto-da-banana-por-caio-pimenta\/","title":{"rendered":"A for\u00e7a de Cleto da Banana &#8211; Por Caio Pimenta"},"content":{"rendered":"<p>Ap\u00f3s sofrer um rev\u00e9s moment\u00e2neo, sendo afastado cautelarmente do cargo de presidente da C\u00e2mara Municipal de Alagoinhas, o vereador Cleto da Banana voltou ao posto, ap\u00f3s conseguir a derrubada da liminar deferida pela 1\u00aa Vara da Fazenda no Tribunal de Justi\u00e7a da Bahia.<\/p>\n<p>Os fatos que antecederam e sucederam o intervalo entre o seu afastamento e seu retorno ao cargo de presidente foi o suficiente para termos uma n\u00edtida no\u00e7\u00e3o da for\u00e7a e poder que Cleto da Banana exerce no cen\u00e1rio pol\u00edtico da cidade, sobretudo entre seus colegas de parlamento.<\/p><div class=\"newsi-conteudo_19\" id=\"newsi-3038913561\"><a href=\"https:\/\/www.instagram.com\/prefeituraalagoinhas?igsh=YzgzdDJ1bWR3aWI4\" aria-label=\"SAVE_20251006_221555\"><img loading=\"lazy\" decoding=\"async\" src=\"https:\/\/newsinfoco.com.br\/inicio\/wp-content\/uploads\/2025\/10\/SAVE_20251006_221555-rotated.jpg\" alt=\"\"  srcset=\"https:\/\/newsinfoco.com.br\/inicio\/wp-content\/uploads\/2025\/10\/SAVE_20251006_221555-rotated.jpg 1140w, https:\/\/newsinfoco.com.br\/inicio\/wp-content\/uploads\/2025\/10\/SAVE_20251006_221555-300x52.jpg 300w, https:\/\/newsinfoco.com.br\/inicio\/wp-content\/uploads\/2025\/10\/SAVE_20251006_221555-1024x177.jpg 1024w, https:\/\/newsinfoco.com.br\/inicio\/wp-content\/uploads\/2025\/10\/SAVE_20251006_221555-768x133.jpg 768w, https:\/\/newsinfoco.com.br\/inicio\/wp-content\/uploads\/2025\/10\/SAVE_20251006_221555-600x104.jpg 600w, https:\/\/newsinfoco.com.br\/inicio\/wp-content\/uploads\/2025\/10\/SAVE_20251006_221555-696x120.jpg 696w, https:\/\/newsinfoco.com.br\/inicio\/wp-content\/uploads\/2025\/10\/SAVE_20251006_221555-1068x185.jpg 1068w\" sizes=\"(max-width: 1140px) 100vw, 1140px\" width=\"1140\" height=\"197\"   \/><\/a><\/div>\n<p>Cleto da Banana ocupa o seu terceiro mandato consecutivo como presidente da Casa Legislativa, conseguiu esse feito com o apoio de todos os vereadores, da base e oposi\u00e7\u00e3o. Ele tamb\u00e9m foi o vereador mais votado da cidade nas \u00faltimas elei\u00e7\u00f5es quando conquistou 3405 votos.<\/p>\n<p>Comandando o or\u00e7amento da C\u00e2mara que ultrapassa os R$ 2 milh\u00f5es mensais, or\u00e7amento maior do que muitas prefeituras do interior do estado, Cleto tem se esfor\u00e7ado para atender as necessidades dos seus colegas vereadores, sobretudo os novatos e os oposicionistas, alijados de uma aten\u00e7\u00e3o maior do executivo municipal.<\/p>\n<p>Sua influ\u00eancia, inclusive, sobre grande parte da bancada situacionista e de toda a oposi\u00e7\u00e3o foi preponderante para sua continuidade na presid\u00eancia da Casa, quando conseguiu impor seu nome diante de Anderson Baqueiro, nome preferido do executivo municipal.<\/p>\n<p>Ainda as falas de apoio de vereadores da base e de oposi\u00e7\u00e3o durante o seu afastamento demonstram a total depend\u00eancia deles a presen\u00e7a de Cleto na presid\u00eancia da Casa Legislativa. Ao mesmo tempo que a conquista de uma vit\u00f3ria, mesmo que parcial no Tribunal de Justi\u00e7a, demonstra desenvoltura do mesmo entre os magistrados do TJ.<\/p>\n<p>Em resumo, o vai e vem de Cleto na presid\u00eancia da C\u00e2mara de Vereadores de Alagoinhas serviu para que ele mandasse recados para muita gente&#8230; O recado principal? Eu tenho for\u00e7a.<\/p>\n<p><strong>Escrito por Caio Pimenta, advogado, \u00e2ncora do programa Primeira M\u00e3o, da radio Ouro Negro 100,5 FM. Ele tamb\u00e9m escreve sua coluna no site News Infoco, do qual \u00e9 editor- chefe e dirige a radio web 2 de julho.<\/strong><\/p>\n<div class='share-to-whatsapp-wrapper'><div class='share-on-whsp'>Share on: <\/div><a data-text='A for\u00e7a de Cleto da Banana - Por Caio Pimenta' data-link='https:\/\/newsinfoco.com.br\/inicio\/a-forca-de-cleto-da-banana-por-caio-pimenta\/' class='whatsapp-button whatsapp-share'>WhatsApp<\/a><div class='clear '><\/div><\/div>","protected":false},"excerpt":{"rendered":"<p>Ap\u00f3s sofrer um rev\u00e9s moment\u00e2neo, sendo afastado cautelarmente do cargo de presidente da C\u00e2mara Municipal de Alagoinhas, o vereador Cleto da Banana voltou ao posto, ap\u00f3s conseguir a derrubada da liminar deferida pela 1\u00aa Vara da Fazenda no Tribunal de Justi\u00e7a da Bahia. Os fatos que antecederam e sucederam o intervalo entre o seu afastamento [&hellip;]<\/p>\n","protected":false},"author":1,"featured_media":44793,"comment_status":"closed","ping_status":"closed","sticky":false,"template":"","format":"standard","meta":{"om_disable_all_campaigns":false,"_exactmetrics_skip_tracking":false,"_exactmetrics_sitenote_active":false,"_exactmetrics_sitenote_note":"","_exactmetrics_sitenote_category":0,"footnotes":""},"categories":[26],"tags":[],"class_list":["post-44851","post","type-post","status-publish","format-standard","has-post-thumbnail","hentry","category-caio-pimenta"],"aioseo_notices":[],"_links":{"self":[{"href":"https:\/\/newsinfoco.com.br\/inicio\/wp-json\/wp\/v2\/posts\/44851","targetHints":{"allow":["GET"]}}],"collection":[{"href":"https:\/\/newsinfoco.com.br\/inicio\/wp-json\/wp\/v2\/posts"}],"about":[{"href":"https:\/\/newsinfoco.com.br\/inicio\/wp-json\/wp\/v2\/types\/post"}],"author":[{"embeddable":true,"href":"https:\/\/newsinfoco.com.br\/inicio\/wp-json\/wp\/v2\/users\/1"}],"replies":[{"embeddable":true,"href":"https:\/\/newsinfoco.com.br\/inicio\/wp-json\/wp\/v2\/comments?post=44851"}],"version-history":[{"count":3,"href":"https:\/\/newsinfoco.com.br\/inicio\/wp-json\/wp\/v2\/posts\/44851\/revisions"}],"predecessor-version":[{"id":44856,"href":"https:\/\/newsinfoco.com.br\/inicio\/wp-json\/wp\/v2\/posts\/44851\/revisions\/44856"}],"wp:featuredmedia":[{"embeddable":true,"href":"https:\/\/newsinfoco.com.br\/inicio\/wp-json\/wp\/v2\/media\/44793"}],"wp:attachment":[{"href":"https:\/\/newsinfoco.com.br\/inicio\/wp-json\/wp\/v2\/media?parent=44851"}],"wp:term":[{"taxonomy":"category","embeddable":true,"href":"https:\/\/newsinfoco.com.br\/inicio\/wp-json\/wp\/v2\/categories?post=44851"},{"taxonomy":"post_tag","embeddable":true,"href":"https:\/\/newsinfoco.com.br\/inicio\/wp-json\/wp\/v2\/tags?post=44851"}],"curies":[{"name":"wp","href":"https:\/\/api.w.org\/{rel}","templated":true}]}}