{"id":44876,"date":"2025-08-31T20:29:40","date_gmt":"2025-08-31T23:29:40","guid":{"rendered":"https:\/\/newsinfoco.com.br\/inicio\/?p=44876"},"modified":"2025-08-31T20:29:40","modified_gmt":"2025-08-31T23:29:40","slug":"pm-resgata-77-aves-silvestres-na-regiao-metropolitana-de-salvador","status":"publish","type":"post","link":"https:\/\/newsinfoco.com.br\/inicio\/pm-resgata-77-aves-silvestres-na-regiao-metropolitana-de-salvador\/","title":{"rendered":"PM resgata 77 aves silvestres na Regi\u00e3o Metropolitana de Salvador"},"content":{"rendered":"<p style=\"font-weight: 400;\">Policiais militares da Companhia Independente de Pol\u00edcia e Prote\u00e7\u00e3o Ambiental (Coppa) prenderam dois indiv\u00edduos e resgataram 77 aves silvestres que estavam prestes serem a comercializadas da maneira ilegal na feira livre do munic\u00edpio de Candeias, na manh\u00e3 de s\u00e1bado (30).<\/p>\n<p style=\"font-weight: 400;\">Durante intensifica\u00e7\u00e3o das a\u00e7\u00f5es de fiscaliza\u00e7\u00e3o ambiental na regi\u00e3o, os militares flagraram dois homens em movimenta\u00e7\u00e3o suspeita no local em posse de diversas gaiolas, aves e armadilhas de ca\u00e7a ilegal.<\/p>\n<p>De acordo com o Artigo 29,1\u00ba, inciso, da Lei de Crimes Ambientais (Lei n\u00ba 9.605\/98) estabelece que incorre nas mesmas penas de quem matar, perseguir, ca\u00e7ar, apanhar, utilizar esp\u00e9cimes da fauna silvestre, quem vender, expor \u00e0 venda, exportar ou adquirir, guardar, ter em cativeiro ou dep\u00f3sito, utilizar ou transportar ovos, larvas ou esp\u00e9cimes da fauna silvestre, nativa ou em rota migrat\u00f3ria, bem como produtos e objetos dela oriundos, provenientes de criadouros n\u00e3o autorizados ou sem a devida permiss\u00e3o, licen\u00e7a ou autoriza\u00e7\u00e3o da autoridade competente.<\/p>\n<p style=\"font-weight: 400;\">Ao todo, 77 p\u00e1ssaros foram resgatados e encaminhados ao Centro de Triagem de Animais Silvestres (Cetas), onde receber\u00e3o os cuidados necess\u00e1rios para posterior reintegra\u00e7\u00e3o ao habitat natural.<\/p>\n<p>Os detidos foram direcionados \u00e0 Pol\u00edcia Civil, onde a ocorr\u00eancia foi registrada.<\/p>\n<p>&nbsp;<\/p>\n<p>&nbsp;<\/p>\n<div class='share-to-whatsapp-wrapper'><div class='share-on-whsp'>Share on: <\/div><a data-text='PM resgata 77 aves silvestres na Regi\u00e3o Metropolitana de Salvador' data-link='https:\/\/newsinfoco.com.br\/inicio\/pm-resgata-77-aves-silvestres-na-regiao-metropolitana-de-salvador\/' class='whatsapp-button whatsapp-share'>WhatsApp<\/a><div class='clear '><\/div><\/div>","protected":false},"excerpt":{"rendered":"<p>Policiais militares da Companhia Independente de Pol\u00edcia e Prote\u00e7\u00e3o Ambiental (Coppa) prenderam dois indiv\u00edduos e resgataram 77 aves silvestres que estavam prestes serem a comercializadas da maneira ilegal na feira livre do munic\u00edpio de Candeias, na manh\u00e3 de s\u00e1bado (30). Durante intensifica\u00e7\u00e3o das a\u00e7\u00f5es de fiscaliza\u00e7\u00e3o ambiental na regi\u00e3o, os militares flagraram dois homens em [&hellip;]<\/p>\n","protected":false},"author":1,"featured_media":42755,"comment_status":"closed","ping_status":"closed","sticky":false,"template":"","format":"standard","meta":{"om_disable_all_campaigns":false,"rop_custom_images_group":[],"rop_custom_messages_group":[],"rop_publish_now":"initial","rop_publish_now_accounts":[],"rop_publish_now_history":[],"rop_publish_now_status":"pending","_exactmetrics_skip_tracking":false,"footnotes":""},"categories":[19],"tags":[],"class_list":["post-44876","post","type-post","status-publish","format-standard","has-post-thumbnail","hentry","category-bahia"],"aioseo_notices":[],"aioseo_head":"\n\t\t<!-- All in One SEO 4.9.10 - aioseo.com -->\n\t<meta name=\"description\" content=\"Policiais militares da Companhia Independente de Pol\u00edcia e Prote\u00e7\u00e3o Ambiental (Coppa) prenderam dois indiv\u00edduos e resgataram 77 aves silvestres que estavam prestes serem a comercializadas da maneira ilegal na feira livre do munic\u00edpio de Candeias, na manh\u00e3 de s\u00e1bado (30). Durante intensifica\u00e7\u00e3o das a\u00e7\u00f5es de fiscaliza\u00e7\u00e3o ambiental na regi\u00e3o, os militares flagraram dois homens em\" \/>\n\t<meta name=\"robots\" content=\"max-image-preview:large\" \/>\n\t<meta name=\"author\" content=\"administrador\"\/>\n\t<link rel=\"canonical\" href=\"https:\/\/newsinfoco.com.br\/inicio\/pm-resgata-77-aves-silvestres-na-regiao-metropolitana-de-salvador\/\" \/>\n\t<meta name=\"generator\" content=\"All in One SEO (AIOSEO) 4.9.10\" \/>\n\t\t<meta property=\"og:locale\" content=\"pt_BR\" \/>\n\t\t<meta property=\"og:site_name\" content=\"News In Foco - Editado por Caio Pimenta - O principal site de noticias de Alagoinhas e regi\u00e3o\" \/>\n\t\t<meta property=\"og:type\" content=\"article\" \/>\n\t\t<meta property=\"og:title\" content=\"PM resgata 77 aves silvestres na Regi\u00e3o Metropolitana de Salvador - News In Foco - Editado por Caio Pimenta\" \/>\n\t\t<meta property=\"og:description\" content=\"Policiais militares da Companhia Independente de Pol\u00edcia e Prote\u00e7\u00e3o Ambiental (Coppa) prenderam dois indiv\u00edduos e resgataram 77 aves silvestres que estavam prestes serem a comercializadas da maneira ilegal na feira livre do munic\u00edpio de Candeias, na manh\u00e3 de s\u00e1bado (30). Durante intensifica\u00e7\u00e3o das a\u00e7\u00f5es de fiscaliza\u00e7\u00e3o ambiental na regi\u00e3o, os militares flagraram dois homens em\" \/>\n\t\t<meta property=\"og:url\" content=\"https:\/\/newsinfoco.com.br\/inicio\/pm-resgata-77-aves-silvestres-na-regiao-metropolitana-de-salvador\/\" \/>\n\t\t<meta property=\"article:published_time\" content=\"2025-08-31T23:29:40+00:00\" \/>\n\t\t<meta property=\"article:modified_time\" content=\"2025-08-31T23:29:40+00:00\" \/>\n\t\t<meta name=\"twitter:card\" content=\"summary_large_image\" \/>\n\t\t<meta name=\"twitter:title\" content=\"PM resgata 77 aves silvestres na Regi\u00e3o Metropolitana de Salvador - News In Foco - Editado por Caio Pimenta\" \/>\n\t\t<meta name=\"twitter:description\" content=\"Policiais militares da Companhia Independente de Pol\u00edcia e Prote\u00e7\u00e3o Ambiental (Coppa) prenderam dois indiv\u00edduos e resgataram 77 aves silvestres que estavam prestes serem a comercializadas da maneira ilegal na feira livre do munic\u00edpio de Candeias, na manh\u00e3 de s\u00e1bado (30). Durante intensifica\u00e7\u00e3o das a\u00e7\u00f5es de fiscaliza\u00e7\u00e3o ambiental na regi\u00e3o, os militares flagraram dois homens em\" \/>\n\t\t<script type=\"application\/ld+json\" class=\"aioseo-schema\">\n\t\t\t{\"@context\":\"https:\\\/\\\/schema.org\",\"@graph\":[{\"@type\":\"BlogPosting\",\"@id\":\"https:\\\/\\\/newsinfoco.com.br\\\/inicio\\\/pm-resgata-77-aves-silvestres-na-regiao-metropolitana-de-salvador\\\/#blogposting\",\"name\":\"PM resgata 77 aves silvestres na Regi\\u00e3o Metropolitana de Salvador - News In Foco - Editado por Caio Pimenta\",\"headline\":\"PM resgata 77 aves silvestres na Regi\\u00e3o Metropolitana de Salvador\",\"author\":{\"@id\":\"https:\\\/\\\/newsinfoco.com.br\\\/inicio\\\/author\\\/administrador\\\/#author\"},\"publisher\":{\"@id\":\"https:\\\/\\\/newsinfoco.com.br\\\/inicio\\\/#organization\"},\"image\":{\"@type\":\"ImageObject\",\"url\":\"https:\\\/\\\/newsinfoco.com.br\\\/inicio\\\/wp-content\\\/uploads\\\/2025\\\/06\\\/Policia-Militar-operacao-Ascom-PM-BA.jpeg\",\"width\":600,\"height\":420},\"datePublished\":\"2025-08-31T20:29:40-03:00\",\"dateModified\":\"2025-08-31T20:29:40-03:00\",\"inLanguage\":\"pt-BR\",\"mainEntityOfPage\":{\"@id\":\"https:\\\/\\\/newsinfoco.com.br\\\/inicio\\\/pm-resgata-77-aves-silvestres-na-regiao-metropolitana-de-salvador\\\/#webpage\"},\"isPartOf\":{\"@id\":\"https:\\\/\\\/newsinfoco.com.br\\\/inicio\\\/pm-resgata-77-aves-silvestres-na-regiao-metropolitana-de-salvador\\\/#webpage\"},\"articleSection\":\"Bahia\"},{\"@type\":\"BreadcrumbList\",\"@id\":\"https:\\\/\\\/newsinfoco.com.br\\\/inicio\\\/pm-resgata-77-aves-silvestres-na-regiao-metropolitana-de-salvador\\\/#breadcrumblist\",\"itemListElement\":[{\"@type\":\"ListItem\",\"@id\":\"https:\\\/\\\/newsinfoco.com.br\\\/inicio#listItem\",\"position\":1,\"name\":\"In\\u00edcio\",\"item\":\"https:\\\/\\\/newsinfoco.com.br\\\/inicio\",\"nextItem\":{\"@type\":\"ListItem\",\"@id\":\"https:\\\/\\\/newsinfoco.com.br\\\/inicio\\\/category\\\/bahia\\\/#listItem\",\"name\":\"Bahia\"}},{\"@type\":\"ListItem\",\"@id\":\"https:\\\/\\\/newsinfoco.com.br\\\/inicio\\\/category\\\/bahia\\\/#listItem\",\"position\":2,\"name\":\"Bahia\",\"item\":\"https:\\\/\\\/newsinfoco.com.br\\\/inicio\\\/category\\\/bahia\\\/\",\"nextItem\":{\"@type\":\"ListItem\",\"@id\":\"https:\\\/\\\/newsinfoco.com.br\\\/inicio\\\/pm-resgata-77-aves-silvestres-na-regiao-metropolitana-de-salvador\\\/#listItem\",\"name\":\"PM resgata 77 aves silvestres na Regi\\u00e3o Metropolitana de Salvador\"},\"previousItem\":{\"@type\":\"ListItem\",\"@id\":\"https:\\\/\\\/newsinfoco.com.br\\\/inicio#listItem\",\"name\":\"In\\u00edcio\"}},{\"@type\":\"ListItem\",\"@id\":\"https:\\\/\\\/newsinfoco.com.br\\\/inicio\\\/pm-resgata-77-aves-silvestres-na-regiao-metropolitana-de-salvador\\\/#listItem\",\"position\":3,\"name\":\"PM resgata 77 aves silvestres na Regi\\u00e3o Metropolitana de Salvador\",\"previousItem\":{\"@type\":\"ListItem\",\"@id\":\"https:\\\/\\\/newsinfoco.com.br\\\/inicio\\\/category\\\/bahia\\\/#listItem\",\"name\":\"Bahia\"}}]},{\"@type\":\"Organization\",\"@id\":\"https:\\\/\\\/newsinfoco.com.br\\\/inicio\\\/#organization\",\"name\":\"News In Foco - Editado por Caio Pimenta\",\"description\":\"O principal site de noticias de Alagoinhas e regi\\u00e3o\",\"url\":\"https:\\\/\\\/newsinfoco.com.br\\\/inicio\\\/\"},{\"@type\":\"Person\",\"@id\":\"https:\\\/\\\/newsinfoco.com.br\\\/inicio\\\/author\\\/administrador\\\/#author\",\"url\":\"https:\\\/\\\/newsinfoco.com.br\\\/inicio\\\/author\\\/administrador\\\/\",\"name\":\"administrador\",\"image\":{\"@type\":\"ImageObject\",\"@id\":\"https:\\\/\\\/newsinfoco.com.br\\\/inicio\\\/pm-resgata-77-aves-silvestres-na-regiao-metropolitana-de-salvador\\\/#authorImage\",\"url\":\"https:\\\/\\\/secure.gravatar.com\\\/avatar\\\/c17a617433de8c1dc9584bb79aab7563b46f5bb7e1728c9b17d9cc3ce6a08e49?s=96&d=mm&r=g\",\"width\":96,\"height\":96,\"caption\":\"administrador\"}},{\"@type\":\"WebPage\",\"@id\":\"https:\\\/\\\/newsinfoco.com.br\\\/inicio\\\/pm-resgata-77-aves-silvestres-na-regiao-metropolitana-de-salvador\\\/#webpage\",\"url\":\"https:\\\/\\\/newsinfoco.com.br\\\/inicio\\\/pm-resgata-77-aves-silvestres-na-regiao-metropolitana-de-salvador\\\/\",\"name\":\"PM resgata 77 aves silvestres na Regi\\u00e3o Metropolitana de Salvador - News In Foco - Editado por Caio Pimenta\",\"description\":\"Policiais militares da Companhia Independente de Pol\\u00edcia e Prote\\u00e7\\u00e3o Ambiental (Coppa) prenderam dois indiv\\u00edduos e resgataram 77 aves silvestres que estavam prestes serem a comercializadas da maneira ilegal na feira livre do munic\\u00edpio de Candeias, na manh\\u00e3 de s\\u00e1bado (30). Durante intensifica\\u00e7\\u00e3o das a\\u00e7\\u00f5es de fiscaliza\\u00e7\\u00e3o ambiental na regi\\u00e3o, os militares flagraram dois homens em\",\"inLanguage\":\"pt-BR\",\"isPartOf\":{\"@id\":\"https:\\\/\\\/newsinfoco.com.br\\\/inicio\\\/#website\"},\"breadcrumb\":{\"@id\":\"https:\\\/\\\/newsinfoco.com.br\\\/inicio\\\/pm-resgata-77-aves-silvestres-na-regiao-metropolitana-de-salvador\\\/#breadcrumblist\"},\"author\":{\"@id\":\"https:\\\/\\\/newsinfoco.com.br\\\/inicio\\\/author\\\/administrador\\\/#author\"},\"creator\":{\"@id\":\"https:\\\/\\\/newsinfoco.com.br\\\/inicio\\\/author\\\/administrador\\\/#author\"},\"image\":{\"@type\":\"ImageObject\",\"url\":\"https:\\\/\\\/newsinfoco.com.br\\\/inicio\\\/wp-content\\\/uploads\\\/2025\\\/06\\\/Policia-Militar-operacao-Ascom-PM-BA.jpeg\",\"@id\":\"https:\\\/\\\/newsinfoco.com.br\\\/inicio\\\/pm-resgata-77-aves-silvestres-na-regiao-metropolitana-de-salvador\\\/#mainImage\",\"width\":600,\"height\":420},\"primaryImageOfPage\":{\"@id\":\"https:\\\/\\\/newsinfoco.com.br\\\/inicio\\\/pm-resgata-77-aves-silvestres-na-regiao-metropolitana-de-salvador\\\/#mainImage\"},\"datePublished\":\"2025-08-31T20:29:40-03:00\",\"dateModified\":\"2025-08-31T20:29:40-03:00\"},{\"@type\":\"WebSite\",\"@id\":\"https:\\\/\\\/newsinfoco.com.br\\\/inicio\\\/#website\",\"url\":\"https:\\\/\\\/newsinfoco.com.br\\\/inicio\\\/\",\"name\":\"News In Foco - Editado por Caio Pimenta\",\"description\":\"O principal site de noticias de Alagoinhas e regi\\u00e3o\",\"inLanguage\":\"pt-BR\",\"publisher\":{\"@id\":\"https:\\\/\\\/newsinfoco.com.br\\\/inicio\\\/#organization\"}}]}\n\t\t<\/script>\n\t\t<!-- All in One SEO -->\n\n","aioseo_head_json":{"title":"PM resgata 77 aves silvestres na Regi\u00e3o Metropolitana de Salvador - News In Foco - Editado por Caio Pimenta","description":"Policiais militares da Companhia Independente de Pol\u00edcia e Prote\u00e7\u00e3o Ambiental (Coppa) prenderam dois indiv\u00edduos e resgataram 77 aves silvestres que estavam prestes serem a comercializadas da maneira ilegal na feira livre do munic\u00edpio de Candeias, na manh\u00e3 de s\u00e1bado (30). Durante intensifica\u00e7\u00e3o das a\u00e7\u00f5es de fiscaliza\u00e7\u00e3o ambiental na regi\u00e3o, os militares flagraram dois homens em","canonical_url":"https:\/\/newsinfoco.com.br\/inicio\/pm-resgata-77-aves-silvestres-na-regiao-metropolitana-de-salvador\/","robots":"max-image-preview:large","keywords":"","webmasterTools":{"miscellaneous":""},"schema":{"@context":"https:\/\/schema.org","@graph":[{"@type":"BlogPosting","@id":"https:\/\/newsinfoco.com.br\/inicio\/pm-resgata-77-aves-silvestres-na-regiao-metropolitana-de-salvador\/#blogposting","name":"PM resgata 77 aves silvestres na Regi\u00e3o Metropolitana de Salvador - News In Foco - Editado por Caio Pimenta","headline":"PM resgata 77 aves silvestres na Regi\u00e3o Metropolitana de Salvador","author":{"@id":"https:\/\/newsinfoco.com.br\/inicio\/author\/administrador\/#author"},"publisher":{"@id":"https:\/\/newsinfoco.com.br\/inicio\/#organization"},"image":{"@type":"ImageObject","url":"https:\/\/newsinfoco.com.br\/inicio\/wp-content\/uploads\/2025\/06\/Policia-Militar-operacao-Ascom-PM-BA.jpeg","width":600,"height":420},"datePublished":"2025-08-31T20:29:40-03:00","dateModified":"2025-08-31T20:29:40-03:00","inLanguage":"pt-BR","mainEntityOfPage":{"@id":"https:\/\/newsinfoco.com.br\/inicio\/pm-resgata-77-aves-silvestres-na-regiao-metropolitana-de-salvador\/#webpage"},"isPartOf":{"@id":"https:\/\/newsinfoco.com.br\/inicio\/pm-resgata-77-aves-silvestres-na-regiao-metropolitana-de-salvador\/#webpage"},"articleSection":"Bahia"},{"@type":"BreadcrumbList","@id":"https:\/\/newsinfoco.com.br\/inicio\/pm-resgata-77-aves-silvestres-na-regiao-metropolitana-de-salvador\/#breadcrumblist","itemListElement":[{"@type":"ListItem","@id":"https:\/\/newsinfoco.com.br\/inicio#listItem","position":1,"name":"In\u00edcio","item":"https:\/\/newsinfoco.com.br\/inicio","nextItem":{"@type":"ListItem","@id":"https:\/\/newsinfoco.com.br\/inicio\/category\/bahia\/#listItem","name":"Bahia"}},{"@type":"ListItem","@id":"https:\/\/newsinfoco.com.br\/inicio\/category\/bahia\/#listItem","position":2,"name":"Bahia","item":"https:\/\/newsinfoco.com.br\/inicio\/category\/bahia\/","nextItem":{"@type":"ListItem","@id":"https:\/\/newsinfoco.com.br\/inicio\/pm-resgata-77-aves-silvestres-na-regiao-metropolitana-de-salvador\/#listItem","name":"PM resgata 77 aves silvestres na Regi\u00e3o Metropolitana de Salvador"},"previousItem":{"@type":"ListItem","@id":"https:\/\/newsinfoco.com.br\/inicio#listItem","name":"In\u00edcio"}},{"@type":"ListItem","@id":"https:\/\/newsinfoco.com.br\/inicio\/pm-resgata-77-aves-silvestres-na-regiao-metropolitana-de-salvador\/#listItem","position":3,"name":"PM resgata 77 aves silvestres na Regi\u00e3o Metropolitana de Salvador","previousItem":{"@type":"ListItem","@id":"https:\/\/newsinfoco.com.br\/inicio\/category\/bahia\/#listItem","name":"Bahia"}}]},{"@type":"Organization","@id":"https:\/\/newsinfoco.com.br\/inicio\/#organization","name":"News In Foco - Editado por Caio Pimenta","description":"O principal site de noticias de Alagoinhas e regi\u00e3o","url":"https:\/\/newsinfoco.com.br\/inicio\/"},{"@type":"Person","@id":"https:\/\/newsinfoco.com.br\/inicio\/author\/administrador\/#author","url":"https:\/\/newsinfoco.com.br\/inicio\/author\/administrador\/","name":"administrador","image":{"@type":"ImageObject","@id":"https:\/\/newsinfoco.com.br\/inicio\/pm-resgata-77-aves-silvestres-na-regiao-metropolitana-de-salvador\/#authorImage","url":"https:\/\/secure.gravatar.com\/avatar\/c17a617433de8c1dc9584bb79aab7563b46f5bb7e1728c9b17d9cc3ce6a08e49?s=96&d=mm&r=g","width":96,"height":96,"caption":"administrador"}},{"@type":"WebPage","@id":"https:\/\/newsinfoco.com.br\/inicio\/pm-resgata-77-aves-silvestres-na-regiao-metropolitana-de-salvador\/#webpage","url":"https:\/\/newsinfoco.com.br\/inicio\/pm-resgata-77-aves-silvestres-na-regiao-metropolitana-de-salvador\/","name":"PM resgata 77 aves silvestres na Regi\u00e3o Metropolitana de Salvador - News In Foco - Editado por Caio Pimenta","description":"Policiais militares da Companhia Independente de Pol\u00edcia e Prote\u00e7\u00e3o Ambiental (Coppa) prenderam dois indiv\u00edduos e resgataram 77 aves silvestres que estavam prestes serem a comercializadas da maneira ilegal na feira livre do munic\u00edpio de Candeias, na manh\u00e3 de s\u00e1bado (30). Durante intensifica\u00e7\u00e3o das a\u00e7\u00f5es de fiscaliza\u00e7\u00e3o ambiental na regi\u00e3o, os militares flagraram dois homens em","inLanguage":"pt-BR","isPartOf":{"@id":"https:\/\/newsinfoco.com.br\/inicio\/#website"},"breadcrumb":{"@id":"https:\/\/newsinfoco.com.br\/inicio\/pm-resgata-77-aves-silvestres-na-regiao-metropolitana-de-salvador\/#breadcrumblist"},"author":{"@id":"https:\/\/newsinfoco.com.br\/inicio\/author\/administrador\/#author"},"creator":{"@id":"https:\/\/newsinfoco.com.br\/inicio\/author\/administrador\/#author"},"image":{"@type":"ImageObject","url":"https:\/\/newsinfoco.com.br\/inicio\/wp-content\/uploads\/2025\/06\/Policia-Militar-operacao-Ascom-PM-BA.jpeg","@id":"https:\/\/newsinfoco.com.br\/inicio\/pm-resgata-77-aves-silvestres-na-regiao-metropolitana-de-salvador\/#mainImage","width":600,"height":420},"primaryImageOfPage":{"@id":"https:\/\/newsinfoco.com.br\/inicio\/pm-resgata-77-aves-silvestres-na-regiao-metropolitana-de-salvador\/#mainImage"},"datePublished":"2025-08-31T20:29:40-03:00","dateModified":"2025-08-31T20:29:40-03:00"},{"@type":"WebSite","@id":"https:\/\/newsinfoco.com.br\/inicio\/#website","url":"https:\/\/newsinfoco.com.br\/inicio\/","name":"News In Foco - Editado por Caio Pimenta","description":"O principal site de noticias de Alagoinhas e regi\u00e3o","inLanguage":"pt-BR","publisher":{"@id":"https:\/\/newsinfoco.com.br\/inicio\/#organization"}}]},"og:locale":"pt_BR","og:site_name":"News In Foco - Editado por Caio Pimenta - O principal site de noticias de Alagoinhas e regi\u00e3o","og:type":"article","og:title":"PM resgata 77 aves silvestres na Regi\u00e3o Metropolitana de Salvador - News In Foco - Editado por Caio Pimenta","og:description":"Policiais militares da Companhia Independente de Pol\u00edcia e Prote\u00e7\u00e3o Ambiental (Coppa) prenderam dois indiv\u00edduos e resgataram 77 aves silvestres que estavam prestes serem a comercializadas da maneira ilegal na feira livre do munic\u00edpio de Candeias, na manh\u00e3 de s\u00e1bado (30). Durante intensifica\u00e7\u00e3o das a\u00e7\u00f5es de fiscaliza\u00e7\u00e3o ambiental na regi\u00e3o, os militares flagraram dois homens em","og:url":"https:\/\/newsinfoco.com.br\/inicio\/pm-resgata-77-aves-silvestres-na-regiao-metropolitana-de-salvador\/","article:published_time":"2025-08-31T23:29:40+00:00","article:modified_time":"2025-08-31T23:29:40+00:00","twitter:card":"summary_large_image","twitter:title":"PM resgata 77 aves silvestres na Regi\u00e3o Metropolitana de Salvador - News In Foco - Editado por Caio Pimenta","twitter:description":"Policiais militares da Companhia Independente de Pol\u00edcia e Prote\u00e7\u00e3o Ambiental (Coppa) prenderam dois indiv\u00edduos e resgataram 77 aves silvestres que estavam prestes serem a comercializadas da maneira ilegal na feira livre do munic\u00edpio de Candeias, na manh\u00e3 de s\u00e1bado (30). Durante intensifica\u00e7\u00e3o das a\u00e7\u00f5es de fiscaliza\u00e7\u00e3o ambiental na regi\u00e3o, os militares flagraram dois homens em"},"aioseo_meta_data":{"post_id":"44876","title":null,"description":null,"keywords":null,"keyphrases":{"focus":{"keyphrase":"","score":0,"analysis":{"keyphraseInTitle":{"score":0,"maxScore":9,"error":1}}},"additional":[]},"primary_term":null,"canonical_url":null,"og_title":null,"og_description":null,"og_object_type":"default","og_image_type":"default","og_image_url":null,"og_image_width":null,"og_image_height":null,"og_image_custom_url":null,"og_image_custom_fields":null,"og_video":"","og_custom_url":null,"og_article_section":null,"og_article_tags":null,"twitter_use_og":false,"twitter_card":"default","twitter_image_type":"default","twitter_image_url":null,"twitter_image_custom_url":null,"twitter_image_custom_fields":null,"twitter_title":null,"twitter_description":null,"schema":{"blockGraphs":[],"customGraphs":[],"default":{"data":{"Article":[],"Course":[],"Dataset":[],"FAQPage":[],"Movie":[],"Person":[],"Product":[],"ProductReview":[],"Car":[],"Recipe":[],"Service":[],"SoftwareApplication":[],"WebPage":[]},"graphName":"BlogPosting","isEnabled":true},"graphs":[]},"schema_type":"default","schema_type_options":null,"pillar_content":false,"robots_default":true,"robots_noindex":false,"robots_noarchive":false,"robots_nosnippet":false,"robots_nofollow":false,"robots_noimageindex":false,"robots_noodp":false,"robots_notranslate":false,"robots_max_snippet":"-1","robots_max_videopreview":"-1","robots_max_imagepreview":"large","priority":null,"frequency":"default","local_seo":null,"breadcrumb_settings":null,"limit_modified_date":false,"ai":{"faqs":[],"keyPoints":[],"titles":[],"descriptions":[],"socialPosts":{"email":[],"linkedin":[],"twitter":[],"facebook":[],"instagram":[]}},"created":"2025-08-31 23:29:40","updated":"2025-08-31 23:40:11","seo_analyzer_scan_date":null},"aioseo_breadcrumb":"<div class=\"aioseo-breadcrumbs\"><span class=\"aioseo-breadcrumb\">\n\t\t\t<a href=\"https:\/\/newsinfoco.com.br\/inicio\" title=\"In\u00edcio\">In\u00edcio<\/a>\n\t\t<\/span><span class=\"aioseo-breadcrumb-separator\">&raquo;<\/span><span class=\"aioseo-breadcrumb\">\n\t\t\t<a href=\"https:\/\/newsinfoco.com.br\/inicio\/category\/bahia\/\" title=\"Bahia\">Bahia<\/a>\n\t\t<\/span><span class=\"aioseo-breadcrumb-separator\">&raquo;<\/span><span class=\"aioseo-breadcrumb\">\n\t\t\tPM resgata 77 aves silvestres na Regi\u00e3o Metropolitana de Salvador\n\t\t<\/span><\/div>","aioseo_breadcrumb_json":[{"label":"In\u00edcio","link":"https:\/\/newsinfoco.com.br\/inicio"},{"label":"Bahia","link":"https:\/\/newsinfoco.com.br\/inicio\/category\/bahia\/"},{"label":"PM resgata 77 aves silvestres na Regi\u00e3o Metropolitana de Salvador","link":"https:\/\/newsinfoco.com.br\/inicio\/pm-resgata-77-aves-silvestres-na-regiao-metropolitana-de-salvador\/"}],"_links":{"self":[{"href":"https:\/\/newsinfoco.com.br\/inicio\/wp-json\/wp\/v2\/posts\/44876","targetHints":{"allow":["GET"]}}],"collection":[{"href":"https:\/\/newsinfoco.com.br\/inicio\/wp-json\/wp\/v2\/posts"}],"about":[{"href":"https:\/\/newsinfoco.com.br\/inicio\/wp-json\/wp\/v2\/types\/post"}],"author":[{"embeddable":true,"href":"https:\/\/newsinfoco.com.br\/inicio\/wp-json\/wp\/v2\/users\/1"}],"replies":[{"embeddable":true,"href":"https:\/\/newsinfoco.com.br\/inicio\/wp-json\/wp\/v2\/comments?post=44876"}],"version-history":[{"count":1,"href":"https:\/\/newsinfoco.com.br\/inicio\/wp-json\/wp\/v2\/posts\/44876\/revisions"}],"predecessor-version":[{"id":44877,"href":"https:\/\/newsinfoco.com.br\/inicio\/wp-json\/wp\/v2\/posts\/44876\/revisions\/44877"}],"wp:featuredmedia":[{"embeddable":true,"href":"https:\/\/newsinfoco.com.br\/inicio\/wp-json\/wp\/v2\/media\/42755"}],"wp:attachment":[{"href":"https:\/\/newsinfoco.com.br\/inicio\/wp-json\/wp\/v2\/media?parent=44876"}],"wp:term":[{"taxonomy":"category","embeddable":true,"href":"https:\/\/newsinfoco.com.br\/inicio\/wp-json\/wp\/v2\/categories?post=44876"},{"taxonomy":"post_tag","embeddable":true,"href":"https:\/\/newsinfoco.com.br\/inicio\/wp-json\/wp\/v2\/tags?post=44876"}],"curies":[{"name":"wp","href":"https:\/\/api.w.org\/{rel}","templated":true}]}}