{"id":44924,"date":"2025-09-02T12:41:03","date_gmt":"2025-09-02T15:41:03","guid":{"rendered":"https:\/\/newsinfoco.com.br\/inicio\/?p=44924"},"modified":"2025-09-02T12:41:03","modified_gmt":"2025-09-02T15:41:03","slug":"prefeitura-realiza-a-1a-conferencia-de-desenvolvimento-rural-sustentavel-de-alagoinhas","status":"publish","type":"post","link":"https:\/\/newsinfoco.com.br\/inicio\/prefeitura-realiza-a-1a-conferencia-de-desenvolvimento-rural-sustentavel-de-alagoinhas\/","title":{"rendered":"Prefeitura realiza a 1\u00aa Confer\u00eancia de Desenvolvimento Rural Sustent\u00e1vel de Alagoinhas"},"content":{"rendered":"<p>Com o objetivo de debater e construir pol\u00edticas p\u00fablicas voltadas ao fortalecimento para o campo, a Prefeitura de Alagoinhas, por meio da Secretaria Municipal de Desenvolvimento Rural e Meio Ambiente (SDRA), promoveu, nesta ter\u00e7a-feira, 02, no audit\u00f3rio da SDRA, a 1\u00aa Confer\u00eancia Municipal de Desenvolvimento Rural Sustent\u00e1vel.<\/p>\n<p>Com o tema \u201cBrasil Rural: raiz da vida, fonte do bem viver\u201d, o evento contou com a presen\u00e7a de representantes do poder p\u00fablico e da sociedade civil para elabora\u00e7\u00e3o de um documento municipal que servir\u00e3o de base para as etapas estaduais e federais em 2026. As pol\u00edticas p\u00fablicas ser\u00e3o pensadas a partir dos cinco eixos tem\u00e1ticos discutidos no regime interno. S\u00e3o eles: 1 \u2013 Papel da agricultura familiar frente \u00e0s mudan\u00e7as clim\u00e1ticas; 2 -Transforma\u00e7\u00e3o agroecol\u00f3gica; 3 \u2013 Reforma agr\u00e1ria e promo\u00e7\u00e3o do direito \u00e0 terra, \u00e0 \u00e1gua e ao territ\u00f3rio; 4 \u2013 cidadania e bem viver; 5 \u2013 Estado, participa\u00e7\u00e3o popular e governan\u00e7a das pol\u00edticas p\u00fablicas para o desenvolvimento rural.<\/p>\n<p>O secret\u00e1rio de Desenvolvimento Rural e Meio Ambiente, Djalma Santos, explicou que esse \u00e9 um momento muito importante para Alagoinhas, pois o campo, a cidade e o futuro das pr\u00f3ximas gera\u00e7\u00f5es ser\u00e1 discutido. \u201cA gente sabe que falar de sustentabilidade \u00e9 falar de cuidar da natureza, de apoiar quem produz de forma respons\u00e1vel e de garantir que todos tenham oportunidade de viver com dignidade. E falar de comida saud\u00e1vel, de \u00e1gua limpa, de gera\u00e7\u00e3o de emprego e de respeito \u00e0s nossas tradi\u00e7\u00f5es\u201d, destacou.<\/p>\n<p>O vice-prefeito Luciano S\u00e9rgio, que tamb\u00e9m participou da abertura do evento, falou sobre a import\u00e2ncia da a\u00e7\u00e3o. \u201cAlagoinhas tem que estar conectada com a pol\u00edtica nacional. O Brasil \u00e9, sem sombra de d\u00favida, o pa\u00eds mais importante do ponto de vista da sustentabilidade, n\u00e3o s\u00f3 por causa dos seus mananciais ou da Amaz\u00f4nia, mas tamb\u00e9m pela produ\u00e7\u00e3o relevante de alimentos para o mundo todo. Ent\u00e3o, essa confer\u00eancia tem uma pauta extensa e o destaque \u00e9 para o campo, que \u00e9 a base da nossa vida\u201d, disse.<\/p>\n<p>A programa\u00e7\u00e3o contou com trabalhos em grupos, aprova\u00e7\u00e3o de propostas e elei\u00e7\u00e3o de delegados que representar\u00e3o a cidade na etapa territorial, ampliando o di\u00e1logo e fortalecendo a participa\u00e7\u00e3o social na formula\u00e7\u00e3o de pol\u00edticas p\u00fablicas.<\/p>\n<p>Foto: Roberto Fonseca<\/p>\n<div class='share-to-whatsapp-wrapper'><div class='share-on-whsp'>Share on: <\/div><a data-text='Prefeitura realiza a 1\u00aa Confer\u00eancia de Desenvolvimento Rural Sustent\u00e1vel de Alagoinhas' data-link='https:\/\/newsinfoco.com.br\/inicio\/prefeitura-realiza-a-1a-conferencia-de-desenvolvimento-rural-sustentavel-de-alagoinhas\/' class='whatsapp-button whatsapp-share'>WhatsApp<\/a><div class='clear '><\/div><\/div>","protected":false},"excerpt":{"rendered":"<p>Com o objetivo de debater e construir pol\u00edticas p\u00fablicas voltadas ao fortalecimento para o campo, a Prefeitura de Alagoinhas, por meio da Secretaria Municipal de Desenvolvimento Rural e Meio Ambiente (SDRA), promoveu, nesta ter\u00e7a-feira, 02, no audit\u00f3rio da SDRA, a 1\u00aa Confer\u00eancia Municipal de Desenvolvimento Rural Sustent\u00e1vel. Com o tema \u201cBrasil Rural: raiz da vida, [&hellip;]<\/p>\n","protected":false},"author":1,"featured_media":44925,"comment_status":"closed","ping_status":"closed","sticky":false,"template":"","format":"standard","meta":{"om_disable_all_campaigns":false,"rop_custom_images_group":[],"rop_custom_messages_group":[],"rop_publish_now":"initial","rop_publish_now_accounts":[],"rop_publish_now_history":[],"rop_publish_now_status":"pending","_exactmetrics_skip_tracking":false,"footnotes":""},"categories":[38,167],"tags":[],"class_list":["post-44924","post","type-post","status-publish","format-standard","has-post-thumbnail","hentry","category-alagoinhas-e-regiao","category-exclusivas"],"aioseo_notices":[],"aioseo_head":"\n\t\t<!-- All in One SEO 4.9.10 - aioseo.com -->\n\t<meta name=\"description\" content=\"Com o objetivo de debater e construir pol\u00edticas p\u00fablicas voltadas ao fortalecimento para o campo, a Prefeitura de Alagoinhas, por meio da Secretaria Municipal de Desenvolvimento Rural e Meio Ambiente (SDRA), promoveu, nesta ter\u00e7a-feira, 02, no audit\u00f3rio da SDRA, a 1\u00aa Confer\u00eancia Municipal de Desenvolvimento Rural Sustent\u00e1vel. Com o tema \u201cBrasil Rural: raiz da vida,\" \/>\n\t<meta name=\"robots\" content=\"max-image-preview:large\" \/>\n\t<meta name=\"author\" content=\"administrador\"\/>\n\t<link rel=\"canonical\" href=\"https:\/\/newsinfoco.com.br\/inicio\/prefeitura-realiza-a-1a-conferencia-de-desenvolvimento-rural-sustentavel-de-alagoinhas\/\" \/>\n\t<meta name=\"generator\" content=\"All in One SEO (AIOSEO) 4.9.10\" \/>\n\t\t<meta property=\"og:locale\" content=\"pt_BR\" \/>\n\t\t<meta property=\"og:site_name\" content=\"News In Foco - Editado por Caio Pimenta - O principal site de noticias de Alagoinhas e regi\u00e3o\" \/>\n\t\t<meta property=\"og:type\" content=\"article\" \/>\n\t\t<meta property=\"og:title\" content=\"Prefeitura realiza a 1\u00aa Confer\u00eancia de Desenvolvimento Rural Sustent\u00e1vel de Alagoinhas - News In Foco - Editado por Caio Pimenta\" \/>\n\t\t<meta property=\"og:description\" content=\"Com o objetivo de debater e construir pol\u00edticas p\u00fablicas voltadas ao fortalecimento para o campo, a Prefeitura de Alagoinhas, por meio da Secretaria Municipal de Desenvolvimento Rural e Meio Ambiente (SDRA), promoveu, nesta ter\u00e7a-feira, 02, no audit\u00f3rio da SDRA, a 1\u00aa Confer\u00eancia Municipal de Desenvolvimento Rural Sustent\u00e1vel. Com o tema \u201cBrasil Rural: raiz da vida,\" \/>\n\t\t<meta property=\"og:url\" content=\"https:\/\/newsinfoco.com.br\/inicio\/prefeitura-realiza-a-1a-conferencia-de-desenvolvimento-rural-sustentavel-de-alagoinhas\/\" \/>\n\t\t<meta property=\"article:published_time\" content=\"2025-09-02T15:41:03+00:00\" \/>\n\t\t<meta property=\"article:modified_time\" content=\"2025-09-02T15:41:03+00:00\" \/>\n\t\t<meta name=\"twitter:card\" content=\"summary_large_image\" \/>\n\t\t<meta name=\"twitter:title\" content=\"Prefeitura realiza a 1\u00aa Confer\u00eancia de Desenvolvimento Rural Sustent\u00e1vel de Alagoinhas - News In Foco - Editado por Caio Pimenta\" \/>\n\t\t<meta name=\"twitter:description\" content=\"Com o objetivo de debater e construir pol\u00edticas p\u00fablicas voltadas ao fortalecimento para o campo, a Prefeitura de Alagoinhas, por meio da Secretaria Municipal de Desenvolvimento Rural e Meio Ambiente (SDRA), promoveu, nesta ter\u00e7a-feira, 02, no audit\u00f3rio da SDRA, a 1\u00aa Confer\u00eancia Municipal de Desenvolvimento Rural Sustent\u00e1vel. Com o tema \u201cBrasil Rural: raiz da vida,\" \/>\n\t\t<script type=\"application\/ld+json\" class=\"aioseo-schema\">\n\t\t\t{\"@context\":\"https:\\\/\\\/schema.org\",\"@graph\":[{\"@type\":\"BlogPosting\",\"@id\":\"https:\\\/\\\/newsinfoco.com.br\\\/inicio\\\/prefeitura-realiza-a-1a-conferencia-de-desenvolvimento-rural-sustentavel-de-alagoinhas\\\/#blogposting\",\"name\":\"Prefeitura realiza a 1\\u00aa Confer\\u00eancia de Desenvolvimento Rural Sustent\\u00e1vel de Alagoinhas - News In Foco - Editado por Caio Pimenta\",\"headline\":\"Prefeitura realiza a 1\\u00aa Confer\\u00eancia de Desenvolvimento Rural Sustent\\u00e1vel de Alagoinhas\",\"author\":{\"@id\":\"https:\\\/\\\/newsinfoco.com.br\\\/inicio\\\/author\\\/administrador\\\/#author\"},\"publisher\":{\"@id\":\"https:\\\/\\\/newsinfoco.com.br\\\/inicio\\\/#organization\"},\"image\":{\"@type\":\"ImageObject\",\"url\":\"https:\\\/\\\/newsinfoco.com.br\\\/inicio\\\/wp-content\\\/uploads\\\/2025\\\/09\\\/b559051e-1d57-4ace-befb-3f3b0eb0969e.jpg\",\"width\":1441,\"height\":974},\"datePublished\":\"2025-09-02T12:41:03-03:00\",\"dateModified\":\"2025-09-02T12:41:03-03:00\",\"inLanguage\":\"pt-BR\",\"mainEntityOfPage\":{\"@id\":\"https:\\\/\\\/newsinfoco.com.br\\\/inicio\\\/prefeitura-realiza-a-1a-conferencia-de-desenvolvimento-rural-sustentavel-de-alagoinhas\\\/#webpage\"},\"isPartOf\":{\"@id\":\"https:\\\/\\\/newsinfoco.com.br\\\/inicio\\\/prefeitura-realiza-a-1a-conferencia-de-desenvolvimento-rural-sustentavel-de-alagoinhas\\\/#webpage\"},\"articleSection\":\"Alagoinhas e Regi\\u00e3o, Manchete\"},{\"@type\":\"BreadcrumbList\",\"@id\":\"https:\\\/\\\/newsinfoco.com.br\\\/inicio\\\/prefeitura-realiza-a-1a-conferencia-de-desenvolvimento-rural-sustentavel-de-alagoinhas\\\/#breadcrumblist\",\"itemListElement\":[{\"@type\":\"ListItem\",\"@id\":\"https:\\\/\\\/newsinfoco.com.br\\\/inicio#listItem\",\"position\":1,\"name\":\"In\\u00edcio\",\"item\":\"https:\\\/\\\/newsinfoco.com.br\\\/inicio\",\"nextItem\":{\"@type\":\"ListItem\",\"@id\":\"https:\\\/\\\/newsinfoco.com.br\\\/inicio\\\/category\\\/alagoinhas-e-regiao\\\/#listItem\",\"name\":\"Alagoinhas e Regi\\u00e3o\"}},{\"@type\":\"ListItem\",\"@id\":\"https:\\\/\\\/newsinfoco.com.br\\\/inicio\\\/category\\\/alagoinhas-e-regiao\\\/#listItem\",\"position\":2,\"name\":\"Alagoinhas e Regi\\u00e3o\",\"item\":\"https:\\\/\\\/newsinfoco.com.br\\\/inicio\\\/category\\\/alagoinhas-e-regiao\\\/\",\"nextItem\":{\"@type\":\"ListItem\",\"@id\":\"https:\\\/\\\/newsinfoco.com.br\\\/inicio\\\/prefeitura-realiza-a-1a-conferencia-de-desenvolvimento-rural-sustentavel-de-alagoinhas\\\/#listItem\",\"name\":\"Prefeitura realiza a 1\\u00aa Confer\\u00eancia de Desenvolvimento Rural Sustent\\u00e1vel de Alagoinhas\"},\"previousItem\":{\"@type\":\"ListItem\",\"@id\":\"https:\\\/\\\/newsinfoco.com.br\\\/inicio#listItem\",\"name\":\"In\\u00edcio\"}},{\"@type\":\"ListItem\",\"@id\":\"https:\\\/\\\/newsinfoco.com.br\\\/inicio\\\/prefeitura-realiza-a-1a-conferencia-de-desenvolvimento-rural-sustentavel-de-alagoinhas\\\/#listItem\",\"position\":3,\"name\":\"Prefeitura realiza a 1\\u00aa Confer\\u00eancia de Desenvolvimento Rural Sustent\\u00e1vel de Alagoinhas\",\"previousItem\":{\"@type\":\"ListItem\",\"@id\":\"https:\\\/\\\/newsinfoco.com.br\\\/inicio\\\/category\\\/alagoinhas-e-regiao\\\/#listItem\",\"name\":\"Alagoinhas e Regi\\u00e3o\"}}]},{\"@type\":\"Organization\",\"@id\":\"https:\\\/\\\/newsinfoco.com.br\\\/inicio\\\/#organization\",\"name\":\"News In Foco - Editado por Caio Pimenta\",\"description\":\"O principal site de noticias de Alagoinhas e regi\\u00e3o\",\"url\":\"https:\\\/\\\/newsinfoco.com.br\\\/inicio\\\/\"},{\"@type\":\"Person\",\"@id\":\"https:\\\/\\\/newsinfoco.com.br\\\/inicio\\\/author\\\/administrador\\\/#author\",\"url\":\"https:\\\/\\\/newsinfoco.com.br\\\/inicio\\\/author\\\/administrador\\\/\",\"name\":\"administrador\",\"image\":{\"@type\":\"ImageObject\",\"@id\":\"https:\\\/\\\/newsinfoco.com.br\\\/inicio\\\/prefeitura-realiza-a-1a-conferencia-de-desenvolvimento-rural-sustentavel-de-alagoinhas\\\/#authorImage\",\"url\":\"https:\\\/\\\/secure.gravatar.com\\\/avatar\\\/c17a617433de8c1dc9584bb79aab7563b46f5bb7e1728c9b17d9cc3ce6a08e49?s=96&d=mm&r=g\",\"width\":96,\"height\":96,\"caption\":\"administrador\"}},{\"@type\":\"WebPage\",\"@id\":\"https:\\\/\\\/newsinfoco.com.br\\\/inicio\\\/prefeitura-realiza-a-1a-conferencia-de-desenvolvimento-rural-sustentavel-de-alagoinhas\\\/#webpage\",\"url\":\"https:\\\/\\\/newsinfoco.com.br\\\/inicio\\\/prefeitura-realiza-a-1a-conferencia-de-desenvolvimento-rural-sustentavel-de-alagoinhas\\\/\",\"name\":\"Prefeitura realiza a 1\\u00aa Confer\\u00eancia de Desenvolvimento Rural Sustent\\u00e1vel de Alagoinhas - News In Foco - Editado por Caio Pimenta\",\"description\":\"Com o objetivo de debater e construir pol\\u00edticas p\\u00fablicas voltadas ao fortalecimento para o campo, a Prefeitura de Alagoinhas, por meio da Secretaria Municipal de Desenvolvimento Rural e Meio Ambiente (SDRA), promoveu, nesta ter\\u00e7a-feira, 02, no audit\\u00f3rio da SDRA, a 1\\u00aa Confer\\u00eancia Municipal de Desenvolvimento Rural Sustent\\u00e1vel. Com o tema \\u201cBrasil Rural: raiz da vida,\",\"inLanguage\":\"pt-BR\",\"isPartOf\":{\"@id\":\"https:\\\/\\\/newsinfoco.com.br\\\/inicio\\\/#website\"},\"breadcrumb\":{\"@id\":\"https:\\\/\\\/newsinfoco.com.br\\\/inicio\\\/prefeitura-realiza-a-1a-conferencia-de-desenvolvimento-rural-sustentavel-de-alagoinhas\\\/#breadcrumblist\"},\"author\":{\"@id\":\"https:\\\/\\\/newsinfoco.com.br\\\/inicio\\\/author\\\/administrador\\\/#author\"},\"creator\":{\"@id\":\"https:\\\/\\\/newsinfoco.com.br\\\/inicio\\\/author\\\/administrador\\\/#author\"},\"image\":{\"@type\":\"ImageObject\",\"url\":\"https:\\\/\\\/newsinfoco.com.br\\\/inicio\\\/wp-content\\\/uploads\\\/2025\\\/09\\\/b559051e-1d57-4ace-befb-3f3b0eb0969e.jpg\",\"@id\":\"https:\\\/\\\/newsinfoco.com.br\\\/inicio\\\/prefeitura-realiza-a-1a-conferencia-de-desenvolvimento-rural-sustentavel-de-alagoinhas\\\/#mainImage\",\"width\":1441,\"height\":974},\"primaryImageOfPage\":{\"@id\":\"https:\\\/\\\/newsinfoco.com.br\\\/inicio\\\/prefeitura-realiza-a-1a-conferencia-de-desenvolvimento-rural-sustentavel-de-alagoinhas\\\/#mainImage\"},\"datePublished\":\"2025-09-02T12:41:03-03:00\",\"dateModified\":\"2025-09-02T12:41:03-03:00\"},{\"@type\":\"WebSite\",\"@id\":\"https:\\\/\\\/newsinfoco.com.br\\\/inicio\\\/#website\",\"url\":\"https:\\\/\\\/newsinfoco.com.br\\\/inicio\\\/\",\"name\":\"News In Foco - Editado por Caio Pimenta\",\"description\":\"O principal site de noticias de Alagoinhas e regi\\u00e3o\",\"inLanguage\":\"pt-BR\",\"publisher\":{\"@id\":\"https:\\\/\\\/newsinfoco.com.br\\\/inicio\\\/#organization\"}}]}\n\t\t<\/script>\n\t\t<!-- All in One SEO -->\n\n","aioseo_head_json":{"title":"Prefeitura realiza a 1\u00aa Confer\u00eancia de Desenvolvimento Rural Sustent\u00e1vel de Alagoinhas - News In Foco - Editado por Caio Pimenta","description":"Com o objetivo de debater e construir pol\u00edticas p\u00fablicas voltadas ao fortalecimento para o campo, a Prefeitura de Alagoinhas, por meio da Secretaria Municipal de Desenvolvimento Rural e Meio Ambiente (SDRA), promoveu, nesta ter\u00e7a-feira, 02, no audit\u00f3rio da SDRA, a 1\u00aa Confer\u00eancia Municipal de Desenvolvimento Rural Sustent\u00e1vel. Com o tema \u201cBrasil Rural: raiz da vida,","canonical_url":"https:\/\/newsinfoco.com.br\/inicio\/prefeitura-realiza-a-1a-conferencia-de-desenvolvimento-rural-sustentavel-de-alagoinhas\/","robots":"max-image-preview:large","keywords":"","webmasterTools":{"miscellaneous":""},"schema":{"@context":"https:\/\/schema.org","@graph":[{"@type":"BlogPosting","@id":"https:\/\/newsinfoco.com.br\/inicio\/prefeitura-realiza-a-1a-conferencia-de-desenvolvimento-rural-sustentavel-de-alagoinhas\/#blogposting","name":"Prefeitura realiza a 1\u00aa Confer\u00eancia de Desenvolvimento Rural Sustent\u00e1vel de Alagoinhas - News In Foco - Editado por Caio Pimenta","headline":"Prefeitura realiza a 1\u00aa Confer\u00eancia de Desenvolvimento Rural Sustent\u00e1vel de Alagoinhas","author":{"@id":"https:\/\/newsinfoco.com.br\/inicio\/author\/administrador\/#author"},"publisher":{"@id":"https:\/\/newsinfoco.com.br\/inicio\/#organization"},"image":{"@type":"ImageObject","url":"https:\/\/newsinfoco.com.br\/inicio\/wp-content\/uploads\/2025\/09\/b559051e-1d57-4ace-befb-3f3b0eb0969e.jpg","width":1441,"height":974},"datePublished":"2025-09-02T12:41:03-03:00","dateModified":"2025-09-02T12:41:03-03:00","inLanguage":"pt-BR","mainEntityOfPage":{"@id":"https:\/\/newsinfoco.com.br\/inicio\/prefeitura-realiza-a-1a-conferencia-de-desenvolvimento-rural-sustentavel-de-alagoinhas\/#webpage"},"isPartOf":{"@id":"https:\/\/newsinfoco.com.br\/inicio\/prefeitura-realiza-a-1a-conferencia-de-desenvolvimento-rural-sustentavel-de-alagoinhas\/#webpage"},"articleSection":"Alagoinhas e Regi\u00e3o, Manchete"},{"@type":"BreadcrumbList","@id":"https:\/\/newsinfoco.com.br\/inicio\/prefeitura-realiza-a-1a-conferencia-de-desenvolvimento-rural-sustentavel-de-alagoinhas\/#breadcrumblist","itemListElement":[{"@type":"ListItem","@id":"https:\/\/newsinfoco.com.br\/inicio#listItem","position":1,"name":"In\u00edcio","item":"https:\/\/newsinfoco.com.br\/inicio","nextItem":{"@type":"ListItem","@id":"https:\/\/newsinfoco.com.br\/inicio\/category\/alagoinhas-e-regiao\/#listItem","name":"Alagoinhas e Regi\u00e3o"}},{"@type":"ListItem","@id":"https:\/\/newsinfoco.com.br\/inicio\/category\/alagoinhas-e-regiao\/#listItem","position":2,"name":"Alagoinhas e Regi\u00e3o","item":"https:\/\/newsinfoco.com.br\/inicio\/category\/alagoinhas-e-regiao\/","nextItem":{"@type":"ListItem","@id":"https:\/\/newsinfoco.com.br\/inicio\/prefeitura-realiza-a-1a-conferencia-de-desenvolvimento-rural-sustentavel-de-alagoinhas\/#listItem","name":"Prefeitura realiza a 1\u00aa Confer\u00eancia de Desenvolvimento Rural Sustent\u00e1vel de Alagoinhas"},"previousItem":{"@type":"ListItem","@id":"https:\/\/newsinfoco.com.br\/inicio#listItem","name":"In\u00edcio"}},{"@type":"ListItem","@id":"https:\/\/newsinfoco.com.br\/inicio\/prefeitura-realiza-a-1a-conferencia-de-desenvolvimento-rural-sustentavel-de-alagoinhas\/#listItem","position":3,"name":"Prefeitura realiza a 1\u00aa Confer\u00eancia de Desenvolvimento Rural Sustent\u00e1vel de Alagoinhas","previousItem":{"@type":"ListItem","@id":"https:\/\/newsinfoco.com.br\/inicio\/category\/alagoinhas-e-regiao\/#listItem","name":"Alagoinhas e Regi\u00e3o"}}]},{"@type":"Organization","@id":"https:\/\/newsinfoco.com.br\/inicio\/#organization","name":"News In Foco - Editado por Caio Pimenta","description":"O principal site de noticias de Alagoinhas e regi\u00e3o","url":"https:\/\/newsinfoco.com.br\/inicio\/"},{"@type":"Person","@id":"https:\/\/newsinfoco.com.br\/inicio\/author\/administrador\/#author","url":"https:\/\/newsinfoco.com.br\/inicio\/author\/administrador\/","name":"administrador","image":{"@type":"ImageObject","@id":"https:\/\/newsinfoco.com.br\/inicio\/prefeitura-realiza-a-1a-conferencia-de-desenvolvimento-rural-sustentavel-de-alagoinhas\/#authorImage","url":"https:\/\/secure.gravatar.com\/avatar\/c17a617433de8c1dc9584bb79aab7563b46f5bb7e1728c9b17d9cc3ce6a08e49?s=96&d=mm&r=g","width":96,"height":96,"caption":"administrador"}},{"@type":"WebPage","@id":"https:\/\/newsinfoco.com.br\/inicio\/prefeitura-realiza-a-1a-conferencia-de-desenvolvimento-rural-sustentavel-de-alagoinhas\/#webpage","url":"https:\/\/newsinfoco.com.br\/inicio\/prefeitura-realiza-a-1a-conferencia-de-desenvolvimento-rural-sustentavel-de-alagoinhas\/","name":"Prefeitura realiza a 1\u00aa Confer\u00eancia de Desenvolvimento Rural Sustent\u00e1vel de Alagoinhas - News In Foco - Editado por Caio Pimenta","description":"Com o objetivo de debater e construir pol\u00edticas p\u00fablicas voltadas ao fortalecimento para o campo, a Prefeitura de Alagoinhas, por meio da Secretaria Municipal de Desenvolvimento Rural e Meio Ambiente (SDRA), promoveu, nesta ter\u00e7a-feira, 02, no audit\u00f3rio da SDRA, a 1\u00aa Confer\u00eancia Municipal de Desenvolvimento Rural Sustent\u00e1vel. Com o tema \u201cBrasil Rural: raiz da vida,","inLanguage":"pt-BR","isPartOf":{"@id":"https:\/\/newsinfoco.com.br\/inicio\/#website"},"breadcrumb":{"@id":"https:\/\/newsinfoco.com.br\/inicio\/prefeitura-realiza-a-1a-conferencia-de-desenvolvimento-rural-sustentavel-de-alagoinhas\/#breadcrumblist"},"author":{"@id":"https:\/\/newsinfoco.com.br\/inicio\/author\/administrador\/#author"},"creator":{"@id":"https:\/\/newsinfoco.com.br\/inicio\/author\/administrador\/#author"},"image":{"@type":"ImageObject","url":"https:\/\/newsinfoco.com.br\/inicio\/wp-content\/uploads\/2025\/09\/b559051e-1d57-4ace-befb-3f3b0eb0969e.jpg","@id":"https:\/\/newsinfoco.com.br\/inicio\/prefeitura-realiza-a-1a-conferencia-de-desenvolvimento-rural-sustentavel-de-alagoinhas\/#mainImage","width":1441,"height":974},"primaryImageOfPage":{"@id":"https:\/\/newsinfoco.com.br\/inicio\/prefeitura-realiza-a-1a-conferencia-de-desenvolvimento-rural-sustentavel-de-alagoinhas\/#mainImage"},"datePublished":"2025-09-02T12:41:03-03:00","dateModified":"2025-09-02T12:41:03-03:00"},{"@type":"WebSite","@id":"https:\/\/newsinfoco.com.br\/inicio\/#website","url":"https:\/\/newsinfoco.com.br\/inicio\/","name":"News In Foco - Editado por Caio Pimenta","description":"O principal site de noticias de Alagoinhas e regi\u00e3o","inLanguage":"pt-BR","publisher":{"@id":"https:\/\/newsinfoco.com.br\/inicio\/#organization"}}]},"og:locale":"pt_BR","og:site_name":"News In Foco - Editado por Caio Pimenta - O principal site de noticias de Alagoinhas e regi\u00e3o","og:type":"article","og:title":"Prefeitura realiza a 1\u00aa Confer\u00eancia de Desenvolvimento Rural Sustent\u00e1vel de Alagoinhas - News In Foco - Editado por Caio Pimenta","og:description":"Com o objetivo de debater e construir pol\u00edticas p\u00fablicas voltadas ao fortalecimento para o campo, a Prefeitura de Alagoinhas, por meio da Secretaria Municipal de Desenvolvimento Rural e Meio Ambiente (SDRA), promoveu, nesta ter\u00e7a-feira, 02, no audit\u00f3rio da SDRA, a 1\u00aa Confer\u00eancia Municipal de Desenvolvimento Rural Sustent\u00e1vel. Com o tema \u201cBrasil Rural: raiz da vida,","og:url":"https:\/\/newsinfoco.com.br\/inicio\/prefeitura-realiza-a-1a-conferencia-de-desenvolvimento-rural-sustentavel-de-alagoinhas\/","article:published_time":"2025-09-02T15:41:03+00:00","article:modified_time":"2025-09-02T15:41:03+00:00","twitter:card":"summary_large_image","twitter:title":"Prefeitura realiza a 1\u00aa Confer\u00eancia de Desenvolvimento Rural Sustent\u00e1vel de Alagoinhas - News In Foco - Editado por Caio Pimenta","twitter:description":"Com o objetivo de debater e construir pol\u00edticas p\u00fablicas voltadas ao fortalecimento para o campo, a Prefeitura de Alagoinhas, por meio da Secretaria Municipal de Desenvolvimento Rural e Meio Ambiente (SDRA), promoveu, nesta ter\u00e7a-feira, 02, no audit\u00f3rio da SDRA, a 1\u00aa Confer\u00eancia Municipal de Desenvolvimento Rural Sustent\u00e1vel. Com o tema \u201cBrasil Rural: raiz da vida,"},"aioseo_meta_data":{"post_id":"44924","title":null,"description":null,"keywords":null,"keyphrases":{"focus":{"keyphrase":"","score":0,"analysis":{"keyphraseInTitle":{"score":0,"maxScore":9,"error":1}}},"additional":[]},"primary_term":null,"canonical_url":null,"og_title":null,"og_description":null,"og_object_type":"default","og_image_type":"default","og_image_url":null,"og_image_width":null,"og_image_height":null,"og_image_custom_url":null,"og_image_custom_fields":null,"og_video":"","og_custom_url":null,"og_article_section":null,"og_article_tags":null,"twitter_use_og":false,"twitter_card":"default","twitter_image_type":"default","twitter_image_url":null,"twitter_image_custom_url":null,"twitter_image_custom_fields":null,"twitter_title":null,"twitter_description":null,"schema":{"blockGraphs":[],"customGraphs":[],"default":{"data":{"Article":[],"Course":[],"Dataset":[],"FAQPage":[],"Movie":[],"Person":[],"Product":[],"ProductReview":[],"Car":[],"Recipe":[],"Service":[],"SoftwareApplication":[],"WebPage":[]},"graphName":"BlogPosting","isEnabled":true},"graphs":[]},"schema_type":"default","schema_type_options":null,"pillar_content":false,"robots_default":true,"robots_noindex":false,"robots_noarchive":false,"robots_nosnippet":false,"robots_nofollow":false,"robots_noimageindex":false,"robots_noodp":false,"robots_notranslate":false,"robots_max_snippet":"-1","robots_max_videopreview":"-1","robots_max_imagepreview":"large","priority":null,"frequency":"default","local_seo":null,"breadcrumb_settings":null,"limit_modified_date":false,"ai":{"faqs":[],"keyPoints":[],"titles":[],"descriptions":[],"socialPosts":{"email":[],"linkedin":[],"twitter":[],"facebook":[],"instagram":[]}},"created":"2025-09-02 15:41:03","updated":"2025-09-02 15:51:52","seo_analyzer_scan_date":null},"aioseo_breadcrumb":"<div class=\"aioseo-breadcrumbs\"><span class=\"aioseo-breadcrumb\">\n\t\t\t<a href=\"https:\/\/newsinfoco.com.br\/inicio\" title=\"In\u00edcio\">In\u00edcio<\/a>\n\t\t<\/span><span class=\"aioseo-breadcrumb-separator\">&raquo;<\/span><span class=\"aioseo-breadcrumb\">\n\t\t\t<a href=\"https:\/\/newsinfoco.com.br\/inicio\/category\/alagoinhas-e-regiao\/\" title=\"Alagoinhas e Regi\u00e3o\">Alagoinhas e Regi\u00e3o<\/a>\n\t\t<\/span><span class=\"aioseo-breadcrumb-separator\">&raquo;<\/span><span class=\"aioseo-breadcrumb\">\n\t\t\tPrefeitura realiza a 1\u00aa Confer\u00eancia de Desenvolvimento Rural Sustent\u00e1vel de Alagoinhas\n\t\t<\/span><\/div>","aioseo_breadcrumb_json":[{"label":"In\u00edcio","link":"https:\/\/newsinfoco.com.br\/inicio"},{"label":"Alagoinhas e Regi\u00e3o","link":"https:\/\/newsinfoco.com.br\/inicio\/category\/alagoinhas-e-regiao\/"},{"label":"Prefeitura realiza a 1\u00aa Confer\u00eancia de Desenvolvimento Rural Sustent\u00e1vel de Alagoinhas","link":"https:\/\/newsinfoco.com.br\/inicio\/prefeitura-realiza-a-1a-conferencia-de-desenvolvimento-rural-sustentavel-de-alagoinhas\/"}],"_links":{"self":[{"href":"https:\/\/newsinfoco.com.br\/inicio\/wp-json\/wp\/v2\/posts\/44924","targetHints":{"allow":["GET"]}}],"collection":[{"href":"https:\/\/newsinfoco.com.br\/inicio\/wp-json\/wp\/v2\/posts"}],"about":[{"href":"https:\/\/newsinfoco.com.br\/inicio\/wp-json\/wp\/v2\/types\/post"}],"author":[{"embeddable":true,"href":"https:\/\/newsinfoco.com.br\/inicio\/wp-json\/wp\/v2\/users\/1"}],"replies":[{"embeddable":true,"href":"https:\/\/newsinfoco.com.br\/inicio\/wp-json\/wp\/v2\/comments?post=44924"}],"version-history":[{"count":1,"href":"https:\/\/newsinfoco.com.br\/inicio\/wp-json\/wp\/v2\/posts\/44924\/revisions"}],"predecessor-version":[{"id":44926,"href":"https:\/\/newsinfoco.com.br\/inicio\/wp-json\/wp\/v2\/posts\/44924\/revisions\/44926"}],"wp:featuredmedia":[{"embeddable":true,"href":"https:\/\/newsinfoco.com.br\/inicio\/wp-json\/wp\/v2\/media\/44925"}],"wp:attachment":[{"href":"https:\/\/newsinfoco.com.br\/inicio\/wp-json\/wp\/v2\/media?parent=44924"}],"wp:term":[{"taxonomy":"category","embeddable":true,"href":"https:\/\/newsinfoco.com.br\/inicio\/wp-json\/wp\/v2\/categories?post=44924"},{"taxonomy":"post_tag","embeddable":true,"href":"https:\/\/newsinfoco.com.br\/inicio\/wp-json\/wp\/v2\/tags?post=44924"}],"curies":[{"name":"wp","href":"https:\/\/api.w.org\/{rel}","templated":true}]}}