{"id":4493,"date":"2018-05-29T19:53:37","date_gmt":"2018-05-29T22:53:37","guid":{"rendered":"http:\/\/newsinfoco.com.br\/?p=4493"},"modified":"2018-05-29T19:53:37","modified_gmt":"2018-05-29T22:53:37","slug":"saae-reforca-necessidade-da-economia-de-agua-durante-paralisacao-dos-caminhoneiros","status":"publish","type":"post","link":"https:\/\/newsinfoco.com.br\/inicio\/saae-reforca-necessidade-da-economia-de-agua-durante-paralisacao-dos-caminhoneiros\/","title":{"rendered":"SAAE refor\u00e7a necessidade da economia de \u00e1gua durante paralisa\u00e7\u00e3o dos caminhoneiros"},"content":{"rendered":"<p style=\"text-align: justify;\"><span style=\"color: #000000;\">O Servi\u00e7o Aut\u00f4nomo de \u00c1gua e Esgoto (SAAE) Alagoinhas informa que, apesar da paralisa\u00e7\u00e3o dos caminhoneiros ter entrado em sua segunda semana, a autarquia tem trabalhado com planejamento para assegurar o abastecimento.<\/span><\/p>\n<p style=\"text-align: justify;\"><span style=\"color: #000000;\">A autarquia refor\u00e7a que o tratamento e distribui\u00e7\u00e3o n\u00e3o est\u00e3o afetados, mas afirma que os usu\u00e1rios precisam economizar \u00e1gua, uma vez que n\u00e3o se sabe at\u00e9 quando permanecer\u00e3o os bloqueios nas estradas e a escassez de combust\u00edvel.<\/span><\/p><div class=\"newsi-conteudo_19\" id=\"newsi-524960046\"><a href=\"https:\/\/www.instagram.com\/prefeituraalagoinhas?igsh=YzgzdDJ1bWR3aWI4\" aria-label=\"SAVE_20251006_221555\"><img loading=\"lazy\" decoding=\"async\" src=\"https:\/\/newsinfoco.com.br\/inicio\/wp-content\/uploads\/2025\/10\/SAVE_20251006_221555-rotated.jpg\" alt=\"\"  srcset=\"https:\/\/newsinfoco.com.br\/inicio\/wp-content\/uploads\/2025\/10\/SAVE_20251006_221555-rotated.jpg 1140w, https:\/\/newsinfoco.com.br\/inicio\/wp-content\/uploads\/2025\/10\/SAVE_20251006_221555-300x52.jpg 300w, https:\/\/newsinfoco.com.br\/inicio\/wp-content\/uploads\/2025\/10\/SAVE_20251006_221555-1024x177.jpg 1024w, https:\/\/newsinfoco.com.br\/inicio\/wp-content\/uploads\/2025\/10\/SAVE_20251006_221555-768x133.jpg 768w, https:\/\/newsinfoco.com.br\/inicio\/wp-content\/uploads\/2025\/10\/SAVE_20251006_221555-600x104.jpg 600w, https:\/\/newsinfoco.com.br\/inicio\/wp-content\/uploads\/2025\/10\/SAVE_20251006_221555-696x120.jpg 696w, https:\/\/newsinfoco.com.br\/inicio\/wp-content\/uploads\/2025\/10\/SAVE_20251006_221555-1068x185.jpg 1068w\" sizes=\"(max-width: 1140px) 100vw, 1140px\" width=\"1140\" height=\"197\"   \/><\/a><\/div>\n<p style=\"text-align: justify;\"><span style=\"color: #000000;\">Vale ressaltar que, como medida preventiva, apenas os servi\u00e7os emergenciais est\u00e3o sendo priorizados. O SAAE pede a compreens\u00e3o de todos os usu\u00e1rios no racionamento de \u00e1gua e garante que suas equipes est\u00e3o empenhadas em fazer com que a popula\u00e7\u00e3o tenha um servi\u00e7o prestado como deve ser: com o m\u00e1ximo de respeito e qualidade poss\u00edvel.<\/span><\/p>\n<p style=\"text-align: justify;\"><span style=\"color: #000000;\">A Prefeitura Municipal de Alagoinhas (PMA) instaurou, no s\u00e1bado (26), a Comiss\u00e3o de Gerenciamento da Crise. A comiss\u00e3o foi montada com o objetivo de monitorar, avaliar e, sobretudo, dar celeridade \u00e0s medidas emergenciais j\u00e1 em andamento para redu\u00e7\u00e3o dos impactos da paralisa\u00e7\u00e3o.<\/span><br \/>\n<span style=\"color: #000000;\"><strong>ASCOM<\/strong><\/span><br \/>\n<span style=\"color: #000000;\">Servi\u00e7o Aut\u00f4nomo de \u00c1gua e Esgoto \u2013 SAAE Alagoinhas<\/span><br \/>\n<span style=\"color: #000000;\">E-mail: ascom.saae@alagoinhas.ba.gov.br<\/span><br \/>\n<span style=\"color: #000000;\">Telefone: (75) 31826031<\/span><\/p>\n<p style=\"text-align: justify;\"><span style=\"color: #000000;\"><strong>Redes Sociais<\/strong><\/span><br \/>\n<span style=\"color: #000000;\">Facebook:\u00a0www.facebook.com\/saaedealagoinhas<\/span><br \/>\n<span style=\"color: #000000;\">Instagram:\u00a0www.instagram.com\/saaealagoinhas<\/span><br \/>\n<span style=\"color: #000000;\">Site:\u00a0www.saae.alagoinhas.ba.gov.br<\/span><\/p>\n<h6 style=\"text-align: right;\"><span style=\"color: #999999;\">Fonte: SECOM SAAE\u00a0<\/span><\/h6>\n<div style=\"text-align: justify;\" align=\"right\"><\/div>\n<div class='share-to-whatsapp-wrapper'><div class='share-on-whsp'>Share on: <\/div><a data-text='SAAE refor\u00e7a necessidade da economia de \u00e1gua durante paralisa\u00e7\u00e3o dos caminhoneiros' data-link='https:\/\/newsinfoco.com.br\/inicio\/saae-reforca-necessidade-da-economia-de-agua-durante-paralisacao-dos-caminhoneiros\/' class='whatsapp-button whatsapp-share'>WhatsApp<\/a><div class='clear '><\/div><\/div>","protected":false},"excerpt":{"rendered":"<p>O Servi\u00e7o Aut\u00f4nomo de \u00c1gua e Esgoto (SAAE) Alagoinhas informa que, apesar da paralisa\u00e7\u00e3o dos caminhoneiros ter entrado em sua segunda semana, a autarquia tem trabalhado com planejamento para assegurar o abastecimento. A autarquia refor\u00e7a que o tratamento e distribui\u00e7\u00e3o n\u00e3o est\u00e3o afetados, mas afirma que os usu\u00e1rios precisam economizar \u00e1gua, uma vez que n\u00e3o [&hellip;]<\/p>\n","protected":false},"author":1,"featured_media":4494,"comment_status":"open","ping_status":"open","sticky":false,"template":"","format":"standard","meta":{"om_disable_all_campaigns":false,"_exactmetrics_skip_tracking":false,"_exactmetrics_sitenote_active":false,"_exactmetrics_sitenote_note":"","_exactmetrics_sitenote_category":0,"footnotes":""},"categories":[38,30],"tags":[53,54,55],"class_list":["post-4493","post","type-post","status-publish","format-standard","has-post-thumbnail","hentry","category-alagoinhas-e-regiao","category-destaque","tag-alagoinhas","tag-prefeitura","tag-saae"],"aioseo_notices":[],"_links":{"self":[{"href":"https:\/\/newsinfoco.com.br\/inicio\/wp-json\/wp\/v2\/posts\/4493","targetHints":{"allow":["GET"]}}],"collection":[{"href":"https:\/\/newsinfoco.com.br\/inicio\/wp-json\/wp\/v2\/posts"}],"about":[{"href":"https:\/\/newsinfoco.com.br\/inicio\/wp-json\/wp\/v2\/types\/post"}],"author":[{"embeddable":true,"href":"https:\/\/newsinfoco.com.br\/inicio\/wp-json\/wp\/v2\/users\/1"}],"replies":[{"embeddable":true,"href":"https:\/\/newsinfoco.com.br\/inicio\/wp-json\/wp\/v2\/comments?post=4493"}],"version-history":[{"count":0,"href":"https:\/\/newsinfoco.com.br\/inicio\/wp-json\/wp\/v2\/posts\/4493\/revisions"}],"wp:featuredmedia":[{"embeddable":true,"href":"https:\/\/newsinfoco.com.br\/inicio\/wp-json\/wp\/v2\/media\/4494"}],"wp:attachment":[{"href":"https:\/\/newsinfoco.com.br\/inicio\/wp-json\/wp\/v2\/media?parent=4493"}],"wp:term":[{"taxonomy":"category","embeddable":true,"href":"https:\/\/newsinfoco.com.br\/inicio\/wp-json\/wp\/v2\/categories?post=4493"},{"taxonomy":"post_tag","embeddable":true,"href":"https:\/\/newsinfoco.com.br\/inicio\/wp-json\/wp\/v2\/tags?post=4493"}],"curies":[{"name":"wp","href":"https:\/\/api.w.org\/{rel}","templated":true}]}}