{"id":44940,"date":"2025-09-02T13:10:50","date_gmt":"2025-09-02T16:10:50","guid":{"rendered":"https:\/\/newsinfoco.com.br\/inicio\/?p=44940"},"modified":"2025-09-02T13:10:50","modified_gmt":"2025-09-02T16:10:50","slug":"campanha-de-vacinacao-antirrabica-em-alagoinhas-segue-ate-30-de-setembro","status":"publish","type":"post","link":"https:\/\/newsinfoco.com.br\/inicio\/campanha-de-vacinacao-antirrabica-em-alagoinhas-segue-ate-30-de-setembro\/","title":{"rendered":"Campanha de vacina\u00e7\u00e3o antirr\u00e1bica em Alagoinhas segue at\u00e9 30 de setembro"},"content":{"rendered":"<p>Alagoinhas iniciou, nesta segunda-feira, dia 1\u00ba, a Campanha de Vacina\u00e7\u00e3o Antirr\u00e1bica Animal. A estrat\u00e9gia acontece at\u00e9 o dia 30 de setembro, e estar\u00e1 dispon\u00edvel na Vigil\u00e2ncia em Sa\u00fade e em diversas Unidades de Sa\u00fade, segundo a programa\u00e7\u00e3o da pr\u00f3pria unidade. A campanha \u00e9 a principal atividade de preven\u00e7\u00e3o contra a raiva, uma doen\u00e7a infecciosa viral aguda que acomete os mam\u00edferos de sangue quente, inclusive o homem.<\/p>\n<p>\u201cIniciamos a vacina\u00e7\u00e3o na sede da Vigil\u00e2ncia Epidemiol\u00f3gica, do lado de fora, para atender \u00e0 popula\u00e7\u00e3o animal. A vacina\u00e7\u00e3o \u00e9 a principal forma de preven\u00e7\u00e3o da raiva em humanos e no ciclo urbano. Para os tutores, \u00e9 importante cuidar da sa\u00fade e bem-estar dos seus animais, garantindo a seguran\u00e7a deles por meio da preven\u00e7\u00e3o da doen\u00e7a\u201d, explicou a m\u00e9dica veterin\u00e1ria da Vigil\u00e2ncia Epidemiol\u00f3gica, Andressa Lopes.<\/p>\n<p>A vacina\u00e7\u00e3o tamb\u00e9m est\u00e1 sendo realizada em bairros como Pedro Braga, Barreiro (confira ao final da mat\u00e9ria). O dia D acontecer\u00e1 ser\u00e1 em 13 de setembro, na sede da Vigil\u00e2ncia em Sa\u00fade, na Pra\u00e7a Kennedy, Pra\u00e7a do Barreiro e no Carneir\u00e3o, das 08h \u00e0s 16h.<\/p>\n<p>Para vacinar, o animal de estima\u00e7\u00e3o deve ter mais de tr\u00eas meses de idade, exceto os que estiverem doentes. O respons\u00e1vel deve levar o cart\u00e3o de vacina do animal. Caso n\u00e3o tenha, o cart\u00e3o ser\u00e1 feito na hora. Animais gestantes e lactantes tamb\u00e9m podem ser vacinadas.<br \/>\nConfira a programa\u00e7\u00e3o:<br \/>\nVigil\u00e2ncia em Sa\u00fade: segunda a sexta-feira, de 8h \u00e0s 12h.<br \/>\n02\/09: Condom\u00ednio Ilha de Santorini<br \/>\n03\/09: Anjos de 4 patas<br \/>\n13\/09: Dia D, das 8h \u00e0s 16h<\/p>\n<p>Pontos fixos:<br \/>\nVigil\u00e2ncia em Sa\u00fade<br \/>\nEst\u00e1dio Ant\u00f4nio Carneiro (Carneir\u00e3o)<br \/>\nPra\u00e7a Kennedy<br \/>\nPra\u00e7a Santa Isabel<br \/>\nPra\u00e7a Hugo Dantas (Largo do Barreiro)<\/p>\n<p>Foto: Roberto Fonseca<\/p>\n<div class='share-to-whatsapp-wrapper'><div class='share-on-whsp'>Share on: <\/div><a data-text='Campanha de vacina\u00e7\u00e3o antirr\u00e1bica em Alagoinhas segue at\u00e9 30 de setembro' data-link='https:\/\/newsinfoco.com.br\/inicio\/campanha-de-vacinacao-antirrabica-em-alagoinhas-segue-ate-30-de-setembro\/' class='whatsapp-button whatsapp-share'>WhatsApp<\/a><div class='clear '><\/div><\/div>","protected":false},"excerpt":{"rendered":"<p>Alagoinhas iniciou, nesta segunda-feira, dia 1\u00ba, a Campanha de Vacina\u00e7\u00e3o Antirr\u00e1bica Animal. A estrat\u00e9gia acontece at\u00e9 o dia 30 de setembro, e estar\u00e1 dispon\u00edvel na Vigil\u00e2ncia em Sa\u00fade e em diversas Unidades de Sa\u00fade, segundo a programa\u00e7\u00e3o da pr\u00f3pria unidade. A campanha \u00e9 a principal atividade de preven\u00e7\u00e3o contra a raiva, uma doen\u00e7a infecciosa viral [&hellip;]<\/p>\n","protected":false},"author":1,"featured_media":44943,"comment_status":"closed","ping_status":"closed","sticky":false,"template":"","format":"standard","meta":{"om_disable_all_campaigns":false,"rop_custom_images_group":[],"rop_custom_messages_group":[],"rop_publish_now":"initial","rop_publish_now_accounts":[],"rop_publish_now_history":[],"rop_publish_now_status":"pending","_exactmetrics_skip_tracking":false,"footnotes":""},"categories":[38,167],"tags":[],"class_list":["post-44940","post","type-post","status-publish","format-standard","has-post-thumbnail","hentry","category-alagoinhas-e-regiao","category-exclusivas"],"aioseo_notices":[],"aioseo_head":"\n\t\t<!-- All in One SEO 4.9.10 - aioseo.com -->\n\t<meta name=\"description\" content=\"Alagoinhas iniciou, nesta segunda-feira, dia 1\u00ba, a Campanha de Vacina\u00e7\u00e3o Antirr\u00e1bica Animal. A estrat\u00e9gia acontece at\u00e9 o dia 30 de setembro, e estar\u00e1 dispon\u00edvel na Vigil\u00e2ncia em Sa\u00fade e em diversas Unidades de Sa\u00fade, segundo a programa\u00e7\u00e3o da pr\u00f3pria unidade. A campanha \u00e9 a principal atividade de preven\u00e7\u00e3o contra a raiva, uma doen\u00e7a infecciosa viral\" \/>\n\t<meta name=\"robots\" content=\"max-image-preview:large\" \/>\n\t<meta name=\"author\" content=\"administrador\"\/>\n\t<link rel=\"canonical\" href=\"https:\/\/newsinfoco.com.br\/inicio\/campanha-de-vacinacao-antirrabica-em-alagoinhas-segue-ate-30-de-setembro\/\" \/>\n\t<meta name=\"generator\" content=\"All in One SEO (AIOSEO) 4.9.10\" \/>\n\t\t<meta property=\"og:locale\" content=\"pt_BR\" \/>\n\t\t<meta property=\"og:site_name\" content=\"News In Foco - Editado por Caio Pimenta - O principal site de noticias de Alagoinhas e regi\u00e3o\" \/>\n\t\t<meta property=\"og:type\" content=\"article\" \/>\n\t\t<meta property=\"og:title\" content=\"Campanha de vacina\u00e7\u00e3o antirr\u00e1bica em Alagoinhas segue at\u00e9 30 de setembro - News In Foco - Editado por Caio Pimenta\" \/>\n\t\t<meta property=\"og:description\" content=\"Alagoinhas iniciou, nesta segunda-feira, dia 1\u00ba, a Campanha de Vacina\u00e7\u00e3o Antirr\u00e1bica Animal. A estrat\u00e9gia acontece at\u00e9 o dia 30 de setembro, e estar\u00e1 dispon\u00edvel na Vigil\u00e2ncia em Sa\u00fade e em diversas Unidades de Sa\u00fade, segundo a programa\u00e7\u00e3o da pr\u00f3pria unidade. A campanha \u00e9 a principal atividade de preven\u00e7\u00e3o contra a raiva, uma doen\u00e7a infecciosa viral\" \/>\n\t\t<meta property=\"og:url\" content=\"https:\/\/newsinfoco.com.br\/inicio\/campanha-de-vacinacao-antirrabica-em-alagoinhas-segue-ate-30-de-setembro\/\" \/>\n\t\t<meta property=\"article:published_time\" content=\"2025-09-02T16:10:50+00:00\" \/>\n\t\t<meta property=\"article:modified_time\" content=\"2025-09-02T16:10:50+00:00\" \/>\n\t\t<meta name=\"twitter:card\" content=\"summary_large_image\" \/>\n\t\t<meta name=\"twitter:title\" content=\"Campanha de vacina\u00e7\u00e3o antirr\u00e1bica em Alagoinhas segue at\u00e9 30 de setembro - News In Foco - Editado por Caio Pimenta\" \/>\n\t\t<meta name=\"twitter:description\" content=\"Alagoinhas iniciou, nesta segunda-feira, dia 1\u00ba, a Campanha de Vacina\u00e7\u00e3o Antirr\u00e1bica Animal. A estrat\u00e9gia acontece at\u00e9 o dia 30 de setembro, e estar\u00e1 dispon\u00edvel na Vigil\u00e2ncia em Sa\u00fade e em diversas Unidades de Sa\u00fade, segundo a programa\u00e7\u00e3o da pr\u00f3pria unidade. A campanha \u00e9 a principal atividade de preven\u00e7\u00e3o contra a raiva, uma doen\u00e7a infecciosa viral\" \/>\n\t\t<script type=\"application\/ld+json\" class=\"aioseo-schema\">\n\t\t\t{\"@context\":\"https:\\\/\\\/schema.org\",\"@graph\":[{\"@type\":\"BlogPosting\",\"@id\":\"https:\\\/\\\/newsinfoco.com.br\\\/inicio\\\/campanha-de-vacinacao-antirrabica-em-alagoinhas-segue-ate-30-de-setembro\\\/#blogposting\",\"name\":\"Campanha de vacina\\u00e7\\u00e3o antirr\\u00e1bica em Alagoinhas segue at\\u00e9 30 de setembro - News In Foco - Editado por Caio Pimenta\",\"headline\":\"Campanha de vacina\\u00e7\\u00e3o antirr\\u00e1bica em Alagoinhas segue at\\u00e9 30 de setembro\",\"author\":{\"@id\":\"https:\\\/\\\/newsinfoco.com.br\\\/inicio\\\/author\\\/administrador\\\/#author\"},\"publisher\":{\"@id\":\"https:\\\/\\\/newsinfoco.com.br\\\/inicio\\\/#organization\"},\"image\":{\"@type\":\"ImageObject\",\"url\":\"https:\\\/\\\/newsinfoco.com.br\\\/inicio\\\/wp-content\\\/uploads\\\/2025\\\/09\\\/5f121d55-817f-42d1-b714-b902672d13e3.jpeg\",\"width\":1600,\"height\":1066},\"datePublished\":\"2025-09-02T13:10:50-03:00\",\"dateModified\":\"2025-09-02T13:10:50-03:00\",\"inLanguage\":\"pt-BR\",\"mainEntityOfPage\":{\"@id\":\"https:\\\/\\\/newsinfoco.com.br\\\/inicio\\\/campanha-de-vacinacao-antirrabica-em-alagoinhas-segue-ate-30-de-setembro\\\/#webpage\"},\"isPartOf\":{\"@id\":\"https:\\\/\\\/newsinfoco.com.br\\\/inicio\\\/campanha-de-vacinacao-antirrabica-em-alagoinhas-segue-ate-30-de-setembro\\\/#webpage\"},\"articleSection\":\"Alagoinhas e Regi\\u00e3o, Manchete\"},{\"@type\":\"BreadcrumbList\",\"@id\":\"https:\\\/\\\/newsinfoco.com.br\\\/inicio\\\/campanha-de-vacinacao-antirrabica-em-alagoinhas-segue-ate-30-de-setembro\\\/#breadcrumblist\",\"itemListElement\":[{\"@type\":\"ListItem\",\"@id\":\"https:\\\/\\\/newsinfoco.com.br\\\/inicio#listItem\",\"position\":1,\"name\":\"In\\u00edcio\",\"item\":\"https:\\\/\\\/newsinfoco.com.br\\\/inicio\",\"nextItem\":{\"@type\":\"ListItem\",\"@id\":\"https:\\\/\\\/newsinfoco.com.br\\\/inicio\\\/category\\\/alagoinhas-e-regiao\\\/#listItem\",\"name\":\"Alagoinhas e Regi\\u00e3o\"}},{\"@type\":\"ListItem\",\"@id\":\"https:\\\/\\\/newsinfoco.com.br\\\/inicio\\\/category\\\/alagoinhas-e-regiao\\\/#listItem\",\"position\":2,\"name\":\"Alagoinhas e Regi\\u00e3o\",\"item\":\"https:\\\/\\\/newsinfoco.com.br\\\/inicio\\\/category\\\/alagoinhas-e-regiao\\\/\",\"nextItem\":{\"@type\":\"ListItem\",\"@id\":\"https:\\\/\\\/newsinfoco.com.br\\\/inicio\\\/campanha-de-vacinacao-antirrabica-em-alagoinhas-segue-ate-30-de-setembro\\\/#listItem\",\"name\":\"Campanha de vacina\\u00e7\\u00e3o antirr\\u00e1bica em Alagoinhas segue at\\u00e9 30 de setembro\"},\"previousItem\":{\"@type\":\"ListItem\",\"@id\":\"https:\\\/\\\/newsinfoco.com.br\\\/inicio#listItem\",\"name\":\"In\\u00edcio\"}},{\"@type\":\"ListItem\",\"@id\":\"https:\\\/\\\/newsinfoco.com.br\\\/inicio\\\/campanha-de-vacinacao-antirrabica-em-alagoinhas-segue-ate-30-de-setembro\\\/#listItem\",\"position\":3,\"name\":\"Campanha de vacina\\u00e7\\u00e3o antirr\\u00e1bica em Alagoinhas segue at\\u00e9 30 de setembro\",\"previousItem\":{\"@type\":\"ListItem\",\"@id\":\"https:\\\/\\\/newsinfoco.com.br\\\/inicio\\\/category\\\/alagoinhas-e-regiao\\\/#listItem\",\"name\":\"Alagoinhas e Regi\\u00e3o\"}}]},{\"@type\":\"Organization\",\"@id\":\"https:\\\/\\\/newsinfoco.com.br\\\/inicio\\\/#organization\",\"name\":\"News In Foco - Editado por Caio Pimenta\",\"description\":\"O principal site de noticias de Alagoinhas e regi\\u00e3o\",\"url\":\"https:\\\/\\\/newsinfoco.com.br\\\/inicio\\\/\"},{\"@type\":\"Person\",\"@id\":\"https:\\\/\\\/newsinfoco.com.br\\\/inicio\\\/author\\\/administrador\\\/#author\",\"url\":\"https:\\\/\\\/newsinfoco.com.br\\\/inicio\\\/author\\\/administrador\\\/\",\"name\":\"administrador\",\"image\":{\"@type\":\"ImageObject\",\"@id\":\"https:\\\/\\\/newsinfoco.com.br\\\/inicio\\\/campanha-de-vacinacao-antirrabica-em-alagoinhas-segue-ate-30-de-setembro\\\/#authorImage\",\"url\":\"https:\\\/\\\/secure.gravatar.com\\\/avatar\\\/c17a617433de8c1dc9584bb79aab7563b46f5bb7e1728c9b17d9cc3ce6a08e49?s=96&d=mm&r=g\",\"width\":96,\"height\":96,\"caption\":\"administrador\"}},{\"@type\":\"WebPage\",\"@id\":\"https:\\\/\\\/newsinfoco.com.br\\\/inicio\\\/campanha-de-vacinacao-antirrabica-em-alagoinhas-segue-ate-30-de-setembro\\\/#webpage\",\"url\":\"https:\\\/\\\/newsinfoco.com.br\\\/inicio\\\/campanha-de-vacinacao-antirrabica-em-alagoinhas-segue-ate-30-de-setembro\\\/\",\"name\":\"Campanha de vacina\\u00e7\\u00e3o antirr\\u00e1bica em Alagoinhas segue at\\u00e9 30 de setembro - News In Foco - Editado por Caio Pimenta\",\"description\":\"Alagoinhas iniciou, nesta segunda-feira, dia 1\\u00ba, a Campanha de Vacina\\u00e7\\u00e3o Antirr\\u00e1bica Animal. A estrat\\u00e9gia acontece at\\u00e9 o dia 30 de setembro, e estar\\u00e1 dispon\\u00edvel na Vigil\\u00e2ncia em Sa\\u00fade e em diversas Unidades de Sa\\u00fade, segundo a programa\\u00e7\\u00e3o da pr\\u00f3pria unidade. A campanha \\u00e9 a principal atividade de preven\\u00e7\\u00e3o contra a raiva, uma doen\\u00e7a infecciosa viral\",\"inLanguage\":\"pt-BR\",\"isPartOf\":{\"@id\":\"https:\\\/\\\/newsinfoco.com.br\\\/inicio\\\/#website\"},\"breadcrumb\":{\"@id\":\"https:\\\/\\\/newsinfoco.com.br\\\/inicio\\\/campanha-de-vacinacao-antirrabica-em-alagoinhas-segue-ate-30-de-setembro\\\/#breadcrumblist\"},\"author\":{\"@id\":\"https:\\\/\\\/newsinfoco.com.br\\\/inicio\\\/author\\\/administrador\\\/#author\"},\"creator\":{\"@id\":\"https:\\\/\\\/newsinfoco.com.br\\\/inicio\\\/author\\\/administrador\\\/#author\"},\"image\":{\"@type\":\"ImageObject\",\"url\":\"https:\\\/\\\/newsinfoco.com.br\\\/inicio\\\/wp-content\\\/uploads\\\/2025\\\/09\\\/5f121d55-817f-42d1-b714-b902672d13e3.jpeg\",\"@id\":\"https:\\\/\\\/newsinfoco.com.br\\\/inicio\\\/campanha-de-vacinacao-antirrabica-em-alagoinhas-segue-ate-30-de-setembro\\\/#mainImage\",\"width\":1600,\"height\":1066},\"primaryImageOfPage\":{\"@id\":\"https:\\\/\\\/newsinfoco.com.br\\\/inicio\\\/campanha-de-vacinacao-antirrabica-em-alagoinhas-segue-ate-30-de-setembro\\\/#mainImage\"},\"datePublished\":\"2025-09-02T13:10:50-03:00\",\"dateModified\":\"2025-09-02T13:10:50-03:00\"},{\"@type\":\"WebSite\",\"@id\":\"https:\\\/\\\/newsinfoco.com.br\\\/inicio\\\/#website\",\"url\":\"https:\\\/\\\/newsinfoco.com.br\\\/inicio\\\/\",\"name\":\"News In Foco - Editado por Caio Pimenta\",\"description\":\"O principal site de noticias de Alagoinhas e regi\\u00e3o\",\"inLanguage\":\"pt-BR\",\"publisher\":{\"@id\":\"https:\\\/\\\/newsinfoco.com.br\\\/inicio\\\/#organization\"}}]}\n\t\t<\/script>\n\t\t<!-- All in One SEO -->\n\n","aioseo_head_json":{"title":"Campanha de vacina\u00e7\u00e3o antirr\u00e1bica em Alagoinhas segue at\u00e9 30 de setembro - News In Foco - Editado por Caio Pimenta","description":"Alagoinhas iniciou, nesta segunda-feira, dia 1\u00ba, a Campanha de Vacina\u00e7\u00e3o Antirr\u00e1bica Animal. A estrat\u00e9gia acontece at\u00e9 o dia 30 de setembro, e estar\u00e1 dispon\u00edvel na Vigil\u00e2ncia em Sa\u00fade e em diversas Unidades de Sa\u00fade, segundo a programa\u00e7\u00e3o da pr\u00f3pria unidade. A campanha \u00e9 a principal atividade de preven\u00e7\u00e3o contra a raiva, uma doen\u00e7a infecciosa viral","canonical_url":"https:\/\/newsinfoco.com.br\/inicio\/campanha-de-vacinacao-antirrabica-em-alagoinhas-segue-ate-30-de-setembro\/","robots":"max-image-preview:large","keywords":"","webmasterTools":{"miscellaneous":""},"schema":{"@context":"https:\/\/schema.org","@graph":[{"@type":"BlogPosting","@id":"https:\/\/newsinfoco.com.br\/inicio\/campanha-de-vacinacao-antirrabica-em-alagoinhas-segue-ate-30-de-setembro\/#blogposting","name":"Campanha de vacina\u00e7\u00e3o antirr\u00e1bica em Alagoinhas segue at\u00e9 30 de setembro - News In Foco - Editado por Caio Pimenta","headline":"Campanha de vacina\u00e7\u00e3o antirr\u00e1bica em Alagoinhas segue at\u00e9 30 de setembro","author":{"@id":"https:\/\/newsinfoco.com.br\/inicio\/author\/administrador\/#author"},"publisher":{"@id":"https:\/\/newsinfoco.com.br\/inicio\/#organization"},"image":{"@type":"ImageObject","url":"https:\/\/newsinfoco.com.br\/inicio\/wp-content\/uploads\/2025\/09\/5f121d55-817f-42d1-b714-b902672d13e3.jpeg","width":1600,"height":1066},"datePublished":"2025-09-02T13:10:50-03:00","dateModified":"2025-09-02T13:10:50-03:00","inLanguage":"pt-BR","mainEntityOfPage":{"@id":"https:\/\/newsinfoco.com.br\/inicio\/campanha-de-vacinacao-antirrabica-em-alagoinhas-segue-ate-30-de-setembro\/#webpage"},"isPartOf":{"@id":"https:\/\/newsinfoco.com.br\/inicio\/campanha-de-vacinacao-antirrabica-em-alagoinhas-segue-ate-30-de-setembro\/#webpage"},"articleSection":"Alagoinhas e Regi\u00e3o, Manchete"},{"@type":"BreadcrumbList","@id":"https:\/\/newsinfoco.com.br\/inicio\/campanha-de-vacinacao-antirrabica-em-alagoinhas-segue-ate-30-de-setembro\/#breadcrumblist","itemListElement":[{"@type":"ListItem","@id":"https:\/\/newsinfoco.com.br\/inicio#listItem","position":1,"name":"In\u00edcio","item":"https:\/\/newsinfoco.com.br\/inicio","nextItem":{"@type":"ListItem","@id":"https:\/\/newsinfoco.com.br\/inicio\/category\/alagoinhas-e-regiao\/#listItem","name":"Alagoinhas e Regi\u00e3o"}},{"@type":"ListItem","@id":"https:\/\/newsinfoco.com.br\/inicio\/category\/alagoinhas-e-regiao\/#listItem","position":2,"name":"Alagoinhas e Regi\u00e3o","item":"https:\/\/newsinfoco.com.br\/inicio\/category\/alagoinhas-e-regiao\/","nextItem":{"@type":"ListItem","@id":"https:\/\/newsinfoco.com.br\/inicio\/campanha-de-vacinacao-antirrabica-em-alagoinhas-segue-ate-30-de-setembro\/#listItem","name":"Campanha de vacina\u00e7\u00e3o antirr\u00e1bica em Alagoinhas segue at\u00e9 30 de setembro"},"previousItem":{"@type":"ListItem","@id":"https:\/\/newsinfoco.com.br\/inicio#listItem","name":"In\u00edcio"}},{"@type":"ListItem","@id":"https:\/\/newsinfoco.com.br\/inicio\/campanha-de-vacinacao-antirrabica-em-alagoinhas-segue-ate-30-de-setembro\/#listItem","position":3,"name":"Campanha de vacina\u00e7\u00e3o antirr\u00e1bica em Alagoinhas segue at\u00e9 30 de setembro","previousItem":{"@type":"ListItem","@id":"https:\/\/newsinfoco.com.br\/inicio\/category\/alagoinhas-e-regiao\/#listItem","name":"Alagoinhas e Regi\u00e3o"}}]},{"@type":"Organization","@id":"https:\/\/newsinfoco.com.br\/inicio\/#organization","name":"News In Foco - Editado por Caio Pimenta","description":"O principal site de noticias de Alagoinhas e regi\u00e3o","url":"https:\/\/newsinfoco.com.br\/inicio\/"},{"@type":"Person","@id":"https:\/\/newsinfoco.com.br\/inicio\/author\/administrador\/#author","url":"https:\/\/newsinfoco.com.br\/inicio\/author\/administrador\/","name":"administrador","image":{"@type":"ImageObject","@id":"https:\/\/newsinfoco.com.br\/inicio\/campanha-de-vacinacao-antirrabica-em-alagoinhas-segue-ate-30-de-setembro\/#authorImage","url":"https:\/\/secure.gravatar.com\/avatar\/c17a617433de8c1dc9584bb79aab7563b46f5bb7e1728c9b17d9cc3ce6a08e49?s=96&d=mm&r=g","width":96,"height":96,"caption":"administrador"}},{"@type":"WebPage","@id":"https:\/\/newsinfoco.com.br\/inicio\/campanha-de-vacinacao-antirrabica-em-alagoinhas-segue-ate-30-de-setembro\/#webpage","url":"https:\/\/newsinfoco.com.br\/inicio\/campanha-de-vacinacao-antirrabica-em-alagoinhas-segue-ate-30-de-setembro\/","name":"Campanha de vacina\u00e7\u00e3o antirr\u00e1bica em Alagoinhas segue at\u00e9 30 de setembro - News In Foco - Editado por Caio Pimenta","description":"Alagoinhas iniciou, nesta segunda-feira, dia 1\u00ba, a Campanha de Vacina\u00e7\u00e3o Antirr\u00e1bica Animal. A estrat\u00e9gia acontece at\u00e9 o dia 30 de setembro, e estar\u00e1 dispon\u00edvel na Vigil\u00e2ncia em Sa\u00fade e em diversas Unidades de Sa\u00fade, segundo a programa\u00e7\u00e3o da pr\u00f3pria unidade. A campanha \u00e9 a principal atividade de preven\u00e7\u00e3o contra a raiva, uma doen\u00e7a infecciosa viral","inLanguage":"pt-BR","isPartOf":{"@id":"https:\/\/newsinfoco.com.br\/inicio\/#website"},"breadcrumb":{"@id":"https:\/\/newsinfoco.com.br\/inicio\/campanha-de-vacinacao-antirrabica-em-alagoinhas-segue-ate-30-de-setembro\/#breadcrumblist"},"author":{"@id":"https:\/\/newsinfoco.com.br\/inicio\/author\/administrador\/#author"},"creator":{"@id":"https:\/\/newsinfoco.com.br\/inicio\/author\/administrador\/#author"},"image":{"@type":"ImageObject","url":"https:\/\/newsinfoco.com.br\/inicio\/wp-content\/uploads\/2025\/09\/5f121d55-817f-42d1-b714-b902672d13e3.jpeg","@id":"https:\/\/newsinfoco.com.br\/inicio\/campanha-de-vacinacao-antirrabica-em-alagoinhas-segue-ate-30-de-setembro\/#mainImage","width":1600,"height":1066},"primaryImageOfPage":{"@id":"https:\/\/newsinfoco.com.br\/inicio\/campanha-de-vacinacao-antirrabica-em-alagoinhas-segue-ate-30-de-setembro\/#mainImage"},"datePublished":"2025-09-02T13:10:50-03:00","dateModified":"2025-09-02T13:10:50-03:00"},{"@type":"WebSite","@id":"https:\/\/newsinfoco.com.br\/inicio\/#website","url":"https:\/\/newsinfoco.com.br\/inicio\/","name":"News In Foco - Editado por Caio Pimenta","description":"O principal site de noticias de Alagoinhas e regi\u00e3o","inLanguage":"pt-BR","publisher":{"@id":"https:\/\/newsinfoco.com.br\/inicio\/#organization"}}]},"og:locale":"pt_BR","og:site_name":"News In Foco - Editado por Caio Pimenta - O principal site de noticias de Alagoinhas e regi\u00e3o","og:type":"article","og:title":"Campanha de vacina\u00e7\u00e3o antirr\u00e1bica em Alagoinhas segue at\u00e9 30 de setembro - News In Foco - Editado por Caio Pimenta","og:description":"Alagoinhas iniciou, nesta segunda-feira, dia 1\u00ba, a Campanha de Vacina\u00e7\u00e3o Antirr\u00e1bica Animal. A estrat\u00e9gia acontece at\u00e9 o dia 30 de setembro, e estar\u00e1 dispon\u00edvel na Vigil\u00e2ncia em Sa\u00fade e em diversas Unidades de Sa\u00fade, segundo a programa\u00e7\u00e3o da pr\u00f3pria unidade. A campanha \u00e9 a principal atividade de preven\u00e7\u00e3o contra a raiva, uma doen\u00e7a infecciosa viral","og:url":"https:\/\/newsinfoco.com.br\/inicio\/campanha-de-vacinacao-antirrabica-em-alagoinhas-segue-ate-30-de-setembro\/","article:published_time":"2025-09-02T16:10:50+00:00","article:modified_time":"2025-09-02T16:10:50+00:00","twitter:card":"summary_large_image","twitter:title":"Campanha de vacina\u00e7\u00e3o antirr\u00e1bica em Alagoinhas segue at\u00e9 30 de setembro - News In Foco - Editado por Caio Pimenta","twitter:description":"Alagoinhas iniciou, nesta segunda-feira, dia 1\u00ba, a Campanha de Vacina\u00e7\u00e3o Antirr\u00e1bica Animal. A estrat\u00e9gia acontece at\u00e9 o dia 30 de setembro, e estar\u00e1 dispon\u00edvel na Vigil\u00e2ncia em Sa\u00fade e em diversas Unidades de Sa\u00fade, segundo a programa\u00e7\u00e3o da pr\u00f3pria unidade. A campanha \u00e9 a principal atividade de preven\u00e7\u00e3o contra a raiva, uma doen\u00e7a infecciosa viral"},"aioseo_meta_data":{"post_id":"44940","title":null,"description":null,"keywords":null,"keyphrases":{"focus":{"keyphrase":"","score":0,"analysis":{"keyphraseInTitle":{"score":0,"maxScore":9,"error":1}}},"additional":[]},"primary_term":null,"canonical_url":null,"og_title":null,"og_description":null,"og_object_type":"default","og_image_type":"default","og_image_url":null,"og_image_width":null,"og_image_height":null,"og_image_custom_url":null,"og_image_custom_fields":null,"og_video":"","og_custom_url":null,"og_article_section":null,"og_article_tags":null,"twitter_use_og":false,"twitter_card":"default","twitter_image_type":"default","twitter_image_url":null,"twitter_image_custom_url":null,"twitter_image_custom_fields":null,"twitter_title":null,"twitter_description":null,"schema":{"blockGraphs":[],"customGraphs":[],"default":{"data":{"Article":[],"Course":[],"Dataset":[],"FAQPage":[],"Movie":[],"Person":[],"Product":[],"ProductReview":[],"Car":[],"Recipe":[],"Service":[],"SoftwareApplication":[],"WebPage":[]},"graphName":"BlogPosting","isEnabled":true},"graphs":[]},"schema_type":"default","schema_type_options":null,"pillar_content":false,"robots_default":true,"robots_noindex":false,"robots_noarchive":false,"robots_nosnippet":false,"robots_nofollow":false,"robots_noimageindex":false,"robots_noodp":false,"robots_notranslate":false,"robots_max_snippet":"-1","robots_max_videopreview":"-1","robots_max_imagepreview":"large","priority":null,"frequency":"default","local_seo":null,"breadcrumb_settings":null,"limit_modified_date":false,"ai":{"faqs":[],"keyPoints":[],"titles":[],"descriptions":[],"socialPosts":{"email":[],"linkedin":[],"twitter":[],"facebook":[],"instagram":[]}},"created":"2025-09-02 16:10:50","updated":"2025-09-02 16:12:02","seo_analyzer_scan_date":null},"aioseo_breadcrumb":"<div class=\"aioseo-breadcrumbs\"><span class=\"aioseo-breadcrumb\">\n\t\t\t<a href=\"https:\/\/newsinfoco.com.br\/inicio\" title=\"In\u00edcio\">In\u00edcio<\/a>\n\t\t<\/span><span class=\"aioseo-breadcrumb-separator\">&raquo;<\/span><span class=\"aioseo-breadcrumb\">\n\t\t\t<a href=\"https:\/\/newsinfoco.com.br\/inicio\/category\/alagoinhas-e-regiao\/\" title=\"Alagoinhas e Regi\u00e3o\">Alagoinhas e Regi\u00e3o<\/a>\n\t\t<\/span><span class=\"aioseo-breadcrumb-separator\">&raquo;<\/span><span class=\"aioseo-breadcrumb\">\n\t\t\tCampanha de vacina\u00e7\u00e3o antirr\u00e1bica em Alagoinhas segue at\u00e9 30 de setembro\n\t\t<\/span><\/div>","aioseo_breadcrumb_json":[{"label":"In\u00edcio","link":"https:\/\/newsinfoco.com.br\/inicio"},{"label":"Alagoinhas e Regi\u00e3o","link":"https:\/\/newsinfoco.com.br\/inicio\/category\/alagoinhas-e-regiao\/"},{"label":"Campanha de vacina\u00e7\u00e3o antirr\u00e1bica em Alagoinhas segue at\u00e9 30 de setembro","link":"https:\/\/newsinfoco.com.br\/inicio\/campanha-de-vacinacao-antirrabica-em-alagoinhas-segue-ate-30-de-setembro\/"}],"_links":{"self":[{"href":"https:\/\/newsinfoco.com.br\/inicio\/wp-json\/wp\/v2\/posts\/44940","targetHints":{"allow":["GET"]}}],"collection":[{"href":"https:\/\/newsinfoco.com.br\/inicio\/wp-json\/wp\/v2\/posts"}],"about":[{"href":"https:\/\/newsinfoco.com.br\/inicio\/wp-json\/wp\/v2\/types\/post"}],"author":[{"embeddable":true,"href":"https:\/\/newsinfoco.com.br\/inicio\/wp-json\/wp\/v2\/users\/1"}],"replies":[{"embeddable":true,"href":"https:\/\/newsinfoco.com.br\/inicio\/wp-json\/wp\/v2\/comments?post=44940"}],"version-history":[{"count":1,"href":"https:\/\/newsinfoco.com.br\/inicio\/wp-json\/wp\/v2\/posts\/44940\/revisions"}],"predecessor-version":[{"id":44944,"href":"https:\/\/newsinfoco.com.br\/inicio\/wp-json\/wp\/v2\/posts\/44940\/revisions\/44944"}],"wp:featuredmedia":[{"embeddable":true,"href":"https:\/\/newsinfoco.com.br\/inicio\/wp-json\/wp\/v2\/media\/44943"}],"wp:attachment":[{"href":"https:\/\/newsinfoco.com.br\/inicio\/wp-json\/wp\/v2\/media?parent=44940"}],"wp:term":[{"taxonomy":"category","embeddable":true,"href":"https:\/\/newsinfoco.com.br\/inicio\/wp-json\/wp\/v2\/categories?post=44940"},{"taxonomy":"post_tag","embeddable":true,"href":"https:\/\/newsinfoco.com.br\/inicio\/wp-json\/wp\/v2\/tags?post=44940"}],"curies":[{"name":"wp","href":"https:\/\/api.w.org\/{rel}","templated":true}]}}